{"id":5596,"date":"2014-02-13T17:14:53","date_gmt":"2014-02-13T20:14:53","guid":{"rendered":"http:\/\/www.isletasnoticias.com.ar\/?p=5596"},"modified":"2014-02-13T17:14:53","modified_gmt":"2014-02-13T20:14:53","slug":"urribarri-le-anuncio-a-los-intendentes-que-se-lanzara-como-precandidato-a-presidente-en-los-proximos-dias","status":"publish","type":"post","link":"https:\/\/informelitoral.com.ar\/urribarri-le-anuncio-a-los-intendentes-que-se-lanzara-como-precandidato-a-presidente-en-los-proximos-dias\/","title":{"rendered":"Urribarri le anunci\u00f3 a los intendentes que se lanzar\u00e1 como precandidato a Presidente en los pr\u00f3ximos d\u00edas"},"content":{"rendered":"<p><strong>El gobernador <em>Sergio Urribarri<\/em> le adelant\u00f3 a los intendentes entrerrianos que se lanzar\u00e1 como precandidato a Presidente en pr\u00f3ximos d\u00edas. La noticia la confirm\u00f3 en su cuenta personal de Facebook la intendente de General Galarza <em>Julia Witman<\/em>.<\/strong><\/p>\n<p><img loading=\"lazy\" decoding=\"async\" class=\" wp-image-5597 alignright\" alt=\"urribarri\" src=\"http:\/\/www.isletasnoticias.com.ar\/%77%70%2d%63%6f%6e%74%65%6e%74\/uploads\/2014\/02\/urribarri-238x300.jpg\" width=\"238\" height=\"300\" srcset=\"https:\/\/informelitoral.com.ar\/%77%70%2d%63%6f%6e%74%65%6e%74\/uploads\/2014\/02\/urribarri-238x300.jpg 238w, https:\/\/informelitoral.com.ar\/%77%70%2d%63%6f%6e%74%65%6e%74\/uploads\/2014\/02\/urribarri.jpg 764w\" sizes=\"auto, (max-width: 238px) 100vw, 238px\" \/><\/p>\n<p>\u201cNuestro gobernador nos anunci\u00f3 formalmente a todos que ser\u00e1 precandidato a presidente de todos los argentinos\u201d, poste\u00f3 anoche a \u00faltima hora la mandataria de General Galarza. M\u00e1s all\u00e1 de los rumores y trascendidos que consignaban esta versi\u00f3n, es la primera confirmaci\u00f3n oficial sobre las aspiraciones de Urribarri. Habr\u00e1 que ver en las pr\u00f3ximas horas si funcionarios de mayor rango ratifican los dichos de Witman o si el post es borrado y desmentido.<\/p>\n<p>\u201cHoy volv\u00ed de Paran\u00e1, tuvimos reuni\u00f3n de intendentes con ministros y el gobernador. Luego de la reuni\u00f3n de trabajo y gestiones, nuestro gobernador nos anunci\u00f3 formalmente a todos que ser\u00e1 precandidato a Presidente de todos los argentinos\u201d, poste\u00f3 cerca de la medianoche la intendenta de General Galarza, seg\u00fan public\u00f3 este jueves el sitio\u00a0<i>Gualeguaych\u00fa a Diario <\/i>y reprodujo<i> An\u00e1lisis.<\/i><\/p>\n<p>Y luego aclar\u00f3: \u201cVa a pelear en una interna siempre por el partido!!! Qu\u00e9 tal????? Vamos PATO que nosotros te apoyamos!!!\u201d.<\/p>\n<p>El escrito fue publicado en la red social Facebook, en la cual, la referente del Frente para la Victoria tiene unos 1.300 amigos. Minutos despu\u00e9s, el post ten\u00eda decenas de \u201cMe gusta\u201d y algunos comentarios.<\/p>\n","protected":false},"excerpt":{"rendered":"<p>El gobernador Sergio Urribarri le adelant&oacute; a los intendentes entrerrianos que se lanzar&aacute; como precandidato a Presidente en pr&oacute;ximos d&iacute;as. La noticia la confirm&oacute; en su cuenta personal de Facebook la intendente de General Galarza Julia Witman. &ldquo;Nuestro gobernador nos anunci&oacute; formalmente a todos que ser&aacute; precandidato a presidente de todos los argentinos&rdquo;, poste&oacute; anoche [&hellip;]<\/p>\n","protected":false},"author":2,"featured_media":0,"comment_status":"open","ping_status":"open","sticky":false,"template":"","format":"standard","meta":{"fifu_image_url":"","fifu_image_alt":"","footnotes":""},"categories":[6,16],"tags":[],"class_list":{"0":"post-5596","1":"post","2":"type-post","3":"status-publish","4":"format-standard","6":"category-entre-rios","7":"category-politi"},"yoast_head":"<title>Urribarri le anunci\u00f3 a los intendentes que se lanzar\u00e1 como precandidato a Presidente en los pr\u00f3ximos d\u00edas - Informe Litoral<\/title>\n<meta name=\"robots\" content=\"index, follow, max-snippet:-1, max-image-preview:large, max-video-preview:-1\" \/>\n<link rel=\"canonical\" href=\"https:\/\/informelitoral.com.ar\/urribarri-le-anuncio-a-los-intendentes-que-se-lanzara-como-precandidato-a-presidente-en-los-proximos-dias\/\" \/>\n<meta property=\"og:locale\" content=\"es_ES\" \/>\n<meta property=\"og:type\" content=\"article\" \/>\n<meta property=\"og:title\" content=\"Urribarri le anunci\u00f3 a los intendentes que se lanzar\u00e1 como precandidato a Presidente en los pr\u00f3ximos d\u00edas - Informe Litoral\" \/>\n<meta property=\"og:description\" content=\"El gobernador Sergio Urribarri le adelant&oacute; a los intendentes entrerrianos que se lanzar&aacute; como precandidato a Presidente en pr&oacute;ximos d&iacute;as. La noticia la confirm&oacute; en su cuenta personal de Facebook la intendente de General Galarza Julia Witman. &ldquo;Nuestro gobernador nos anunci&oacute; formalmente a todos que ser&aacute; precandidato a presidente de todos los argentinos&rdquo;, poste&oacute; anoche [&hellip;]\" \/>\n<meta property=\"og:url\" content=\"https:\/\/informelitoral.com.ar\/urribarri-le-anuncio-a-los-intendentes-que-se-lanzara-como-precandidato-a-presidente-en-los-proximos-dias\/\" \/>\n<meta property=\"og:site_name\" content=\"Informe Litoral\" \/>\n<meta property=\"article:publisher\" content=\"https:\/\/www.facebook.com\/informelitoral\/\" \/>\n<meta property=\"article:published_time\" content=\"2014-02-13T20:14:53+00:00\" \/>\n<meta property=\"og:image\" content=\"https:\/\/informelitoral.com.ar\/%77%70%2d%63%6f%6e%74%65%6e%74\/uploads\/2014\/02\/urribarri.jpg\" \/>\n\t<meta property=\"og:image:width\" content=\"764\" \/>\n\t<meta property=\"og:image:height\" content=\"960\" \/>\n\t<meta property=\"og:image:type\" content=\"image\/jpeg\" \/>\n<meta name=\"author\" content=\"Gonzalo Schmidt\" \/>\n<meta name=\"twitter:card\" content=\"summary_large_image\" \/>\n<meta name=\"twitter:creator\" content=\"@InformeLitoral\" \/>\n<meta name=\"twitter:site\" content=\"@InformeLitoral\" \/>\n<meta name=\"twitter:label1\" content=\"Escrito por\" \/>\n\t<meta name=\"twitter:data1\" content=\"Gonzalo Schmidt\" \/>\n\t<meta name=\"twitter:label2\" content=\"Tiempo de lectura\" \/>\n\t<meta name=\"twitter:data2\" content=\"1 minuto\" \/>\n<script type=\"application\/ld+json\" class=\"yoast-schema-graph\">{\"@context\":\"https:\\\/\\\/schema.org\",\"@graph\":[{\"@type\":\"Article\",\"@id\":\"https:\\\/\\\/informelitoral.com.ar\\\/urribarri-le-anuncio-a-los-intendentes-que-se-lanzara-como-precandidato-a-presidente-en-los-proximos-dias\\\/#article\",\"isPartOf\":{\"@id\":\"https:\\\/\\\/informelitoral.com.ar\\\/urribarri-le-anuncio-a-los-intendentes-que-se-lanzara-como-precandidato-a-presidente-en-los-proximos-dias\\\/\"},\"author\":{\"name\":\"Gonzalo Schmidt\",\"@id\":\"https:\\\/\\\/informelitoral.com.ar\\\/#\\\/schema\\\/person\\\/b9d00407c836482871ef1d57bf8e3180\"},\"headline\":\"Urribarri le anunci\u00f3 a los intendentes que se lanzar\u00e1 como precandidato a Presidente en los pr\u00f3ximos d\u00edas\",\"datePublished\":\"2014-02-13T20:14:53+00:00\",\"mainEntityOfPage\":{\"@id\":\"https:\\\/\\\/informelitoral.com.ar\\\/urribarri-le-anuncio-a-los-intendentes-que-se-lanzara-como-precandidato-a-presidente-en-los-proximos-dias\\\/\"},\"wordCount\":254,\"commentCount\":0,\"publisher\":{\"@id\":\"https:\\\/\\\/informelitoral.com.ar\\\/#organization\"},\"image\":{\"@id\":\"https:\\\/\\\/informelitoral.com.ar\\\/urribarri-le-anuncio-a-los-intendentes-que-se-lanzara-como-precandidato-a-presidente-en-los-proximos-dias\\\/#primaryimage\"},\"thumbnailUrl\":\"http:\\\/\\\/www.isletasnoticias.com.ar\\\/%77%70%2d%63%6f%6e%74%65%6e%74\\\/uploads\\\/2014\\\/02\\\/urribarri-238x300.jpg\",\"articleSection\":[\"Entre R\u00edos\",\"Politica\"],\"inLanguage\":\"es\",\"potentialAction\":[{\"@type\":\"CommentAction\",\"name\":\"Comment\",\"target\":[\"https:\\\/\\\/informelitoral.com.ar\\\/urribarri-le-anuncio-a-los-intendentes-que-se-lanzara-como-precandidato-a-presidente-en-los-proximos-dias\\\/#respond\"]}]},{\"@type\":\"WebPage\",\"@id\":\"https:\\\/\\\/informelitoral.com.ar\\\/urribarri-le-anuncio-a-los-intendentes-que-se-lanzara-como-precandidato-a-presidente-en-los-proximos-dias\\\/\",\"url\":\"https:\\\/\\\/informelitoral.com.ar\\\/urribarri-le-anuncio-a-los-intendentes-que-se-lanzara-como-precandidato-a-presidente-en-los-proximos-dias\\\/\",\"name\":\"Urribarri le anunci\u00f3 a los intendentes que se lanzar\u00e1 como precandidato a Presidente en los pr\u00f3ximos d\u00edas - Informe Litoral\",\"isPartOf\":{\"@id\":\"https:\\\/\\\/informelitoral.com.ar\\\/#website\"},\"primaryImageOfPage\":{\"@id\":\"https:\\\/\\\/informelitoral.com.ar\\\/urribarri-le-anuncio-a-los-intendentes-que-se-lanzara-como-precandidato-a-presidente-en-los-proximos-dias\\\/#primaryimage\"},\"image\":{\"@id\":\"https:\\\/\\\/informelitoral.com.ar\\\/urribarri-le-anuncio-a-los-intendentes-que-se-lanzara-como-precandidato-a-presidente-en-los-proximos-dias\\\/#primaryimage\"},\"thumbnailUrl\":\"http:\\\/\\\/www.isletasnoticias.com.ar\\\/%77%70%2d%63%6f%6e%74%65%6e%74\\\/uploads\\\/2014\\\/02\\\/urribarri-238x300.jpg\",\"datePublished\":\"2014-02-13T20:14:53+00:00\",\"breadcrumb\":{\"@id\":\"https:\\\/\\\/informelitoral.com.ar\\\/urribarri-le-anuncio-a-los-intendentes-que-se-lanzara-como-precandidato-a-presidente-en-los-proximos-dias\\\/#breadcrumb\"},\"inLanguage\":\"es\",\"potentialAction\":[{\"@type\":\"ReadAction\",\"target\":[\"https:\\\/\\\/informelitoral.com.ar\\\/urribarri-le-anuncio-a-los-intendentes-que-se-lanzara-como-precandidato-a-presidente-en-los-proximos-dias\\\/\"]}]},{\"@type\":\"ImageObject\",\"inLanguage\":\"es\",\"@id\":\"https:\\\/\\\/informelitoral.com.ar\\\/urribarri-le-anuncio-a-los-intendentes-que-se-lanzara-como-precandidato-a-presidente-en-los-proximos-dias\\\/#primaryimage\",\"url\":\"http:\\\/\\\/www.isletasnoticias.com.ar\\\/%77%70%2d%63%6f%6e%74%65%6e%74\\\/uploads\\\/2014\\\/02\\\/urribarri-238x300.jpg\",\"contentUrl\":\"http:\\\/\\\/www.isletasnoticias.com.ar\\\/%77%70%2d%63%6f%6e%74%65%6e%74\\\/uploads\\\/2014\\\/02\\\/urribarri-238x300.jpg\"},{\"@type\":\"BreadcrumbList\",\"@id\":\"https:\\\/\\\/informelitoral.com.ar\\\/urribarri-le-anuncio-a-los-intendentes-que-se-lanzara-como-precandidato-a-presidente-en-los-proximos-dias\\\/#breadcrumb\",\"itemListElement\":[{\"@type\":\"ListItem\",\"position\":1,\"name\":\"Portada\",\"item\":\"https:\\\/\\\/informelitoral.com.ar\\\/\"},{\"@type\":\"ListItem\",\"position\":2,\"name\":\"Urribarri le anunci\u00f3 a los intendentes que se lanzar\u00e1 como precandidato a Presidente en los pr\u00f3ximos d\u00edas\"}]},{\"@type\":\"WebSite\",\"@id\":\"https:\\\/\\\/informelitoral.com.ar\\\/#website\",\"url\":\"https:\\\/\\\/informelitoral.com.ar\\\/\",\"name\":\"Informe Litoral\",\"description\":\"&quot;Nos informamos&quot; \",\"publisher\":{\"@id\":\"https:\\\/\\\/informelitoral.com.ar\\\/#organization\"},\"potentialAction\":[{\"@type\":\"SearchAction\",\"target\":{\"@type\":\"EntryPoint\",\"urlTemplate\":\"https:\\\/\\\/informelitoral.com.ar\\\/?s={search_term_string}\"},\"query-input\":{\"@type\":\"PropertyValueSpecification\",\"valueRequired\":true,\"valueName\":\"search_term_string\"}}],\"inLanguage\":\"es\"},{\"@type\":\"Organization\",\"@id\":\"https:\\\/\\\/informelitoral.com.ar\\\/#organization\",\"name\":\"Informe Litoral\",\"url\":\"https:\\\/\\\/informelitoral.com.ar\\\/\",\"logo\":{\"@type\":\"ImageObject\",\"inLanguage\":\"es\",\"@id\":\"https:\\\/\\\/informelitoral.com.ar\\\/#\\\/schema\\\/logo\\\/image\\\/\",\"url\":\"https:\\\/\\\/informelitoral.com.ar\\\/%77%70%2d%63%6f%6e%74%65%6e%74\\\/uploads\\\/2021\\\/01\\\/circulo.png\",\"contentUrl\":\"https:\\\/\\\/informelitoral.com.ar\\\/%77%70%2d%63%6f%6e%74%65%6e%74\\\/uploads\\\/2021\\\/01\\\/circulo.png\",\"width\":723,\"height\":731,\"caption\":\"Informe Litoral\"},\"image\":{\"@id\":\"https:\\\/\\\/informelitoral.com.ar\\\/#\\\/schema\\\/logo\\\/image\\\/\"},\"sameAs\":[\"https:\\\/\\\/www.facebook.com\\\/informelitoral\\\/\",\"https:\\\/\\\/x.com\\\/InformeLitoral\",\"https:\\\/\\\/www.instagram.com\\\/informelitoral\\\/\",\"https:\\\/\\\/www.youtube.com\\\/channel\\\/UCua4Qvz8Icb6MYqhoq9xLXw\"]},{\"@type\":\"Person\",\"@id\":\"https:\\\/\\\/informelitoral.com.ar\\\/#\\\/schema\\\/person\\\/b9d00407c836482871ef1d57bf8e3180\",\"name\":\"Gonzalo Schmidt\",\"image\":{\"@type\":\"ImageObject\",\"inLanguage\":\"es\",\"@id\":\"https:\\\/\\\/secure.gravatar.com\\\/avatar\\\/31a1a7b66ff2de83bd0e9fd79d026630d2d99e55e8bfe501287647b4fd9743de?s=96&d=mm&r=g\",\"url\":\"https:\\\/\\\/secure.gravatar.com\\\/avatar\\\/31a1a7b66ff2de83bd0e9fd79d026630d2d99e55e8bfe501287647b4fd9743de?s=96&d=mm&r=g\",\"contentUrl\":\"https:\\\/\\\/secure.gravatar.com\\\/avatar\\\/31a1a7b66ff2de83bd0e9fd79d026630d2d99e55e8bfe501287647b4fd9743de?s=96&d=mm&r=g\",\"caption\":\"Gonzalo Schmidt\"},\"description\":\"Sitio web de noticias de la provincia de Entre R\u00edos, Argentina. Informaci\u00f3n y entretenimiento. Informe Litoral, nos informamos.\",\"sameAs\":[\"http:\\\/\\\/www.isletasnoticias.com.ar\"],\"url\":\"https:\\\/\\\/informelitoral.com.ar\\\/author\\\/gonzalo\\\/\"}]}<\/script>","yoast_head_json":{"title":"Urribarri le anunci\u00f3 a los intendentes que se lanzar\u00e1 como precandidato a Presidente en los pr\u00f3ximos d\u00edas - Informe Litoral","robots":{"index":"index","follow":"follow","max-snippet":"max-snippet:-1","max-image-preview":"max-image-preview:large","max-video-preview":"max-video-preview:-1"},"canonical":"https:\/\/informelitoral.com.ar\/urribarri-le-anuncio-a-los-intendentes-que-se-lanzara-como-precandidato-a-presidente-en-los-proximos-dias\/","og_locale":"es_ES","og_type":"article","og_title":"Urribarri le anunci\u00f3 a los intendentes que se lanzar\u00e1 como precandidato a Presidente en los pr\u00f3ximos d\u00edas - Informe Litoral","og_description":"El gobernador Sergio Urribarri le adelant&oacute; a los intendentes entrerrianos que se lanzar&aacute; como precandidato a Presidente en pr&oacute;ximos d&iacute;as. La noticia la confirm&oacute; en su cuenta personal de Facebook la intendente de General Galarza Julia Witman. &ldquo;Nuestro gobernador nos anunci&oacute; formalmente a todos que ser&aacute; precandidato a presidente de todos los argentinos&rdquo;, poste&oacute; anoche [&hellip;]","og_url":"https:\/\/informelitoral.com.ar\/urribarri-le-anuncio-a-los-intendentes-que-se-lanzara-como-precandidato-a-presidente-en-los-proximos-dias\/","og_site_name":"Informe Litoral","article_publisher":"https:\/\/www.facebook.com\/informelitoral\/","article_published_time":"2014-02-13T20:14:53+00:00","og_image":[{"width":764,"height":960,"url":"https:\/\/informelitoral.com.ar\/%77%70%2d%63%6f%6e%74%65%6e%74\/uploads\/2014\/02\/urribarri.jpg","type":"image\/jpeg"}],"author":"Gonzalo Schmidt","twitter_card":"summary_large_image","twitter_creator":"@InformeLitoral","twitter_site":"@InformeLitoral","twitter_misc":{"Escrito por":"Gonzalo Schmidt","Tiempo de lectura":"1 minuto"},"schema":{"@context":"https:\/\/schema.org","@graph":[{"@type":"Article","@id":"https:\/\/informelitoral.com.ar\/urribarri-le-anuncio-a-los-intendentes-que-se-lanzara-como-precandidato-a-presidente-en-los-proximos-dias\/#article","isPartOf":{"@id":"https:\/\/informelitoral.com.ar\/urribarri-le-anuncio-a-los-intendentes-que-se-lanzara-como-precandidato-a-presidente-en-los-proximos-dias\/"},"author":{"name":"Gonzalo Schmidt","@id":"https:\/\/informelitoral.com.ar\/#\/schema\/person\/b9d00407c836482871ef1d57bf8e3180"},"headline":"Urribarri le anunci\u00f3 a los intendentes que se lanzar\u00e1 como precandidato a Presidente en los pr\u00f3ximos d\u00edas","datePublished":"2014-02-13T20:14:53+00:00","mainEntityOfPage":{"@id":"https:\/\/informelitoral.com.ar\/urribarri-le-anuncio-a-los-intendentes-que-se-lanzara-como-precandidato-a-presidente-en-los-proximos-dias\/"},"wordCount":254,"commentCount":0,"publisher":{"@id":"https:\/\/informelitoral.com.ar\/#organization"},"image":{"@id":"https:\/\/informelitoral.com.ar\/urribarri-le-anuncio-a-los-intendentes-que-se-lanzara-como-precandidato-a-presidente-en-los-proximos-dias\/#primaryimage"},"thumbnailUrl":"http:\/\/www.isletasnoticias.com.ar\/%77%70%2d%63%6f%6e%74%65%6e%74\/uploads\/2014\/02\/urribarri-238x300.jpg","articleSection":["Entre R\u00edos","Politica"],"inLanguage":"es","potentialAction":[{"@type":"CommentAction","name":"Comment","target":["https:\/\/informelitoral.com.ar\/urribarri-le-anuncio-a-los-intendentes-que-se-lanzara-como-precandidato-a-presidente-en-los-proximos-dias\/#respond"]}]},{"@type":"WebPage","@id":"https:\/\/informelitoral.com.ar\/urribarri-le-anuncio-a-los-intendentes-que-se-lanzara-como-precandidato-a-presidente-en-los-proximos-dias\/","url":"https:\/\/informelitoral.com.ar\/urribarri-le-anuncio-a-los-intendentes-que-se-lanzara-como-precandidato-a-presidente-en-los-proximos-dias\/","name":"Urribarri le anunci\u00f3 a los intendentes que se lanzar\u00e1 como precandidato a Presidente en los pr\u00f3ximos d\u00edas - Informe Litoral","isPartOf":{"@id":"https:\/\/informelitoral.com.ar\/#website"},"primaryImageOfPage":{"@id":"https:\/\/informelitoral.com.ar\/urribarri-le-anuncio-a-los-intendentes-que-se-lanzara-como-precandidato-a-presidente-en-los-proximos-dias\/#primaryimage"},"image":{"@id":"https:\/\/informelitoral.com.ar\/urribarri-le-anuncio-a-los-intendentes-que-se-lanzara-como-precandidato-a-presidente-en-los-proximos-dias\/#primaryimage"},"thumbnailUrl":"http:\/\/www.isletasnoticias.com.ar\/%77%70%2d%63%6f%6e%74%65%6e%74\/uploads\/2014\/02\/urribarri-238x300.jpg","datePublished":"2014-02-13T20:14:53+00:00","breadcrumb":{"@id":"https:\/\/informelitoral.com.ar\/urribarri-le-anuncio-a-los-intendentes-que-se-lanzara-como-precandidato-a-presidente-en-los-proximos-dias\/#breadcrumb"},"inLanguage":"es","potentialAction":[{"@type":"ReadAction","target":["https:\/\/informelitoral.com.ar\/urribarri-le-anuncio-a-los-intendentes-que-se-lanzara-como-precandidato-a-presidente-en-los-proximos-dias\/"]}]},{"@type":"ImageObject","inLanguage":"es","@id":"https:\/\/informelitoral.com.ar\/urribarri-le-anuncio-a-los-intendentes-que-se-lanzara-como-precandidato-a-presidente-en-los-proximos-dias\/#primaryimage","url":"http:\/\/www.isletasnoticias.com.ar\/%77%70%2d%63%6f%6e%74%65%6e%74\/uploads\/2014\/02\/urribarri-238x300.jpg","contentUrl":"http:\/\/www.isletasnoticias.com.ar\/%77%70%2d%63%6f%6e%74%65%6e%74\/uploads\/2014\/02\/urribarri-238x300.jpg"},{"@type":"BreadcrumbList","@id":"https:\/\/informelitoral.com.ar\/urribarri-le-anuncio-a-los-intendentes-que-se-lanzara-como-precandidato-a-presidente-en-los-proximos-dias\/#breadcrumb","itemListElement":[{"@type":"ListItem","position":1,"name":"Portada","item":"https:\/\/informelitoral.com.ar\/"},{"@type":"ListItem","position":2,"name":"Urribarri le anunci\u00f3 a los intendentes que se lanzar\u00e1 como precandidato a Presidente en los pr\u00f3ximos d\u00edas"}]},{"@type":"WebSite","@id":"https:\/\/informelitoral.com.ar\/#website","url":"https:\/\/informelitoral.com.ar\/","name":"Informe Litoral","description":"&quot;Nos informamos&quot; ","publisher":{"@id":"https:\/\/informelitoral.com.ar\/#organization"},"potentialAction":[{"@type":"SearchAction","target":{"@type":"EntryPoint","urlTemplate":"https:\/\/informelitoral.com.ar\/?s={search_term_string}"},"query-input":{"@type":"PropertyValueSpecification","valueRequired":true,"valueName":"search_term_string"}}],"inLanguage":"es"},{"@type":"Organization","@id":"https:\/\/informelitoral.com.ar\/#organization","name":"Informe Litoral","url":"https:\/\/informelitoral.com.ar\/","logo":{"@type":"ImageObject","inLanguage":"es","@id":"https:\/\/informelitoral.com.ar\/#\/schema\/logo\/image\/","url":"https:\/\/informelitoral.com.ar\/%77%70%2d%63%6f%6e%74%65%6e%74\/uploads\/2021\/01\/circulo.png","contentUrl":"https:\/\/informelitoral.com.ar\/%77%70%2d%63%6f%6e%74%65%6e%74\/uploads\/2021\/01\/circulo.png","width":723,"height":731,"caption":"Informe Litoral"},"image":{"@id":"https:\/\/informelitoral.com.ar\/#\/schema\/logo\/image\/"},"sameAs":["https:\/\/www.facebook.com\/informelitoral\/","https:\/\/x.com\/InformeLitoral","https:\/\/www.instagram.com\/informelitoral\/","https:\/\/www.youtube.com\/channel\/UCua4Qvz8Icb6MYqhoq9xLXw"]},{"@type":"Person","@id":"https:\/\/informelitoral.com.ar\/#\/schema\/person\/b9d00407c836482871ef1d57bf8e3180","name":"Gonzalo Schmidt","image":{"@type":"ImageObject","inLanguage":"es","@id":"https:\/\/secure.gravatar.com\/avatar\/31a1a7b66ff2de83bd0e9fd79d026630d2d99e55e8bfe501287647b4fd9743de?s=96&d=mm&r=g","url":"https:\/\/secure.gravatar.com\/avatar\/31a1a7b66ff2de83bd0e9fd79d026630d2d99e55e8bfe501287647b4fd9743de?s=96&d=mm&r=g","contentUrl":"https:\/\/secure.gravatar.com\/avatar\/31a1a7b66ff2de83bd0e9fd79d026630d2d99e55e8bfe501287647b4fd9743de?s=96&d=mm&r=g","caption":"Gonzalo Schmidt"},"description":"Sitio web de noticias de la provincia de Entre R\u00edos, Argentina. Informaci\u00f3n y entretenimiento. Informe Litoral, nos informamos.","sameAs":["http:\/\/www.isletasnoticias.com.ar"],"url":"https:\/\/informelitoral.com.ar\/author\/gonzalo\/"}]}},"_links":{"self":[{"href":"https:\/\/informelitoral.com.ar\/%77%70%2d%6a%73%6f%6e\/wp\/v2\/posts\/5596","targetHints":{"allow":["GET"]}}],"collection":[{"href":"https:\/\/informelitoral.com.ar\/%77%70%2d%6a%73%6f%6e\/wp\/v2\/posts"}],"about":[{"href":"https:\/\/informelitoral.com.ar\/%77%70%2d%6a%73%6f%6e\/wp\/v2\/types\/post"}],"author":[{"embeddable":true,"href":"https:\/\/informelitoral.com.ar\/%77%70%2d%6a%73%6f%6e\/wp\/v2\/users\/2"}],"replies":[{"embeddable":true,"href":"https:\/\/informelitoral.com.ar\/%77%70%2d%6a%73%6f%6e\/wp\/v2\/comments?post=5596"}],"version-history":[{"count":0,"href":"https:\/\/informelitoral.com.ar\/%77%70%2d%6a%73%6f%6e\/wp\/v2\/posts\/5596\/revisions"}],"wp:attachment":[{"href":"https:\/\/informelitoral.com.ar\/%77%70%2d%6a%73%6f%6e\/wp\/v2\/media?parent=5596"}],"wp:term":[{"taxonomy":"category","embeddable":true,"href":"https:\/\/informelitoral.com.ar\/%77%70%2d%6a%73%6f%6e\/wp\/v2\/categories?post=5596"},{"taxonomy":"post_tag","embeddable":true,"href":"https:\/\/informelitoral.com.ar\/%77%70%2d%6a%73%6f%6e\/wp\/v2\/tags?post=5596"}],"curies":[{"name":"wp","href":"https:\/\/api.w.org\/{rel}","templated":true}]}}