{"id":55934,"date":"2021-01-21T19:20:18","date_gmt":"2021-01-21T22:20:18","guid":{"rendered":"https:\/\/www.isletasnoticias.com.ar\/?p=55934"},"modified":"2021-01-21T19:20:18","modified_gmt":"2021-01-21T22:20:18","slug":"alberto-fernandez-recibio-la-primera-dosis-de-la-vacuna-sputnik-v","status":"publish","type":"post","link":"https:\/\/informelitoral.com.ar\/alberto-fernandez-recibio-la-primera-dosis-de-la-vacuna-sputnik-v\/","title":{"rendered":"Alberto Fern\u00e1ndez recibi\u00f3 la primera dosis de la vacuna Sputnik V"},"content":{"rendered":"<div class=\"detail-body\">\n<article id=\"note-body\" class=\"note-body first\" data-twitter-link=\"https:\/\/twitter.com\/intent\/tweet?url=https:\/\/www.minutouno.com\/c5164320&amp;v\u00eda=minutounocom&amp;related=MinutoUno&amp;text=\">\n<div class=\"row\">\n<div class=\"inside-note col-xs-12\">\n<p>El presidente\u00a0<strong>Alberto Fern\u00e1ndez<\/strong>\u00a0recibi\u00f3 este jueves por la ma\u00f1ana en el Hospital Posadas la primera dosis de la\u00a0<strong>vacuna contra el coronavirus Covid-19<\/strong>\u00a0Sputnik V, elaborada por el laboratorio ruso Gamaleya. La vacuna fue aplicada en su brazo izquierdo por\u00a0<strong>Marcela Yanni<\/strong>, licenciada en enfermer\u00eda.<\/p>\n<p>El mandatario nacional reafirm\u00f3 as\u00ed la seguridad y eficacia de la vacuna y reiter\u00f3 que su prioridad es que llegue a la mayor\u00eda de los argentinos en el menor tiempo posible.<\/p>\n<blockquote class=\"twitter-tweet\" data-width=\"550\" data-dnt=\"true\">\n<p lang=\"es\" dir=\"ltr\">Hoy recib\u00ed la vacuna Sputnik V. Agradezco al instituto Gamaleya por su labor cient\u00edfica, a quienes trabajaron para que llegue a nosotros y a todo el personal de salud de nuestro pa\u00eds por su enorme compromiso.<\/p>\n<p>Vacunarse sirve para ser inmunes frente al coronavirus. H\u00e1gamoslo. <a href=\"https:\/\/t.co\/Eb21kQy25A\">pic.twitter.com\/Eb21kQy25A<\/a><\/p>\n<p>&mdash; Alberto Fern\u00e1ndez (@alferdez) <a href=\"https:\/\/twitter.com\/alferdez\/status\/1352299049920172032?ref_src=twsrc%5Etfw\">January 21, 2021<\/a><\/p><\/blockquote>\n<p><script async src=\"https:\/\/platform.twitter.com\/widgets.js\" charset=\"utf-8\"><\/script><\/p>\n<\/div>\n<\/div>\n<\/article>\n<\/div>\n<div class=\"detail-body \">\n<article id=\"note-body\" class=\"note-body\" data-twitter-link=\"https:\/\/twitter.com\/intent\/tweet?url=https:\/\/www.minutouno.com\/c5164320&amp;v\u00eda=minutounocom&amp;related=MinutoUno&amp;text=\">\n<div class=\"row\">\n<div class=\"inside-note col-xs-12\">\n<div id=\"embed52_wrap\" class=\"embed_cont type_freetext no-epigrafe no-copyright\" contenteditable=\"false\">\n<div id=\"embed52_content\" class=\"embed_content\">\n<div id=\"embed52_embed\">\n<div class=\"twitter-tweet twitter-tweet-rendered\"><\/div>\n<\/div>\n<\/div>\n<\/div>\n<p>En ese marco, el Jefe de Estado indic\u00f3 que\u00a0<span id=\"saysCMSEmphasisqbm5jcavzxb\" class=\"saysCMSEmphasis\">quiere contar con todas las vacunas que est\u00e9n a disposici\u00f3n\u00a0<\/span>y destac\u00f3 el trabajo realizado para lograr la aprobaci\u00f3n que finalmente ANMAT dio ayer a la vacuna Sputnik V para los mayores de 60 a\u00f1os.<\/p>\n<p>Fern\u00e1ndez tambi\u00e9n agradeci\u00f3 al personal de salud por su lucha contra la pandemia y a quienes est\u00e1n involucrados en el desarrollo y distribuci\u00f3n de la vacuna.<\/p>\n<p>El 29 de diciembre pasado, Argentina dio inicio a una masiva campa\u00f1a de vacunaci\u00f3n en todo el pa\u00eds con la Sputnik V.<\/p>\n<p><span id=\"saysCMSEmphasiswsbqdlp5dp\" class=\"saysCMSEmphasis\">Seg\u00fan Anmat, la vacuna \u00abreport\u00f3 un rango de eficacia del 91,8% de la vacuna para mayores de 60 a\u00f1os\u00bb.<\/span><\/p>\n<p>El ministro de Salud de la provincia de Buenos Aires,\u00a0<strong>Daniel Gollan<\/strong>, de 65 a\u00f1os, se convirti\u00f3 ayer en el primer mayor de 60 a\u00f1os en recibirla en Argentina.<\/p>\n<p>Otros funcionarios menores de 60 a\u00f1os se vacunaron contra el coronavirus en distintos momentos.<\/p>\n<p>El gobernador bonaerense,\u00a0<strong>Axel Kicillof<\/strong>, recibi\u00f3 ayer en Hospital San Juan de Dios de La Plata la segunda dosis de la vacuna rusa, que hab\u00eda llegado al pa\u00eds el s\u00e1bado pasado, tras 21 d\u00edas desde la primera aplicaci\u00f3n, el 29 de diciembre, y complet\u00f3 su inmunizaci\u00f3n frente al coronavirus.<\/p>\n<p>Tambi\u00e9n lo hicieron el 29 del mes pasado, con la primera dosis, los gobernadores de Corrientes,\u00a0<strong>Gustavo Vald\u00e9s<\/strong>; de La Pampa,\u00a0<strong>Sergio Ziliotto<\/strong>; y de Neuqu\u00e9n,\u00a0<strong>Omar Guti\u00e9rrez.<\/strong><\/p>\n<p>Vald\u00e9s se hab\u00eda vacunado en el Hospital de Campa\u00f1a de Corrientes capital y dijo que lo hab\u00eda hecho para d<span id=\"saysCMSEmphasisww9akd4b06\" class=\"saysCMSEmphasis\">ar \u00abuna muestra de que la gente tiene que confiar en la vacuna\u00bb, para agregar: \u00abEl \u00fanico camino que tenemos para salir adelante es la vacunaci\u00f3n\u00bb.<\/span><\/p>\n<p>Ziliotto se hab\u00eda convertido en el primer pampeano en recibirla, en el centro vacunatario de Santa Rosa, y hab\u00eda remarcado en aquel momento: \u00ab<span id=\"saysCMSEmphasis9wud8hh8ceh\" class=\"saysCMSEmphasis\">Todas las vacunas tienen alta eficacia; no miramos la procedencia sino lo que sufre el pueblo<\/span>\u00ab, para destacar la necesidad de \u00abdar se\u00f1ales permanentemente\u00bb.<\/p>\n<p>Guti\u00e9rrez se la aplic\u00f3 en el estadio Ruca Che, en la capital neuquina, y lo hab\u00eda calificado como \u00abun momento de esperanza, de luz, de confianza\u00bb.<\/p>\n<p>El intendente de La Matanza,\u00a0<strong>Fernando Espinoza,\u00a0<\/strong>se aplic\u00f3 la primera dosis el domingo pasado en el Hospital \u00abDoctora Teresa Luisa Germani\u00bb de Gregorio de Laferrere y consider\u00f3 \u00abun orgullo\u00bb que un establecimiento p\u00fablico cumpla esta tarea que \u00abpermite salvar muchas vidas\u00bb. <em>(Fuente: Minutouno)<\/em><\/p>\n<\/div>\n<\/div>\n<\/article>\n<\/div>\n","protected":false},"excerpt":{"rendered":"<p>La vacuna fue aplicada en su brazo izquierdo un d\u00eda despu\u00e9s de que la ANMAT aprobara su uso para los mayores de 60 a\u00f1os.<\/p>\n","protected":false},"author":2,"featured_media":55935,"comment_status":"open","ping_status":"open","sticky":false,"template":"","format":"standard","meta":{"fifu_image_url":"","fifu_image_alt":"","footnotes":""},"categories":[16],"tags":[1311,2174,2009,214],"class_list":{"0":"post-55934","1":"post","2":"type-post","3":"status-publish","4":"format-standard","5":"has-post-thumbnail","7":"category-politi","8":"tag-alberto-fernandez","9":"tag-sputnik-v","10":"tag-vacuna-rusa","11":"tag-vacunacion"},"yoast_head":"<title>Alberto Fern\u00e1ndez recibi\u00f3 la primera dosis de la vacuna Sputnik V - Informe Litoral<\/title>\n<meta name=\"robots\" content=\"index, follow, max-snippet:-1, max-image-preview:large, max-video-preview:-1\" \/>\n<link rel=\"canonical\" href=\"https:\/\/informelitoral.com.ar\/alberto-fernandez-recibio-la-primera-dosis-de-la-vacuna-sputnik-v\/\" \/>\n<meta property=\"og:locale\" content=\"es_ES\" \/>\n<meta property=\"og:type\" content=\"article\" \/>\n<meta property=\"og:title\" content=\"Alberto Fern\u00e1ndez recibi\u00f3 la primera dosis de la vacuna Sputnik V - Informe Litoral\" \/>\n<meta property=\"og:description\" content=\"La vacuna fue aplicada en su brazo izquierdo un d\u00eda despu\u00e9s de que la ANMAT aprobara su uso para los mayores de 60 a\u00f1os.\" \/>\n<meta property=\"og:url\" content=\"https:\/\/informelitoral.com.ar\/alberto-fernandez-recibio-la-primera-dosis-de-la-vacuna-sputnik-v\/\" \/>\n<meta property=\"og:site_name\" content=\"Informe Litoral\" \/>\n<meta property=\"article:publisher\" content=\"https:\/\/www.facebook.com\/informelitoral\/\" \/>\n<meta property=\"article:published_time\" content=\"2021-01-21T22:20:18+00:00\" \/>\n<meta property=\"og:image\" content=\"https:\/\/informelitoral.com.ar\/%77%70%2d%63%6f%6e%74%65%6e%74\/uploads\/2021\/01\/whatsapp-image-2021-01-21-at-133005jpeg.jpeg\" \/>\n\t<meta property=\"og:image:width\" content=\"1140\" \/>\n\t<meta property=\"og:image:height\" content=\"640\" \/>\n\t<meta property=\"og:image:type\" content=\"image\/jpeg\" \/>\n<meta name=\"author\" content=\"Gonzalo Schmidt\" \/>\n<meta name=\"twitter:card\" content=\"summary_large_image\" \/>\n<meta name=\"twitter:creator\" content=\"@InformeLitoral\" \/>\n<meta name=\"twitter:site\" content=\"@InformeLitoral\" \/>\n<meta name=\"twitter:label1\" content=\"Escrito por\" \/>\n\t<meta name=\"twitter:data1\" content=\"Gonzalo Schmidt\" \/>\n\t<meta name=\"twitter:label2\" content=\"Tiempo de lectura\" \/>\n\t<meta name=\"twitter:data2\" content=\"3 minutos\" \/>\n<script type=\"application\/ld+json\" class=\"yoast-schema-graph\">{\"@context\":\"https:\\\/\\\/schema.org\",\"@graph\":[{\"@type\":\"Article\",\"@id\":\"https:\\\/\\\/informelitoral.com.ar\\\/alberto-fernandez-recibio-la-primera-dosis-de-la-vacuna-sputnik-v\\\/#article\",\"isPartOf\":{\"@id\":\"https:\\\/\\\/informelitoral.com.ar\\\/alberto-fernandez-recibio-la-primera-dosis-de-la-vacuna-sputnik-v\\\/\"},\"author\":{\"name\":\"Gonzalo Schmidt\",\"@id\":\"https:\\\/\\\/informelitoral.com.ar\\\/#\\\/schema\\\/person\\\/b9d00407c836482871ef1d57bf8e3180\"},\"headline\":\"Alberto Fern\u00e1ndez recibi\u00f3 la primera dosis de la vacuna Sputnik V\",\"datePublished\":\"2021-01-21T22:20:18+00:00\",\"mainEntityOfPage\":{\"@id\":\"https:\\\/\\\/informelitoral.com.ar\\\/alberto-fernandez-recibio-la-primera-dosis-de-la-vacuna-sputnik-v\\\/\"},\"wordCount\":542,\"commentCount\":0,\"publisher\":{\"@id\":\"https:\\\/\\\/informelitoral.com.ar\\\/#organization\"},\"image\":{\"@id\":\"https:\\\/\\\/informelitoral.com.ar\\\/alberto-fernandez-recibio-la-primera-dosis-de-la-vacuna-sputnik-v\\\/#primaryimage\"},\"thumbnailUrl\":\"https:\\\/\\\/informelitoral.com.ar\\\/%77%70%2d%63%6f%6e%74%65%6e%74\\\/uploads\\\/2021\\\/01\\\/whatsapp-image-2021-01-21-at-133005jpeg.jpeg\",\"keywords\":[\"Alberto Fern\u00e1ndez\",\"Sputnik V\",\"Vacuna rusa\",\"Vacunaci\u00f3n\"],\"articleSection\":[\"Politica\"],\"inLanguage\":\"es\",\"potentialAction\":[{\"@type\":\"CommentAction\",\"name\":\"Comment\",\"target\":[\"https:\\\/\\\/informelitoral.com.ar\\\/alberto-fernandez-recibio-la-primera-dosis-de-la-vacuna-sputnik-v\\\/#respond\"]}]},{\"@type\":\"WebPage\",\"@id\":\"https:\\\/\\\/informelitoral.com.ar\\\/alberto-fernandez-recibio-la-primera-dosis-de-la-vacuna-sputnik-v\\\/\",\"url\":\"https:\\\/\\\/informelitoral.com.ar\\\/alberto-fernandez-recibio-la-primera-dosis-de-la-vacuna-sputnik-v\\\/\",\"name\":\"Alberto Fern\u00e1ndez recibi\u00f3 la primera dosis de la vacuna Sputnik V - Informe Litoral\",\"isPartOf\":{\"@id\":\"https:\\\/\\\/informelitoral.com.ar\\\/#website\"},\"primaryImageOfPage\":{\"@id\":\"https:\\\/\\\/informelitoral.com.ar\\\/alberto-fernandez-recibio-la-primera-dosis-de-la-vacuna-sputnik-v\\\/#primaryimage\"},\"image\":{\"@id\":\"https:\\\/\\\/informelitoral.com.ar\\\/alberto-fernandez-recibio-la-primera-dosis-de-la-vacuna-sputnik-v\\\/#primaryimage\"},\"thumbnailUrl\":\"https:\\\/\\\/informelitoral.com.ar\\\/%77%70%2d%63%6f%6e%74%65%6e%74\\\/uploads\\\/2021\\\/01\\\/whatsapp-image-2021-01-21-at-133005jpeg.jpeg\",\"datePublished\":\"2021-01-21T22:20:18+00:00\",\"breadcrumb\":{\"@id\":\"https:\\\/\\\/informelitoral.com.ar\\\/alberto-fernandez-recibio-la-primera-dosis-de-la-vacuna-sputnik-v\\\/#breadcrumb\"},\"inLanguage\":\"es\",\"potentialAction\":[{\"@type\":\"ReadAction\",\"target\":[\"https:\\\/\\\/informelitoral.com.ar\\\/alberto-fernandez-recibio-la-primera-dosis-de-la-vacuna-sputnik-v\\\/\"]}]},{\"@type\":\"ImageObject\",\"inLanguage\":\"es\",\"@id\":\"https:\\\/\\\/informelitoral.com.ar\\\/alberto-fernandez-recibio-la-primera-dosis-de-la-vacuna-sputnik-v\\\/#primaryimage\",\"url\":\"https:\\\/\\\/informelitoral.com.ar\\\/%77%70%2d%63%6f%6e%74%65%6e%74\\\/uploads\\\/2021\\\/01\\\/whatsapp-image-2021-01-21-at-133005jpeg.jpeg\",\"contentUrl\":\"https:\\\/\\\/informelitoral.com.ar\\\/%77%70%2d%63%6f%6e%74%65%6e%74\\\/uploads\\\/2021\\\/01\\\/whatsapp-image-2021-01-21-at-133005jpeg.jpeg\",\"width\":1140,\"height\":640},{\"@type\":\"BreadcrumbList\",\"@id\":\"https:\\\/\\\/informelitoral.com.ar\\\/alberto-fernandez-recibio-la-primera-dosis-de-la-vacuna-sputnik-v\\\/#breadcrumb\",\"itemListElement\":[{\"@type\":\"ListItem\",\"position\":1,\"name\":\"Portada\",\"item\":\"https:\\\/\\\/informelitoral.com.ar\\\/\"},{\"@type\":\"ListItem\",\"position\":2,\"name\":\"Alberto Fern\u00e1ndez recibi\u00f3 la primera dosis de la vacuna Sputnik V\"}]},{\"@type\":\"WebSite\",\"@id\":\"https:\\\/\\\/informelitoral.com.ar\\\/#website\",\"url\":\"https:\\\/\\\/informelitoral.com.ar\\\/\",\"name\":\"Informe Litoral\",\"description\":\"&quot;Nos informamos&quot; \",\"publisher\":{\"@id\":\"https:\\\/\\\/informelitoral.com.ar\\\/#organization\"},\"potentialAction\":[{\"@type\":\"SearchAction\",\"target\":{\"@type\":\"EntryPoint\",\"urlTemplate\":\"https:\\\/\\\/informelitoral.com.ar\\\/?s={search_term_string}\"},\"query-input\":{\"@type\":\"PropertyValueSpecification\",\"valueRequired\":true,\"valueName\":\"search_term_string\"}}],\"inLanguage\":\"es\"},{\"@type\":\"Organization\",\"@id\":\"https:\\\/\\\/informelitoral.com.ar\\\/#organization\",\"name\":\"Informe Litoral\",\"url\":\"https:\\\/\\\/informelitoral.com.ar\\\/\",\"logo\":{\"@type\":\"ImageObject\",\"inLanguage\":\"es\",\"@id\":\"https:\\\/\\\/informelitoral.com.ar\\\/#\\\/schema\\\/logo\\\/image\\\/\",\"url\":\"https:\\\/\\\/informelitoral.com.ar\\\/%77%70%2d%63%6f%6e%74%65%6e%74\\\/uploads\\\/2021\\\/01\\\/circulo.png\",\"contentUrl\":\"https:\\\/\\\/informelitoral.com.ar\\\/%77%70%2d%63%6f%6e%74%65%6e%74\\\/uploads\\\/2021\\\/01\\\/circulo.png\",\"width\":723,\"height\":731,\"caption\":\"Informe Litoral\"},\"image\":{\"@id\":\"https:\\\/\\\/informelitoral.com.ar\\\/#\\\/schema\\\/logo\\\/image\\\/\"},\"sameAs\":[\"https:\\\/\\\/www.facebook.com\\\/informelitoral\\\/\",\"https:\\\/\\\/x.com\\\/InformeLitoral\",\"https:\\\/\\\/www.instagram.com\\\/informelitoral\\\/\",\"https:\\\/\\\/www.youtube.com\\\/channel\\\/UCua4Qvz8Icb6MYqhoq9xLXw\"]},{\"@type\":\"Person\",\"@id\":\"https:\\\/\\\/informelitoral.com.ar\\\/#\\\/schema\\\/person\\\/b9d00407c836482871ef1d57bf8e3180\",\"name\":\"Gonzalo Schmidt\",\"image\":{\"@type\":\"ImageObject\",\"inLanguage\":\"es\",\"@id\":\"https:\\\/\\\/secure.gravatar.com\\\/avatar\\\/31a1a7b66ff2de83bd0e9fd79d026630d2d99e55e8bfe501287647b4fd9743de?s=96&d=mm&r=g\",\"url\":\"https:\\\/\\\/secure.gravatar.com\\\/avatar\\\/31a1a7b66ff2de83bd0e9fd79d026630d2d99e55e8bfe501287647b4fd9743de?s=96&d=mm&r=g\",\"contentUrl\":\"https:\\\/\\\/secure.gravatar.com\\\/avatar\\\/31a1a7b66ff2de83bd0e9fd79d026630d2d99e55e8bfe501287647b4fd9743de?s=96&d=mm&r=g\",\"caption\":\"Gonzalo Schmidt\"},\"description\":\"Sitio web de noticias de la provincia de Entre R\u00edos, Argentina. Informaci\u00f3n y entretenimiento. Informe Litoral, nos informamos.\",\"sameAs\":[\"http:\\\/\\\/www.isletasnoticias.com.ar\"],\"url\":\"https:\\\/\\\/informelitoral.com.ar\\\/author\\\/gonzalo\\\/\"}]}<\/script>","yoast_head_json":{"title":"Alberto Fern\u00e1ndez recibi\u00f3 la primera dosis de la vacuna Sputnik V - Informe Litoral","robots":{"index":"index","follow":"follow","max-snippet":"max-snippet:-1","max-image-preview":"max-image-preview:large","max-video-preview":"max-video-preview:-1"},"canonical":"https:\/\/informelitoral.com.ar\/alberto-fernandez-recibio-la-primera-dosis-de-la-vacuna-sputnik-v\/","og_locale":"es_ES","og_type":"article","og_title":"Alberto Fern\u00e1ndez recibi\u00f3 la primera dosis de la vacuna Sputnik V - Informe Litoral","og_description":"La vacuna fue aplicada en su brazo izquierdo un d\u00eda despu\u00e9s de que la ANMAT aprobara su uso para los mayores de 60 a\u00f1os.","og_url":"https:\/\/informelitoral.com.ar\/alberto-fernandez-recibio-la-primera-dosis-de-la-vacuna-sputnik-v\/","og_site_name":"Informe Litoral","article_publisher":"https:\/\/www.facebook.com\/informelitoral\/","article_published_time":"2021-01-21T22:20:18+00:00","og_image":[{"width":1140,"height":640,"url":"https:\/\/informelitoral.com.ar\/%77%70%2d%63%6f%6e%74%65%6e%74\/uploads\/2021\/01\/whatsapp-image-2021-01-21-at-133005jpeg.jpeg","type":"image\/jpeg"}],"author":"Gonzalo Schmidt","twitter_card":"summary_large_image","twitter_creator":"@InformeLitoral","twitter_site":"@InformeLitoral","twitter_misc":{"Escrito por":"Gonzalo Schmidt","Tiempo de lectura":"3 minutos"},"schema":{"@context":"https:\/\/schema.org","@graph":[{"@type":"Article","@id":"https:\/\/informelitoral.com.ar\/alberto-fernandez-recibio-la-primera-dosis-de-la-vacuna-sputnik-v\/#article","isPartOf":{"@id":"https:\/\/informelitoral.com.ar\/alberto-fernandez-recibio-la-primera-dosis-de-la-vacuna-sputnik-v\/"},"author":{"name":"Gonzalo Schmidt","@id":"https:\/\/informelitoral.com.ar\/#\/schema\/person\/b9d00407c836482871ef1d57bf8e3180"},"headline":"Alberto Fern\u00e1ndez recibi\u00f3 la primera dosis de la vacuna Sputnik V","datePublished":"2021-01-21T22:20:18+00:00","mainEntityOfPage":{"@id":"https:\/\/informelitoral.com.ar\/alberto-fernandez-recibio-la-primera-dosis-de-la-vacuna-sputnik-v\/"},"wordCount":542,"commentCount":0,"publisher":{"@id":"https:\/\/informelitoral.com.ar\/#organization"},"image":{"@id":"https:\/\/informelitoral.com.ar\/alberto-fernandez-recibio-la-primera-dosis-de-la-vacuna-sputnik-v\/#primaryimage"},"thumbnailUrl":"https:\/\/informelitoral.com.ar\/%77%70%2d%63%6f%6e%74%65%6e%74\/uploads\/2021\/01\/whatsapp-image-2021-01-21-at-133005jpeg.jpeg","keywords":["Alberto Fern\u00e1ndez","Sputnik V","Vacuna rusa","Vacunaci\u00f3n"],"articleSection":["Politica"],"inLanguage":"es","potentialAction":[{"@type":"CommentAction","name":"Comment","target":["https:\/\/informelitoral.com.ar\/alberto-fernandez-recibio-la-primera-dosis-de-la-vacuna-sputnik-v\/#respond"]}]},{"@type":"WebPage","@id":"https:\/\/informelitoral.com.ar\/alberto-fernandez-recibio-la-primera-dosis-de-la-vacuna-sputnik-v\/","url":"https:\/\/informelitoral.com.ar\/alberto-fernandez-recibio-la-primera-dosis-de-la-vacuna-sputnik-v\/","name":"Alberto Fern\u00e1ndez recibi\u00f3 la primera dosis de la vacuna Sputnik V - Informe Litoral","isPartOf":{"@id":"https:\/\/informelitoral.com.ar\/#website"},"primaryImageOfPage":{"@id":"https:\/\/informelitoral.com.ar\/alberto-fernandez-recibio-la-primera-dosis-de-la-vacuna-sputnik-v\/#primaryimage"},"image":{"@id":"https:\/\/informelitoral.com.ar\/alberto-fernandez-recibio-la-primera-dosis-de-la-vacuna-sputnik-v\/#primaryimage"},"thumbnailUrl":"https:\/\/informelitoral.com.ar\/%77%70%2d%63%6f%6e%74%65%6e%74\/uploads\/2021\/01\/whatsapp-image-2021-01-21-at-133005jpeg.jpeg","datePublished":"2021-01-21T22:20:18+00:00","breadcrumb":{"@id":"https:\/\/informelitoral.com.ar\/alberto-fernandez-recibio-la-primera-dosis-de-la-vacuna-sputnik-v\/#breadcrumb"},"inLanguage":"es","potentialAction":[{"@type":"ReadAction","target":["https:\/\/informelitoral.com.ar\/alberto-fernandez-recibio-la-primera-dosis-de-la-vacuna-sputnik-v\/"]}]},{"@type":"ImageObject","inLanguage":"es","@id":"https:\/\/informelitoral.com.ar\/alberto-fernandez-recibio-la-primera-dosis-de-la-vacuna-sputnik-v\/#primaryimage","url":"https:\/\/informelitoral.com.ar\/%77%70%2d%63%6f%6e%74%65%6e%74\/uploads\/2021\/01\/whatsapp-image-2021-01-21-at-133005jpeg.jpeg","contentUrl":"https:\/\/informelitoral.com.ar\/%77%70%2d%63%6f%6e%74%65%6e%74\/uploads\/2021\/01\/whatsapp-image-2021-01-21-at-133005jpeg.jpeg","width":1140,"height":640},{"@type":"BreadcrumbList","@id":"https:\/\/informelitoral.com.ar\/alberto-fernandez-recibio-la-primera-dosis-de-la-vacuna-sputnik-v\/#breadcrumb","itemListElement":[{"@type":"ListItem","position":1,"name":"Portada","item":"https:\/\/informelitoral.com.ar\/"},{"@type":"ListItem","position":2,"name":"Alberto Fern\u00e1ndez recibi\u00f3 la primera dosis de la vacuna Sputnik V"}]},{"@type":"WebSite","@id":"https:\/\/informelitoral.com.ar\/#website","url":"https:\/\/informelitoral.com.ar\/","name":"Informe Litoral","description":"&quot;Nos informamos&quot; ","publisher":{"@id":"https:\/\/informelitoral.com.ar\/#organization"},"potentialAction":[{"@type":"SearchAction","target":{"@type":"EntryPoint","urlTemplate":"https:\/\/informelitoral.com.ar\/?s={search_term_string}"},"query-input":{"@type":"PropertyValueSpecification","valueRequired":true,"valueName":"search_term_string"}}],"inLanguage":"es"},{"@type":"Organization","@id":"https:\/\/informelitoral.com.ar\/#organization","name":"Informe Litoral","url":"https:\/\/informelitoral.com.ar\/","logo":{"@type":"ImageObject","inLanguage":"es","@id":"https:\/\/informelitoral.com.ar\/#\/schema\/logo\/image\/","url":"https:\/\/informelitoral.com.ar\/%77%70%2d%63%6f%6e%74%65%6e%74\/uploads\/2021\/01\/circulo.png","contentUrl":"https:\/\/informelitoral.com.ar\/%77%70%2d%63%6f%6e%74%65%6e%74\/uploads\/2021\/01\/circulo.png","width":723,"height":731,"caption":"Informe Litoral"},"image":{"@id":"https:\/\/informelitoral.com.ar\/#\/schema\/logo\/image\/"},"sameAs":["https:\/\/www.facebook.com\/informelitoral\/","https:\/\/x.com\/InformeLitoral","https:\/\/www.instagram.com\/informelitoral\/","https:\/\/www.youtube.com\/channel\/UCua4Qvz8Icb6MYqhoq9xLXw"]},{"@type":"Person","@id":"https:\/\/informelitoral.com.ar\/#\/schema\/person\/b9d00407c836482871ef1d57bf8e3180","name":"Gonzalo Schmidt","image":{"@type":"ImageObject","inLanguage":"es","@id":"https:\/\/secure.gravatar.com\/avatar\/31a1a7b66ff2de83bd0e9fd79d026630d2d99e55e8bfe501287647b4fd9743de?s=96&d=mm&r=g","url":"https:\/\/secure.gravatar.com\/avatar\/31a1a7b66ff2de83bd0e9fd79d026630d2d99e55e8bfe501287647b4fd9743de?s=96&d=mm&r=g","contentUrl":"https:\/\/secure.gravatar.com\/avatar\/31a1a7b66ff2de83bd0e9fd79d026630d2d99e55e8bfe501287647b4fd9743de?s=96&d=mm&r=g","caption":"Gonzalo Schmidt"},"description":"Sitio web de noticias de la provincia de Entre R\u00edos, Argentina. Informaci\u00f3n y entretenimiento. Informe Litoral, nos informamos.","sameAs":["http:\/\/www.isletasnoticias.com.ar"],"url":"https:\/\/informelitoral.com.ar\/author\/gonzalo\/"}]}},"_links":{"self":[{"href":"https:\/\/informelitoral.com.ar\/%77%70%2d%6a%73%6f%6e\/wp\/v2\/posts\/55934","targetHints":{"allow":["GET"]}}],"collection":[{"href":"https:\/\/informelitoral.com.ar\/%77%70%2d%6a%73%6f%6e\/wp\/v2\/posts"}],"about":[{"href":"https:\/\/informelitoral.com.ar\/%77%70%2d%6a%73%6f%6e\/wp\/v2\/types\/post"}],"author":[{"embeddable":true,"href":"https:\/\/informelitoral.com.ar\/%77%70%2d%6a%73%6f%6e\/wp\/v2\/users\/2"}],"replies":[{"embeddable":true,"href":"https:\/\/informelitoral.com.ar\/%77%70%2d%6a%73%6f%6e\/wp\/v2\/comments?post=55934"}],"version-history":[{"count":0,"href":"https:\/\/informelitoral.com.ar\/%77%70%2d%6a%73%6f%6e\/wp\/v2\/posts\/55934\/revisions"}],"wp:featuredmedia":[{"embeddable":true,"href":"https:\/\/informelitoral.com.ar\/%77%70%2d%6a%73%6f%6e\/wp\/v2\/media\/55935"}],"wp:attachment":[{"href":"https:\/\/informelitoral.com.ar\/%77%70%2d%6a%73%6f%6e\/wp\/v2\/media?parent=55934"}],"wp:term":[{"taxonomy":"category","embeddable":true,"href":"https:\/\/informelitoral.com.ar\/%77%70%2d%6a%73%6f%6e\/wp\/v2\/categories?post=55934"},{"taxonomy":"post_tag","embeddable":true,"href":"https:\/\/informelitoral.com.ar\/%77%70%2d%6a%73%6f%6e\/wp\/v2\/tags?post=55934"}],"curies":[{"name":"wp","href":"https:\/\/api.w.org\/{rel}","templated":true}]}}