{"id":55871,"date":"2021-01-20T21:00:40","date_gmt":"2021-01-21T00:00:40","guid":{"rendered":"https:\/\/www.isletasnoticias.com.ar\/?p=55871"},"modified":"2021-01-20T21:00:40","modified_gmt":"2021-01-21T00:00:40","slug":"inscriben-para-el-registro-unico-de-transportistas-escolares-rurales-del-becario","status":"publish","type":"post","link":"https:\/\/informelitoral.com.ar\/inscriben-para-el-registro-unico-de-transportistas-escolares-rurales-del-becario\/","title":{"rendered":"Inscriben para el registro \u00fanico de transportistas escolares rurales del Becario"},"content":{"rendered":"<p>El Instituto Becario cre\u00f3 el registro de prestadores para el traslado de alumnos en zonas rurales, el que estar\u00e1 habilitado desde este mi\u00e9rcoles 20 de enero, \u00fanicamente a trav\u00e9s de la web del organismo.<\/p>\n<p>La decisi\u00f3n del Becario de crear el Registro \u00danico de Prestadores de Servicio de Transporte Escolar Rural se inscribe en el proceso de \u00abmejora continua\u00bb que lleva adelante la direcci\u00f3n ejecutiva del organismo provincial a cargo de Sebasti\u00e1n B\u00e9rtoli.<\/p>\n<p>En este marco el titular del Becario, este martes y en v\u00edsperas a la apertura del registro, en su oficina en la Casa de Gobierno recibi\u00f3 al secretario de Transporte, N\u00e9stor Landra. Durante el encuentro se comprometieron a seguir trabajando en conjunto en pos de intercambiar informaci\u00f3n para continuar acompa\u00f1ando a m\u00e1s estudiantes entrerrianos.<\/p>\n<p>Constituir el registro surgi\u00f3 tras una evaluaci\u00f3n consensuada y a partir de la necesidad de contar con un procedimiento que otorgue seguridad jur\u00eddica, certeza y mayor transparencia a todas las partes involucradas, al mismo tiempo que se adapte a las particularidades del servicio. La inscripci\u00f3n se realiza exclusivamente a trav\u00e9s de la p\u00e1gina web del Becario y estar\u00e1 disponible desde este mi\u00e9rcoles.<\/p>\n<p>B\u00e9rtoli hizo referencia a la nueva modalidad del servicio para los alumnos que brinda el organismo provincial, y asegur\u00f3 que \u201ces fundamental para los estudiantes entrerrianos contar con el transporte escolar rural\u201d, al tiempo que asegur\u00f3 que \u201cel Estado entrerriano que encabeza Gustavo Bordet sigue invirtiendo para generar una mejor educaci\u00f3n y arraigo en todos los puntos de la provincia, d\u00e1ndole continuidad y mejorando el servicio de transporte\u201d.<\/p>\n<p><strong style=\"text-align: center;\">Inscripci\u00f3n al registro \u00fanico<\/strong><\/p>\n<p>Los transportistas que deseen prestar el servicio de traslado de estudiantes hacia las escuelas en las zonas rurales deber\u00e1n inscribirse en el registro \u00fanico y partir de all\u00ed quedar\u00e1n habilitados para las respectivas adjudicaciones.<\/p>\n<p><strong>La registraci\u00f3n se realizar\u00e1 \u00fanica y exclusivamente online en la web del Instituto Becario (www.institutobecario.gov.ar), haciendo click en la ventana Transporte rural que aparece en la parte superior de la p\u00e1gina.<\/strong><\/p>\n<p><strong>All\u00ed deber\u00e1n crear un usuario con su correspondiente contrase\u00f1a para luego completar cada uno de los campos en los que se solicitar\u00e1 informaci\u00f3n sencilla para poder ser parte del registro. Posteriormente deber\u00e1n adjuntar la documentaci\u00f3n respaldatoria solicitada por el Becario.<\/strong><\/p>\n<p>En forma paralela el Becario habilita un correo electr\u00f3nico para recibir consultas e inquietudes y responder a las mismas. Las consultas reciben desde este mi\u00e9rcoles a la casilla:\u00a0<a href=\"mailto:transporte@institutobecario.gov.ar\">transporte@institutobecario.gov.ar<\/a><\/p>\n<p><strong>Reuniones previas<\/strong><\/p>\n<p>Para la determinaci\u00f3n de este nuevo registro, B\u00e9rtoli recibi\u00f3 en distintas oportunidades en su despacho de la Casa de Gobierno a representantes de los transportistas escolares rurales, con quienes intercambi\u00f3 inquietudes y consensuar las medidas que propenden a mejorar el servicio.<\/p>\n<p>En tal caso, Marcelo Zorzi, transportista rural de Concordia; Juan Carlos Kappes, transportista de la ciudad de Paran\u00e1; y Jorge Luman, transportista de la ciudad de Cerrito, estuvieron en el Becario oportunamente y aportaron sus experiencias y realidades las que fueron tenidas en cuenta para definir acciones.<\/p>\n<p>Durante los encuentros se estableci\u00f3, en primer t\u00e9rmino, dar continuidad al canal de di\u00e1logo y propiciar as\u00ed el trabajo conjunto con el fin de eficientizar el transporte. De igual modo se trataron cuestiones referidas al servicio y se avanz\u00f3 sobre algunas mejoras que ya se hab\u00edan delineado.<\/p>\n","protected":false},"excerpt":{"rendered":"<p>Es desde este mi\u00e9rcoles 20 de enero a trav\u00e9s del sitio web del organismo. El objetivo es \u00abeficientizar el servicio\u00bb, indicaron.<\/p>\n","protected":false},"author":2,"featured_media":47908,"comment_status":"open","ping_status":"open","sticky":false,"template":"","format":"standard","meta":{"fifu_image_url":"","fifu_image_alt":"","footnotes":""},"categories":[6],"tags":[836,418,2051],"class_list":{"0":"post-55871","1":"post","2":"type-post","3":"status-publish","4":"format-standard","5":"has-post-thumbnail","7":"category-entre-rios","8":"tag-escuelas-rurales","9":"tag-instituto-becario","10":"tag-transporte-escolar"},"yoast_head":"<title>Inscriben para el registro \u00fanico de transportistas escolares rurales del Becario - Informe Litoral<\/title>\n<meta name=\"robots\" content=\"index, follow, max-snippet:-1, max-image-preview:large, max-video-preview:-1\" \/>\n<link rel=\"canonical\" href=\"https:\/\/informelitoral.com.ar\/inscriben-para-el-registro-unico-de-transportistas-escolares-rurales-del-becario\/\" \/>\n<meta property=\"og:locale\" content=\"es_ES\" \/>\n<meta property=\"og:type\" content=\"article\" \/>\n<meta property=\"og:title\" content=\"Inscriben para el registro \u00fanico de transportistas escolares rurales del Becario - Informe Litoral\" \/>\n<meta property=\"og:description\" content=\"Es desde este mi\u00e9rcoles 20 de enero a trav\u00e9s del sitio web del organismo. El objetivo es &quot;eficientizar el servicio&quot;, indicaron.\" \/>\n<meta property=\"og:url\" content=\"https:\/\/informelitoral.com.ar\/inscriben-para-el-registro-unico-de-transportistas-escolares-rurales-del-becario\/\" \/>\n<meta property=\"og:site_name\" content=\"Informe Litoral\" \/>\n<meta property=\"article:publisher\" content=\"https:\/\/www.facebook.com\/informelitoral\/\" \/>\n<meta property=\"article:published_time\" content=\"2021-01-21T00:00:40+00:00\" \/>\n<meta property=\"og:image\" content=\"https:\/\/informelitoral.com.ar\/%77%70%2d%63%6f%6e%74%65%6e%74\/uploads\/2020\/08\/transportistas-escuelas-rurales.jpg\" \/>\n\t<meta property=\"og:image:width\" content=\"600\" \/>\n\t<meta property=\"og:image:height\" content=\"403\" \/>\n\t<meta property=\"og:image:type\" content=\"image\/jpeg\" \/>\n<meta name=\"author\" content=\"Gonzalo Schmidt\" \/>\n<meta name=\"twitter:card\" content=\"summary_large_image\" \/>\n<meta name=\"twitter:creator\" content=\"@InformeLitoral\" \/>\n<meta name=\"twitter:site\" content=\"@InformeLitoral\" \/>\n<meta name=\"twitter:label1\" content=\"Escrito por\" \/>\n\t<meta name=\"twitter:data1\" content=\"Gonzalo Schmidt\" \/>\n\t<meta name=\"twitter:label2\" content=\"Tiempo de lectura\" \/>\n\t<meta name=\"twitter:data2\" content=\"3 minutos\" \/>\n<script type=\"application\/ld+json\" class=\"yoast-schema-graph\">{\"@context\":\"https:\\\/\\\/schema.org\",\"@graph\":[{\"@type\":\"Article\",\"@id\":\"https:\\\/\\\/informelitoral.com.ar\\\/inscriben-para-el-registro-unico-de-transportistas-escolares-rurales-del-becario\\\/#article\",\"isPartOf\":{\"@id\":\"https:\\\/\\\/informelitoral.com.ar\\\/inscriben-para-el-registro-unico-de-transportistas-escolares-rurales-del-becario\\\/\"},\"author\":{\"name\":\"Gonzalo Schmidt\",\"@id\":\"https:\\\/\\\/informelitoral.com.ar\\\/#\\\/schema\\\/person\\\/b9d00407c836482871ef1d57bf8e3180\"},\"headline\":\"Inscriben para el registro \u00fanico de transportistas escolares rurales del Becario\",\"datePublished\":\"2021-01-21T00:00:40+00:00\",\"mainEntityOfPage\":{\"@id\":\"https:\\\/\\\/informelitoral.com.ar\\\/inscriben-para-el-registro-unico-de-transportistas-escolares-rurales-del-becario\\\/\"},\"wordCount\":585,\"commentCount\":0,\"publisher\":{\"@id\":\"https:\\\/\\\/informelitoral.com.ar\\\/#organization\"},\"image\":{\"@id\":\"https:\\\/\\\/informelitoral.com.ar\\\/inscriben-para-el-registro-unico-de-transportistas-escolares-rurales-del-becario\\\/#primaryimage\"},\"thumbnailUrl\":\"https:\\\/\\\/informelitoral.com.ar\\\/%77%70%2d%63%6f%6e%74%65%6e%74\\\/uploads\\\/2020\\\/08\\\/transportistas-escuelas-rurales.jpg\",\"keywords\":[\"Escuelas Rurales\",\"Instituto Becario\",\"Transporte Escolar\"],\"articleSection\":[\"Entre R\u00edos\"],\"inLanguage\":\"es\",\"potentialAction\":[{\"@type\":\"CommentAction\",\"name\":\"Comment\",\"target\":[\"https:\\\/\\\/informelitoral.com.ar\\\/inscriben-para-el-registro-unico-de-transportistas-escolares-rurales-del-becario\\\/#respond\"]}]},{\"@type\":\"WebPage\",\"@id\":\"https:\\\/\\\/informelitoral.com.ar\\\/inscriben-para-el-registro-unico-de-transportistas-escolares-rurales-del-becario\\\/\",\"url\":\"https:\\\/\\\/informelitoral.com.ar\\\/inscriben-para-el-registro-unico-de-transportistas-escolares-rurales-del-becario\\\/\",\"name\":\"Inscriben para el registro \u00fanico de transportistas escolares rurales del Becario - Informe Litoral\",\"isPartOf\":{\"@id\":\"https:\\\/\\\/informelitoral.com.ar\\\/#website\"},\"primaryImageOfPage\":{\"@id\":\"https:\\\/\\\/informelitoral.com.ar\\\/inscriben-para-el-registro-unico-de-transportistas-escolares-rurales-del-becario\\\/#primaryimage\"},\"image\":{\"@id\":\"https:\\\/\\\/informelitoral.com.ar\\\/inscriben-para-el-registro-unico-de-transportistas-escolares-rurales-del-becario\\\/#primaryimage\"},\"thumbnailUrl\":\"https:\\\/\\\/informelitoral.com.ar\\\/%77%70%2d%63%6f%6e%74%65%6e%74\\\/uploads\\\/2020\\\/08\\\/transportistas-escuelas-rurales.jpg\",\"datePublished\":\"2021-01-21T00:00:40+00:00\",\"breadcrumb\":{\"@id\":\"https:\\\/\\\/informelitoral.com.ar\\\/inscriben-para-el-registro-unico-de-transportistas-escolares-rurales-del-becario\\\/#breadcrumb\"},\"inLanguage\":\"es\",\"potentialAction\":[{\"@type\":\"ReadAction\",\"target\":[\"https:\\\/\\\/informelitoral.com.ar\\\/inscriben-para-el-registro-unico-de-transportistas-escolares-rurales-del-becario\\\/\"]}]},{\"@type\":\"ImageObject\",\"inLanguage\":\"es\",\"@id\":\"https:\\\/\\\/informelitoral.com.ar\\\/inscriben-para-el-registro-unico-de-transportistas-escolares-rurales-del-becario\\\/#primaryimage\",\"url\":\"https:\\\/\\\/informelitoral.com.ar\\\/%77%70%2d%63%6f%6e%74%65%6e%74\\\/uploads\\\/2020\\\/08\\\/transportistas-escuelas-rurales.jpg\",\"contentUrl\":\"https:\\\/\\\/informelitoral.com.ar\\\/%77%70%2d%63%6f%6e%74%65%6e%74\\\/uploads\\\/2020\\\/08\\\/transportistas-escuelas-rurales.jpg\",\"width\":600,\"height\":403},{\"@type\":\"BreadcrumbList\",\"@id\":\"https:\\\/\\\/informelitoral.com.ar\\\/inscriben-para-el-registro-unico-de-transportistas-escolares-rurales-del-becario\\\/#breadcrumb\",\"itemListElement\":[{\"@type\":\"ListItem\",\"position\":1,\"name\":\"Portada\",\"item\":\"https:\\\/\\\/informelitoral.com.ar\\\/\"},{\"@type\":\"ListItem\",\"position\":2,\"name\":\"Inscriben para el registro \u00fanico de transportistas escolares rurales del Becario\"}]},{\"@type\":\"WebSite\",\"@id\":\"https:\\\/\\\/informelitoral.com.ar\\\/#website\",\"url\":\"https:\\\/\\\/informelitoral.com.ar\\\/\",\"name\":\"Informe Litoral\",\"description\":\"&quot;Nos informamos&quot; \",\"publisher\":{\"@id\":\"https:\\\/\\\/informelitoral.com.ar\\\/#organization\"},\"potentialAction\":[{\"@type\":\"SearchAction\",\"target\":{\"@type\":\"EntryPoint\",\"urlTemplate\":\"https:\\\/\\\/informelitoral.com.ar\\\/?s={search_term_string}\"},\"query-input\":{\"@type\":\"PropertyValueSpecification\",\"valueRequired\":true,\"valueName\":\"search_term_string\"}}],\"inLanguage\":\"es\"},{\"@type\":\"Organization\",\"@id\":\"https:\\\/\\\/informelitoral.com.ar\\\/#organization\",\"name\":\"Informe Litoral\",\"url\":\"https:\\\/\\\/informelitoral.com.ar\\\/\",\"logo\":{\"@type\":\"ImageObject\",\"inLanguage\":\"es\",\"@id\":\"https:\\\/\\\/informelitoral.com.ar\\\/#\\\/schema\\\/logo\\\/image\\\/\",\"url\":\"https:\\\/\\\/informelitoral.com.ar\\\/%77%70%2d%63%6f%6e%74%65%6e%74\\\/uploads\\\/2021\\\/01\\\/circulo.png\",\"contentUrl\":\"https:\\\/\\\/informelitoral.com.ar\\\/%77%70%2d%63%6f%6e%74%65%6e%74\\\/uploads\\\/2021\\\/01\\\/circulo.png\",\"width\":723,\"height\":731,\"caption\":\"Informe Litoral\"},\"image\":{\"@id\":\"https:\\\/\\\/informelitoral.com.ar\\\/#\\\/schema\\\/logo\\\/image\\\/\"},\"sameAs\":[\"https:\\\/\\\/www.facebook.com\\\/informelitoral\\\/\",\"https:\\\/\\\/x.com\\\/InformeLitoral\",\"https:\\\/\\\/www.instagram.com\\\/informelitoral\\\/\",\"https:\\\/\\\/www.youtube.com\\\/channel\\\/UCua4Qvz8Icb6MYqhoq9xLXw\"]},{\"@type\":\"Person\",\"@id\":\"https:\\\/\\\/informelitoral.com.ar\\\/#\\\/schema\\\/person\\\/b9d00407c836482871ef1d57bf8e3180\",\"name\":\"Gonzalo Schmidt\",\"image\":{\"@type\":\"ImageObject\",\"inLanguage\":\"es\",\"@id\":\"https:\\\/\\\/secure.gravatar.com\\\/avatar\\\/31a1a7b66ff2de83bd0e9fd79d026630d2d99e55e8bfe501287647b4fd9743de?s=96&d=mm&r=g\",\"url\":\"https:\\\/\\\/secure.gravatar.com\\\/avatar\\\/31a1a7b66ff2de83bd0e9fd79d026630d2d99e55e8bfe501287647b4fd9743de?s=96&d=mm&r=g\",\"contentUrl\":\"https:\\\/\\\/secure.gravatar.com\\\/avatar\\\/31a1a7b66ff2de83bd0e9fd79d026630d2d99e55e8bfe501287647b4fd9743de?s=96&d=mm&r=g\",\"caption\":\"Gonzalo Schmidt\"},\"description\":\"Sitio web de noticias de la provincia de Entre R\u00edos, Argentina. Informaci\u00f3n y entretenimiento. Informe Litoral, nos informamos.\",\"sameAs\":[\"http:\\\/\\\/www.isletasnoticias.com.ar\"],\"url\":\"https:\\\/\\\/informelitoral.com.ar\\\/author\\\/gonzalo\\\/\"}]}<\/script>","yoast_head_json":{"title":"Inscriben para el registro \u00fanico de transportistas escolares rurales del Becario - Informe Litoral","robots":{"index":"index","follow":"follow","max-snippet":"max-snippet:-1","max-image-preview":"max-image-preview:large","max-video-preview":"max-video-preview:-1"},"canonical":"https:\/\/informelitoral.com.ar\/inscriben-para-el-registro-unico-de-transportistas-escolares-rurales-del-becario\/","og_locale":"es_ES","og_type":"article","og_title":"Inscriben para el registro \u00fanico de transportistas escolares rurales del Becario - Informe Litoral","og_description":"Es desde este mi\u00e9rcoles 20 de enero a trav\u00e9s del sitio web del organismo. El objetivo es \"eficientizar el servicio\", indicaron.","og_url":"https:\/\/informelitoral.com.ar\/inscriben-para-el-registro-unico-de-transportistas-escolares-rurales-del-becario\/","og_site_name":"Informe Litoral","article_publisher":"https:\/\/www.facebook.com\/informelitoral\/","article_published_time":"2021-01-21T00:00:40+00:00","og_image":[{"width":600,"height":403,"url":"https:\/\/informelitoral.com.ar\/%77%70%2d%63%6f%6e%74%65%6e%74\/uploads\/2020\/08\/transportistas-escuelas-rurales.jpg","type":"image\/jpeg"}],"author":"Gonzalo Schmidt","twitter_card":"summary_large_image","twitter_creator":"@InformeLitoral","twitter_site":"@InformeLitoral","twitter_misc":{"Escrito por":"Gonzalo Schmidt","Tiempo de lectura":"3 minutos"},"schema":{"@context":"https:\/\/schema.org","@graph":[{"@type":"Article","@id":"https:\/\/informelitoral.com.ar\/inscriben-para-el-registro-unico-de-transportistas-escolares-rurales-del-becario\/#article","isPartOf":{"@id":"https:\/\/informelitoral.com.ar\/inscriben-para-el-registro-unico-de-transportistas-escolares-rurales-del-becario\/"},"author":{"name":"Gonzalo Schmidt","@id":"https:\/\/informelitoral.com.ar\/#\/schema\/person\/b9d00407c836482871ef1d57bf8e3180"},"headline":"Inscriben para el registro \u00fanico de transportistas escolares rurales del Becario","datePublished":"2021-01-21T00:00:40+00:00","mainEntityOfPage":{"@id":"https:\/\/informelitoral.com.ar\/inscriben-para-el-registro-unico-de-transportistas-escolares-rurales-del-becario\/"},"wordCount":585,"commentCount":0,"publisher":{"@id":"https:\/\/informelitoral.com.ar\/#organization"},"image":{"@id":"https:\/\/informelitoral.com.ar\/inscriben-para-el-registro-unico-de-transportistas-escolares-rurales-del-becario\/#primaryimage"},"thumbnailUrl":"https:\/\/informelitoral.com.ar\/%77%70%2d%63%6f%6e%74%65%6e%74\/uploads\/2020\/08\/transportistas-escuelas-rurales.jpg","keywords":["Escuelas Rurales","Instituto Becario","Transporte Escolar"],"articleSection":["Entre R\u00edos"],"inLanguage":"es","potentialAction":[{"@type":"CommentAction","name":"Comment","target":["https:\/\/informelitoral.com.ar\/inscriben-para-el-registro-unico-de-transportistas-escolares-rurales-del-becario\/#respond"]}]},{"@type":"WebPage","@id":"https:\/\/informelitoral.com.ar\/inscriben-para-el-registro-unico-de-transportistas-escolares-rurales-del-becario\/","url":"https:\/\/informelitoral.com.ar\/inscriben-para-el-registro-unico-de-transportistas-escolares-rurales-del-becario\/","name":"Inscriben para el registro \u00fanico de transportistas escolares rurales del Becario - Informe Litoral","isPartOf":{"@id":"https:\/\/informelitoral.com.ar\/#website"},"primaryImageOfPage":{"@id":"https:\/\/informelitoral.com.ar\/inscriben-para-el-registro-unico-de-transportistas-escolares-rurales-del-becario\/#primaryimage"},"image":{"@id":"https:\/\/informelitoral.com.ar\/inscriben-para-el-registro-unico-de-transportistas-escolares-rurales-del-becario\/#primaryimage"},"thumbnailUrl":"https:\/\/informelitoral.com.ar\/%77%70%2d%63%6f%6e%74%65%6e%74\/uploads\/2020\/08\/transportistas-escuelas-rurales.jpg","datePublished":"2021-01-21T00:00:40+00:00","breadcrumb":{"@id":"https:\/\/informelitoral.com.ar\/inscriben-para-el-registro-unico-de-transportistas-escolares-rurales-del-becario\/#breadcrumb"},"inLanguage":"es","potentialAction":[{"@type":"ReadAction","target":["https:\/\/informelitoral.com.ar\/inscriben-para-el-registro-unico-de-transportistas-escolares-rurales-del-becario\/"]}]},{"@type":"ImageObject","inLanguage":"es","@id":"https:\/\/informelitoral.com.ar\/inscriben-para-el-registro-unico-de-transportistas-escolares-rurales-del-becario\/#primaryimage","url":"https:\/\/informelitoral.com.ar\/%77%70%2d%63%6f%6e%74%65%6e%74\/uploads\/2020\/08\/transportistas-escuelas-rurales.jpg","contentUrl":"https:\/\/informelitoral.com.ar\/%77%70%2d%63%6f%6e%74%65%6e%74\/uploads\/2020\/08\/transportistas-escuelas-rurales.jpg","width":600,"height":403},{"@type":"BreadcrumbList","@id":"https:\/\/informelitoral.com.ar\/inscriben-para-el-registro-unico-de-transportistas-escolares-rurales-del-becario\/#breadcrumb","itemListElement":[{"@type":"ListItem","position":1,"name":"Portada","item":"https:\/\/informelitoral.com.ar\/"},{"@type":"ListItem","position":2,"name":"Inscriben para el registro \u00fanico de transportistas escolares rurales del Becario"}]},{"@type":"WebSite","@id":"https:\/\/informelitoral.com.ar\/#website","url":"https:\/\/informelitoral.com.ar\/","name":"Informe Litoral","description":"&quot;Nos informamos&quot; ","publisher":{"@id":"https:\/\/informelitoral.com.ar\/#organization"},"potentialAction":[{"@type":"SearchAction","target":{"@type":"EntryPoint","urlTemplate":"https:\/\/informelitoral.com.ar\/?s={search_term_string}"},"query-input":{"@type":"PropertyValueSpecification","valueRequired":true,"valueName":"search_term_string"}}],"inLanguage":"es"},{"@type":"Organization","@id":"https:\/\/informelitoral.com.ar\/#organization","name":"Informe Litoral","url":"https:\/\/informelitoral.com.ar\/","logo":{"@type":"ImageObject","inLanguage":"es","@id":"https:\/\/informelitoral.com.ar\/#\/schema\/logo\/image\/","url":"https:\/\/informelitoral.com.ar\/%77%70%2d%63%6f%6e%74%65%6e%74\/uploads\/2021\/01\/circulo.png","contentUrl":"https:\/\/informelitoral.com.ar\/%77%70%2d%63%6f%6e%74%65%6e%74\/uploads\/2021\/01\/circulo.png","width":723,"height":731,"caption":"Informe Litoral"},"image":{"@id":"https:\/\/informelitoral.com.ar\/#\/schema\/logo\/image\/"},"sameAs":["https:\/\/www.facebook.com\/informelitoral\/","https:\/\/x.com\/InformeLitoral","https:\/\/www.instagram.com\/informelitoral\/","https:\/\/www.youtube.com\/channel\/UCua4Qvz8Icb6MYqhoq9xLXw"]},{"@type":"Person","@id":"https:\/\/informelitoral.com.ar\/#\/schema\/person\/b9d00407c836482871ef1d57bf8e3180","name":"Gonzalo Schmidt","image":{"@type":"ImageObject","inLanguage":"es","@id":"https:\/\/secure.gravatar.com\/avatar\/31a1a7b66ff2de83bd0e9fd79d026630d2d99e55e8bfe501287647b4fd9743de?s=96&d=mm&r=g","url":"https:\/\/secure.gravatar.com\/avatar\/31a1a7b66ff2de83bd0e9fd79d026630d2d99e55e8bfe501287647b4fd9743de?s=96&d=mm&r=g","contentUrl":"https:\/\/secure.gravatar.com\/avatar\/31a1a7b66ff2de83bd0e9fd79d026630d2d99e55e8bfe501287647b4fd9743de?s=96&d=mm&r=g","caption":"Gonzalo Schmidt"},"description":"Sitio web de noticias de la provincia de Entre R\u00edos, Argentina. Informaci\u00f3n y entretenimiento. Informe Litoral, nos informamos.","sameAs":["http:\/\/www.isletasnoticias.com.ar"],"url":"https:\/\/informelitoral.com.ar\/author\/gonzalo\/"}]}},"_links":{"self":[{"href":"https:\/\/informelitoral.com.ar\/%77%70%2d%6a%73%6f%6e\/wp\/v2\/posts\/55871","targetHints":{"allow":["GET"]}}],"collection":[{"href":"https:\/\/informelitoral.com.ar\/%77%70%2d%6a%73%6f%6e\/wp\/v2\/posts"}],"about":[{"href":"https:\/\/informelitoral.com.ar\/%77%70%2d%6a%73%6f%6e\/wp\/v2\/types\/post"}],"author":[{"embeddable":true,"href":"https:\/\/informelitoral.com.ar\/%77%70%2d%6a%73%6f%6e\/wp\/v2\/users\/2"}],"replies":[{"embeddable":true,"href":"https:\/\/informelitoral.com.ar\/%77%70%2d%6a%73%6f%6e\/wp\/v2\/comments?post=55871"}],"version-history":[{"count":0,"href":"https:\/\/informelitoral.com.ar\/%77%70%2d%6a%73%6f%6e\/wp\/v2\/posts\/55871\/revisions"}],"wp:featuredmedia":[{"embeddable":true,"href":"https:\/\/informelitoral.com.ar\/%77%70%2d%6a%73%6f%6e\/wp\/v2\/media\/47908"}],"wp:attachment":[{"href":"https:\/\/informelitoral.com.ar\/%77%70%2d%6a%73%6f%6e\/wp\/v2\/media?parent=55871"}],"wp:term":[{"taxonomy":"category","embeddable":true,"href":"https:\/\/informelitoral.com.ar\/%77%70%2d%6a%73%6f%6e\/wp\/v2\/categories?post=55871"},{"taxonomy":"post_tag","embeddable":true,"href":"https:\/\/informelitoral.com.ar\/%77%70%2d%6a%73%6f%6e\/wp\/v2\/tags?post=55871"}],"curies":[{"name":"wp","href":"https:\/\/api.w.org\/{rel}","templated":true}]}}