{"id":5583,"date":"2014-02-13T09:50:38","date_gmt":"2014-02-13T12:50:38","guid":{"rendered":"http:\/\/www.isletasnoticias.com.ar\/?p=5583"},"modified":"2014-02-13T09:51:17","modified_gmt":"2014-02-13T12:51:17","slug":"valle-maria-se-reunieron-con-el-secretario-de-justicia-por-el-juzgado-de-faltas","status":"publish","type":"post","link":"https:\/\/informelitoral.com.ar\/valle-maria-se-reunieron-con-el-secretario-de-justicia-por-el-juzgado-de-faltas\/","title":{"rendered":"Valle Mar\u00eda: se reunieron con el secretario de Justicia por el Juzgado de Faltas"},"content":{"rendered":"<p><strong>El vicepresidente municipal, dr. <em>Gustavo Dalinger<\/em>, junto a los jefes comunales de Oro Verde y Libertador San Mart\u00edn se reunieron con el secretario de Justicia p<strong>ara analizar el proyecto del Juzgado de Faltas.<\/strong><\/strong><\/p>\n<p><img loading=\"lazy\" decoding=\"async\" class=\"aligncenter size-medium wp-image-5584\" alt=\"Con el Secretario de Justicia\" src=\"http:\/\/www.isletasnoticias.com.ar\/%77%70%2d%63%6f%6e%74%65%6e%74\/uploads\/2014\/02\/Con-el-Secretario-de-Justicia-300x225.jpg\" width=\"300\" height=\"225\" srcset=\"https:\/\/informelitoral.com.ar\/%77%70%2d%63%6f%6e%74%65%6e%74\/uploads\/2014\/02\/Con-el-Secretario-de-Justicia-300x225.jpg 300w, https:\/\/informelitoral.com.ar\/%77%70%2d%63%6f%6e%74%65%6e%74\/uploads\/2014\/02\/Con-el-Secretario-de-Justicia-1024x768.jpg 1024w\" sizes=\"auto, (max-width: 300px) 100vw, 300px\" \/><\/p>\n<p>El viceintendente de Valle Mar\u00eda, junto a los jefes comunales de Libertador San Mart\u00edn \u00a0y Oro Verde se reuni\u00f3 con el secretario de Justicia y Derechos Humanos de la provincia, <strong>Rub\u00e9n Viru\u00e9<\/strong>, para analizar el proyecto de un Juez de Faltas conjunto para las tres localidades.<\/p>\n<p>Del encuentro con el secretario de Justicia particip\u00f3 el vicepresidente municipal y autor del proyecto, dr <strong>Gustavo Dalinger<\/strong>; el presidente municipal \u00a0de Villa Libertador San Mart\u00edn, <strong>Rub\u00e9n Ord\u00f3\u00f1ez,<\/strong> la concejala <strong>Silvina Reimer<\/strong> y <strong>Jose Lus Dum\u00e9<\/strong>, intendente de Oro Verde.<\/p>\n<p>Los municipios de Valle Mar\u00eda, \u00a0de Oro Verde \u00a0y Libertador San Mart\u00edn vienen trabajando en un proyecto que dispone un Juez de Faltas com\u00fan para las tres localidades. Despu\u00e9s de una serie de reuniones para acordar diferentes aspectos, la aprobaci\u00f3n de ordenanzas que habilitena la implementaci\u00f3n y el dise\u00f1o de un convenio tentativo, se decidi\u00f3 tener una audiencia con el secretario de Justicia y Derechos Humanos <strong>Rub\u00e9n Viru\u00e9<\/strong>. En el encuentro, los presentes le expusieron el proyecto y plantearon las dudas sobre la implementaci\u00f3n y las competencias de acuerdo a la Ley de Municipios y la Constituci\u00f3n Provincial. El Secretario se comprometi\u00f3 a estudiar el caso y acordaron una nueva reuni\u00f3n para la semana que viene donde ya tendr\u00e1 respuesta a las consultas.<\/p>\n","protected":false},"excerpt":{"rendered":"<p>El vicepresidente municipal, dr. Gustavo Dalinger, junto a los jefes comunales de Oro Verde y Libertador San Mart&iacute;n se reunieron con el secretario de Justicia para analizar el proyecto del Juzgado de Faltas. El viceintendente de Valle Mar&iacute;a, junto a los jefes comunales de Libertador San Mart&iacute;n &nbsp;y Oro Verde se reuni&oacute; con el secretario [&hellip;]<\/p>\n","protected":false},"author":2,"featured_media":0,"comment_status":"open","ping_status":"open","sticky":false,"template":"","format":"standard","meta":{"fifu_image_url":"","fifu_image_alt":"","footnotes":""},"categories":[5],"tags":[],"class_list":{"0":"post-5583","1":"post","2":"type-post","3":"status-publish","4":"format-standard","6":"category-zonales"},"yoast_head":"<title>Valle Mar\u00eda: se reunieron con el secretario de Justicia por el Juzgado de Faltas - Informe Litoral<\/title>\n<meta name=\"robots\" content=\"index, follow, max-snippet:-1, max-image-preview:large, max-video-preview:-1\" \/>\n<link rel=\"canonical\" href=\"https:\/\/informelitoral.com.ar\/valle-maria-se-reunieron-con-el-secretario-de-justicia-por-el-juzgado-de-faltas\/\" \/>\n<meta property=\"og:locale\" content=\"es_ES\" \/>\n<meta property=\"og:type\" content=\"article\" \/>\n<meta property=\"og:title\" content=\"Valle Mar\u00eda: se reunieron con el secretario de Justicia por el Juzgado de Faltas - Informe Litoral\" \/>\n<meta property=\"og:description\" content=\"El vicepresidente municipal, dr. Gustavo Dalinger, junto a los jefes comunales de Oro Verde y Libertador San Mart&iacute;n se reunieron con el secretario de Justicia para analizar el proyecto del Juzgado de Faltas. El viceintendente de Valle Mar&iacute;a, junto a los jefes comunales de Libertador San Mart&iacute;n &nbsp;y Oro Verde se reuni&oacute; con el secretario [&hellip;]\" \/>\n<meta property=\"og:url\" content=\"https:\/\/informelitoral.com.ar\/valle-maria-se-reunieron-con-el-secretario-de-justicia-por-el-juzgado-de-faltas\/\" \/>\n<meta property=\"og:site_name\" content=\"Informe Litoral\" \/>\n<meta property=\"article:publisher\" content=\"https:\/\/www.facebook.com\/informelitoral\/\" \/>\n<meta property=\"article:published_time\" content=\"2014-02-13T12:50:38+00:00\" \/>\n<meta property=\"article:modified_time\" content=\"2014-02-13T12:51:17+00:00\" \/>\n<meta property=\"og:image\" content=\"https:\/\/informelitoral.com.ar\/%77%70%2d%63%6f%6e%74%65%6e%74\/uploads\/2014\/02\/Con-el-Secretario-de-Justicia.jpg\" \/>\n\t<meta property=\"og:image:width\" content=\"4320\" \/>\n\t<meta property=\"og:image:height\" content=\"3240\" \/>\n\t<meta property=\"og:image:type\" content=\"image\/jpeg\" \/>\n<meta name=\"author\" content=\"Gonzalo Schmidt\" \/>\n<meta name=\"twitter:card\" content=\"summary_large_image\" \/>\n<meta name=\"twitter:creator\" content=\"@InformeLitoral\" \/>\n<meta name=\"twitter:site\" content=\"@InformeLitoral\" \/>\n<meta name=\"twitter:label1\" content=\"Escrito por\" \/>\n\t<meta name=\"twitter:data1\" content=\"Gonzalo Schmidt\" \/>\n\t<meta name=\"twitter:label2\" content=\"Tiempo de lectura\" \/>\n\t<meta name=\"twitter:data2\" content=\"1 minuto\" \/>\n<script type=\"application\/ld+json\" class=\"yoast-schema-graph\">{\"@context\":\"https:\\\/\\\/schema.org\",\"@graph\":[{\"@type\":\"Article\",\"@id\":\"https:\\\/\\\/informelitoral.com.ar\\\/valle-maria-se-reunieron-con-el-secretario-de-justicia-por-el-juzgado-de-faltas\\\/#article\",\"isPartOf\":{\"@id\":\"https:\\\/\\\/informelitoral.com.ar\\\/valle-maria-se-reunieron-con-el-secretario-de-justicia-por-el-juzgado-de-faltas\\\/\"},\"author\":{\"name\":\"Gonzalo Schmidt\",\"@id\":\"https:\\\/\\\/informelitoral.com.ar\\\/#\\\/schema\\\/person\\\/b9d00407c836482871ef1d57bf8e3180\"},\"headline\":\"Valle Mar\u00eda: se reunieron con el secretario de Justicia por el Juzgado de Faltas\",\"datePublished\":\"2014-02-13T12:50:38+00:00\",\"dateModified\":\"2014-02-13T12:51:17+00:00\",\"mainEntityOfPage\":{\"@id\":\"https:\\\/\\\/informelitoral.com.ar\\\/valle-maria-se-reunieron-con-el-secretario-de-justicia-por-el-juzgado-de-faltas\\\/\"},\"wordCount\":275,\"commentCount\":0,\"publisher\":{\"@id\":\"https:\\\/\\\/informelitoral.com.ar\\\/#organization\"},\"image\":{\"@id\":\"https:\\\/\\\/informelitoral.com.ar\\\/valle-maria-se-reunieron-con-el-secretario-de-justicia-por-el-juzgado-de-faltas\\\/#primaryimage\"},\"thumbnailUrl\":\"http:\\\/\\\/www.isletasnoticias.com.ar\\\/%77%70%2d%63%6f%6e%74%65%6e%74\\\/uploads\\\/2014\\\/02\\\/Con-el-Secretario-de-Justicia-300x225.jpg\",\"articleSection\":[\"Departamento Diamante\"],\"inLanguage\":\"es\",\"potentialAction\":[{\"@type\":\"CommentAction\",\"name\":\"Comment\",\"target\":[\"https:\\\/\\\/informelitoral.com.ar\\\/valle-maria-se-reunieron-con-el-secretario-de-justicia-por-el-juzgado-de-faltas\\\/#respond\"]}]},{\"@type\":\"WebPage\",\"@id\":\"https:\\\/\\\/informelitoral.com.ar\\\/valle-maria-se-reunieron-con-el-secretario-de-justicia-por-el-juzgado-de-faltas\\\/\",\"url\":\"https:\\\/\\\/informelitoral.com.ar\\\/valle-maria-se-reunieron-con-el-secretario-de-justicia-por-el-juzgado-de-faltas\\\/\",\"name\":\"Valle Mar\u00eda: se reunieron con el secretario de Justicia por el Juzgado de Faltas - Informe Litoral\",\"isPartOf\":{\"@id\":\"https:\\\/\\\/informelitoral.com.ar\\\/#website\"},\"primaryImageOfPage\":{\"@id\":\"https:\\\/\\\/informelitoral.com.ar\\\/valle-maria-se-reunieron-con-el-secretario-de-justicia-por-el-juzgado-de-faltas\\\/#primaryimage\"},\"image\":{\"@id\":\"https:\\\/\\\/informelitoral.com.ar\\\/valle-maria-se-reunieron-con-el-secretario-de-justicia-por-el-juzgado-de-faltas\\\/#primaryimage\"},\"thumbnailUrl\":\"http:\\\/\\\/www.isletasnoticias.com.ar\\\/%77%70%2d%63%6f%6e%74%65%6e%74\\\/uploads\\\/2014\\\/02\\\/Con-el-Secretario-de-Justicia-300x225.jpg\",\"datePublished\":\"2014-02-13T12:50:38+00:00\",\"dateModified\":\"2014-02-13T12:51:17+00:00\",\"breadcrumb\":{\"@id\":\"https:\\\/\\\/informelitoral.com.ar\\\/valle-maria-se-reunieron-con-el-secretario-de-justicia-por-el-juzgado-de-faltas\\\/#breadcrumb\"},\"inLanguage\":\"es\",\"potentialAction\":[{\"@type\":\"ReadAction\",\"target\":[\"https:\\\/\\\/informelitoral.com.ar\\\/valle-maria-se-reunieron-con-el-secretario-de-justicia-por-el-juzgado-de-faltas\\\/\"]}]},{\"@type\":\"ImageObject\",\"inLanguage\":\"es\",\"@id\":\"https:\\\/\\\/informelitoral.com.ar\\\/valle-maria-se-reunieron-con-el-secretario-de-justicia-por-el-juzgado-de-faltas\\\/#primaryimage\",\"url\":\"http:\\\/\\\/www.isletasnoticias.com.ar\\\/%77%70%2d%63%6f%6e%74%65%6e%74\\\/uploads\\\/2014\\\/02\\\/Con-el-Secretario-de-Justicia-300x225.jpg\",\"contentUrl\":\"http:\\\/\\\/www.isletasnoticias.com.ar\\\/%77%70%2d%63%6f%6e%74%65%6e%74\\\/uploads\\\/2014\\\/02\\\/Con-el-Secretario-de-Justicia-300x225.jpg\"},{\"@type\":\"BreadcrumbList\",\"@id\":\"https:\\\/\\\/informelitoral.com.ar\\\/valle-maria-se-reunieron-con-el-secretario-de-justicia-por-el-juzgado-de-faltas\\\/#breadcrumb\",\"itemListElement\":[{\"@type\":\"ListItem\",\"position\":1,\"name\":\"Portada\",\"item\":\"https:\\\/\\\/informelitoral.com.ar\\\/\"},{\"@type\":\"ListItem\",\"position\":2,\"name\":\"Valle Mar\u00eda: se reunieron con el secretario de Justicia por el Juzgado de Faltas\"}]},{\"@type\":\"WebSite\",\"@id\":\"https:\\\/\\\/informelitoral.com.ar\\\/#website\",\"url\":\"https:\\\/\\\/informelitoral.com.ar\\\/\",\"name\":\"Informe Litoral\",\"description\":\"&quot;Nos informamos&quot; \",\"publisher\":{\"@id\":\"https:\\\/\\\/informelitoral.com.ar\\\/#organization\"},\"potentialAction\":[{\"@type\":\"SearchAction\",\"target\":{\"@type\":\"EntryPoint\",\"urlTemplate\":\"https:\\\/\\\/informelitoral.com.ar\\\/?s={search_term_string}\"},\"query-input\":{\"@type\":\"PropertyValueSpecification\",\"valueRequired\":true,\"valueName\":\"search_term_string\"}}],\"inLanguage\":\"es\"},{\"@type\":\"Organization\",\"@id\":\"https:\\\/\\\/informelitoral.com.ar\\\/#organization\",\"name\":\"Informe Litoral\",\"url\":\"https:\\\/\\\/informelitoral.com.ar\\\/\",\"logo\":{\"@type\":\"ImageObject\",\"inLanguage\":\"es\",\"@id\":\"https:\\\/\\\/informelitoral.com.ar\\\/#\\\/schema\\\/logo\\\/image\\\/\",\"url\":\"https:\\\/\\\/informelitoral.com.ar\\\/%77%70%2d%63%6f%6e%74%65%6e%74\\\/uploads\\\/2021\\\/01\\\/circulo.png\",\"contentUrl\":\"https:\\\/\\\/informelitoral.com.ar\\\/%77%70%2d%63%6f%6e%74%65%6e%74\\\/uploads\\\/2021\\\/01\\\/circulo.png\",\"width\":723,\"height\":731,\"caption\":\"Informe Litoral\"},\"image\":{\"@id\":\"https:\\\/\\\/informelitoral.com.ar\\\/#\\\/schema\\\/logo\\\/image\\\/\"},\"sameAs\":[\"https:\\\/\\\/www.facebook.com\\\/informelitoral\\\/\",\"https:\\\/\\\/x.com\\\/InformeLitoral\",\"https:\\\/\\\/www.instagram.com\\\/informelitoral\\\/\",\"https:\\\/\\\/www.youtube.com\\\/channel\\\/UCua4Qvz8Icb6MYqhoq9xLXw\"]},{\"@type\":\"Person\",\"@id\":\"https:\\\/\\\/informelitoral.com.ar\\\/#\\\/schema\\\/person\\\/b9d00407c836482871ef1d57bf8e3180\",\"name\":\"Gonzalo Schmidt\",\"image\":{\"@type\":\"ImageObject\",\"inLanguage\":\"es\",\"@id\":\"https:\\\/\\\/secure.gravatar.com\\\/avatar\\\/31a1a7b66ff2de83bd0e9fd79d026630d2d99e55e8bfe501287647b4fd9743de?s=96&d=mm&r=g\",\"url\":\"https:\\\/\\\/secure.gravatar.com\\\/avatar\\\/31a1a7b66ff2de83bd0e9fd79d026630d2d99e55e8bfe501287647b4fd9743de?s=96&d=mm&r=g\",\"contentUrl\":\"https:\\\/\\\/secure.gravatar.com\\\/avatar\\\/31a1a7b66ff2de83bd0e9fd79d026630d2d99e55e8bfe501287647b4fd9743de?s=96&d=mm&r=g\",\"caption\":\"Gonzalo Schmidt\"},\"description\":\"Sitio web de noticias de la provincia de Entre R\u00edos, Argentina. Informaci\u00f3n y entretenimiento. Informe Litoral, nos informamos.\",\"sameAs\":[\"http:\\\/\\\/www.isletasnoticias.com.ar\"],\"url\":\"https:\\\/\\\/informelitoral.com.ar\\\/author\\\/gonzalo\\\/\"}]}<\/script>","yoast_head_json":{"title":"Valle Mar\u00eda: se reunieron con el secretario de Justicia por el Juzgado de Faltas - Informe Litoral","robots":{"index":"index","follow":"follow","max-snippet":"max-snippet:-1","max-image-preview":"max-image-preview:large","max-video-preview":"max-video-preview:-1"},"canonical":"https:\/\/informelitoral.com.ar\/valle-maria-se-reunieron-con-el-secretario-de-justicia-por-el-juzgado-de-faltas\/","og_locale":"es_ES","og_type":"article","og_title":"Valle Mar\u00eda: se reunieron con el secretario de Justicia por el Juzgado de Faltas - Informe Litoral","og_description":"El vicepresidente municipal, dr. Gustavo Dalinger, junto a los jefes comunales de Oro Verde y Libertador San Mart&iacute;n se reunieron con el secretario de Justicia para analizar el proyecto del Juzgado de Faltas. El viceintendente de Valle Mar&iacute;a, junto a los jefes comunales de Libertador San Mart&iacute;n &nbsp;y Oro Verde se reuni&oacute; con el secretario [&hellip;]","og_url":"https:\/\/informelitoral.com.ar\/valle-maria-se-reunieron-con-el-secretario-de-justicia-por-el-juzgado-de-faltas\/","og_site_name":"Informe Litoral","article_publisher":"https:\/\/www.facebook.com\/informelitoral\/","article_published_time":"2014-02-13T12:50:38+00:00","article_modified_time":"2014-02-13T12:51:17+00:00","og_image":[{"width":4320,"height":3240,"url":"https:\/\/informelitoral.com.ar\/%77%70%2d%63%6f%6e%74%65%6e%74\/uploads\/2014\/02\/Con-el-Secretario-de-Justicia.jpg","type":"image\/jpeg"}],"author":"Gonzalo Schmidt","twitter_card":"summary_large_image","twitter_creator":"@InformeLitoral","twitter_site":"@InformeLitoral","twitter_misc":{"Escrito por":"Gonzalo Schmidt","Tiempo de lectura":"1 minuto"},"schema":{"@context":"https:\/\/schema.org","@graph":[{"@type":"Article","@id":"https:\/\/informelitoral.com.ar\/valle-maria-se-reunieron-con-el-secretario-de-justicia-por-el-juzgado-de-faltas\/#article","isPartOf":{"@id":"https:\/\/informelitoral.com.ar\/valle-maria-se-reunieron-con-el-secretario-de-justicia-por-el-juzgado-de-faltas\/"},"author":{"name":"Gonzalo Schmidt","@id":"https:\/\/informelitoral.com.ar\/#\/schema\/person\/b9d00407c836482871ef1d57bf8e3180"},"headline":"Valle Mar\u00eda: se reunieron con el secretario de Justicia por el Juzgado de Faltas","datePublished":"2014-02-13T12:50:38+00:00","dateModified":"2014-02-13T12:51:17+00:00","mainEntityOfPage":{"@id":"https:\/\/informelitoral.com.ar\/valle-maria-se-reunieron-con-el-secretario-de-justicia-por-el-juzgado-de-faltas\/"},"wordCount":275,"commentCount":0,"publisher":{"@id":"https:\/\/informelitoral.com.ar\/#organization"},"image":{"@id":"https:\/\/informelitoral.com.ar\/valle-maria-se-reunieron-con-el-secretario-de-justicia-por-el-juzgado-de-faltas\/#primaryimage"},"thumbnailUrl":"http:\/\/www.isletasnoticias.com.ar\/%77%70%2d%63%6f%6e%74%65%6e%74\/uploads\/2014\/02\/Con-el-Secretario-de-Justicia-300x225.jpg","articleSection":["Departamento Diamante"],"inLanguage":"es","potentialAction":[{"@type":"CommentAction","name":"Comment","target":["https:\/\/informelitoral.com.ar\/valle-maria-se-reunieron-con-el-secretario-de-justicia-por-el-juzgado-de-faltas\/#respond"]}]},{"@type":"WebPage","@id":"https:\/\/informelitoral.com.ar\/valle-maria-se-reunieron-con-el-secretario-de-justicia-por-el-juzgado-de-faltas\/","url":"https:\/\/informelitoral.com.ar\/valle-maria-se-reunieron-con-el-secretario-de-justicia-por-el-juzgado-de-faltas\/","name":"Valle Mar\u00eda: se reunieron con el secretario de Justicia por el Juzgado de Faltas - Informe Litoral","isPartOf":{"@id":"https:\/\/informelitoral.com.ar\/#website"},"primaryImageOfPage":{"@id":"https:\/\/informelitoral.com.ar\/valle-maria-se-reunieron-con-el-secretario-de-justicia-por-el-juzgado-de-faltas\/#primaryimage"},"image":{"@id":"https:\/\/informelitoral.com.ar\/valle-maria-se-reunieron-con-el-secretario-de-justicia-por-el-juzgado-de-faltas\/#primaryimage"},"thumbnailUrl":"http:\/\/www.isletasnoticias.com.ar\/%77%70%2d%63%6f%6e%74%65%6e%74\/uploads\/2014\/02\/Con-el-Secretario-de-Justicia-300x225.jpg","datePublished":"2014-02-13T12:50:38+00:00","dateModified":"2014-02-13T12:51:17+00:00","breadcrumb":{"@id":"https:\/\/informelitoral.com.ar\/valle-maria-se-reunieron-con-el-secretario-de-justicia-por-el-juzgado-de-faltas\/#breadcrumb"},"inLanguage":"es","potentialAction":[{"@type":"ReadAction","target":["https:\/\/informelitoral.com.ar\/valle-maria-se-reunieron-con-el-secretario-de-justicia-por-el-juzgado-de-faltas\/"]}]},{"@type":"ImageObject","inLanguage":"es","@id":"https:\/\/informelitoral.com.ar\/valle-maria-se-reunieron-con-el-secretario-de-justicia-por-el-juzgado-de-faltas\/#primaryimage","url":"http:\/\/www.isletasnoticias.com.ar\/%77%70%2d%63%6f%6e%74%65%6e%74\/uploads\/2014\/02\/Con-el-Secretario-de-Justicia-300x225.jpg","contentUrl":"http:\/\/www.isletasnoticias.com.ar\/%77%70%2d%63%6f%6e%74%65%6e%74\/uploads\/2014\/02\/Con-el-Secretario-de-Justicia-300x225.jpg"},{"@type":"BreadcrumbList","@id":"https:\/\/informelitoral.com.ar\/valle-maria-se-reunieron-con-el-secretario-de-justicia-por-el-juzgado-de-faltas\/#breadcrumb","itemListElement":[{"@type":"ListItem","position":1,"name":"Portada","item":"https:\/\/informelitoral.com.ar\/"},{"@type":"ListItem","position":2,"name":"Valle Mar\u00eda: se reunieron con el secretario de Justicia por el Juzgado de Faltas"}]},{"@type":"WebSite","@id":"https:\/\/informelitoral.com.ar\/#website","url":"https:\/\/informelitoral.com.ar\/","name":"Informe Litoral","description":"&quot;Nos informamos&quot; ","publisher":{"@id":"https:\/\/informelitoral.com.ar\/#organization"},"potentialAction":[{"@type":"SearchAction","target":{"@type":"EntryPoint","urlTemplate":"https:\/\/informelitoral.com.ar\/?s={search_term_string}"},"query-input":{"@type":"PropertyValueSpecification","valueRequired":true,"valueName":"search_term_string"}}],"inLanguage":"es"},{"@type":"Organization","@id":"https:\/\/informelitoral.com.ar\/#organization","name":"Informe Litoral","url":"https:\/\/informelitoral.com.ar\/","logo":{"@type":"ImageObject","inLanguage":"es","@id":"https:\/\/informelitoral.com.ar\/#\/schema\/logo\/image\/","url":"https:\/\/informelitoral.com.ar\/%77%70%2d%63%6f%6e%74%65%6e%74\/uploads\/2021\/01\/circulo.png","contentUrl":"https:\/\/informelitoral.com.ar\/%77%70%2d%63%6f%6e%74%65%6e%74\/uploads\/2021\/01\/circulo.png","width":723,"height":731,"caption":"Informe Litoral"},"image":{"@id":"https:\/\/informelitoral.com.ar\/#\/schema\/logo\/image\/"},"sameAs":["https:\/\/www.facebook.com\/informelitoral\/","https:\/\/x.com\/InformeLitoral","https:\/\/www.instagram.com\/informelitoral\/","https:\/\/www.youtube.com\/channel\/UCua4Qvz8Icb6MYqhoq9xLXw"]},{"@type":"Person","@id":"https:\/\/informelitoral.com.ar\/#\/schema\/person\/b9d00407c836482871ef1d57bf8e3180","name":"Gonzalo Schmidt","image":{"@type":"ImageObject","inLanguage":"es","@id":"https:\/\/secure.gravatar.com\/avatar\/31a1a7b66ff2de83bd0e9fd79d026630d2d99e55e8bfe501287647b4fd9743de?s=96&d=mm&r=g","url":"https:\/\/secure.gravatar.com\/avatar\/31a1a7b66ff2de83bd0e9fd79d026630d2d99e55e8bfe501287647b4fd9743de?s=96&d=mm&r=g","contentUrl":"https:\/\/secure.gravatar.com\/avatar\/31a1a7b66ff2de83bd0e9fd79d026630d2d99e55e8bfe501287647b4fd9743de?s=96&d=mm&r=g","caption":"Gonzalo Schmidt"},"description":"Sitio web de noticias de la provincia de Entre R\u00edos, Argentina. Informaci\u00f3n y entretenimiento. Informe Litoral, nos informamos.","sameAs":["http:\/\/www.isletasnoticias.com.ar"],"url":"https:\/\/informelitoral.com.ar\/author\/gonzalo\/"}]}},"_links":{"self":[{"href":"https:\/\/informelitoral.com.ar\/%77%70%2d%6a%73%6f%6e\/wp\/v2\/posts\/5583","targetHints":{"allow":["GET"]}}],"collection":[{"href":"https:\/\/informelitoral.com.ar\/%77%70%2d%6a%73%6f%6e\/wp\/v2\/posts"}],"about":[{"href":"https:\/\/informelitoral.com.ar\/%77%70%2d%6a%73%6f%6e\/wp\/v2\/types\/post"}],"author":[{"embeddable":true,"href":"https:\/\/informelitoral.com.ar\/%77%70%2d%6a%73%6f%6e\/wp\/v2\/users\/2"}],"replies":[{"embeddable":true,"href":"https:\/\/informelitoral.com.ar\/%77%70%2d%6a%73%6f%6e\/wp\/v2\/comments?post=5583"}],"version-history":[{"count":0,"href":"https:\/\/informelitoral.com.ar\/%77%70%2d%6a%73%6f%6e\/wp\/v2\/posts\/5583\/revisions"}],"wp:attachment":[{"href":"https:\/\/informelitoral.com.ar\/%77%70%2d%6a%73%6f%6e\/wp\/v2\/media?parent=5583"}],"wp:term":[{"taxonomy":"category","embeddable":true,"href":"https:\/\/informelitoral.com.ar\/%77%70%2d%6a%73%6f%6e\/wp\/v2\/categories?post=5583"},{"taxonomy":"post_tag","embeddable":true,"href":"https:\/\/informelitoral.com.ar\/%77%70%2d%6a%73%6f%6e\/wp\/v2\/tags?post=5583"}],"curies":[{"name":"wp","href":"https:\/\/api.w.org\/{rel}","templated":true}]}}