{"id":55802,"date":"2021-01-18T07:36:41","date_gmt":"2021-01-18T10:36:41","guid":{"rendered":"https:\/\/www.isletasnoticias.com.ar\/?p=55802"},"modified":"2021-01-18T07:36:41","modified_gmt":"2021-01-18T10:36:41","slug":"la-cosecha-nacional-de-trigo-cerro-con-17-millones-de-toneladas","status":"publish","type":"post","link":"https:\/\/informelitoral.com.ar\/la-cosecha-nacional-de-trigo-cerro-con-17-millones-de-toneladas\/","title":{"rendered":"La cosecha nacional de trigo cerr\u00f3 con 17 millones de toneladas"},"content":{"rendered":"<p>La cosecha de trigo finaliz\u00f3 con una merma de 1,8 millones de toneladas respecto de la campa\u00f1a anterior, inform\u00f3 la Bolsa de Cereales de Buenos Aires. El rendimiento promedio nacional se ubic\u00f3 en 28,2 quintales por hect\u00e1rea (qq\/ha), el segundo m\u00e1s bajo de los \u00faltimos 10 a\u00f1os.<\/p>\n<p>De esta manera, la recolecci\u00f3n del cereal culmin\u00f3 con la trilla de los \u00faltimos lotes en el sur del \u00e1rea agr\u00edcola, regi\u00f3n que le dio sost\u00e9n a la campa\u00f1a, ya que las zonas centro y norte resultaron afectadas por una fuerte sequ\u00eda que determinaron mermas en la producci\u00f3n del cereal.<\/p>\n<p>A pesar de estos bajos n\u00fameros, la producci\u00f3n de trigo del ciclo 2020\/21 se ubic\u00f3 15,6% por encima del promedio de la \u00faltima d\u00e9cada.<\/p>\n<p>La entidad tambi\u00e9n inform\u00f3 que concluyeron los trabajos de recolecci\u00f3n de la cebada, con 4,1 millones de toneladas producidas, 600.000 toneladas m\u00e1s que en el ciclo anterior.<\/p>\n<p>Por su parte, la siembra de soja entr\u00f3 en su etapa final, con el 97,5% de las 17,2 millones de hect\u00e1reas estipuladas para el cultivo ya implantadas.<\/p>\n<p>La siembra de ma\u00edz, por su lado, avanz\u00f3 6,5 puntos porcentuales durante la semana para ubicarse en el 90,9% de las 6,3 millones de hect\u00e1reas estimadas para el cultivo.<\/p>\n<p>A pesar de la mejora en las reservas h\u00eddricas que dejaron las \u00faltimas lluvias, \u201ca\u00fan se relevan lotes tempranos con condiciones del cultivo regulares, particularmente en los n\u00facleos norte y sur, zonas en donde \u201cya se descuentan mermas de rinde potencial en los cuadros m\u00e1s afectados por estr\u00e9s h\u00eddrico durante el per\u00edodo cr\u00edtico de definici\u00f3n de rendimiento\u201d.<\/p>\n<p>Por \u00faltimo, ante el avance de la cosecha de girasol y los malos rendimientos obtenidos, las entidad redujo la estimaci\u00f3n de producci\u00f3n en 200.000 toneladas hasta las 2,9 millones de toneladas.<\/p>\n","protected":false},"excerpt":{"rendered":"<p>El rendimiento promedio nacional se ubic\u00f3 en 28,2 quintales por hect\u00e1rea, el segundo m\u00e1s bajo de los \u00faltimos 10 a\u00f1os<\/p>\n","protected":false},"author":2,"featured_media":24327,"comment_status":"open","ping_status":"open","sticky":false,"template":"","format":"standard","meta":{"fifu_image_url":"","fifu_image_alt":"","footnotes":""},"categories":[10],"tags":[191,120,339],"class_list":{"0":"post-55802","1":"post","2":"type-post","3":"status-publish","4":"format-standard","5":"has-post-thumbnail","7":"category-campo","8":"tag-agricultura","9":"tag-produccion","10":"tag-trigo"},"yoast_head":"<title>La cosecha nacional de trigo cerr\u00f3 con 17 millones de toneladas - Informe Litoral<\/title>\n<meta name=\"robots\" content=\"index, follow, max-snippet:-1, max-image-preview:large, max-video-preview:-1\" \/>\n<link rel=\"canonical\" href=\"https:\/\/informelitoral.com.ar\/la-cosecha-nacional-de-trigo-cerro-con-17-millones-de-toneladas\/\" \/>\n<meta property=\"og:locale\" content=\"es_ES\" \/>\n<meta property=\"og:type\" content=\"article\" \/>\n<meta property=\"og:title\" content=\"La cosecha nacional de trigo cerr\u00f3 con 17 millones de toneladas - Informe Litoral\" \/>\n<meta property=\"og:description\" content=\"El rendimiento promedio nacional se ubic\u00f3 en 28,2 quintales por hect\u00e1rea, el segundo m\u00e1s bajo de los \u00faltimos 10 a\u00f1os\" \/>\n<meta property=\"og:url\" content=\"https:\/\/informelitoral.com.ar\/la-cosecha-nacional-de-trigo-cerro-con-17-millones-de-toneladas\/\" \/>\n<meta property=\"og:site_name\" content=\"Informe Litoral\" \/>\n<meta property=\"article:publisher\" content=\"https:\/\/www.facebook.com\/informelitoral\/\" \/>\n<meta property=\"article:published_time\" content=\"2021-01-18T10:36:41+00:00\" \/>\n<meta property=\"og:image\" content=\"https:\/\/informelitoral.com.ar\/%77%70%2d%63%6f%6e%74%65%6e%74\/uploads\/2017\/12\/Trilla-trigo-2.jpg\" \/>\n\t<meta property=\"og:image:width\" content=\"1280\" \/>\n\t<meta property=\"og:image:height\" content=\"852\" \/>\n\t<meta property=\"og:image:type\" content=\"image\/jpeg\" \/>\n<meta name=\"author\" content=\"Gonzalo Schmidt\" \/>\n<meta name=\"twitter:card\" content=\"summary_large_image\" \/>\n<meta name=\"twitter:creator\" content=\"@InformeLitoral\" \/>\n<meta name=\"twitter:site\" content=\"@InformeLitoral\" \/>\n<meta name=\"twitter:label1\" content=\"Escrito por\" \/>\n\t<meta name=\"twitter:data1\" content=\"Gonzalo Schmidt\" \/>\n\t<meta name=\"twitter:label2\" content=\"Tiempo de lectura\" \/>\n\t<meta name=\"twitter:data2\" content=\"2 minutos\" \/>\n<script type=\"application\/ld+json\" class=\"yoast-schema-graph\">{\"@context\":\"https:\\\/\\\/schema.org\",\"@graph\":[{\"@type\":\"Article\",\"@id\":\"https:\\\/\\\/informelitoral.com.ar\\\/la-cosecha-nacional-de-trigo-cerro-con-17-millones-de-toneladas\\\/#article\",\"isPartOf\":{\"@id\":\"https:\\\/\\\/informelitoral.com.ar\\\/la-cosecha-nacional-de-trigo-cerro-con-17-millones-de-toneladas\\\/\"},\"author\":{\"name\":\"Gonzalo Schmidt\",\"@id\":\"https:\\\/\\\/informelitoral.com.ar\\\/#\\\/schema\\\/person\\\/b9d00407c836482871ef1d57bf8e3180\"},\"headline\":\"La cosecha nacional de trigo cerr\u00f3 con 17 millones de toneladas\",\"datePublished\":\"2021-01-18T10:36:41+00:00\",\"mainEntityOfPage\":{\"@id\":\"https:\\\/\\\/informelitoral.com.ar\\\/la-cosecha-nacional-de-trigo-cerro-con-17-millones-de-toneladas\\\/\"},\"wordCount\":320,\"commentCount\":0,\"publisher\":{\"@id\":\"https:\\\/\\\/informelitoral.com.ar\\\/#organization\"},\"image\":{\"@id\":\"https:\\\/\\\/informelitoral.com.ar\\\/la-cosecha-nacional-de-trigo-cerro-con-17-millones-de-toneladas\\\/#primaryimage\"},\"thumbnailUrl\":\"https:\\\/\\\/informelitoral.com.ar\\\/%77%70%2d%63%6f%6e%74%65%6e%74\\\/uploads\\\/2017\\\/12\\\/Trilla-trigo-2.jpg\",\"keywords\":[\"Agricultura\",\"Producci\u00f3n\",\"Trigo\"],\"articleSection\":[\"Campo\"],\"inLanguage\":\"es\",\"potentialAction\":[{\"@type\":\"CommentAction\",\"name\":\"Comment\",\"target\":[\"https:\\\/\\\/informelitoral.com.ar\\\/la-cosecha-nacional-de-trigo-cerro-con-17-millones-de-toneladas\\\/#respond\"]}]},{\"@type\":\"WebPage\",\"@id\":\"https:\\\/\\\/informelitoral.com.ar\\\/la-cosecha-nacional-de-trigo-cerro-con-17-millones-de-toneladas\\\/\",\"url\":\"https:\\\/\\\/informelitoral.com.ar\\\/la-cosecha-nacional-de-trigo-cerro-con-17-millones-de-toneladas\\\/\",\"name\":\"La cosecha nacional de trigo cerr\u00f3 con 17 millones de toneladas - Informe Litoral\",\"isPartOf\":{\"@id\":\"https:\\\/\\\/informelitoral.com.ar\\\/#website\"},\"primaryImageOfPage\":{\"@id\":\"https:\\\/\\\/informelitoral.com.ar\\\/la-cosecha-nacional-de-trigo-cerro-con-17-millones-de-toneladas\\\/#primaryimage\"},\"image\":{\"@id\":\"https:\\\/\\\/informelitoral.com.ar\\\/la-cosecha-nacional-de-trigo-cerro-con-17-millones-de-toneladas\\\/#primaryimage\"},\"thumbnailUrl\":\"https:\\\/\\\/informelitoral.com.ar\\\/%77%70%2d%63%6f%6e%74%65%6e%74\\\/uploads\\\/2017\\\/12\\\/Trilla-trigo-2.jpg\",\"datePublished\":\"2021-01-18T10:36:41+00:00\",\"breadcrumb\":{\"@id\":\"https:\\\/\\\/informelitoral.com.ar\\\/la-cosecha-nacional-de-trigo-cerro-con-17-millones-de-toneladas\\\/#breadcrumb\"},\"inLanguage\":\"es\",\"potentialAction\":[{\"@type\":\"ReadAction\",\"target\":[\"https:\\\/\\\/informelitoral.com.ar\\\/la-cosecha-nacional-de-trigo-cerro-con-17-millones-de-toneladas\\\/\"]}]},{\"@type\":\"ImageObject\",\"inLanguage\":\"es\",\"@id\":\"https:\\\/\\\/informelitoral.com.ar\\\/la-cosecha-nacional-de-trigo-cerro-con-17-millones-de-toneladas\\\/#primaryimage\",\"url\":\"https:\\\/\\\/informelitoral.com.ar\\\/%77%70%2d%63%6f%6e%74%65%6e%74\\\/uploads\\\/2017\\\/12\\\/Trilla-trigo-2.jpg\",\"contentUrl\":\"https:\\\/\\\/informelitoral.com.ar\\\/%77%70%2d%63%6f%6e%74%65%6e%74\\\/uploads\\\/2017\\\/12\\\/Trilla-trigo-2.jpg\",\"width\":1280,\"height\":852},{\"@type\":\"BreadcrumbList\",\"@id\":\"https:\\\/\\\/informelitoral.com.ar\\\/la-cosecha-nacional-de-trigo-cerro-con-17-millones-de-toneladas\\\/#breadcrumb\",\"itemListElement\":[{\"@type\":\"ListItem\",\"position\":1,\"name\":\"Portada\",\"item\":\"https:\\\/\\\/informelitoral.com.ar\\\/\"},{\"@type\":\"ListItem\",\"position\":2,\"name\":\"La cosecha nacional de trigo cerr\u00f3 con 17 millones de toneladas\"}]},{\"@type\":\"WebSite\",\"@id\":\"https:\\\/\\\/informelitoral.com.ar\\\/#website\",\"url\":\"https:\\\/\\\/informelitoral.com.ar\\\/\",\"name\":\"Informe Litoral\",\"description\":\"&quot;Nos informamos&quot; \",\"publisher\":{\"@id\":\"https:\\\/\\\/informelitoral.com.ar\\\/#organization\"},\"potentialAction\":[{\"@type\":\"SearchAction\",\"target\":{\"@type\":\"EntryPoint\",\"urlTemplate\":\"https:\\\/\\\/informelitoral.com.ar\\\/?s={search_term_string}\"},\"query-input\":{\"@type\":\"PropertyValueSpecification\",\"valueRequired\":true,\"valueName\":\"search_term_string\"}}],\"inLanguage\":\"es\"},{\"@type\":\"Organization\",\"@id\":\"https:\\\/\\\/informelitoral.com.ar\\\/#organization\",\"name\":\"Informe Litoral\",\"url\":\"https:\\\/\\\/informelitoral.com.ar\\\/\",\"logo\":{\"@type\":\"ImageObject\",\"inLanguage\":\"es\",\"@id\":\"https:\\\/\\\/informelitoral.com.ar\\\/#\\\/schema\\\/logo\\\/image\\\/\",\"url\":\"https:\\\/\\\/informelitoral.com.ar\\\/%77%70%2d%63%6f%6e%74%65%6e%74\\\/uploads\\\/2021\\\/01\\\/circulo.png\",\"contentUrl\":\"https:\\\/\\\/informelitoral.com.ar\\\/%77%70%2d%63%6f%6e%74%65%6e%74\\\/uploads\\\/2021\\\/01\\\/circulo.png\",\"width\":723,\"height\":731,\"caption\":\"Informe Litoral\"},\"image\":{\"@id\":\"https:\\\/\\\/informelitoral.com.ar\\\/#\\\/schema\\\/logo\\\/image\\\/\"},\"sameAs\":[\"https:\\\/\\\/www.facebook.com\\\/informelitoral\\\/\",\"https:\\\/\\\/x.com\\\/InformeLitoral\",\"https:\\\/\\\/www.instagram.com\\\/informelitoral\\\/\",\"https:\\\/\\\/www.youtube.com\\\/channel\\\/UCua4Qvz8Icb6MYqhoq9xLXw\"]},{\"@type\":\"Person\",\"@id\":\"https:\\\/\\\/informelitoral.com.ar\\\/#\\\/schema\\\/person\\\/b9d00407c836482871ef1d57bf8e3180\",\"name\":\"Gonzalo Schmidt\",\"image\":{\"@type\":\"ImageObject\",\"inLanguage\":\"es\",\"@id\":\"https:\\\/\\\/secure.gravatar.com\\\/avatar\\\/31a1a7b66ff2de83bd0e9fd79d026630d2d99e55e8bfe501287647b4fd9743de?s=96&d=mm&r=g\",\"url\":\"https:\\\/\\\/secure.gravatar.com\\\/avatar\\\/31a1a7b66ff2de83bd0e9fd79d026630d2d99e55e8bfe501287647b4fd9743de?s=96&d=mm&r=g\",\"contentUrl\":\"https:\\\/\\\/secure.gravatar.com\\\/avatar\\\/31a1a7b66ff2de83bd0e9fd79d026630d2d99e55e8bfe501287647b4fd9743de?s=96&d=mm&r=g\",\"caption\":\"Gonzalo Schmidt\"},\"description\":\"Sitio web de noticias de la provincia de Entre R\u00edos, Argentina. Informaci\u00f3n y entretenimiento. Informe Litoral, nos informamos.\",\"sameAs\":[\"http:\\\/\\\/www.isletasnoticias.com.ar\"],\"url\":\"https:\\\/\\\/informelitoral.com.ar\\\/author\\\/gonzalo\\\/\"}]}<\/script>","yoast_head_json":{"title":"La cosecha nacional de trigo cerr\u00f3 con 17 millones de toneladas - Informe Litoral","robots":{"index":"index","follow":"follow","max-snippet":"max-snippet:-1","max-image-preview":"max-image-preview:large","max-video-preview":"max-video-preview:-1"},"canonical":"https:\/\/informelitoral.com.ar\/la-cosecha-nacional-de-trigo-cerro-con-17-millones-de-toneladas\/","og_locale":"es_ES","og_type":"article","og_title":"La cosecha nacional de trigo cerr\u00f3 con 17 millones de toneladas - Informe Litoral","og_description":"El rendimiento promedio nacional se ubic\u00f3 en 28,2 quintales por hect\u00e1rea, el segundo m\u00e1s bajo de los \u00faltimos 10 a\u00f1os","og_url":"https:\/\/informelitoral.com.ar\/la-cosecha-nacional-de-trigo-cerro-con-17-millones-de-toneladas\/","og_site_name":"Informe Litoral","article_publisher":"https:\/\/www.facebook.com\/informelitoral\/","article_published_time":"2021-01-18T10:36:41+00:00","og_image":[{"width":1280,"height":852,"url":"https:\/\/informelitoral.com.ar\/%77%70%2d%63%6f%6e%74%65%6e%74\/uploads\/2017\/12\/Trilla-trigo-2.jpg","type":"image\/jpeg"}],"author":"Gonzalo Schmidt","twitter_card":"summary_large_image","twitter_creator":"@InformeLitoral","twitter_site":"@InformeLitoral","twitter_misc":{"Escrito por":"Gonzalo Schmidt","Tiempo de lectura":"2 minutos"},"schema":{"@context":"https:\/\/schema.org","@graph":[{"@type":"Article","@id":"https:\/\/informelitoral.com.ar\/la-cosecha-nacional-de-trigo-cerro-con-17-millones-de-toneladas\/#article","isPartOf":{"@id":"https:\/\/informelitoral.com.ar\/la-cosecha-nacional-de-trigo-cerro-con-17-millones-de-toneladas\/"},"author":{"name":"Gonzalo Schmidt","@id":"https:\/\/informelitoral.com.ar\/#\/schema\/person\/b9d00407c836482871ef1d57bf8e3180"},"headline":"La cosecha nacional de trigo cerr\u00f3 con 17 millones de toneladas","datePublished":"2021-01-18T10:36:41+00:00","mainEntityOfPage":{"@id":"https:\/\/informelitoral.com.ar\/la-cosecha-nacional-de-trigo-cerro-con-17-millones-de-toneladas\/"},"wordCount":320,"commentCount":0,"publisher":{"@id":"https:\/\/informelitoral.com.ar\/#organization"},"image":{"@id":"https:\/\/informelitoral.com.ar\/la-cosecha-nacional-de-trigo-cerro-con-17-millones-de-toneladas\/#primaryimage"},"thumbnailUrl":"https:\/\/informelitoral.com.ar\/%77%70%2d%63%6f%6e%74%65%6e%74\/uploads\/2017\/12\/Trilla-trigo-2.jpg","keywords":["Agricultura","Producci\u00f3n","Trigo"],"articleSection":["Campo"],"inLanguage":"es","potentialAction":[{"@type":"CommentAction","name":"Comment","target":["https:\/\/informelitoral.com.ar\/la-cosecha-nacional-de-trigo-cerro-con-17-millones-de-toneladas\/#respond"]}]},{"@type":"WebPage","@id":"https:\/\/informelitoral.com.ar\/la-cosecha-nacional-de-trigo-cerro-con-17-millones-de-toneladas\/","url":"https:\/\/informelitoral.com.ar\/la-cosecha-nacional-de-trigo-cerro-con-17-millones-de-toneladas\/","name":"La cosecha nacional de trigo cerr\u00f3 con 17 millones de toneladas - Informe Litoral","isPartOf":{"@id":"https:\/\/informelitoral.com.ar\/#website"},"primaryImageOfPage":{"@id":"https:\/\/informelitoral.com.ar\/la-cosecha-nacional-de-trigo-cerro-con-17-millones-de-toneladas\/#primaryimage"},"image":{"@id":"https:\/\/informelitoral.com.ar\/la-cosecha-nacional-de-trigo-cerro-con-17-millones-de-toneladas\/#primaryimage"},"thumbnailUrl":"https:\/\/informelitoral.com.ar\/%77%70%2d%63%6f%6e%74%65%6e%74\/uploads\/2017\/12\/Trilla-trigo-2.jpg","datePublished":"2021-01-18T10:36:41+00:00","breadcrumb":{"@id":"https:\/\/informelitoral.com.ar\/la-cosecha-nacional-de-trigo-cerro-con-17-millones-de-toneladas\/#breadcrumb"},"inLanguage":"es","potentialAction":[{"@type":"ReadAction","target":["https:\/\/informelitoral.com.ar\/la-cosecha-nacional-de-trigo-cerro-con-17-millones-de-toneladas\/"]}]},{"@type":"ImageObject","inLanguage":"es","@id":"https:\/\/informelitoral.com.ar\/la-cosecha-nacional-de-trigo-cerro-con-17-millones-de-toneladas\/#primaryimage","url":"https:\/\/informelitoral.com.ar\/%77%70%2d%63%6f%6e%74%65%6e%74\/uploads\/2017\/12\/Trilla-trigo-2.jpg","contentUrl":"https:\/\/informelitoral.com.ar\/%77%70%2d%63%6f%6e%74%65%6e%74\/uploads\/2017\/12\/Trilla-trigo-2.jpg","width":1280,"height":852},{"@type":"BreadcrumbList","@id":"https:\/\/informelitoral.com.ar\/la-cosecha-nacional-de-trigo-cerro-con-17-millones-de-toneladas\/#breadcrumb","itemListElement":[{"@type":"ListItem","position":1,"name":"Portada","item":"https:\/\/informelitoral.com.ar\/"},{"@type":"ListItem","position":2,"name":"La cosecha nacional de trigo cerr\u00f3 con 17 millones de toneladas"}]},{"@type":"WebSite","@id":"https:\/\/informelitoral.com.ar\/#website","url":"https:\/\/informelitoral.com.ar\/","name":"Informe Litoral","description":"&quot;Nos informamos&quot; ","publisher":{"@id":"https:\/\/informelitoral.com.ar\/#organization"},"potentialAction":[{"@type":"SearchAction","target":{"@type":"EntryPoint","urlTemplate":"https:\/\/informelitoral.com.ar\/?s={search_term_string}"},"query-input":{"@type":"PropertyValueSpecification","valueRequired":true,"valueName":"search_term_string"}}],"inLanguage":"es"},{"@type":"Organization","@id":"https:\/\/informelitoral.com.ar\/#organization","name":"Informe Litoral","url":"https:\/\/informelitoral.com.ar\/","logo":{"@type":"ImageObject","inLanguage":"es","@id":"https:\/\/informelitoral.com.ar\/#\/schema\/logo\/image\/","url":"https:\/\/informelitoral.com.ar\/%77%70%2d%63%6f%6e%74%65%6e%74\/uploads\/2021\/01\/circulo.png","contentUrl":"https:\/\/informelitoral.com.ar\/%77%70%2d%63%6f%6e%74%65%6e%74\/uploads\/2021\/01\/circulo.png","width":723,"height":731,"caption":"Informe Litoral"},"image":{"@id":"https:\/\/informelitoral.com.ar\/#\/schema\/logo\/image\/"},"sameAs":["https:\/\/www.facebook.com\/informelitoral\/","https:\/\/x.com\/InformeLitoral","https:\/\/www.instagram.com\/informelitoral\/","https:\/\/www.youtube.com\/channel\/UCua4Qvz8Icb6MYqhoq9xLXw"]},{"@type":"Person","@id":"https:\/\/informelitoral.com.ar\/#\/schema\/person\/b9d00407c836482871ef1d57bf8e3180","name":"Gonzalo Schmidt","image":{"@type":"ImageObject","inLanguage":"es","@id":"https:\/\/secure.gravatar.com\/avatar\/31a1a7b66ff2de83bd0e9fd79d026630d2d99e55e8bfe501287647b4fd9743de?s=96&d=mm&r=g","url":"https:\/\/secure.gravatar.com\/avatar\/31a1a7b66ff2de83bd0e9fd79d026630d2d99e55e8bfe501287647b4fd9743de?s=96&d=mm&r=g","contentUrl":"https:\/\/secure.gravatar.com\/avatar\/31a1a7b66ff2de83bd0e9fd79d026630d2d99e55e8bfe501287647b4fd9743de?s=96&d=mm&r=g","caption":"Gonzalo Schmidt"},"description":"Sitio web de noticias de la provincia de Entre R\u00edos, Argentina. Informaci\u00f3n y entretenimiento. Informe Litoral, nos informamos.","sameAs":["http:\/\/www.isletasnoticias.com.ar"],"url":"https:\/\/informelitoral.com.ar\/author\/gonzalo\/"}]}},"_links":{"self":[{"href":"https:\/\/informelitoral.com.ar\/%77%70%2d%6a%73%6f%6e\/wp\/v2\/posts\/55802","targetHints":{"allow":["GET"]}}],"collection":[{"href":"https:\/\/informelitoral.com.ar\/%77%70%2d%6a%73%6f%6e\/wp\/v2\/posts"}],"about":[{"href":"https:\/\/informelitoral.com.ar\/%77%70%2d%6a%73%6f%6e\/wp\/v2\/types\/post"}],"author":[{"embeddable":true,"href":"https:\/\/informelitoral.com.ar\/%77%70%2d%6a%73%6f%6e\/wp\/v2\/users\/2"}],"replies":[{"embeddable":true,"href":"https:\/\/informelitoral.com.ar\/%77%70%2d%6a%73%6f%6e\/wp\/v2\/comments?post=55802"}],"version-history":[{"count":0,"href":"https:\/\/informelitoral.com.ar\/%77%70%2d%6a%73%6f%6e\/wp\/v2\/posts\/55802\/revisions"}],"wp:featuredmedia":[{"embeddable":true,"href":"https:\/\/informelitoral.com.ar\/%77%70%2d%6a%73%6f%6e\/wp\/v2\/media\/24327"}],"wp:attachment":[{"href":"https:\/\/informelitoral.com.ar\/%77%70%2d%6a%73%6f%6e\/wp\/v2\/media?parent=55802"}],"wp:term":[{"taxonomy":"category","embeddable":true,"href":"https:\/\/informelitoral.com.ar\/%77%70%2d%6a%73%6f%6e\/wp\/v2\/categories?post=55802"},{"taxonomy":"post_tag","embeddable":true,"href":"https:\/\/informelitoral.com.ar\/%77%70%2d%6a%73%6f%6e\/wp\/v2\/tags?post=55802"}],"curies":[{"name":"wp","href":"https:\/\/api.w.org\/{rel}","templated":true}]}}