{"id":55799,"date":"2021-01-18T07:28:09","date_gmt":"2021-01-18T10:28:09","guid":{"rendered":"https:\/\/www.isletasnoticias.com.ar\/?p=55799"},"modified":"2021-01-18T07:38:30","modified_gmt":"2021-01-18T10:38:30","slug":"transportistas-solo-cortan-el-transito-para-vehiculos-pesados-en-el-tunel-subfluvial","status":"publish","type":"post","link":"https:\/\/informelitoral.com.ar\/transportistas-solo-cortan-el-transito-para-vehiculos-pesados-en-el-tunel-subfluvial\/","title":{"rendered":"Transportistas solo cortan el tr\u00e1nsito para veh\u00edculos pesados en el T\u00fanel Subfluvial"},"content":{"rendered":"<p>Un grupo de\u00a0transportistas autoconvocados, que no se encuentran nucleados en ninguna de las c\u00e1maras empresarias del sector,\u00a0realizan un corte parcial del tr\u00e1nsito en el T\u00fanel Subfluvial que comunica Paran\u00e1 con Santa Fe.<\/p>\n<p>Si bien el reclamo se profundiz\u00f3 desde las 00 de este lunes, solo afecta a todo tipo de transporte de carga. Quienes s\u00ed pueden pasar son veh\u00edculos livianos: autos, camionetas, motos y colectivos.<\/p>\n<p>La medida de fuerza, se da en el marco del\u00a0reclamo de aumentos tarifarios tanto en fletes de granos como de hacienda y generales, adem\u00e1s de exigir que los dadores de carga sean obligados a abonar una tarifa unificada a nivel nacional.<\/p>\n<p>Anoche se hab\u00eda generado preocupaci\u00f3n porque\u00a0en un principio se expres\u00f3 que el corte iba a ser total,\u00a0para todo tipo de veh\u00edculos, pero finalmente no fue as\u00ed, se profundiz\u00f3 para los camiones, tanto cargados como vac\u00edos, supo\u00a0<em>Entremediosweb<\/em>\u00a0por parte de fuentes del sector.<\/p>\n<h3><strong>Principales puntos del reclamo\u00a0<\/strong><\/h3>\n<p>1) Una tarifa regulada para las cargas generales<\/p>\n<p>2) R\u00e1pida actualizaci\u00f3n de las tarifas en base al aumento de costos de combustible<\/p>\n<p>3) Que la tarifa m\u00ednima por kil\u00f3metro sea de $85<\/p>\n<p>4) Regulaci\u00f3n y control estatal de los pagos de los fletes, ya que las demoras les hacen perder -por la inflaci\u00f3n- hasta el 10% de sus ingresos<\/p>\n<p>5) La creaci\u00f3n de un ente regulador que revea condiciones y valores para obtener carnet de manejo<\/p>\n<p>6) Mayor acceso de las empresas a subsidios para la compra de gasoil<\/p>\n<p>7) Tarifa \u00fanica de fletes<\/p>\n<p>8) Rebaja en los costos de revisi\u00f3n t\u00e9cnica.<\/p>\n","protected":false},"excerpt":{"rendered":"<p>La medida de fuerza se profundiz\u00f3 desde la medianoche. Solo afecta a los camiones. Reclaman aumento de tarifas.<\/p>\n","protected":false},"author":2,"featured_media":55800,"comment_status":"closed","ping_status":"closed","sticky":false,"template":"","format":"standard","meta":{"fifu_image_url":"","fifu_image_alt":"","footnotes":""},"categories":[6],"tags":[963,554],"class_list":{"0":"post-55799","1":"post","2":"type-post","3":"status-publish","4":"format-standard","5":"has-post-thumbnail","7":"category-entre-rios","8":"tag-transportistas","9":"tag-tunel-subfluvial"},"yoast_head":"<title>Transportistas solo cortan el tr\u00e1nsito para veh\u00edculos pesados en el T\u00fanel Subfluvial - Informe Litoral<\/title>\n<meta name=\"robots\" content=\"index, follow, max-snippet:-1, max-image-preview:large, max-video-preview:-1\" \/>\n<link rel=\"canonical\" href=\"https:\/\/informelitoral.com.ar\/transportistas-solo-cortan-el-transito-para-vehiculos-pesados-en-el-tunel-subfluvial\/\" \/>\n<meta property=\"og:locale\" content=\"es_ES\" \/>\n<meta property=\"og:type\" content=\"article\" \/>\n<meta property=\"og:title\" content=\"Transportistas solo cortan el tr\u00e1nsito para veh\u00edculos pesados en el T\u00fanel Subfluvial - Informe Litoral\" \/>\n<meta property=\"og:description\" content=\"La medida de fuerza se profundiz\u00f3 desde la medianoche. Solo afecta a los camiones. Reclaman aumento de tarifas.\" \/>\n<meta property=\"og:url\" content=\"https:\/\/informelitoral.com.ar\/transportistas-solo-cortan-el-transito-para-vehiculos-pesados-en-el-tunel-subfluvial\/\" \/>\n<meta property=\"og:site_name\" content=\"Informe Litoral\" \/>\n<meta property=\"article:publisher\" content=\"https:\/\/www.facebook.com\/informelitoral\/\" \/>\n<meta property=\"article:published_time\" content=\"2021-01-18T10:28:09+00:00\" \/>\n<meta property=\"article:modified_time\" content=\"2021-01-18T10:38:30+00:00\" \/>\n<meta property=\"og:image\" content=\"https:\/\/informelitoral.com.ar\/%77%70%2d%63%6f%6e%74%65%6e%74\/uploads\/2021\/01\/paro-transportistas-780x470-1.jpg\" \/>\n\t<meta property=\"og:image:width\" content=\"780\" \/>\n\t<meta property=\"og:image:height\" content=\"470\" \/>\n\t<meta property=\"og:image:type\" content=\"image\/jpeg\" \/>\n<meta name=\"author\" content=\"Gonzalo Schmidt\" \/>\n<meta name=\"twitter:card\" content=\"summary_large_image\" \/>\n<meta name=\"twitter:creator\" content=\"@InformeLitoral\" \/>\n<meta name=\"twitter:site\" content=\"@InformeLitoral\" \/>\n<meta name=\"twitter:label1\" content=\"Escrito por\" \/>\n\t<meta name=\"twitter:data1\" content=\"Gonzalo Schmidt\" \/>\n\t<meta name=\"twitter:label2\" content=\"Tiempo de lectura\" \/>\n\t<meta name=\"twitter:data2\" content=\"1 minuto\" \/>\n<script type=\"application\/ld+json\" class=\"yoast-schema-graph\">{\"@context\":\"https:\\\/\\\/schema.org\",\"@graph\":[{\"@type\":\"Article\",\"@id\":\"https:\\\/\\\/informelitoral.com.ar\\\/transportistas-solo-cortan-el-transito-para-vehiculos-pesados-en-el-tunel-subfluvial\\\/#article\",\"isPartOf\":{\"@id\":\"https:\\\/\\\/informelitoral.com.ar\\\/transportistas-solo-cortan-el-transito-para-vehiculos-pesados-en-el-tunel-subfluvial\\\/\"},\"author\":{\"name\":\"Gonzalo Schmidt\",\"@id\":\"https:\\\/\\\/informelitoral.com.ar\\\/#\\\/schema\\\/person\\\/b9d00407c836482871ef1d57bf8e3180\"},\"headline\":\"Transportistas solo cortan el tr\u00e1nsito para veh\u00edculos pesados en el T\u00fanel Subfluvial\",\"datePublished\":\"2021-01-18T10:28:09+00:00\",\"dateModified\":\"2021-01-18T10:38:30+00:00\",\"mainEntityOfPage\":{\"@id\":\"https:\\\/\\\/informelitoral.com.ar\\\/transportistas-solo-cortan-el-transito-para-vehiculos-pesados-en-el-tunel-subfluvial\\\/\"},\"wordCount\":282,\"publisher\":{\"@id\":\"https:\\\/\\\/informelitoral.com.ar\\\/#organization\"},\"image\":{\"@id\":\"https:\\\/\\\/informelitoral.com.ar\\\/transportistas-solo-cortan-el-transito-para-vehiculos-pesados-en-el-tunel-subfluvial\\\/#primaryimage\"},\"thumbnailUrl\":\"https:\\\/\\\/informelitoral.com.ar\\\/%77%70%2d%63%6f%6e%74%65%6e%74\\\/uploads\\\/2021\\\/01\\\/paro-transportistas-780x470-1.jpg\",\"keywords\":[\"Transportistas\",\"T\u00fanel Subfluvial\"],\"articleSection\":[\"Entre R\u00edos\"],\"inLanguage\":\"es\"},{\"@type\":\"WebPage\",\"@id\":\"https:\\\/\\\/informelitoral.com.ar\\\/transportistas-solo-cortan-el-transito-para-vehiculos-pesados-en-el-tunel-subfluvial\\\/\",\"url\":\"https:\\\/\\\/informelitoral.com.ar\\\/transportistas-solo-cortan-el-transito-para-vehiculos-pesados-en-el-tunel-subfluvial\\\/\",\"name\":\"Transportistas solo cortan el tr\u00e1nsito para veh\u00edculos pesados en el T\u00fanel Subfluvial - Informe Litoral\",\"isPartOf\":{\"@id\":\"https:\\\/\\\/informelitoral.com.ar\\\/#website\"},\"primaryImageOfPage\":{\"@id\":\"https:\\\/\\\/informelitoral.com.ar\\\/transportistas-solo-cortan-el-transito-para-vehiculos-pesados-en-el-tunel-subfluvial\\\/#primaryimage\"},\"image\":{\"@id\":\"https:\\\/\\\/informelitoral.com.ar\\\/transportistas-solo-cortan-el-transito-para-vehiculos-pesados-en-el-tunel-subfluvial\\\/#primaryimage\"},\"thumbnailUrl\":\"https:\\\/\\\/informelitoral.com.ar\\\/%77%70%2d%63%6f%6e%74%65%6e%74\\\/uploads\\\/2021\\\/01\\\/paro-transportistas-780x470-1.jpg\",\"datePublished\":\"2021-01-18T10:28:09+00:00\",\"dateModified\":\"2021-01-18T10:38:30+00:00\",\"breadcrumb\":{\"@id\":\"https:\\\/\\\/informelitoral.com.ar\\\/transportistas-solo-cortan-el-transito-para-vehiculos-pesados-en-el-tunel-subfluvial\\\/#breadcrumb\"},\"inLanguage\":\"es\",\"potentialAction\":[{\"@type\":\"ReadAction\",\"target\":[\"https:\\\/\\\/informelitoral.com.ar\\\/transportistas-solo-cortan-el-transito-para-vehiculos-pesados-en-el-tunel-subfluvial\\\/\"]}]},{\"@type\":\"ImageObject\",\"inLanguage\":\"es\",\"@id\":\"https:\\\/\\\/informelitoral.com.ar\\\/transportistas-solo-cortan-el-transito-para-vehiculos-pesados-en-el-tunel-subfluvial\\\/#primaryimage\",\"url\":\"https:\\\/\\\/informelitoral.com.ar\\\/%77%70%2d%63%6f%6e%74%65%6e%74\\\/uploads\\\/2021\\\/01\\\/paro-transportistas-780x470-1.jpg\",\"contentUrl\":\"https:\\\/\\\/informelitoral.com.ar\\\/%77%70%2d%63%6f%6e%74%65%6e%74\\\/uploads\\\/2021\\\/01\\\/paro-transportistas-780x470-1.jpg\",\"width\":780,\"height\":470},{\"@type\":\"BreadcrumbList\",\"@id\":\"https:\\\/\\\/informelitoral.com.ar\\\/transportistas-solo-cortan-el-transito-para-vehiculos-pesados-en-el-tunel-subfluvial\\\/#breadcrumb\",\"itemListElement\":[{\"@type\":\"ListItem\",\"position\":1,\"name\":\"Portada\",\"item\":\"https:\\\/\\\/informelitoral.com.ar\\\/\"},{\"@type\":\"ListItem\",\"position\":2,\"name\":\"Transportistas solo cortan el tr\u00e1nsito para veh\u00edculos pesados en el T\u00fanel Subfluvial\"}]},{\"@type\":\"WebSite\",\"@id\":\"https:\\\/\\\/informelitoral.com.ar\\\/#website\",\"url\":\"https:\\\/\\\/informelitoral.com.ar\\\/\",\"name\":\"Informe Litoral\",\"description\":\"&quot;Nos informamos&quot; \",\"publisher\":{\"@id\":\"https:\\\/\\\/informelitoral.com.ar\\\/#organization\"},\"potentialAction\":[{\"@type\":\"SearchAction\",\"target\":{\"@type\":\"EntryPoint\",\"urlTemplate\":\"https:\\\/\\\/informelitoral.com.ar\\\/?s={search_term_string}\"},\"query-input\":{\"@type\":\"PropertyValueSpecification\",\"valueRequired\":true,\"valueName\":\"search_term_string\"}}],\"inLanguage\":\"es\"},{\"@type\":\"Organization\",\"@id\":\"https:\\\/\\\/informelitoral.com.ar\\\/#organization\",\"name\":\"Informe Litoral\",\"url\":\"https:\\\/\\\/informelitoral.com.ar\\\/\",\"logo\":{\"@type\":\"ImageObject\",\"inLanguage\":\"es\",\"@id\":\"https:\\\/\\\/informelitoral.com.ar\\\/#\\\/schema\\\/logo\\\/image\\\/\",\"url\":\"https:\\\/\\\/informelitoral.com.ar\\\/%77%70%2d%63%6f%6e%74%65%6e%74\\\/uploads\\\/2021\\\/01\\\/circulo.png\",\"contentUrl\":\"https:\\\/\\\/informelitoral.com.ar\\\/%77%70%2d%63%6f%6e%74%65%6e%74\\\/uploads\\\/2021\\\/01\\\/circulo.png\",\"width\":723,\"height\":731,\"caption\":\"Informe Litoral\"},\"image\":{\"@id\":\"https:\\\/\\\/informelitoral.com.ar\\\/#\\\/schema\\\/logo\\\/image\\\/\"},\"sameAs\":[\"https:\\\/\\\/www.facebook.com\\\/informelitoral\\\/\",\"https:\\\/\\\/x.com\\\/InformeLitoral\",\"https:\\\/\\\/www.instagram.com\\\/informelitoral\\\/\",\"https:\\\/\\\/www.youtube.com\\\/channel\\\/UCua4Qvz8Icb6MYqhoq9xLXw\"]},{\"@type\":\"Person\",\"@id\":\"https:\\\/\\\/informelitoral.com.ar\\\/#\\\/schema\\\/person\\\/b9d00407c836482871ef1d57bf8e3180\",\"name\":\"Gonzalo Schmidt\",\"image\":{\"@type\":\"ImageObject\",\"inLanguage\":\"es\",\"@id\":\"https:\\\/\\\/secure.gravatar.com\\\/avatar\\\/31a1a7b66ff2de83bd0e9fd79d026630d2d99e55e8bfe501287647b4fd9743de?s=96&d=mm&r=g\",\"url\":\"https:\\\/\\\/secure.gravatar.com\\\/avatar\\\/31a1a7b66ff2de83bd0e9fd79d026630d2d99e55e8bfe501287647b4fd9743de?s=96&d=mm&r=g\",\"contentUrl\":\"https:\\\/\\\/secure.gravatar.com\\\/avatar\\\/31a1a7b66ff2de83bd0e9fd79d026630d2d99e55e8bfe501287647b4fd9743de?s=96&d=mm&r=g\",\"caption\":\"Gonzalo Schmidt\"},\"description\":\"Sitio web de noticias de la provincia de Entre R\u00edos, Argentina. Informaci\u00f3n y entretenimiento. Informe Litoral, nos informamos.\",\"sameAs\":[\"http:\\\/\\\/www.isletasnoticias.com.ar\"],\"url\":\"https:\\\/\\\/informelitoral.com.ar\\\/author\\\/gonzalo\\\/\"}]}<\/script>","yoast_head_json":{"title":"Transportistas solo cortan el tr\u00e1nsito para veh\u00edculos pesados en el T\u00fanel Subfluvial - Informe Litoral","robots":{"index":"index","follow":"follow","max-snippet":"max-snippet:-1","max-image-preview":"max-image-preview:large","max-video-preview":"max-video-preview:-1"},"canonical":"https:\/\/informelitoral.com.ar\/transportistas-solo-cortan-el-transito-para-vehiculos-pesados-en-el-tunel-subfluvial\/","og_locale":"es_ES","og_type":"article","og_title":"Transportistas solo cortan el tr\u00e1nsito para veh\u00edculos pesados en el T\u00fanel Subfluvial - Informe Litoral","og_description":"La medida de fuerza se profundiz\u00f3 desde la medianoche. Solo afecta a los camiones. Reclaman aumento de tarifas.","og_url":"https:\/\/informelitoral.com.ar\/transportistas-solo-cortan-el-transito-para-vehiculos-pesados-en-el-tunel-subfluvial\/","og_site_name":"Informe Litoral","article_publisher":"https:\/\/www.facebook.com\/informelitoral\/","article_published_time":"2021-01-18T10:28:09+00:00","article_modified_time":"2021-01-18T10:38:30+00:00","og_image":[{"width":780,"height":470,"url":"https:\/\/informelitoral.com.ar\/%77%70%2d%63%6f%6e%74%65%6e%74\/uploads\/2021\/01\/paro-transportistas-780x470-1.jpg","type":"image\/jpeg"}],"author":"Gonzalo Schmidt","twitter_card":"summary_large_image","twitter_creator":"@InformeLitoral","twitter_site":"@InformeLitoral","twitter_misc":{"Escrito por":"Gonzalo Schmidt","Tiempo de lectura":"1 minuto"},"schema":{"@context":"https:\/\/schema.org","@graph":[{"@type":"Article","@id":"https:\/\/informelitoral.com.ar\/transportistas-solo-cortan-el-transito-para-vehiculos-pesados-en-el-tunel-subfluvial\/#article","isPartOf":{"@id":"https:\/\/informelitoral.com.ar\/transportistas-solo-cortan-el-transito-para-vehiculos-pesados-en-el-tunel-subfluvial\/"},"author":{"name":"Gonzalo Schmidt","@id":"https:\/\/informelitoral.com.ar\/#\/schema\/person\/b9d00407c836482871ef1d57bf8e3180"},"headline":"Transportistas solo cortan el tr\u00e1nsito para veh\u00edculos pesados en el T\u00fanel Subfluvial","datePublished":"2021-01-18T10:28:09+00:00","dateModified":"2021-01-18T10:38:30+00:00","mainEntityOfPage":{"@id":"https:\/\/informelitoral.com.ar\/transportistas-solo-cortan-el-transito-para-vehiculos-pesados-en-el-tunel-subfluvial\/"},"wordCount":282,"publisher":{"@id":"https:\/\/informelitoral.com.ar\/#organization"},"image":{"@id":"https:\/\/informelitoral.com.ar\/transportistas-solo-cortan-el-transito-para-vehiculos-pesados-en-el-tunel-subfluvial\/#primaryimage"},"thumbnailUrl":"https:\/\/informelitoral.com.ar\/%77%70%2d%63%6f%6e%74%65%6e%74\/uploads\/2021\/01\/paro-transportistas-780x470-1.jpg","keywords":["Transportistas","T\u00fanel Subfluvial"],"articleSection":["Entre R\u00edos"],"inLanguage":"es"},{"@type":"WebPage","@id":"https:\/\/informelitoral.com.ar\/transportistas-solo-cortan-el-transito-para-vehiculos-pesados-en-el-tunel-subfluvial\/","url":"https:\/\/informelitoral.com.ar\/transportistas-solo-cortan-el-transito-para-vehiculos-pesados-en-el-tunel-subfluvial\/","name":"Transportistas solo cortan el tr\u00e1nsito para veh\u00edculos pesados en el T\u00fanel Subfluvial - Informe Litoral","isPartOf":{"@id":"https:\/\/informelitoral.com.ar\/#website"},"primaryImageOfPage":{"@id":"https:\/\/informelitoral.com.ar\/transportistas-solo-cortan-el-transito-para-vehiculos-pesados-en-el-tunel-subfluvial\/#primaryimage"},"image":{"@id":"https:\/\/informelitoral.com.ar\/transportistas-solo-cortan-el-transito-para-vehiculos-pesados-en-el-tunel-subfluvial\/#primaryimage"},"thumbnailUrl":"https:\/\/informelitoral.com.ar\/%77%70%2d%63%6f%6e%74%65%6e%74\/uploads\/2021\/01\/paro-transportistas-780x470-1.jpg","datePublished":"2021-01-18T10:28:09+00:00","dateModified":"2021-01-18T10:38:30+00:00","breadcrumb":{"@id":"https:\/\/informelitoral.com.ar\/transportistas-solo-cortan-el-transito-para-vehiculos-pesados-en-el-tunel-subfluvial\/#breadcrumb"},"inLanguage":"es","potentialAction":[{"@type":"ReadAction","target":["https:\/\/informelitoral.com.ar\/transportistas-solo-cortan-el-transito-para-vehiculos-pesados-en-el-tunel-subfluvial\/"]}]},{"@type":"ImageObject","inLanguage":"es","@id":"https:\/\/informelitoral.com.ar\/transportistas-solo-cortan-el-transito-para-vehiculos-pesados-en-el-tunel-subfluvial\/#primaryimage","url":"https:\/\/informelitoral.com.ar\/%77%70%2d%63%6f%6e%74%65%6e%74\/uploads\/2021\/01\/paro-transportistas-780x470-1.jpg","contentUrl":"https:\/\/informelitoral.com.ar\/%77%70%2d%63%6f%6e%74%65%6e%74\/uploads\/2021\/01\/paro-transportistas-780x470-1.jpg","width":780,"height":470},{"@type":"BreadcrumbList","@id":"https:\/\/informelitoral.com.ar\/transportistas-solo-cortan-el-transito-para-vehiculos-pesados-en-el-tunel-subfluvial\/#breadcrumb","itemListElement":[{"@type":"ListItem","position":1,"name":"Portada","item":"https:\/\/informelitoral.com.ar\/"},{"@type":"ListItem","position":2,"name":"Transportistas solo cortan el tr\u00e1nsito para veh\u00edculos pesados en el T\u00fanel Subfluvial"}]},{"@type":"WebSite","@id":"https:\/\/informelitoral.com.ar\/#website","url":"https:\/\/informelitoral.com.ar\/","name":"Informe Litoral","description":"&quot;Nos informamos&quot; ","publisher":{"@id":"https:\/\/informelitoral.com.ar\/#organization"},"potentialAction":[{"@type":"SearchAction","target":{"@type":"EntryPoint","urlTemplate":"https:\/\/informelitoral.com.ar\/?s={search_term_string}"},"query-input":{"@type":"PropertyValueSpecification","valueRequired":true,"valueName":"search_term_string"}}],"inLanguage":"es"},{"@type":"Organization","@id":"https:\/\/informelitoral.com.ar\/#organization","name":"Informe Litoral","url":"https:\/\/informelitoral.com.ar\/","logo":{"@type":"ImageObject","inLanguage":"es","@id":"https:\/\/informelitoral.com.ar\/#\/schema\/logo\/image\/","url":"https:\/\/informelitoral.com.ar\/%77%70%2d%63%6f%6e%74%65%6e%74\/uploads\/2021\/01\/circulo.png","contentUrl":"https:\/\/informelitoral.com.ar\/%77%70%2d%63%6f%6e%74%65%6e%74\/uploads\/2021\/01\/circulo.png","width":723,"height":731,"caption":"Informe Litoral"},"image":{"@id":"https:\/\/informelitoral.com.ar\/#\/schema\/logo\/image\/"},"sameAs":["https:\/\/www.facebook.com\/informelitoral\/","https:\/\/x.com\/InformeLitoral","https:\/\/www.instagram.com\/informelitoral\/","https:\/\/www.youtube.com\/channel\/UCua4Qvz8Icb6MYqhoq9xLXw"]},{"@type":"Person","@id":"https:\/\/informelitoral.com.ar\/#\/schema\/person\/b9d00407c836482871ef1d57bf8e3180","name":"Gonzalo Schmidt","image":{"@type":"ImageObject","inLanguage":"es","@id":"https:\/\/secure.gravatar.com\/avatar\/31a1a7b66ff2de83bd0e9fd79d026630d2d99e55e8bfe501287647b4fd9743de?s=96&d=mm&r=g","url":"https:\/\/secure.gravatar.com\/avatar\/31a1a7b66ff2de83bd0e9fd79d026630d2d99e55e8bfe501287647b4fd9743de?s=96&d=mm&r=g","contentUrl":"https:\/\/secure.gravatar.com\/avatar\/31a1a7b66ff2de83bd0e9fd79d026630d2d99e55e8bfe501287647b4fd9743de?s=96&d=mm&r=g","caption":"Gonzalo Schmidt"},"description":"Sitio web de noticias de la provincia de Entre R\u00edos, Argentina. Informaci\u00f3n y entretenimiento. Informe Litoral, nos informamos.","sameAs":["http:\/\/www.isletasnoticias.com.ar"],"url":"https:\/\/informelitoral.com.ar\/author\/gonzalo\/"}]}},"_links":{"self":[{"href":"https:\/\/informelitoral.com.ar\/%77%70%2d%6a%73%6f%6e\/wp\/v2\/posts\/55799","targetHints":{"allow":["GET"]}}],"collection":[{"href":"https:\/\/informelitoral.com.ar\/%77%70%2d%6a%73%6f%6e\/wp\/v2\/posts"}],"about":[{"href":"https:\/\/informelitoral.com.ar\/%77%70%2d%6a%73%6f%6e\/wp\/v2\/types\/post"}],"author":[{"embeddable":true,"href":"https:\/\/informelitoral.com.ar\/%77%70%2d%6a%73%6f%6e\/wp\/v2\/users\/2"}],"replies":[{"embeddable":true,"href":"https:\/\/informelitoral.com.ar\/%77%70%2d%6a%73%6f%6e\/wp\/v2\/comments?post=55799"}],"version-history":[{"count":0,"href":"https:\/\/informelitoral.com.ar\/%77%70%2d%6a%73%6f%6e\/wp\/v2\/posts\/55799\/revisions"}],"wp:featuredmedia":[{"embeddable":true,"href":"https:\/\/informelitoral.com.ar\/%77%70%2d%6a%73%6f%6e\/wp\/v2\/media\/55800"}],"wp:attachment":[{"href":"https:\/\/informelitoral.com.ar\/%77%70%2d%6a%73%6f%6e\/wp\/v2\/media?parent=55799"}],"wp:term":[{"taxonomy":"category","embeddable":true,"href":"https:\/\/informelitoral.com.ar\/%77%70%2d%6a%73%6f%6e\/wp\/v2\/categories?post=55799"},{"taxonomy":"post_tag","embeddable":true,"href":"https:\/\/informelitoral.com.ar\/%77%70%2d%6a%73%6f%6e\/wp\/v2\/tags?post=55799"}],"curies":[{"name":"wp","href":"https:\/\/api.w.org\/{rel}","templated":true}]}}