{"id":55793,"date":"2021-01-17T20:56:47","date_gmt":"2021-01-17T23:56:47","guid":{"rendered":"https:\/\/www.isletasnoticias.com.ar\/?p=55793"},"modified":"2021-01-17T20:56:47","modified_gmt":"2021-01-17T23:56:47","slug":"transportistas-cortaran-el-transito-en-el-tunel-subfluvial-desde-la-medianoche","status":"publish","type":"post","link":"https:\/\/informelitoral.com.ar\/transportistas-cortaran-el-transito-en-el-tunel-subfluvial-desde-la-medianoche\/","title":{"rendered":"Transportistas cortar\u00e1n el tr\u00e1nsito en el T\u00fanel Subfluvial desde la medianoche"},"content":{"rendered":"<p><strong>Transportistas nucleados en TUDA, anunciaron un corte total de tr\u00e1nsito en el T\u00fanel Subfluvial desde las 00 de este lunes.<\/strong>\u00a0Se trata de un grupo de transportistas autoconvocados, que no se encuentran nucleados en ninguna de las c\u00e1maras empresarias del sector, por lo que es una inc\u00f3gnita el impacto de la decisi\u00f3n.<\/p>\n<p>La medida de fuerza, se da en el marco del\u00a0<strong>reclamo de aumentos tarifarios tanto en fletes de granos como de hacienda y generales, adem\u00e1s de exigir que los dadores de carga sean obligados a abonar una tarifa unificada a nivel nacional.<\/strong><\/p>\n<p>El referente de Transportistas Unidos de Argentina (TUDA)\u00a0<strong>Daniel Romero,\u00a0<\/strong>confirm\u00f3 en la tarde de este domingo a\u00a0<em>An\u00e1lisis Digital\u00a0<\/em>que \u201csiguen adelante con la protesta con corte total y\u00a0paro de transporte que empez\u00f3 el s\u00e1bado a la ma\u00f1ana\u201d.<\/p>\n<p>Anunci\u00f3 que<strong>\u00a0la medida continuar\u00e1 \u201chasta que haya una respuesta favorable del gobierno nacional\u201d con lo cual el paro \u201ces indefinido\u201d<\/strong>\u00a0y mencion\u00f3 que \u201cen un primer momento se dejaban pasar de a 10 camiones, pero ahora se cort\u00f3 totalmente, aunque por el momento est\u00e1n circulando veh\u00edculos particulares y colectivos\u201d.<\/p>\n<p>Sostuvo adem\u00e1s que en otras rutas del pa\u00eds donde se realizan protestas \u201cest\u00e1n con la misma modalidad\u201d, incluido el puente Victoria-Rosario.<\/p>\n<div class=\"stream-item stream-item-in-post stream-item-inline-post aligncenter\">\n<div class=\"clear\"><\/div>\n<\/div>\n<figure class=\"wp-block-image size-large\"><img loading=\"lazy\" decoding=\"async\" class=\"wp-image-79499\" src=\"https:\/\/www.entremediosweb.com\/v2\/%77%70%2d%63%6f%6e%74%65%6e%74\/uploads\/2021\/01\/paro-transportistas-1024x678.jpg\" sizes=\"auto, (max-width: 1024px) 100vw, 1024px\" srcset=\"https:\/\/www.entremediosweb.com\/v2\/%77%70%2d%63%6f%6e%74%65%6e%74\/uploads\/2021\/01\/paro-transportistas-1024x678.jpg 1024w, https:\/\/www.entremediosweb.com\/v2\/%77%70%2d%63%6f%6e%74%65%6e%74\/uploads\/2021\/01\/paro-transportistas-300x198.jpg 300w, https:\/\/www.entremediosweb.com\/v2\/%77%70%2d%63%6f%6e%74%65%6e%74\/uploads\/2021\/01\/paro-transportistas-768x508.jpg 768w, https:\/\/www.entremediosweb.com\/v2\/%77%70%2d%63%6f%6e%74%65%6e%74\/uploads\/2021\/01\/paro-transportistas.jpg 1330w\" alt=\"\" width=\"1024\" height=\"678\" data-attachment-id=\"79499\" data-permalink=\"https:\/\/www.entremediosweb.com\/v2\/transportistas-impidieron-que-camiones-cargados-crucen-el-tunel-subfluvial\/paro-transportistas\/\" data-orig-file=\"https:\/\/www.entremediosweb.com\/v2\/%77%70%2d%63%6f%6e%74%65%6e%74\/uploads\/2021\/01\/paro-transportistas.jpg\" data-orig-size=\"1330,880\" data-comments-opened=\"0\" data-image-meta=\"{&quot;aperture&quot;:&quot;0&quot;,&quot;credit&quot;:&quot;&quot;,&quot;camera&quot;:&quot;&quot;,&quot;caption&quot;:&quot;&quot;,&quot;created_timestamp&quot;:&quot;0&quot;,&quot;copyright&quot;:&quot;&quot;,&quot;focal_length&quot;:&quot;0&quot;,&quot;iso&quot;:&quot;0&quot;,&quot;shutter_speed&quot;:&quot;0&quot;,&quot;title&quot;:&quot;&quot;,&quot;orientation&quot;:&quot;0&quot;}\" data-image-title=\"paro-transportistas\" data-image-description=\"\" data-medium-file=\"https:\/\/www.entremediosweb.com\/v2\/%77%70%2d%63%6f%6e%74%65%6e%74\/uploads\/2021\/01\/paro-transportistas-300x198.jpg\" data-large-file=\"https:\/\/www.entremediosweb.com\/v2\/%77%70%2d%63%6f%6e%74%65%6e%74\/uploads\/2021\/01\/paro-transportistas-1024x678.jpg\" \/><\/figure>\n<h3><strong>Corte total en el T\u00fanel Subfluvial<\/strong><\/h3>\n<p>Romero, reiter\u00f3 que \u201cen el T\u00fanel Subfluvial hasta ayer se dejaba pasar a los camiones que viajaban vac\u00edos, pero hoy ya no pasa ning\u00fan cami\u00f3n; y por el momento hasta este domingo a la tarde est\u00e1n circulando autos particulares y colectivos\u201d.\u00a0<strong>No obstante, anunci\u00f3 que \u201ca partir de las 00 horas ser\u00e1 otra la medida: el corte ser\u00e1 total para todo tipo de veh\u00edculos, se cortar\u00e1 todo el tr\u00e1nsito en el T\u00fanel\u201d.<\/strong><\/p>\n<p>Respecto de las respuestas que esperan, dijo que \u201cpor el momento nadie se ha acercado, y adelant\u00f3 que en caso de continuar sin soluciones \u201cse cortar\u00e1 todo y no van a pasar ni autos particulares, ni colectivos\u201d.<\/p>\n<p>\u201cLa decisi\u00f3n es continuar la protesta\u201d, sentenci\u00f3.<strong>\u00a0\u201cSomos un grupo cada vez m\u00e1s grande y calculo que los compa\u00f1eros y colegas se van a ir uniendo para darnos una mano; cuantos m\u00e1s seamos, mejor\u201d<\/strong>, afirm\u00f3.<\/p>\n<p>Respecto de la situaci\u00f3n en la zona del T\u00fanel, describi\u00f3 que\u00a0<strong>la larga fila de camiones varados \u201cllega hasta Circunvalaci\u00f3n\u201d<\/strong>\u00a0y aclar\u00f3 que \u201cse trata de los transportistas que no pudieron pasar\u201d. \u201cEsto ya se sab\u00eda, no s\u00e9 por qu\u00e9 cargaron y est\u00e1n viajando, porque ya se sab\u00eda que hab\u00eda cortes\u201d, refiri\u00f3.<\/p>\n<p><strong>Principales puntos del reclamo<\/strong><\/p>\n<p>1) Una tarifa regulada para las cargas generales<\/p>\n<p>2) R\u00e1pida actualizaci\u00f3n de las tarifas en base al aumento de costos de combustible<\/p>\n<p>3) Que la tarifa m\u00ednima por kil\u00f3metro sea de $85<\/p>\n<p>4) Regulaci\u00f3n y control estatal de los pagos de los fletes, ya que las demoras les hacen perder -por la inflaci\u00f3n- hasta el 10% de sus ingresos<\/p>\n<p>5) La creaci\u00f3n de un ente regulador que revea condiciones y valores para obtener carnet de manejo<\/p>\n<p>6) Mayor acceso de las empresas a subsidios para la compra de gasoil<\/p>\n<p>7) Tarifa \u00fanica de fletes<\/p>\n<p>8) Rebaja en los costos de revisi\u00f3n t\u00e9cnica.<\/p>\n","protected":false},"excerpt":{"rendered":"<p>Tras el corte parcial que empez\u00f3 el s\u00e1bado, los autoconvocados profundizan la medida de fuerza. Reclaman un aumento de tarifas a nivel nacional.<\/p>\n","protected":false},"author":2,"featured_media":55794,"comment_status":"open","ping_status":"open","sticky":false,"template":"","format":"standard","meta":{"fifu_image_url":"","fifu_image_alt":"","footnotes":""},"categories":[6],"tags":[963,554],"class_list":{"0":"post-55793","1":"post","2":"type-post","3":"status-publish","4":"format-standard","5":"has-post-thumbnail","7":"category-entre-rios","8":"tag-transportistas","9":"tag-tunel-subfluvial"},"yoast_head":"<title>Transportistas cortar\u00e1n el tr\u00e1nsito en el T\u00fanel Subfluvial desde la medianoche - Informe Litoral<\/title>\n<meta name=\"robots\" content=\"index, follow, max-snippet:-1, max-image-preview:large, max-video-preview:-1\" \/>\n<link rel=\"canonical\" href=\"https:\/\/informelitoral.com.ar\/transportistas-cortaran-el-transito-en-el-tunel-subfluvial-desde-la-medianoche\/\" \/>\n<meta property=\"og:locale\" content=\"es_ES\" \/>\n<meta property=\"og:type\" content=\"article\" \/>\n<meta property=\"og:title\" content=\"Transportistas cortar\u00e1n el tr\u00e1nsito en el T\u00fanel Subfluvial desde la medianoche - Informe Litoral\" \/>\n<meta property=\"og:description\" content=\"Tras el corte parcial que empez\u00f3 el s\u00e1bado, los autoconvocados profundizan la medida de fuerza. Reclaman un aumento de tarifas a nivel nacional.\" \/>\n<meta property=\"og:url\" content=\"https:\/\/informelitoral.com.ar\/transportistas-cortaran-el-transito-en-el-tunel-subfluvial-desde-la-medianoche\/\" \/>\n<meta property=\"og:site_name\" content=\"Informe Litoral\" \/>\n<meta property=\"article:publisher\" content=\"https:\/\/www.facebook.com\/informelitoral\/\" \/>\n<meta property=\"article:published_time\" content=\"2021-01-17T23:56:47+00:00\" \/>\n<meta property=\"og:image\" content=\"https:\/\/informelitoral.com.ar\/%77%70%2d%63%6f%6e%74%65%6e%74\/uploads\/2021\/01\/parfo-transportistas-corte-tunel.jpg\" \/>\n\t<meta property=\"og:image:width\" content=\"800\" \/>\n\t<meta property=\"og:image:height\" content=\"450\" \/>\n\t<meta property=\"og:image:type\" content=\"image\/jpeg\" \/>\n<meta name=\"author\" content=\"Gonzalo Schmidt\" \/>\n<meta name=\"twitter:card\" content=\"summary_large_image\" \/>\n<meta name=\"twitter:creator\" content=\"@InformeLitoral\" \/>\n<meta name=\"twitter:site\" content=\"@InformeLitoral\" \/>\n<meta name=\"twitter:label1\" content=\"Escrito por\" \/>\n\t<meta name=\"twitter:data1\" content=\"Gonzalo Schmidt\" \/>\n\t<meta name=\"twitter:label2\" content=\"Tiempo de lectura\" \/>\n\t<meta name=\"twitter:data2\" content=\"3 minutos\" \/>\n<script type=\"application\/ld+json\" class=\"yoast-schema-graph\">{\"@context\":\"https:\\\/\\\/schema.org\",\"@graph\":[{\"@type\":\"Article\",\"@id\":\"https:\\\/\\\/informelitoral.com.ar\\\/transportistas-cortaran-el-transito-en-el-tunel-subfluvial-desde-la-medianoche\\\/#article\",\"isPartOf\":{\"@id\":\"https:\\\/\\\/informelitoral.com.ar\\\/transportistas-cortaran-el-transito-en-el-tunel-subfluvial-desde-la-medianoche\\\/\"},\"author\":{\"name\":\"Gonzalo Schmidt\",\"@id\":\"https:\\\/\\\/informelitoral.com.ar\\\/#\\\/schema\\\/person\\\/b9d00407c836482871ef1d57bf8e3180\"},\"headline\":\"Transportistas cortar\u00e1n el tr\u00e1nsito en el T\u00fanel Subfluvial desde la medianoche\",\"datePublished\":\"2021-01-17T23:56:47+00:00\",\"mainEntityOfPage\":{\"@id\":\"https:\\\/\\\/informelitoral.com.ar\\\/transportistas-cortaran-el-transito-en-el-tunel-subfluvial-desde-la-medianoche\\\/\"},\"wordCount\":557,\"commentCount\":0,\"publisher\":{\"@id\":\"https:\\\/\\\/informelitoral.com.ar\\\/#organization\"},\"image\":{\"@id\":\"https:\\\/\\\/informelitoral.com.ar\\\/transportistas-cortaran-el-transito-en-el-tunel-subfluvial-desde-la-medianoche\\\/#primaryimage\"},\"thumbnailUrl\":\"https:\\\/\\\/informelitoral.com.ar\\\/%77%70%2d%63%6f%6e%74%65%6e%74\\\/uploads\\\/2021\\\/01\\\/parfo-transportistas-corte-tunel.jpg\",\"keywords\":[\"Transportistas\",\"T\u00fanel Subfluvial\"],\"articleSection\":[\"Entre R\u00edos\"],\"inLanguage\":\"es\",\"potentialAction\":[{\"@type\":\"CommentAction\",\"name\":\"Comment\",\"target\":[\"https:\\\/\\\/informelitoral.com.ar\\\/transportistas-cortaran-el-transito-en-el-tunel-subfluvial-desde-la-medianoche\\\/#respond\"]}]},{\"@type\":\"WebPage\",\"@id\":\"https:\\\/\\\/informelitoral.com.ar\\\/transportistas-cortaran-el-transito-en-el-tunel-subfluvial-desde-la-medianoche\\\/\",\"url\":\"https:\\\/\\\/informelitoral.com.ar\\\/transportistas-cortaran-el-transito-en-el-tunel-subfluvial-desde-la-medianoche\\\/\",\"name\":\"Transportistas cortar\u00e1n el tr\u00e1nsito en el T\u00fanel Subfluvial desde la medianoche - Informe Litoral\",\"isPartOf\":{\"@id\":\"https:\\\/\\\/informelitoral.com.ar\\\/#website\"},\"primaryImageOfPage\":{\"@id\":\"https:\\\/\\\/informelitoral.com.ar\\\/transportistas-cortaran-el-transito-en-el-tunel-subfluvial-desde-la-medianoche\\\/#primaryimage\"},\"image\":{\"@id\":\"https:\\\/\\\/informelitoral.com.ar\\\/transportistas-cortaran-el-transito-en-el-tunel-subfluvial-desde-la-medianoche\\\/#primaryimage\"},\"thumbnailUrl\":\"https:\\\/\\\/informelitoral.com.ar\\\/%77%70%2d%63%6f%6e%74%65%6e%74\\\/uploads\\\/2021\\\/01\\\/parfo-transportistas-corte-tunel.jpg\",\"datePublished\":\"2021-01-17T23:56:47+00:00\",\"breadcrumb\":{\"@id\":\"https:\\\/\\\/informelitoral.com.ar\\\/transportistas-cortaran-el-transito-en-el-tunel-subfluvial-desde-la-medianoche\\\/#breadcrumb\"},\"inLanguage\":\"es\",\"potentialAction\":[{\"@type\":\"ReadAction\",\"target\":[\"https:\\\/\\\/informelitoral.com.ar\\\/transportistas-cortaran-el-transito-en-el-tunel-subfluvial-desde-la-medianoche\\\/\"]}]},{\"@type\":\"ImageObject\",\"inLanguage\":\"es\",\"@id\":\"https:\\\/\\\/informelitoral.com.ar\\\/transportistas-cortaran-el-transito-en-el-tunel-subfluvial-desde-la-medianoche\\\/#primaryimage\",\"url\":\"https:\\\/\\\/informelitoral.com.ar\\\/%77%70%2d%63%6f%6e%74%65%6e%74\\\/uploads\\\/2021\\\/01\\\/parfo-transportistas-corte-tunel.jpg\",\"contentUrl\":\"https:\\\/\\\/informelitoral.com.ar\\\/%77%70%2d%63%6f%6e%74%65%6e%74\\\/uploads\\\/2021\\\/01\\\/parfo-transportistas-corte-tunel.jpg\",\"width\":800,\"height\":450},{\"@type\":\"BreadcrumbList\",\"@id\":\"https:\\\/\\\/informelitoral.com.ar\\\/transportistas-cortaran-el-transito-en-el-tunel-subfluvial-desde-la-medianoche\\\/#breadcrumb\",\"itemListElement\":[{\"@type\":\"ListItem\",\"position\":1,\"name\":\"Portada\",\"item\":\"https:\\\/\\\/informelitoral.com.ar\\\/\"},{\"@type\":\"ListItem\",\"position\":2,\"name\":\"Transportistas cortar\u00e1n el tr\u00e1nsito en el T\u00fanel Subfluvial desde la medianoche\"}]},{\"@type\":\"WebSite\",\"@id\":\"https:\\\/\\\/informelitoral.com.ar\\\/#website\",\"url\":\"https:\\\/\\\/informelitoral.com.ar\\\/\",\"name\":\"Informe Litoral\",\"description\":\"&quot;Nos informamos&quot; \",\"publisher\":{\"@id\":\"https:\\\/\\\/informelitoral.com.ar\\\/#organization\"},\"potentialAction\":[{\"@type\":\"SearchAction\",\"target\":{\"@type\":\"EntryPoint\",\"urlTemplate\":\"https:\\\/\\\/informelitoral.com.ar\\\/?s={search_term_string}\"},\"query-input\":{\"@type\":\"PropertyValueSpecification\",\"valueRequired\":true,\"valueName\":\"search_term_string\"}}],\"inLanguage\":\"es\"},{\"@type\":\"Organization\",\"@id\":\"https:\\\/\\\/informelitoral.com.ar\\\/#organization\",\"name\":\"Informe Litoral\",\"url\":\"https:\\\/\\\/informelitoral.com.ar\\\/\",\"logo\":{\"@type\":\"ImageObject\",\"inLanguage\":\"es\",\"@id\":\"https:\\\/\\\/informelitoral.com.ar\\\/#\\\/schema\\\/logo\\\/image\\\/\",\"url\":\"https:\\\/\\\/informelitoral.com.ar\\\/%77%70%2d%63%6f%6e%74%65%6e%74\\\/uploads\\\/2021\\\/01\\\/circulo.png\",\"contentUrl\":\"https:\\\/\\\/informelitoral.com.ar\\\/%77%70%2d%63%6f%6e%74%65%6e%74\\\/uploads\\\/2021\\\/01\\\/circulo.png\",\"width\":723,\"height\":731,\"caption\":\"Informe Litoral\"},\"image\":{\"@id\":\"https:\\\/\\\/informelitoral.com.ar\\\/#\\\/schema\\\/logo\\\/image\\\/\"},\"sameAs\":[\"https:\\\/\\\/www.facebook.com\\\/informelitoral\\\/\",\"https:\\\/\\\/x.com\\\/InformeLitoral\",\"https:\\\/\\\/www.instagram.com\\\/informelitoral\\\/\",\"https:\\\/\\\/www.youtube.com\\\/channel\\\/UCua4Qvz8Icb6MYqhoq9xLXw\"]},{\"@type\":\"Person\",\"@id\":\"https:\\\/\\\/informelitoral.com.ar\\\/#\\\/schema\\\/person\\\/b9d00407c836482871ef1d57bf8e3180\",\"name\":\"Gonzalo Schmidt\",\"image\":{\"@type\":\"ImageObject\",\"inLanguage\":\"es\",\"@id\":\"https:\\\/\\\/secure.gravatar.com\\\/avatar\\\/31a1a7b66ff2de83bd0e9fd79d026630d2d99e55e8bfe501287647b4fd9743de?s=96&d=mm&r=g\",\"url\":\"https:\\\/\\\/secure.gravatar.com\\\/avatar\\\/31a1a7b66ff2de83bd0e9fd79d026630d2d99e55e8bfe501287647b4fd9743de?s=96&d=mm&r=g\",\"contentUrl\":\"https:\\\/\\\/secure.gravatar.com\\\/avatar\\\/31a1a7b66ff2de83bd0e9fd79d026630d2d99e55e8bfe501287647b4fd9743de?s=96&d=mm&r=g\",\"caption\":\"Gonzalo Schmidt\"},\"description\":\"Sitio web de noticias de la provincia de Entre R\u00edos, Argentina. Informaci\u00f3n y entretenimiento. Informe Litoral, nos informamos.\",\"sameAs\":[\"http:\\\/\\\/www.isletasnoticias.com.ar\"],\"url\":\"https:\\\/\\\/informelitoral.com.ar\\\/author\\\/gonzalo\\\/\"}]}<\/script>","yoast_head_json":{"title":"Transportistas cortar\u00e1n el tr\u00e1nsito en el T\u00fanel Subfluvial desde la medianoche - Informe Litoral","robots":{"index":"index","follow":"follow","max-snippet":"max-snippet:-1","max-image-preview":"max-image-preview:large","max-video-preview":"max-video-preview:-1"},"canonical":"https:\/\/informelitoral.com.ar\/transportistas-cortaran-el-transito-en-el-tunel-subfluvial-desde-la-medianoche\/","og_locale":"es_ES","og_type":"article","og_title":"Transportistas cortar\u00e1n el tr\u00e1nsito en el T\u00fanel Subfluvial desde la medianoche - Informe Litoral","og_description":"Tras el corte parcial que empez\u00f3 el s\u00e1bado, los autoconvocados profundizan la medida de fuerza. Reclaman un aumento de tarifas a nivel nacional.","og_url":"https:\/\/informelitoral.com.ar\/transportistas-cortaran-el-transito-en-el-tunel-subfluvial-desde-la-medianoche\/","og_site_name":"Informe Litoral","article_publisher":"https:\/\/www.facebook.com\/informelitoral\/","article_published_time":"2021-01-17T23:56:47+00:00","og_image":[{"width":800,"height":450,"url":"https:\/\/informelitoral.com.ar\/%77%70%2d%63%6f%6e%74%65%6e%74\/uploads\/2021\/01\/parfo-transportistas-corte-tunel.jpg","type":"image\/jpeg"}],"author":"Gonzalo Schmidt","twitter_card":"summary_large_image","twitter_creator":"@InformeLitoral","twitter_site":"@InformeLitoral","twitter_misc":{"Escrito por":"Gonzalo Schmidt","Tiempo de lectura":"3 minutos"},"schema":{"@context":"https:\/\/schema.org","@graph":[{"@type":"Article","@id":"https:\/\/informelitoral.com.ar\/transportistas-cortaran-el-transito-en-el-tunel-subfluvial-desde-la-medianoche\/#article","isPartOf":{"@id":"https:\/\/informelitoral.com.ar\/transportistas-cortaran-el-transito-en-el-tunel-subfluvial-desde-la-medianoche\/"},"author":{"name":"Gonzalo Schmidt","@id":"https:\/\/informelitoral.com.ar\/#\/schema\/person\/b9d00407c836482871ef1d57bf8e3180"},"headline":"Transportistas cortar\u00e1n el tr\u00e1nsito en el T\u00fanel Subfluvial desde la medianoche","datePublished":"2021-01-17T23:56:47+00:00","mainEntityOfPage":{"@id":"https:\/\/informelitoral.com.ar\/transportistas-cortaran-el-transito-en-el-tunel-subfluvial-desde-la-medianoche\/"},"wordCount":557,"commentCount":0,"publisher":{"@id":"https:\/\/informelitoral.com.ar\/#organization"},"image":{"@id":"https:\/\/informelitoral.com.ar\/transportistas-cortaran-el-transito-en-el-tunel-subfluvial-desde-la-medianoche\/#primaryimage"},"thumbnailUrl":"https:\/\/informelitoral.com.ar\/%77%70%2d%63%6f%6e%74%65%6e%74\/uploads\/2021\/01\/parfo-transportistas-corte-tunel.jpg","keywords":["Transportistas","T\u00fanel Subfluvial"],"articleSection":["Entre R\u00edos"],"inLanguage":"es","potentialAction":[{"@type":"CommentAction","name":"Comment","target":["https:\/\/informelitoral.com.ar\/transportistas-cortaran-el-transito-en-el-tunel-subfluvial-desde-la-medianoche\/#respond"]}]},{"@type":"WebPage","@id":"https:\/\/informelitoral.com.ar\/transportistas-cortaran-el-transito-en-el-tunel-subfluvial-desde-la-medianoche\/","url":"https:\/\/informelitoral.com.ar\/transportistas-cortaran-el-transito-en-el-tunel-subfluvial-desde-la-medianoche\/","name":"Transportistas cortar\u00e1n el tr\u00e1nsito en el T\u00fanel Subfluvial desde la medianoche - Informe Litoral","isPartOf":{"@id":"https:\/\/informelitoral.com.ar\/#website"},"primaryImageOfPage":{"@id":"https:\/\/informelitoral.com.ar\/transportistas-cortaran-el-transito-en-el-tunel-subfluvial-desde-la-medianoche\/#primaryimage"},"image":{"@id":"https:\/\/informelitoral.com.ar\/transportistas-cortaran-el-transito-en-el-tunel-subfluvial-desde-la-medianoche\/#primaryimage"},"thumbnailUrl":"https:\/\/informelitoral.com.ar\/%77%70%2d%63%6f%6e%74%65%6e%74\/uploads\/2021\/01\/parfo-transportistas-corte-tunel.jpg","datePublished":"2021-01-17T23:56:47+00:00","breadcrumb":{"@id":"https:\/\/informelitoral.com.ar\/transportistas-cortaran-el-transito-en-el-tunel-subfluvial-desde-la-medianoche\/#breadcrumb"},"inLanguage":"es","potentialAction":[{"@type":"ReadAction","target":["https:\/\/informelitoral.com.ar\/transportistas-cortaran-el-transito-en-el-tunel-subfluvial-desde-la-medianoche\/"]}]},{"@type":"ImageObject","inLanguage":"es","@id":"https:\/\/informelitoral.com.ar\/transportistas-cortaran-el-transito-en-el-tunel-subfluvial-desde-la-medianoche\/#primaryimage","url":"https:\/\/informelitoral.com.ar\/%77%70%2d%63%6f%6e%74%65%6e%74\/uploads\/2021\/01\/parfo-transportistas-corte-tunel.jpg","contentUrl":"https:\/\/informelitoral.com.ar\/%77%70%2d%63%6f%6e%74%65%6e%74\/uploads\/2021\/01\/parfo-transportistas-corte-tunel.jpg","width":800,"height":450},{"@type":"BreadcrumbList","@id":"https:\/\/informelitoral.com.ar\/transportistas-cortaran-el-transito-en-el-tunel-subfluvial-desde-la-medianoche\/#breadcrumb","itemListElement":[{"@type":"ListItem","position":1,"name":"Portada","item":"https:\/\/informelitoral.com.ar\/"},{"@type":"ListItem","position":2,"name":"Transportistas cortar\u00e1n el tr\u00e1nsito en el T\u00fanel Subfluvial desde la medianoche"}]},{"@type":"WebSite","@id":"https:\/\/informelitoral.com.ar\/#website","url":"https:\/\/informelitoral.com.ar\/","name":"Informe Litoral","description":"&quot;Nos informamos&quot; ","publisher":{"@id":"https:\/\/informelitoral.com.ar\/#organization"},"potentialAction":[{"@type":"SearchAction","target":{"@type":"EntryPoint","urlTemplate":"https:\/\/informelitoral.com.ar\/?s={search_term_string}"},"query-input":{"@type":"PropertyValueSpecification","valueRequired":true,"valueName":"search_term_string"}}],"inLanguage":"es"},{"@type":"Organization","@id":"https:\/\/informelitoral.com.ar\/#organization","name":"Informe Litoral","url":"https:\/\/informelitoral.com.ar\/","logo":{"@type":"ImageObject","inLanguage":"es","@id":"https:\/\/informelitoral.com.ar\/#\/schema\/logo\/image\/","url":"https:\/\/informelitoral.com.ar\/%77%70%2d%63%6f%6e%74%65%6e%74\/uploads\/2021\/01\/circulo.png","contentUrl":"https:\/\/informelitoral.com.ar\/%77%70%2d%63%6f%6e%74%65%6e%74\/uploads\/2021\/01\/circulo.png","width":723,"height":731,"caption":"Informe Litoral"},"image":{"@id":"https:\/\/informelitoral.com.ar\/#\/schema\/logo\/image\/"},"sameAs":["https:\/\/www.facebook.com\/informelitoral\/","https:\/\/x.com\/InformeLitoral","https:\/\/www.instagram.com\/informelitoral\/","https:\/\/www.youtube.com\/channel\/UCua4Qvz8Icb6MYqhoq9xLXw"]},{"@type":"Person","@id":"https:\/\/informelitoral.com.ar\/#\/schema\/person\/b9d00407c836482871ef1d57bf8e3180","name":"Gonzalo Schmidt","image":{"@type":"ImageObject","inLanguage":"es","@id":"https:\/\/secure.gravatar.com\/avatar\/31a1a7b66ff2de83bd0e9fd79d026630d2d99e55e8bfe501287647b4fd9743de?s=96&d=mm&r=g","url":"https:\/\/secure.gravatar.com\/avatar\/31a1a7b66ff2de83bd0e9fd79d026630d2d99e55e8bfe501287647b4fd9743de?s=96&d=mm&r=g","contentUrl":"https:\/\/secure.gravatar.com\/avatar\/31a1a7b66ff2de83bd0e9fd79d026630d2d99e55e8bfe501287647b4fd9743de?s=96&d=mm&r=g","caption":"Gonzalo Schmidt"},"description":"Sitio web de noticias de la provincia de Entre R\u00edos, Argentina. Informaci\u00f3n y entretenimiento. Informe Litoral, nos informamos.","sameAs":["http:\/\/www.isletasnoticias.com.ar"],"url":"https:\/\/informelitoral.com.ar\/author\/gonzalo\/"}]}},"_links":{"self":[{"href":"https:\/\/informelitoral.com.ar\/%77%70%2d%6a%73%6f%6e\/wp\/v2\/posts\/55793","targetHints":{"allow":["GET"]}}],"collection":[{"href":"https:\/\/informelitoral.com.ar\/%77%70%2d%6a%73%6f%6e\/wp\/v2\/posts"}],"about":[{"href":"https:\/\/informelitoral.com.ar\/%77%70%2d%6a%73%6f%6e\/wp\/v2\/types\/post"}],"author":[{"embeddable":true,"href":"https:\/\/informelitoral.com.ar\/%77%70%2d%6a%73%6f%6e\/wp\/v2\/users\/2"}],"replies":[{"embeddable":true,"href":"https:\/\/informelitoral.com.ar\/%77%70%2d%6a%73%6f%6e\/wp\/v2\/comments?post=55793"}],"version-history":[{"count":0,"href":"https:\/\/informelitoral.com.ar\/%77%70%2d%6a%73%6f%6e\/wp\/v2\/posts\/55793\/revisions"}],"wp:featuredmedia":[{"embeddable":true,"href":"https:\/\/informelitoral.com.ar\/%77%70%2d%6a%73%6f%6e\/wp\/v2\/media\/55794"}],"wp:attachment":[{"href":"https:\/\/informelitoral.com.ar\/%77%70%2d%6a%73%6f%6e\/wp\/v2\/media?parent=55793"}],"wp:term":[{"taxonomy":"category","embeddable":true,"href":"https:\/\/informelitoral.com.ar\/%77%70%2d%6a%73%6f%6e\/wp\/v2\/categories?post=55793"},{"taxonomy":"post_tag","embeddable":true,"href":"https:\/\/informelitoral.com.ar\/%77%70%2d%6a%73%6f%6e\/wp\/v2\/tags?post=55793"}],"curies":[{"name":"wp","href":"https:\/\/api.w.org\/{rel}","templated":true}]}}