{"id":5573,"date":"2014-02-12T15:57:06","date_gmt":"2014-02-12T18:57:06","guid":{"rendered":"http:\/\/www.isletasnoticias.com.ar\/?p=5573"},"modified":"2014-02-12T16:05:08","modified_gmt":"2014-02-12T19:05:08","slug":"sebastian-basalo-el-arte-de-la-palabra","status":"publish","type":"post","link":"https:\/\/informelitoral.com.ar\/sebastian-basalo-el-arte-de-la-palabra\/","title":{"rendered":"Sebasti\u00e1n Basalo, el arte de la palabra"},"content":{"rendered":"<p><strong>\u00abSoy un laburante, que cree que todo se construye trabajando. No hay otra f\u00f3rmula ni receta\u00bb, se\u00f1ala el conductor de &#8216;Ahora S\u00ed&#8217;, ciclo que conduce de lune<strong>s a viernes de 21 a 24 por\u00a0<em>Radio 10.<\/em><\/strong><\/strong><\/p>\n<p><img loading=\"lazy\" decoding=\"async\" class=\"aligncenter size-medium wp-image-5574\" alt=\"basalo\" src=\"http:\/\/www.isletasnoticias.com.ar\/%77%70%2d%63%6f%6e%74%65%6e%74\/uploads\/2014\/02\/basalo-300x168.jpg\" width=\"300\" height=\"168\" srcset=\"https:\/\/informelitoral.com.ar\/%77%70%2d%63%6f%6e%74%65%6e%74\/uploads\/2014\/02\/basalo-300x168.jpg 300w, https:\/\/informelitoral.com.ar\/%77%70%2d%63%6f%6e%74%65%6e%74\/uploads\/2014\/02\/basalo.jpg 960w\" sizes=\"auto, (max-width: 300px) 100vw, 300px\" \/><\/p>\n<p>Si en este momento tuviera que hacer mi carta de presentaci\u00f3n ante quien no me conoce, dir\u00eda que antes que nada soy un artista, que se puede expresar a trav\u00e9s de distintos medios, como el canto, la actuaci\u00f3n o la palabra hablada en radio\u00bb, dispara de entrada<b>\u00a0Sebasti\u00e1n Basalo,<\/b>\u00a0quien conduce\u00a0<b>Ahora S\u00ed,<\/b>\u00a0ciclo que se emite de lunes a viernes de 21 a 24 por la\u00a0<b>AM 710 Radio 10<\/b>\u00a0y que ha entrado en su s\u00e9ptima temporada consecutiva, y a continuaci\u00f3n agrega: \u00abLuego se\u00f1alar\u00eda que soy un laburante, que cree que todo se construye trabajando. No hay otra f\u00f3rmula ni receta. Todo lo que soy lo forj\u00e9 en base al trabajo, al estudio y al esfuerzo\u00bb.<\/p>\n<div>\n<p>Egresado del ISER, cuenta que \u00abme recibi muy joven de locutor, pero antes de ser locutor ya ven\u00eda actuando en grupos de teatro de barrio. Lo mismo me pas\u00f3 con la m\u00fasica, que empec\u00e9 a cantar desde muy jovencito y ahora me estoy dando el gusto de hacerlo tambi\u00e9n en mis shows del teatro, donde protagoniz\u00f3 la obra Habemus Risa, con direcci\u00f3n de Ernesto Medela, que estoy haciendo en gira principalmente por la Provincia de Buenos Aires\u00bb.<\/p>\n<p>Asegura que \u00abAhora S\u00ed ya es un cl\u00e1sico de Radio 10 que est\u00e1 instalado entre la gente y que sigue estando primero en el share. Tenemos la gran suerte y el orgullo que el p\u00fablico nos elija. A trav\u00e9s de los siete a\u00f1os que llevamos en el aire, el programa ha variado en los contenidos, pero la esencia sigue siendo la misma: mantener la tem\u00e1tica retro y ser generoso en los premios que repartimos entre los oyentes. A excepci\u00f3n de un a\u00f1o que lo hizo Jorge Formento, yo fui su conductor las otras seis temporadas que lleva en el aire. En definitiva, te dir\u00eda que se trata de un programa distendido que sabe entender lo que la gente quiere escuchar en ese horario. Creo que ah\u00ed est\u00e1 la clave de nuestro \u00e9xito\u00bb.<\/p>\n<p>Recientemente acaba de editar su primer CD, Una Noche M\u00e1s, \u00abdonde me di el lujo de cantar a d\u00fao con El Chaque\u00f1o Palavecino. Todo surgi\u00f3 a partir de la propuesta que me hizo un productor musical que me ofreci\u00f3 grabar un disco. Antes de aceptar, lo pens\u00e9 mucho, pero finalmente me anim\u00e9 y nos pusimos a trabajar. Dos temas son de mi autor\u00eda, el que le da nombre a la placa y Te Dije Adi\u00f3s. Adem\u00e1s, entre otros, interpreto Abr\u00e1zame, de Julio Iglesias; C\u00f3mo le Digo, del Potro Rodrigo, y Para Decir Adi\u00f3s, de Jos\u00e9 Feliciano. Para mediados de a\u00f1o, tengo la idea de presentarlo en alg\u00fan teatro c\u00e9ntrico. Es un trabajo que lo hicimos con mucho respeto, rodeado por aut\u00e9nticos profesionales y fundamentalmente, fue realizado con mucho amor\u00bb. (Fuente: Diario Popular).<\/p>\n<\/div>\n","protected":false},"excerpt":{"rendered":"<p>&laquo;Soy un laburante, que cree que todo se construye trabajando. No hay otra f&oacute;rmula ni receta&raquo;, se&ntilde;ala el conductor de &lsquo;Ahora S&iacute;&rsquo;, ciclo que conduce de lunes a viernes de 21 a 24 por&nbsp;Radio 10. Si en este momento tuviera que hacer mi carta de presentaci&oacute;n ante quien no me conoce, dir&iacute;a que antes que [&hellip;]<\/p>\n","protected":false},"author":2,"featured_media":0,"comment_status":"open","ping_status":"open","sticky":false,"template":"","format":"standard","meta":{"fifu_image_url":"","fifu_image_alt":"","footnotes":""},"categories":[12],"tags":[],"class_list":{"0":"post-5573","1":"post","2":"type-post","3":"status-publish","4":"format-standard","6":"category-espectaculos"},"yoast_head":"<title>Sebasti\u00e1n Basalo, el arte de la palabra - Informe Litoral<\/title>\n<meta name=\"robots\" content=\"index, follow, max-snippet:-1, max-image-preview:large, max-video-preview:-1\" \/>\n<link rel=\"canonical\" href=\"https:\/\/informelitoral.com.ar\/sebastian-basalo-el-arte-de-la-palabra\/\" \/>\n<meta property=\"og:locale\" content=\"es_ES\" \/>\n<meta property=\"og:type\" content=\"article\" \/>\n<meta property=\"og:title\" content=\"Sebasti\u00e1n Basalo, el arte de la palabra - Informe Litoral\" \/>\n<meta property=\"og:description\" content=\"&laquo;Soy un laburante, que cree que todo se construye trabajando. No hay otra f&oacute;rmula ni receta&raquo;, se&ntilde;ala el conductor de &lsquo;Ahora S&iacute;&rsquo;, ciclo que conduce de lunes a viernes de 21 a 24 por&nbsp;Radio 10. Si en este momento tuviera que hacer mi carta de presentaci&oacute;n ante quien no me conoce, dir&iacute;a que antes que [&hellip;]\" \/>\n<meta property=\"og:url\" content=\"https:\/\/informelitoral.com.ar\/sebastian-basalo-el-arte-de-la-palabra\/\" \/>\n<meta property=\"og:site_name\" content=\"Informe Litoral\" \/>\n<meta property=\"article:publisher\" content=\"https:\/\/www.facebook.com\/informelitoral\/\" \/>\n<meta property=\"article:published_time\" content=\"2014-02-12T18:57:06+00:00\" \/>\n<meta property=\"article:modified_time\" content=\"2014-02-12T19:05:08+00:00\" \/>\n<meta property=\"og:image\" content=\"https:\/\/informelitoral.com.ar\/%77%70%2d%63%6f%6e%74%65%6e%74\/uploads\/2014\/02\/basalo.jpg\" \/>\n\t<meta property=\"og:image:width\" content=\"960\" \/>\n\t<meta property=\"og:image:height\" content=\"540\" \/>\n\t<meta property=\"og:image:type\" content=\"image\/jpeg\" \/>\n<meta name=\"author\" content=\"Gonzalo Schmidt\" \/>\n<meta name=\"twitter:card\" content=\"summary_large_image\" \/>\n<meta name=\"twitter:creator\" content=\"@InformeLitoral\" \/>\n<meta name=\"twitter:site\" content=\"@InformeLitoral\" \/>\n<meta name=\"twitter:label1\" content=\"Escrito por\" \/>\n\t<meta name=\"twitter:data1\" content=\"Gonzalo Schmidt\" \/>\n\t<meta name=\"twitter:label2\" content=\"Tiempo de lectura\" \/>\n\t<meta name=\"twitter:data2\" content=\"3 minutos\" \/>\n<script type=\"application\/ld+json\" class=\"yoast-schema-graph\">{\"@context\":\"https:\\\/\\\/schema.org\",\"@graph\":[{\"@type\":\"Article\",\"@id\":\"https:\\\/\\\/informelitoral.com.ar\\\/sebastian-basalo-el-arte-de-la-palabra\\\/#article\",\"isPartOf\":{\"@id\":\"https:\\\/\\\/informelitoral.com.ar\\\/sebastian-basalo-el-arte-de-la-palabra\\\/\"},\"author\":{\"name\":\"Gonzalo Schmidt\",\"@id\":\"https:\\\/\\\/informelitoral.com.ar\\\/#\\\/schema\\\/person\\\/b9d00407c836482871ef1d57bf8e3180\"},\"headline\":\"Sebasti\u00e1n Basalo, el arte de la palabra\",\"datePublished\":\"2014-02-12T18:57:06+00:00\",\"dateModified\":\"2014-02-12T19:05:08+00:00\",\"mainEntityOfPage\":{\"@id\":\"https:\\\/\\\/informelitoral.com.ar\\\/sebastian-basalo-el-arte-de-la-palabra\\\/\"},\"wordCount\":532,\"commentCount\":0,\"publisher\":{\"@id\":\"https:\\\/\\\/informelitoral.com.ar\\\/#organization\"},\"image\":{\"@id\":\"https:\\\/\\\/informelitoral.com.ar\\\/sebastian-basalo-el-arte-de-la-palabra\\\/#primaryimage\"},\"thumbnailUrl\":\"http:\\\/\\\/www.isletasnoticias.com.ar\\\/%77%70%2d%63%6f%6e%74%65%6e%74\\\/uploads\\\/2014\\\/02\\\/basalo-300x168.jpg\",\"articleSection\":[\"Espect\u00e1culos\"],\"inLanguage\":\"es\",\"potentialAction\":[{\"@type\":\"CommentAction\",\"name\":\"Comment\",\"target\":[\"https:\\\/\\\/informelitoral.com.ar\\\/sebastian-basalo-el-arte-de-la-palabra\\\/#respond\"]}]},{\"@type\":\"WebPage\",\"@id\":\"https:\\\/\\\/informelitoral.com.ar\\\/sebastian-basalo-el-arte-de-la-palabra\\\/\",\"url\":\"https:\\\/\\\/informelitoral.com.ar\\\/sebastian-basalo-el-arte-de-la-palabra\\\/\",\"name\":\"Sebasti\u00e1n Basalo, el arte de la palabra - Informe Litoral\",\"isPartOf\":{\"@id\":\"https:\\\/\\\/informelitoral.com.ar\\\/#website\"},\"primaryImageOfPage\":{\"@id\":\"https:\\\/\\\/informelitoral.com.ar\\\/sebastian-basalo-el-arte-de-la-palabra\\\/#primaryimage\"},\"image\":{\"@id\":\"https:\\\/\\\/informelitoral.com.ar\\\/sebastian-basalo-el-arte-de-la-palabra\\\/#primaryimage\"},\"thumbnailUrl\":\"http:\\\/\\\/www.isletasnoticias.com.ar\\\/%77%70%2d%63%6f%6e%74%65%6e%74\\\/uploads\\\/2014\\\/02\\\/basalo-300x168.jpg\",\"datePublished\":\"2014-02-12T18:57:06+00:00\",\"dateModified\":\"2014-02-12T19:05:08+00:00\",\"breadcrumb\":{\"@id\":\"https:\\\/\\\/informelitoral.com.ar\\\/sebastian-basalo-el-arte-de-la-palabra\\\/#breadcrumb\"},\"inLanguage\":\"es\",\"potentialAction\":[{\"@type\":\"ReadAction\",\"target\":[\"https:\\\/\\\/informelitoral.com.ar\\\/sebastian-basalo-el-arte-de-la-palabra\\\/\"]}]},{\"@type\":\"ImageObject\",\"inLanguage\":\"es\",\"@id\":\"https:\\\/\\\/informelitoral.com.ar\\\/sebastian-basalo-el-arte-de-la-palabra\\\/#primaryimage\",\"url\":\"http:\\\/\\\/www.isletasnoticias.com.ar\\\/%77%70%2d%63%6f%6e%74%65%6e%74\\\/uploads\\\/2014\\\/02\\\/basalo-300x168.jpg\",\"contentUrl\":\"http:\\\/\\\/www.isletasnoticias.com.ar\\\/%77%70%2d%63%6f%6e%74%65%6e%74\\\/uploads\\\/2014\\\/02\\\/basalo-300x168.jpg\"},{\"@type\":\"BreadcrumbList\",\"@id\":\"https:\\\/\\\/informelitoral.com.ar\\\/sebastian-basalo-el-arte-de-la-palabra\\\/#breadcrumb\",\"itemListElement\":[{\"@type\":\"ListItem\",\"position\":1,\"name\":\"Portada\",\"item\":\"https:\\\/\\\/informelitoral.com.ar\\\/\"},{\"@type\":\"ListItem\",\"position\":2,\"name\":\"Sebasti\u00e1n Basalo, el arte de la palabra\"}]},{\"@type\":\"WebSite\",\"@id\":\"https:\\\/\\\/informelitoral.com.ar\\\/#website\",\"url\":\"https:\\\/\\\/informelitoral.com.ar\\\/\",\"name\":\"Informe Litoral\",\"description\":\"&quot;Nos informamos&quot; \",\"publisher\":{\"@id\":\"https:\\\/\\\/informelitoral.com.ar\\\/#organization\"},\"potentialAction\":[{\"@type\":\"SearchAction\",\"target\":{\"@type\":\"EntryPoint\",\"urlTemplate\":\"https:\\\/\\\/informelitoral.com.ar\\\/?s={search_term_string}\"},\"query-input\":{\"@type\":\"PropertyValueSpecification\",\"valueRequired\":true,\"valueName\":\"search_term_string\"}}],\"inLanguage\":\"es\"},{\"@type\":\"Organization\",\"@id\":\"https:\\\/\\\/informelitoral.com.ar\\\/#organization\",\"name\":\"Informe Litoral\",\"url\":\"https:\\\/\\\/informelitoral.com.ar\\\/\",\"logo\":{\"@type\":\"ImageObject\",\"inLanguage\":\"es\",\"@id\":\"https:\\\/\\\/informelitoral.com.ar\\\/#\\\/schema\\\/logo\\\/image\\\/\",\"url\":\"https:\\\/\\\/informelitoral.com.ar\\\/%77%70%2d%63%6f%6e%74%65%6e%74\\\/uploads\\\/2021\\\/01\\\/circulo.png\",\"contentUrl\":\"https:\\\/\\\/informelitoral.com.ar\\\/%77%70%2d%63%6f%6e%74%65%6e%74\\\/uploads\\\/2021\\\/01\\\/circulo.png\",\"width\":723,\"height\":731,\"caption\":\"Informe Litoral\"},\"image\":{\"@id\":\"https:\\\/\\\/informelitoral.com.ar\\\/#\\\/schema\\\/logo\\\/image\\\/\"},\"sameAs\":[\"https:\\\/\\\/www.facebook.com\\\/informelitoral\\\/\",\"https:\\\/\\\/x.com\\\/InformeLitoral\",\"https:\\\/\\\/www.instagram.com\\\/informelitoral\\\/\",\"https:\\\/\\\/www.youtube.com\\\/channel\\\/UCua4Qvz8Icb6MYqhoq9xLXw\"]},{\"@type\":\"Person\",\"@id\":\"https:\\\/\\\/informelitoral.com.ar\\\/#\\\/schema\\\/person\\\/b9d00407c836482871ef1d57bf8e3180\",\"name\":\"Gonzalo Schmidt\",\"image\":{\"@type\":\"ImageObject\",\"inLanguage\":\"es\",\"@id\":\"https:\\\/\\\/secure.gravatar.com\\\/avatar\\\/31a1a7b66ff2de83bd0e9fd79d026630d2d99e55e8bfe501287647b4fd9743de?s=96&d=mm&r=g\",\"url\":\"https:\\\/\\\/secure.gravatar.com\\\/avatar\\\/31a1a7b66ff2de83bd0e9fd79d026630d2d99e55e8bfe501287647b4fd9743de?s=96&d=mm&r=g\",\"contentUrl\":\"https:\\\/\\\/secure.gravatar.com\\\/avatar\\\/31a1a7b66ff2de83bd0e9fd79d026630d2d99e55e8bfe501287647b4fd9743de?s=96&d=mm&r=g\",\"caption\":\"Gonzalo Schmidt\"},\"description\":\"Sitio web de noticias de la provincia de Entre R\u00edos, Argentina. Informaci\u00f3n y entretenimiento. Informe Litoral, nos informamos.\",\"sameAs\":[\"http:\\\/\\\/www.isletasnoticias.com.ar\"],\"url\":\"https:\\\/\\\/informelitoral.com.ar\\\/author\\\/gonzalo\\\/\"}]}<\/script>","yoast_head_json":{"title":"Sebasti\u00e1n Basalo, el arte de la palabra - Informe Litoral","robots":{"index":"index","follow":"follow","max-snippet":"max-snippet:-1","max-image-preview":"max-image-preview:large","max-video-preview":"max-video-preview:-1"},"canonical":"https:\/\/informelitoral.com.ar\/sebastian-basalo-el-arte-de-la-palabra\/","og_locale":"es_ES","og_type":"article","og_title":"Sebasti\u00e1n Basalo, el arte de la palabra - Informe Litoral","og_description":"&laquo;Soy un laburante, que cree que todo se construye trabajando. No hay otra f&oacute;rmula ni receta&raquo;, se&ntilde;ala el conductor de &lsquo;Ahora S&iacute;&rsquo;, ciclo que conduce de lunes a viernes de 21 a 24 por&nbsp;Radio 10. Si en este momento tuviera que hacer mi carta de presentaci&oacute;n ante quien no me conoce, dir&iacute;a que antes que [&hellip;]","og_url":"https:\/\/informelitoral.com.ar\/sebastian-basalo-el-arte-de-la-palabra\/","og_site_name":"Informe Litoral","article_publisher":"https:\/\/www.facebook.com\/informelitoral\/","article_published_time":"2014-02-12T18:57:06+00:00","article_modified_time":"2014-02-12T19:05:08+00:00","og_image":[{"width":960,"height":540,"url":"https:\/\/informelitoral.com.ar\/%77%70%2d%63%6f%6e%74%65%6e%74\/uploads\/2014\/02\/basalo.jpg","type":"image\/jpeg"}],"author":"Gonzalo Schmidt","twitter_card":"summary_large_image","twitter_creator":"@InformeLitoral","twitter_site":"@InformeLitoral","twitter_misc":{"Escrito por":"Gonzalo Schmidt","Tiempo de lectura":"3 minutos"},"schema":{"@context":"https:\/\/schema.org","@graph":[{"@type":"Article","@id":"https:\/\/informelitoral.com.ar\/sebastian-basalo-el-arte-de-la-palabra\/#article","isPartOf":{"@id":"https:\/\/informelitoral.com.ar\/sebastian-basalo-el-arte-de-la-palabra\/"},"author":{"name":"Gonzalo Schmidt","@id":"https:\/\/informelitoral.com.ar\/#\/schema\/person\/b9d00407c836482871ef1d57bf8e3180"},"headline":"Sebasti\u00e1n Basalo, el arte de la palabra","datePublished":"2014-02-12T18:57:06+00:00","dateModified":"2014-02-12T19:05:08+00:00","mainEntityOfPage":{"@id":"https:\/\/informelitoral.com.ar\/sebastian-basalo-el-arte-de-la-palabra\/"},"wordCount":532,"commentCount":0,"publisher":{"@id":"https:\/\/informelitoral.com.ar\/#organization"},"image":{"@id":"https:\/\/informelitoral.com.ar\/sebastian-basalo-el-arte-de-la-palabra\/#primaryimage"},"thumbnailUrl":"http:\/\/www.isletasnoticias.com.ar\/%77%70%2d%63%6f%6e%74%65%6e%74\/uploads\/2014\/02\/basalo-300x168.jpg","articleSection":["Espect\u00e1culos"],"inLanguage":"es","potentialAction":[{"@type":"CommentAction","name":"Comment","target":["https:\/\/informelitoral.com.ar\/sebastian-basalo-el-arte-de-la-palabra\/#respond"]}]},{"@type":"WebPage","@id":"https:\/\/informelitoral.com.ar\/sebastian-basalo-el-arte-de-la-palabra\/","url":"https:\/\/informelitoral.com.ar\/sebastian-basalo-el-arte-de-la-palabra\/","name":"Sebasti\u00e1n Basalo, el arte de la palabra - Informe Litoral","isPartOf":{"@id":"https:\/\/informelitoral.com.ar\/#website"},"primaryImageOfPage":{"@id":"https:\/\/informelitoral.com.ar\/sebastian-basalo-el-arte-de-la-palabra\/#primaryimage"},"image":{"@id":"https:\/\/informelitoral.com.ar\/sebastian-basalo-el-arte-de-la-palabra\/#primaryimage"},"thumbnailUrl":"http:\/\/www.isletasnoticias.com.ar\/%77%70%2d%63%6f%6e%74%65%6e%74\/uploads\/2014\/02\/basalo-300x168.jpg","datePublished":"2014-02-12T18:57:06+00:00","dateModified":"2014-02-12T19:05:08+00:00","breadcrumb":{"@id":"https:\/\/informelitoral.com.ar\/sebastian-basalo-el-arte-de-la-palabra\/#breadcrumb"},"inLanguage":"es","potentialAction":[{"@type":"ReadAction","target":["https:\/\/informelitoral.com.ar\/sebastian-basalo-el-arte-de-la-palabra\/"]}]},{"@type":"ImageObject","inLanguage":"es","@id":"https:\/\/informelitoral.com.ar\/sebastian-basalo-el-arte-de-la-palabra\/#primaryimage","url":"http:\/\/www.isletasnoticias.com.ar\/%77%70%2d%63%6f%6e%74%65%6e%74\/uploads\/2014\/02\/basalo-300x168.jpg","contentUrl":"http:\/\/www.isletasnoticias.com.ar\/%77%70%2d%63%6f%6e%74%65%6e%74\/uploads\/2014\/02\/basalo-300x168.jpg"},{"@type":"BreadcrumbList","@id":"https:\/\/informelitoral.com.ar\/sebastian-basalo-el-arte-de-la-palabra\/#breadcrumb","itemListElement":[{"@type":"ListItem","position":1,"name":"Portada","item":"https:\/\/informelitoral.com.ar\/"},{"@type":"ListItem","position":2,"name":"Sebasti\u00e1n Basalo, el arte de la palabra"}]},{"@type":"WebSite","@id":"https:\/\/informelitoral.com.ar\/#website","url":"https:\/\/informelitoral.com.ar\/","name":"Informe Litoral","description":"&quot;Nos informamos&quot; ","publisher":{"@id":"https:\/\/informelitoral.com.ar\/#organization"},"potentialAction":[{"@type":"SearchAction","target":{"@type":"EntryPoint","urlTemplate":"https:\/\/informelitoral.com.ar\/?s={search_term_string}"},"query-input":{"@type":"PropertyValueSpecification","valueRequired":true,"valueName":"search_term_string"}}],"inLanguage":"es"},{"@type":"Organization","@id":"https:\/\/informelitoral.com.ar\/#organization","name":"Informe Litoral","url":"https:\/\/informelitoral.com.ar\/","logo":{"@type":"ImageObject","inLanguage":"es","@id":"https:\/\/informelitoral.com.ar\/#\/schema\/logo\/image\/","url":"https:\/\/informelitoral.com.ar\/%77%70%2d%63%6f%6e%74%65%6e%74\/uploads\/2021\/01\/circulo.png","contentUrl":"https:\/\/informelitoral.com.ar\/%77%70%2d%63%6f%6e%74%65%6e%74\/uploads\/2021\/01\/circulo.png","width":723,"height":731,"caption":"Informe Litoral"},"image":{"@id":"https:\/\/informelitoral.com.ar\/#\/schema\/logo\/image\/"},"sameAs":["https:\/\/www.facebook.com\/informelitoral\/","https:\/\/x.com\/InformeLitoral","https:\/\/www.instagram.com\/informelitoral\/","https:\/\/www.youtube.com\/channel\/UCua4Qvz8Icb6MYqhoq9xLXw"]},{"@type":"Person","@id":"https:\/\/informelitoral.com.ar\/#\/schema\/person\/b9d00407c836482871ef1d57bf8e3180","name":"Gonzalo Schmidt","image":{"@type":"ImageObject","inLanguage":"es","@id":"https:\/\/secure.gravatar.com\/avatar\/31a1a7b66ff2de83bd0e9fd79d026630d2d99e55e8bfe501287647b4fd9743de?s=96&d=mm&r=g","url":"https:\/\/secure.gravatar.com\/avatar\/31a1a7b66ff2de83bd0e9fd79d026630d2d99e55e8bfe501287647b4fd9743de?s=96&d=mm&r=g","contentUrl":"https:\/\/secure.gravatar.com\/avatar\/31a1a7b66ff2de83bd0e9fd79d026630d2d99e55e8bfe501287647b4fd9743de?s=96&d=mm&r=g","caption":"Gonzalo Schmidt"},"description":"Sitio web de noticias de la provincia de Entre R\u00edos, Argentina. Informaci\u00f3n y entretenimiento. Informe Litoral, nos informamos.","sameAs":["http:\/\/www.isletasnoticias.com.ar"],"url":"https:\/\/informelitoral.com.ar\/author\/gonzalo\/"}]}},"_links":{"self":[{"href":"https:\/\/informelitoral.com.ar\/%77%70%2d%6a%73%6f%6e\/wp\/v2\/posts\/5573","targetHints":{"allow":["GET"]}}],"collection":[{"href":"https:\/\/informelitoral.com.ar\/%77%70%2d%6a%73%6f%6e\/wp\/v2\/posts"}],"about":[{"href":"https:\/\/informelitoral.com.ar\/%77%70%2d%6a%73%6f%6e\/wp\/v2\/types\/post"}],"author":[{"embeddable":true,"href":"https:\/\/informelitoral.com.ar\/%77%70%2d%6a%73%6f%6e\/wp\/v2\/users\/2"}],"replies":[{"embeddable":true,"href":"https:\/\/informelitoral.com.ar\/%77%70%2d%6a%73%6f%6e\/wp\/v2\/comments?post=5573"}],"version-history":[{"count":0,"href":"https:\/\/informelitoral.com.ar\/%77%70%2d%6a%73%6f%6e\/wp\/v2\/posts\/5573\/revisions"}],"wp:attachment":[{"href":"https:\/\/informelitoral.com.ar\/%77%70%2d%6a%73%6f%6e\/wp\/v2\/media?parent=5573"}],"wp:term":[{"taxonomy":"category","embeddable":true,"href":"https:\/\/informelitoral.com.ar\/%77%70%2d%6a%73%6f%6e\/wp\/v2\/categories?post=5573"},{"taxonomy":"post_tag","embeddable":true,"href":"https:\/\/informelitoral.com.ar\/%77%70%2d%6a%73%6f%6e\/wp\/v2\/tags?post=5573"}],"curies":[{"name":"wp","href":"https:\/\/api.w.org\/{rel}","templated":true}]}}