{"id":55729,"date":"2021-01-15T16:06:28","date_gmt":"2021-01-15T19:06:28","guid":{"rendered":"https:\/\/www.isletasnoticias.com.ar\/?p=55729"},"modified":"2021-01-15T16:10:01","modified_gmt":"2021-01-15T19:10:01","slug":"una-nina-de-aranguren-tomo-destapa-canerias-y-esta-grave","status":"publish","type":"post","link":"https:\/\/informelitoral.com.ar\/una-nina-de-aranguren-tomo-destapa-canerias-y-esta-grave\/","title":{"rendered":"Una ni\u00f1a de Aranguren tom\u00f3 destapa ca\u00f1er\u00edas y est\u00e1 grave"},"content":{"rendered":"<div class=\"news-body-main\">\n<div id=\"note-body\" data-twitter-link=\"https:\/\/twitter.com\/intent\/tweet?url=https:\/\/www.unoentrerios.com.ar\/c2636214&amp;via=&amp;related=Uno Entre Rios&amp;text=\">\n<p><strong>Una nena de dos a\u00f1os se encuentra internada en el Hospital Materno Infantil San Roque, de Paran\u00e1, tras ingerir un l\u00edquido destapa ca\u00f1er\u00edas de forma accidental.<\/strong><\/p>\n<p>El lunes pasado, en la localidad de <strong>Aranguren<\/strong>, una nena de dos a\u00f1os <strong>ingiri\u00f3 destapa ca\u00f1er\u00edas por accidente<\/strong> y debi\u00f3 ser atendida de urgencia en el Hospital Materno Infantil San Roque de Paran\u00e1, donde <strong>qued\u00f3 internada en la Terapia Intensiva.<\/strong><\/p>\n<p>Actualmente la menor <strong>se encuentra estable ya que, afortunadamente, el \u00e1cido no lleg\u00f3 a perforarle el es\u00f3fago.<\/strong> No obstante, contin\u00faa en una situaci\u00f3n cr\u00edtica y se esperar\u00e1 hasta ma\u00f1ana a que el cuadro cl\u00ednico presente indicios de mejor\u00edas, public\u00f3 <em>UNO Entre R\u00edos.<\/em><\/p>\n<\/div>\n<\/div>\n<div class=\"news-body-main\">\n<div id=\"note-body\" data-twitter-link=\"https:\/\/twitter.com\/intent\/tweet?url=https:\/\/www.unoentrerios.com.ar\/c2636214&amp;via=&amp;related=Uno Entre Rios&amp;text=\">\n<p>En tanto que en la jornada de este viernes el equipo m\u00e9dico que la atiende buscar\u00e1 retirarle la asistencia de ox\u00edgeno y observar c\u00f3mo responde a ello.<\/p>\n<p>Por otro lado, sus familiares<strong> solicitan a la comunidad continuar rezando<\/strong> por la nena para su recuperaci\u00f3n.<\/p>\n<\/div>\n<\/div>\n","protected":false},"excerpt":{"rendered":"<p>La peque\u00f1a se encuentra internada en el Hospital San Roque de Paran\u00e1. Se encuentra estable y sus familiares piden rezar por su recuperaci\u00f3n. <\/p>\n","protected":false},"author":2,"featured_media":26024,"comment_status":"closed","ping_status":"closed","sticky":false,"template":"","format":"standard","meta":{"fifu_image_url":"","fifu_image_alt":"","footnotes":""},"categories":[9],"tags":[143,1292],"class_list":{"0":"post-55729","1":"post","2":"type-post","3":"status-publish","4":"format-standard","5":"has-post-thumbnail","7":"category-sociedad","8":"tag-aranguren","9":"tag-hospital-san-roque"},"yoast_head":"<title>Una ni\u00f1a de Aranguren tom\u00f3 destapa ca\u00f1er\u00edas y est\u00e1 grave - Informe Litoral<\/title>\n<meta name=\"robots\" content=\"index, follow, max-snippet:-1, max-image-preview:large, max-video-preview:-1\" \/>\n<link rel=\"canonical\" href=\"https:\/\/informelitoral.com.ar\/una-nina-de-aranguren-tomo-destapa-canerias-y-esta-grave\/\" \/>\n<meta property=\"og:locale\" content=\"es_ES\" \/>\n<meta property=\"og:type\" content=\"article\" \/>\n<meta property=\"og:title\" content=\"Una ni\u00f1a de Aranguren tom\u00f3 destapa ca\u00f1er\u00edas y est\u00e1 grave - Informe Litoral\" \/>\n<meta property=\"og:description\" content=\"La peque\u00f1a se encuentra internada en el Hospital San Roque de Paran\u00e1. Se encuentra estable y sus familiares piden rezar por su recuperaci\u00f3n.\" \/>\n<meta property=\"og:url\" content=\"https:\/\/informelitoral.com.ar\/una-nina-de-aranguren-tomo-destapa-canerias-y-esta-grave\/\" \/>\n<meta property=\"og:site_name\" content=\"Informe Litoral\" \/>\n<meta property=\"article:publisher\" content=\"https:\/\/www.facebook.com\/informelitoral\/\" \/>\n<meta property=\"article:published_time\" content=\"2021-01-15T19:06:28+00:00\" \/>\n<meta property=\"article:modified_time\" content=\"2021-01-15T19:10:01+00:00\" \/>\n<meta property=\"og:image\" content=\"https:\/\/informelitoral.com.ar\/%77%70%2d%63%6f%6e%74%65%6e%74\/uploads\/2018\/04\/hospital-san-roque.jpg\" \/>\n\t<meta property=\"og:image:width\" content=\"831\" \/>\n\t<meta property=\"og:image:height\" content=\"554\" \/>\n\t<meta property=\"og:image:type\" content=\"image\/jpeg\" \/>\n<meta name=\"author\" content=\"Gonzalo Schmidt\" \/>\n<meta name=\"twitter:card\" content=\"summary_large_image\" \/>\n<meta name=\"twitter:creator\" content=\"@InformeLitoral\" \/>\n<meta name=\"twitter:site\" content=\"@InformeLitoral\" \/>\n<meta name=\"twitter:label1\" content=\"Escrito por\" \/>\n\t<meta name=\"twitter:data1\" content=\"Gonzalo Schmidt\" \/>\n\t<meta name=\"twitter:label2\" content=\"Tiempo de lectura\" \/>\n\t<meta name=\"twitter:data2\" content=\"1 minuto\" \/>\n<script type=\"application\/ld+json\" class=\"yoast-schema-graph\">{\"@context\":\"https:\\\/\\\/schema.org\",\"@graph\":[{\"@type\":\"Article\",\"@id\":\"https:\\\/\\\/informelitoral.com.ar\\\/una-nina-de-aranguren-tomo-destapa-canerias-y-esta-grave\\\/#article\",\"isPartOf\":{\"@id\":\"https:\\\/\\\/informelitoral.com.ar\\\/una-nina-de-aranguren-tomo-destapa-canerias-y-esta-grave\\\/\"},\"author\":{\"name\":\"Gonzalo Schmidt\",\"@id\":\"https:\\\/\\\/informelitoral.com.ar\\\/#\\\/schema\\\/person\\\/b9d00407c836482871ef1d57bf8e3180\"},\"headline\":\"Una ni\u00f1a de Aranguren tom\u00f3 destapa ca\u00f1er\u00edas y est\u00e1 grave\",\"datePublished\":\"2021-01-15T19:06:28+00:00\",\"dateModified\":\"2021-01-15T19:10:01+00:00\",\"mainEntityOfPage\":{\"@id\":\"https:\\\/\\\/informelitoral.com.ar\\\/una-nina-de-aranguren-tomo-destapa-canerias-y-esta-grave\\\/\"},\"wordCount\":184,\"publisher\":{\"@id\":\"https:\\\/\\\/informelitoral.com.ar\\\/#organization\"},\"image\":{\"@id\":\"https:\\\/\\\/informelitoral.com.ar\\\/una-nina-de-aranguren-tomo-destapa-canerias-y-esta-grave\\\/#primaryimage\"},\"thumbnailUrl\":\"https:\\\/\\\/informelitoral.com.ar\\\/%77%70%2d%63%6f%6e%74%65%6e%74\\\/uploads\\\/2018\\\/04\\\/hospital-san-roque.jpg\",\"keywords\":[\"Aranguren\",\"Hospital San Roque\"],\"articleSection\":[\"Sociedad\"],\"inLanguage\":\"es\"},{\"@type\":\"WebPage\",\"@id\":\"https:\\\/\\\/informelitoral.com.ar\\\/una-nina-de-aranguren-tomo-destapa-canerias-y-esta-grave\\\/\",\"url\":\"https:\\\/\\\/informelitoral.com.ar\\\/una-nina-de-aranguren-tomo-destapa-canerias-y-esta-grave\\\/\",\"name\":\"Una ni\u00f1a de Aranguren tom\u00f3 destapa ca\u00f1er\u00edas y est\u00e1 grave - Informe Litoral\",\"isPartOf\":{\"@id\":\"https:\\\/\\\/informelitoral.com.ar\\\/#website\"},\"primaryImageOfPage\":{\"@id\":\"https:\\\/\\\/informelitoral.com.ar\\\/una-nina-de-aranguren-tomo-destapa-canerias-y-esta-grave\\\/#primaryimage\"},\"image\":{\"@id\":\"https:\\\/\\\/informelitoral.com.ar\\\/una-nina-de-aranguren-tomo-destapa-canerias-y-esta-grave\\\/#primaryimage\"},\"thumbnailUrl\":\"https:\\\/\\\/informelitoral.com.ar\\\/%77%70%2d%63%6f%6e%74%65%6e%74\\\/uploads\\\/2018\\\/04\\\/hospital-san-roque.jpg\",\"datePublished\":\"2021-01-15T19:06:28+00:00\",\"dateModified\":\"2021-01-15T19:10:01+00:00\",\"breadcrumb\":{\"@id\":\"https:\\\/\\\/informelitoral.com.ar\\\/una-nina-de-aranguren-tomo-destapa-canerias-y-esta-grave\\\/#breadcrumb\"},\"inLanguage\":\"es\",\"potentialAction\":[{\"@type\":\"ReadAction\",\"target\":[\"https:\\\/\\\/informelitoral.com.ar\\\/una-nina-de-aranguren-tomo-destapa-canerias-y-esta-grave\\\/\"]}]},{\"@type\":\"ImageObject\",\"inLanguage\":\"es\",\"@id\":\"https:\\\/\\\/informelitoral.com.ar\\\/una-nina-de-aranguren-tomo-destapa-canerias-y-esta-grave\\\/#primaryimage\",\"url\":\"https:\\\/\\\/informelitoral.com.ar\\\/%77%70%2d%63%6f%6e%74%65%6e%74\\\/uploads\\\/2018\\\/04\\\/hospital-san-roque.jpg\",\"contentUrl\":\"https:\\\/\\\/informelitoral.com.ar\\\/%77%70%2d%63%6f%6e%74%65%6e%74\\\/uploads\\\/2018\\\/04\\\/hospital-san-roque.jpg\",\"width\":831,\"height\":554},{\"@type\":\"BreadcrumbList\",\"@id\":\"https:\\\/\\\/informelitoral.com.ar\\\/una-nina-de-aranguren-tomo-destapa-canerias-y-esta-grave\\\/#breadcrumb\",\"itemListElement\":[{\"@type\":\"ListItem\",\"position\":1,\"name\":\"Portada\",\"item\":\"https:\\\/\\\/informelitoral.com.ar\\\/\"},{\"@type\":\"ListItem\",\"position\":2,\"name\":\"Una ni\u00f1a de Aranguren tom\u00f3 destapa ca\u00f1er\u00edas y est\u00e1 grave\"}]},{\"@type\":\"WebSite\",\"@id\":\"https:\\\/\\\/informelitoral.com.ar\\\/#website\",\"url\":\"https:\\\/\\\/informelitoral.com.ar\\\/\",\"name\":\"Informe Litoral\",\"description\":\"&quot;Nos informamos&quot; \",\"publisher\":{\"@id\":\"https:\\\/\\\/informelitoral.com.ar\\\/#organization\"},\"potentialAction\":[{\"@type\":\"SearchAction\",\"target\":{\"@type\":\"EntryPoint\",\"urlTemplate\":\"https:\\\/\\\/informelitoral.com.ar\\\/?s={search_term_string}\"},\"query-input\":{\"@type\":\"PropertyValueSpecification\",\"valueRequired\":true,\"valueName\":\"search_term_string\"}}],\"inLanguage\":\"es\"},{\"@type\":\"Organization\",\"@id\":\"https:\\\/\\\/informelitoral.com.ar\\\/#organization\",\"name\":\"Informe Litoral\",\"url\":\"https:\\\/\\\/informelitoral.com.ar\\\/\",\"logo\":{\"@type\":\"ImageObject\",\"inLanguage\":\"es\",\"@id\":\"https:\\\/\\\/informelitoral.com.ar\\\/#\\\/schema\\\/logo\\\/image\\\/\",\"url\":\"https:\\\/\\\/informelitoral.com.ar\\\/%77%70%2d%63%6f%6e%74%65%6e%74\\\/uploads\\\/2021\\\/01\\\/circulo.png\",\"contentUrl\":\"https:\\\/\\\/informelitoral.com.ar\\\/%77%70%2d%63%6f%6e%74%65%6e%74\\\/uploads\\\/2021\\\/01\\\/circulo.png\",\"width\":723,\"height\":731,\"caption\":\"Informe Litoral\"},\"image\":{\"@id\":\"https:\\\/\\\/informelitoral.com.ar\\\/#\\\/schema\\\/logo\\\/image\\\/\"},\"sameAs\":[\"https:\\\/\\\/www.facebook.com\\\/informelitoral\\\/\",\"https:\\\/\\\/x.com\\\/InformeLitoral\",\"https:\\\/\\\/www.instagram.com\\\/informelitoral\\\/\",\"https:\\\/\\\/www.youtube.com\\\/channel\\\/UCua4Qvz8Icb6MYqhoq9xLXw\"]},{\"@type\":\"Person\",\"@id\":\"https:\\\/\\\/informelitoral.com.ar\\\/#\\\/schema\\\/person\\\/b9d00407c836482871ef1d57bf8e3180\",\"name\":\"Gonzalo Schmidt\",\"image\":{\"@type\":\"ImageObject\",\"inLanguage\":\"es\",\"@id\":\"https:\\\/\\\/secure.gravatar.com\\\/avatar\\\/31a1a7b66ff2de83bd0e9fd79d026630d2d99e55e8bfe501287647b4fd9743de?s=96&d=mm&r=g\",\"url\":\"https:\\\/\\\/secure.gravatar.com\\\/avatar\\\/31a1a7b66ff2de83bd0e9fd79d026630d2d99e55e8bfe501287647b4fd9743de?s=96&d=mm&r=g\",\"contentUrl\":\"https:\\\/\\\/secure.gravatar.com\\\/avatar\\\/31a1a7b66ff2de83bd0e9fd79d026630d2d99e55e8bfe501287647b4fd9743de?s=96&d=mm&r=g\",\"caption\":\"Gonzalo Schmidt\"},\"description\":\"Sitio web de noticias de la provincia de Entre R\u00edos, Argentina. Informaci\u00f3n y entretenimiento. Informe Litoral, nos informamos.\",\"sameAs\":[\"http:\\\/\\\/www.isletasnoticias.com.ar\"],\"url\":\"https:\\\/\\\/informelitoral.com.ar\\\/author\\\/gonzalo\\\/\"}]}<\/script>","yoast_head_json":{"title":"Una ni\u00f1a de Aranguren tom\u00f3 destapa ca\u00f1er\u00edas y est\u00e1 grave - Informe Litoral","robots":{"index":"index","follow":"follow","max-snippet":"max-snippet:-1","max-image-preview":"max-image-preview:large","max-video-preview":"max-video-preview:-1"},"canonical":"https:\/\/informelitoral.com.ar\/una-nina-de-aranguren-tomo-destapa-canerias-y-esta-grave\/","og_locale":"es_ES","og_type":"article","og_title":"Una ni\u00f1a de Aranguren tom\u00f3 destapa ca\u00f1er\u00edas y est\u00e1 grave - Informe Litoral","og_description":"La peque\u00f1a se encuentra internada en el Hospital San Roque de Paran\u00e1. Se encuentra estable y sus familiares piden rezar por su recuperaci\u00f3n.","og_url":"https:\/\/informelitoral.com.ar\/una-nina-de-aranguren-tomo-destapa-canerias-y-esta-grave\/","og_site_name":"Informe Litoral","article_publisher":"https:\/\/www.facebook.com\/informelitoral\/","article_published_time":"2021-01-15T19:06:28+00:00","article_modified_time":"2021-01-15T19:10:01+00:00","og_image":[{"width":831,"height":554,"url":"https:\/\/informelitoral.com.ar\/%77%70%2d%63%6f%6e%74%65%6e%74\/uploads\/2018\/04\/hospital-san-roque.jpg","type":"image\/jpeg"}],"author":"Gonzalo Schmidt","twitter_card":"summary_large_image","twitter_creator":"@InformeLitoral","twitter_site":"@InformeLitoral","twitter_misc":{"Escrito por":"Gonzalo Schmidt","Tiempo de lectura":"1 minuto"},"schema":{"@context":"https:\/\/schema.org","@graph":[{"@type":"Article","@id":"https:\/\/informelitoral.com.ar\/una-nina-de-aranguren-tomo-destapa-canerias-y-esta-grave\/#article","isPartOf":{"@id":"https:\/\/informelitoral.com.ar\/una-nina-de-aranguren-tomo-destapa-canerias-y-esta-grave\/"},"author":{"name":"Gonzalo Schmidt","@id":"https:\/\/informelitoral.com.ar\/#\/schema\/person\/b9d00407c836482871ef1d57bf8e3180"},"headline":"Una ni\u00f1a de Aranguren tom\u00f3 destapa ca\u00f1er\u00edas y est\u00e1 grave","datePublished":"2021-01-15T19:06:28+00:00","dateModified":"2021-01-15T19:10:01+00:00","mainEntityOfPage":{"@id":"https:\/\/informelitoral.com.ar\/una-nina-de-aranguren-tomo-destapa-canerias-y-esta-grave\/"},"wordCount":184,"publisher":{"@id":"https:\/\/informelitoral.com.ar\/#organization"},"image":{"@id":"https:\/\/informelitoral.com.ar\/una-nina-de-aranguren-tomo-destapa-canerias-y-esta-grave\/#primaryimage"},"thumbnailUrl":"https:\/\/informelitoral.com.ar\/%77%70%2d%63%6f%6e%74%65%6e%74\/uploads\/2018\/04\/hospital-san-roque.jpg","keywords":["Aranguren","Hospital San Roque"],"articleSection":["Sociedad"],"inLanguage":"es"},{"@type":"WebPage","@id":"https:\/\/informelitoral.com.ar\/una-nina-de-aranguren-tomo-destapa-canerias-y-esta-grave\/","url":"https:\/\/informelitoral.com.ar\/una-nina-de-aranguren-tomo-destapa-canerias-y-esta-grave\/","name":"Una ni\u00f1a de Aranguren tom\u00f3 destapa ca\u00f1er\u00edas y est\u00e1 grave - Informe Litoral","isPartOf":{"@id":"https:\/\/informelitoral.com.ar\/#website"},"primaryImageOfPage":{"@id":"https:\/\/informelitoral.com.ar\/una-nina-de-aranguren-tomo-destapa-canerias-y-esta-grave\/#primaryimage"},"image":{"@id":"https:\/\/informelitoral.com.ar\/una-nina-de-aranguren-tomo-destapa-canerias-y-esta-grave\/#primaryimage"},"thumbnailUrl":"https:\/\/informelitoral.com.ar\/%77%70%2d%63%6f%6e%74%65%6e%74\/uploads\/2018\/04\/hospital-san-roque.jpg","datePublished":"2021-01-15T19:06:28+00:00","dateModified":"2021-01-15T19:10:01+00:00","breadcrumb":{"@id":"https:\/\/informelitoral.com.ar\/una-nina-de-aranguren-tomo-destapa-canerias-y-esta-grave\/#breadcrumb"},"inLanguage":"es","potentialAction":[{"@type":"ReadAction","target":["https:\/\/informelitoral.com.ar\/una-nina-de-aranguren-tomo-destapa-canerias-y-esta-grave\/"]}]},{"@type":"ImageObject","inLanguage":"es","@id":"https:\/\/informelitoral.com.ar\/una-nina-de-aranguren-tomo-destapa-canerias-y-esta-grave\/#primaryimage","url":"https:\/\/informelitoral.com.ar\/%77%70%2d%63%6f%6e%74%65%6e%74\/uploads\/2018\/04\/hospital-san-roque.jpg","contentUrl":"https:\/\/informelitoral.com.ar\/%77%70%2d%63%6f%6e%74%65%6e%74\/uploads\/2018\/04\/hospital-san-roque.jpg","width":831,"height":554},{"@type":"BreadcrumbList","@id":"https:\/\/informelitoral.com.ar\/una-nina-de-aranguren-tomo-destapa-canerias-y-esta-grave\/#breadcrumb","itemListElement":[{"@type":"ListItem","position":1,"name":"Portada","item":"https:\/\/informelitoral.com.ar\/"},{"@type":"ListItem","position":2,"name":"Una ni\u00f1a de Aranguren tom\u00f3 destapa ca\u00f1er\u00edas y est\u00e1 grave"}]},{"@type":"WebSite","@id":"https:\/\/informelitoral.com.ar\/#website","url":"https:\/\/informelitoral.com.ar\/","name":"Informe Litoral","description":"&quot;Nos informamos&quot; ","publisher":{"@id":"https:\/\/informelitoral.com.ar\/#organization"},"potentialAction":[{"@type":"SearchAction","target":{"@type":"EntryPoint","urlTemplate":"https:\/\/informelitoral.com.ar\/?s={search_term_string}"},"query-input":{"@type":"PropertyValueSpecification","valueRequired":true,"valueName":"search_term_string"}}],"inLanguage":"es"},{"@type":"Organization","@id":"https:\/\/informelitoral.com.ar\/#organization","name":"Informe Litoral","url":"https:\/\/informelitoral.com.ar\/","logo":{"@type":"ImageObject","inLanguage":"es","@id":"https:\/\/informelitoral.com.ar\/#\/schema\/logo\/image\/","url":"https:\/\/informelitoral.com.ar\/%77%70%2d%63%6f%6e%74%65%6e%74\/uploads\/2021\/01\/circulo.png","contentUrl":"https:\/\/informelitoral.com.ar\/%77%70%2d%63%6f%6e%74%65%6e%74\/uploads\/2021\/01\/circulo.png","width":723,"height":731,"caption":"Informe Litoral"},"image":{"@id":"https:\/\/informelitoral.com.ar\/#\/schema\/logo\/image\/"},"sameAs":["https:\/\/www.facebook.com\/informelitoral\/","https:\/\/x.com\/InformeLitoral","https:\/\/www.instagram.com\/informelitoral\/","https:\/\/www.youtube.com\/channel\/UCua4Qvz8Icb6MYqhoq9xLXw"]},{"@type":"Person","@id":"https:\/\/informelitoral.com.ar\/#\/schema\/person\/b9d00407c836482871ef1d57bf8e3180","name":"Gonzalo Schmidt","image":{"@type":"ImageObject","inLanguage":"es","@id":"https:\/\/secure.gravatar.com\/avatar\/31a1a7b66ff2de83bd0e9fd79d026630d2d99e55e8bfe501287647b4fd9743de?s=96&d=mm&r=g","url":"https:\/\/secure.gravatar.com\/avatar\/31a1a7b66ff2de83bd0e9fd79d026630d2d99e55e8bfe501287647b4fd9743de?s=96&d=mm&r=g","contentUrl":"https:\/\/secure.gravatar.com\/avatar\/31a1a7b66ff2de83bd0e9fd79d026630d2d99e55e8bfe501287647b4fd9743de?s=96&d=mm&r=g","caption":"Gonzalo Schmidt"},"description":"Sitio web de noticias de la provincia de Entre R\u00edos, Argentina. Informaci\u00f3n y entretenimiento. Informe Litoral, nos informamos.","sameAs":["http:\/\/www.isletasnoticias.com.ar"],"url":"https:\/\/informelitoral.com.ar\/author\/gonzalo\/"}]}},"_links":{"self":[{"href":"https:\/\/informelitoral.com.ar\/%77%70%2d%6a%73%6f%6e\/wp\/v2\/posts\/55729","targetHints":{"allow":["GET"]}}],"collection":[{"href":"https:\/\/informelitoral.com.ar\/%77%70%2d%6a%73%6f%6e\/wp\/v2\/posts"}],"about":[{"href":"https:\/\/informelitoral.com.ar\/%77%70%2d%6a%73%6f%6e\/wp\/v2\/types\/post"}],"author":[{"embeddable":true,"href":"https:\/\/informelitoral.com.ar\/%77%70%2d%6a%73%6f%6e\/wp\/v2\/users\/2"}],"replies":[{"embeddable":true,"href":"https:\/\/informelitoral.com.ar\/%77%70%2d%6a%73%6f%6e\/wp\/v2\/comments?post=55729"}],"version-history":[{"count":0,"href":"https:\/\/informelitoral.com.ar\/%77%70%2d%6a%73%6f%6e\/wp\/v2\/posts\/55729\/revisions"}],"wp:featuredmedia":[{"embeddable":true,"href":"https:\/\/informelitoral.com.ar\/%77%70%2d%6a%73%6f%6e\/wp\/v2\/media\/26024"}],"wp:attachment":[{"href":"https:\/\/informelitoral.com.ar\/%77%70%2d%6a%73%6f%6e\/wp\/v2\/media?parent=55729"}],"wp:term":[{"taxonomy":"category","embeddable":true,"href":"https:\/\/informelitoral.com.ar\/%77%70%2d%6a%73%6f%6e\/wp\/v2\/categories?post=55729"},{"taxonomy":"post_tag","embeddable":true,"href":"https:\/\/informelitoral.com.ar\/%77%70%2d%6a%73%6f%6e\/wp\/v2\/tags?post=55729"}],"curies":[{"name":"wp","href":"https:\/\/api.w.org\/{rel}","templated":true}]}}