{"id":55707,"date":"2021-01-15T09:29:26","date_gmt":"2021-01-15T12:29:26","guid":{"rendered":"https:\/\/www.isletasnoticias.com.ar\/?p=55707"},"modified":"2021-01-15T09:30:41","modified_gmt":"2021-01-15T12:30:41","slug":"libertador-san-martin-una-moto-choco-contra-un-tractor-y-un-policia-resulto-herido","status":"publish","type":"post","link":"https:\/\/informelitoral.com.ar\/libertador-san-martin-una-moto-choco-contra-un-tractor-y-un-policia-resulto-herido\/","title":{"rendered":"Libertador San Mart\u00edn: una moto choc\u00f3 contra un tractor y un polic\u00eda result\u00f3 herido"},"content":{"rendered":"<section class=\"texto\">Un tractor y una moto impactaron a la altura del kil\u00f3metro 26 de Ruta 131, cerca de Libertador San Mart\u00edn, en horas de la ma\u00f1ana del jueves.La Motomel 110 c.c. era guiada por un polic\u00eda que regresaba a su domicilio despu\u00e9s de haber prestado servicio. En tanto, el Deutz Far se encontraba al mando de un productor, de 66 a\u00f1os de edad.<\/p>\n<figure class=\"embed\"><a href=\"https:\/\/www.isletasnoticias.com.ar\/%77%70%2d%63%6f%6e%74%65%6e%74\/uploads\/2021\/01\/138712114_243853767261189_4239085260763233530_o.jpg\"><img loading=\"lazy\" decoding=\"async\" class=\"aligncenter wp-image-55708 size-full\" src=\"https:\/\/www.isletasnoticias.com.ar\/%77%70%2d%63%6f%6e%74%65%6e%74\/uploads\/2021\/01\/138712114_243853767261189_4239085260763233530_o.jpg\" alt=\"\" width=\"585\" height=\"320\" srcset=\"https:\/\/informelitoral.com.ar\/%77%70%2d%63%6f%6e%74%65%6e%74\/uploads\/2021\/01\/138712114_243853767261189_4239085260763233530_o.jpg 585w, https:\/\/informelitoral.com.ar\/%77%70%2d%63%6f%6e%74%65%6e%74\/uploads\/2021\/01\/138712114_243853767261189_4239085260763233530_o-300x164.jpg 300w\" sizes=\"auto, (max-width: 585px) 100vw, 585px\" \/><\/a><\/figure>\n<p>Al momento del impacto, el rodado de mayor porte cruzaba la cinta asf\u00e1ltica en forma perpendicular, de banquina a banquina, mientras que la moto se desplazaba por Ruta 131 con orientaci\u00f3n hacia Diamante. Desde la Polic\u00eda informaron que se constat\u00f3 que el tractor carece de seguro.<\/p>\n<figure class=\"embed\"><img decoding=\"async\" class=\"aligncenter\" title=\"\" src=\"https:\/\/elonce-media2.elonce.com.ar\/fotos-nuevo\/2021\/01\/15\/o_1610696428.jpg\" alt=\"\" width=\"640\" \/><\/figure>\n<p>A ra\u00edz del choque, el motociclista fue trasladado al Sanatorio Adventista del Plata, donde fue asistido. Recibi\u00f3 una sutura en uno de los miembros inferiores, en tanto que los m\u00faltiples golpes revistieron car\u00e1cter leve. El herido recuper\u00f3 su estado ambulatorio en horas de la tarde. <em>(F<span class=\"fuente\">uente: FM Estaci\u00f3n Plus)<\/span><\/em><\/p>\n<\/section>\n","protected":false},"excerpt":{"rendered":"<p>El Deutz Far cruzaba la ruta 131 de banquina a banquina, mientras que la moto se desplazaba hacia Diamante. El efectivo fue hospitalizado con heridas leves. <\/p>\n","protected":false},"author":2,"featured_media":55709,"comment_status":"closed","ping_status":"closed","sticky":false,"template":"","format":"standard","meta":{"fifu_image_url":"","fifu_image_alt":"","footnotes":""},"categories":[14],"tags":[304,187,1504],"class_list":{"0":"post-55707","1":"post","2":"type-post","3":"status-publish","4":"format-standard","5":"has-post-thumbnail","7":"category-policiales","8":"tag-accidente-vial","9":"tag-libertador-san-martin","10":"tag-ruta-131"},"yoast_head":"<title>Libertador San Mart\u00edn: una moto choc\u00f3 contra un tractor y un polic\u00eda result\u00f3 herido - Informe Litoral<\/title>\n<meta name=\"robots\" content=\"index, follow, max-snippet:-1, max-image-preview:large, max-video-preview:-1\" \/>\n<link rel=\"canonical\" href=\"https:\/\/informelitoral.com.ar\/libertador-san-martin-una-moto-choco-contra-un-tractor-y-un-policia-resulto-herido\/\" \/>\n<meta property=\"og:locale\" content=\"es_ES\" \/>\n<meta property=\"og:type\" content=\"article\" \/>\n<meta property=\"og:title\" content=\"Libertador San Mart\u00edn: una moto choc\u00f3 contra un tractor y un polic\u00eda result\u00f3 herido - Informe Litoral\" \/>\n<meta property=\"og:description\" content=\"El Deutz Far cruzaba la ruta 131 de banquina a banquina, mientras que la moto se desplazaba hacia Diamante. El efectivo fue hospitalizado con heridas leves.\" \/>\n<meta property=\"og:url\" content=\"https:\/\/informelitoral.com.ar\/libertador-san-martin-una-moto-choco-contra-un-tractor-y-un-policia-resulto-herido\/\" \/>\n<meta property=\"og:site_name\" content=\"Informe Litoral\" \/>\n<meta property=\"article:publisher\" content=\"https:\/\/www.facebook.com\/informelitoral\/\" \/>\n<meta property=\"article:published_time\" content=\"2021-01-15T12:29:26+00:00\" \/>\n<meta property=\"article:modified_time\" content=\"2021-01-15T12:30:41+00:00\" \/>\n<meta property=\"og:image\" content=\"https:\/\/informelitoral.com.ar\/%77%70%2d%63%6f%6e%74%65%6e%74\/uploads\/2021\/01\/o_1610696427_1.jpg\" \/>\n\t<meta property=\"og:image:width\" content=\"800\" \/>\n\t<meta property=\"og:image:height\" content=\"450\" \/>\n\t<meta property=\"og:image:type\" content=\"image\/jpeg\" \/>\n<meta name=\"author\" content=\"Gonzalo Schmidt\" \/>\n<meta name=\"twitter:card\" content=\"summary_large_image\" \/>\n<meta name=\"twitter:creator\" content=\"@InformeLitoral\" \/>\n<meta name=\"twitter:site\" content=\"@InformeLitoral\" \/>\n<meta name=\"twitter:label1\" content=\"Escrito por\" \/>\n\t<meta name=\"twitter:data1\" content=\"Gonzalo Schmidt\" \/>\n\t<meta name=\"twitter:label2\" content=\"Tiempo de lectura\" \/>\n\t<meta name=\"twitter:data2\" content=\"1 minuto\" \/>\n<script type=\"application\/ld+json\" class=\"yoast-schema-graph\">{\"@context\":\"https:\\\/\\\/schema.org\",\"@graph\":[{\"@type\":\"Article\",\"@id\":\"https:\\\/\\\/informelitoral.com.ar\\\/libertador-san-martin-una-moto-choco-contra-un-tractor-y-un-policia-resulto-herido\\\/#article\",\"isPartOf\":{\"@id\":\"https:\\\/\\\/informelitoral.com.ar\\\/libertador-san-martin-una-moto-choco-contra-un-tractor-y-un-policia-resulto-herido\\\/\"},\"author\":{\"name\":\"Gonzalo Schmidt\",\"@id\":\"https:\\\/\\\/informelitoral.com.ar\\\/#\\\/schema\\\/person\\\/b9d00407c836482871ef1d57bf8e3180\"},\"headline\":\"Libertador San Mart\u00edn: una moto choc\u00f3 contra un tractor y un polic\u00eda result\u00f3 herido\",\"datePublished\":\"2021-01-15T12:29:26+00:00\",\"dateModified\":\"2021-01-15T12:30:41+00:00\",\"mainEntityOfPage\":{\"@id\":\"https:\\\/\\\/informelitoral.com.ar\\\/libertador-san-martin-una-moto-choco-contra-un-tractor-y-un-policia-resulto-herido\\\/\"},\"wordCount\":183,\"publisher\":{\"@id\":\"https:\\\/\\\/informelitoral.com.ar\\\/#organization\"},\"image\":{\"@id\":\"https:\\\/\\\/informelitoral.com.ar\\\/libertador-san-martin-una-moto-choco-contra-un-tractor-y-un-policia-resulto-herido\\\/#primaryimage\"},\"thumbnailUrl\":\"https:\\\/\\\/informelitoral.com.ar\\\/%77%70%2d%63%6f%6e%74%65%6e%74\\\/uploads\\\/2021\\\/01\\\/o_1610696427_1.jpg\",\"keywords\":[\"Accidente vial\",\"Libertador San Mart\u00edn\",\"Ruta 131\"],\"articleSection\":[\"Policiales\"],\"inLanguage\":\"es\"},{\"@type\":\"WebPage\",\"@id\":\"https:\\\/\\\/informelitoral.com.ar\\\/libertador-san-martin-una-moto-choco-contra-un-tractor-y-un-policia-resulto-herido\\\/\",\"url\":\"https:\\\/\\\/informelitoral.com.ar\\\/libertador-san-martin-una-moto-choco-contra-un-tractor-y-un-policia-resulto-herido\\\/\",\"name\":\"Libertador San Mart\u00edn: una moto choc\u00f3 contra un tractor y un polic\u00eda result\u00f3 herido - Informe Litoral\",\"isPartOf\":{\"@id\":\"https:\\\/\\\/informelitoral.com.ar\\\/#website\"},\"primaryImageOfPage\":{\"@id\":\"https:\\\/\\\/informelitoral.com.ar\\\/libertador-san-martin-una-moto-choco-contra-un-tractor-y-un-policia-resulto-herido\\\/#primaryimage\"},\"image\":{\"@id\":\"https:\\\/\\\/informelitoral.com.ar\\\/libertador-san-martin-una-moto-choco-contra-un-tractor-y-un-policia-resulto-herido\\\/#primaryimage\"},\"thumbnailUrl\":\"https:\\\/\\\/informelitoral.com.ar\\\/%77%70%2d%63%6f%6e%74%65%6e%74\\\/uploads\\\/2021\\\/01\\\/o_1610696427_1.jpg\",\"datePublished\":\"2021-01-15T12:29:26+00:00\",\"dateModified\":\"2021-01-15T12:30:41+00:00\",\"breadcrumb\":{\"@id\":\"https:\\\/\\\/informelitoral.com.ar\\\/libertador-san-martin-una-moto-choco-contra-un-tractor-y-un-policia-resulto-herido\\\/#breadcrumb\"},\"inLanguage\":\"es\",\"potentialAction\":[{\"@type\":\"ReadAction\",\"target\":[\"https:\\\/\\\/informelitoral.com.ar\\\/libertador-san-martin-una-moto-choco-contra-un-tractor-y-un-policia-resulto-herido\\\/\"]}]},{\"@type\":\"ImageObject\",\"inLanguage\":\"es\",\"@id\":\"https:\\\/\\\/informelitoral.com.ar\\\/libertador-san-martin-una-moto-choco-contra-un-tractor-y-un-policia-resulto-herido\\\/#primaryimage\",\"url\":\"https:\\\/\\\/informelitoral.com.ar\\\/%77%70%2d%63%6f%6e%74%65%6e%74\\\/uploads\\\/2021\\\/01\\\/o_1610696427_1.jpg\",\"contentUrl\":\"https:\\\/\\\/informelitoral.com.ar\\\/%77%70%2d%63%6f%6e%74%65%6e%74\\\/uploads\\\/2021\\\/01\\\/o_1610696427_1.jpg\",\"width\":800,\"height\":450},{\"@type\":\"BreadcrumbList\",\"@id\":\"https:\\\/\\\/informelitoral.com.ar\\\/libertador-san-martin-una-moto-choco-contra-un-tractor-y-un-policia-resulto-herido\\\/#breadcrumb\",\"itemListElement\":[{\"@type\":\"ListItem\",\"position\":1,\"name\":\"Portada\",\"item\":\"https:\\\/\\\/informelitoral.com.ar\\\/\"},{\"@type\":\"ListItem\",\"position\":2,\"name\":\"Libertador San Mart\u00edn: una moto choc\u00f3 contra un tractor y un polic\u00eda result\u00f3 herido\"}]},{\"@type\":\"WebSite\",\"@id\":\"https:\\\/\\\/informelitoral.com.ar\\\/#website\",\"url\":\"https:\\\/\\\/informelitoral.com.ar\\\/\",\"name\":\"Informe Litoral\",\"description\":\"&quot;Nos informamos&quot; \",\"publisher\":{\"@id\":\"https:\\\/\\\/informelitoral.com.ar\\\/#organization\"},\"potentialAction\":[{\"@type\":\"SearchAction\",\"target\":{\"@type\":\"EntryPoint\",\"urlTemplate\":\"https:\\\/\\\/informelitoral.com.ar\\\/?s={search_term_string}\"},\"query-input\":{\"@type\":\"PropertyValueSpecification\",\"valueRequired\":true,\"valueName\":\"search_term_string\"}}],\"inLanguage\":\"es\"},{\"@type\":\"Organization\",\"@id\":\"https:\\\/\\\/informelitoral.com.ar\\\/#organization\",\"name\":\"Informe Litoral\",\"url\":\"https:\\\/\\\/informelitoral.com.ar\\\/\",\"logo\":{\"@type\":\"ImageObject\",\"inLanguage\":\"es\",\"@id\":\"https:\\\/\\\/informelitoral.com.ar\\\/#\\\/schema\\\/logo\\\/image\\\/\",\"url\":\"https:\\\/\\\/informelitoral.com.ar\\\/%77%70%2d%63%6f%6e%74%65%6e%74\\\/uploads\\\/2021\\\/01\\\/circulo.png\",\"contentUrl\":\"https:\\\/\\\/informelitoral.com.ar\\\/%77%70%2d%63%6f%6e%74%65%6e%74\\\/uploads\\\/2021\\\/01\\\/circulo.png\",\"width\":723,\"height\":731,\"caption\":\"Informe Litoral\"},\"image\":{\"@id\":\"https:\\\/\\\/informelitoral.com.ar\\\/#\\\/schema\\\/logo\\\/image\\\/\"},\"sameAs\":[\"https:\\\/\\\/www.facebook.com\\\/informelitoral\\\/\",\"https:\\\/\\\/x.com\\\/InformeLitoral\",\"https:\\\/\\\/www.instagram.com\\\/informelitoral\\\/\",\"https:\\\/\\\/www.youtube.com\\\/channel\\\/UCua4Qvz8Icb6MYqhoq9xLXw\"]},{\"@type\":\"Person\",\"@id\":\"https:\\\/\\\/informelitoral.com.ar\\\/#\\\/schema\\\/person\\\/b9d00407c836482871ef1d57bf8e3180\",\"name\":\"Gonzalo Schmidt\",\"image\":{\"@type\":\"ImageObject\",\"inLanguage\":\"es\",\"@id\":\"https:\\\/\\\/secure.gravatar.com\\\/avatar\\\/31a1a7b66ff2de83bd0e9fd79d026630d2d99e55e8bfe501287647b4fd9743de?s=96&d=mm&r=g\",\"url\":\"https:\\\/\\\/secure.gravatar.com\\\/avatar\\\/31a1a7b66ff2de83bd0e9fd79d026630d2d99e55e8bfe501287647b4fd9743de?s=96&d=mm&r=g\",\"contentUrl\":\"https:\\\/\\\/secure.gravatar.com\\\/avatar\\\/31a1a7b66ff2de83bd0e9fd79d026630d2d99e55e8bfe501287647b4fd9743de?s=96&d=mm&r=g\",\"caption\":\"Gonzalo Schmidt\"},\"description\":\"Sitio web de noticias de la provincia de Entre R\u00edos, Argentina. Informaci\u00f3n y entretenimiento. Informe Litoral, nos informamos.\",\"sameAs\":[\"http:\\\/\\\/www.isletasnoticias.com.ar\"],\"url\":\"https:\\\/\\\/informelitoral.com.ar\\\/author\\\/gonzalo\\\/\"}]}<\/script>","yoast_head_json":{"title":"Libertador San Mart\u00edn: una moto choc\u00f3 contra un tractor y un polic\u00eda result\u00f3 herido - Informe Litoral","robots":{"index":"index","follow":"follow","max-snippet":"max-snippet:-1","max-image-preview":"max-image-preview:large","max-video-preview":"max-video-preview:-1"},"canonical":"https:\/\/informelitoral.com.ar\/libertador-san-martin-una-moto-choco-contra-un-tractor-y-un-policia-resulto-herido\/","og_locale":"es_ES","og_type":"article","og_title":"Libertador San Mart\u00edn: una moto choc\u00f3 contra un tractor y un polic\u00eda result\u00f3 herido - Informe Litoral","og_description":"El Deutz Far cruzaba la ruta 131 de banquina a banquina, mientras que la moto se desplazaba hacia Diamante. El efectivo fue hospitalizado con heridas leves.","og_url":"https:\/\/informelitoral.com.ar\/libertador-san-martin-una-moto-choco-contra-un-tractor-y-un-policia-resulto-herido\/","og_site_name":"Informe Litoral","article_publisher":"https:\/\/www.facebook.com\/informelitoral\/","article_published_time":"2021-01-15T12:29:26+00:00","article_modified_time":"2021-01-15T12:30:41+00:00","og_image":[{"width":800,"height":450,"url":"https:\/\/informelitoral.com.ar\/%77%70%2d%63%6f%6e%74%65%6e%74\/uploads\/2021\/01\/o_1610696427_1.jpg","type":"image\/jpeg"}],"author":"Gonzalo Schmidt","twitter_card":"summary_large_image","twitter_creator":"@InformeLitoral","twitter_site":"@InformeLitoral","twitter_misc":{"Escrito por":"Gonzalo Schmidt","Tiempo de lectura":"1 minuto"},"schema":{"@context":"https:\/\/schema.org","@graph":[{"@type":"Article","@id":"https:\/\/informelitoral.com.ar\/libertador-san-martin-una-moto-choco-contra-un-tractor-y-un-policia-resulto-herido\/#article","isPartOf":{"@id":"https:\/\/informelitoral.com.ar\/libertador-san-martin-una-moto-choco-contra-un-tractor-y-un-policia-resulto-herido\/"},"author":{"name":"Gonzalo Schmidt","@id":"https:\/\/informelitoral.com.ar\/#\/schema\/person\/b9d00407c836482871ef1d57bf8e3180"},"headline":"Libertador San Mart\u00edn: una moto choc\u00f3 contra un tractor y un polic\u00eda result\u00f3 herido","datePublished":"2021-01-15T12:29:26+00:00","dateModified":"2021-01-15T12:30:41+00:00","mainEntityOfPage":{"@id":"https:\/\/informelitoral.com.ar\/libertador-san-martin-una-moto-choco-contra-un-tractor-y-un-policia-resulto-herido\/"},"wordCount":183,"publisher":{"@id":"https:\/\/informelitoral.com.ar\/#organization"},"image":{"@id":"https:\/\/informelitoral.com.ar\/libertador-san-martin-una-moto-choco-contra-un-tractor-y-un-policia-resulto-herido\/#primaryimage"},"thumbnailUrl":"https:\/\/informelitoral.com.ar\/%77%70%2d%63%6f%6e%74%65%6e%74\/uploads\/2021\/01\/o_1610696427_1.jpg","keywords":["Accidente vial","Libertador San Mart\u00edn","Ruta 131"],"articleSection":["Policiales"],"inLanguage":"es"},{"@type":"WebPage","@id":"https:\/\/informelitoral.com.ar\/libertador-san-martin-una-moto-choco-contra-un-tractor-y-un-policia-resulto-herido\/","url":"https:\/\/informelitoral.com.ar\/libertador-san-martin-una-moto-choco-contra-un-tractor-y-un-policia-resulto-herido\/","name":"Libertador San Mart\u00edn: una moto choc\u00f3 contra un tractor y un polic\u00eda result\u00f3 herido - Informe Litoral","isPartOf":{"@id":"https:\/\/informelitoral.com.ar\/#website"},"primaryImageOfPage":{"@id":"https:\/\/informelitoral.com.ar\/libertador-san-martin-una-moto-choco-contra-un-tractor-y-un-policia-resulto-herido\/#primaryimage"},"image":{"@id":"https:\/\/informelitoral.com.ar\/libertador-san-martin-una-moto-choco-contra-un-tractor-y-un-policia-resulto-herido\/#primaryimage"},"thumbnailUrl":"https:\/\/informelitoral.com.ar\/%77%70%2d%63%6f%6e%74%65%6e%74\/uploads\/2021\/01\/o_1610696427_1.jpg","datePublished":"2021-01-15T12:29:26+00:00","dateModified":"2021-01-15T12:30:41+00:00","breadcrumb":{"@id":"https:\/\/informelitoral.com.ar\/libertador-san-martin-una-moto-choco-contra-un-tractor-y-un-policia-resulto-herido\/#breadcrumb"},"inLanguage":"es","potentialAction":[{"@type":"ReadAction","target":["https:\/\/informelitoral.com.ar\/libertador-san-martin-una-moto-choco-contra-un-tractor-y-un-policia-resulto-herido\/"]}]},{"@type":"ImageObject","inLanguage":"es","@id":"https:\/\/informelitoral.com.ar\/libertador-san-martin-una-moto-choco-contra-un-tractor-y-un-policia-resulto-herido\/#primaryimage","url":"https:\/\/informelitoral.com.ar\/%77%70%2d%63%6f%6e%74%65%6e%74\/uploads\/2021\/01\/o_1610696427_1.jpg","contentUrl":"https:\/\/informelitoral.com.ar\/%77%70%2d%63%6f%6e%74%65%6e%74\/uploads\/2021\/01\/o_1610696427_1.jpg","width":800,"height":450},{"@type":"BreadcrumbList","@id":"https:\/\/informelitoral.com.ar\/libertador-san-martin-una-moto-choco-contra-un-tractor-y-un-policia-resulto-herido\/#breadcrumb","itemListElement":[{"@type":"ListItem","position":1,"name":"Portada","item":"https:\/\/informelitoral.com.ar\/"},{"@type":"ListItem","position":2,"name":"Libertador San Mart\u00edn: una moto choc\u00f3 contra un tractor y un polic\u00eda result\u00f3 herido"}]},{"@type":"WebSite","@id":"https:\/\/informelitoral.com.ar\/#website","url":"https:\/\/informelitoral.com.ar\/","name":"Informe Litoral","description":"&quot;Nos informamos&quot; ","publisher":{"@id":"https:\/\/informelitoral.com.ar\/#organization"},"potentialAction":[{"@type":"SearchAction","target":{"@type":"EntryPoint","urlTemplate":"https:\/\/informelitoral.com.ar\/?s={search_term_string}"},"query-input":{"@type":"PropertyValueSpecification","valueRequired":true,"valueName":"search_term_string"}}],"inLanguage":"es"},{"@type":"Organization","@id":"https:\/\/informelitoral.com.ar\/#organization","name":"Informe Litoral","url":"https:\/\/informelitoral.com.ar\/","logo":{"@type":"ImageObject","inLanguage":"es","@id":"https:\/\/informelitoral.com.ar\/#\/schema\/logo\/image\/","url":"https:\/\/informelitoral.com.ar\/%77%70%2d%63%6f%6e%74%65%6e%74\/uploads\/2021\/01\/circulo.png","contentUrl":"https:\/\/informelitoral.com.ar\/%77%70%2d%63%6f%6e%74%65%6e%74\/uploads\/2021\/01\/circulo.png","width":723,"height":731,"caption":"Informe Litoral"},"image":{"@id":"https:\/\/informelitoral.com.ar\/#\/schema\/logo\/image\/"},"sameAs":["https:\/\/www.facebook.com\/informelitoral\/","https:\/\/x.com\/InformeLitoral","https:\/\/www.instagram.com\/informelitoral\/","https:\/\/www.youtube.com\/channel\/UCua4Qvz8Icb6MYqhoq9xLXw"]},{"@type":"Person","@id":"https:\/\/informelitoral.com.ar\/#\/schema\/person\/b9d00407c836482871ef1d57bf8e3180","name":"Gonzalo Schmidt","image":{"@type":"ImageObject","inLanguage":"es","@id":"https:\/\/secure.gravatar.com\/avatar\/31a1a7b66ff2de83bd0e9fd79d026630d2d99e55e8bfe501287647b4fd9743de?s=96&d=mm&r=g","url":"https:\/\/secure.gravatar.com\/avatar\/31a1a7b66ff2de83bd0e9fd79d026630d2d99e55e8bfe501287647b4fd9743de?s=96&d=mm&r=g","contentUrl":"https:\/\/secure.gravatar.com\/avatar\/31a1a7b66ff2de83bd0e9fd79d026630d2d99e55e8bfe501287647b4fd9743de?s=96&d=mm&r=g","caption":"Gonzalo Schmidt"},"description":"Sitio web de noticias de la provincia de Entre R\u00edos, Argentina. Informaci\u00f3n y entretenimiento. Informe Litoral, nos informamos.","sameAs":["http:\/\/www.isletasnoticias.com.ar"],"url":"https:\/\/informelitoral.com.ar\/author\/gonzalo\/"}]}},"_links":{"self":[{"href":"https:\/\/informelitoral.com.ar\/%77%70%2d%6a%73%6f%6e\/wp\/v2\/posts\/55707","targetHints":{"allow":["GET"]}}],"collection":[{"href":"https:\/\/informelitoral.com.ar\/%77%70%2d%6a%73%6f%6e\/wp\/v2\/posts"}],"about":[{"href":"https:\/\/informelitoral.com.ar\/%77%70%2d%6a%73%6f%6e\/wp\/v2\/types\/post"}],"author":[{"embeddable":true,"href":"https:\/\/informelitoral.com.ar\/%77%70%2d%6a%73%6f%6e\/wp\/v2\/users\/2"}],"replies":[{"embeddable":true,"href":"https:\/\/informelitoral.com.ar\/%77%70%2d%6a%73%6f%6e\/wp\/v2\/comments?post=55707"}],"version-history":[{"count":0,"href":"https:\/\/informelitoral.com.ar\/%77%70%2d%6a%73%6f%6e\/wp\/v2\/posts\/55707\/revisions"}],"wp:featuredmedia":[{"embeddable":true,"href":"https:\/\/informelitoral.com.ar\/%77%70%2d%6a%73%6f%6e\/wp\/v2\/media\/55709"}],"wp:attachment":[{"href":"https:\/\/informelitoral.com.ar\/%77%70%2d%6a%73%6f%6e\/wp\/v2\/media?parent=55707"}],"wp:term":[{"taxonomy":"category","embeddable":true,"href":"https:\/\/informelitoral.com.ar\/%77%70%2d%6a%73%6f%6e\/wp\/v2\/categories?post=55707"},{"taxonomy":"post_tag","embeddable":true,"href":"https:\/\/informelitoral.com.ar\/%77%70%2d%6a%73%6f%6e\/wp\/v2\/tags?post=55707"}],"curies":[{"name":"wp","href":"https:\/\/api.w.org\/{rel}","templated":true}]}}