{"id":5570,"date":"2014-02-12T15:50:25","date_gmt":"2014-02-12T18:50:25","guid":{"rendered":"http:\/\/www.isletasnoticias.com.ar\/?p=5570"},"modified":"2014-02-12T15:50:25","modified_gmt":"2014-02-12T18:50:25","slug":"la-empresa-arrocera-brasilera-camil-alimentos-se-instalo-en-entre-rios","status":"publish","type":"post","link":"https:\/\/informelitoral.com.ar\/la-empresa-arrocera-brasilera-camil-alimentos-se-instalo-en-entre-rios\/","title":{"rendered":"La empresa arrocera brasilera Camil Alimentos se instal\u00f3 en Entre R\u00edos"},"content":{"rendered":"<p><strong>El gobernador <em>Sergio Urribarri<\/em> se reuni\u00f3 este martes con el director de Suministros y Comercio Exterior de la firma Camil,<em> Jos\u00e9 Rubens Arante,<\/em> con quien dialog\u00f3 sobre la instalaci\u00f3n reciente de la empresa arrocera en Los Charruas, departamento Concordia. El molino que adquiri\u00f3 la empresa del vecino pa\u00eds constituye su primera propiedad en la Argentina. El grupo brasilero mantuvo la continuidad laboral de los 40 empleados que ven\u00edan trabajando y tiene como objetivo ampliar las instalaciones. \u201cLa llegada a Entre R\u00edos de esta empresa genera una expectativa muy grande\u201d, sostuv<strong>o el mandatario.<\/strong><\/strong><\/p>\n<p><img loading=\"lazy\" decoding=\"async\" class=\"aligncenter size-medium wp-image-5571\" alt=\"arroz\" src=\"http:\/\/www.isletasnoticias.com.ar\/%77%70%2d%63%6f%6e%74%65%6e%74\/uploads\/2014\/02\/arroz-300x200.jpg\" width=\"300\" height=\"200\" srcset=\"https:\/\/informelitoral.com.ar\/%77%70%2d%63%6f%6e%74%65%6e%74\/uploads\/2014\/02\/arroz-300x200.jpg 300w, https:\/\/informelitoral.com.ar\/%77%70%2d%63%6f%6e%74%65%6e%74\/uploads\/2014\/02\/arroz.jpg 492w\" sizes=\"auto, (max-width: 300px) 100vw, 300px\" \/><\/p>\n<p>Camil Alimentos es un grupo de origen brasilero y es el principal proveedor de arroz de ese pa\u00eds. Desde 2007 comenz\u00f3 un proceso de internacionalizaci\u00f3n de sus operaciones de arroz adquiriendo las acciones de Saman en Uruguay, Tucapel en Chile y Coste\u00f1o en Per\u00fa, a lo cual se\u00a0le agrega ahora la adquisici\u00f3n de La Loma, en Argentina.<\/p>\n<p>\u201cLa empresa Camil tiene una experiencia de m\u00e1s de 50 a\u00f1os en la explotaci\u00f3n arrocera en Brasil y en otros pa\u00edses de la regi\u00f3n, principalmente en Sudam\u00e9rica\u201d, explic\u00f3 Urribarri al finalizar la reuni\u00f3n que concret\u00f3 en Buenos Aires. Agreg\u00f3 que \u201cel know how que ellos han desarrollado en su pa\u00eds y en otros como Uruguay, es important\u00edsimo\u201d.<\/p>\n<p>Afirm\u00f3 que la llegada de la firma a Entre R\u00edos, concretamente adquiriendo un molino arrocero en la localidad de Los Charruas, \u00abgenera una expectativa importante, no s\u00f3lo porque garantiza la continuidad laboral de m\u00e1s de 40 empleados sino por que pretenden ampliar las instalaciones de manera importante y promover, acompa\u00f1ar y cooperar con el crecimiento arrocero en Entre R\u00edos\u201d.<\/p>\n<p>Los objetivos del grupo brasile\u00f1o, con esta primera adquisici\u00f3n en la Argentina, son de mantener su administraci\u00f3n y operaci\u00f3n con personal local y de seguir trabajando en forma mancomunada con sus productores, proveedores y clientes.<\/p>\n<p>\u201cEntre el sector p\u00fablico y privado hemos podido superar momentos muy dif\u00edciles, donde la soja y otras producciones fueron desplazando a miles de hect\u00e1reas de arroz que se hac\u00edan en Entre R\u00edos\u201d, coment\u00f3 el Jefe del Ejecutivo entrerriano.<\/p>\n<p>Luego, Urribarri resalt\u00f3 sentirse \u201cmuy contento\u00bb como un gobernador que en estos seis a\u00f1os ha promovido el crecimiento del sector productivo de Entre R\u00edos. Destac\u00f3\u00a0asimismo \u00abel eco encontrado en este tipo de inversiones que son millonarias y marcan claramente la confianza en la provincia\u201d.<\/p>\n<p>Durante la reuni\u00f3n Rubens le propuso al mandatario trabajar de manera mancomunada. Al respecto, Urribarri indic\u00f3 que el empresario brasile\u00f1o \u00abconoce la manera que tenemos de trabajar porque vino acompa\u00f1ado del presidente de la Federaci\u00f3n Nacional de Arroz, <strong>Jorge Paoloni<\/strong>\u201d qui\u00e9n le \u201cha contado c\u00f3mo hemos avanzado el sector p\u00fablico y privado, en una cooperaci\u00f3n in\u00e9dita\u201d.<\/p>\n<p>A\u00f1adi\u00f3 que de esa colaboraci\u00f3n \u201clos resultados est\u00e1n a\u00a0la vista, no s\u00f3lo en lo que logramos con el crecimiento de la producci\u00f3n para demanda local, sino tambi\u00e9n el crecimiento, pr\u00e1cticamente, duplic\u00f3 la cantidad de pa\u00edses que los productos entrerrianos pueden colocarse en el mundo\u201d.<\/p>\n<p>De la reuni\u00f3n participaron el presidente de la Federaci\u00f3n de Entidades Arroceras Argentinas (Fedenar), <strong>Jorge Paoloni<\/strong>; el ministro de Producci\u00f3n,<strong> Roberto Schunk;<\/strong> el secretario de Comercio e Industria, <strong>Pablo Z\u00e1rate<\/strong> y <strong>Mat\u00edas Diez<\/strong>, de La Loma Alimentos SA.<\/p>\n","protected":false},"excerpt":{"rendered":"<p>El gobernador Sergio Urribarri se reuni&oacute; este martes con el director de Suministros y Comercio Exterior de la firma Camil, Jos&eacute; Rubens Arante, con quien dialog&oacute; sobre la instalaci&oacute;n reciente de la empresa arrocera en Los Charruas, departamento Concordia. El molino que adquiri&oacute; la empresa del vecino pa&iacute;s constituye su primera propiedad en la Argentina. [&hellip;]<\/p>\n","protected":false},"author":2,"featured_media":0,"comment_status":"open","ping_status":"open","sticky":false,"template":"","format":"standard","meta":{"fifu_image_url":"","fifu_image_alt":"","footnotes":""},"categories":[6,16],"tags":[],"class_list":{"0":"post-5570","1":"post","2":"type-post","3":"status-publish","4":"format-standard","6":"category-entre-rios","7":"category-politi"},"yoast_head":"<title>La empresa arrocera brasilera Camil Alimentos se instal\u00f3 en Entre R\u00edos - Informe Litoral<\/title>\n<meta name=\"robots\" content=\"index, follow, max-snippet:-1, max-image-preview:large, max-video-preview:-1\" \/>\n<link rel=\"canonical\" href=\"https:\/\/informelitoral.com.ar\/la-empresa-arrocera-brasilera-camil-alimentos-se-instalo-en-entre-rios\/\" \/>\n<meta property=\"og:locale\" content=\"es_ES\" \/>\n<meta property=\"og:type\" content=\"article\" \/>\n<meta property=\"og:title\" content=\"La empresa arrocera brasilera Camil Alimentos se instal\u00f3 en Entre R\u00edos - Informe Litoral\" \/>\n<meta property=\"og:description\" content=\"El gobernador Sergio Urribarri se reuni&oacute; este martes con el director de Suministros y Comercio Exterior de la firma Camil, Jos&eacute; Rubens Arante, con quien dialog&oacute; sobre la instalaci&oacute;n reciente de la empresa arrocera en Los Charruas, departamento Concordia. El molino que adquiri&oacute; la empresa del vecino pa&iacute;s constituye su primera propiedad en la Argentina. [&hellip;]\" \/>\n<meta property=\"og:url\" content=\"https:\/\/informelitoral.com.ar\/la-empresa-arrocera-brasilera-camil-alimentos-se-instalo-en-entre-rios\/\" \/>\n<meta property=\"og:site_name\" content=\"Informe Litoral\" \/>\n<meta property=\"article:publisher\" content=\"https:\/\/www.facebook.com\/informelitoral\/\" \/>\n<meta property=\"article:published_time\" content=\"2014-02-12T18:50:25+00:00\" \/>\n<meta property=\"og:image\" content=\"https:\/\/informelitoral.com.ar\/%77%70%2d%63%6f%6e%74%65%6e%74\/uploads\/2014\/02\/arroz.jpg\" \/>\n\t<meta property=\"og:image:width\" content=\"492\" \/>\n\t<meta property=\"og:image:height\" content=\"329\" \/>\n\t<meta property=\"og:image:type\" content=\"image\/jpeg\" \/>\n<meta name=\"author\" content=\"Gonzalo Schmidt\" \/>\n<meta name=\"twitter:card\" content=\"summary_large_image\" \/>\n<meta name=\"twitter:creator\" content=\"@InformeLitoral\" \/>\n<meta name=\"twitter:site\" content=\"@InformeLitoral\" \/>\n<meta name=\"twitter:label1\" content=\"Escrito por\" \/>\n\t<meta name=\"twitter:data1\" content=\"Gonzalo Schmidt\" \/>\n\t<meta name=\"twitter:label2\" content=\"Tiempo de lectura\" \/>\n\t<meta name=\"twitter:data2\" content=\"3 minutos\" \/>\n<script type=\"application\/ld+json\" class=\"yoast-schema-graph\">{\"@context\":\"https:\\\/\\\/schema.org\",\"@graph\":[{\"@type\":\"Article\",\"@id\":\"https:\\\/\\\/informelitoral.com.ar\\\/la-empresa-arrocera-brasilera-camil-alimentos-se-instalo-en-entre-rios\\\/#article\",\"isPartOf\":{\"@id\":\"https:\\\/\\\/informelitoral.com.ar\\\/la-empresa-arrocera-brasilera-camil-alimentos-se-instalo-en-entre-rios\\\/\"},\"author\":{\"name\":\"Gonzalo Schmidt\",\"@id\":\"https:\\\/\\\/informelitoral.com.ar\\\/#\\\/schema\\\/person\\\/b9d00407c836482871ef1d57bf8e3180\"},\"headline\":\"La empresa arrocera brasilera Camil Alimentos se instal\u00f3 en Entre R\u00edos\",\"datePublished\":\"2014-02-12T18:50:25+00:00\",\"mainEntityOfPage\":{\"@id\":\"https:\\\/\\\/informelitoral.com.ar\\\/la-empresa-arrocera-brasilera-camil-alimentos-se-instalo-en-entre-rios\\\/\"},\"wordCount\":586,\"commentCount\":0,\"publisher\":{\"@id\":\"https:\\\/\\\/informelitoral.com.ar\\\/#organization\"},\"image\":{\"@id\":\"https:\\\/\\\/informelitoral.com.ar\\\/la-empresa-arrocera-brasilera-camil-alimentos-se-instalo-en-entre-rios\\\/#primaryimage\"},\"thumbnailUrl\":\"http:\\\/\\\/www.isletasnoticias.com.ar\\\/%77%70%2d%63%6f%6e%74%65%6e%74\\\/uploads\\\/2014\\\/02\\\/arroz-300x200.jpg\",\"articleSection\":[\"Entre R\u00edos\",\"Politica\"],\"inLanguage\":\"es\",\"potentialAction\":[{\"@type\":\"CommentAction\",\"name\":\"Comment\",\"target\":[\"https:\\\/\\\/informelitoral.com.ar\\\/la-empresa-arrocera-brasilera-camil-alimentos-se-instalo-en-entre-rios\\\/#respond\"]}]},{\"@type\":\"WebPage\",\"@id\":\"https:\\\/\\\/informelitoral.com.ar\\\/la-empresa-arrocera-brasilera-camil-alimentos-se-instalo-en-entre-rios\\\/\",\"url\":\"https:\\\/\\\/informelitoral.com.ar\\\/la-empresa-arrocera-brasilera-camil-alimentos-se-instalo-en-entre-rios\\\/\",\"name\":\"La empresa arrocera brasilera Camil Alimentos se instal\u00f3 en Entre R\u00edos - Informe Litoral\",\"isPartOf\":{\"@id\":\"https:\\\/\\\/informelitoral.com.ar\\\/#website\"},\"primaryImageOfPage\":{\"@id\":\"https:\\\/\\\/informelitoral.com.ar\\\/la-empresa-arrocera-brasilera-camil-alimentos-se-instalo-en-entre-rios\\\/#primaryimage\"},\"image\":{\"@id\":\"https:\\\/\\\/informelitoral.com.ar\\\/la-empresa-arrocera-brasilera-camil-alimentos-se-instalo-en-entre-rios\\\/#primaryimage\"},\"thumbnailUrl\":\"http:\\\/\\\/www.isletasnoticias.com.ar\\\/%77%70%2d%63%6f%6e%74%65%6e%74\\\/uploads\\\/2014\\\/02\\\/arroz-300x200.jpg\",\"datePublished\":\"2014-02-12T18:50:25+00:00\",\"breadcrumb\":{\"@id\":\"https:\\\/\\\/informelitoral.com.ar\\\/la-empresa-arrocera-brasilera-camil-alimentos-se-instalo-en-entre-rios\\\/#breadcrumb\"},\"inLanguage\":\"es\",\"potentialAction\":[{\"@type\":\"ReadAction\",\"target\":[\"https:\\\/\\\/informelitoral.com.ar\\\/la-empresa-arrocera-brasilera-camil-alimentos-se-instalo-en-entre-rios\\\/\"]}]},{\"@type\":\"ImageObject\",\"inLanguage\":\"es\",\"@id\":\"https:\\\/\\\/informelitoral.com.ar\\\/la-empresa-arrocera-brasilera-camil-alimentos-se-instalo-en-entre-rios\\\/#primaryimage\",\"url\":\"http:\\\/\\\/www.isletasnoticias.com.ar\\\/%77%70%2d%63%6f%6e%74%65%6e%74\\\/uploads\\\/2014\\\/02\\\/arroz-300x200.jpg\",\"contentUrl\":\"http:\\\/\\\/www.isletasnoticias.com.ar\\\/%77%70%2d%63%6f%6e%74%65%6e%74\\\/uploads\\\/2014\\\/02\\\/arroz-300x200.jpg\"},{\"@type\":\"BreadcrumbList\",\"@id\":\"https:\\\/\\\/informelitoral.com.ar\\\/la-empresa-arrocera-brasilera-camil-alimentos-se-instalo-en-entre-rios\\\/#breadcrumb\",\"itemListElement\":[{\"@type\":\"ListItem\",\"position\":1,\"name\":\"Portada\",\"item\":\"https:\\\/\\\/informelitoral.com.ar\\\/\"},{\"@type\":\"ListItem\",\"position\":2,\"name\":\"La empresa arrocera brasilera Camil Alimentos se instal\u00f3 en Entre R\u00edos\"}]},{\"@type\":\"WebSite\",\"@id\":\"https:\\\/\\\/informelitoral.com.ar\\\/#website\",\"url\":\"https:\\\/\\\/informelitoral.com.ar\\\/\",\"name\":\"Informe Litoral\",\"description\":\"&quot;Nos informamos&quot; \",\"publisher\":{\"@id\":\"https:\\\/\\\/informelitoral.com.ar\\\/#organization\"},\"potentialAction\":[{\"@type\":\"SearchAction\",\"target\":{\"@type\":\"EntryPoint\",\"urlTemplate\":\"https:\\\/\\\/informelitoral.com.ar\\\/?s={search_term_string}\"},\"query-input\":{\"@type\":\"PropertyValueSpecification\",\"valueRequired\":true,\"valueName\":\"search_term_string\"}}],\"inLanguage\":\"es\"},{\"@type\":\"Organization\",\"@id\":\"https:\\\/\\\/informelitoral.com.ar\\\/#organization\",\"name\":\"Informe Litoral\",\"url\":\"https:\\\/\\\/informelitoral.com.ar\\\/\",\"logo\":{\"@type\":\"ImageObject\",\"inLanguage\":\"es\",\"@id\":\"https:\\\/\\\/informelitoral.com.ar\\\/#\\\/schema\\\/logo\\\/image\\\/\",\"url\":\"https:\\\/\\\/informelitoral.com.ar\\\/%77%70%2d%63%6f%6e%74%65%6e%74\\\/uploads\\\/2021\\\/01\\\/circulo.png\",\"contentUrl\":\"https:\\\/\\\/informelitoral.com.ar\\\/%77%70%2d%63%6f%6e%74%65%6e%74\\\/uploads\\\/2021\\\/01\\\/circulo.png\",\"width\":723,\"height\":731,\"caption\":\"Informe Litoral\"},\"image\":{\"@id\":\"https:\\\/\\\/informelitoral.com.ar\\\/#\\\/schema\\\/logo\\\/image\\\/\"},\"sameAs\":[\"https:\\\/\\\/www.facebook.com\\\/informelitoral\\\/\",\"https:\\\/\\\/x.com\\\/InformeLitoral\",\"https:\\\/\\\/www.instagram.com\\\/informelitoral\\\/\",\"https:\\\/\\\/www.youtube.com\\\/channel\\\/UCua4Qvz8Icb6MYqhoq9xLXw\"]},{\"@type\":\"Person\",\"@id\":\"https:\\\/\\\/informelitoral.com.ar\\\/#\\\/schema\\\/person\\\/b9d00407c836482871ef1d57bf8e3180\",\"name\":\"Gonzalo Schmidt\",\"image\":{\"@type\":\"ImageObject\",\"inLanguage\":\"es\",\"@id\":\"https:\\\/\\\/secure.gravatar.com\\\/avatar\\\/31a1a7b66ff2de83bd0e9fd79d026630d2d99e55e8bfe501287647b4fd9743de?s=96&d=mm&r=g\",\"url\":\"https:\\\/\\\/secure.gravatar.com\\\/avatar\\\/31a1a7b66ff2de83bd0e9fd79d026630d2d99e55e8bfe501287647b4fd9743de?s=96&d=mm&r=g\",\"contentUrl\":\"https:\\\/\\\/secure.gravatar.com\\\/avatar\\\/31a1a7b66ff2de83bd0e9fd79d026630d2d99e55e8bfe501287647b4fd9743de?s=96&d=mm&r=g\",\"caption\":\"Gonzalo Schmidt\"},\"description\":\"Sitio web de noticias de la provincia de Entre R\u00edos, Argentina. Informaci\u00f3n y entretenimiento. Informe Litoral, nos informamos.\",\"sameAs\":[\"http:\\\/\\\/www.isletasnoticias.com.ar\"],\"url\":\"https:\\\/\\\/informelitoral.com.ar\\\/author\\\/gonzalo\\\/\"}]}<\/script>","yoast_head_json":{"title":"La empresa arrocera brasilera Camil Alimentos se instal\u00f3 en Entre R\u00edos - Informe Litoral","robots":{"index":"index","follow":"follow","max-snippet":"max-snippet:-1","max-image-preview":"max-image-preview:large","max-video-preview":"max-video-preview:-1"},"canonical":"https:\/\/informelitoral.com.ar\/la-empresa-arrocera-brasilera-camil-alimentos-se-instalo-en-entre-rios\/","og_locale":"es_ES","og_type":"article","og_title":"La empresa arrocera brasilera Camil Alimentos se instal\u00f3 en Entre R\u00edos - Informe Litoral","og_description":"El gobernador Sergio Urribarri se reuni&oacute; este martes con el director de Suministros y Comercio Exterior de la firma Camil, Jos&eacute; Rubens Arante, con quien dialog&oacute; sobre la instalaci&oacute;n reciente de la empresa arrocera en Los Charruas, departamento Concordia. El molino que adquiri&oacute; la empresa del vecino pa&iacute;s constituye su primera propiedad en la Argentina. [&hellip;]","og_url":"https:\/\/informelitoral.com.ar\/la-empresa-arrocera-brasilera-camil-alimentos-se-instalo-en-entre-rios\/","og_site_name":"Informe Litoral","article_publisher":"https:\/\/www.facebook.com\/informelitoral\/","article_published_time":"2014-02-12T18:50:25+00:00","og_image":[{"width":492,"height":329,"url":"https:\/\/informelitoral.com.ar\/%77%70%2d%63%6f%6e%74%65%6e%74\/uploads\/2014\/02\/arroz.jpg","type":"image\/jpeg"}],"author":"Gonzalo Schmidt","twitter_card":"summary_large_image","twitter_creator":"@InformeLitoral","twitter_site":"@InformeLitoral","twitter_misc":{"Escrito por":"Gonzalo Schmidt","Tiempo de lectura":"3 minutos"},"schema":{"@context":"https:\/\/schema.org","@graph":[{"@type":"Article","@id":"https:\/\/informelitoral.com.ar\/la-empresa-arrocera-brasilera-camil-alimentos-se-instalo-en-entre-rios\/#article","isPartOf":{"@id":"https:\/\/informelitoral.com.ar\/la-empresa-arrocera-brasilera-camil-alimentos-se-instalo-en-entre-rios\/"},"author":{"name":"Gonzalo Schmidt","@id":"https:\/\/informelitoral.com.ar\/#\/schema\/person\/b9d00407c836482871ef1d57bf8e3180"},"headline":"La empresa arrocera brasilera Camil Alimentos se instal\u00f3 en Entre R\u00edos","datePublished":"2014-02-12T18:50:25+00:00","mainEntityOfPage":{"@id":"https:\/\/informelitoral.com.ar\/la-empresa-arrocera-brasilera-camil-alimentos-se-instalo-en-entre-rios\/"},"wordCount":586,"commentCount":0,"publisher":{"@id":"https:\/\/informelitoral.com.ar\/#organization"},"image":{"@id":"https:\/\/informelitoral.com.ar\/la-empresa-arrocera-brasilera-camil-alimentos-se-instalo-en-entre-rios\/#primaryimage"},"thumbnailUrl":"http:\/\/www.isletasnoticias.com.ar\/%77%70%2d%63%6f%6e%74%65%6e%74\/uploads\/2014\/02\/arroz-300x200.jpg","articleSection":["Entre R\u00edos","Politica"],"inLanguage":"es","potentialAction":[{"@type":"CommentAction","name":"Comment","target":["https:\/\/informelitoral.com.ar\/la-empresa-arrocera-brasilera-camil-alimentos-se-instalo-en-entre-rios\/#respond"]}]},{"@type":"WebPage","@id":"https:\/\/informelitoral.com.ar\/la-empresa-arrocera-brasilera-camil-alimentos-se-instalo-en-entre-rios\/","url":"https:\/\/informelitoral.com.ar\/la-empresa-arrocera-brasilera-camil-alimentos-se-instalo-en-entre-rios\/","name":"La empresa arrocera brasilera Camil Alimentos se instal\u00f3 en Entre R\u00edos - Informe Litoral","isPartOf":{"@id":"https:\/\/informelitoral.com.ar\/#website"},"primaryImageOfPage":{"@id":"https:\/\/informelitoral.com.ar\/la-empresa-arrocera-brasilera-camil-alimentos-se-instalo-en-entre-rios\/#primaryimage"},"image":{"@id":"https:\/\/informelitoral.com.ar\/la-empresa-arrocera-brasilera-camil-alimentos-se-instalo-en-entre-rios\/#primaryimage"},"thumbnailUrl":"http:\/\/www.isletasnoticias.com.ar\/%77%70%2d%63%6f%6e%74%65%6e%74\/uploads\/2014\/02\/arroz-300x200.jpg","datePublished":"2014-02-12T18:50:25+00:00","breadcrumb":{"@id":"https:\/\/informelitoral.com.ar\/la-empresa-arrocera-brasilera-camil-alimentos-se-instalo-en-entre-rios\/#breadcrumb"},"inLanguage":"es","potentialAction":[{"@type":"ReadAction","target":["https:\/\/informelitoral.com.ar\/la-empresa-arrocera-brasilera-camil-alimentos-se-instalo-en-entre-rios\/"]}]},{"@type":"ImageObject","inLanguage":"es","@id":"https:\/\/informelitoral.com.ar\/la-empresa-arrocera-brasilera-camil-alimentos-se-instalo-en-entre-rios\/#primaryimage","url":"http:\/\/www.isletasnoticias.com.ar\/%77%70%2d%63%6f%6e%74%65%6e%74\/uploads\/2014\/02\/arroz-300x200.jpg","contentUrl":"http:\/\/www.isletasnoticias.com.ar\/%77%70%2d%63%6f%6e%74%65%6e%74\/uploads\/2014\/02\/arroz-300x200.jpg"},{"@type":"BreadcrumbList","@id":"https:\/\/informelitoral.com.ar\/la-empresa-arrocera-brasilera-camil-alimentos-se-instalo-en-entre-rios\/#breadcrumb","itemListElement":[{"@type":"ListItem","position":1,"name":"Portada","item":"https:\/\/informelitoral.com.ar\/"},{"@type":"ListItem","position":2,"name":"La empresa arrocera brasilera Camil Alimentos se instal\u00f3 en Entre R\u00edos"}]},{"@type":"WebSite","@id":"https:\/\/informelitoral.com.ar\/#website","url":"https:\/\/informelitoral.com.ar\/","name":"Informe Litoral","description":"&quot;Nos informamos&quot; ","publisher":{"@id":"https:\/\/informelitoral.com.ar\/#organization"},"potentialAction":[{"@type":"SearchAction","target":{"@type":"EntryPoint","urlTemplate":"https:\/\/informelitoral.com.ar\/?s={search_term_string}"},"query-input":{"@type":"PropertyValueSpecification","valueRequired":true,"valueName":"search_term_string"}}],"inLanguage":"es"},{"@type":"Organization","@id":"https:\/\/informelitoral.com.ar\/#organization","name":"Informe Litoral","url":"https:\/\/informelitoral.com.ar\/","logo":{"@type":"ImageObject","inLanguage":"es","@id":"https:\/\/informelitoral.com.ar\/#\/schema\/logo\/image\/","url":"https:\/\/informelitoral.com.ar\/%77%70%2d%63%6f%6e%74%65%6e%74\/uploads\/2021\/01\/circulo.png","contentUrl":"https:\/\/informelitoral.com.ar\/%77%70%2d%63%6f%6e%74%65%6e%74\/uploads\/2021\/01\/circulo.png","width":723,"height":731,"caption":"Informe Litoral"},"image":{"@id":"https:\/\/informelitoral.com.ar\/#\/schema\/logo\/image\/"},"sameAs":["https:\/\/www.facebook.com\/informelitoral\/","https:\/\/x.com\/InformeLitoral","https:\/\/www.instagram.com\/informelitoral\/","https:\/\/www.youtube.com\/channel\/UCua4Qvz8Icb6MYqhoq9xLXw"]},{"@type":"Person","@id":"https:\/\/informelitoral.com.ar\/#\/schema\/person\/b9d00407c836482871ef1d57bf8e3180","name":"Gonzalo Schmidt","image":{"@type":"ImageObject","inLanguage":"es","@id":"https:\/\/secure.gravatar.com\/avatar\/31a1a7b66ff2de83bd0e9fd79d026630d2d99e55e8bfe501287647b4fd9743de?s=96&d=mm&r=g","url":"https:\/\/secure.gravatar.com\/avatar\/31a1a7b66ff2de83bd0e9fd79d026630d2d99e55e8bfe501287647b4fd9743de?s=96&d=mm&r=g","contentUrl":"https:\/\/secure.gravatar.com\/avatar\/31a1a7b66ff2de83bd0e9fd79d026630d2d99e55e8bfe501287647b4fd9743de?s=96&d=mm&r=g","caption":"Gonzalo Schmidt"},"description":"Sitio web de noticias de la provincia de Entre R\u00edos, Argentina. Informaci\u00f3n y entretenimiento. Informe Litoral, nos informamos.","sameAs":["http:\/\/www.isletasnoticias.com.ar"],"url":"https:\/\/informelitoral.com.ar\/author\/gonzalo\/"}]}},"_links":{"self":[{"href":"https:\/\/informelitoral.com.ar\/%77%70%2d%6a%73%6f%6e\/wp\/v2\/posts\/5570","targetHints":{"allow":["GET"]}}],"collection":[{"href":"https:\/\/informelitoral.com.ar\/%77%70%2d%6a%73%6f%6e\/wp\/v2\/posts"}],"about":[{"href":"https:\/\/informelitoral.com.ar\/%77%70%2d%6a%73%6f%6e\/wp\/v2\/types\/post"}],"author":[{"embeddable":true,"href":"https:\/\/informelitoral.com.ar\/%77%70%2d%6a%73%6f%6e\/wp\/v2\/users\/2"}],"replies":[{"embeddable":true,"href":"https:\/\/informelitoral.com.ar\/%77%70%2d%6a%73%6f%6e\/wp\/v2\/comments?post=5570"}],"version-history":[{"count":0,"href":"https:\/\/informelitoral.com.ar\/%77%70%2d%6a%73%6f%6e\/wp\/v2\/posts\/5570\/revisions"}],"wp:attachment":[{"href":"https:\/\/informelitoral.com.ar\/%77%70%2d%6a%73%6f%6e\/wp\/v2\/media?parent=5570"}],"wp:term":[{"taxonomy":"category","embeddable":true,"href":"https:\/\/informelitoral.com.ar\/%77%70%2d%6a%73%6f%6e\/wp\/v2\/categories?post=5570"},{"taxonomy":"post_tag","embeddable":true,"href":"https:\/\/informelitoral.com.ar\/%77%70%2d%6a%73%6f%6e\/wp\/v2\/tags?post=5570"}],"curies":[{"name":"wp","href":"https:\/\/api.w.org\/{rel}","templated":true}]}}