{"id":55690,"date":"2021-01-14T18:28:55","date_gmt":"2021-01-14T21:28:55","guid":{"rendered":"https:\/\/www.isletasnoticias.com.ar\/?p=55690"},"modified":"2021-01-14T18:28:55","modified_gmt":"2021-01-14T21:28:55","slug":"la-inflacion-del-2020-fue-del-361","status":"publish","type":"post","link":"https:\/\/informelitoral.com.ar\/la-inflacion-del-2020-fue-del-361\/","title":{"rendered":"La inflaci\u00f3n del 2020 fue del 36,1%"},"content":{"rendered":"<p class=\"paragraph\"><mark class=\"hl_yellow\"><b>El Instituto de Estad\u00edsticas y Censos (Indec) public\u00f3 el dato de inflaci\u00f3n de diciembre que alcanz\u00f3 el 4%,<\/b><\/mark>\u00a0dato que se ubic\u00f3 por arriba del de noviembre, 3,2%, y de octubre, que hab\u00eda sido el pico del a\u00f1o con 3,8%. Fue el valor m\u00e1s alto para 2020, siguiendo con la escalada que comenz\u00f3 en agosto pasado.<\/p>\n<p class=\"paragraph\"><mark class=\"hl_yellow\"><b>En los \u00faltimos 12 meses, acumul\u00f3 un total de 36,1 por ciento. Con este n\u00famero, la inflaci\u00f3n acumulada durante todo el 2020 fue menor en 17,7 puntos porcentuales que la que registr\u00f3 el Indec durante 2019 cuando alcanz\u00f3 el 53,8 por ciento.<\/b><\/mark><\/p>\n<p class=\"paragraph\">Los resultados del IPC de diciembre se muestran en l\u00ednea con lo que ven\u00edan adelantando las consultoras privadas que pronosticaron un alza del costo de vida de 4% en promedio y un 2020 con un incremento total de 36 por ciento. Tambi\u00e9n qued\u00f3 en l\u00ednea con lo que public\u00f3 el \u00faltimo Relevamiento de Expectativas del Mercado (REM) que realiza el Banco Central, en donde se estim\u00f3 el mismo nivel de inflaci\u00f3n que las consultoras privadas y se se\u00f1al\u00f3 que el aumento hab\u00eda sido impulsado por la suba de combustibles y alimentos.<\/p>\n<p class=\"paragraph\"><b>La inflaci\u00f3n n\u00facleo, aquella que no incluye los precios de productos o servicios estacionales y regulados, aceler\u00f3 hasta 4,9% mensual<\/b> y mantiene un ritmo ascendente.<\/p>\n<p class=\"paragraph\">A la hora de desagregar el informe del Indec, se observa que la zona del pa\u00eds en donde m\u00e1s aumento la inflaci\u00f3n fue la zona del Noreste con 42,2%, en segundo lugar qued\u00f3 el Noroeste con 38,1%, seguido por la regi\u00f3n Pampeana 37,9%. Luego quedaron la regi\u00f3n de Cuyo con 37,8%, las provincias de la Patagonia con 32,2% y finalmente el Gran Buenos Aires con 34,1 por ciento.<\/p>\n<p class=\"paragraph\">Desde el ministerio de Econom\u00eda se\u00f1alaron que \u201cel aumento de precios en el mes de diciembre se explica, en parte, por factores estacionales\u201d. Entre ellos, mencionaron cuatro factores: \ufe0f<b>Pasajes de larga distancia y a\u00e9reos<\/b>, que se ajustaron luego de la reapertura de los servicios,\u00a0<b>Carnes<\/b>, en donde se produjo \u201cun aumento de precios internacionales que aumenta el costo de producci\u00f3n, lo que representa una din\u00e1mica coyuntural, no una cuesti\u00f3n macro\u201d, \ufe0f<b>Prepagas\u00a0<\/b>y \ufe0f<b>Hoteles y restaurantes<\/b>.<\/p>\n<p class=\"paragraph\">En la previa a conocerse el informe del Indec, el ministro de Econom\u00eda, <b>Mart\u00edn Guzm\u00e1n<\/b>, hab\u00eda hecho referencia al n\u00famero y adelant\u00f3 que el dato de inflaci\u00f3n de diciembre rondar\u00eda el 4%. \u201cHay que entender cu\u00e1les son las fuerzas que determinan esa din\u00e1mica. Vamos a terminar con una inflaci\u00f3n interanual, diciembre 2019-diciembre 2020, de alrededor del 36%, lo cual implica una baja de m\u00e1s de 17 puntos porcentuales respecto de la inflaci\u00f3n 2019 y hay que seguir transitando ese camino de reducci\u00f3n\u201d.<\/p>\n<p class=\"paragraph\">Luego de reunirse en Paran\u00e1 con el gobernador de Entre R\u00edos,\u00a0<b>Gustavo Bordet<\/b>, Guzm\u00e1n se\u00f1al\u00f3 que\u00a0<b>la inflaci\u00f3n debe ser atacada \u201ccon una estrategia macroecon\u00f3mica integral que tiene m\u00faltiples dimensiones: la pol\u00edtica cambiaria, la pol\u00edtica fiscal y monetaria, la pol\u00edtica tarifaria, tambi\u00e9n uno de los precios clave de la econom\u00eda, y las pol\u00edticas de precios e ingresos en los que el Estado tiene un rol fundamental en la gesti\u00f3n de la coordinaci\u00f3n de expectativas<\/b>\u201d.<\/p>\n<p class=\"paragraph\">Asimismo, hizo referencia a que a fines de 2020 se fueron \u201crelajando ciertas regulaciones, que es importante tambi\u00e9n para mantener los incentivos adecuados para la producci\u00f3n. Entend\u00edamos que la combinaci\u00f3n de relajamiento de ciertas regulaciones en temas de precios, m\u00e1s cuestiones estacionales, m\u00e1s lo que se viene viviendo en t\u00e9rminos a la evoluci\u00f3n de los precios internacionales y c\u00f3mo eso afecta a las commodities y a los valores de la cadena productiva iba a generar una inflaci\u00f3n en los niveles en los cuales se cerrar\u00e1, m\u00e1s alta en el \u00faltimo trimestre de 2020\u2033.<\/p>\n<p class=\"paragraph\">A partir de esto, Guzm\u00e1n dijo que \u201cser\u00eda un error extrapolar eso para 2021, nosotros lo que hemos planteado es un esquema macro integral en el que se busca que la inflaci\u00f3n siga reduci\u00e9ndose, aproximadamente alrededor de cinco puntos porcentuales por a\u00f1o, de una forma consistente\u201d. <em>(Fuente: Infobae)<\/em><\/p>\n","protected":false},"excerpt":{"rendered":"<p>En diciembre el aumento de precios fue del 4% seg\u00fan el INDEC. En 2019 la inflaci\u00f3n alcanz\u00f3 el 53,8 por ciento.<\/p>\n","protected":false},"author":2,"featured_media":24321,"comment_status":"open","ping_status":"open","sticky":false,"template":"","format":"standard","meta":{"fifu_image_url":"","fifu_image_alt":"","footnotes":""},"categories":[1594,7],"tags":[78,95],"class_list":{"0":"post-55690","1":"post","2":"type-post","3":"status-publish","4":"format-standard","5":"has-post-thumbnail","7":"category-economia","8":"category-nacionales","9":"tag-indec","10":"tag-inflacion"},"yoast_head":"<title>La inflaci\u00f3n del 2020 fue del 36,1% - Informe Litoral<\/title>\n<meta name=\"robots\" content=\"index, follow, max-snippet:-1, max-image-preview:large, max-video-preview:-1\" \/>\n<link rel=\"canonical\" href=\"https:\/\/informelitoral.com.ar\/la-inflacion-del-2020-fue-del-361\/\" \/>\n<meta property=\"og:locale\" content=\"es_ES\" \/>\n<meta property=\"og:type\" content=\"article\" \/>\n<meta property=\"og:title\" content=\"La inflaci\u00f3n del 2020 fue del 36,1% - Informe Litoral\" \/>\n<meta property=\"og:description\" content=\"En diciembre el aumento de precios fue del 4% seg\u00fan el INDEC. En 2019 la inflaci\u00f3n alcanz\u00f3 el 53,8 por ciento.\" \/>\n<meta property=\"og:url\" content=\"https:\/\/informelitoral.com.ar\/la-inflacion-del-2020-fue-del-361\/\" \/>\n<meta property=\"og:site_name\" content=\"Informe Litoral\" \/>\n<meta property=\"article:publisher\" content=\"https:\/\/www.facebook.com\/informelitoral\/\" \/>\n<meta property=\"article:published_time\" content=\"2021-01-14T21:28:55+00:00\" \/>\n<meta property=\"og:image\" content=\"https:\/\/informelitoral.com.ar\/%77%70%2d%63%6f%6e%74%65%6e%74\/uploads\/2017\/12\/inflacion-y-precios-2451203w620.jpg\" \/>\n\t<meta property=\"og:image:width\" content=\"620\" \/>\n\t<meta property=\"og:image:height\" content=\"348\" \/>\n\t<meta property=\"og:image:type\" content=\"image\/jpeg\" \/>\n<meta name=\"author\" content=\"Gonzalo Schmidt\" \/>\n<meta name=\"twitter:card\" content=\"summary_large_image\" \/>\n<meta name=\"twitter:creator\" content=\"@InformeLitoral\" \/>\n<meta name=\"twitter:site\" content=\"@InformeLitoral\" \/>\n<meta name=\"twitter:label1\" content=\"Escrito por\" \/>\n\t<meta name=\"twitter:data1\" content=\"Gonzalo Schmidt\" \/>\n\t<meta name=\"twitter:label2\" content=\"Tiempo de lectura\" \/>\n\t<meta name=\"twitter:data2\" content=\"3 minutos\" \/>\n<script type=\"application\/ld+json\" class=\"yoast-schema-graph\">{\"@context\":\"https:\\\/\\\/schema.org\",\"@graph\":[{\"@type\":\"Article\",\"@id\":\"https:\\\/\\\/informelitoral.com.ar\\\/la-inflacion-del-2020-fue-del-361\\\/#article\",\"isPartOf\":{\"@id\":\"https:\\\/\\\/informelitoral.com.ar\\\/la-inflacion-del-2020-fue-del-361\\\/\"},\"author\":{\"name\":\"Gonzalo Schmidt\",\"@id\":\"https:\\\/\\\/informelitoral.com.ar\\\/#\\\/schema\\\/person\\\/b9d00407c836482871ef1d57bf8e3180\"},\"headline\":\"La inflaci\u00f3n del 2020 fue del 36,1%\",\"datePublished\":\"2021-01-14T21:28:55+00:00\",\"mainEntityOfPage\":{\"@id\":\"https:\\\/\\\/informelitoral.com.ar\\\/la-inflacion-del-2020-fue-del-361\\\/\"},\"wordCount\":702,\"commentCount\":0,\"publisher\":{\"@id\":\"https:\\\/\\\/informelitoral.com.ar\\\/#organization\"},\"image\":{\"@id\":\"https:\\\/\\\/informelitoral.com.ar\\\/la-inflacion-del-2020-fue-del-361\\\/#primaryimage\"},\"thumbnailUrl\":\"https:\\\/\\\/informelitoral.com.ar\\\/%77%70%2d%63%6f%6e%74%65%6e%74\\\/uploads\\\/2017\\\/12\\\/inflacion-y-precios-2451203w620.jpg\",\"keywords\":[\"Indec\",\"Inflaci\u00f3n\"],\"articleSection\":[\"Econom\u00eda\",\"Nacionales\"],\"inLanguage\":\"es\",\"potentialAction\":[{\"@type\":\"CommentAction\",\"name\":\"Comment\",\"target\":[\"https:\\\/\\\/informelitoral.com.ar\\\/la-inflacion-del-2020-fue-del-361\\\/#respond\"]}]},{\"@type\":\"WebPage\",\"@id\":\"https:\\\/\\\/informelitoral.com.ar\\\/la-inflacion-del-2020-fue-del-361\\\/\",\"url\":\"https:\\\/\\\/informelitoral.com.ar\\\/la-inflacion-del-2020-fue-del-361\\\/\",\"name\":\"La inflaci\u00f3n del 2020 fue del 36,1% - Informe Litoral\",\"isPartOf\":{\"@id\":\"https:\\\/\\\/informelitoral.com.ar\\\/#website\"},\"primaryImageOfPage\":{\"@id\":\"https:\\\/\\\/informelitoral.com.ar\\\/la-inflacion-del-2020-fue-del-361\\\/#primaryimage\"},\"image\":{\"@id\":\"https:\\\/\\\/informelitoral.com.ar\\\/la-inflacion-del-2020-fue-del-361\\\/#primaryimage\"},\"thumbnailUrl\":\"https:\\\/\\\/informelitoral.com.ar\\\/%77%70%2d%63%6f%6e%74%65%6e%74\\\/uploads\\\/2017\\\/12\\\/inflacion-y-precios-2451203w620.jpg\",\"datePublished\":\"2021-01-14T21:28:55+00:00\",\"breadcrumb\":{\"@id\":\"https:\\\/\\\/informelitoral.com.ar\\\/la-inflacion-del-2020-fue-del-361\\\/#breadcrumb\"},\"inLanguage\":\"es\",\"potentialAction\":[{\"@type\":\"ReadAction\",\"target\":[\"https:\\\/\\\/informelitoral.com.ar\\\/la-inflacion-del-2020-fue-del-361\\\/\"]}]},{\"@type\":\"ImageObject\",\"inLanguage\":\"es\",\"@id\":\"https:\\\/\\\/informelitoral.com.ar\\\/la-inflacion-del-2020-fue-del-361\\\/#primaryimage\",\"url\":\"https:\\\/\\\/informelitoral.com.ar\\\/%77%70%2d%63%6f%6e%74%65%6e%74\\\/uploads\\\/2017\\\/12\\\/inflacion-y-precios-2451203w620.jpg\",\"contentUrl\":\"https:\\\/\\\/informelitoral.com.ar\\\/%77%70%2d%63%6f%6e%74%65%6e%74\\\/uploads\\\/2017\\\/12\\\/inflacion-y-precios-2451203w620.jpg\",\"width\":620,\"height\":348},{\"@type\":\"BreadcrumbList\",\"@id\":\"https:\\\/\\\/informelitoral.com.ar\\\/la-inflacion-del-2020-fue-del-361\\\/#breadcrumb\",\"itemListElement\":[{\"@type\":\"ListItem\",\"position\":1,\"name\":\"Portada\",\"item\":\"https:\\\/\\\/informelitoral.com.ar\\\/\"},{\"@type\":\"ListItem\",\"position\":2,\"name\":\"La inflaci\u00f3n del 2020 fue del 36,1%\"}]},{\"@type\":\"WebSite\",\"@id\":\"https:\\\/\\\/informelitoral.com.ar\\\/#website\",\"url\":\"https:\\\/\\\/informelitoral.com.ar\\\/\",\"name\":\"Informe Litoral\",\"description\":\"&quot;Nos informamos&quot; \",\"publisher\":{\"@id\":\"https:\\\/\\\/informelitoral.com.ar\\\/#organization\"},\"potentialAction\":[{\"@type\":\"SearchAction\",\"target\":{\"@type\":\"EntryPoint\",\"urlTemplate\":\"https:\\\/\\\/informelitoral.com.ar\\\/?s={search_term_string}\"},\"query-input\":{\"@type\":\"PropertyValueSpecification\",\"valueRequired\":true,\"valueName\":\"search_term_string\"}}],\"inLanguage\":\"es\"},{\"@type\":\"Organization\",\"@id\":\"https:\\\/\\\/informelitoral.com.ar\\\/#organization\",\"name\":\"Informe Litoral\",\"url\":\"https:\\\/\\\/informelitoral.com.ar\\\/\",\"logo\":{\"@type\":\"ImageObject\",\"inLanguage\":\"es\",\"@id\":\"https:\\\/\\\/informelitoral.com.ar\\\/#\\\/schema\\\/logo\\\/image\\\/\",\"url\":\"https:\\\/\\\/informelitoral.com.ar\\\/%77%70%2d%63%6f%6e%74%65%6e%74\\\/uploads\\\/2021\\\/01\\\/circulo.png\",\"contentUrl\":\"https:\\\/\\\/informelitoral.com.ar\\\/%77%70%2d%63%6f%6e%74%65%6e%74\\\/uploads\\\/2021\\\/01\\\/circulo.png\",\"width\":723,\"height\":731,\"caption\":\"Informe Litoral\"},\"image\":{\"@id\":\"https:\\\/\\\/informelitoral.com.ar\\\/#\\\/schema\\\/logo\\\/image\\\/\"},\"sameAs\":[\"https:\\\/\\\/www.facebook.com\\\/informelitoral\\\/\",\"https:\\\/\\\/x.com\\\/InformeLitoral\",\"https:\\\/\\\/www.instagram.com\\\/informelitoral\\\/\",\"https:\\\/\\\/www.youtube.com\\\/channel\\\/UCua4Qvz8Icb6MYqhoq9xLXw\"]},{\"@type\":\"Person\",\"@id\":\"https:\\\/\\\/informelitoral.com.ar\\\/#\\\/schema\\\/person\\\/b9d00407c836482871ef1d57bf8e3180\",\"name\":\"Gonzalo Schmidt\",\"image\":{\"@type\":\"ImageObject\",\"inLanguage\":\"es\",\"@id\":\"https:\\\/\\\/secure.gravatar.com\\\/avatar\\\/31a1a7b66ff2de83bd0e9fd79d026630d2d99e55e8bfe501287647b4fd9743de?s=96&d=mm&r=g\",\"url\":\"https:\\\/\\\/secure.gravatar.com\\\/avatar\\\/31a1a7b66ff2de83bd0e9fd79d026630d2d99e55e8bfe501287647b4fd9743de?s=96&d=mm&r=g\",\"contentUrl\":\"https:\\\/\\\/secure.gravatar.com\\\/avatar\\\/31a1a7b66ff2de83bd0e9fd79d026630d2d99e55e8bfe501287647b4fd9743de?s=96&d=mm&r=g\",\"caption\":\"Gonzalo Schmidt\"},\"description\":\"Sitio web de noticias de la provincia de Entre R\u00edos, Argentina. Informaci\u00f3n y entretenimiento. Informe Litoral, nos informamos.\",\"sameAs\":[\"http:\\\/\\\/www.isletasnoticias.com.ar\"],\"url\":\"https:\\\/\\\/informelitoral.com.ar\\\/author\\\/gonzalo\\\/\"}]}<\/script>","yoast_head_json":{"title":"La inflaci\u00f3n del 2020 fue del 36,1% - Informe Litoral","robots":{"index":"index","follow":"follow","max-snippet":"max-snippet:-1","max-image-preview":"max-image-preview:large","max-video-preview":"max-video-preview:-1"},"canonical":"https:\/\/informelitoral.com.ar\/la-inflacion-del-2020-fue-del-361\/","og_locale":"es_ES","og_type":"article","og_title":"La inflaci\u00f3n del 2020 fue del 36,1% - Informe Litoral","og_description":"En diciembre el aumento de precios fue del 4% seg\u00fan el INDEC. En 2019 la inflaci\u00f3n alcanz\u00f3 el 53,8 por ciento.","og_url":"https:\/\/informelitoral.com.ar\/la-inflacion-del-2020-fue-del-361\/","og_site_name":"Informe Litoral","article_publisher":"https:\/\/www.facebook.com\/informelitoral\/","article_published_time":"2021-01-14T21:28:55+00:00","og_image":[{"width":620,"height":348,"url":"https:\/\/informelitoral.com.ar\/%77%70%2d%63%6f%6e%74%65%6e%74\/uploads\/2017\/12\/inflacion-y-precios-2451203w620.jpg","type":"image\/jpeg"}],"author":"Gonzalo Schmidt","twitter_card":"summary_large_image","twitter_creator":"@InformeLitoral","twitter_site":"@InformeLitoral","twitter_misc":{"Escrito por":"Gonzalo Schmidt","Tiempo de lectura":"3 minutos"},"schema":{"@context":"https:\/\/schema.org","@graph":[{"@type":"Article","@id":"https:\/\/informelitoral.com.ar\/la-inflacion-del-2020-fue-del-361\/#article","isPartOf":{"@id":"https:\/\/informelitoral.com.ar\/la-inflacion-del-2020-fue-del-361\/"},"author":{"name":"Gonzalo Schmidt","@id":"https:\/\/informelitoral.com.ar\/#\/schema\/person\/b9d00407c836482871ef1d57bf8e3180"},"headline":"La inflaci\u00f3n del 2020 fue del 36,1%","datePublished":"2021-01-14T21:28:55+00:00","mainEntityOfPage":{"@id":"https:\/\/informelitoral.com.ar\/la-inflacion-del-2020-fue-del-361\/"},"wordCount":702,"commentCount":0,"publisher":{"@id":"https:\/\/informelitoral.com.ar\/#organization"},"image":{"@id":"https:\/\/informelitoral.com.ar\/la-inflacion-del-2020-fue-del-361\/#primaryimage"},"thumbnailUrl":"https:\/\/informelitoral.com.ar\/%77%70%2d%63%6f%6e%74%65%6e%74\/uploads\/2017\/12\/inflacion-y-precios-2451203w620.jpg","keywords":["Indec","Inflaci\u00f3n"],"articleSection":["Econom\u00eda","Nacionales"],"inLanguage":"es","potentialAction":[{"@type":"CommentAction","name":"Comment","target":["https:\/\/informelitoral.com.ar\/la-inflacion-del-2020-fue-del-361\/#respond"]}]},{"@type":"WebPage","@id":"https:\/\/informelitoral.com.ar\/la-inflacion-del-2020-fue-del-361\/","url":"https:\/\/informelitoral.com.ar\/la-inflacion-del-2020-fue-del-361\/","name":"La inflaci\u00f3n del 2020 fue del 36,1% - Informe Litoral","isPartOf":{"@id":"https:\/\/informelitoral.com.ar\/#website"},"primaryImageOfPage":{"@id":"https:\/\/informelitoral.com.ar\/la-inflacion-del-2020-fue-del-361\/#primaryimage"},"image":{"@id":"https:\/\/informelitoral.com.ar\/la-inflacion-del-2020-fue-del-361\/#primaryimage"},"thumbnailUrl":"https:\/\/informelitoral.com.ar\/%77%70%2d%63%6f%6e%74%65%6e%74\/uploads\/2017\/12\/inflacion-y-precios-2451203w620.jpg","datePublished":"2021-01-14T21:28:55+00:00","breadcrumb":{"@id":"https:\/\/informelitoral.com.ar\/la-inflacion-del-2020-fue-del-361\/#breadcrumb"},"inLanguage":"es","potentialAction":[{"@type":"ReadAction","target":["https:\/\/informelitoral.com.ar\/la-inflacion-del-2020-fue-del-361\/"]}]},{"@type":"ImageObject","inLanguage":"es","@id":"https:\/\/informelitoral.com.ar\/la-inflacion-del-2020-fue-del-361\/#primaryimage","url":"https:\/\/informelitoral.com.ar\/%77%70%2d%63%6f%6e%74%65%6e%74\/uploads\/2017\/12\/inflacion-y-precios-2451203w620.jpg","contentUrl":"https:\/\/informelitoral.com.ar\/%77%70%2d%63%6f%6e%74%65%6e%74\/uploads\/2017\/12\/inflacion-y-precios-2451203w620.jpg","width":620,"height":348},{"@type":"BreadcrumbList","@id":"https:\/\/informelitoral.com.ar\/la-inflacion-del-2020-fue-del-361\/#breadcrumb","itemListElement":[{"@type":"ListItem","position":1,"name":"Portada","item":"https:\/\/informelitoral.com.ar\/"},{"@type":"ListItem","position":2,"name":"La inflaci\u00f3n del 2020 fue del 36,1%"}]},{"@type":"WebSite","@id":"https:\/\/informelitoral.com.ar\/#website","url":"https:\/\/informelitoral.com.ar\/","name":"Informe Litoral","description":"&quot;Nos informamos&quot; ","publisher":{"@id":"https:\/\/informelitoral.com.ar\/#organization"},"potentialAction":[{"@type":"SearchAction","target":{"@type":"EntryPoint","urlTemplate":"https:\/\/informelitoral.com.ar\/?s={search_term_string}"},"query-input":{"@type":"PropertyValueSpecification","valueRequired":true,"valueName":"search_term_string"}}],"inLanguage":"es"},{"@type":"Organization","@id":"https:\/\/informelitoral.com.ar\/#organization","name":"Informe Litoral","url":"https:\/\/informelitoral.com.ar\/","logo":{"@type":"ImageObject","inLanguage":"es","@id":"https:\/\/informelitoral.com.ar\/#\/schema\/logo\/image\/","url":"https:\/\/informelitoral.com.ar\/%77%70%2d%63%6f%6e%74%65%6e%74\/uploads\/2021\/01\/circulo.png","contentUrl":"https:\/\/informelitoral.com.ar\/%77%70%2d%63%6f%6e%74%65%6e%74\/uploads\/2021\/01\/circulo.png","width":723,"height":731,"caption":"Informe Litoral"},"image":{"@id":"https:\/\/informelitoral.com.ar\/#\/schema\/logo\/image\/"},"sameAs":["https:\/\/www.facebook.com\/informelitoral\/","https:\/\/x.com\/InformeLitoral","https:\/\/www.instagram.com\/informelitoral\/","https:\/\/www.youtube.com\/channel\/UCua4Qvz8Icb6MYqhoq9xLXw"]},{"@type":"Person","@id":"https:\/\/informelitoral.com.ar\/#\/schema\/person\/b9d00407c836482871ef1d57bf8e3180","name":"Gonzalo Schmidt","image":{"@type":"ImageObject","inLanguage":"es","@id":"https:\/\/secure.gravatar.com\/avatar\/31a1a7b66ff2de83bd0e9fd79d026630d2d99e55e8bfe501287647b4fd9743de?s=96&d=mm&r=g","url":"https:\/\/secure.gravatar.com\/avatar\/31a1a7b66ff2de83bd0e9fd79d026630d2d99e55e8bfe501287647b4fd9743de?s=96&d=mm&r=g","contentUrl":"https:\/\/secure.gravatar.com\/avatar\/31a1a7b66ff2de83bd0e9fd79d026630d2d99e55e8bfe501287647b4fd9743de?s=96&d=mm&r=g","caption":"Gonzalo Schmidt"},"description":"Sitio web de noticias de la provincia de Entre R\u00edos, Argentina. Informaci\u00f3n y entretenimiento. Informe Litoral, nos informamos.","sameAs":["http:\/\/www.isletasnoticias.com.ar"],"url":"https:\/\/informelitoral.com.ar\/author\/gonzalo\/"}]}},"_links":{"self":[{"href":"https:\/\/informelitoral.com.ar\/%77%70%2d%6a%73%6f%6e\/wp\/v2\/posts\/55690","targetHints":{"allow":["GET"]}}],"collection":[{"href":"https:\/\/informelitoral.com.ar\/%77%70%2d%6a%73%6f%6e\/wp\/v2\/posts"}],"about":[{"href":"https:\/\/informelitoral.com.ar\/%77%70%2d%6a%73%6f%6e\/wp\/v2\/types\/post"}],"author":[{"embeddable":true,"href":"https:\/\/informelitoral.com.ar\/%77%70%2d%6a%73%6f%6e\/wp\/v2\/users\/2"}],"replies":[{"embeddable":true,"href":"https:\/\/informelitoral.com.ar\/%77%70%2d%6a%73%6f%6e\/wp\/v2\/comments?post=55690"}],"version-history":[{"count":0,"href":"https:\/\/informelitoral.com.ar\/%77%70%2d%6a%73%6f%6e\/wp\/v2\/posts\/55690\/revisions"}],"wp:featuredmedia":[{"embeddable":true,"href":"https:\/\/informelitoral.com.ar\/%77%70%2d%6a%73%6f%6e\/wp\/v2\/media\/24321"}],"wp:attachment":[{"href":"https:\/\/informelitoral.com.ar\/%77%70%2d%6a%73%6f%6e\/wp\/v2\/media?parent=55690"}],"wp:term":[{"taxonomy":"category","embeddable":true,"href":"https:\/\/informelitoral.com.ar\/%77%70%2d%6a%73%6f%6e\/wp\/v2\/categories?post=55690"},{"taxonomy":"post_tag","embeddable":true,"href":"https:\/\/informelitoral.com.ar\/%77%70%2d%6a%73%6f%6e\/wp\/v2\/tags?post=55690"}],"curies":[{"name":"wp","href":"https:\/\/api.w.org\/{rel}","templated":true}]}}