{"id":55681,"date":"2021-01-14T16:15:29","date_gmt":"2021-01-14T19:15:29","guid":{"rendered":"https:\/\/www.isletasnoticias.com.ar\/?p=55681"},"modified":"2021-01-14T16:15:29","modified_gmt":"2021-01-14T19:15:29","slug":"abran-las-escuelas-pidio-mauricio-macri","status":"publish","type":"post","link":"https:\/\/informelitoral.com.ar\/abran-las-escuelas-pidio-mauricio-macri\/","title":{"rendered":"\u00abAbran las escuelas\u00bb, pidi\u00f3 Mauricio Macri"},"content":{"rendered":"<div class=\"detail-body\">\n<article id=\"note-body\" class=\"note-body first\" data-twitter-link=\"https:\/\/twitter.com\/intent\/tweet?url=https:\/\/www.minutouno.com\/c5162551&amp;v\u00eda=minutounocom&amp;related=MinutoUno&amp;text=\">\n<div class=\"row\">\n<div class=\"inside-note col-xs-12\">\n<p>El ex Presidente<strong>\u00a0Mauricio Macri<\/strong>\u00a0exigi\u00f3 que \u201c<strong>abran las escuelas<\/strong>\u201d a nivel nacional y a trav\u00e9s de las redes sociales apunt\u00f3 con dureza contra el\u00a0Gobierno\u00a0de Alberto Fern\u00e1ndez. \u201c<strong>No dejemos que el debate sobre la educaci\u00f3n contin\u00fae monopolizado por los l\u00edderes gremiales<\/strong>\u201d, pidi\u00f3 en una carta abierta.<\/p>\n<p>En el escrito destac\u00f3 que pese a comenzar un nuevo a\u00f1o, \u201c<strong>las definiciones sobre la apertura de las\u00a0escuelas\u00a0a\u00fan siguen sin resolverse<\/strong>\u201d y \u201clas autoridades del gobierno nacional insisten en condicionar el retorno a clases a la situaci\u00f3n epidemiol\u00f3gica\u201d, dijo refiri\u00e9ndose a la pandemia de coronavirus.<\/p>\n<\/div>\n<\/div>\n<\/article>\n<\/div>\n<div class=\"detail-body \">\n<article id=\"note-body\" class=\"note-body\" data-twitter-link=\"https:\/\/twitter.com\/intent\/tweet?url=https:\/\/www.minutouno.com\/c5162551&amp;v\u00eda=minutounocom&amp;related=MinutoUno&amp;text=\">\n<div class=\"row\">\n<div class=\"inside-note col-xs-12\">\n<p>\u201c<span id=\"saysCMSEmphasisblmuxwc5cyv\" class=\"saysCMSEmphasis\">Miramos hacia nuestro alrededor y somos plenamente conscientes de que todo est\u00e1 permitido, excepto el ingreso de nuestros chicos a las aulas<\/span>\u00ab, cuestion\u00f3 Macri y pronostic\u00f3 que \u201c<span id=\"saysCMSEmphasiscpa0ottqb4\" class=\"saysCMSEmphasis\">vamos a perder el potencial de una generaci\u00f3n de j\u00f3venes si las aulas siguen vac\u00edas<\/span>\u201d.<\/p>\n<p>A trav\u00e9s de la carta,\u00a0<strong>Mauricio Macri llam\u00f3 a \u201cla acci\u00f3n\u201d<\/strong>\u00a0y pidi\u00f3 que \u201c<span id=\"saysCMSEmphasisiad67xhtzl\" class=\"saysCMSEmphasis\">no dejemos que el debate sobre la educaci\u00f3n contin\u00fae monopolizado por los l\u00edderes gremiales que durante los cuatro a\u00f1os de nuestro gobierno han dejado a los chicos sin clases por \u2018luchas\u2019 que ahora parecieron abandonar<\/span>\u201d.<\/p>\n<p>\u201cEn este \u00faltimo tiempo se han convertido en portavoces de las excusas del Gobierno y\u00a0<strong>no han sido capaces de disimular que sus intereses pol\u00edticos<\/strong>\u00a0<strong>son los que gu\u00edan sus acciones\u00a0<\/strong>y est\u00e1n por encima de las necesidades de los docentes y del derecho a aprender de los chicos\u201d, dijo el ex presidente.<\/p>\n<div id=\"7468998-Libre-163422729_wrap\" class=\"embed_cont type_imagen no-copyright\" contenteditable=\"false\">\n<div id=\"7468998-Libre-163422729_content\" class=\"embed_content\"><img decoding=\"async\" id=\"7468998-Libre-163422729_embed\" src=\"https:\/\/media.minutouno.com\/p\/0b1f885385e50bd6c8a902362d85cc1a\/adjuntos\/150\/imagenes\/038\/058\/0038058997\/clases-al-aire-libre.jpg?0000-00-00-00-00-00\" alt=\"Escuelas al aire libre\" longdesc=\"https:\/\/media.minutouno.com\/p\/0b1f885385e50bd6c8a902362d85cc1a\/adjuntos\/150\/imagenes\/038\/058\/0038058997\/clases-al-aire-libre.jpg?0000-00-00-00-00-00\" \/><\/div>\n<div id=\"7468998-Libre-163422729_epigrafe\" class=\"embed_epigrafe\">\n<p>Escuelas al aire libre<\/p>\n<\/div>\n<\/div>\n<p>En comparaci\u00f3n, mencion\u00f3 que \u201c<strong>la Ciudad de Buenos Aires demostr\u00f3 que es posible abrir las escuelas<\/strong>, respetando los protocolos y las recomendaciones que establece el Ministerio de Salud. Ese camino es el que esperamos que tome la Provincia de Buenos Aires, que tiene la enorme responsabilidad de educar a 5 millones de chicos -pr\u00e1cticamente la mitad del pa\u00eds\u201d.<\/p>\n<p>Destac\u00f3 tambi\u00e9n el accionar de los docentes, a quienes llam\u00f3 \u201ch\u00e9roes sin capa\u201d por \u201csu compromiso y vocaci\u00f3n permitieron continuar con los aprendizajes a pesar de las distancias y de las dificultades\u201d.<\/p>\n<p>En ese marco, Mauricio Macri coment\u00f3 en su carta que \u201cdesde noviembre pasado la<strong>\u00a0Organizaci\u00f3n Mundial de la Salud (OMS)<\/strong> defiende la necesidad de mantener las escuelas abiertas porque se ha comprobado que los ni\u00f1os y adolescentes no son vectores principales de contagio y tienen m\u00e1s probabilidades de contraer el virus fuera del entorno escolar que dentro, adem\u00e1s de los ya conocidos efectos secundarios que produce el confinamiento en su salud mental\u201d, reprodujo <em>Minutouno.<\/em><\/p>\n<\/div>\n<\/div>\n<\/article>\n<\/div>\n","protected":false},"excerpt":{"rendered":"<p>El ex Presidente cuestion\u00f3 la demora del Gobierno para definir la vuelta a las clases presenciales. \u201cNo dejemos que el debate sobre la educaci\u00f3n contin\u00fae monopolizado por los l\u00edderes gremiales\u201d, pidi\u00f3 en una carta abierta.<\/p>\n","protected":false},"author":2,"featured_media":55682,"comment_status":"open","ping_status":"open","sticky":false,"template":"","format":"standard","meta":{"fifu_image_url":"","fifu_image_alt":"","footnotes":""},"categories":[16],"tags":[1639,80],"class_list":{"0":"post-55681","1":"post","2":"type-post","3":"status-publish","4":"format-standard","5":"has-post-thumbnail","7":"category-politi","8":"tag-clases-presenciales","9":"tag-mauricio-macri"},"yoast_head":"<title>&quot;Abran las escuelas&quot;, pidi\u00f3 Mauricio Macri - Informe Litoral<\/title>\n<meta name=\"robots\" content=\"index, follow, max-snippet:-1, max-image-preview:large, max-video-preview:-1\" \/>\n<link rel=\"canonical\" href=\"https:\/\/informelitoral.com.ar\/abran-las-escuelas-pidio-mauricio-macri\/\" \/>\n<meta property=\"og:locale\" content=\"es_ES\" \/>\n<meta property=\"og:type\" content=\"article\" \/>\n<meta property=\"og:title\" content=\"&quot;Abran las escuelas&quot;, pidi\u00f3 Mauricio Macri - Informe Litoral\" \/>\n<meta property=\"og:description\" content=\"El ex Presidente cuestion\u00f3 la demora del Gobierno para definir la vuelta a las clases presenciales. \u201cNo dejemos que el debate sobre la educaci\u00f3n contin\u00fae monopolizado por los l\u00edderes gremiales\u201d, pidi\u00f3 en una carta abierta.\" \/>\n<meta property=\"og:url\" content=\"https:\/\/informelitoral.com.ar\/abran-las-escuelas-pidio-mauricio-macri\/\" \/>\n<meta property=\"og:site_name\" content=\"Informe Litoral\" \/>\n<meta property=\"article:publisher\" content=\"https:\/\/www.facebook.com\/informelitoral\/\" \/>\n<meta property=\"article:published_time\" content=\"2021-01-14T19:15:29+00:00\" \/>\n<meta property=\"og:image\" content=\"https:\/\/informelitoral.com.ar\/%77%70%2d%63%6f%6e%74%65%6e%74\/uploads\/2021\/01\/mauricio-macri.jpg\" \/>\n\t<meta property=\"og:image:width\" content=\"750\" \/>\n\t<meta property=\"og:image:height\" content=\"422\" \/>\n\t<meta property=\"og:image:type\" content=\"image\/jpeg\" \/>\n<meta name=\"author\" content=\"Gonzalo Schmidt\" \/>\n<meta name=\"twitter:card\" content=\"summary_large_image\" \/>\n<meta name=\"twitter:creator\" content=\"@InformeLitoral\" \/>\n<meta name=\"twitter:site\" content=\"@InformeLitoral\" \/>\n<meta name=\"twitter:label1\" content=\"Escrito por\" \/>\n\t<meta name=\"twitter:data1\" content=\"Gonzalo Schmidt\" \/>\n\t<meta name=\"twitter:label2\" content=\"Tiempo de lectura\" \/>\n\t<meta name=\"twitter:data2\" content=\"2 minutos\" \/>\n<script type=\"application\/ld+json\" class=\"yoast-schema-graph\">{\"@context\":\"https:\\\/\\\/schema.org\",\"@graph\":[{\"@type\":\"Article\",\"@id\":\"https:\\\/\\\/informelitoral.com.ar\\\/abran-las-escuelas-pidio-mauricio-macri\\\/#article\",\"isPartOf\":{\"@id\":\"https:\\\/\\\/informelitoral.com.ar\\\/abran-las-escuelas-pidio-mauricio-macri\\\/\"},\"author\":{\"name\":\"Gonzalo Schmidt\",\"@id\":\"https:\\\/\\\/informelitoral.com.ar\\\/#\\\/schema\\\/person\\\/b9d00407c836482871ef1d57bf8e3180\"},\"headline\":\"\u00abAbran las escuelas\u00bb, pidi\u00f3 Mauricio Macri\",\"datePublished\":\"2021-01-14T19:15:29+00:00\",\"mainEntityOfPage\":{\"@id\":\"https:\\\/\\\/informelitoral.com.ar\\\/abran-las-escuelas-pidio-mauricio-macri\\\/\"},\"wordCount\":444,\"commentCount\":0,\"publisher\":{\"@id\":\"https:\\\/\\\/informelitoral.com.ar\\\/#organization\"},\"image\":{\"@id\":\"https:\\\/\\\/informelitoral.com.ar\\\/abran-las-escuelas-pidio-mauricio-macri\\\/#primaryimage\"},\"thumbnailUrl\":\"https:\\\/\\\/informelitoral.com.ar\\\/%77%70%2d%63%6f%6e%74%65%6e%74\\\/uploads\\\/2021\\\/01\\\/mauricio-macri.jpg\",\"keywords\":[\"Clases presenciales\",\"Mauricio Macri\"],\"articleSection\":[\"Politica\"],\"inLanguage\":\"es\",\"potentialAction\":[{\"@type\":\"CommentAction\",\"name\":\"Comment\",\"target\":[\"https:\\\/\\\/informelitoral.com.ar\\\/abran-las-escuelas-pidio-mauricio-macri\\\/#respond\"]}]},{\"@type\":\"WebPage\",\"@id\":\"https:\\\/\\\/informelitoral.com.ar\\\/abran-las-escuelas-pidio-mauricio-macri\\\/\",\"url\":\"https:\\\/\\\/informelitoral.com.ar\\\/abran-las-escuelas-pidio-mauricio-macri\\\/\",\"name\":\"\\\"Abran las escuelas\\\", pidi\u00f3 Mauricio Macri - Informe Litoral\",\"isPartOf\":{\"@id\":\"https:\\\/\\\/informelitoral.com.ar\\\/#website\"},\"primaryImageOfPage\":{\"@id\":\"https:\\\/\\\/informelitoral.com.ar\\\/abran-las-escuelas-pidio-mauricio-macri\\\/#primaryimage\"},\"image\":{\"@id\":\"https:\\\/\\\/informelitoral.com.ar\\\/abran-las-escuelas-pidio-mauricio-macri\\\/#primaryimage\"},\"thumbnailUrl\":\"https:\\\/\\\/informelitoral.com.ar\\\/%77%70%2d%63%6f%6e%74%65%6e%74\\\/uploads\\\/2021\\\/01\\\/mauricio-macri.jpg\",\"datePublished\":\"2021-01-14T19:15:29+00:00\",\"breadcrumb\":{\"@id\":\"https:\\\/\\\/informelitoral.com.ar\\\/abran-las-escuelas-pidio-mauricio-macri\\\/#breadcrumb\"},\"inLanguage\":\"es\",\"potentialAction\":[{\"@type\":\"ReadAction\",\"target\":[\"https:\\\/\\\/informelitoral.com.ar\\\/abran-las-escuelas-pidio-mauricio-macri\\\/\"]}]},{\"@type\":\"ImageObject\",\"inLanguage\":\"es\",\"@id\":\"https:\\\/\\\/informelitoral.com.ar\\\/abran-las-escuelas-pidio-mauricio-macri\\\/#primaryimage\",\"url\":\"https:\\\/\\\/informelitoral.com.ar\\\/%77%70%2d%63%6f%6e%74%65%6e%74\\\/uploads\\\/2021\\\/01\\\/mauricio-macri.jpg\",\"contentUrl\":\"https:\\\/\\\/informelitoral.com.ar\\\/%77%70%2d%63%6f%6e%74%65%6e%74\\\/uploads\\\/2021\\\/01\\\/mauricio-macri.jpg\",\"width\":750,\"height\":422},{\"@type\":\"BreadcrumbList\",\"@id\":\"https:\\\/\\\/informelitoral.com.ar\\\/abran-las-escuelas-pidio-mauricio-macri\\\/#breadcrumb\",\"itemListElement\":[{\"@type\":\"ListItem\",\"position\":1,\"name\":\"Portada\",\"item\":\"https:\\\/\\\/informelitoral.com.ar\\\/\"},{\"@type\":\"ListItem\",\"position\":2,\"name\":\"\u00abAbran las escuelas\u00bb, pidi\u00f3 Mauricio Macri\"}]},{\"@type\":\"WebSite\",\"@id\":\"https:\\\/\\\/informelitoral.com.ar\\\/#website\",\"url\":\"https:\\\/\\\/informelitoral.com.ar\\\/\",\"name\":\"Informe Litoral\",\"description\":\"&quot;Nos informamos&quot; \",\"publisher\":{\"@id\":\"https:\\\/\\\/informelitoral.com.ar\\\/#organization\"},\"potentialAction\":[{\"@type\":\"SearchAction\",\"target\":{\"@type\":\"EntryPoint\",\"urlTemplate\":\"https:\\\/\\\/informelitoral.com.ar\\\/?s={search_term_string}\"},\"query-input\":{\"@type\":\"PropertyValueSpecification\",\"valueRequired\":true,\"valueName\":\"search_term_string\"}}],\"inLanguage\":\"es\"},{\"@type\":\"Organization\",\"@id\":\"https:\\\/\\\/informelitoral.com.ar\\\/#organization\",\"name\":\"Informe Litoral\",\"url\":\"https:\\\/\\\/informelitoral.com.ar\\\/\",\"logo\":{\"@type\":\"ImageObject\",\"inLanguage\":\"es\",\"@id\":\"https:\\\/\\\/informelitoral.com.ar\\\/#\\\/schema\\\/logo\\\/image\\\/\",\"url\":\"https:\\\/\\\/informelitoral.com.ar\\\/%77%70%2d%63%6f%6e%74%65%6e%74\\\/uploads\\\/2021\\\/01\\\/circulo.png\",\"contentUrl\":\"https:\\\/\\\/informelitoral.com.ar\\\/%77%70%2d%63%6f%6e%74%65%6e%74\\\/uploads\\\/2021\\\/01\\\/circulo.png\",\"width\":723,\"height\":731,\"caption\":\"Informe Litoral\"},\"image\":{\"@id\":\"https:\\\/\\\/informelitoral.com.ar\\\/#\\\/schema\\\/logo\\\/image\\\/\"},\"sameAs\":[\"https:\\\/\\\/www.facebook.com\\\/informelitoral\\\/\",\"https:\\\/\\\/x.com\\\/InformeLitoral\",\"https:\\\/\\\/www.instagram.com\\\/informelitoral\\\/\",\"https:\\\/\\\/www.youtube.com\\\/channel\\\/UCua4Qvz8Icb6MYqhoq9xLXw\"]},{\"@type\":\"Person\",\"@id\":\"https:\\\/\\\/informelitoral.com.ar\\\/#\\\/schema\\\/person\\\/b9d00407c836482871ef1d57bf8e3180\",\"name\":\"Gonzalo Schmidt\",\"image\":{\"@type\":\"ImageObject\",\"inLanguage\":\"es\",\"@id\":\"https:\\\/\\\/secure.gravatar.com\\\/avatar\\\/31a1a7b66ff2de83bd0e9fd79d026630d2d99e55e8bfe501287647b4fd9743de?s=96&d=mm&r=g\",\"url\":\"https:\\\/\\\/secure.gravatar.com\\\/avatar\\\/31a1a7b66ff2de83bd0e9fd79d026630d2d99e55e8bfe501287647b4fd9743de?s=96&d=mm&r=g\",\"contentUrl\":\"https:\\\/\\\/secure.gravatar.com\\\/avatar\\\/31a1a7b66ff2de83bd0e9fd79d026630d2d99e55e8bfe501287647b4fd9743de?s=96&d=mm&r=g\",\"caption\":\"Gonzalo Schmidt\"},\"description\":\"Sitio web de noticias de la provincia de Entre R\u00edos, Argentina. Informaci\u00f3n y entretenimiento. Informe Litoral, nos informamos.\",\"sameAs\":[\"http:\\\/\\\/www.isletasnoticias.com.ar\"],\"url\":\"https:\\\/\\\/informelitoral.com.ar\\\/author\\\/gonzalo\\\/\"}]}<\/script>","yoast_head_json":{"title":"\"Abran las escuelas\", pidi\u00f3 Mauricio Macri - Informe Litoral","robots":{"index":"index","follow":"follow","max-snippet":"max-snippet:-1","max-image-preview":"max-image-preview:large","max-video-preview":"max-video-preview:-1"},"canonical":"https:\/\/informelitoral.com.ar\/abran-las-escuelas-pidio-mauricio-macri\/","og_locale":"es_ES","og_type":"article","og_title":"\"Abran las escuelas\", pidi\u00f3 Mauricio Macri - Informe Litoral","og_description":"El ex Presidente cuestion\u00f3 la demora del Gobierno para definir la vuelta a las clases presenciales. \u201cNo dejemos que el debate sobre la educaci\u00f3n contin\u00fae monopolizado por los l\u00edderes gremiales\u201d, pidi\u00f3 en una carta abierta.","og_url":"https:\/\/informelitoral.com.ar\/abran-las-escuelas-pidio-mauricio-macri\/","og_site_name":"Informe Litoral","article_publisher":"https:\/\/www.facebook.com\/informelitoral\/","article_published_time":"2021-01-14T19:15:29+00:00","og_image":[{"width":750,"height":422,"url":"https:\/\/informelitoral.com.ar\/%77%70%2d%63%6f%6e%74%65%6e%74\/uploads\/2021\/01\/mauricio-macri.jpg","type":"image\/jpeg"}],"author":"Gonzalo Schmidt","twitter_card":"summary_large_image","twitter_creator":"@InformeLitoral","twitter_site":"@InformeLitoral","twitter_misc":{"Escrito por":"Gonzalo Schmidt","Tiempo de lectura":"2 minutos"},"schema":{"@context":"https:\/\/schema.org","@graph":[{"@type":"Article","@id":"https:\/\/informelitoral.com.ar\/abran-las-escuelas-pidio-mauricio-macri\/#article","isPartOf":{"@id":"https:\/\/informelitoral.com.ar\/abran-las-escuelas-pidio-mauricio-macri\/"},"author":{"name":"Gonzalo Schmidt","@id":"https:\/\/informelitoral.com.ar\/#\/schema\/person\/b9d00407c836482871ef1d57bf8e3180"},"headline":"\u00abAbran las escuelas\u00bb, pidi\u00f3 Mauricio Macri","datePublished":"2021-01-14T19:15:29+00:00","mainEntityOfPage":{"@id":"https:\/\/informelitoral.com.ar\/abran-las-escuelas-pidio-mauricio-macri\/"},"wordCount":444,"commentCount":0,"publisher":{"@id":"https:\/\/informelitoral.com.ar\/#organization"},"image":{"@id":"https:\/\/informelitoral.com.ar\/abran-las-escuelas-pidio-mauricio-macri\/#primaryimage"},"thumbnailUrl":"https:\/\/informelitoral.com.ar\/%77%70%2d%63%6f%6e%74%65%6e%74\/uploads\/2021\/01\/mauricio-macri.jpg","keywords":["Clases presenciales","Mauricio Macri"],"articleSection":["Politica"],"inLanguage":"es","potentialAction":[{"@type":"CommentAction","name":"Comment","target":["https:\/\/informelitoral.com.ar\/abran-las-escuelas-pidio-mauricio-macri\/#respond"]}]},{"@type":"WebPage","@id":"https:\/\/informelitoral.com.ar\/abran-las-escuelas-pidio-mauricio-macri\/","url":"https:\/\/informelitoral.com.ar\/abran-las-escuelas-pidio-mauricio-macri\/","name":"\"Abran las escuelas\", pidi\u00f3 Mauricio Macri - Informe Litoral","isPartOf":{"@id":"https:\/\/informelitoral.com.ar\/#website"},"primaryImageOfPage":{"@id":"https:\/\/informelitoral.com.ar\/abran-las-escuelas-pidio-mauricio-macri\/#primaryimage"},"image":{"@id":"https:\/\/informelitoral.com.ar\/abran-las-escuelas-pidio-mauricio-macri\/#primaryimage"},"thumbnailUrl":"https:\/\/informelitoral.com.ar\/%77%70%2d%63%6f%6e%74%65%6e%74\/uploads\/2021\/01\/mauricio-macri.jpg","datePublished":"2021-01-14T19:15:29+00:00","breadcrumb":{"@id":"https:\/\/informelitoral.com.ar\/abran-las-escuelas-pidio-mauricio-macri\/#breadcrumb"},"inLanguage":"es","potentialAction":[{"@type":"ReadAction","target":["https:\/\/informelitoral.com.ar\/abran-las-escuelas-pidio-mauricio-macri\/"]}]},{"@type":"ImageObject","inLanguage":"es","@id":"https:\/\/informelitoral.com.ar\/abran-las-escuelas-pidio-mauricio-macri\/#primaryimage","url":"https:\/\/informelitoral.com.ar\/%77%70%2d%63%6f%6e%74%65%6e%74\/uploads\/2021\/01\/mauricio-macri.jpg","contentUrl":"https:\/\/informelitoral.com.ar\/%77%70%2d%63%6f%6e%74%65%6e%74\/uploads\/2021\/01\/mauricio-macri.jpg","width":750,"height":422},{"@type":"BreadcrumbList","@id":"https:\/\/informelitoral.com.ar\/abran-las-escuelas-pidio-mauricio-macri\/#breadcrumb","itemListElement":[{"@type":"ListItem","position":1,"name":"Portada","item":"https:\/\/informelitoral.com.ar\/"},{"@type":"ListItem","position":2,"name":"\u00abAbran las escuelas\u00bb, pidi\u00f3 Mauricio Macri"}]},{"@type":"WebSite","@id":"https:\/\/informelitoral.com.ar\/#website","url":"https:\/\/informelitoral.com.ar\/","name":"Informe Litoral","description":"&quot;Nos informamos&quot; ","publisher":{"@id":"https:\/\/informelitoral.com.ar\/#organization"},"potentialAction":[{"@type":"SearchAction","target":{"@type":"EntryPoint","urlTemplate":"https:\/\/informelitoral.com.ar\/?s={search_term_string}"},"query-input":{"@type":"PropertyValueSpecification","valueRequired":true,"valueName":"search_term_string"}}],"inLanguage":"es"},{"@type":"Organization","@id":"https:\/\/informelitoral.com.ar\/#organization","name":"Informe Litoral","url":"https:\/\/informelitoral.com.ar\/","logo":{"@type":"ImageObject","inLanguage":"es","@id":"https:\/\/informelitoral.com.ar\/#\/schema\/logo\/image\/","url":"https:\/\/informelitoral.com.ar\/%77%70%2d%63%6f%6e%74%65%6e%74\/uploads\/2021\/01\/circulo.png","contentUrl":"https:\/\/informelitoral.com.ar\/%77%70%2d%63%6f%6e%74%65%6e%74\/uploads\/2021\/01\/circulo.png","width":723,"height":731,"caption":"Informe Litoral"},"image":{"@id":"https:\/\/informelitoral.com.ar\/#\/schema\/logo\/image\/"},"sameAs":["https:\/\/www.facebook.com\/informelitoral\/","https:\/\/x.com\/InformeLitoral","https:\/\/www.instagram.com\/informelitoral\/","https:\/\/www.youtube.com\/channel\/UCua4Qvz8Icb6MYqhoq9xLXw"]},{"@type":"Person","@id":"https:\/\/informelitoral.com.ar\/#\/schema\/person\/b9d00407c836482871ef1d57bf8e3180","name":"Gonzalo Schmidt","image":{"@type":"ImageObject","inLanguage":"es","@id":"https:\/\/secure.gravatar.com\/avatar\/31a1a7b66ff2de83bd0e9fd79d026630d2d99e55e8bfe501287647b4fd9743de?s=96&d=mm&r=g","url":"https:\/\/secure.gravatar.com\/avatar\/31a1a7b66ff2de83bd0e9fd79d026630d2d99e55e8bfe501287647b4fd9743de?s=96&d=mm&r=g","contentUrl":"https:\/\/secure.gravatar.com\/avatar\/31a1a7b66ff2de83bd0e9fd79d026630d2d99e55e8bfe501287647b4fd9743de?s=96&d=mm&r=g","caption":"Gonzalo Schmidt"},"description":"Sitio web de noticias de la provincia de Entre R\u00edos, Argentina. Informaci\u00f3n y entretenimiento. Informe Litoral, nos informamos.","sameAs":["http:\/\/www.isletasnoticias.com.ar"],"url":"https:\/\/informelitoral.com.ar\/author\/gonzalo\/"}]}},"_links":{"self":[{"href":"https:\/\/informelitoral.com.ar\/%77%70%2d%6a%73%6f%6e\/wp\/v2\/posts\/55681","targetHints":{"allow":["GET"]}}],"collection":[{"href":"https:\/\/informelitoral.com.ar\/%77%70%2d%6a%73%6f%6e\/wp\/v2\/posts"}],"about":[{"href":"https:\/\/informelitoral.com.ar\/%77%70%2d%6a%73%6f%6e\/wp\/v2\/types\/post"}],"author":[{"embeddable":true,"href":"https:\/\/informelitoral.com.ar\/%77%70%2d%6a%73%6f%6e\/wp\/v2\/users\/2"}],"replies":[{"embeddable":true,"href":"https:\/\/informelitoral.com.ar\/%77%70%2d%6a%73%6f%6e\/wp\/v2\/comments?post=55681"}],"version-history":[{"count":0,"href":"https:\/\/informelitoral.com.ar\/%77%70%2d%6a%73%6f%6e\/wp\/v2\/posts\/55681\/revisions"}],"wp:featuredmedia":[{"embeddable":true,"href":"https:\/\/informelitoral.com.ar\/%77%70%2d%6a%73%6f%6e\/wp\/v2\/media\/55682"}],"wp:attachment":[{"href":"https:\/\/informelitoral.com.ar\/%77%70%2d%6a%73%6f%6e\/wp\/v2\/media?parent=55681"}],"wp:term":[{"taxonomy":"category","embeddable":true,"href":"https:\/\/informelitoral.com.ar\/%77%70%2d%6a%73%6f%6e\/wp\/v2\/categories?post=55681"},{"taxonomy":"post_tag","embeddable":true,"href":"https:\/\/informelitoral.com.ar\/%77%70%2d%6a%73%6f%6e\/wp\/v2\/tags?post=55681"}],"curies":[{"name":"wp","href":"https:\/\/api.w.org\/{rel}","templated":true}]}}