{"id":5568,"date":"2014-02-11T22:50:38","date_gmt":"2014-02-12T01:50:38","guid":{"rendered":"http:\/\/www.isletasnoticias.com.ar\/?p=5568"},"modified":"2014-02-11T22:50:38","modified_gmt":"2014-02-12T01:50:38","slug":"suma-repudios-la-censura-a-mario-alarcon-muniz","status":"publish","type":"post","link":"https:\/\/informelitoral.com.ar\/suma-repudios-la-censura-a-mario-alarcon-muniz\/","title":{"rendered":"Suma repudios la censura a Mario Alarc\u00f3n Mu\u00f1iz"},"content":{"rendered":"<p><strong>Decenas de periodistas y otros dirigentes y estudiosos de Entre R\u00edos, Santa Fe y Buenos Aires manifestaron su rechazo contra funcionarios nacionales y entrerrianos que determinaron la clausura de programas del periodista<em> Mario Alarc\u00f3n Mu\u00f1iz<\/em> en radio LT 14.<a href=\"http:\/\/www.isletasnoticias.com.ar\/%77%70%2d%63%6f%6e%74%65%6e%74\/uploads\/2013\/04\/marioalarconmuxiz_jpg_869080375.jpg\"><img loading=\"lazy\" decoding=\"async\" class=\"aligncenter size-medium wp-image-1249\" alt=\"marioalarconmuxiz_jpg_869080375\" src=\"http:\/\/www.isletasnoticias.com.ar\/%77%70%2d%63%6f%6e%74%65%6e%74\/uploads\/2013\/04\/marioalarconmuxiz_jpg_869080375-300x225.jpg\" width=\"300\" height=\"225\" srcset=\"https:\/\/informelitoral.com.ar\/%77%70%2d%63%6f%6e%74%65%6e%74\/uploads\/2013\/04\/marioalarconmuxiz_jpg_869080375-300x225.jpg 300w, https:\/\/informelitoral.com.ar\/%77%70%2d%63%6f%6e%74%65%6e%74\/uploads\/2013\/04\/marioalarconmuxiz_jpg_869080375.jpg 624w\" sizes=\"auto, (max-width: 300px) 100vw, 300px\" \/><\/a><\/strong>A la declaraci\u00f3n difundida la semana pasada por numerosos ciudadanos del litoral, se sum\u00f3 un documento de periodistas del departamento Uruguay que reclamaron la restituci\u00f3n de los espacios quitados al autor de la obra \u201cEntrerrian\u00edas\u201d. El reclamo, con extensas explicaciones legales, fue difundido por la Asociaci\u00f3n de Periodistas del Departamento Uruguay (APDU) y firmado por <strong>Pedro Parpagnoli, Mar\u00eda Jos\u00e9 Pozzi, Mart\u00edn Barral, Valent\u00edn Bigosni<\/strong> y <strong>N\u00e9stor Ojeda.<\/strong><\/p>\n<p>Tambi\u00e9n los periodistas entrerrianos <strong>Marisa Follonier, Rub\u00e9n Skubij, Gustavo Guaglianone<\/strong> y<strong> Marcela Gramaglia<\/strong> de distintas ciudades de Entre R\u00edos agregaron sus firmas a la declaraci\u00f3n de distintas organizaciones, entre las que se encuentran sectores de la Asociaci\u00f3n Gremial del Magisterio, la Central de Trabajadores Argentinos, la Corriente Clasista y entidades culturales como la Junta Americana por los Pueblos Libres , el Foro Artiguista Entrerriano y el programa universitario de extensi\u00f3n \u201cPor una nueva econom\u00eda humana y sustentable\u201d.<\/p>\n<p>En esa declaraci\u00f3n, las organizaciones declararon el 3 de febrero como \u201cD\u00eda de la rebeld\u00eda contra los atropellos a la cultura\u201d.<\/p>\n<p>La profesora <strong>Graciela Saavedra<\/strong>, de Gualeguay, transmiti\u00f3 a los manifestantes la adhesi\u00f3n del doctor<strong> Carlos Legna Verna,<\/strong> profesor em\u00e9rito de la Universidad de La Laguna, Espa\u00f1a.<\/p>\n<p>Tambi\u00e9n adhirieron <strong>Jorge Kleiman, Gustavo Surt,<\/strong> Radio 9 Digital de Concepci\u00f3n del Uruguay,<strong> Mariela Zappa, Guadalupe Colombo, Adri\u00e1n Garnier Sb\u00e1rbaro, Jorge Rub\u00e9n D\u00edaz, Adri\u00e1n Pino, Diego Martinez, Clara Chauvin, Antonella Bultynch<\/strong> y<strong> Mart\u00edn Bianchi<\/strong><\/p>\n<p>El conocido periodista y artista de la guitarra <strong>Gustavo Surt<\/strong> expres\u00f3 desde Chajar\u00ed su adhesi\u00f3n \u201ca todo lo que signifique colocar el nombre de Mario Alarc\u00f3n Mu\u00f1iz en el lugar que merece. Repudio lo que hicieron en El Diario, Diamante y LT14\u201d, sostuvo.<\/p>\n<p>Tambi\u00e9n expresaron su adhesi\u00f3n desde la ciudad de Buenos Aires el periodista y escritor <strong>Carlos Gabetta<\/strong>, y la ensayista <strong>Beatriz Sarlo.<\/strong><\/p>\n<p>A ellos se sumaron<strong> Alba Giacopuzzi, Herminio Ludi<\/strong> (que ya hab\u00eda escrito una columna en repudio a la censura), el periodista de Col\u00f3n <strong>Osvaldo Andr\u00e9s Bodean<\/strong>, su colega de Gualeguaych\u00fa <strong>Ver\u00f3nica Toller<\/strong> y el Centro de Estudios de la Mujer, de Gualeguaych\u00fa.<\/p>\n<p>A su vez, manifestaron su inquietud y apoyo a las denuncias contra la censura la Corriente Socialismo Popular del Partido Socialista y la diputada <strong>Mar\u00eda Emma Bargagna<\/strong>.<\/p>\n<p>\u201cLibertad para las expresiones art\u00edsticas, sociales y comunicacionales, y transparencia en la funci\u00f3n p\u00fablica: esa es nuestra demanda. Las arbitrariedades nos repugnan\u201d, dice la declaraci\u00f3n que recibe las adhesiones, y que se origin\u00f3 en una serie de hostigamientos sobre espacios de <strong>Alarc\u00f3n Mu\u00f1iz<\/strong>. Seg\u00fan los manifestantes, se trata de s\u00edntomas del avance del poder partidario y econ\u00f3mico sobre la libertad de expresi\u00f3n. (Fuente: <em>An\u00e1lisis Digital<\/em>).<\/p>\n","protected":false},"excerpt":{"rendered":"<p>Decenas de periodistas y otros dirigentes y estudiosos de Entre R&iacute;os, Santa Fe y Buenos Aires manifestaron su rechazo contra funcionarios nacionales y entrerrianos que determinaron la clausura de programas del periodista Mario Alarc&oacute;n Mu&ntilde;iz en radio LT 14.A la declaraci&oacute;n difundida la semana pasada por numerosos ciudadanos del litoral, se sum&oacute; un documento de [&hellip;]<\/p>\n","protected":false},"author":2,"featured_media":0,"comment_status":"open","ping_status":"open","sticky":false,"template":"","format":"standard","meta":{"fifu_image_url":"","fifu_image_alt":"","footnotes":""},"categories":[6,12,16],"tags":[],"class_list":{"0":"post-5568","1":"post","2":"type-post","3":"status-publish","4":"format-standard","6":"category-entre-rios","7":"category-espectaculos","8":"category-politi"},"yoast_head":"<title>Suma repudios la censura a Mario Alarc\u00f3n Mu\u00f1iz - Informe Litoral<\/title>\n<meta name=\"robots\" content=\"index, follow, max-snippet:-1, max-image-preview:large, max-video-preview:-1\" \/>\n<link rel=\"canonical\" href=\"https:\/\/informelitoral.com.ar\/suma-repudios-la-censura-a-mario-alarcon-muniz\/\" \/>\n<meta property=\"og:locale\" content=\"es_ES\" \/>\n<meta property=\"og:type\" content=\"article\" \/>\n<meta property=\"og:title\" content=\"Suma repudios la censura a Mario Alarc\u00f3n Mu\u00f1iz - Informe Litoral\" \/>\n<meta property=\"og:description\" content=\"Decenas de periodistas y otros dirigentes y estudiosos de Entre R&iacute;os, Santa Fe y Buenos Aires manifestaron su rechazo contra funcionarios nacionales y entrerrianos que determinaron la clausura de programas del periodista Mario Alarc&oacute;n Mu&ntilde;iz en radio LT 14.A la declaraci&oacute;n difundida la semana pasada por numerosos ciudadanos del litoral, se sum&oacute; un documento de [&hellip;]\" \/>\n<meta property=\"og:url\" content=\"https:\/\/informelitoral.com.ar\/suma-repudios-la-censura-a-mario-alarcon-muniz\/\" \/>\n<meta property=\"og:site_name\" content=\"Informe Litoral\" \/>\n<meta property=\"article:publisher\" content=\"https:\/\/www.facebook.com\/informelitoral\/\" \/>\n<meta property=\"article:published_time\" content=\"2014-02-12T01:50:38+00:00\" \/>\n<meta property=\"og:image\" content=\"https:\/\/informelitoral.com.ar\/%77%70%2d%63%6f%6e%74%65%6e%74\/uploads\/2013\/04\/marioalarconmuxiz_jpg_869080375.jpg\" \/>\n\t<meta property=\"og:image:width\" content=\"624\" \/>\n\t<meta property=\"og:image:height\" content=\"468\" \/>\n\t<meta property=\"og:image:type\" content=\"image\/jpeg\" \/>\n<meta name=\"author\" content=\"Gonzalo Schmidt\" \/>\n<meta name=\"twitter:card\" content=\"summary_large_image\" \/>\n<meta name=\"twitter:creator\" content=\"@InformeLitoral\" \/>\n<meta name=\"twitter:site\" content=\"@InformeLitoral\" \/>\n<meta name=\"twitter:label1\" content=\"Escrito por\" \/>\n\t<meta name=\"twitter:data1\" content=\"Gonzalo Schmidt\" \/>\n\t<meta name=\"twitter:label2\" content=\"Tiempo de lectura\" \/>\n\t<meta name=\"twitter:data2\" content=\"3 minutos\" \/>\n<script type=\"application\/ld+json\" class=\"yoast-schema-graph\">{\"@context\":\"https:\\\/\\\/schema.org\",\"@graph\":[{\"@type\":\"Article\",\"@id\":\"https:\\\/\\\/informelitoral.com.ar\\\/suma-repudios-la-censura-a-mario-alarcon-muniz\\\/#article\",\"isPartOf\":{\"@id\":\"https:\\\/\\\/informelitoral.com.ar\\\/suma-repudios-la-censura-a-mario-alarcon-muniz\\\/\"},\"author\":{\"name\":\"Gonzalo Schmidt\",\"@id\":\"https:\\\/\\\/informelitoral.com.ar\\\/#\\\/schema\\\/person\\\/b9d00407c836482871ef1d57bf8e3180\"},\"headline\":\"Suma repudios la censura a Mario Alarc\u00f3n Mu\u00f1iz\",\"datePublished\":\"2014-02-12T01:50:38+00:00\",\"mainEntityOfPage\":{\"@id\":\"https:\\\/\\\/informelitoral.com.ar\\\/suma-repudios-la-censura-a-mario-alarcon-muniz\\\/\"},\"wordCount\":521,\"commentCount\":0,\"publisher\":{\"@id\":\"https:\\\/\\\/informelitoral.com.ar\\\/#organization\"},\"image\":{\"@id\":\"https:\\\/\\\/informelitoral.com.ar\\\/suma-repudios-la-censura-a-mario-alarcon-muniz\\\/#primaryimage\"},\"thumbnailUrl\":\"http:\\\/\\\/www.isletasnoticias.com.ar\\\/%77%70%2d%63%6f%6e%74%65%6e%74\\\/uploads\\\/2013\\\/04\\\/marioalarconmuxiz_jpg_869080375-300x225.jpg\",\"articleSection\":[\"Entre R\u00edos\",\"Espect\u00e1culos\",\"Politica\"],\"inLanguage\":\"es\",\"potentialAction\":[{\"@type\":\"CommentAction\",\"name\":\"Comment\",\"target\":[\"https:\\\/\\\/informelitoral.com.ar\\\/suma-repudios-la-censura-a-mario-alarcon-muniz\\\/#respond\"]}]},{\"@type\":\"WebPage\",\"@id\":\"https:\\\/\\\/informelitoral.com.ar\\\/suma-repudios-la-censura-a-mario-alarcon-muniz\\\/\",\"url\":\"https:\\\/\\\/informelitoral.com.ar\\\/suma-repudios-la-censura-a-mario-alarcon-muniz\\\/\",\"name\":\"Suma repudios la censura a Mario Alarc\u00f3n Mu\u00f1iz - Informe Litoral\",\"isPartOf\":{\"@id\":\"https:\\\/\\\/informelitoral.com.ar\\\/#website\"},\"primaryImageOfPage\":{\"@id\":\"https:\\\/\\\/informelitoral.com.ar\\\/suma-repudios-la-censura-a-mario-alarcon-muniz\\\/#primaryimage\"},\"image\":{\"@id\":\"https:\\\/\\\/informelitoral.com.ar\\\/suma-repudios-la-censura-a-mario-alarcon-muniz\\\/#primaryimage\"},\"thumbnailUrl\":\"http:\\\/\\\/www.isletasnoticias.com.ar\\\/%77%70%2d%63%6f%6e%74%65%6e%74\\\/uploads\\\/2013\\\/04\\\/marioalarconmuxiz_jpg_869080375-300x225.jpg\",\"datePublished\":\"2014-02-12T01:50:38+00:00\",\"breadcrumb\":{\"@id\":\"https:\\\/\\\/informelitoral.com.ar\\\/suma-repudios-la-censura-a-mario-alarcon-muniz\\\/#breadcrumb\"},\"inLanguage\":\"es\",\"potentialAction\":[{\"@type\":\"ReadAction\",\"target\":[\"https:\\\/\\\/informelitoral.com.ar\\\/suma-repudios-la-censura-a-mario-alarcon-muniz\\\/\"]}]},{\"@type\":\"ImageObject\",\"inLanguage\":\"es\",\"@id\":\"https:\\\/\\\/informelitoral.com.ar\\\/suma-repudios-la-censura-a-mario-alarcon-muniz\\\/#primaryimage\",\"url\":\"http:\\\/\\\/www.isletasnoticias.com.ar\\\/%77%70%2d%63%6f%6e%74%65%6e%74\\\/uploads\\\/2013\\\/04\\\/marioalarconmuxiz_jpg_869080375-300x225.jpg\",\"contentUrl\":\"http:\\\/\\\/www.isletasnoticias.com.ar\\\/%77%70%2d%63%6f%6e%74%65%6e%74\\\/uploads\\\/2013\\\/04\\\/marioalarconmuxiz_jpg_869080375-300x225.jpg\"},{\"@type\":\"BreadcrumbList\",\"@id\":\"https:\\\/\\\/informelitoral.com.ar\\\/suma-repudios-la-censura-a-mario-alarcon-muniz\\\/#breadcrumb\",\"itemListElement\":[{\"@type\":\"ListItem\",\"position\":1,\"name\":\"Portada\",\"item\":\"https:\\\/\\\/informelitoral.com.ar\\\/\"},{\"@type\":\"ListItem\",\"position\":2,\"name\":\"Suma repudios la censura a Mario Alarc\u00f3n Mu\u00f1iz\"}]},{\"@type\":\"WebSite\",\"@id\":\"https:\\\/\\\/informelitoral.com.ar\\\/#website\",\"url\":\"https:\\\/\\\/informelitoral.com.ar\\\/\",\"name\":\"Informe Litoral\",\"description\":\"&quot;Nos informamos&quot; \",\"publisher\":{\"@id\":\"https:\\\/\\\/informelitoral.com.ar\\\/#organization\"},\"potentialAction\":[{\"@type\":\"SearchAction\",\"target\":{\"@type\":\"EntryPoint\",\"urlTemplate\":\"https:\\\/\\\/informelitoral.com.ar\\\/?s={search_term_string}\"},\"query-input\":{\"@type\":\"PropertyValueSpecification\",\"valueRequired\":true,\"valueName\":\"search_term_string\"}}],\"inLanguage\":\"es\"},{\"@type\":\"Organization\",\"@id\":\"https:\\\/\\\/informelitoral.com.ar\\\/#organization\",\"name\":\"Informe Litoral\",\"url\":\"https:\\\/\\\/informelitoral.com.ar\\\/\",\"logo\":{\"@type\":\"ImageObject\",\"inLanguage\":\"es\",\"@id\":\"https:\\\/\\\/informelitoral.com.ar\\\/#\\\/schema\\\/logo\\\/image\\\/\",\"url\":\"https:\\\/\\\/informelitoral.com.ar\\\/%77%70%2d%63%6f%6e%74%65%6e%74\\\/uploads\\\/2021\\\/01\\\/circulo.png\",\"contentUrl\":\"https:\\\/\\\/informelitoral.com.ar\\\/%77%70%2d%63%6f%6e%74%65%6e%74\\\/uploads\\\/2021\\\/01\\\/circulo.png\",\"width\":723,\"height\":731,\"caption\":\"Informe Litoral\"},\"image\":{\"@id\":\"https:\\\/\\\/informelitoral.com.ar\\\/#\\\/schema\\\/logo\\\/image\\\/\"},\"sameAs\":[\"https:\\\/\\\/www.facebook.com\\\/informelitoral\\\/\",\"https:\\\/\\\/x.com\\\/InformeLitoral\",\"https:\\\/\\\/www.instagram.com\\\/informelitoral\\\/\",\"https:\\\/\\\/www.youtube.com\\\/channel\\\/UCua4Qvz8Icb6MYqhoq9xLXw\"]},{\"@type\":\"Person\",\"@id\":\"https:\\\/\\\/informelitoral.com.ar\\\/#\\\/schema\\\/person\\\/b9d00407c836482871ef1d57bf8e3180\",\"name\":\"Gonzalo Schmidt\",\"image\":{\"@type\":\"ImageObject\",\"inLanguage\":\"es\",\"@id\":\"https:\\\/\\\/secure.gravatar.com\\\/avatar\\\/31a1a7b66ff2de83bd0e9fd79d026630d2d99e55e8bfe501287647b4fd9743de?s=96&d=mm&r=g\",\"url\":\"https:\\\/\\\/secure.gravatar.com\\\/avatar\\\/31a1a7b66ff2de83bd0e9fd79d026630d2d99e55e8bfe501287647b4fd9743de?s=96&d=mm&r=g\",\"contentUrl\":\"https:\\\/\\\/secure.gravatar.com\\\/avatar\\\/31a1a7b66ff2de83bd0e9fd79d026630d2d99e55e8bfe501287647b4fd9743de?s=96&d=mm&r=g\",\"caption\":\"Gonzalo Schmidt\"},\"description\":\"Sitio web de noticias de la provincia de Entre R\u00edos, Argentina. Informaci\u00f3n y entretenimiento. Informe Litoral, nos informamos.\",\"sameAs\":[\"http:\\\/\\\/www.isletasnoticias.com.ar\"],\"url\":\"https:\\\/\\\/informelitoral.com.ar\\\/author\\\/gonzalo\\\/\"}]}<\/script>","yoast_head_json":{"title":"Suma repudios la censura a Mario Alarc\u00f3n Mu\u00f1iz - Informe Litoral","robots":{"index":"index","follow":"follow","max-snippet":"max-snippet:-1","max-image-preview":"max-image-preview:large","max-video-preview":"max-video-preview:-1"},"canonical":"https:\/\/informelitoral.com.ar\/suma-repudios-la-censura-a-mario-alarcon-muniz\/","og_locale":"es_ES","og_type":"article","og_title":"Suma repudios la censura a Mario Alarc\u00f3n Mu\u00f1iz - Informe Litoral","og_description":"Decenas de periodistas y otros dirigentes y estudiosos de Entre R&iacute;os, Santa Fe y Buenos Aires manifestaron su rechazo contra funcionarios nacionales y entrerrianos que determinaron la clausura de programas del periodista Mario Alarc&oacute;n Mu&ntilde;iz en radio LT 14.A la declaraci&oacute;n difundida la semana pasada por numerosos ciudadanos del litoral, se sum&oacute; un documento de [&hellip;]","og_url":"https:\/\/informelitoral.com.ar\/suma-repudios-la-censura-a-mario-alarcon-muniz\/","og_site_name":"Informe Litoral","article_publisher":"https:\/\/www.facebook.com\/informelitoral\/","article_published_time":"2014-02-12T01:50:38+00:00","og_image":[{"width":624,"height":468,"url":"https:\/\/informelitoral.com.ar\/%77%70%2d%63%6f%6e%74%65%6e%74\/uploads\/2013\/04\/marioalarconmuxiz_jpg_869080375.jpg","type":"image\/jpeg"}],"author":"Gonzalo Schmidt","twitter_card":"summary_large_image","twitter_creator":"@InformeLitoral","twitter_site":"@InformeLitoral","twitter_misc":{"Escrito por":"Gonzalo Schmidt","Tiempo de lectura":"3 minutos"},"schema":{"@context":"https:\/\/schema.org","@graph":[{"@type":"Article","@id":"https:\/\/informelitoral.com.ar\/suma-repudios-la-censura-a-mario-alarcon-muniz\/#article","isPartOf":{"@id":"https:\/\/informelitoral.com.ar\/suma-repudios-la-censura-a-mario-alarcon-muniz\/"},"author":{"name":"Gonzalo Schmidt","@id":"https:\/\/informelitoral.com.ar\/#\/schema\/person\/b9d00407c836482871ef1d57bf8e3180"},"headline":"Suma repudios la censura a Mario Alarc\u00f3n Mu\u00f1iz","datePublished":"2014-02-12T01:50:38+00:00","mainEntityOfPage":{"@id":"https:\/\/informelitoral.com.ar\/suma-repudios-la-censura-a-mario-alarcon-muniz\/"},"wordCount":521,"commentCount":0,"publisher":{"@id":"https:\/\/informelitoral.com.ar\/#organization"},"image":{"@id":"https:\/\/informelitoral.com.ar\/suma-repudios-la-censura-a-mario-alarcon-muniz\/#primaryimage"},"thumbnailUrl":"http:\/\/www.isletasnoticias.com.ar\/%77%70%2d%63%6f%6e%74%65%6e%74\/uploads\/2013\/04\/marioalarconmuxiz_jpg_869080375-300x225.jpg","articleSection":["Entre R\u00edos","Espect\u00e1culos","Politica"],"inLanguage":"es","potentialAction":[{"@type":"CommentAction","name":"Comment","target":["https:\/\/informelitoral.com.ar\/suma-repudios-la-censura-a-mario-alarcon-muniz\/#respond"]}]},{"@type":"WebPage","@id":"https:\/\/informelitoral.com.ar\/suma-repudios-la-censura-a-mario-alarcon-muniz\/","url":"https:\/\/informelitoral.com.ar\/suma-repudios-la-censura-a-mario-alarcon-muniz\/","name":"Suma repudios la censura a Mario Alarc\u00f3n Mu\u00f1iz - Informe Litoral","isPartOf":{"@id":"https:\/\/informelitoral.com.ar\/#website"},"primaryImageOfPage":{"@id":"https:\/\/informelitoral.com.ar\/suma-repudios-la-censura-a-mario-alarcon-muniz\/#primaryimage"},"image":{"@id":"https:\/\/informelitoral.com.ar\/suma-repudios-la-censura-a-mario-alarcon-muniz\/#primaryimage"},"thumbnailUrl":"http:\/\/www.isletasnoticias.com.ar\/%77%70%2d%63%6f%6e%74%65%6e%74\/uploads\/2013\/04\/marioalarconmuxiz_jpg_869080375-300x225.jpg","datePublished":"2014-02-12T01:50:38+00:00","breadcrumb":{"@id":"https:\/\/informelitoral.com.ar\/suma-repudios-la-censura-a-mario-alarcon-muniz\/#breadcrumb"},"inLanguage":"es","potentialAction":[{"@type":"ReadAction","target":["https:\/\/informelitoral.com.ar\/suma-repudios-la-censura-a-mario-alarcon-muniz\/"]}]},{"@type":"ImageObject","inLanguage":"es","@id":"https:\/\/informelitoral.com.ar\/suma-repudios-la-censura-a-mario-alarcon-muniz\/#primaryimage","url":"http:\/\/www.isletasnoticias.com.ar\/%77%70%2d%63%6f%6e%74%65%6e%74\/uploads\/2013\/04\/marioalarconmuxiz_jpg_869080375-300x225.jpg","contentUrl":"http:\/\/www.isletasnoticias.com.ar\/%77%70%2d%63%6f%6e%74%65%6e%74\/uploads\/2013\/04\/marioalarconmuxiz_jpg_869080375-300x225.jpg"},{"@type":"BreadcrumbList","@id":"https:\/\/informelitoral.com.ar\/suma-repudios-la-censura-a-mario-alarcon-muniz\/#breadcrumb","itemListElement":[{"@type":"ListItem","position":1,"name":"Portada","item":"https:\/\/informelitoral.com.ar\/"},{"@type":"ListItem","position":2,"name":"Suma repudios la censura a Mario Alarc\u00f3n Mu\u00f1iz"}]},{"@type":"WebSite","@id":"https:\/\/informelitoral.com.ar\/#website","url":"https:\/\/informelitoral.com.ar\/","name":"Informe Litoral","description":"&quot;Nos informamos&quot; ","publisher":{"@id":"https:\/\/informelitoral.com.ar\/#organization"},"potentialAction":[{"@type":"SearchAction","target":{"@type":"EntryPoint","urlTemplate":"https:\/\/informelitoral.com.ar\/?s={search_term_string}"},"query-input":{"@type":"PropertyValueSpecification","valueRequired":true,"valueName":"search_term_string"}}],"inLanguage":"es"},{"@type":"Organization","@id":"https:\/\/informelitoral.com.ar\/#organization","name":"Informe Litoral","url":"https:\/\/informelitoral.com.ar\/","logo":{"@type":"ImageObject","inLanguage":"es","@id":"https:\/\/informelitoral.com.ar\/#\/schema\/logo\/image\/","url":"https:\/\/informelitoral.com.ar\/%77%70%2d%63%6f%6e%74%65%6e%74\/uploads\/2021\/01\/circulo.png","contentUrl":"https:\/\/informelitoral.com.ar\/%77%70%2d%63%6f%6e%74%65%6e%74\/uploads\/2021\/01\/circulo.png","width":723,"height":731,"caption":"Informe Litoral"},"image":{"@id":"https:\/\/informelitoral.com.ar\/#\/schema\/logo\/image\/"},"sameAs":["https:\/\/www.facebook.com\/informelitoral\/","https:\/\/x.com\/InformeLitoral","https:\/\/www.instagram.com\/informelitoral\/","https:\/\/www.youtube.com\/channel\/UCua4Qvz8Icb6MYqhoq9xLXw"]},{"@type":"Person","@id":"https:\/\/informelitoral.com.ar\/#\/schema\/person\/b9d00407c836482871ef1d57bf8e3180","name":"Gonzalo Schmidt","image":{"@type":"ImageObject","inLanguage":"es","@id":"https:\/\/secure.gravatar.com\/avatar\/31a1a7b66ff2de83bd0e9fd79d026630d2d99e55e8bfe501287647b4fd9743de?s=96&d=mm&r=g","url":"https:\/\/secure.gravatar.com\/avatar\/31a1a7b66ff2de83bd0e9fd79d026630d2d99e55e8bfe501287647b4fd9743de?s=96&d=mm&r=g","contentUrl":"https:\/\/secure.gravatar.com\/avatar\/31a1a7b66ff2de83bd0e9fd79d026630d2d99e55e8bfe501287647b4fd9743de?s=96&d=mm&r=g","caption":"Gonzalo Schmidt"},"description":"Sitio web de noticias de la provincia de Entre R\u00edos, Argentina. Informaci\u00f3n y entretenimiento. Informe Litoral, nos informamos.","sameAs":["http:\/\/www.isletasnoticias.com.ar"],"url":"https:\/\/informelitoral.com.ar\/author\/gonzalo\/"}]}},"_links":{"self":[{"href":"https:\/\/informelitoral.com.ar\/%77%70%2d%6a%73%6f%6e\/wp\/v2\/posts\/5568","targetHints":{"allow":["GET"]}}],"collection":[{"href":"https:\/\/informelitoral.com.ar\/%77%70%2d%6a%73%6f%6e\/wp\/v2\/posts"}],"about":[{"href":"https:\/\/informelitoral.com.ar\/%77%70%2d%6a%73%6f%6e\/wp\/v2\/types\/post"}],"author":[{"embeddable":true,"href":"https:\/\/informelitoral.com.ar\/%77%70%2d%6a%73%6f%6e\/wp\/v2\/users\/2"}],"replies":[{"embeddable":true,"href":"https:\/\/informelitoral.com.ar\/%77%70%2d%6a%73%6f%6e\/wp\/v2\/comments?post=5568"}],"version-history":[{"count":0,"href":"https:\/\/informelitoral.com.ar\/%77%70%2d%6a%73%6f%6e\/wp\/v2\/posts\/5568\/revisions"}],"wp:attachment":[{"href":"https:\/\/informelitoral.com.ar\/%77%70%2d%6a%73%6f%6e\/wp\/v2\/media?parent=5568"}],"wp:term":[{"taxonomy":"category","embeddable":true,"href":"https:\/\/informelitoral.com.ar\/%77%70%2d%6a%73%6f%6e\/wp\/v2\/categories?post=5568"},{"taxonomy":"post_tag","embeddable":true,"href":"https:\/\/informelitoral.com.ar\/%77%70%2d%6a%73%6f%6e\/wp\/v2\/tags?post=5568"}],"curies":[{"name":"wp","href":"https:\/\/api.w.org\/{rel}","templated":true}]}}