{"id":55619,"date":"2021-01-13T15:01:39","date_gmt":"2021-01-13T18:01:39","guid":{"rendered":"https:\/\/www.isletasnoticias.com.ar\/?p=55619"},"modified":"2021-01-13T15:01:39","modified_gmt":"2021-01-13T18:01:39","slug":"los-monotributistas-tendran-tiempo-hasta-el-20-de-enero-para-realizar-la-recategorizacion","status":"publish","type":"post","link":"https:\/\/informelitoral.com.ar\/los-monotributistas-tendran-tiempo-hasta-el-20-de-enero-para-realizar-la-recategorizacion\/","title":{"rendered":"Los monotributistas tendr\u00e1n tiempo hasta el 20 de enero para realizar la recategorizaci\u00f3n"},"content":{"rendered":"<p><strong>La\u00a0AFIP\u00a0ratific\u00f3 que los\u00a0monotributistas\u00a0tendr\u00e1n tiempo hasta el 20 de enero para cumplir con el tr\u00e1mite de recategorizaci\u00f3n<\/strong>\u00a0en el caso de que hayan registrado cambios en algunos de los par\u00e1metros previstos en el r\u00e9gimen simplificado para su actividad. La nueva categor\u00eda comenzar\u00e1 a regir en febrero.<\/p>\n<p>La operaci\u00f3n puede realizarse desde la web\u00a0<strong><a href=\"https:\/\/monotributo.afip.gob.ar\/Public\/landing-monotributo.aspx\">www.monotributo.afip.gob.ar<\/a><\/strong>\u00a0con CUIT y clave fiscal o desde la aplicaci\u00f3n m\u00f3vil \u00abMi Monotributo\u00bb.<\/p>\n<p>\u00abPara realizar el tr\u00e1mite los contribuyentes deber\u00e1n tener en cuenta los ingresos brutos acumulados, la energ\u00eda el\u00e9ctrica consumida, los alquileres devengados en los 12 meses inmediatos anteriores y\/o la superficie afectada a la actividad en ese momento\u00bb, precisaron desde la AFIP.<\/p>\n<p>La<strong><a href=\"https:\/\/www.afip.gob.ar\/noticias\/20210112-monotributo-recategorizacion-2021.asp\">\u00a0gu\u00eda paso a paso para la \u00abRecategorizaci\u00f3n\u00bb\u00a0<\/a><\/strong>est\u00e1 disponible en la web del organismo conducido por Mercedes Marc\u00f3 del Pont. En dicha p\u00e1gina los monotributistas tambi\u00e9n pueden consultar la\u00a0<strong><a href=\"https:\/\/www.afip.gob.ar\/monotributo\/categorias.asp\">tabla con los valores vigentes<\/a><\/strong>\u00a0para realizar el tr\u00e1mite en cuesti\u00f3n.<\/p>\n<p>El plazo establecido afecta a los contribuyentes cuyos par\u00e1metros sean superiores o inferiores a la categor\u00eda declarada.\u00a0<strong>Quienes deban permanecer en la misma categor\u00eda no tendr\u00e1n que realizar ninguna gesti\u00f3n.\u00a0<\/strong>En caso de no completar al menos seis meses de actividad, se mantendr\u00e1 la categorizaci\u00f3n inicial.<\/p>\n<p><a href=\"https:\/\/www.isletasnoticias.com.ar\/%77%70%2d%63%6f%6e%74%65%6e%74\/uploads\/2021\/01\/alejandra-gonzalez-contadora-gral-ramirez.jpg\"><img loading=\"lazy\" decoding=\"async\" class=\"aligncenter wp-image-55620 size-large\" src=\"https:\/\/www.isletasnoticias.com.ar\/%77%70%2d%63%6f%6e%74%65%6e%74\/uploads\/2021\/01\/alejandra-gonzalez-contadora-gral-ramirez-1024x1024.jpg\" alt=\"\" width=\"696\" height=\"696\" srcset=\"https:\/\/informelitoral.com.ar\/%77%70%2d%63%6f%6e%74%65%6e%74\/uploads\/2021\/01\/alejandra-gonzalez-contadora-gral-ramirez-1024x1024.jpg 1024w, https:\/\/informelitoral.com.ar\/%77%70%2d%63%6f%6e%74%65%6e%74\/uploads\/2021\/01\/alejandra-gonzalez-contadora-gral-ramirez-300x300.jpg 300w, https:\/\/informelitoral.com.ar\/%77%70%2d%63%6f%6e%74%65%6e%74\/uploads\/2021\/01\/alejandra-gonzalez-contadora-gral-ramirez-150x150.jpg 150w, https:\/\/informelitoral.com.ar\/%77%70%2d%63%6f%6e%74%65%6e%74\/uploads\/2021\/01\/alejandra-gonzalez-contadora-gral-ramirez-768x768.jpg 768w, https:\/\/informelitoral.com.ar\/%77%70%2d%63%6f%6e%74%65%6e%74\/uploads\/2021\/01\/alejandra-gonzalez-contadora-gral-ramirez-696x696.jpg 696w, https:\/\/informelitoral.com.ar\/%77%70%2d%63%6f%6e%74%65%6e%74\/uploads\/2021\/01\/alejandra-gonzalez-contadora-gral-ramirez-1068x1068.jpg 1068w, https:\/\/informelitoral.com.ar\/%77%70%2d%63%6f%6e%74%65%6e%74\/uploads\/2021\/01\/alejandra-gonzalez-contadora-gral-ramirez-420x420.jpg 420w, https:\/\/informelitoral.com.ar\/%77%70%2d%63%6f%6e%74%65%6e%74\/uploads\/2021\/01\/alejandra-gonzalez-contadora-gral-ramirez.jpg 1080w\" sizes=\"auto, (max-width: 696px) 100vw, 696px\" \/><\/a><\/p>\n","protected":false},"excerpt":{"rendered":"<p>El plazo establecido por la AFIP afecta a los contribuyentes cuyos par\u00e1metros sean superiores o inferiores a la categor\u00eda declarada.<\/p>\n","protected":false},"author":2,"featured_media":19875,"comment_status":"open","ping_status":"open","sticky":false,"template":"","format":"standard","meta":{"fifu_image_url":"","fifu_image_alt":"","footnotes":""},"categories":[1594,7],"tags":[158,605],"class_list":{"0":"post-55619","1":"post","2":"type-post","3":"status-publish","4":"format-standard","5":"has-post-thumbnail","7":"category-economia","8":"category-nacionales","9":"tag-afip","10":"tag-monotributo"},"yoast_head":"<title>Los monotributistas tendr\u00e1n tiempo hasta el 20 de enero para realizar la recategorizaci\u00f3n - Informe Litoral<\/title>\n<meta name=\"robots\" content=\"index, follow, max-snippet:-1, max-image-preview:large, max-video-preview:-1\" \/>\n<link rel=\"canonical\" href=\"https:\/\/informelitoral.com.ar\/los-monotributistas-tendran-tiempo-hasta-el-20-de-enero-para-realizar-la-recategorizacion\/\" \/>\n<meta property=\"og:locale\" content=\"es_ES\" \/>\n<meta property=\"og:type\" content=\"article\" \/>\n<meta property=\"og:title\" content=\"Los monotributistas tendr\u00e1n tiempo hasta el 20 de enero para realizar la recategorizaci\u00f3n - Informe Litoral\" \/>\n<meta property=\"og:description\" content=\"El plazo establecido por la AFIP afecta a los contribuyentes cuyos par\u00e1metros sean superiores o inferiores a la categor\u00eda declarada.\" \/>\n<meta property=\"og:url\" content=\"https:\/\/informelitoral.com.ar\/los-monotributistas-tendran-tiempo-hasta-el-20-de-enero-para-realizar-la-recategorizacion\/\" \/>\n<meta property=\"og:site_name\" content=\"Informe Litoral\" \/>\n<meta property=\"article:publisher\" content=\"https:\/\/www.facebook.com\/informelitoral\/\" \/>\n<meta property=\"article:published_time\" content=\"2021-01-13T18:01:39+00:00\" \/>\n<meta property=\"og:image\" content=\"https:\/\/informelitoral.com.ar\/%77%70%2d%63%6f%6e%74%65%6e%74\/uploads\/2017\/01\/monotributo.jpg_258117318.jpg\" \/>\n\t<meta property=\"og:image:width\" content=\"829\" \/>\n\t<meta property=\"og:image:height\" content=\"466\" \/>\n\t<meta property=\"og:image:type\" content=\"image\/jpeg\" \/>\n<meta name=\"author\" content=\"Gonzalo Schmidt\" \/>\n<meta name=\"twitter:card\" content=\"summary_large_image\" \/>\n<meta name=\"twitter:creator\" content=\"@InformeLitoral\" \/>\n<meta name=\"twitter:site\" content=\"@InformeLitoral\" \/>\n<meta name=\"twitter:label1\" content=\"Escrito por\" \/>\n\t<meta name=\"twitter:data1\" content=\"Gonzalo Schmidt\" \/>\n\t<meta name=\"twitter:label2\" content=\"Tiempo de lectura\" \/>\n\t<meta name=\"twitter:data2\" content=\"1 minuto\" \/>\n<script type=\"application\/ld+json\" class=\"yoast-schema-graph\">{\"@context\":\"https:\\\/\\\/schema.org\",\"@graph\":[{\"@type\":\"Article\",\"@id\":\"https:\\\/\\\/informelitoral.com.ar\\\/los-monotributistas-tendran-tiempo-hasta-el-20-de-enero-para-realizar-la-recategorizacion\\\/#article\",\"isPartOf\":{\"@id\":\"https:\\\/\\\/informelitoral.com.ar\\\/los-monotributistas-tendran-tiempo-hasta-el-20-de-enero-para-realizar-la-recategorizacion\\\/\"},\"author\":{\"name\":\"Gonzalo Schmidt\",\"@id\":\"https:\\\/\\\/informelitoral.com.ar\\\/#\\\/schema\\\/person\\\/b9d00407c836482871ef1d57bf8e3180\"},\"headline\":\"Los monotributistas tendr\u00e1n tiempo hasta el 20 de enero para realizar la recategorizaci\u00f3n\",\"datePublished\":\"2021-01-13T18:01:39+00:00\",\"mainEntityOfPage\":{\"@id\":\"https:\\\/\\\/informelitoral.com.ar\\\/los-monotributistas-tendran-tiempo-hasta-el-20-de-enero-para-realizar-la-recategorizacion\\\/\"},\"wordCount\":239,\"commentCount\":0,\"publisher\":{\"@id\":\"https:\\\/\\\/informelitoral.com.ar\\\/#organization\"},\"image\":{\"@id\":\"https:\\\/\\\/informelitoral.com.ar\\\/los-monotributistas-tendran-tiempo-hasta-el-20-de-enero-para-realizar-la-recategorizacion\\\/#primaryimage\"},\"thumbnailUrl\":\"https:\\\/\\\/informelitoral.com.ar\\\/%77%70%2d%63%6f%6e%74%65%6e%74\\\/uploads\\\/2017\\\/01\\\/monotributo.jpg_258117318.jpg\",\"keywords\":[\"AFIP\",\"Monotributo\"],\"articleSection\":[\"Econom\u00eda\",\"Nacionales\"],\"inLanguage\":\"es\",\"potentialAction\":[{\"@type\":\"CommentAction\",\"name\":\"Comment\",\"target\":[\"https:\\\/\\\/informelitoral.com.ar\\\/los-monotributistas-tendran-tiempo-hasta-el-20-de-enero-para-realizar-la-recategorizacion\\\/#respond\"]}]},{\"@type\":\"WebPage\",\"@id\":\"https:\\\/\\\/informelitoral.com.ar\\\/los-monotributistas-tendran-tiempo-hasta-el-20-de-enero-para-realizar-la-recategorizacion\\\/\",\"url\":\"https:\\\/\\\/informelitoral.com.ar\\\/los-monotributistas-tendran-tiempo-hasta-el-20-de-enero-para-realizar-la-recategorizacion\\\/\",\"name\":\"Los monotributistas tendr\u00e1n tiempo hasta el 20 de enero para realizar la recategorizaci\u00f3n - Informe Litoral\",\"isPartOf\":{\"@id\":\"https:\\\/\\\/informelitoral.com.ar\\\/#website\"},\"primaryImageOfPage\":{\"@id\":\"https:\\\/\\\/informelitoral.com.ar\\\/los-monotributistas-tendran-tiempo-hasta-el-20-de-enero-para-realizar-la-recategorizacion\\\/#primaryimage\"},\"image\":{\"@id\":\"https:\\\/\\\/informelitoral.com.ar\\\/los-monotributistas-tendran-tiempo-hasta-el-20-de-enero-para-realizar-la-recategorizacion\\\/#primaryimage\"},\"thumbnailUrl\":\"https:\\\/\\\/informelitoral.com.ar\\\/%77%70%2d%63%6f%6e%74%65%6e%74\\\/uploads\\\/2017\\\/01\\\/monotributo.jpg_258117318.jpg\",\"datePublished\":\"2021-01-13T18:01:39+00:00\",\"breadcrumb\":{\"@id\":\"https:\\\/\\\/informelitoral.com.ar\\\/los-monotributistas-tendran-tiempo-hasta-el-20-de-enero-para-realizar-la-recategorizacion\\\/#breadcrumb\"},\"inLanguage\":\"es\",\"potentialAction\":[{\"@type\":\"ReadAction\",\"target\":[\"https:\\\/\\\/informelitoral.com.ar\\\/los-monotributistas-tendran-tiempo-hasta-el-20-de-enero-para-realizar-la-recategorizacion\\\/\"]}]},{\"@type\":\"ImageObject\",\"inLanguage\":\"es\",\"@id\":\"https:\\\/\\\/informelitoral.com.ar\\\/los-monotributistas-tendran-tiempo-hasta-el-20-de-enero-para-realizar-la-recategorizacion\\\/#primaryimage\",\"url\":\"https:\\\/\\\/informelitoral.com.ar\\\/%77%70%2d%63%6f%6e%74%65%6e%74\\\/uploads\\\/2017\\\/01\\\/monotributo.jpg_258117318.jpg\",\"contentUrl\":\"https:\\\/\\\/informelitoral.com.ar\\\/%77%70%2d%63%6f%6e%74%65%6e%74\\\/uploads\\\/2017\\\/01\\\/monotributo.jpg_258117318.jpg\",\"width\":829,\"height\":466},{\"@type\":\"BreadcrumbList\",\"@id\":\"https:\\\/\\\/informelitoral.com.ar\\\/los-monotributistas-tendran-tiempo-hasta-el-20-de-enero-para-realizar-la-recategorizacion\\\/#breadcrumb\",\"itemListElement\":[{\"@type\":\"ListItem\",\"position\":1,\"name\":\"Portada\",\"item\":\"https:\\\/\\\/informelitoral.com.ar\\\/\"},{\"@type\":\"ListItem\",\"position\":2,\"name\":\"Los monotributistas tendr\u00e1n tiempo hasta el 20 de enero para realizar la recategorizaci\u00f3n\"}]},{\"@type\":\"WebSite\",\"@id\":\"https:\\\/\\\/informelitoral.com.ar\\\/#website\",\"url\":\"https:\\\/\\\/informelitoral.com.ar\\\/\",\"name\":\"Informe Litoral\",\"description\":\"&quot;Nos informamos&quot; \",\"publisher\":{\"@id\":\"https:\\\/\\\/informelitoral.com.ar\\\/#organization\"},\"potentialAction\":[{\"@type\":\"SearchAction\",\"target\":{\"@type\":\"EntryPoint\",\"urlTemplate\":\"https:\\\/\\\/informelitoral.com.ar\\\/?s={search_term_string}\"},\"query-input\":{\"@type\":\"PropertyValueSpecification\",\"valueRequired\":true,\"valueName\":\"search_term_string\"}}],\"inLanguage\":\"es\"},{\"@type\":\"Organization\",\"@id\":\"https:\\\/\\\/informelitoral.com.ar\\\/#organization\",\"name\":\"Informe Litoral\",\"url\":\"https:\\\/\\\/informelitoral.com.ar\\\/\",\"logo\":{\"@type\":\"ImageObject\",\"inLanguage\":\"es\",\"@id\":\"https:\\\/\\\/informelitoral.com.ar\\\/#\\\/schema\\\/logo\\\/image\\\/\",\"url\":\"https:\\\/\\\/informelitoral.com.ar\\\/%77%70%2d%63%6f%6e%74%65%6e%74\\\/uploads\\\/2021\\\/01\\\/circulo.png\",\"contentUrl\":\"https:\\\/\\\/informelitoral.com.ar\\\/%77%70%2d%63%6f%6e%74%65%6e%74\\\/uploads\\\/2021\\\/01\\\/circulo.png\",\"width\":723,\"height\":731,\"caption\":\"Informe Litoral\"},\"image\":{\"@id\":\"https:\\\/\\\/informelitoral.com.ar\\\/#\\\/schema\\\/logo\\\/image\\\/\"},\"sameAs\":[\"https:\\\/\\\/www.facebook.com\\\/informelitoral\\\/\",\"https:\\\/\\\/x.com\\\/InformeLitoral\",\"https:\\\/\\\/www.instagram.com\\\/informelitoral\\\/\",\"https:\\\/\\\/www.youtube.com\\\/channel\\\/UCua4Qvz8Icb6MYqhoq9xLXw\"]},{\"@type\":\"Person\",\"@id\":\"https:\\\/\\\/informelitoral.com.ar\\\/#\\\/schema\\\/person\\\/b9d00407c836482871ef1d57bf8e3180\",\"name\":\"Gonzalo Schmidt\",\"image\":{\"@type\":\"ImageObject\",\"inLanguage\":\"es\",\"@id\":\"https:\\\/\\\/secure.gravatar.com\\\/avatar\\\/31a1a7b66ff2de83bd0e9fd79d026630d2d99e55e8bfe501287647b4fd9743de?s=96&d=mm&r=g\",\"url\":\"https:\\\/\\\/secure.gravatar.com\\\/avatar\\\/31a1a7b66ff2de83bd0e9fd79d026630d2d99e55e8bfe501287647b4fd9743de?s=96&d=mm&r=g\",\"contentUrl\":\"https:\\\/\\\/secure.gravatar.com\\\/avatar\\\/31a1a7b66ff2de83bd0e9fd79d026630d2d99e55e8bfe501287647b4fd9743de?s=96&d=mm&r=g\",\"caption\":\"Gonzalo Schmidt\"},\"description\":\"Sitio web de noticias de la provincia de Entre R\u00edos, Argentina. Informaci\u00f3n y entretenimiento. Informe Litoral, nos informamos.\",\"sameAs\":[\"http:\\\/\\\/www.isletasnoticias.com.ar\"],\"url\":\"https:\\\/\\\/informelitoral.com.ar\\\/author\\\/gonzalo\\\/\"}]}<\/script>","yoast_head_json":{"title":"Los monotributistas tendr\u00e1n tiempo hasta el 20 de enero para realizar la recategorizaci\u00f3n - Informe Litoral","robots":{"index":"index","follow":"follow","max-snippet":"max-snippet:-1","max-image-preview":"max-image-preview:large","max-video-preview":"max-video-preview:-1"},"canonical":"https:\/\/informelitoral.com.ar\/los-monotributistas-tendran-tiempo-hasta-el-20-de-enero-para-realizar-la-recategorizacion\/","og_locale":"es_ES","og_type":"article","og_title":"Los monotributistas tendr\u00e1n tiempo hasta el 20 de enero para realizar la recategorizaci\u00f3n - Informe Litoral","og_description":"El plazo establecido por la AFIP afecta a los contribuyentes cuyos par\u00e1metros sean superiores o inferiores a la categor\u00eda declarada.","og_url":"https:\/\/informelitoral.com.ar\/los-monotributistas-tendran-tiempo-hasta-el-20-de-enero-para-realizar-la-recategorizacion\/","og_site_name":"Informe Litoral","article_publisher":"https:\/\/www.facebook.com\/informelitoral\/","article_published_time":"2021-01-13T18:01:39+00:00","og_image":[{"width":829,"height":466,"url":"https:\/\/informelitoral.com.ar\/%77%70%2d%63%6f%6e%74%65%6e%74\/uploads\/2017\/01\/monotributo.jpg_258117318.jpg","type":"image\/jpeg"}],"author":"Gonzalo Schmidt","twitter_card":"summary_large_image","twitter_creator":"@InformeLitoral","twitter_site":"@InformeLitoral","twitter_misc":{"Escrito por":"Gonzalo Schmidt","Tiempo de lectura":"1 minuto"},"schema":{"@context":"https:\/\/schema.org","@graph":[{"@type":"Article","@id":"https:\/\/informelitoral.com.ar\/los-monotributistas-tendran-tiempo-hasta-el-20-de-enero-para-realizar-la-recategorizacion\/#article","isPartOf":{"@id":"https:\/\/informelitoral.com.ar\/los-monotributistas-tendran-tiempo-hasta-el-20-de-enero-para-realizar-la-recategorizacion\/"},"author":{"name":"Gonzalo Schmidt","@id":"https:\/\/informelitoral.com.ar\/#\/schema\/person\/b9d00407c836482871ef1d57bf8e3180"},"headline":"Los monotributistas tendr\u00e1n tiempo hasta el 20 de enero para realizar la recategorizaci\u00f3n","datePublished":"2021-01-13T18:01:39+00:00","mainEntityOfPage":{"@id":"https:\/\/informelitoral.com.ar\/los-monotributistas-tendran-tiempo-hasta-el-20-de-enero-para-realizar-la-recategorizacion\/"},"wordCount":239,"commentCount":0,"publisher":{"@id":"https:\/\/informelitoral.com.ar\/#organization"},"image":{"@id":"https:\/\/informelitoral.com.ar\/los-monotributistas-tendran-tiempo-hasta-el-20-de-enero-para-realizar-la-recategorizacion\/#primaryimage"},"thumbnailUrl":"https:\/\/informelitoral.com.ar\/%77%70%2d%63%6f%6e%74%65%6e%74\/uploads\/2017\/01\/monotributo.jpg_258117318.jpg","keywords":["AFIP","Monotributo"],"articleSection":["Econom\u00eda","Nacionales"],"inLanguage":"es","potentialAction":[{"@type":"CommentAction","name":"Comment","target":["https:\/\/informelitoral.com.ar\/los-monotributistas-tendran-tiempo-hasta-el-20-de-enero-para-realizar-la-recategorizacion\/#respond"]}]},{"@type":"WebPage","@id":"https:\/\/informelitoral.com.ar\/los-monotributistas-tendran-tiempo-hasta-el-20-de-enero-para-realizar-la-recategorizacion\/","url":"https:\/\/informelitoral.com.ar\/los-monotributistas-tendran-tiempo-hasta-el-20-de-enero-para-realizar-la-recategorizacion\/","name":"Los monotributistas tendr\u00e1n tiempo hasta el 20 de enero para realizar la recategorizaci\u00f3n - Informe Litoral","isPartOf":{"@id":"https:\/\/informelitoral.com.ar\/#website"},"primaryImageOfPage":{"@id":"https:\/\/informelitoral.com.ar\/los-monotributistas-tendran-tiempo-hasta-el-20-de-enero-para-realizar-la-recategorizacion\/#primaryimage"},"image":{"@id":"https:\/\/informelitoral.com.ar\/los-monotributistas-tendran-tiempo-hasta-el-20-de-enero-para-realizar-la-recategorizacion\/#primaryimage"},"thumbnailUrl":"https:\/\/informelitoral.com.ar\/%77%70%2d%63%6f%6e%74%65%6e%74\/uploads\/2017\/01\/monotributo.jpg_258117318.jpg","datePublished":"2021-01-13T18:01:39+00:00","breadcrumb":{"@id":"https:\/\/informelitoral.com.ar\/los-monotributistas-tendran-tiempo-hasta-el-20-de-enero-para-realizar-la-recategorizacion\/#breadcrumb"},"inLanguage":"es","potentialAction":[{"@type":"ReadAction","target":["https:\/\/informelitoral.com.ar\/los-monotributistas-tendran-tiempo-hasta-el-20-de-enero-para-realizar-la-recategorizacion\/"]}]},{"@type":"ImageObject","inLanguage":"es","@id":"https:\/\/informelitoral.com.ar\/los-monotributistas-tendran-tiempo-hasta-el-20-de-enero-para-realizar-la-recategorizacion\/#primaryimage","url":"https:\/\/informelitoral.com.ar\/%77%70%2d%63%6f%6e%74%65%6e%74\/uploads\/2017\/01\/monotributo.jpg_258117318.jpg","contentUrl":"https:\/\/informelitoral.com.ar\/%77%70%2d%63%6f%6e%74%65%6e%74\/uploads\/2017\/01\/monotributo.jpg_258117318.jpg","width":829,"height":466},{"@type":"BreadcrumbList","@id":"https:\/\/informelitoral.com.ar\/los-monotributistas-tendran-tiempo-hasta-el-20-de-enero-para-realizar-la-recategorizacion\/#breadcrumb","itemListElement":[{"@type":"ListItem","position":1,"name":"Portada","item":"https:\/\/informelitoral.com.ar\/"},{"@type":"ListItem","position":2,"name":"Los monotributistas tendr\u00e1n tiempo hasta el 20 de enero para realizar la recategorizaci\u00f3n"}]},{"@type":"WebSite","@id":"https:\/\/informelitoral.com.ar\/#website","url":"https:\/\/informelitoral.com.ar\/","name":"Informe Litoral","description":"&quot;Nos informamos&quot; ","publisher":{"@id":"https:\/\/informelitoral.com.ar\/#organization"},"potentialAction":[{"@type":"SearchAction","target":{"@type":"EntryPoint","urlTemplate":"https:\/\/informelitoral.com.ar\/?s={search_term_string}"},"query-input":{"@type":"PropertyValueSpecification","valueRequired":true,"valueName":"search_term_string"}}],"inLanguage":"es"},{"@type":"Organization","@id":"https:\/\/informelitoral.com.ar\/#organization","name":"Informe Litoral","url":"https:\/\/informelitoral.com.ar\/","logo":{"@type":"ImageObject","inLanguage":"es","@id":"https:\/\/informelitoral.com.ar\/#\/schema\/logo\/image\/","url":"https:\/\/informelitoral.com.ar\/%77%70%2d%63%6f%6e%74%65%6e%74\/uploads\/2021\/01\/circulo.png","contentUrl":"https:\/\/informelitoral.com.ar\/%77%70%2d%63%6f%6e%74%65%6e%74\/uploads\/2021\/01\/circulo.png","width":723,"height":731,"caption":"Informe Litoral"},"image":{"@id":"https:\/\/informelitoral.com.ar\/#\/schema\/logo\/image\/"},"sameAs":["https:\/\/www.facebook.com\/informelitoral\/","https:\/\/x.com\/InformeLitoral","https:\/\/www.instagram.com\/informelitoral\/","https:\/\/www.youtube.com\/channel\/UCua4Qvz8Icb6MYqhoq9xLXw"]},{"@type":"Person","@id":"https:\/\/informelitoral.com.ar\/#\/schema\/person\/b9d00407c836482871ef1d57bf8e3180","name":"Gonzalo Schmidt","image":{"@type":"ImageObject","inLanguage":"es","@id":"https:\/\/secure.gravatar.com\/avatar\/31a1a7b66ff2de83bd0e9fd79d026630d2d99e55e8bfe501287647b4fd9743de?s=96&d=mm&r=g","url":"https:\/\/secure.gravatar.com\/avatar\/31a1a7b66ff2de83bd0e9fd79d026630d2d99e55e8bfe501287647b4fd9743de?s=96&d=mm&r=g","contentUrl":"https:\/\/secure.gravatar.com\/avatar\/31a1a7b66ff2de83bd0e9fd79d026630d2d99e55e8bfe501287647b4fd9743de?s=96&d=mm&r=g","caption":"Gonzalo Schmidt"},"description":"Sitio web de noticias de la provincia de Entre R\u00edos, Argentina. Informaci\u00f3n y entretenimiento. Informe Litoral, nos informamos.","sameAs":["http:\/\/www.isletasnoticias.com.ar"],"url":"https:\/\/informelitoral.com.ar\/author\/gonzalo\/"}]}},"_links":{"self":[{"href":"https:\/\/informelitoral.com.ar\/%77%70%2d%6a%73%6f%6e\/wp\/v2\/posts\/55619","targetHints":{"allow":["GET"]}}],"collection":[{"href":"https:\/\/informelitoral.com.ar\/%77%70%2d%6a%73%6f%6e\/wp\/v2\/posts"}],"about":[{"href":"https:\/\/informelitoral.com.ar\/%77%70%2d%6a%73%6f%6e\/wp\/v2\/types\/post"}],"author":[{"embeddable":true,"href":"https:\/\/informelitoral.com.ar\/%77%70%2d%6a%73%6f%6e\/wp\/v2\/users\/2"}],"replies":[{"embeddable":true,"href":"https:\/\/informelitoral.com.ar\/%77%70%2d%6a%73%6f%6e\/wp\/v2\/comments?post=55619"}],"version-history":[{"count":0,"href":"https:\/\/informelitoral.com.ar\/%77%70%2d%6a%73%6f%6e\/wp\/v2\/posts\/55619\/revisions"}],"wp:featuredmedia":[{"embeddable":true,"href":"https:\/\/informelitoral.com.ar\/%77%70%2d%6a%73%6f%6e\/wp\/v2\/media\/19875"}],"wp:attachment":[{"href":"https:\/\/informelitoral.com.ar\/%77%70%2d%6a%73%6f%6e\/wp\/v2\/media?parent=55619"}],"wp:term":[{"taxonomy":"category","embeddable":true,"href":"https:\/\/informelitoral.com.ar\/%77%70%2d%6a%73%6f%6e\/wp\/v2\/categories?post=55619"},{"taxonomy":"post_tag","embeddable":true,"href":"https:\/\/informelitoral.com.ar\/%77%70%2d%6a%73%6f%6e\/wp\/v2\/tags?post=55619"}],"curies":[{"name":"wp","href":"https:\/\/api.w.org\/{rel}","templated":true}]}}