{"id":55546,"date":"2021-01-11T22:59:55","date_gmt":"2021-01-12T01:59:55","guid":{"rendered":"https:\/\/www.isletasnoticias.com.ar\/?p=55546"},"modified":"2021-01-11T22:59:55","modified_gmt":"2021-01-12T01:59:55","slug":"prorrogaron-hasta-marzo-restricciones-a-la-pesca-comercial-y-deportiva-en-el-rio-parana","status":"publish","type":"post","link":"https:\/\/informelitoral.com.ar\/prorrogaron-hasta-marzo-restricciones-a-la-pesca-comercial-y-deportiva-en-el-rio-parana\/","title":{"rendered":"Prorrogaron hasta marzo restricciones a la pesca comercial y deportiva en el r\u00edo Paran\u00e1"},"content":{"rendered":"<p>La Resoluci\u00f3n N\u00ba 0003DRN establece, adem\u00e1s, un cupo de extracci\u00f3n total de pescado de r\u00edo de jurisdicci\u00f3n provincial del r\u00edo Paran\u00e1 de 1596,56 toneladas para los meses de enero a marzo del 2021, para la especie S\u00e1balo y el denominado pescado de l\u00ednea -especies acompa\u00f1antes seg\u00fan terminolog\u00eda del proyecto evaluaci\u00f3n biol\u00f3gica y pesquera de especies de inter\u00e9s deportivo y comercial en el r\u00edo Paran\u00e1.<\/p>\n<p>Seg\u00fan detalla la resoluci\u00f3n, \u201cla asignaci\u00f3n de cupos en particular ser\u00e1 realizada por la Direcci\u00f3n de Recursos Naturales de conformidad al volumen de extracci\u00f3n registrado durante el mes de enero a marzo de 2020, con id\u00e9ntica reducci\u00f3n a los establecidos mediante Resoluci\u00f3n N\u00b0804\/20DRN, teniendo en cuenta las particularidades propias de cada interesado, y de conformidad a lo dispuesto en los considerandos de la presente\u201d.<\/p>\n<p>En la norma se destaca que \u201cen el caso de los frigor\u00edficos con autorizaci\u00f3n para exportar, el volumen de extracci\u00f3n y acopio ser\u00e1 determinado conforme pautas precedentes, ponderadas seg\u00fan porcentajes promedio de las asignaciones de cupos de exportaciones emitidas por la Subsecretar\u00eda de Pesca y Acuicultura dependiente del Ministerio de Agricultura, Ganader\u00eda y Pesca de la Naci\u00f3n\u201d.<\/p>\n<p>Por otra parte, a partir del 1 de enero y por 90 d\u00edas, se extiende el plazo respecto a la prohibici\u00f3n de la pesca comercial y tareas de acopio de productos de la pesca en aguas del r\u00edo Paran\u00e1 de jurisdicci\u00f3n provincial los d\u00edas martes; y los viernes hasta las \u00faltimas horas del domingo, incluyendo feriados nacionales y provinciales.<\/p>\n<p>Mientras que la restricci\u00f3n de la pesca deportiva es de lunes a jueves, por el mismo plazo; exceptuando el caso de la pesca deportiva realizada con Gu\u00eda de Pesca debidamente registrado ante la Direcci\u00f3n General de Fiscalizaci\u00f3n conforme Resoluci\u00f3n N\u00b0 307\/06. En los d\u00edas habilitados mediante el presente art\u00edculo la pesca deportiva ser\u00e1 realizada con devoluci\u00f3n inmediata de las piezas capturadas, aclara la resoluci\u00f3n.<\/p>\n<p>Seg\u00fan un informe del Instituto Nacional del Agua sobre Posibles Escenarios Hidrol\u00f3gicos en la Cuenca del Plata, durante el per\u00edodo diciembre a febrero de este a\u00f1o se pronostican condiciones deficitarias de precipitaciones para el Litoral argentino, cuenca del r\u00edo Paran\u00e1.<\/p>\n<p>La decisi\u00f3n del gobierno provincial es continuar con la implementaci\u00f3n de estas medidas de contralor sobre el recurso h\u00eddrico y pesquero, a los fines de su preservaci\u00f3n y hasta tanto no mejore la situaci\u00f3n respecto a los niveles del r\u00edo y los indicadores que se obtengan sobre su estudio.<\/p>\n<p><a href=\"https:\/\/www.isletasnoticias.com.ar\/%77%70%2d%63%6f%6e%74%65%6e%74\/uploads\/2021\/01\/x_1610288374.jpg\"><img loading=\"lazy\" decoding=\"async\" class=\"aligncenter wp-image-55548 size-large\" src=\"https:\/\/www.isletasnoticias.com.ar\/%77%70%2d%63%6f%6e%74%65%6e%74\/uploads\/2021\/01\/x_1610288374-1024x683.jpg\" alt=\"\" width=\"696\" height=\"464\" srcset=\"https:\/\/informelitoral.com.ar\/%77%70%2d%63%6f%6e%74%65%6e%74\/uploads\/2021\/01\/x_1610288374-1024x683.jpg 1024w, https:\/\/informelitoral.com.ar\/%77%70%2d%63%6f%6e%74%65%6e%74\/uploads\/2021\/01\/x_1610288374-300x200.jpg 300w, https:\/\/informelitoral.com.ar\/%77%70%2d%63%6f%6e%74%65%6e%74\/uploads\/2021\/01\/x_1610288374-768x512.jpg 768w, https:\/\/informelitoral.com.ar\/%77%70%2d%63%6f%6e%74%65%6e%74\/uploads\/2021\/01\/x_1610288374-1536x1024.jpg 1536w, https:\/\/informelitoral.com.ar\/%77%70%2d%63%6f%6e%74%65%6e%74\/uploads\/2021\/01\/x_1610288374-696x464.jpg 696w, https:\/\/informelitoral.com.ar\/%77%70%2d%63%6f%6e%74%65%6e%74\/uploads\/2021\/01\/x_1610288374-1068x712.jpg 1068w, https:\/\/informelitoral.com.ar\/%77%70%2d%63%6f%6e%74%65%6e%74\/uploads\/2021\/01\/x_1610288374-630x420.jpg 630w, https:\/\/informelitoral.com.ar\/%77%70%2d%63%6f%6e%74%65%6e%74\/uploads\/2021\/01\/x_1610288374.jpg 1920w\" sizes=\"auto, (max-width: 696px) 100vw, 696px\" \/><\/a><strong>La situaci\u00f3n h\u00eddrica y pesquera<\/strong><\/p>\n<p>Adem\u00e1s del contexto de aislamiento por la pandemia del Covid-19 iniciada en marzo del a\u00f1o pasado, Entre R\u00edos sufri\u00f3 la bajante del r\u00edo Paran\u00e1; alcanzando niveles muy bajos que comprometieron no s\u00f3lo la realidad econ\u00f3mica de los actores que integran la cadena productiva de la pesca; sino adem\u00e1s puso en peligro el mantenimiento de la biodiversidad de los ecosistemas que acompa\u00f1an al recurso h\u00eddrico.<\/p>\n<p>A pesar de las disposiciones de distanciamiento social, el personal de la Secretar\u00eda de Agricultura y Ganader\u00eda debi\u00f3 adaptarse a la situaci\u00f3n e implementar nuevos modos de trabajo para comenzar a trabajar en un tema que preocup\u00f3 a todos desde un primer momento.<\/p>\n<p>De esta manera, se intensificaron los controles en los principales puertos de desembarque de pescado, se implementaron restricciones a la pesca tanto deportiva como comercial, se redujo la extracci\u00f3n de pescado de r\u00edo y se disminuy\u00f3 a un 50 por ciento las asignaciones para exportaci\u00f3n de pescado.<\/p>\n<p>A trav\u00e9s de las direcciones de Recursos Naturales y Fiscalizaci\u00f3n se llevaron adelante varias acciones de control en puntos estrat\u00e9gicos, que fueron trabajadas de modo articulado con Puerto de Fiscalizaci\u00f3n de la ciudad de Victoria, Prefectura Naval Argentina, la Brigada de Prevenci\u00f3n de Delitos Rurales, la Polic\u00eda de Entre R\u00edos y Gendarmer\u00eda. Ejemplo de esta \u00faltima tarea en conjunto fue en el punto de partida de la RN N\u00ba174, traza Victoria Rosario; o sobre los riachos en la zona de la camiseta, para hacer cumplir la ley provincial de pesca N\u00b04892.<\/p>\n<p>Los operativos fueron diversos e incluyen el control de las tallas y artes de pesca permitidas, aberturas de mallas y la habilitaci\u00f3n mediante el carnet otorgado por la Direcci\u00f3n General de Fiscalizaci\u00f3n.<\/p>\n<p>A trav\u00e9s de la Resoluci\u00f3n N\u00ba804\/20 se estableci\u00f3 por primera vez en la historia de la provincia un cupo de extracci\u00f3n del pescado de r\u00edo fijado para el \u00faltimo semestre del a\u00f1o pasado en alrededor 3.200 toneladas, este l\u00edmite o restricci\u00f3n en la extracci\u00f3n de pescado de r\u00edo se pudo cumplir bien por las pesquer\u00edas seg\u00fan los registros obtenidos.<\/p>\n<p><strong>Resultados<\/strong><\/p>\n<p>La implementaci\u00f3n de las medidas en la cuenca del r\u00edo Paran\u00e1, que lleva nueve meses de vigencia, permiti\u00f3 realizar un balance respecto a su impacto.<\/p>\n<p>La aplicaci\u00f3n de la resoluci\u00f3n N\u00b0804\/20 DRN produjo un acentuado descenso de la extracci\u00f3n anual del pescado en la provincia de Entre R\u00edos, demostrando una reducci\u00f3n anual correspondiente al per\u00edodo 2019- 2020 cercana al 40%. Y en comparaci\u00f3n al \u00faltimo semestre, julio\/diciembre 2019-2020; la misma se ubic\u00f3 en un 65 % gracias a las medidas adoptadas por el gobierno provincial.<\/p>\n<p>En otro orden, las decisiones tomadas en la Comisi\u00f3n de Pesca Continental del Consejo Federal Agropecuario en consenso con las provincias que comparten el r\u00edo, lograron que las asignaciones dadas para exportaci\u00f3n de pescado de r\u00edo en nuestra provincia bajaran de cerca de 10.000 toneladas para el a\u00f1o 2019 a aproximadamente 5.000 toneladas en todo el 2020; lo cual signific\u00f3 una reducci\u00f3n importante del 50 %.<\/p>\n<p>En Entre R\u00edos existen cuatro vedas por especies \u00edcticas: una veda total de la especie manguruy\u00fa y pac\u00fa; y las reproductivas del dorado y surub\u00ed.<\/p>\n<p>Desde la Direcci\u00f3n de Recursos Naturales contin\u00faan con el monitoreo y estudio del recurso ict\u00edcola en los principales puertos de desembarque de pescado y \u00faltimamente en conjunto con t\u00e9cnicos del Ministerio de Medio Ambiente de la provincia de Santa Fe.<\/p>\n<p>Respecto a los resultados obtenidos en estos m\u00e1s de 150 d\u00edas de otorgada la resoluci\u00f3n 804\/20, el secretario de Agricultura y Ganader\u00eda de la provincia, Lucio Amavet, sostuvo: \u201cNos refuerza la necesidad de continuar con las medidas oportunamente aplicadas. Es necesario continuar siendo cuidadoso con el recurso pesquero, quit\u00e1ndole presi\u00f3n a la pesquer\u00eda a trav\u00e9s de reducir fundamentalmente el cupo de extracci\u00f3n y mantener la reducci\u00f3n sobre el cupo de exportaci\u00f3n que se viene aplicando. Todo esto en un marco de crisis econ\u00f3mica que implica estar muy atento y atendiendo las fuentes laborales tanto de las industrias radicadas en la provincia como el resto de los actores directos que genera la actividad, como son los acopiadores y pescadores que viven de esta econom\u00eda regional en la provincia\u201d.<\/p>\n","protected":false},"excerpt":{"rendered":"<p>El Ministerio de Producci\u00f3n emiti\u00f3 una nueva resoluci\u00f3n para continuar preservando el recurso ict\u00edcola: prorrog\u00f3 hasta marzo las restricciones a la pesca comercial y deportiva.<\/p>\n","protected":false},"author":2,"featured_media":55547,"comment_status":"open","ping_status":"open","sticky":false,"template":"","format":"standard","meta":{"fifu_image_url":"","fifu_image_alt":"","footnotes":""},"categories":[6],"tags":[778,777],"class_list":{"0":"post-55546","1":"post","2":"type-post","3":"status-publish","4":"format-standard","5":"has-post-thumbnail","7":"category-entre-rios","8":"tag-pesca","9":"tag-rio-parana"},"yoast_head":"<title>Prorrogaron hasta marzo restricciones a la pesca comercial y deportiva en el r\u00edo Paran\u00e1 - Informe Litoral<\/title>\n<meta name=\"robots\" content=\"index, follow, max-snippet:-1, max-image-preview:large, max-video-preview:-1\" \/>\n<link rel=\"canonical\" href=\"https:\/\/informelitoral.com.ar\/prorrogaron-hasta-marzo-restricciones-a-la-pesca-comercial-y-deportiva-en-el-rio-parana\/\" \/>\n<meta property=\"og:locale\" content=\"es_ES\" \/>\n<meta property=\"og:type\" content=\"article\" \/>\n<meta property=\"og:title\" content=\"Prorrogaron hasta marzo restricciones a la pesca comercial y deportiva en el r\u00edo Paran\u00e1 - Informe Litoral\" \/>\n<meta property=\"og:description\" content=\"El Ministerio de Producci\u00f3n emiti\u00f3 una nueva resoluci\u00f3n para continuar preservando el recurso ict\u00edcola: prorrog\u00f3 hasta marzo las restricciones a la pesca comercial y deportiva.\" \/>\n<meta property=\"og:url\" content=\"https:\/\/informelitoral.com.ar\/prorrogaron-hasta-marzo-restricciones-a-la-pesca-comercial-y-deportiva-en-el-rio-parana\/\" \/>\n<meta property=\"og:site_name\" content=\"Informe Litoral\" \/>\n<meta property=\"article:publisher\" content=\"https:\/\/www.facebook.com\/informelitoral\/\" \/>\n<meta property=\"article:published_time\" content=\"2021-01-12T01:59:55+00:00\" \/>\n<meta property=\"og:image\" content=\"https:\/\/informelitoral.com.ar\/%77%70%2d%63%6f%6e%74%65%6e%74\/uploads\/2021\/01\/x_1610288406.jpg\" \/>\n\t<meta property=\"og:image:width\" content=\"1920\" \/>\n\t<meta property=\"og:image:height\" content=\"1280\" \/>\n\t<meta property=\"og:image:type\" content=\"image\/jpeg\" \/>\n<meta name=\"author\" content=\"Gonzalo Schmidt\" \/>\n<meta name=\"twitter:card\" content=\"summary_large_image\" \/>\n<meta name=\"twitter:creator\" content=\"@InformeLitoral\" \/>\n<meta name=\"twitter:site\" content=\"@InformeLitoral\" \/>\n<meta name=\"twitter:label1\" content=\"Escrito por\" \/>\n\t<meta name=\"twitter:data1\" content=\"Gonzalo Schmidt\" \/>\n\t<meta name=\"twitter:label2\" content=\"Tiempo de lectura\" \/>\n\t<meta name=\"twitter:data2\" content=\"6 minutos\" \/>\n<script type=\"application\/ld+json\" class=\"yoast-schema-graph\">{\"@context\":\"https:\\\/\\\/schema.org\",\"@graph\":[{\"@type\":\"Article\",\"@id\":\"https:\\\/\\\/informelitoral.com.ar\\\/prorrogaron-hasta-marzo-restricciones-a-la-pesca-comercial-y-deportiva-en-el-rio-parana\\\/#article\",\"isPartOf\":{\"@id\":\"https:\\\/\\\/informelitoral.com.ar\\\/prorrogaron-hasta-marzo-restricciones-a-la-pesca-comercial-y-deportiva-en-el-rio-parana\\\/\"},\"author\":{\"name\":\"Gonzalo Schmidt\",\"@id\":\"https:\\\/\\\/informelitoral.com.ar\\\/#\\\/schema\\\/person\\\/b9d00407c836482871ef1d57bf8e3180\"},\"headline\":\"Prorrogaron hasta marzo restricciones a la pesca comercial y deportiva en el r\u00edo Paran\u00e1\",\"datePublished\":\"2021-01-12T01:59:55+00:00\",\"mainEntityOfPage\":{\"@id\":\"https:\\\/\\\/informelitoral.com.ar\\\/prorrogaron-hasta-marzo-restricciones-a-la-pesca-comercial-y-deportiva-en-el-rio-parana\\\/\"},\"wordCount\":1206,\"commentCount\":0,\"publisher\":{\"@id\":\"https:\\\/\\\/informelitoral.com.ar\\\/#organization\"},\"image\":{\"@id\":\"https:\\\/\\\/informelitoral.com.ar\\\/prorrogaron-hasta-marzo-restricciones-a-la-pesca-comercial-y-deportiva-en-el-rio-parana\\\/#primaryimage\"},\"thumbnailUrl\":\"https:\\\/\\\/informelitoral.com.ar\\\/%77%70%2d%63%6f%6e%74%65%6e%74\\\/uploads\\\/2021\\\/01\\\/x_1610288406.jpg\",\"keywords\":[\"Pesca\",\"R\u00edo Paran\u00e1\"],\"articleSection\":[\"Entre R\u00edos\"],\"inLanguage\":\"es\",\"potentialAction\":[{\"@type\":\"CommentAction\",\"name\":\"Comment\",\"target\":[\"https:\\\/\\\/informelitoral.com.ar\\\/prorrogaron-hasta-marzo-restricciones-a-la-pesca-comercial-y-deportiva-en-el-rio-parana\\\/#respond\"]}]},{\"@type\":\"WebPage\",\"@id\":\"https:\\\/\\\/informelitoral.com.ar\\\/prorrogaron-hasta-marzo-restricciones-a-la-pesca-comercial-y-deportiva-en-el-rio-parana\\\/\",\"url\":\"https:\\\/\\\/informelitoral.com.ar\\\/prorrogaron-hasta-marzo-restricciones-a-la-pesca-comercial-y-deportiva-en-el-rio-parana\\\/\",\"name\":\"Prorrogaron hasta marzo restricciones a la pesca comercial y deportiva en el r\u00edo Paran\u00e1 - Informe Litoral\",\"isPartOf\":{\"@id\":\"https:\\\/\\\/informelitoral.com.ar\\\/#website\"},\"primaryImageOfPage\":{\"@id\":\"https:\\\/\\\/informelitoral.com.ar\\\/prorrogaron-hasta-marzo-restricciones-a-la-pesca-comercial-y-deportiva-en-el-rio-parana\\\/#primaryimage\"},\"image\":{\"@id\":\"https:\\\/\\\/informelitoral.com.ar\\\/prorrogaron-hasta-marzo-restricciones-a-la-pesca-comercial-y-deportiva-en-el-rio-parana\\\/#primaryimage\"},\"thumbnailUrl\":\"https:\\\/\\\/informelitoral.com.ar\\\/%77%70%2d%63%6f%6e%74%65%6e%74\\\/uploads\\\/2021\\\/01\\\/x_1610288406.jpg\",\"datePublished\":\"2021-01-12T01:59:55+00:00\",\"breadcrumb\":{\"@id\":\"https:\\\/\\\/informelitoral.com.ar\\\/prorrogaron-hasta-marzo-restricciones-a-la-pesca-comercial-y-deportiva-en-el-rio-parana\\\/#breadcrumb\"},\"inLanguage\":\"es\",\"potentialAction\":[{\"@type\":\"ReadAction\",\"target\":[\"https:\\\/\\\/informelitoral.com.ar\\\/prorrogaron-hasta-marzo-restricciones-a-la-pesca-comercial-y-deportiva-en-el-rio-parana\\\/\"]}]},{\"@type\":\"ImageObject\",\"inLanguage\":\"es\",\"@id\":\"https:\\\/\\\/informelitoral.com.ar\\\/prorrogaron-hasta-marzo-restricciones-a-la-pesca-comercial-y-deportiva-en-el-rio-parana\\\/#primaryimage\",\"url\":\"https:\\\/\\\/informelitoral.com.ar\\\/%77%70%2d%63%6f%6e%74%65%6e%74\\\/uploads\\\/2021\\\/01\\\/x_1610288406.jpg\",\"contentUrl\":\"https:\\\/\\\/informelitoral.com.ar\\\/%77%70%2d%63%6f%6e%74%65%6e%74\\\/uploads\\\/2021\\\/01\\\/x_1610288406.jpg\",\"width\":1920,\"height\":1280},{\"@type\":\"BreadcrumbList\",\"@id\":\"https:\\\/\\\/informelitoral.com.ar\\\/prorrogaron-hasta-marzo-restricciones-a-la-pesca-comercial-y-deportiva-en-el-rio-parana\\\/#breadcrumb\",\"itemListElement\":[{\"@type\":\"ListItem\",\"position\":1,\"name\":\"Portada\",\"item\":\"https:\\\/\\\/informelitoral.com.ar\\\/\"},{\"@type\":\"ListItem\",\"position\":2,\"name\":\"Prorrogaron hasta marzo restricciones a la pesca comercial y deportiva en el r\u00edo Paran\u00e1\"}]},{\"@type\":\"WebSite\",\"@id\":\"https:\\\/\\\/informelitoral.com.ar\\\/#website\",\"url\":\"https:\\\/\\\/informelitoral.com.ar\\\/\",\"name\":\"Informe Litoral\",\"description\":\"&quot;Nos informamos&quot; \",\"publisher\":{\"@id\":\"https:\\\/\\\/informelitoral.com.ar\\\/#organization\"},\"potentialAction\":[{\"@type\":\"SearchAction\",\"target\":{\"@type\":\"EntryPoint\",\"urlTemplate\":\"https:\\\/\\\/informelitoral.com.ar\\\/?s={search_term_string}\"},\"query-input\":{\"@type\":\"PropertyValueSpecification\",\"valueRequired\":true,\"valueName\":\"search_term_string\"}}],\"inLanguage\":\"es\"},{\"@type\":\"Organization\",\"@id\":\"https:\\\/\\\/informelitoral.com.ar\\\/#organization\",\"name\":\"Informe Litoral\",\"url\":\"https:\\\/\\\/informelitoral.com.ar\\\/\",\"logo\":{\"@type\":\"ImageObject\",\"inLanguage\":\"es\",\"@id\":\"https:\\\/\\\/informelitoral.com.ar\\\/#\\\/schema\\\/logo\\\/image\\\/\",\"url\":\"https:\\\/\\\/informelitoral.com.ar\\\/%77%70%2d%63%6f%6e%74%65%6e%74\\\/uploads\\\/2021\\\/01\\\/circulo.png\",\"contentUrl\":\"https:\\\/\\\/informelitoral.com.ar\\\/%77%70%2d%63%6f%6e%74%65%6e%74\\\/uploads\\\/2021\\\/01\\\/circulo.png\",\"width\":723,\"height\":731,\"caption\":\"Informe Litoral\"},\"image\":{\"@id\":\"https:\\\/\\\/informelitoral.com.ar\\\/#\\\/schema\\\/logo\\\/image\\\/\"},\"sameAs\":[\"https:\\\/\\\/www.facebook.com\\\/informelitoral\\\/\",\"https:\\\/\\\/x.com\\\/InformeLitoral\",\"https:\\\/\\\/www.instagram.com\\\/informelitoral\\\/\",\"https:\\\/\\\/www.youtube.com\\\/channel\\\/UCua4Qvz8Icb6MYqhoq9xLXw\"]},{\"@type\":\"Person\",\"@id\":\"https:\\\/\\\/informelitoral.com.ar\\\/#\\\/schema\\\/person\\\/b9d00407c836482871ef1d57bf8e3180\",\"name\":\"Gonzalo Schmidt\",\"image\":{\"@type\":\"ImageObject\",\"inLanguage\":\"es\",\"@id\":\"https:\\\/\\\/secure.gravatar.com\\\/avatar\\\/31a1a7b66ff2de83bd0e9fd79d026630d2d99e55e8bfe501287647b4fd9743de?s=96&d=mm&r=g\",\"url\":\"https:\\\/\\\/secure.gravatar.com\\\/avatar\\\/31a1a7b66ff2de83bd0e9fd79d026630d2d99e55e8bfe501287647b4fd9743de?s=96&d=mm&r=g\",\"contentUrl\":\"https:\\\/\\\/secure.gravatar.com\\\/avatar\\\/31a1a7b66ff2de83bd0e9fd79d026630d2d99e55e8bfe501287647b4fd9743de?s=96&d=mm&r=g\",\"caption\":\"Gonzalo Schmidt\"},\"description\":\"Sitio web de noticias de la provincia de Entre R\u00edos, Argentina. Informaci\u00f3n y entretenimiento. Informe Litoral, nos informamos.\",\"sameAs\":[\"http:\\\/\\\/www.isletasnoticias.com.ar\"],\"url\":\"https:\\\/\\\/informelitoral.com.ar\\\/author\\\/gonzalo\\\/\"}]}<\/script>","yoast_head_json":{"title":"Prorrogaron hasta marzo restricciones a la pesca comercial y deportiva en el r\u00edo Paran\u00e1 - Informe Litoral","robots":{"index":"index","follow":"follow","max-snippet":"max-snippet:-1","max-image-preview":"max-image-preview:large","max-video-preview":"max-video-preview:-1"},"canonical":"https:\/\/informelitoral.com.ar\/prorrogaron-hasta-marzo-restricciones-a-la-pesca-comercial-y-deportiva-en-el-rio-parana\/","og_locale":"es_ES","og_type":"article","og_title":"Prorrogaron hasta marzo restricciones a la pesca comercial y deportiva en el r\u00edo Paran\u00e1 - Informe Litoral","og_description":"El Ministerio de Producci\u00f3n emiti\u00f3 una nueva resoluci\u00f3n para continuar preservando el recurso ict\u00edcola: prorrog\u00f3 hasta marzo las restricciones a la pesca comercial y deportiva.","og_url":"https:\/\/informelitoral.com.ar\/prorrogaron-hasta-marzo-restricciones-a-la-pesca-comercial-y-deportiva-en-el-rio-parana\/","og_site_name":"Informe Litoral","article_publisher":"https:\/\/www.facebook.com\/informelitoral\/","article_published_time":"2021-01-12T01:59:55+00:00","og_image":[{"width":1920,"height":1280,"url":"https:\/\/informelitoral.com.ar\/%77%70%2d%63%6f%6e%74%65%6e%74\/uploads\/2021\/01\/x_1610288406.jpg","type":"image\/jpeg"}],"author":"Gonzalo Schmidt","twitter_card":"summary_large_image","twitter_creator":"@InformeLitoral","twitter_site":"@InformeLitoral","twitter_misc":{"Escrito por":"Gonzalo Schmidt","Tiempo de lectura":"6 minutos"},"schema":{"@context":"https:\/\/schema.org","@graph":[{"@type":"Article","@id":"https:\/\/informelitoral.com.ar\/prorrogaron-hasta-marzo-restricciones-a-la-pesca-comercial-y-deportiva-en-el-rio-parana\/#article","isPartOf":{"@id":"https:\/\/informelitoral.com.ar\/prorrogaron-hasta-marzo-restricciones-a-la-pesca-comercial-y-deportiva-en-el-rio-parana\/"},"author":{"name":"Gonzalo Schmidt","@id":"https:\/\/informelitoral.com.ar\/#\/schema\/person\/b9d00407c836482871ef1d57bf8e3180"},"headline":"Prorrogaron hasta marzo restricciones a la pesca comercial y deportiva en el r\u00edo Paran\u00e1","datePublished":"2021-01-12T01:59:55+00:00","mainEntityOfPage":{"@id":"https:\/\/informelitoral.com.ar\/prorrogaron-hasta-marzo-restricciones-a-la-pesca-comercial-y-deportiva-en-el-rio-parana\/"},"wordCount":1206,"commentCount":0,"publisher":{"@id":"https:\/\/informelitoral.com.ar\/#organization"},"image":{"@id":"https:\/\/informelitoral.com.ar\/prorrogaron-hasta-marzo-restricciones-a-la-pesca-comercial-y-deportiva-en-el-rio-parana\/#primaryimage"},"thumbnailUrl":"https:\/\/informelitoral.com.ar\/%77%70%2d%63%6f%6e%74%65%6e%74\/uploads\/2021\/01\/x_1610288406.jpg","keywords":["Pesca","R\u00edo Paran\u00e1"],"articleSection":["Entre R\u00edos"],"inLanguage":"es","potentialAction":[{"@type":"CommentAction","name":"Comment","target":["https:\/\/informelitoral.com.ar\/prorrogaron-hasta-marzo-restricciones-a-la-pesca-comercial-y-deportiva-en-el-rio-parana\/#respond"]}]},{"@type":"WebPage","@id":"https:\/\/informelitoral.com.ar\/prorrogaron-hasta-marzo-restricciones-a-la-pesca-comercial-y-deportiva-en-el-rio-parana\/","url":"https:\/\/informelitoral.com.ar\/prorrogaron-hasta-marzo-restricciones-a-la-pesca-comercial-y-deportiva-en-el-rio-parana\/","name":"Prorrogaron hasta marzo restricciones a la pesca comercial y deportiva en el r\u00edo Paran\u00e1 - Informe Litoral","isPartOf":{"@id":"https:\/\/informelitoral.com.ar\/#website"},"primaryImageOfPage":{"@id":"https:\/\/informelitoral.com.ar\/prorrogaron-hasta-marzo-restricciones-a-la-pesca-comercial-y-deportiva-en-el-rio-parana\/#primaryimage"},"image":{"@id":"https:\/\/informelitoral.com.ar\/prorrogaron-hasta-marzo-restricciones-a-la-pesca-comercial-y-deportiva-en-el-rio-parana\/#primaryimage"},"thumbnailUrl":"https:\/\/informelitoral.com.ar\/%77%70%2d%63%6f%6e%74%65%6e%74\/uploads\/2021\/01\/x_1610288406.jpg","datePublished":"2021-01-12T01:59:55+00:00","breadcrumb":{"@id":"https:\/\/informelitoral.com.ar\/prorrogaron-hasta-marzo-restricciones-a-la-pesca-comercial-y-deportiva-en-el-rio-parana\/#breadcrumb"},"inLanguage":"es","potentialAction":[{"@type":"ReadAction","target":["https:\/\/informelitoral.com.ar\/prorrogaron-hasta-marzo-restricciones-a-la-pesca-comercial-y-deportiva-en-el-rio-parana\/"]}]},{"@type":"ImageObject","inLanguage":"es","@id":"https:\/\/informelitoral.com.ar\/prorrogaron-hasta-marzo-restricciones-a-la-pesca-comercial-y-deportiva-en-el-rio-parana\/#primaryimage","url":"https:\/\/informelitoral.com.ar\/%77%70%2d%63%6f%6e%74%65%6e%74\/uploads\/2021\/01\/x_1610288406.jpg","contentUrl":"https:\/\/informelitoral.com.ar\/%77%70%2d%63%6f%6e%74%65%6e%74\/uploads\/2021\/01\/x_1610288406.jpg","width":1920,"height":1280},{"@type":"BreadcrumbList","@id":"https:\/\/informelitoral.com.ar\/prorrogaron-hasta-marzo-restricciones-a-la-pesca-comercial-y-deportiva-en-el-rio-parana\/#breadcrumb","itemListElement":[{"@type":"ListItem","position":1,"name":"Portada","item":"https:\/\/informelitoral.com.ar\/"},{"@type":"ListItem","position":2,"name":"Prorrogaron hasta marzo restricciones a la pesca comercial y deportiva en el r\u00edo Paran\u00e1"}]},{"@type":"WebSite","@id":"https:\/\/informelitoral.com.ar\/#website","url":"https:\/\/informelitoral.com.ar\/","name":"Informe Litoral","description":"&quot;Nos informamos&quot; ","publisher":{"@id":"https:\/\/informelitoral.com.ar\/#organization"},"potentialAction":[{"@type":"SearchAction","target":{"@type":"EntryPoint","urlTemplate":"https:\/\/informelitoral.com.ar\/?s={search_term_string}"},"query-input":{"@type":"PropertyValueSpecification","valueRequired":true,"valueName":"search_term_string"}}],"inLanguage":"es"},{"@type":"Organization","@id":"https:\/\/informelitoral.com.ar\/#organization","name":"Informe Litoral","url":"https:\/\/informelitoral.com.ar\/","logo":{"@type":"ImageObject","inLanguage":"es","@id":"https:\/\/informelitoral.com.ar\/#\/schema\/logo\/image\/","url":"https:\/\/informelitoral.com.ar\/%77%70%2d%63%6f%6e%74%65%6e%74\/uploads\/2021\/01\/circulo.png","contentUrl":"https:\/\/informelitoral.com.ar\/%77%70%2d%63%6f%6e%74%65%6e%74\/uploads\/2021\/01\/circulo.png","width":723,"height":731,"caption":"Informe Litoral"},"image":{"@id":"https:\/\/informelitoral.com.ar\/#\/schema\/logo\/image\/"},"sameAs":["https:\/\/www.facebook.com\/informelitoral\/","https:\/\/x.com\/InformeLitoral","https:\/\/www.instagram.com\/informelitoral\/","https:\/\/www.youtube.com\/channel\/UCua4Qvz8Icb6MYqhoq9xLXw"]},{"@type":"Person","@id":"https:\/\/informelitoral.com.ar\/#\/schema\/person\/b9d00407c836482871ef1d57bf8e3180","name":"Gonzalo Schmidt","image":{"@type":"ImageObject","inLanguage":"es","@id":"https:\/\/secure.gravatar.com\/avatar\/31a1a7b66ff2de83bd0e9fd79d026630d2d99e55e8bfe501287647b4fd9743de?s=96&d=mm&r=g","url":"https:\/\/secure.gravatar.com\/avatar\/31a1a7b66ff2de83bd0e9fd79d026630d2d99e55e8bfe501287647b4fd9743de?s=96&d=mm&r=g","contentUrl":"https:\/\/secure.gravatar.com\/avatar\/31a1a7b66ff2de83bd0e9fd79d026630d2d99e55e8bfe501287647b4fd9743de?s=96&d=mm&r=g","caption":"Gonzalo Schmidt"},"description":"Sitio web de noticias de la provincia de Entre R\u00edos, Argentina. Informaci\u00f3n y entretenimiento. Informe Litoral, nos informamos.","sameAs":["http:\/\/www.isletasnoticias.com.ar"],"url":"https:\/\/informelitoral.com.ar\/author\/gonzalo\/"}]}},"_links":{"self":[{"href":"https:\/\/informelitoral.com.ar\/%77%70%2d%6a%73%6f%6e\/wp\/v2\/posts\/55546","targetHints":{"allow":["GET"]}}],"collection":[{"href":"https:\/\/informelitoral.com.ar\/%77%70%2d%6a%73%6f%6e\/wp\/v2\/posts"}],"about":[{"href":"https:\/\/informelitoral.com.ar\/%77%70%2d%6a%73%6f%6e\/wp\/v2\/types\/post"}],"author":[{"embeddable":true,"href":"https:\/\/informelitoral.com.ar\/%77%70%2d%6a%73%6f%6e\/wp\/v2\/users\/2"}],"replies":[{"embeddable":true,"href":"https:\/\/informelitoral.com.ar\/%77%70%2d%6a%73%6f%6e\/wp\/v2\/comments?post=55546"}],"version-history":[{"count":0,"href":"https:\/\/informelitoral.com.ar\/%77%70%2d%6a%73%6f%6e\/wp\/v2\/posts\/55546\/revisions"}],"wp:featuredmedia":[{"embeddable":true,"href":"https:\/\/informelitoral.com.ar\/%77%70%2d%6a%73%6f%6e\/wp\/v2\/media\/55547"}],"wp:attachment":[{"href":"https:\/\/informelitoral.com.ar\/%77%70%2d%6a%73%6f%6e\/wp\/v2\/media?parent=55546"}],"wp:term":[{"taxonomy":"category","embeddable":true,"href":"https:\/\/informelitoral.com.ar\/%77%70%2d%6a%73%6f%6e\/wp\/v2\/categories?post=55546"},{"taxonomy":"post_tag","embeddable":true,"href":"https:\/\/informelitoral.com.ar\/%77%70%2d%6a%73%6f%6e\/wp\/v2\/tags?post=55546"}],"curies":[{"name":"wp","href":"https:\/\/api.w.org\/{rel}","templated":true}]}}