{"id":55346,"date":"2021-01-03T12:45:35","date_gmt":"2021-01-03T15:45:35","guid":{"rendered":"https:\/\/www.isletasnoticias.com.ar\/?p=55346"},"modified":"2021-01-03T12:45:35","modified_gmt":"2021-01-03T15:45:35","slug":"se-registraron-578-nuevos-casos-de-coronavirus-en-entre-rios-y-ya-son-mas-de-31-000","status":"publish","type":"post","link":"https:\/\/informelitoral.com.ar\/se-registraron-578-nuevos-casos-de-coronavirus-en-entre-rios-y-ya-son-mas-de-31-000\/","title":{"rendered":"Se registraron 578 nuevos casos de coronavirus en Entre R\u00edos y ya son m\u00e1s de 31.000"},"content":{"rendered":"<p>Los que se distribuyen de la siguiente manera:<\/p>\n<p>*Departamento Paran\u00e1 91, distribuidos en:<\/p>\n<p>CERRITO 3<br \/>\nCOLONIA AVELLANEDA 2<br \/>\nCRESPO 11<br \/>\nHERNANDARIAS 1<br \/>\nLA PICADA 2<br \/>\nMAR\u00cdA GRANDE 3<br \/>\nORO VERDE 1<br \/>\nPARANA 65<br \/>\nSAUCE MONTRULL 2<br \/>\nTABOSSI 1<\/p>\n<p>*Departamento Col\u00f3n 35, distribuidos en:<\/p>\n<p>COL\u00d3N 17<br \/>\nSAN JOS\u00c9 17<br \/>\nUBAJAY 1<\/p>\n<p>*Departamento Concordia 168, distribuidos en:<br \/>\nCOLONIA AYU\u00cd 1<br \/>\nCONCORDIA 165<br \/>\nLA CRIOLLA 1<br \/>\nNUEVA ESCOCIA 1<\/p>\n<p><span style=\"background-color: #ffff00;\">*Departamento Diamante 3, distribuidos en:<\/span><br \/>\n<span style=\"background-color: #ffff00;\">DIAMANTE 1<\/span><br \/>\n<span style=\"background-color: #ffff00;\">GENERAL RAM\u00cdREZ 1<\/span><br \/>\n<span style=\"background-color: #ffff00;\">RACEDO 1<\/span><\/p>\n<p>*Departamento Federaci\u00f3n 55, distribuidos en:<br \/>\nCHAJAR\u00cd 41<br \/>\nCOLONIA VILLA LIBERTAD 1<br \/>\nFEDERACI\u00d3N 8<br \/>\nGUALEGUAYCITO 1<br \/>\nVILLA DEL ROSARIO 4<\/p>\n<p>*Departamento Federal 3, distribuidos en:<\/p>\n<p>FEDERAL 3<\/p>\n<p>*Departamento Feliciano 7, distribuidos en:<br \/>\nSAN JOS\u00c9 DE FELICIANO 7<\/p>\n<p>*Departamento Gualeguay 11, distribuidos en:<br \/>\nGUALEGUAY 11<\/p>\n<p>*Departamento Gualeguaych\u00fa 63, distribuidos en:<br \/>\nGUALEGUAYCHU 59<br \/>\nLARROQUE 1<br \/>\nPUEBLO GENERAL BELGRANO 3<\/p>\n<p>*Departamento Islas 3, distribuidos en:<br \/>\nCEIBAS 1<br \/>\nIBICUY 2<\/p>\n<p>*Departamento La Paz 13, distribuidos en:<br \/>\nLA PAZ 11<br \/>\nPIEDRAS BLANCAS 1<br \/>\nSANTA ELENA 1<\/p>\n<p>*Departamento Nogoy\u00e1 1, distribuidos en:<br \/>\nNOGOY\u00c1 1<\/p>\n<p>*Departamento Tala 3, distribuidos en:<br \/>\nROSARIO DEL TALA 3<\/p>\n<p>*Departamento Uruguay 63, distribuidos en:<\/p>\n<p>BASAVILBASO 11<br \/>\nCASEROS 3<br \/>\nCONCEPCI\u00d3N DEL URUGUAY 48<br \/>\nVILLA MANTERO 1<\/p>\n<p>*Departamento Victoria 42, distribuidos en:<br \/>\nVICTORIA 42<\/p>\n<p>*Departamento Villaguay 17, distribuidos en:<br \/>\nVILLAGUAY 17<\/p>\n<p>*Reclasificaci\u00f3n : Se resta un caso de la localidad de General Campos (San Salvador) y se suma a otra provincia.<\/p>\n<p>De ese modo, en la provincia son 31.560 los casos confirmados.<\/p>\n<p><b>Decesos<\/b><\/p>\n<p>Se registraron en la provincia tres fallecimientos asociados a coronavirus.<br \/>\nEl primer deceso corresponde a una mujer procedente de Nogoy\u00e1 de 70 a\u00f1os, que se encontraba internada en el hospital San Blas de la localidad.<\/p>\n<p>Por otra parte, falleci\u00f3 un hombre de 67 a\u00f1os, oriundo de La Paz, institucionalizado en el hospital San Mart\u00edn de la ciudad capital.<\/p>\n<p>Por \u00faltimo se registr\u00f3 la muerte de una paciente de 86 a\u00f1os de Victoria hospitalizada en el nosocomio de la misma ciudad, Dr. Ferm\u00edn Salaberry.<\/p>\n<p>De esta manera, en la provincia son 579 los fallecidos con Covid-19.<\/p>\n","protected":false},"excerpt":{"rendered":"<p>El \u00e1rea de Vigilancia Epidemiol\u00f3gica del Ministerio de Salud, confirm\u00f3 que en Entre R\u00edos este s\u00e1bado se registraron 578 nuevos casos de coronavirus.<\/p>\n","protected":false},"author":2,"featured_media":40877,"comment_status":"open","ping_status":"open","sticky":false,"template":"","format":"standard","meta":{"fifu_image_url":"","fifu_image_alt":"","footnotes":""},"categories":[6],"tags":[1426,1668,1481],"class_list":{"0":"post-55346","1":"post","2":"type-post","3":"status-publish","4":"format-standard","5":"has-post-thumbnail","7":"category-entre-rios","8":"tag-coronavirus","9":"tag-covid","10":"tag-covid-19"},"yoast_head":"<title>Se registraron 578 nuevos casos de coronavirus en Entre R\u00edos y ya son m\u00e1s de 31.000 - Informe Litoral<\/title>\n<meta name=\"robots\" content=\"index, follow, max-snippet:-1, max-image-preview:large, max-video-preview:-1\" \/>\n<link rel=\"canonical\" href=\"https:\/\/informelitoral.com.ar\/se-registraron-578-nuevos-casos-de-coronavirus-en-entre-rios-y-ya-son-mas-de-31-000\/\" \/>\n<meta property=\"og:locale\" content=\"es_ES\" \/>\n<meta property=\"og:type\" content=\"article\" \/>\n<meta property=\"og:title\" content=\"Se registraron 578 nuevos casos de coronavirus en Entre R\u00edos y ya son m\u00e1s de 31.000 - Informe Litoral\" \/>\n<meta property=\"og:description\" content=\"El \u00e1rea de Vigilancia Epidemiol\u00f3gica del Ministerio de Salud, confirm\u00f3 que en Entre R\u00edos este s\u00e1bado se registraron 578 nuevos casos de coronavirus.\" \/>\n<meta property=\"og:url\" content=\"https:\/\/informelitoral.com.ar\/se-registraron-578-nuevos-casos-de-coronavirus-en-entre-rios-y-ya-son-mas-de-31-000\/\" \/>\n<meta property=\"og:site_name\" content=\"Informe Litoral\" \/>\n<meta property=\"article:publisher\" content=\"https:\/\/www.facebook.com\/informelitoral\/\" \/>\n<meta property=\"article:published_time\" content=\"2021-01-03T15:45:35+00:00\" \/>\n<meta property=\"og:image\" content=\"https:\/\/informelitoral.com.ar\/%77%70%2d%63%6f%6e%74%65%6e%74\/uploads\/2020\/03\/lavarse-las-manos.jpg\" \/>\n\t<meta property=\"og:image:width\" content=\"1706\" \/>\n\t<meta property=\"og:image:height\" content=\"960\" \/>\n\t<meta property=\"og:image:type\" content=\"image\/jpeg\" \/>\n<meta name=\"author\" content=\"Gonzalo Schmidt\" \/>\n<meta name=\"twitter:card\" content=\"summary_large_image\" \/>\n<meta name=\"twitter:creator\" content=\"@InformeLitoral\" \/>\n<meta name=\"twitter:site\" content=\"@InformeLitoral\" \/>\n<meta name=\"twitter:label1\" content=\"Escrito por\" \/>\n\t<meta name=\"twitter:data1\" content=\"Gonzalo Schmidt\" \/>\n\t<meta name=\"twitter:label2\" content=\"Tiempo de lectura\" \/>\n\t<meta name=\"twitter:data2\" content=\"1 minuto\" \/>\n<script type=\"application\/ld+json\" class=\"yoast-schema-graph\">{\"@context\":\"https:\\\/\\\/schema.org\",\"@graph\":[{\"@type\":\"Article\",\"@id\":\"https:\\\/\\\/informelitoral.com.ar\\\/se-registraron-578-nuevos-casos-de-coronavirus-en-entre-rios-y-ya-son-mas-de-31-000\\\/#article\",\"isPartOf\":{\"@id\":\"https:\\\/\\\/informelitoral.com.ar\\\/se-registraron-578-nuevos-casos-de-coronavirus-en-entre-rios-y-ya-son-mas-de-31-000\\\/\"},\"author\":{\"name\":\"Gonzalo Schmidt\",\"@id\":\"https:\\\/\\\/informelitoral.com.ar\\\/#\\\/schema\\\/person\\\/b9d00407c836482871ef1d57bf8e3180\"},\"headline\":\"Se registraron 578 nuevos casos de coronavirus en Entre R\u00edos y ya son m\u00e1s de 31.000\",\"datePublished\":\"2021-01-03T15:45:35+00:00\",\"mainEntityOfPage\":{\"@id\":\"https:\\\/\\\/informelitoral.com.ar\\\/se-registraron-578-nuevos-casos-de-coronavirus-en-entre-rios-y-ya-son-mas-de-31-000\\\/\"},\"wordCount\":294,\"commentCount\":0,\"publisher\":{\"@id\":\"https:\\\/\\\/informelitoral.com.ar\\\/#organization\"},\"image\":{\"@id\":\"https:\\\/\\\/informelitoral.com.ar\\\/se-registraron-578-nuevos-casos-de-coronavirus-en-entre-rios-y-ya-son-mas-de-31-000\\\/#primaryimage\"},\"thumbnailUrl\":\"https:\\\/\\\/informelitoral.com.ar\\\/%77%70%2d%63%6f%6e%74%65%6e%74\\\/uploads\\\/2020\\\/03\\\/lavarse-las-manos.jpg\",\"keywords\":[\"Coronavirus\",\"Covid\",\"COVID-19\"],\"articleSection\":[\"Entre R\u00edos\"],\"inLanguage\":\"es\",\"potentialAction\":[{\"@type\":\"CommentAction\",\"name\":\"Comment\",\"target\":[\"https:\\\/\\\/informelitoral.com.ar\\\/se-registraron-578-nuevos-casos-de-coronavirus-en-entre-rios-y-ya-son-mas-de-31-000\\\/#respond\"]}]},{\"@type\":\"WebPage\",\"@id\":\"https:\\\/\\\/informelitoral.com.ar\\\/se-registraron-578-nuevos-casos-de-coronavirus-en-entre-rios-y-ya-son-mas-de-31-000\\\/\",\"url\":\"https:\\\/\\\/informelitoral.com.ar\\\/se-registraron-578-nuevos-casos-de-coronavirus-en-entre-rios-y-ya-son-mas-de-31-000\\\/\",\"name\":\"Se registraron 578 nuevos casos de coronavirus en Entre R\u00edos y ya son m\u00e1s de 31.000 - Informe Litoral\",\"isPartOf\":{\"@id\":\"https:\\\/\\\/informelitoral.com.ar\\\/#website\"},\"primaryImageOfPage\":{\"@id\":\"https:\\\/\\\/informelitoral.com.ar\\\/se-registraron-578-nuevos-casos-de-coronavirus-en-entre-rios-y-ya-son-mas-de-31-000\\\/#primaryimage\"},\"image\":{\"@id\":\"https:\\\/\\\/informelitoral.com.ar\\\/se-registraron-578-nuevos-casos-de-coronavirus-en-entre-rios-y-ya-son-mas-de-31-000\\\/#primaryimage\"},\"thumbnailUrl\":\"https:\\\/\\\/informelitoral.com.ar\\\/%77%70%2d%63%6f%6e%74%65%6e%74\\\/uploads\\\/2020\\\/03\\\/lavarse-las-manos.jpg\",\"datePublished\":\"2021-01-03T15:45:35+00:00\",\"breadcrumb\":{\"@id\":\"https:\\\/\\\/informelitoral.com.ar\\\/se-registraron-578-nuevos-casos-de-coronavirus-en-entre-rios-y-ya-son-mas-de-31-000\\\/#breadcrumb\"},\"inLanguage\":\"es\",\"potentialAction\":[{\"@type\":\"ReadAction\",\"target\":[\"https:\\\/\\\/informelitoral.com.ar\\\/se-registraron-578-nuevos-casos-de-coronavirus-en-entre-rios-y-ya-son-mas-de-31-000\\\/\"]}]},{\"@type\":\"ImageObject\",\"inLanguage\":\"es\",\"@id\":\"https:\\\/\\\/informelitoral.com.ar\\\/se-registraron-578-nuevos-casos-de-coronavirus-en-entre-rios-y-ya-son-mas-de-31-000\\\/#primaryimage\",\"url\":\"https:\\\/\\\/informelitoral.com.ar\\\/%77%70%2d%63%6f%6e%74%65%6e%74\\\/uploads\\\/2020\\\/03\\\/lavarse-las-manos.jpg\",\"contentUrl\":\"https:\\\/\\\/informelitoral.com.ar\\\/%77%70%2d%63%6f%6e%74%65%6e%74\\\/uploads\\\/2020\\\/03\\\/lavarse-las-manos.jpg\",\"width\":1706,\"height\":960,\"caption\":\"Lavarse las manos es fundamental para evitar contagiarse.\"},{\"@type\":\"BreadcrumbList\",\"@id\":\"https:\\\/\\\/informelitoral.com.ar\\\/se-registraron-578-nuevos-casos-de-coronavirus-en-entre-rios-y-ya-son-mas-de-31-000\\\/#breadcrumb\",\"itemListElement\":[{\"@type\":\"ListItem\",\"position\":1,\"name\":\"Portada\",\"item\":\"https:\\\/\\\/informelitoral.com.ar\\\/\"},{\"@type\":\"ListItem\",\"position\":2,\"name\":\"Se registraron 578 nuevos casos de coronavirus en Entre R\u00edos y ya son m\u00e1s de 31.000\"}]},{\"@type\":\"WebSite\",\"@id\":\"https:\\\/\\\/informelitoral.com.ar\\\/#website\",\"url\":\"https:\\\/\\\/informelitoral.com.ar\\\/\",\"name\":\"Informe Litoral\",\"description\":\"&quot;Nos informamos&quot; \",\"publisher\":{\"@id\":\"https:\\\/\\\/informelitoral.com.ar\\\/#organization\"},\"potentialAction\":[{\"@type\":\"SearchAction\",\"target\":{\"@type\":\"EntryPoint\",\"urlTemplate\":\"https:\\\/\\\/informelitoral.com.ar\\\/?s={search_term_string}\"},\"query-input\":{\"@type\":\"PropertyValueSpecification\",\"valueRequired\":true,\"valueName\":\"search_term_string\"}}],\"inLanguage\":\"es\"},{\"@type\":\"Organization\",\"@id\":\"https:\\\/\\\/informelitoral.com.ar\\\/#organization\",\"name\":\"Informe Litoral\",\"url\":\"https:\\\/\\\/informelitoral.com.ar\\\/\",\"logo\":{\"@type\":\"ImageObject\",\"inLanguage\":\"es\",\"@id\":\"https:\\\/\\\/informelitoral.com.ar\\\/#\\\/schema\\\/logo\\\/image\\\/\",\"url\":\"https:\\\/\\\/informelitoral.com.ar\\\/%77%70%2d%63%6f%6e%74%65%6e%74\\\/uploads\\\/2021\\\/01\\\/circulo.png\",\"contentUrl\":\"https:\\\/\\\/informelitoral.com.ar\\\/%77%70%2d%63%6f%6e%74%65%6e%74\\\/uploads\\\/2021\\\/01\\\/circulo.png\",\"width\":723,\"height\":731,\"caption\":\"Informe Litoral\"},\"image\":{\"@id\":\"https:\\\/\\\/informelitoral.com.ar\\\/#\\\/schema\\\/logo\\\/image\\\/\"},\"sameAs\":[\"https:\\\/\\\/www.facebook.com\\\/informelitoral\\\/\",\"https:\\\/\\\/x.com\\\/InformeLitoral\",\"https:\\\/\\\/www.instagram.com\\\/informelitoral\\\/\",\"https:\\\/\\\/www.youtube.com\\\/channel\\\/UCua4Qvz8Icb6MYqhoq9xLXw\"]},{\"@type\":\"Person\",\"@id\":\"https:\\\/\\\/informelitoral.com.ar\\\/#\\\/schema\\\/person\\\/b9d00407c836482871ef1d57bf8e3180\",\"name\":\"Gonzalo Schmidt\",\"image\":{\"@type\":\"ImageObject\",\"inLanguage\":\"es\",\"@id\":\"https:\\\/\\\/secure.gravatar.com\\\/avatar\\\/31a1a7b66ff2de83bd0e9fd79d026630d2d99e55e8bfe501287647b4fd9743de?s=96&d=mm&r=g\",\"url\":\"https:\\\/\\\/secure.gravatar.com\\\/avatar\\\/31a1a7b66ff2de83bd0e9fd79d026630d2d99e55e8bfe501287647b4fd9743de?s=96&d=mm&r=g\",\"contentUrl\":\"https:\\\/\\\/secure.gravatar.com\\\/avatar\\\/31a1a7b66ff2de83bd0e9fd79d026630d2d99e55e8bfe501287647b4fd9743de?s=96&d=mm&r=g\",\"caption\":\"Gonzalo Schmidt\"},\"description\":\"Sitio web de noticias de la provincia de Entre R\u00edos, Argentina. Informaci\u00f3n y entretenimiento. Informe Litoral, nos informamos.\",\"sameAs\":[\"http:\\\/\\\/www.isletasnoticias.com.ar\"],\"url\":\"https:\\\/\\\/informelitoral.com.ar\\\/author\\\/gonzalo\\\/\"}]}<\/script>","yoast_head_json":{"title":"Se registraron 578 nuevos casos de coronavirus en Entre R\u00edos y ya son m\u00e1s de 31.000 - Informe Litoral","robots":{"index":"index","follow":"follow","max-snippet":"max-snippet:-1","max-image-preview":"max-image-preview:large","max-video-preview":"max-video-preview:-1"},"canonical":"https:\/\/informelitoral.com.ar\/se-registraron-578-nuevos-casos-de-coronavirus-en-entre-rios-y-ya-son-mas-de-31-000\/","og_locale":"es_ES","og_type":"article","og_title":"Se registraron 578 nuevos casos de coronavirus en Entre R\u00edos y ya son m\u00e1s de 31.000 - Informe Litoral","og_description":"El \u00e1rea de Vigilancia Epidemiol\u00f3gica del Ministerio de Salud, confirm\u00f3 que en Entre R\u00edos este s\u00e1bado se registraron 578 nuevos casos de coronavirus.","og_url":"https:\/\/informelitoral.com.ar\/se-registraron-578-nuevos-casos-de-coronavirus-en-entre-rios-y-ya-son-mas-de-31-000\/","og_site_name":"Informe Litoral","article_publisher":"https:\/\/www.facebook.com\/informelitoral\/","article_published_time":"2021-01-03T15:45:35+00:00","og_image":[{"width":1706,"height":960,"url":"https:\/\/informelitoral.com.ar\/%77%70%2d%63%6f%6e%74%65%6e%74\/uploads\/2020\/03\/lavarse-las-manos.jpg","type":"image\/jpeg"}],"author":"Gonzalo Schmidt","twitter_card":"summary_large_image","twitter_creator":"@InformeLitoral","twitter_site":"@InformeLitoral","twitter_misc":{"Escrito por":"Gonzalo Schmidt","Tiempo de lectura":"1 minuto"},"schema":{"@context":"https:\/\/schema.org","@graph":[{"@type":"Article","@id":"https:\/\/informelitoral.com.ar\/se-registraron-578-nuevos-casos-de-coronavirus-en-entre-rios-y-ya-son-mas-de-31-000\/#article","isPartOf":{"@id":"https:\/\/informelitoral.com.ar\/se-registraron-578-nuevos-casos-de-coronavirus-en-entre-rios-y-ya-son-mas-de-31-000\/"},"author":{"name":"Gonzalo Schmidt","@id":"https:\/\/informelitoral.com.ar\/#\/schema\/person\/b9d00407c836482871ef1d57bf8e3180"},"headline":"Se registraron 578 nuevos casos de coronavirus en Entre R\u00edos y ya son m\u00e1s de 31.000","datePublished":"2021-01-03T15:45:35+00:00","mainEntityOfPage":{"@id":"https:\/\/informelitoral.com.ar\/se-registraron-578-nuevos-casos-de-coronavirus-en-entre-rios-y-ya-son-mas-de-31-000\/"},"wordCount":294,"commentCount":0,"publisher":{"@id":"https:\/\/informelitoral.com.ar\/#organization"},"image":{"@id":"https:\/\/informelitoral.com.ar\/se-registraron-578-nuevos-casos-de-coronavirus-en-entre-rios-y-ya-son-mas-de-31-000\/#primaryimage"},"thumbnailUrl":"https:\/\/informelitoral.com.ar\/%77%70%2d%63%6f%6e%74%65%6e%74\/uploads\/2020\/03\/lavarse-las-manos.jpg","keywords":["Coronavirus","Covid","COVID-19"],"articleSection":["Entre R\u00edos"],"inLanguage":"es","potentialAction":[{"@type":"CommentAction","name":"Comment","target":["https:\/\/informelitoral.com.ar\/se-registraron-578-nuevos-casos-de-coronavirus-en-entre-rios-y-ya-son-mas-de-31-000\/#respond"]}]},{"@type":"WebPage","@id":"https:\/\/informelitoral.com.ar\/se-registraron-578-nuevos-casos-de-coronavirus-en-entre-rios-y-ya-son-mas-de-31-000\/","url":"https:\/\/informelitoral.com.ar\/se-registraron-578-nuevos-casos-de-coronavirus-en-entre-rios-y-ya-son-mas-de-31-000\/","name":"Se registraron 578 nuevos casos de coronavirus en Entre R\u00edos y ya son m\u00e1s de 31.000 - Informe Litoral","isPartOf":{"@id":"https:\/\/informelitoral.com.ar\/#website"},"primaryImageOfPage":{"@id":"https:\/\/informelitoral.com.ar\/se-registraron-578-nuevos-casos-de-coronavirus-en-entre-rios-y-ya-son-mas-de-31-000\/#primaryimage"},"image":{"@id":"https:\/\/informelitoral.com.ar\/se-registraron-578-nuevos-casos-de-coronavirus-en-entre-rios-y-ya-son-mas-de-31-000\/#primaryimage"},"thumbnailUrl":"https:\/\/informelitoral.com.ar\/%77%70%2d%63%6f%6e%74%65%6e%74\/uploads\/2020\/03\/lavarse-las-manos.jpg","datePublished":"2021-01-03T15:45:35+00:00","breadcrumb":{"@id":"https:\/\/informelitoral.com.ar\/se-registraron-578-nuevos-casos-de-coronavirus-en-entre-rios-y-ya-son-mas-de-31-000\/#breadcrumb"},"inLanguage":"es","potentialAction":[{"@type":"ReadAction","target":["https:\/\/informelitoral.com.ar\/se-registraron-578-nuevos-casos-de-coronavirus-en-entre-rios-y-ya-son-mas-de-31-000\/"]}]},{"@type":"ImageObject","inLanguage":"es","@id":"https:\/\/informelitoral.com.ar\/se-registraron-578-nuevos-casos-de-coronavirus-en-entre-rios-y-ya-son-mas-de-31-000\/#primaryimage","url":"https:\/\/informelitoral.com.ar\/%77%70%2d%63%6f%6e%74%65%6e%74\/uploads\/2020\/03\/lavarse-las-manos.jpg","contentUrl":"https:\/\/informelitoral.com.ar\/%77%70%2d%63%6f%6e%74%65%6e%74\/uploads\/2020\/03\/lavarse-las-manos.jpg","width":1706,"height":960,"caption":"Lavarse las manos es fundamental para evitar contagiarse."},{"@type":"BreadcrumbList","@id":"https:\/\/informelitoral.com.ar\/se-registraron-578-nuevos-casos-de-coronavirus-en-entre-rios-y-ya-son-mas-de-31-000\/#breadcrumb","itemListElement":[{"@type":"ListItem","position":1,"name":"Portada","item":"https:\/\/informelitoral.com.ar\/"},{"@type":"ListItem","position":2,"name":"Se registraron 578 nuevos casos de coronavirus en Entre R\u00edos y ya son m\u00e1s de 31.000"}]},{"@type":"WebSite","@id":"https:\/\/informelitoral.com.ar\/#website","url":"https:\/\/informelitoral.com.ar\/","name":"Informe Litoral","description":"&quot;Nos informamos&quot; ","publisher":{"@id":"https:\/\/informelitoral.com.ar\/#organization"},"potentialAction":[{"@type":"SearchAction","target":{"@type":"EntryPoint","urlTemplate":"https:\/\/informelitoral.com.ar\/?s={search_term_string}"},"query-input":{"@type":"PropertyValueSpecification","valueRequired":true,"valueName":"search_term_string"}}],"inLanguage":"es"},{"@type":"Organization","@id":"https:\/\/informelitoral.com.ar\/#organization","name":"Informe Litoral","url":"https:\/\/informelitoral.com.ar\/","logo":{"@type":"ImageObject","inLanguage":"es","@id":"https:\/\/informelitoral.com.ar\/#\/schema\/logo\/image\/","url":"https:\/\/informelitoral.com.ar\/%77%70%2d%63%6f%6e%74%65%6e%74\/uploads\/2021\/01\/circulo.png","contentUrl":"https:\/\/informelitoral.com.ar\/%77%70%2d%63%6f%6e%74%65%6e%74\/uploads\/2021\/01\/circulo.png","width":723,"height":731,"caption":"Informe Litoral"},"image":{"@id":"https:\/\/informelitoral.com.ar\/#\/schema\/logo\/image\/"},"sameAs":["https:\/\/www.facebook.com\/informelitoral\/","https:\/\/x.com\/InformeLitoral","https:\/\/www.instagram.com\/informelitoral\/","https:\/\/www.youtube.com\/channel\/UCua4Qvz8Icb6MYqhoq9xLXw"]},{"@type":"Person","@id":"https:\/\/informelitoral.com.ar\/#\/schema\/person\/b9d00407c836482871ef1d57bf8e3180","name":"Gonzalo Schmidt","image":{"@type":"ImageObject","inLanguage":"es","@id":"https:\/\/secure.gravatar.com\/avatar\/31a1a7b66ff2de83bd0e9fd79d026630d2d99e55e8bfe501287647b4fd9743de?s=96&d=mm&r=g","url":"https:\/\/secure.gravatar.com\/avatar\/31a1a7b66ff2de83bd0e9fd79d026630d2d99e55e8bfe501287647b4fd9743de?s=96&d=mm&r=g","contentUrl":"https:\/\/secure.gravatar.com\/avatar\/31a1a7b66ff2de83bd0e9fd79d026630d2d99e55e8bfe501287647b4fd9743de?s=96&d=mm&r=g","caption":"Gonzalo Schmidt"},"description":"Sitio web de noticias de la provincia de Entre R\u00edos, Argentina. Informaci\u00f3n y entretenimiento. Informe Litoral, nos informamos.","sameAs":["http:\/\/www.isletasnoticias.com.ar"],"url":"https:\/\/informelitoral.com.ar\/author\/gonzalo\/"}]}},"_links":{"self":[{"href":"https:\/\/informelitoral.com.ar\/%77%70%2d%6a%73%6f%6e\/wp\/v2\/posts\/55346","targetHints":{"allow":["GET"]}}],"collection":[{"href":"https:\/\/informelitoral.com.ar\/%77%70%2d%6a%73%6f%6e\/wp\/v2\/posts"}],"about":[{"href":"https:\/\/informelitoral.com.ar\/%77%70%2d%6a%73%6f%6e\/wp\/v2\/types\/post"}],"author":[{"embeddable":true,"href":"https:\/\/informelitoral.com.ar\/%77%70%2d%6a%73%6f%6e\/wp\/v2\/users\/2"}],"replies":[{"embeddable":true,"href":"https:\/\/informelitoral.com.ar\/%77%70%2d%6a%73%6f%6e\/wp\/v2\/comments?post=55346"}],"version-history":[{"count":0,"href":"https:\/\/informelitoral.com.ar\/%77%70%2d%6a%73%6f%6e\/wp\/v2\/posts\/55346\/revisions"}],"wp:featuredmedia":[{"embeddable":true,"href":"https:\/\/informelitoral.com.ar\/%77%70%2d%6a%73%6f%6e\/wp\/v2\/media\/40877"}],"wp:attachment":[{"href":"https:\/\/informelitoral.com.ar\/%77%70%2d%6a%73%6f%6e\/wp\/v2\/media?parent=55346"}],"wp:term":[{"taxonomy":"category","embeddable":true,"href":"https:\/\/informelitoral.com.ar\/%77%70%2d%6a%73%6f%6e\/wp\/v2\/categories?post=55346"},{"taxonomy":"post_tag","embeddable":true,"href":"https:\/\/informelitoral.com.ar\/%77%70%2d%6a%73%6f%6e\/wp\/v2\/tags?post=55346"}],"curies":[{"name":"wp","href":"https:\/\/api.w.org\/{rel}","templated":true}]}}