{"id":5525,"date":"2014-02-10T09:29:06","date_gmt":"2014-02-10T12:29:06","guid":{"rendered":"http:\/\/www.isletasnoticias.com.ar\/?p=5525"},"modified":"2014-02-10T09:35:39","modified_gmt":"2014-02-10T12:35:39","slug":"meccia-presento-propuesta-para-reabrir-el-puerto-de-general-alvear","status":"publish","type":"post","link":"https:\/\/informelitoral.com.ar\/meccia-presento-propuesta-para-reabrir-el-puerto-de-general-alvear\/","title":{"rendered":"Meccia present\u00f3 propuesta para reabrir el puerto de General Alvear"},"content":{"rendered":"<p><b>Una propuesta para reabrir una terminal portuaria en la localidad de Puerto Alvear, en el departamento Diamante, fue recibida por el ministro de Planeamiento, Infraestructura y Servicios, <em>Juan Javier Garc\u00eda<\/em>, por parte de la presidente de la Junta de Gobierno, <em>Marina Meccia.\u00a0<\/em>Se realizar\u00e1 un recorrido y an\u00e1lisis de la propuesta.<\/b><\/p>\n<p><img loading=\"lazy\" decoding=\"async\" class=\"aligncenter size-medium wp-image-5526\" alt=\"Alvear\" src=\"http:\/\/www.isletasnoticias.com.ar\/%77%70%2d%63%6f%6e%74%65%6e%74\/uploads\/2014\/02\/Alvear-300x225.jpg\" width=\"300\" height=\"225\" srcset=\"https:\/\/informelitoral.com.ar\/%77%70%2d%63%6f%6e%74%65%6e%74\/uploads\/2014\/02\/Alvear-300x225.jpg 300w, https:\/\/informelitoral.com.ar\/%77%70%2d%63%6f%6e%74%65%6e%74\/uploads\/2014\/02\/Alvear.jpg 640w\" sizes=\"auto, (max-width: 300px) 100vw, 300px\" \/><\/p>\n<p><strong>Marina Meccia<\/strong> explic\u00f3 que hay una propuesta para estudiar las posibilidades de reapertura del puerto en Alvear. Destac\u00f3 que a la altura de la localidad, el r\u00edo tiene calado natural y que acordaron con el ministro en realizar una recorrida por la zona \u201cy ver sobre todo el troncal, que ser\u00eda el problema. La infraestructura no es el principal problema. As\u00ed quedar\u00eda abierta la posibilidad de que en el futuro se pueda reabrir el puerto desde ah\u00ed y ser una v\u00eda comercial\u201d.<\/p>\n<p>La presidente de la Junta sintetiz\u00f3 los antecedentes de la actividad portuaria en la localidad. \u201cAlrededor de 1900 eso estaba funcionando. Pero ya con el trazado de la ruta 11, las obras de infraestructura y reapertura del Puerto de Diamante, el puerto de Alvear se cerr\u00f3\u201d. Asimismo, record\u00f3 que hab\u00eda \u201cfirmas importantes que exportaban\u201d desde la localidad. \u201cLlegaban buques de gran porte, porque el calado, la profundidad, da para eso\u201d, mencion\u00f3.<\/p>\n","protected":false},"excerpt":{"rendered":"<p>Una propuesta para reabrir una terminal portuaria en la localidad de Puerto Alvear, en el departamento Diamante, fue recibida por el ministro de Planeamiento, Infraestructura y Servicios, Juan Javier Garc&iacute;a, por parte de la presidente de la Junta de Gobierno, Marina Meccia.&nbsp;Se realizar&aacute; un recorrido y an&aacute;lisis de la propuesta. Marina Meccia explic&oacute; que hay [&hellip;]<\/p>\n","protected":false},"author":2,"featured_media":0,"comment_status":"open","ping_status":"open","sticky":false,"template":"","format":"standard","meta":{"fifu_image_url":"","fifu_image_alt":"","footnotes":""},"categories":[5,16],"tags":[],"class_list":{"0":"post-5525","1":"post","2":"type-post","3":"status-publish","4":"format-standard","6":"category-zonales","7":"category-politi"},"yoast_head":"<title>Meccia present\u00f3 propuesta para reabrir el puerto de General Alvear - Informe Litoral<\/title>\n<meta name=\"robots\" content=\"index, follow, max-snippet:-1, max-image-preview:large, max-video-preview:-1\" \/>\n<link rel=\"canonical\" href=\"https:\/\/informelitoral.com.ar\/meccia-presento-propuesta-para-reabrir-el-puerto-de-general-alvear\/\" \/>\n<meta property=\"og:locale\" content=\"es_ES\" \/>\n<meta property=\"og:type\" content=\"article\" \/>\n<meta property=\"og:title\" content=\"Meccia present\u00f3 propuesta para reabrir el puerto de General Alvear - Informe Litoral\" \/>\n<meta property=\"og:description\" content=\"Una propuesta para reabrir una terminal portuaria en la localidad de Puerto Alvear, en el departamento Diamante, fue recibida por el ministro de Planeamiento, Infraestructura y Servicios, Juan Javier Garc&iacute;a, por parte de la presidente de la Junta de Gobierno, Marina Meccia.&nbsp;Se realizar&aacute; un recorrido y an&aacute;lisis de la propuesta. Marina Meccia explic&oacute; que hay [&hellip;]\" \/>\n<meta property=\"og:url\" content=\"https:\/\/informelitoral.com.ar\/meccia-presento-propuesta-para-reabrir-el-puerto-de-general-alvear\/\" \/>\n<meta property=\"og:site_name\" content=\"Informe Litoral\" \/>\n<meta property=\"article:publisher\" content=\"https:\/\/www.facebook.com\/informelitoral\/\" \/>\n<meta property=\"article:published_time\" content=\"2014-02-10T12:29:06+00:00\" \/>\n<meta property=\"article:modified_time\" content=\"2014-02-10T12:35:39+00:00\" \/>\n<meta property=\"og:image\" content=\"https:\/\/informelitoral.com.ar\/%77%70%2d%63%6f%6e%74%65%6e%74\/uploads\/2014\/02\/Alvear.jpg\" \/>\n\t<meta property=\"og:image:width\" content=\"640\" \/>\n\t<meta property=\"og:image:height\" content=\"480\" \/>\n\t<meta property=\"og:image:type\" content=\"image\/jpeg\" \/>\n<meta name=\"author\" content=\"Gonzalo Schmidt\" \/>\n<meta name=\"twitter:card\" content=\"summary_large_image\" \/>\n<meta name=\"twitter:creator\" content=\"@InformeLitoral\" \/>\n<meta name=\"twitter:site\" content=\"@InformeLitoral\" \/>\n<meta name=\"twitter:label1\" content=\"Escrito por\" \/>\n\t<meta name=\"twitter:data1\" content=\"Gonzalo Schmidt\" \/>\n\t<meta name=\"twitter:label2\" content=\"Tiempo de lectura\" \/>\n\t<meta name=\"twitter:data2\" content=\"1 minuto\" \/>\n<script type=\"application\/ld+json\" class=\"yoast-schema-graph\">{\"@context\":\"https:\\\/\\\/schema.org\",\"@graph\":[{\"@type\":\"Article\",\"@id\":\"https:\\\/\\\/informelitoral.com.ar\\\/meccia-presento-propuesta-para-reabrir-el-puerto-de-general-alvear\\\/#article\",\"isPartOf\":{\"@id\":\"https:\\\/\\\/informelitoral.com.ar\\\/meccia-presento-propuesta-para-reabrir-el-puerto-de-general-alvear\\\/\"},\"author\":{\"name\":\"Gonzalo Schmidt\",\"@id\":\"https:\\\/\\\/informelitoral.com.ar\\\/#\\\/schema\\\/person\\\/b9d00407c836482871ef1d57bf8e3180\"},\"headline\":\"Meccia present\u00f3 propuesta para reabrir el puerto de General Alvear\",\"datePublished\":\"2014-02-10T12:29:06+00:00\",\"dateModified\":\"2014-02-10T12:35:39+00:00\",\"mainEntityOfPage\":{\"@id\":\"https:\\\/\\\/informelitoral.com.ar\\\/meccia-presento-propuesta-para-reabrir-el-puerto-de-general-alvear\\\/\"},\"wordCount\":219,\"commentCount\":0,\"publisher\":{\"@id\":\"https:\\\/\\\/informelitoral.com.ar\\\/#organization\"},\"image\":{\"@id\":\"https:\\\/\\\/informelitoral.com.ar\\\/meccia-presento-propuesta-para-reabrir-el-puerto-de-general-alvear\\\/#primaryimage\"},\"thumbnailUrl\":\"http:\\\/\\\/www.isletasnoticias.com.ar\\\/%77%70%2d%63%6f%6e%74%65%6e%74\\\/uploads\\\/2014\\\/02\\\/Alvear-300x225.jpg\",\"articleSection\":[\"Departamento Diamante\",\"Politica\"],\"inLanguage\":\"es\",\"potentialAction\":[{\"@type\":\"CommentAction\",\"name\":\"Comment\",\"target\":[\"https:\\\/\\\/informelitoral.com.ar\\\/meccia-presento-propuesta-para-reabrir-el-puerto-de-general-alvear\\\/#respond\"]}]},{\"@type\":\"WebPage\",\"@id\":\"https:\\\/\\\/informelitoral.com.ar\\\/meccia-presento-propuesta-para-reabrir-el-puerto-de-general-alvear\\\/\",\"url\":\"https:\\\/\\\/informelitoral.com.ar\\\/meccia-presento-propuesta-para-reabrir-el-puerto-de-general-alvear\\\/\",\"name\":\"Meccia present\u00f3 propuesta para reabrir el puerto de General Alvear - Informe Litoral\",\"isPartOf\":{\"@id\":\"https:\\\/\\\/informelitoral.com.ar\\\/#website\"},\"primaryImageOfPage\":{\"@id\":\"https:\\\/\\\/informelitoral.com.ar\\\/meccia-presento-propuesta-para-reabrir-el-puerto-de-general-alvear\\\/#primaryimage\"},\"image\":{\"@id\":\"https:\\\/\\\/informelitoral.com.ar\\\/meccia-presento-propuesta-para-reabrir-el-puerto-de-general-alvear\\\/#primaryimage\"},\"thumbnailUrl\":\"http:\\\/\\\/www.isletasnoticias.com.ar\\\/%77%70%2d%63%6f%6e%74%65%6e%74\\\/uploads\\\/2014\\\/02\\\/Alvear-300x225.jpg\",\"datePublished\":\"2014-02-10T12:29:06+00:00\",\"dateModified\":\"2014-02-10T12:35:39+00:00\",\"breadcrumb\":{\"@id\":\"https:\\\/\\\/informelitoral.com.ar\\\/meccia-presento-propuesta-para-reabrir-el-puerto-de-general-alvear\\\/#breadcrumb\"},\"inLanguage\":\"es\",\"potentialAction\":[{\"@type\":\"ReadAction\",\"target\":[\"https:\\\/\\\/informelitoral.com.ar\\\/meccia-presento-propuesta-para-reabrir-el-puerto-de-general-alvear\\\/\"]}]},{\"@type\":\"ImageObject\",\"inLanguage\":\"es\",\"@id\":\"https:\\\/\\\/informelitoral.com.ar\\\/meccia-presento-propuesta-para-reabrir-el-puerto-de-general-alvear\\\/#primaryimage\",\"url\":\"http:\\\/\\\/www.isletasnoticias.com.ar\\\/%77%70%2d%63%6f%6e%74%65%6e%74\\\/uploads\\\/2014\\\/02\\\/Alvear-300x225.jpg\",\"contentUrl\":\"http:\\\/\\\/www.isletasnoticias.com.ar\\\/%77%70%2d%63%6f%6e%74%65%6e%74\\\/uploads\\\/2014\\\/02\\\/Alvear-300x225.jpg\"},{\"@type\":\"BreadcrumbList\",\"@id\":\"https:\\\/\\\/informelitoral.com.ar\\\/meccia-presento-propuesta-para-reabrir-el-puerto-de-general-alvear\\\/#breadcrumb\",\"itemListElement\":[{\"@type\":\"ListItem\",\"position\":1,\"name\":\"Portada\",\"item\":\"https:\\\/\\\/informelitoral.com.ar\\\/\"},{\"@type\":\"ListItem\",\"position\":2,\"name\":\"Meccia present\u00f3 propuesta para reabrir el puerto de General Alvear\"}]},{\"@type\":\"WebSite\",\"@id\":\"https:\\\/\\\/informelitoral.com.ar\\\/#website\",\"url\":\"https:\\\/\\\/informelitoral.com.ar\\\/\",\"name\":\"Informe Litoral\",\"description\":\"&quot;Nos informamos&quot; \",\"publisher\":{\"@id\":\"https:\\\/\\\/informelitoral.com.ar\\\/#organization\"},\"potentialAction\":[{\"@type\":\"SearchAction\",\"target\":{\"@type\":\"EntryPoint\",\"urlTemplate\":\"https:\\\/\\\/informelitoral.com.ar\\\/?s={search_term_string}\"},\"query-input\":{\"@type\":\"PropertyValueSpecification\",\"valueRequired\":true,\"valueName\":\"search_term_string\"}}],\"inLanguage\":\"es\"},{\"@type\":\"Organization\",\"@id\":\"https:\\\/\\\/informelitoral.com.ar\\\/#organization\",\"name\":\"Informe Litoral\",\"url\":\"https:\\\/\\\/informelitoral.com.ar\\\/\",\"logo\":{\"@type\":\"ImageObject\",\"inLanguage\":\"es\",\"@id\":\"https:\\\/\\\/informelitoral.com.ar\\\/#\\\/schema\\\/logo\\\/image\\\/\",\"url\":\"https:\\\/\\\/informelitoral.com.ar\\\/%77%70%2d%63%6f%6e%74%65%6e%74\\\/uploads\\\/2021\\\/01\\\/circulo.png\",\"contentUrl\":\"https:\\\/\\\/informelitoral.com.ar\\\/%77%70%2d%63%6f%6e%74%65%6e%74\\\/uploads\\\/2021\\\/01\\\/circulo.png\",\"width\":723,\"height\":731,\"caption\":\"Informe Litoral\"},\"image\":{\"@id\":\"https:\\\/\\\/informelitoral.com.ar\\\/#\\\/schema\\\/logo\\\/image\\\/\"},\"sameAs\":[\"https:\\\/\\\/www.facebook.com\\\/informelitoral\\\/\",\"https:\\\/\\\/x.com\\\/InformeLitoral\",\"https:\\\/\\\/www.instagram.com\\\/informelitoral\\\/\",\"https:\\\/\\\/www.youtube.com\\\/channel\\\/UCua4Qvz8Icb6MYqhoq9xLXw\"]},{\"@type\":\"Person\",\"@id\":\"https:\\\/\\\/informelitoral.com.ar\\\/#\\\/schema\\\/person\\\/b9d00407c836482871ef1d57bf8e3180\",\"name\":\"Gonzalo Schmidt\",\"image\":{\"@type\":\"ImageObject\",\"inLanguage\":\"es\",\"@id\":\"https:\\\/\\\/secure.gravatar.com\\\/avatar\\\/31a1a7b66ff2de83bd0e9fd79d026630d2d99e55e8bfe501287647b4fd9743de?s=96&d=mm&r=g\",\"url\":\"https:\\\/\\\/secure.gravatar.com\\\/avatar\\\/31a1a7b66ff2de83bd0e9fd79d026630d2d99e55e8bfe501287647b4fd9743de?s=96&d=mm&r=g\",\"contentUrl\":\"https:\\\/\\\/secure.gravatar.com\\\/avatar\\\/31a1a7b66ff2de83bd0e9fd79d026630d2d99e55e8bfe501287647b4fd9743de?s=96&d=mm&r=g\",\"caption\":\"Gonzalo Schmidt\"},\"description\":\"Sitio web de noticias de la provincia de Entre R\u00edos, Argentina. Informaci\u00f3n y entretenimiento. Informe Litoral, nos informamos.\",\"sameAs\":[\"http:\\\/\\\/www.isletasnoticias.com.ar\"],\"url\":\"https:\\\/\\\/informelitoral.com.ar\\\/author\\\/gonzalo\\\/\"}]}<\/script>","yoast_head_json":{"title":"Meccia present\u00f3 propuesta para reabrir el puerto de General Alvear - Informe Litoral","robots":{"index":"index","follow":"follow","max-snippet":"max-snippet:-1","max-image-preview":"max-image-preview:large","max-video-preview":"max-video-preview:-1"},"canonical":"https:\/\/informelitoral.com.ar\/meccia-presento-propuesta-para-reabrir-el-puerto-de-general-alvear\/","og_locale":"es_ES","og_type":"article","og_title":"Meccia present\u00f3 propuesta para reabrir el puerto de General Alvear - Informe Litoral","og_description":"Una propuesta para reabrir una terminal portuaria en la localidad de Puerto Alvear, en el departamento Diamante, fue recibida por el ministro de Planeamiento, Infraestructura y Servicios, Juan Javier Garc&iacute;a, por parte de la presidente de la Junta de Gobierno, Marina Meccia.&nbsp;Se realizar&aacute; un recorrido y an&aacute;lisis de la propuesta. Marina Meccia explic&oacute; que hay [&hellip;]","og_url":"https:\/\/informelitoral.com.ar\/meccia-presento-propuesta-para-reabrir-el-puerto-de-general-alvear\/","og_site_name":"Informe Litoral","article_publisher":"https:\/\/www.facebook.com\/informelitoral\/","article_published_time":"2014-02-10T12:29:06+00:00","article_modified_time":"2014-02-10T12:35:39+00:00","og_image":[{"width":640,"height":480,"url":"https:\/\/informelitoral.com.ar\/%77%70%2d%63%6f%6e%74%65%6e%74\/uploads\/2014\/02\/Alvear.jpg","type":"image\/jpeg"}],"author":"Gonzalo Schmidt","twitter_card":"summary_large_image","twitter_creator":"@InformeLitoral","twitter_site":"@InformeLitoral","twitter_misc":{"Escrito por":"Gonzalo Schmidt","Tiempo de lectura":"1 minuto"},"schema":{"@context":"https:\/\/schema.org","@graph":[{"@type":"Article","@id":"https:\/\/informelitoral.com.ar\/meccia-presento-propuesta-para-reabrir-el-puerto-de-general-alvear\/#article","isPartOf":{"@id":"https:\/\/informelitoral.com.ar\/meccia-presento-propuesta-para-reabrir-el-puerto-de-general-alvear\/"},"author":{"name":"Gonzalo Schmidt","@id":"https:\/\/informelitoral.com.ar\/#\/schema\/person\/b9d00407c836482871ef1d57bf8e3180"},"headline":"Meccia present\u00f3 propuesta para reabrir el puerto de General Alvear","datePublished":"2014-02-10T12:29:06+00:00","dateModified":"2014-02-10T12:35:39+00:00","mainEntityOfPage":{"@id":"https:\/\/informelitoral.com.ar\/meccia-presento-propuesta-para-reabrir-el-puerto-de-general-alvear\/"},"wordCount":219,"commentCount":0,"publisher":{"@id":"https:\/\/informelitoral.com.ar\/#organization"},"image":{"@id":"https:\/\/informelitoral.com.ar\/meccia-presento-propuesta-para-reabrir-el-puerto-de-general-alvear\/#primaryimage"},"thumbnailUrl":"http:\/\/www.isletasnoticias.com.ar\/%77%70%2d%63%6f%6e%74%65%6e%74\/uploads\/2014\/02\/Alvear-300x225.jpg","articleSection":["Departamento Diamante","Politica"],"inLanguage":"es","potentialAction":[{"@type":"CommentAction","name":"Comment","target":["https:\/\/informelitoral.com.ar\/meccia-presento-propuesta-para-reabrir-el-puerto-de-general-alvear\/#respond"]}]},{"@type":"WebPage","@id":"https:\/\/informelitoral.com.ar\/meccia-presento-propuesta-para-reabrir-el-puerto-de-general-alvear\/","url":"https:\/\/informelitoral.com.ar\/meccia-presento-propuesta-para-reabrir-el-puerto-de-general-alvear\/","name":"Meccia present\u00f3 propuesta para reabrir el puerto de General Alvear - Informe Litoral","isPartOf":{"@id":"https:\/\/informelitoral.com.ar\/#website"},"primaryImageOfPage":{"@id":"https:\/\/informelitoral.com.ar\/meccia-presento-propuesta-para-reabrir-el-puerto-de-general-alvear\/#primaryimage"},"image":{"@id":"https:\/\/informelitoral.com.ar\/meccia-presento-propuesta-para-reabrir-el-puerto-de-general-alvear\/#primaryimage"},"thumbnailUrl":"http:\/\/www.isletasnoticias.com.ar\/%77%70%2d%63%6f%6e%74%65%6e%74\/uploads\/2014\/02\/Alvear-300x225.jpg","datePublished":"2014-02-10T12:29:06+00:00","dateModified":"2014-02-10T12:35:39+00:00","breadcrumb":{"@id":"https:\/\/informelitoral.com.ar\/meccia-presento-propuesta-para-reabrir-el-puerto-de-general-alvear\/#breadcrumb"},"inLanguage":"es","potentialAction":[{"@type":"ReadAction","target":["https:\/\/informelitoral.com.ar\/meccia-presento-propuesta-para-reabrir-el-puerto-de-general-alvear\/"]}]},{"@type":"ImageObject","inLanguage":"es","@id":"https:\/\/informelitoral.com.ar\/meccia-presento-propuesta-para-reabrir-el-puerto-de-general-alvear\/#primaryimage","url":"http:\/\/www.isletasnoticias.com.ar\/%77%70%2d%63%6f%6e%74%65%6e%74\/uploads\/2014\/02\/Alvear-300x225.jpg","contentUrl":"http:\/\/www.isletasnoticias.com.ar\/%77%70%2d%63%6f%6e%74%65%6e%74\/uploads\/2014\/02\/Alvear-300x225.jpg"},{"@type":"BreadcrumbList","@id":"https:\/\/informelitoral.com.ar\/meccia-presento-propuesta-para-reabrir-el-puerto-de-general-alvear\/#breadcrumb","itemListElement":[{"@type":"ListItem","position":1,"name":"Portada","item":"https:\/\/informelitoral.com.ar\/"},{"@type":"ListItem","position":2,"name":"Meccia present\u00f3 propuesta para reabrir el puerto de General Alvear"}]},{"@type":"WebSite","@id":"https:\/\/informelitoral.com.ar\/#website","url":"https:\/\/informelitoral.com.ar\/","name":"Informe Litoral","description":"&quot;Nos informamos&quot; ","publisher":{"@id":"https:\/\/informelitoral.com.ar\/#organization"},"potentialAction":[{"@type":"SearchAction","target":{"@type":"EntryPoint","urlTemplate":"https:\/\/informelitoral.com.ar\/?s={search_term_string}"},"query-input":{"@type":"PropertyValueSpecification","valueRequired":true,"valueName":"search_term_string"}}],"inLanguage":"es"},{"@type":"Organization","@id":"https:\/\/informelitoral.com.ar\/#organization","name":"Informe Litoral","url":"https:\/\/informelitoral.com.ar\/","logo":{"@type":"ImageObject","inLanguage":"es","@id":"https:\/\/informelitoral.com.ar\/#\/schema\/logo\/image\/","url":"https:\/\/informelitoral.com.ar\/%77%70%2d%63%6f%6e%74%65%6e%74\/uploads\/2021\/01\/circulo.png","contentUrl":"https:\/\/informelitoral.com.ar\/%77%70%2d%63%6f%6e%74%65%6e%74\/uploads\/2021\/01\/circulo.png","width":723,"height":731,"caption":"Informe Litoral"},"image":{"@id":"https:\/\/informelitoral.com.ar\/#\/schema\/logo\/image\/"},"sameAs":["https:\/\/www.facebook.com\/informelitoral\/","https:\/\/x.com\/InformeLitoral","https:\/\/www.instagram.com\/informelitoral\/","https:\/\/www.youtube.com\/channel\/UCua4Qvz8Icb6MYqhoq9xLXw"]},{"@type":"Person","@id":"https:\/\/informelitoral.com.ar\/#\/schema\/person\/b9d00407c836482871ef1d57bf8e3180","name":"Gonzalo Schmidt","image":{"@type":"ImageObject","inLanguage":"es","@id":"https:\/\/secure.gravatar.com\/avatar\/31a1a7b66ff2de83bd0e9fd79d026630d2d99e55e8bfe501287647b4fd9743de?s=96&d=mm&r=g","url":"https:\/\/secure.gravatar.com\/avatar\/31a1a7b66ff2de83bd0e9fd79d026630d2d99e55e8bfe501287647b4fd9743de?s=96&d=mm&r=g","contentUrl":"https:\/\/secure.gravatar.com\/avatar\/31a1a7b66ff2de83bd0e9fd79d026630d2d99e55e8bfe501287647b4fd9743de?s=96&d=mm&r=g","caption":"Gonzalo Schmidt"},"description":"Sitio web de noticias de la provincia de Entre R\u00edos, Argentina. Informaci\u00f3n y entretenimiento. Informe Litoral, nos informamos.","sameAs":["http:\/\/www.isletasnoticias.com.ar"],"url":"https:\/\/informelitoral.com.ar\/author\/gonzalo\/"}]}},"_links":{"self":[{"href":"https:\/\/informelitoral.com.ar\/%77%70%2d%6a%73%6f%6e\/wp\/v2\/posts\/5525","targetHints":{"allow":["GET"]}}],"collection":[{"href":"https:\/\/informelitoral.com.ar\/%77%70%2d%6a%73%6f%6e\/wp\/v2\/posts"}],"about":[{"href":"https:\/\/informelitoral.com.ar\/%77%70%2d%6a%73%6f%6e\/wp\/v2\/types\/post"}],"author":[{"embeddable":true,"href":"https:\/\/informelitoral.com.ar\/%77%70%2d%6a%73%6f%6e\/wp\/v2\/users\/2"}],"replies":[{"embeddable":true,"href":"https:\/\/informelitoral.com.ar\/%77%70%2d%6a%73%6f%6e\/wp\/v2\/comments?post=5525"}],"version-history":[{"count":0,"href":"https:\/\/informelitoral.com.ar\/%77%70%2d%6a%73%6f%6e\/wp\/v2\/posts\/5525\/revisions"}],"wp:attachment":[{"href":"https:\/\/informelitoral.com.ar\/%77%70%2d%6a%73%6f%6e\/wp\/v2\/media?parent=5525"}],"wp:term":[{"taxonomy":"category","embeddable":true,"href":"https:\/\/informelitoral.com.ar\/%77%70%2d%6a%73%6f%6e\/wp\/v2\/categories?post=5525"},{"taxonomy":"post_tag","embeddable":true,"href":"https:\/\/informelitoral.com.ar\/%77%70%2d%6a%73%6f%6e\/wp\/v2\/tags?post=5525"}],"curies":[{"name":"wp","href":"https:\/\/api.w.org\/{rel}","templated":true}]}}