{"id":55217,"date":"2020-12-29T20:18:20","date_gmt":"2020-12-29T23:18:20","guid":{"rendered":"https:\/\/www.isletasnoticias.com.ar\/?p=55217"},"modified":"2020-12-29T20:18:20","modified_gmt":"2020-12-29T23:18:20","slug":"vacunacion-en-entre-rios-no-hubo-reporte-de-efectos-adversos-en-los-vacunados","status":"publish","type":"post","link":"https:\/\/informelitoral.com.ar\/vacunacion-en-entre-rios-no-hubo-reporte-de-efectos-adversos-en-los-vacunados\/","title":{"rendered":"Vacunaci\u00f3n en Entre R\u00edos: no hubo reporte de efectos adversos en los vacunados"},"content":{"rendered":"<p>En una conferencia de prensa, la ministra de Salud<strong>\u00a0Sonia Vel\u00e1zquez\u00a0<\/strong>destac\u00f3 el trabajo enmarcado en el plan de vacunaci\u00f3n contra el Covid que se inici\u00f3 este martes, al tiempo que detall\u00f3 las estrategias elaboradas en la continuidad de la tarea. Inform\u00f3 que la campa\u00f1a prev\u00e9 un monitoreo permanente.<\/p>\n<p>\u00abQueremos decirles que este es el inicio de una etapa que realmente va a ser larga y que la pandemia no termin\u00f3\u00bb, aclar\u00f3 Vel\u00e1zquez quien brind\u00f3 informaci\u00f3n a la prensa en la sede de la cartera sanitaria junto al subsecretario de Redes Integradas de Salud, Marcos Bachetti; al director de Epidemiolog\u00eda, Diego Garcilazo; y al jefe del Programa Ampliado de Inmunizaciones, Claudio Niz.<\/p>\n<p>\u00abSe necesita un esfuerzo muy grande de toda la ciudadan\u00eda, sobre todo de\u00a0<strong>las personas de 15 a 50 a\u00f1os que es el grupo et\u00e1reo que en este momento en Entre R\u00edos se sigue contagiando\u00a0<\/strong>y por lo tanto necesitamos una adherencia de las conductas de autocuidado y tambi\u00e9n de esta solidaridad intergeneracional que hemos tenido a lo largo de toda esta pandemia para seguir cuidando a los que cuidan\u00bb, manifest\u00f3 la ministra.<\/p>\n<p>A dar detalles de la continuidad del trabajo, explic\u00f3 que la vacunaci\u00f3n se concretar\u00e1 mediante un operativo escalonado y progresivo. Tambi\u00e9n precis\u00f3 que\u00a0<strong>no hubo ning\u00fan reporte de efectos adversos que se haya presentado en estas primeras horas de quienes se han vacunado y apunt\u00f3 que se est\u00e1 previsto un monitoreo permanente.<\/strong><\/p>\n<p>Inform\u00f3 que la campa\u00f1a comenz\u00f3 con aplicaciones al personal de salud y que continuar\u00e1 en el transcurso de esta semana y seguramente la pr\u00f3xima con el mismo sector, tanto de efectores p\u00fablicos como privados, que son los que se han seleccionado para tal fin en la primera etapa con las dosis que llegaron a la provincia.<\/p>\n<p>\u00abAproximadamente m\u00e1s de 20.000 trabajadores se van a vacunar en esta etapa inicial, m\u00e1s all\u00e1 del proceso escalonado que venimos desarrollando en cada una de las campa\u00f1as de inmunizaciones que siempre se han hecho as\u00ed\u00bb, agreg\u00f3.<\/p>\n<p>Tambi\u00e9n aclar\u00f3 que las aplicaciones son gratuitas y voluntarias, y reiter\u00f3 la necesidad de \u201cseguir sosteniendo las medidas de autocuidado y de protecci\u00f3n colectiva\u201d. Por otro lado, indic\u00f3 que se respeta al trabajador de salud que no quisiera vacunarse en esta primera etapa y que decidieron vacunarse m\u00e1s adelante.<\/p>\n<p>Por su parte, Marcos Bachetti explic\u00f3 que la campa\u00f1a contempla un sistema de seguimiento para relevar cualquier situaci\u00f3n adversa que pueda ocurrir, y precis\u00f3 que luego de la primera dosis hay que aguardar al menos 21 d\u00edas para la segunda aplicaci\u00f3n. \u201cEl trabajo va a ser escalonado, vamos a ir paso a paso, siendo ordenados y estrictos con el proceso que debe ser lento y seguro\u201d, remarc\u00f3 Bachetti al dar cuenta de los cuidados que se deben tener con las cadenas de fr\u00edo y otros aspectos.<\/p>\n<p>Por su lado, Garcilazo tambi\u00e9n inform\u00f3 que el trabajo de vacunaci\u00f3n se realizar\u00e1, como sucede en otras campa\u00f1as, de manera escalonada y por etapas. Primero con el personal de salud, tanto de efectores p\u00fablicos como privados, despu\u00e9s con el grupo de riesgo, \u201csuministrado y garantizando la cobertura de vacuna, no solo para disminuir la mortalidad que es el primer objetivo que tenemos hoy, y m\u00e1s adelante intentando disminuir la morbolidad, es decir disminuir la cantidad de casos para ir disminuyendo la incidencia\u201d, indic\u00f3, y agreg\u00f3: \u201cEs muy importante tener en cuenta, como dijo la ministra Vel\u00e1zquez, que la pandemia va a seguir y de hecho estamos esperando un aumento de casos probablemente en los pr\u00f3ximos meses\u201d.<\/p>\n<p>En relaci\u00f3n a la continuidad de las aplicaciones, si bien aclar\u00f3 que no se tienen precisadas con exactitud las fechas, indic\u00f3 que el trabajo se har\u00e1 de manera escalonada, primera con el personal de salud, en una segunda instancia con los grupos de m\u00e1s vulnerabilidad que son los pacientes de mayor edad que est\u00e1n institucionales, en los geri\u00e1tricos fundamentalmente, para luego continuar con los grupos de 80 a\u00f1os para arriba, despu\u00e9s de m\u00e1s de 70 y luego de 60 para arriba.<\/p>\n","protected":false},"excerpt":{"rendered":"<p>En una conferencia de prensa, la ministra de Salud&nbsp;Sonia Vel&aacute;zquez&nbsp;destac&oacute; el trabajo enmarcado en el plan de vacunaci&oacute;n contra el Covid que se inici&oacute; este martes, al tiempo que detall&oacute; las estrategias elaboradas en la continuidad de la tarea. Inform&oacute; que la campa&ntilde;a prev&eacute; un monitoreo permanente. &laquo;Queremos decirles que este es el inicio de [&hellip;]<\/p>\n","protected":false},"author":8,"featured_media":41672,"comment_status":"open","ping_status":"open","sticky":false,"template":"","format":"standard","meta":{"fifu_image_url":"","fifu_image_alt":"","footnotes":""},"categories":[6],"tags":[81,2174,1566],"class_list":{"0":"post-55217","1":"post","2":"type-post","3":"status-publish","4":"format-standard","5":"has-post-thumbnail","7":"category-entre-rios","8":"tag-entre-rios","9":"tag-sputnik-v","10":"tag-vacuna"},"yoast_head":"<title>Vacunaci\u00f3n en Entre R\u00edos: no hubo reporte de efectos adversos en los vacunados - Informe Litoral<\/title>\n<meta name=\"robots\" content=\"index, follow, max-snippet:-1, max-image-preview:large, max-video-preview:-1\" \/>\n<link rel=\"canonical\" href=\"https:\/\/informelitoral.com.ar\/vacunacion-en-entre-rios-no-hubo-reporte-de-efectos-adversos-en-los-vacunados\/\" \/>\n<meta property=\"og:locale\" content=\"es_ES\" \/>\n<meta property=\"og:type\" content=\"article\" \/>\n<meta property=\"og:title\" content=\"Vacunaci\u00f3n en Entre R\u00edos: no hubo reporte de efectos adversos en los vacunados - Informe Litoral\" \/>\n<meta property=\"og:description\" content=\"En una conferencia de prensa, la ministra de Salud&nbsp;Sonia Vel&aacute;zquez&nbsp;destac&oacute; el trabajo enmarcado en el plan de vacunaci&oacute;n contra el Covid que se inici&oacute; este martes, al tiempo que detall&oacute; las estrategias elaboradas en la continuidad de la tarea. Inform&oacute; que la campa&ntilde;a prev&eacute; un monitoreo permanente. &laquo;Queremos decirles que este es el inicio de [&hellip;]\" \/>\n<meta property=\"og:url\" content=\"https:\/\/informelitoral.com.ar\/vacunacion-en-entre-rios-no-hubo-reporte-de-efectos-adversos-en-los-vacunados\/\" \/>\n<meta property=\"og:site_name\" content=\"Informe Litoral\" \/>\n<meta property=\"article:publisher\" content=\"https:\/\/www.facebook.com\/informelitoral\/\" \/>\n<meta property=\"article:published_time\" content=\"2020-12-29T23:18:20+00:00\" \/>\n<meta property=\"og:image\" content=\"https:\/\/informelitoral.com.ar\/%77%70%2d%63%6f%6e%74%65%6e%74\/uploads\/2020\/04\/vacunaci\u00f3n-antigripal-800x445.jpg\" \/>\n\t<meta property=\"og:image:width\" content=\"800\" \/>\n\t<meta property=\"og:image:height\" content=\"445\" \/>\n\t<meta property=\"og:image:type\" content=\"image\/jpeg\" \/>\n<meta name=\"author\" content=\"Sebastian\" \/>\n<meta name=\"twitter:card\" content=\"summary_large_image\" \/>\n<meta name=\"twitter:creator\" content=\"@InformeLitoral\" \/>\n<meta name=\"twitter:site\" content=\"@InformeLitoral\" \/>\n<meta name=\"twitter:label1\" content=\"Escrito por\" \/>\n\t<meta name=\"twitter:data1\" content=\"Sebastian\" \/>\n\t<meta name=\"twitter:label2\" content=\"Tiempo de lectura\" \/>\n\t<meta name=\"twitter:data2\" content=\"3 minutos\" \/>\n<script type=\"application\/ld+json\" class=\"yoast-schema-graph\">{\"@context\":\"https:\\\/\\\/schema.org\",\"@graph\":[{\"@type\":\"Article\",\"@id\":\"https:\\\/\\\/informelitoral.com.ar\\\/vacunacion-en-entre-rios-no-hubo-reporte-de-efectos-adversos-en-los-vacunados\\\/#article\",\"isPartOf\":{\"@id\":\"https:\\\/\\\/informelitoral.com.ar\\\/vacunacion-en-entre-rios-no-hubo-reporte-de-efectos-adversos-en-los-vacunados\\\/\"},\"author\":{\"name\":\"Sebastian\",\"@id\":\"https:\\\/\\\/informelitoral.com.ar\\\/#\\\/schema\\\/person\\\/f05f9f461677119578717524b127d6d5\"},\"headline\":\"Vacunaci\u00f3n en Entre R\u00edos: no hubo reporte de efectos adversos en los vacunados\",\"datePublished\":\"2020-12-29T23:18:20+00:00\",\"mainEntityOfPage\":{\"@id\":\"https:\\\/\\\/informelitoral.com.ar\\\/vacunacion-en-entre-rios-no-hubo-reporte-de-efectos-adversos-en-los-vacunados\\\/\"},\"wordCount\":712,\"commentCount\":0,\"publisher\":{\"@id\":\"https:\\\/\\\/informelitoral.com.ar\\\/#organization\"},\"image\":{\"@id\":\"https:\\\/\\\/informelitoral.com.ar\\\/vacunacion-en-entre-rios-no-hubo-reporte-de-efectos-adversos-en-los-vacunados\\\/#primaryimage\"},\"thumbnailUrl\":\"https:\\\/\\\/informelitoral.com.ar\\\/%77%70%2d%63%6f%6e%74%65%6e%74\\\/uploads\\\/2020\\\/04\\\/vacunaci\u00f3n-antigripal-800x445.jpg\",\"keywords\":[\"Entre R\u00edos\",\"Sputnik V\",\"vacuna\"],\"articleSection\":[\"Entre R\u00edos\"],\"inLanguage\":\"es\",\"potentialAction\":[{\"@type\":\"CommentAction\",\"name\":\"Comment\",\"target\":[\"https:\\\/\\\/informelitoral.com.ar\\\/vacunacion-en-entre-rios-no-hubo-reporte-de-efectos-adversos-en-los-vacunados\\\/#respond\"]}]},{\"@type\":\"WebPage\",\"@id\":\"https:\\\/\\\/informelitoral.com.ar\\\/vacunacion-en-entre-rios-no-hubo-reporte-de-efectos-adversos-en-los-vacunados\\\/\",\"url\":\"https:\\\/\\\/informelitoral.com.ar\\\/vacunacion-en-entre-rios-no-hubo-reporte-de-efectos-adversos-en-los-vacunados\\\/\",\"name\":\"Vacunaci\u00f3n en Entre R\u00edos: no hubo reporte de efectos adversos en los vacunados - Informe Litoral\",\"isPartOf\":{\"@id\":\"https:\\\/\\\/informelitoral.com.ar\\\/#website\"},\"primaryImageOfPage\":{\"@id\":\"https:\\\/\\\/informelitoral.com.ar\\\/vacunacion-en-entre-rios-no-hubo-reporte-de-efectos-adversos-en-los-vacunados\\\/#primaryimage\"},\"image\":{\"@id\":\"https:\\\/\\\/informelitoral.com.ar\\\/vacunacion-en-entre-rios-no-hubo-reporte-de-efectos-adversos-en-los-vacunados\\\/#primaryimage\"},\"thumbnailUrl\":\"https:\\\/\\\/informelitoral.com.ar\\\/%77%70%2d%63%6f%6e%74%65%6e%74\\\/uploads\\\/2020\\\/04\\\/vacunaci\u00f3n-antigripal-800x445.jpg\",\"datePublished\":\"2020-12-29T23:18:20+00:00\",\"breadcrumb\":{\"@id\":\"https:\\\/\\\/informelitoral.com.ar\\\/vacunacion-en-entre-rios-no-hubo-reporte-de-efectos-adversos-en-los-vacunados\\\/#breadcrumb\"},\"inLanguage\":\"es\",\"potentialAction\":[{\"@type\":\"ReadAction\",\"target\":[\"https:\\\/\\\/informelitoral.com.ar\\\/vacunacion-en-entre-rios-no-hubo-reporte-de-efectos-adversos-en-los-vacunados\\\/\"]}]},{\"@type\":\"ImageObject\",\"inLanguage\":\"es\",\"@id\":\"https:\\\/\\\/informelitoral.com.ar\\\/vacunacion-en-entre-rios-no-hubo-reporte-de-efectos-adversos-en-los-vacunados\\\/#primaryimage\",\"url\":\"https:\\\/\\\/informelitoral.com.ar\\\/%77%70%2d%63%6f%6e%74%65%6e%74\\\/uploads\\\/2020\\\/04\\\/vacunaci\u00f3n-antigripal-800x445.jpg\",\"contentUrl\":\"https:\\\/\\\/informelitoral.com.ar\\\/%77%70%2d%63%6f%6e%74%65%6e%74\\\/uploads\\\/2020\\\/04\\\/vacunaci\u00f3n-antigripal-800x445.jpg\",\"width\":800,\"height\":445},{\"@type\":\"BreadcrumbList\",\"@id\":\"https:\\\/\\\/informelitoral.com.ar\\\/vacunacion-en-entre-rios-no-hubo-reporte-de-efectos-adversos-en-los-vacunados\\\/#breadcrumb\",\"itemListElement\":[{\"@type\":\"ListItem\",\"position\":1,\"name\":\"Portada\",\"item\":\"https:\\\/\\\/informelitoral.com.ar\\\/\"},{\"@type\":\"ListItem\",\"position\":2,\"name\":\"Vacunaci\u00f3n en Entre R\u00edos: no hubo reporte de efectos adversos en los vacunados\"}]},{\"@type\":\"WebSite\",\"@id\":\"https:\\\/\\\/informelitoral.com.ar\\\/#website\",\"url\":\"https:\\\/\\\/informelitoral.com.ar\\\/\",\"name\":\"Informe Litoral\",\"description\":\"&quot;Nos informamos&quot; \",\"publisher\":{\"@id\":\"https:\\\/\\\/informelitoral.com.ar\\\/#organization\"},\"potentialAction\":[{\"@type\":\"SearchAction\",\"target\":{\"@type\":\"EntryPoint\",\"urlTemplate\":\"https:\\\/\\\/informelitoral.com.ar\\\/?s={search_term_string}\"},\"query-input\":{\"@type\":\"PropertyValueSpecification\",\"valueRequired\":true,\"valueName\":\"search_term_string\"}}],\"inLanguage\":\"es\"},{\"@type\":\"Organization\",\"@id\":\"https:\\\/\\\/informelitoral.com.ar\\\/#organization\",\"name\":\"Informe Litoral\",\"url\":\"https:\\\/\\\/informelitoral.com.ar\\\/\",\"logo\":{\"@type\":\"ImageObject\",\"inLanguage\":\"es\",\"@id\":\"https:\\\/\\\/informelitoral.com.ar\\\/#\\\/schema\\\/logo\\\/image\\\/\",\"url\":\"https:\\\/\\\/informelitoral.com.ar\\\/%77%70%2d%63%6f%6e%74%65%6e%74\\\/uploads\\\/2021\\\/01\\\/circulo.png\",\"contentUrl\":\"https:\\\/\\\/informelitoral.com.ar\\\/%77%70%2d%63%6f%6e%74%65%6e%74\\\/uploads\\\/2021\\\/01\\\/circulo.png\",\"width\":723,\"height\":731,\"caption\":\"Informe Litoral\"},\"image\":{\"@id\":\"https:\\\/\\\/informelitoral.com.ar\\\/#\\\/schema\\\/logo\\\/image\\\/\"},\"sameAs\":[\"https:\\\/\\\/www.facebook.com\\\/informelitoral\\\/\",\"https:\\\/\\\/x.com\\\/InformeLitoral\",\"https:\\\/\\\/www.instagram.com\\\/informelitoral\\\/\",\"https:\\\/\\\/www.youtube.com\\\/channel\\\/UCua4Qvz8Icb6MYqhoq9xLXw\"]},{\"@type\":\"Person\",\"@id\":\"https:\\\/\\\/informelitoral.com.ar\\\/#\\\/schema\\\/person\\\/f05f9f461677119578717524b127d6d5\",\"name\":\"Sebastian\",\"image\":{\"@type\":\"ImageObject\",\"inLanguage\":\"es\",\"@id\":\"https:\\\/\\\/secure.gravatar.com\\\/avatar\\\/b71bf7481d447dfb9583c7f2798e7cc64de6efb9067b74633ed8c31059a3bd82?s=96&d=mm&r=g\",\"url\":\"https:\\\/\\\/secure.gravatar.com\\\/avatar\\\/b71bf7481d447dfb9583c7f2798e7cc64de6efb9067b74633ed8c31059a3bd82?s=96&d=mm&r=g\",\"contentUrl\":\"https:\\\/\\\/secure.gravatar.com\\\/avatar\\\/b71bf7481d447dfb9583c7f2798e7cc64de6efb9067b74633ed8c31059a3bd82?s=96&d=mm&r=g\",\"caption\":\"Sebastian\"},\"url\":\"https:\\\/\\\/informelitoral.com.ar\\\/author\\\/sebastian\\\/\"}]}<\/script>","yoast_head_json":{"title":"Vacunaci\u00f3n en Entre R\u00edos: no hubo reporte de efectos adversos en los vacunados - Informe Litoral","robots":{"index":"index","follow":"follow","max-snippet":"max-snippet:-1","max-image-preview":"max-image-preview:large","max-video-preview":"max-video-preview:-1"},"canonical":"https:\/\/informelitoral.com.ar\/vacunacion-en-entre-rios-no-hubo-reporte-de-efectos-adversos-en-los-vacunados\/","og_locale":"es_ES","og_type":"article","og_title":"Vacunaci\u00f3n en Entre R\u00edos: no hubo reporte de efectos adversos en los vacunados - Informe Litoral","og_description":"En una conferencia de prensa, la ministra de Salud&nbsp;Sonia Vel&aacute;zquez&nbsp;destac&oacute; el trabajo enmarcado en el plan de vacunaci&oacute;n contra el Covid que se inici&oacute; este martes, al tiempo que detall&oacute; las estrategias elaboradas en la continuidad de la tarea. Inform&oacute; que la campa&ntilde;a prev&eacute; un monitoreo permanente. &laquo;Queremos decirles que este es el inicio de [&hellip;]","og_url":"https:\/\/informelitoral.com.ar\/vacunacion-en-entre-rios-no-hubo-reporte-de-efectos-adversos-en-los-vacunados\/","og_site_name":"Informe Litoral","article_publisher":"https:\/\/www.facebook.com\/informelitoral\/","article_published_time":"2020-12-29T23:18:20+00:00","og_image":[{"width":800,"height":445,"url":"https:\/\/informelitoral.com.ar\/%77%70%2d%63%6f%6e%74%65%6e%74\/uploads\/2020\/04\/vacunaci\u00f3n-antigripal-800x445.jpg","type":"image\/jpeg"}],"author":"Sebastian","twitter_card":"summary_large_image","twitter_creator":"@InformeLitoral","twitter_site":"@InformeLitoral","twitter_misc":{"Escrito por":"Sebastian","Tiempo de lectura":"3 minutos"},"schema":{"@context":"https:\/\/schema.org","@graph":[{"@type":"Article","@id":"https:\/\/informelitoral.com.ar\/vacunacion-en-entre-rios-no-hubo-reporte-de-efectos-adversos-en-los-vacunados\/#article","isPartOf":{"@id":"https:\/\/informelitoral.com.ar\/vacunacion-en-entre-rios-no-hubo-reporte-de-efectos-adversos-en-los-vacunados\/"},"author":{"name":"Sebastian","@id":"https:\/\/informelitoral.com.ar\/#\/schema\/person\/f05f9f461677119578717524b127d6d5"},"headline":"Vacunaci\u00f3n en Entre R\u00edos: no hubo reporte de efectos adversos en los vacunados","datePublished":"2020-12-29T23:18:20+00:00","mainEntityOfPage":{"@id":"https:\/\/informelitoral.com.ar\/vacunacion-en-entre-rios-no-hubo-reporte-de-efectos-adversos-en-los-vacunados\/"},"wordCount":712,"commentCount":0,"publisher":{"@id":"https:\/\/informelitoral.com.ar\/#organization"},"image":{"@id":"https:\/\/informelitoral.com.ar\/vacunacion-en-entre-rios-no-hubo-reporte-de-efectos-adversos-en-los-vacunados\/#primaryimage"},"thumbnailUrl":"https:\/\/informelitoral.com.ar\/%77%70%2d%63%6f%6e%74%65%6e%74\/uploads\/2020\/04\/vacunaci\u00f3n-antigripal-800x445.jpg","keywords":["Entre R\u00edos","Sputnik V","vacuna"],"articleSection":["Entre R\u00edos"],"inLanguage":"es","potentialAction":[{"@type":"CommentAction","name":"Comment","target":["https:\/\/informelitoral.com.ar\/vacunacion-en-entre-rios-no-hubo-reporte-de-efectos-adversos-en-los-vacunados\/#respond"]}]},{"@type":"WebPage","@id":"https:\/\/informelitoral.com.ar\/vacunacion-en-entre-rios-no-hubo-reporte-de-efectos-adversos-en-los-vacunados\/","url":"https:\/\/informelitoral.com.ar\/vacunacion-en-entre-rios-no-hubo-reporte-de-efectos-adversos-en-los-vacunados\/","name":"Vacunaci\u00f3n en Entre R\u00edos: no hubo reporte de efectos adversos en los vacunados - Informe Litoral","isPartOf":{"@id":"https:\/\/informelitoral.com.ar\/#website"},"primaryImageOfPage":{"@id":"https:\/\/informelitoral.com.ar\/vacunacion-en-entre-rios-no-hubo-reporte-de-efectos-adversos-en-los-vacunados\/#primaryimage"},"image":{"@id":"https:\/\/informelitoral.com.ar\/vacunacion-en-entre-rios-no-hubo-reporte-de-efectos-adversos-en-los-vacunados\/#primaryimage"},"thumbnailUrl":"https:\/\/informelitoral.com.ar\/%77%70%2d%63%6f%6e%74%65%6e%74\/uploads\/2020\/04\/vacunaci\u00f3n-antigripal-800x445.jpg","datePublished":"2020-12-29T23:18:20+00:00","breadcrumb":{"@id":"https:\/\/informelitoral.com.ar\/vacunacion-en-entre-rios-no-hubo-reporte-de-efectos-adversos-en-los-vacunados\/#breadcrumb"},"inLanguage":"es","potentialAction":[{"@type":"ReadAction","target":["https:\/\/informelitoral.com.ar\/vacunacion-en-entre-rios-no-hubo-reporte-de-efectos-adversos-en-los-vacunados\/"]}]},{"@type":"ImageObject","inLanguage":"es","@id":"https:\/\/informelitoral.com.ar\/vacunacion-en-entre-rios-no-hubo-reporte-de-efectos-adversos-en-los-vacunados\/#primaryimage","url":"https:\/\/informelitoral.com.ar\/%77%70%2d%63%6f%6e%74%65%6e%74\/uploads\/2020\/04\/vacunaci\u00f3n-antigripal-800x445.jpg","contentUrl":"https:\/\/informelitoral.com.ar\/%77%70%2d%63%6f%6e%74%65%6e%74\/uploads\/2020\/04\/vacunaci\u00f3n-antigripal-800x445.jpg","width":800,"height":445},{"@type":"BreadcrumbList","@id":"https:\/\/informelitoral.com.ar\/vacunacion-en-entre-rios-no-hubo-reporte-de-efectos-adversos-en-los-vacunados\/#breadcrumb","itemListElement":[{"@type":"ListItem","position":1,"name":"Portada","item":"https:\/\/informelitoral.com.ar\/"},{"@type":"ListItem","position":2,"name":"Vacunaci\u00f3n en Entre R\u00edos: no hubo reporte de efectos adversos en los vacunados"}]},{"@type":"WebSite","@id":"https:\/\/informelitoral.com.ar\/#website","url":"https:\/\/informelitoral.com.ar\/","name":"Informe Litoral","description":"&quot;Nos informamos&quot; ","publisher":{"@id":"https:\/\/informelitoral.com.ar\/#organization"},"potentialAction":[{"@type":"SearchAction","target":{"@type":"EntryPoint","urlTemplate":"https:\/\/informelitoral.com.ar\/?s={search_term_string}"},"query-input":{"@type":"PropertyValueSpecification","valueRequired":true,"valueName":"search_term_string"}}],"inLanguage":"es"},{"@type":"Organization","@id":"https:\/\/informelitoral.com.ar\/#organization","name":"Informe Litoral","url":"https:\/\/informelitoral.com.ar\/","logo":{"@type":"ImageObject","inLanguage":"es","@id":"https:\/\/informelitoral.com.ar\/#\/schema\/logo\/image\/","url":"https:\/\/informelitoral.com.ar\/%77%70%2d%63%6f%6e%74%65%6e%74\/uploads\/2021\/01\/circulo.png","contentUrl":"https:\/\/informelitoral.com.ar\/%77%70%2d%63%6f%6e%74%65%6e%74\/uploads\/2021\/01\/circulo.png","width":723,"height":731,"caption":"Informe Litoral"},"image":{"@id":"https:\/\/informelitoral.com.ar\/#\/schema\/logo\/image\/"},"sameAs":["https:\/\/www.facebook.com\/informelitoral\/","https:\/\/x.com\/InformeLitoral","https:\/\/www.instagram.com\/informelitoral\/","https:\/\/www.youtube.com\/channel\/UCua4Qvz8Icb6MYqhoq9xLXw"]},{"@type":"Person","@id":"https:\/\/informelitoral.com.ar\/#\/schema\/person\/f05f9f461677119578717524b127d6d5","name":"Sebastian","image":{"@type":"ImageObject","inLanguage":"es","@id":"https:\/\/secure.gravatar.com\/avatar\/b71bf7481d447dfb9583c7f2798e7cc64de6efb9067b74633ed8c31059a3bd82?s=96&d=mm&r=g","url":"https:\/\/secure.gravatar.com\/avatar\/b71bf7481d447dfb9583c7f2798e7cc64de6efb9067b74633ed8c31059a3bd82?s=96&d=mm&r=g","contentUrl":"https:\/\/secure.gravatar.com\/avatar\/b71bf7481d447dfb9583c7f2798e7cc64de6efb9067b74633ed8c31059a3bd82?s=96&d=mm&r=g","caption":"Sebastian"},"url":"https:\/\/informelitoral.com.ar\/author\/sebastian\/"}]}},"_links":{"self":[{"href":"https:\/\/informelitoral.com.ar\/%77%70%2d%6a%73%6f%6e\/wp\/v2\/posts\/55217","targetHints":{"allow":["GET"]}}],"collection":[{"href":"https:\/\/informelitoral.com.ar\/%77%70%2d%6a%73%6f%6e\/wp\/v2\/posts"}],"about":[{"href":"https:\/\/informelitoral.com.ar\/%77%70%2d%6a%73%6f%6e\/wp\/v2\/types\/post"}],"author":[{"embeddable":true,"href":"https:\/\/informelitoral.com.ar\/%77%70%2d%6a%73%6f%6e\/wp\/v2\/users\/8"}],"replies":[{"embeddable":true,"href":"https:\/\/informelitoral.com.ar\/%77%70%2d%6a%73%6f%6e\/wp\/v2\/comments?post=55217"}],"version-history":[{"count":0,"href":"https:\/\/informelitoral.com.ar\/%77%70%2d%6a%73%6f%6e\/wp\/v2\/posts\/55217\/revisions"}],"wp:featuredmedia":[{"embeddable":true,"href":"https:\/\/informelitoral.com.ar\/%77%70%2d%6a%73%6f%6e\/wp\/v2\/media\/41672"}],"wp:attachment":[{"href":"https:\/\/informelitoral.com.ar\/%77%70%2d%6a%73%6f%6e\/wp\/v2\/media?parent=55217"}],"wp:term":[{"taxonomy":"category","embeddable":true,"href":"https:\/\/informelitoral.com.ar\/%77%70%2d%6a%73%6f%6e\/wp\/v2\/categories?post=55217"},{"taxonomy":"post_tag","embeddable":true,"href":"https:\/\/informelitoral.com.ar\/%77%70%2d%6a%73%6f%6e\/wp\/v2\/tags?post=55217"}],"curies":[{"name":"wp","href":"https:\/\/api.w.org\/{rel}","templated":true}]}}