{"id":55194,"date":"2020-12-29T15:23:37","date_gmt":"2020-12-29T18:23:37","guid":{"rendered":"https:\/\/www.isletasnoticias.com.ar\/?p=55194"},"modified":"2020-12-29T15:27:43","modified_gmt":"2020-12-29T18:27:43","slug":"este-martes-entre-rios-supero-los-30-mil-casos-de-covid-y-hay-record-de-contagios","status":"publish","type":"post","link":"https:\/\/informelitoral.com.ar\/este-martes-entre-rios-supero-los-30-mil-casos-de-covid-y-hay-record-de-contagios\/","title":{"rendered":"Este martes Entre R\u00edos super\u00f3 los 30 mil casos de covid y hay record de contagios"},"content":{"rendered":"<p>El \u00e1rea de Vigilancia Epidemiol\u00f3gica de Entre R\u00edos, confirm\u00f3 que\u00a0<b>este martes, se registraron 339 nuevos casos de coronavirus. De ese modo, son 30.245 los casos<\/b>\u00a0confirmados en la provincia, de los cuales,\u00a0<b>13.824 son pacientes recuperados.<\/b><\/p>\n<p>Los casos reportados este\u00a0<b>martes, se registraron en 14 departamentos<\/b>\u00a0y seg\u00fan el informe se distribuyen de la siguiente manera:<\/p>\n<p><b>Departamento Paran\u00e1 56:<\/b><br \/>\nCOLONIA AVELLANEDA 1<br \/>\nCRESPO 2<br \/>\nEL PALENQUE 1<br \/>\nHERNANDARIAS 2<br \/>\nMARIA GRANDE 2<br \/>\nORO VERDE 1<br \/>\nPARANA 46<br \/>\nSAUCE MONTRULL 1<\/p>\n<p><b>Departamento Col\u00f3n 22:<\/b><br \/>\nCOLON 16<br \/>\nSAN JOSE 6<\/p>\n<p><b>Departamento Concordia 74:<\/b><br \/>\nCOLONIA AYUI 1<br \/>\nCONCORDIA 72<br \/>\nLA CRIOLLA 1<\/p>\n<p><span style=\"background-color: #ffff00;\"><b>Departamento Diamante 3:<\/b><\/span><br \/>\n<span style=\"background-color: #ffff00;\">DIAMANTE 2<\/span><br \/>\n<span style=\"background-color: #ffff00;\">GENERAL RAMIREZ 1<\/span><\/p>\n<p><b>Departamento Federaci\u00f3n 10:<\/b><br \/>\nCHAJARI 8<br \/>\nVILLA DEL ROSARIO 2<\/p>\n<p><b>Departamento Federal 3:<\/b><br \/>\nFEDERAL 3<\/p>\n<p><b>Departamento Gualeguay 9:<\/b><br \/>\nGUALEGUAY 9<\/p>\n<p><b>Departamento Gualeguaych\u00fa 66:<\/b><br \/>\nALDEA SAN ANTONIO 1<br \/>\nGUALEGUAYCHU 58<br \/>\nLARROQUE 1<br \/>\nPUEBLO GENERAL BELGRANO 3<br \/>\nRINCON DEL GATO 1<br \/>\nSARANDI 2<\/p>\n<p><b>Departamento Islas 1:<\/b><br \/>\nIBICUY 1<\/p>\n<p><b>Departamento La Paz 16:<\/b><br \/>\nALCARAZ 8<br \/>\nLA PAZ 7<br \/>\nSANTA ELENA 1<\/p>\n<p><b>Departamento Nogoy\u00e1 7:<\/b><br \/>\nLUCAS GONZALEZ 5<br \/>\nNOGOYA 2<\/p>\n<p><b>Departamento Tala 3:<\/b><br \/>\nROSARIO DEL TALA 3<\/p>\n<p><b>Departamento Uruguay 64:<\/b><br \/>\nBASAVILBASO 14<br \/>\nC. DEL URUGUAY 49<br \/>\nHERRERA 1<\/p>\n<p><b>Departamento Victoria 5:<\/b><br \/>\nMOLINO DOLL 1<br \/>\nVICTORIA 4<\/p>\n<p>De ese modo, en la\u00a0<b>provincia son 30.245 los casos<\/b>\u00a0confirmados.<\/p>\n","protected":false},"excerpt":{"rendered":"<p>Paran\u00e1, Concordia, Federaci\u00f3n, Uruguay y Gualeguaych\u00fa son las ciudades que m\u00e1s casos sumaron. El detalle sobre d\u00f3nde se confirmaron nuevos positivos.<\/p>\n","protected":false},"author":2,"featured_media":45332,"comment_status":"open","ping_status":"open","sticky":false,"template":"","format":"standard","meta":{"fifu_image_url":"","fifu_image_alt":"","footnotes":""},"categories":[6],"tags":[1426,1668,1481,81],"class_list":{"0":"post-55194","1":"post","2":"type-post","3":"status-publish","4":"format-standard","5":"has-post-thumbnail","7":"category-entre-rios","8":"tag-coronavirus","9":"tag-covid","10":"tag-covid-19","11":"tag-entre-rios"},"yoast_head":"<title>Este martes Entre R\u00edos super\u00f3 los 30 mil casos de covid y hay record de contagios - Informe Litoral<\/title>\n<meta name=\"robots\" content=\"index, follow, max-snippet:-1, max-image-preview:large, max-video-preview:-1\" \/>\n<link rel=\"canonical\" href=\"https:\/\/informelitoral.com.ar\/este-martes-entre-rios-supero-los-30-mil-casos-de-covid-y-hay-record-de-contagios\/\" \/>\n<meta property=\"og:locale\" content=\"es_ES\" \/>\n<meta property=\"og:type\" content=\"article\" \/>\n<meta property=\"og:title\" content=\"Este martes Entre R\u00edos super\u00f3 los 30 mil casos de covid y hay record de contagios - Informe Litoral\" \/>\n<meta property=\"og:description\" content=\"Paran\u00e1, Concordia, Federaci\u00f3n, Uruguay y Gualeguaych\u00fa son las ciudades que m\u00e1s casos sumaron. El detalle sobre d\u00f3nde se confirmaron nuevos positivos.\" \/>\n<meta property=\"og:url\" content=\"https:\/\/informelitoral.com.ar\/este-martes-entre-rios-supero-los-30-mil-casos-de-covid-y-hay-record-de-contagios\/\" \/>\n<meta property=\"og:site_name\" content=\"Informe Litoral\" \/>\n<meta property=\"article:publisher\" content=\"https:\/\/www.facebook.com\/informelitoral\/\" \/>\n<meta property=\"article:published_time\" content=\"2020-12-29T18:23:37+00:00\" \/>\n<meta property=\"article:modified_time\" content=\"2020-12-29T18:27:43+00:00\" \/>\n<meta property=\"og:image\" content=\"https:\/\/informelitoral.com.ar\/%77%70%2d%63%6f%6e%74%65%6e%74\/uploads\/2020\/07\/camas-covid-19.jpg\" \/>\n\t<meta property=\"og:image:width\" content=\"620\" \/>\n\t<meta property=\"og:image:height\" content=\"350\" \/>\n\t<meta property=\"og:image:type\" content=\"image\/jpeg\" \/>\n<meta name=\"author\" content=\"Gonzalo Schmidt\" \/>\n<meta name=\"twitter:card\" content=\"summary_large_image\" \/>\n<meta name=\"twitter:creator\" content=\"@InformeLitoral\" \/>\n<meta name=\"twitter:site\" content=\"@InformeLitoral\" \/>\n<meta name=\"twitter:label1\" content=\"Escrito por\" \/>\n\t<meta name=\"twitter:data1\" content=\"Gonzalo Schmidt\" \/>\n\t<meta name=\"twitter:label2\" content=\"Tiempo de lectura\" \/>\n\t<meta name=\"twitter:data2\" content=\"1 minuto\" \/>\n<script type=\"application\/ld+json\" class=\"yoast-schema-graph\">{\"@context\":\"https:\\\/\\\/schema.org\",\"@graph\":[{\"@type\":\"Article\",\"@id\":\"https:\\\/\\\/informelitoral.com.ar\\\/este-martes-entre-rios-supero-los-30-mil-casos-de-covid-y-hay-record-de-contagios\\\/#article\",\"isPartOf\":{\"@id\":\"https:\\\/\\\/informelitoral.com.ar\\\/este-martes-entre-rios-supero-los-30-mil-casos-de-covid-y-hay-record-de-contagios\\\/\"},\"author\":{\"name\":\"Gonzalo Schmidt\",\"@id\":\"https:\\\/\\\/informelitoral.com.ar\\\/#\\\/schema\\\/person\\\/b9d00407c836482871ef1d57bf8e3180\"},\"headline\":\"Este martes Entre R\u00edos super\u00f3 los 30 mil casos de covid y hay record de contagios\",\"datePublished\":\"2020-12-29T18:23:37+00:00\",\"dateModified\":\"2020-12-29T18:27:43+00:00\",\"mainEntityOfPage\":{\"@id\":\"https:\\\/\\\/informelitoral.com.ar\\\/este-martes-entre-rios-supero-los-30-mil-casos-de-covid-y-hay-record-de-contagios\\\/\"},\"wordCount\":175,\"commentCount\":0,\"publisher\":{\"@id\":\"https:\\\/\\\/informelitoral.com.ar\\\/#organization\"},\"image\":{\"@id\":\"https:\\\/\\\/informelitoral.com.ar\\\/este-martes-entre-rios-supero-los-30-mil-casos-de-covid-y-hay-record-de-contagios\\\/#primaryimage\"},\"thumbnailUrl\":\"https:\\\/\\\/informelitoral.com.ar\\\/%77%70%2d%63%6f%6e%74%65%6e%74\\\/uploads\\\/2020\\\/07\\\/camas-covid-19.jpg\",\"keywords\":[\"Coronavirus\",\"Covid\",\"COVID-19\",\"Entre R\u00edos\"],\"articleSection\":[\"Entre R\u00edos\"],\"inLanguage\":\"es\",\"potentialAction\":[{\"@type\":\"CommentAction\",\"name\":\"Comment\",\"target\":[\"https:\\\/\\\/informelitoral.com.ar\\\/este-martes-entre-rios-supero-los-30-mil-casos-de-covid-y-hay-record-de-contagios\\\/#respond\"]}]},{\"@type\":\"WebPage\",\"@id\":\"https:\\\/\\\/informelitoral.com.ar\\\/este-martes-entre-rios-supero-los-30-mil-casos-de-covid-y-hay-record-de-contagios\\\/\",\"url\":\"https:\\\/\\\/informelitoral.com.ar\\\/este-martes-entre-rios-supero-los-30-mil-casos-de-covid-y-hay-record-de-contagios\\\/\",\"name\":\"Este martes Entre R\u00edos super\u00f3 los 30 mil casos de covid y hay record de contagios - Informe Litoral\",\"isPartOf\":{\"@id\":\"https:\\\/\\\/informelitoral.com.ar\\\/#website\"},\"primaryImageOfPage\":{\"@id\":\"https:\\\/\\\/informelitoral.com.ar\\\/este-martes-entre-rios-supero-los-30-mil-casos-de-covid-y-hay-record-de-contagios\\\/#primaryimage\"},\"image\":{\"@id\":\"https:\\\/\\\/informelitoral.com.ar\\\/este-martes-entre-rios-supero-los-30-mil-casos-de-covid-y-hay-record-de-contagios\\\/#primaryimage\"},\"thumbnailUrl\":\"https:\\\/\\\/informelitoral.com.ar\\\/%77%70%2d%63%6f%6e%74%65%6e%74\\\/uploads\\\/2020\\\/07\\\/camas-covid-19.jpg\",\"datePublished\":\"2020-12-29T18:23:37+00:00\",\"dateModified\":\"2020-12-29T18:27:43+00:00\",\"breadcrumb\":{\"@id\":\"https:\\\/\\\/informelitoral.com.ar\\\/este-martes-entre-rios-supero-los-30-mil-casos-de-covid-y-hay-record-de-contagios\\\/#breadcrumb\"},\"inLanguage\":\"es\",\"potentialAction\":[{\"@type\":\"ReadAction\",\"target\":[\"https:\\\/\\\/informelitoral.com.ar\\\/este-martes-entre-rios-supero-los-30-mil-casos-de-covid-y-hay-record-de-contagios\\\/\"]}]},{\"@type\":\"ImageObject\",\"inLanguage\":\"es\",\"@id\":\"https:\\\/\\\/informelitoral.com.ar\\\/este-martes-entre-rios-supero-los-30-mil-casos-de-covid-y-hay-record-de-contagios\\\/#primaryimage\",\"url\":\"https:\\\/\\\/informelitoral.com.ar\\\/%77%70%2d%63%6f%6e%74%65%6e%74\\\/uploads\\\/2020\\\/07\\\/camas-covid-19.jpg\",\"contentUrl\":\"https:\\\/\\\/informelitoral.com.ar\\\/%77%70%2d%63%6f%6e%74%65%6e%74\\\/uploads\\\/2020\\\/07\\\/camas-covid-19.jpg\",\"width\":620,\"height\":350},{\"@type\":\"BreadcrumbList\",\"@id\":\"https:\\\/\\\/informelitoral.com.ar\\\/este-martes-entre-rios-supero-los-30-mil-casos-de-covid-y-hay-record-de-contagios\\\/#breadcrumb\",\"itemListElement\":[{\"@type\":\"ListItem\",\"position\":1,\"name\":\"Portada\",\"item\":\"https:\\\/\\\/informelitoral.com.ar\\\/\"},{\"@type\":\"ListItem\",\"position\":2,\"name\":\"Este martes Entre R\u00edos super\u00f3 los 30 mil casos de covid y hay record de contagios\"}]},{\"@type\":\"WebSite\",\"@id\":\"https:\\\/\\\/informelitoral.com.ar\\\/#website\",\"url\":\"https:\\\/\\\/informelitoral.com.ar\\\/\",\"name\":\"Informe Litoral\",\"description\":\"&quot;Nos informamos&quot; \",\"publisher\":{\"@id\":\"https:\\\/\\\/informelitoral.com.ar\\\/#organization\"},\"potentialAction\":[{\"@type\":\"SearchAction\",\"target\":{\"@type\":\"EntryPoint\",\"urlTemplate\":\"https:\\\/\\\/informelitoral.com.ar\\\/?s={search_term_string}\"},\"query-input\":{\"@type\":\"PropertyValueSpecification\",\"valueRequired\":true,\"valueName\":\"search_term_string\"}}],\"inLanguage\":\"es\"},{\"@type\":\"Organization\",\"@id\":\"https:\\\/\\\/informelitoral.com.ar\\\/#organization\",\"name\":\"Informe Litoral\",\"url\":\"https:\\\/\\\/informelitoral.com.ar\\\/\",\"logo\":{\"@type\":\"ImageObject\",\"inLanguage\":\"es\",\"@id\":\"https:\\\/\\\/informelitoral.com.ar\\\/#\\\/schema\\\/logo\\\/image\\\/\",\"url\":\"https:\\\/\\\/informelitoral.com.ar\\\/%77%70%2d%63%6f%6e%74%65%6e%74\\\/uploads\\\/2021\\\/01\\\/circulo.png\",\"contentUrl\":\"https:\\\/\\\/informelitoral.com.ar\\\/%77%70%2d%63%6f%6e%74%65%6e%74\\\/uploads\\\/2021\\\/01\\\/circulo.png\",\"width\":723,\"height\":731,\"caption\":\"Informe Litoral\"},\"image\":{\"@id\":\"https:\\\/\\\/informelitoral.com.ar\\\/#\\\/schema\\\/logo\\\/image\\\/\"},\"sameAs\":[\"https:\\\/\\\/www.facebook.com\\\/informelitoral\\\/\",\"https:\\\/\\\/x.com\\\/InformeLitoral\",\"https:\\\/\\\/www.instagram.com\\\/informelitoral\\\/\",\"https:\\\/\\\/www.youtube.com\\\/channel\\\/UCua4Qvz8Icb6MYqhoq9xLXw\"]},{\"@type\":\"Person\",\"@id\":\"https:\\\/\\\/informelitoral.com.ar\\\/#\\\/schema\\\/person\\\/b9d00407c836482871ef1d57bf8e3180\",\"name\":\"Gonzalo Schmidt\",\"image\":{\"@type\":\"ImageObject\",\"inLanguage\":\"es\",\"@id\":\"https:\\\/\\\/secure.gravatar.com\\\/avatar\\\/31a1a7b66ff2de83bd0e9fd79d026630d2d99e55e8bfe501287647b4fd9743de?s=96&d=mm&r=g\",\"url\":\"https:\\\/\\\/secure.gravatar.com\\\/avatar\\\/31a1a7b66ff2de83bd0e9fd79d026630d2d99e55e8bfe501287647b4fd9743de?s=96&d=mm&r=g\",\"contentUrl\":\"https:\\\/\\\/secure.gravatar.com\\\/avatar\\\/31a1a7b66ff2de83bd0e9fd79d026630d2d99e55e8bfe501287647b4fd9743de?s=96&d=mm&r=g\",\"caption\":\"Gonzalo Schmidt\"},\"description\":\"Sitio web de noticias de la provincia de Entre R\u00edos, Argentina. Informaci\u00f3n y entretenimiento. Informe Litoral, nos informamos.\",\"sameAs\":[\"http:\\\/\\\/www.isletasnoticias.com.ar\"],\"url\":\"https:\\\/\\\/informelitoral.com.ar\\\/author\\\/gonzalo\\\/\"}]}<\/script>","yoast_head_json":{"title":"Este martes Entre R\u00edos super\u00f3 los 30 mil casos de covid y hay record de contagios - Informe Litoral","robots":{"index":"index","follow":"follow","max-snippet":"max-snippet:-1","max-image-preview":"max-image-preview:large","max-video-preview":"max-video-preview:-1"},"canonical":"https:\/\/informelitoral.com.ar\/este-martes-entre-rios-supero-los-30-mil-casos-de-covid-y-hay-record-de-contagios\/","og_locale":"es_ES","og_type":"article","og_title":"Este martes Entre R\u00edos super\u00f3 los 30 mil casos de covid y hay record de contagios - Informe Litoral","og_description":"Paran\u00e1, Concordia, Federaci\u00f3n, Uruguay y Gualeguaych\u00fa son las ciudades que m\u00e1s casos sumaron. El detalle sobre d\u00f3nde se confirmaron nuevos positivos.","og_url":"https:\/\/informelitoral.com.ar\/este-martes-entre-rios-supero-los-30-mil-casos-de-covid-y-hay-record-de-contagios\/","og_site_name":"Informe Litoral","article_publisher":"https:\/\/www.facebook.com\/informelitoral\/","article_published_time":"2020-12-29T18:23:37+00:00","article_modified_time":"2020-12-29T18:27:43+00:00","og_image":[{"width":620,"height":350,"url":"https:\/\/informelitoral.com.ar\/%77%70%2d%63%6f%6e%74%65%6e%74\/uploads\/2020\/07\/camas-covid-19.jpg","type":"image\/jpeg"}],"author":"Gonzalo Schmidt","twitter_card":"summary_large_image","twitter_creator":"@InformeLitoral","twitter_site":"@InformeLitoral","twitter_misc":{"Escrito por":"Gonzalo Schmidt","Tiempo de lectura":"1 minuto"},"schema":{"@context":"https:\/\/schema.org","@graph":[{"@type":"Article","@id":"https:\/\/informelitoral.com.ar\/este-martes-entre-rios-supero-los-30-mil-casos-de-covid-y-hay-record-de-contagios\/#article","isPartOf":{"@id":"https:\/\/informelitoral.com.ar\/este-martes-entre-rios-supero-los-30-mil-casos-de-covid-y-hay-record-de-contagios\/"},"author":{"name":"Gonzalo Schmidt","@id":"https:\/\/informelitoral.com.ar\/#\/schema\/person\/b9d00407c836482871ef1d57bf8e3180"},"headline":"Este martes Entre R\u00edos super\u00f3 los 30 mil casos de covid y hay record de contagios","datePublished":"2020-12-29T18:23:37+00:00","dateModified":"2020-12-29T18:27:43+00:00","mainEntityOfPage":{"@id":"https:\/\/informelitoral.com.ar\/este-martes-entre-rios-supero-los-30-mil-casos-de-covid-y-hay-record-de-contagios\/"},"wordCount":175,"commentCount":0,"publisher":{"@id":"https:\/\/informelitoral.com.ar\/#organization"},"image":{"@id":"https:\/\/informelitoral.com.ar\/este-martes-entre-rios-supero-los-30-mil-casos-de-covid-y-hay-record-de-contagios\/#primaryimage"},"thumbnailUrl":"https:\/\/informelitoral.com.ar\/%77%70%2d%63%6f%6e%74%65%6e%74\/uploads\/2020\/07\/camas-covid-19.jpg","keywords":["Coronavirus","Covid","COVID-19","Entre R\u00edos"],"articleSection":["Entre R\u00edos"],"inLanguage":"es","potentialAction":[{"@type":"CommentAction","name":"Comment","target":["https:\/\/informelitoral.com.ar\/este-martes-entre-rios-supero-los-30-mil-casos-de-covid-y-hay-record-de-contagios\/#respond"]}]},{"@type":"WebPage","@id":"https:\/\/informelitoral.com.ar\/este-martes-entre-rios-supero-los-30-mil-casos-de-covid-y-hay-record-de-contagios\/","url":"https:\/\/informelitoral.com.ar\/este-martes-entre-rios-supero-los-30-mil-casos-de-covid-y-hay-record-de-contagios\/","name":"Este martes Entre R\u00edos super\u00f3 los 30 mil casos de covid y hay record de contagios - Informe Litoral","isPartOf":{"@id":"https:\/\/informelitoral.com.ar\/#website"},"primaryImageOfPage":{"@id":"https:\/\/informelitoral.com.ar\/este-martes-entre-rios-supero-los-30-mil-casos-de-covid-y-hay-record-de-contagios\/#primaryimage"},"image":{"@id":"https:\/\/informelitoral.com.ar\/este-martes-entre-rios-supero-los-30-mil-casos-de-covid-y-hay-record-de-contagios\/#primaryimage"},"thumbnailUrl":"https:\/\/informelitoral.com.ar\/%77%70%2d%63%6f%6e%74%65%6e%74\/uploads\/2020\/07\/camas-covid-19.jpg","datePublished":"2020-12-29T18:23:37+00:00","dateModified":"2020-12-29T18:27:43+00:00","breadcrumb":{"@id":"https:\/\/informelitoral.com.ar\/este-martes-entre-rios-supero-los-30-mil-casos-de-covid-y-hay-record-de-contagios\/#breadcrumb"},"inLanguage":"es","potentialAction":[{"@type":"ReadAction","target":["https:\/\/informelitoral.com.ar\/este-martes-entre-rios-supero-los-30-mil-casos-de-covid-y-hay-record-de-contagios\/"]}]},{"@type":"ImageObject","inLanguage":"es","@id":"https:\/\/informelitoral.com.ar\/este-martes-entre-rios-supero-los-30-mil-casos-de-covid-y-hay-record-de-contagios\/#primaryimage","url":"https:\/\/informelitoral.com.ar\/%77%70%2d%63%6f%6e%74%65%6e%74\/uploads\/2020\/07\/camas-covid-19.jpg","contentUrl":"https:\/\/informelitoral.com.ar\/%77%70%2d%63%6f%6e%74%65%6e%74\/uploads\/2020\/07\/camas-covid-19.jpg","width":620,"height":350},{"@type":"BreadcrumbList","@id":"https:\/\/informelitoral.com.ar\/este-martes-entre-rios-supero-los-30-mil-casos-de-covid-y-hay-record-de-contagios\/#breadcrumb","itemListElement":[{"@type":"ListItem","position":1,"name":"Portada","item":"https:\/\/informelitoral.com.ar\/"},{"@type":"ListItem","position":2,"name":"Este martes Entre R\u00edos super\u00f3 los 30 mil casos de covid y hay record de contagios"}]},{"@type":"WebSite","@id":"https:\/\/informelitoral.com.ar\/#website","url":"https:\/\/informelitoral.com.ar\/","name":"Informe Litoral","description":"&quot;Nos informamos&quot; ","publisher":{"@id":"https:\/\/informelitoral.com.ar\/#organization"},"potentialAction":[{"@type":"SearchAction","target":{"@type":"EntryPoint","urlTemplate":"https:\/\/informelitoral.com.ar\/?s={search_term_string}"},"query-input":{"@type":"PropertyValueSpecification","valueRequired":true,"valueName":"search_term_string"}}],"inLanguage":"es"},{"@type":"Organization","@id":"https:\/\/informelitoral.com.ar\/#organization","name":"Informe Litoral","url":"https:\/\/informelitoral.com.ar\/","logo":{"@type":"ImageObject","inLanguage":"es","@id":"https:\/\/informelitoral.com.ar\/#\/schema\/logo\/image\/","url":"https:\/\/informelitoral.com.ar\/%77%70%2d%63%6f%6e%74%65%6e%74\/uploads\/2021\/01\/circulo.png","contentUrl":"https:\/\/informelitoral.com.ar\/%77%70%2d%63%6f%6e%74%65%6e%74\/uploads\/2021\/01\/circulo.png","width":723,"height":731,"caption":"Informe Litoral"},"image":{"@id":"https:\/\/informelitoral.com.ar\/#\/schema\/logo\/image\/"},"sameAs":["https:\/\/www.facebook.com\/informelitoral\/","https:\/\/x.com\/InformeLitoral","https:\/\/www.instagram.com\/informelitoral\/","https:\/\/www.youtube.com\/channel\/UCua4Qvz8Icb6MYqhoq9xLXw"]},{"@type":"Person","@id":"https:\/\/informelitoral.com.ar\/#\/schema\/person\/b9d00407c836482871ef1d57bf8e3180","name":"Gonzalo Schmidt","image":{"@type":"ImageObject","inLanguage":"es","@id":"https:\/\/secure.gravatar.com\/avatar\/31a1a7b66ff2de83bd0e9fd79d026630d2d99e55e8bfe501287647b4fd9743de?s=96&d=mm&r=g","url":"https:\/\/secure.gravatar.com\/avatar\/31a1a7b66ff2de83bd0e9fd79d026630d2d99e55e8bfe501287647b4fd9743de?s=96&d=mm&r=g","contentUrl":"https:\/\/secure.gravatar.com\/avatar\/31a1a7b66ff2de83bd0e9fd79d026630d2d99e55e8bfe501287647b4fd9743de?s=96&d=mm&r=g","caption":"Gonzalo Schmidt"},"description":"Sitio web de noticias de la provincia de Entre R\u00edos, Argentina. Informaci\u00f3n y entretenimiento. Informe Litoral, nos informamos.","sameAs":["http:\/\/www.isletasnoticias.com.ar"],"url":"https:\/\/informelitoral.com.ar\/author\/gonzalo\/"}]}},"_links":{"self":[{"href":"https:\/\/informelitoral.com.ar\/%77%70%2d%6a%73%6f%6e\/wp\/v2\/posts\/55194","targetHints":{"allow":["GET"]}}],"collection":[{"href":"https:\/\/informelitoral.com.ar\/%77%70%2d%6a%73%6f%6e\/wp\/v2\/posts"}],"about":[{"href":"https:\/\/informelitoral.com.ar\/%77%70%2d%6a%73%6f%6e\/wp\/v2\/types\/post"}],"author":[{"embeddable":true,"href":"https:\/\/informelitoral.com.ar\/%77%70%2d%6a%73%6f%6e\/wp\/v2\/users\/2"}],"replies":[{"embeddable":true,"href":"https:\/\/informelitoral.com.ar\/%77%70%2d%6a%73%6f%6e\/wp\/v2\/comments?post=55194"}],"version-history":[{"count":0,"href":"https:\/\/informelitoral.com.ar\/%77%70%2d%6a%73%6f%6e\/wp\/v2\/posts\/55194\/revisions"}],"wp:featuredmedia":[{"embeddable":true,"href":"https:\/\/informelitoral.com.ar\/%77%70%2d%6a%73%6f%6e\/wp\/v2\/media\/45332"}],"wp:attachment":[{"href":"https:\/\/informelitoral.com.ar\/%77%70%2d%6a%73%6f%6e\/wp\/v2\/media?parent=55194"}],"wp:term":[{"taxonomy":"category","embeddable":true,"href":"https:\/\/informelitoral.com.ar\/%77%70%2d%6a%73%6f%6e\/wp\/v2\/categories?post=55194"},{"taxonomy":"post_tag","embeddable":true,"href":"https:\/\/informelitoral.com.ar\/%77%70%2d%6a%73%6f%6e\/wp\/v2\/tags?post=55194"}],"curies":[{"name":"wp","href":"https:\/\/api.w.org\/{rel}","templated":true}]}}