{"id":5517,"date":"2014-02-07T23:12:37","date_gmt":"2014-02-08T02:12:37","guid":{"rendered":"http:\/\/www.isletasnoticias.com.ar\/?p=5517"},"modified":"2014-02-07T23:23:03","modified_gmt":"2014-02-08T02:23:03","slug":"un-camion-que-iba-a-contramano-choco-a-un-micro-en-mendoza-hay-al-menos-19-muertos","status":"publish","type":"post","link":"https:\/\/informelitoral.com.ar\/un-camion-que-iba-a-contramano-choco-a-un-micro-en-mendoza-hay-al-menos-19-muertos\/","title":{"rendered":"Un cami\u00f3n que iba a contramano choc\u00f3 a un micro en Mendoza: hay al menos 19 muertos"},"content":{"rendered":"<p><strong>Ocurri\u00f3 en la v\u00eda lateral de la\u00a0Ruta 7, frente al aut\u00f3dromo \u00c1ngel Pena de\u00a0San Mart\u00edn.\u00a0El colectivo, que hab\u00eda salido de C\u00f3rdoba, se incendi\u00f3 por completo. Fueron hospitalizadas\u00a014 personas, de las cuales dos est\u00e1n graves.<\/strong><\/p>\n<p><img decoding=\"async\" style=\"font-size: 14px;\" title=\"\" alt=\"\" src=\"http:\/\/cdn01.ib.infobae.com\/adjuntos\/162\/imagenes\/010\/664\/0010664252.jpg\" data-src-s=\"http:\/\/cdn01.ib.infobae.com\/adjuntos\/162\/imagenes\/010\/664\/0010664250.jpg\" data-src-m=\"http:\/\/cdn01.ib.infobae.com\/adjuntos\/162\/imagenes\/010\/664\/0010664251.jpg\" data-src-l=\"http:\/\/cdn01.ib.infobae.com\/adjuntos\/162\/imagenes\/010\/664\/0010664252.jpg\" \/><\/p>\n<p><span style=\"font-size: 14px;\">Al menos 19 personas murieron como consecuencia de un choque frontal entre un micro de larga distancia y un cami\u00f3n a contramano que transportaba ajo. Fue\u00a0<\/span>sobre la Ruta 7, a la altura de San Mart\u00edn, a unos 50 kil\u00f3metros de Mendoza.<\/p>\n<div>\n<p>La cifra\u00a0fue confirmada por el ministro de Salud\u00a0de esa provincia,\u00a0<strong>Mat\u00edas Roby<\/strong>, en un parte luego de las 21.\u00a0El funcionario precis\u00f3 que la polic\u00eda rescat\u00f3 16 cuerpos de la escena del accidente \u2013entre ellos, los ocupantes del cami\u00f3n, que ser\u00edan tres\u2013. Adem\u00e1s, dos pasajeros murieron al llegar a uno de los hospitales donde fueron derivados los pacientes y un tercero falleci\u00f3 en el helic\u00f3ptero que lo trasladaba a un centro de atenci\u00f3n.<\/p>\n<p>Roby indic\u00f3 que hay\u00a014 sobrevivientes\u00a0con distintas heridas. Dos de los hospitalizados est\u00e1n en grave estado.<\/p>\n<div id=\"1713875-2056774616_wrap\">\n<div id=\"1713875-2056774616_content\">\n<div id=\"1713875-2056774616_embed\">\n<div id=\"mediaPlayer_1713875-2056774616\">El funcionario precis\u00f3 que entre los heridos hab\u00eda \u00abuna mujer embarazada que cursa la semana 28 de gestaci\u00f3n\u00bb y que afortunadamente ella y su hijo estar\u00edan fuera de peligro.<\/div>\n<div><\/div>\n<\/div>\n<\/div>\n<\/div>\n<p>Entre las primeras hip\u00f3tesis sobre por qu\u00e9 el cami\u00f3n se dirig\u00eda a tan alta velocidad \u2013estiman que corr\u00eda a m\u00e1s de 120 kil\u00f3metros por hora\u2013 y a contramano, se sugiri\u00f3 que podr\u00eda haber sido\u00a0robado. El comunicado de la cartera de Salud aclar\u00f3 luego que no era as\u00ed.<\/p>\n<p>En di\u00e1logo con\u00a0<i>TN,\u00a0<\/i>el ministro Roby indic\u00f3 que el rodado de carga, que cambi\u00f3 de carril antes del accidente, ser\u00eda de\u00a0origen brasile\u00f1o, a juzgar por la patente.<\/p>\n<p>El micro pertenece a la empresa\u00a0Plusultra Mercob\u00fas.\u00a0Se dirig\u00eda a la terminal Del Sol proveniente de C\u00f3rdoba. Al momento de pasar por San Luis llevaba 28 pasajeros y dos tripulantes.<\/p>\n<div id=\"1713836-932839_wrap\"><\/div>\n<p><strong>Gonzalo Agrelo<\/strong>,\u00a0testigo del choque y quien film\u00f3 el accidente, indic\u00f3 a\u00a0<i>C5N\u00a0<\/i>que el cami\u00f3n circulaba a muy alta velocidad,\u00a0al menos a \u00ab120 kil\u00f3metros por hora, a contramano y\u00a0a lo largo de\u00a0no menos de 25 kil\u00f3metros\u00bb.<\/p>\n<\/div>\n<div>\u00abFue escalofriante verlo. Ni en una pel\u00edcula vi eso. Fueron momentos muy terribles\u00bb, dijo conmovido, y describi\u00f3:\u00a0\u00abVi gente herida colgada y saltando del micro en llamas para escapar\u00bb.<\/div>\n<div><\/div>\n<div>La polic\u00eda provincial hab\u00eda recibido un llamado de alerta e intentaba alcanzar el veh\u00edculo cuando se produjo el accidente.<\/div>\n<div><\/div>\n<div><strong><span style=\"text-decoration: underline;\">La lista de pasajeros<\/span><\/strong><\/div>\n<div>A continuaci\u00f3n se reproduce la n\u00f3mina de pasajeros que iban en el micro. Las autoridades provinciales trabajaban para identificar a los sobrevivientes.<\/div>\n<div><\/div>\n<div>Carmen Herz<br \/>\nM\u00f3nica Herz<br \/>\nStefan Herz<br \/>\nRosa Ortega<br \/>\nM\u00f3nica Barzotta<br \/>\nLucia Farias<br \/>\nRa\u00fal Silva<br \/>\nJavier Lucero<br \/>\nErica Pappa<br \/>\nRisma Federico<br \/>\nMalvina Quevedo<br \/>\nEliana Compagnucci<br \/>\nCecilia Baruttis<br \/>\nSantos Guevara<br \/>\nRocio Gatica<br \/>\nFabricio Camargo<br \/>\nVirginia Sosa<br \/>\nLaura Ochoa<br \/>\nGladys Colque<br \/>\nEdgardo Silva<br \/>\nAna Ianardi<br \/>\nAxel P\u00e1ez<br \/>\n(no tiene el nombre) Money<br \/>\nFranco y Alma Camargo (ni\u00f1os)<br \/>\nY un chico discapacitado<\/div>\n<div>Fuente:<em> Infobae<\/em><\/div>\n","protected":false},"excerpt":{"rendered":"<p>Ocurri&oacute; en la v&iacute;a lateral de la&nbsp;Ruta 7, frente al aut&oacute;dromo &Aacute;ngel Pena de&nbsp;San Mart&iacute;n.&nbsp;El colectivo, que hab&iacute;a salido de C&oacute;rdoba, se incendi&oacute; por completo. Fueron hospitalizadas&nbsp;14 personas, de las cuales dos est&aacute;n graves. Al menos 19 personas murieron como consecuencia de un choque frontal entre un micro de larga distancia y un cami&oacute;n a [&hellip;]<\/p>\n","protected":false},"author":2,"featured_media":0,"comment_status":"open","ping_status":"open","sticky":false,"template":"","format":"standard","meta":{"fifu_image_url":"","fifu_image_alt":"","footnotes":""},"categories":[7],"tags":[],"class_list":{"0":"post-5517","1":"post","2":"type-post","3":"status-publish","4":"format-standard","6":"category-nacionales"},"yoast_head":"<title>Un cami\u00f3n que iba a contramano choc\u00f3 a un micro en Mendoza: hay al menos 19 muertos - Informe Litoral<\/title>\n<meta name=\"robots\" content=\"index, follow, max-snippet:-1, max-image-preview:large, max-video-preview:-1\" \/>\n<link rel=\"canonical\" href=\"https:\/\/informelitoral.com.ar\/un-camion-que-iba-a-contramano-choco-a-un-micro-en-mendoza-hay-al-menos-19-muertos\/\" \/>\n<meta property=\"og:locale\" content=\"es_ES\" \/>\n<meta property=\"og:type\" content=\"article\" \/>\n<meta property=\"og:title\" content=\"Un cami\u00f3n que iba a contramano choc\u00f3 a un micro en Mendoza: hay al menos 19 muertos - Informe Litoral\" \/>\n<meta property=\"og:description\" content=\"Ocurri&oacute; en la v&iacute;a lateral de la&nbsp;Ruta 7, frente al aut&oacute;dromo &Aacute;ngel Pena de&nbsp;San Mart&iacute;n.&nbsp;El colectivo, que hab&iacute;a salido de C&oacute;rdoba, se incendi&oacute; por completo. Fueron hospitalizadas&nbsp;14 personas, de las cuales dos est&aacute;n graves. Al menos 19 personas murieron como consecuencia de un choque frontal entre un micro de larga distancia y un cami&oacute;n a [&hellip;]\" \/>\n<meta property=\"og:url\" content=\"https:\/\/informelitoral.com.ar\/un-camion-que-iba-a-contramano-choco-a-un-micro-en-mendoza-hay-al-menos-19-muertos\/\" \/>\n<meta property=\"og:site_name\" content=\"Informe Litoral\" \/>\n<meta property=\"article:publisher\" content=\"https:\/\/www.facebook.com\/informelitoral\/\" \/>\n<meta property=\"article:published_time\" content=\"2014-02-08T02:12:37+00:00\" \/>\n<meta property=\"article:modified_time\" content=\"2014-02-08T02:23:03+00:00\" \/>\n<meta property=\"og:image\" content=\"http:\/\/cdn01.ib.infobae.com\/adjuntos\/162\/imagenes\/010\/664\/0010664252.jpg\" \/>\n<meta name=\"author\" content=\"Gonzalo Schmidt\" \/>\n<meta name=\"twitter:card\" content=\"summary_large_image\" \/>\n<meta name=\"twitter:creator\" content=\"@InformeLitoral\" \/>\n<meta name=\"twitter:site\" content=\"@InformeLitoral\" \/>\n<meta name=\"twitter:label1\" content=\"Escrito por\" \/>\n\t<meta name=\"twitter:data1\" content=\"Gonzalo Schmidt\" \/>\n\t<meta name=\"twitter:label2\" content=\"Tiempo de lectura\" \/>\n\t<meta name=\"twitter:data2\" content=\"3 minutos\" \/>\n<script type=\"application\/ld+json\" class=\"yoast-schema-graph\">{\"@context\":\"https:\\\/\\\/schema.org\",\"@graph\":[{\"@type\":\"Article\",\"@id\":\"https:\\\/\\\/informelitoral.com.ar\\\/un-camion-que-iba-a-contramano-choco-a-un-micro-en-mendoza-hay-al-menos-19-muertos\\\/#article\",\"isPartOf\":{\"@id\":\"https:\\\/\\\/informelitoral.com.ar\\\/un-camion-que-iba-a-contramano-choco-a-un-micro-en-mendoza-hay-al-menos-19-muertos\\\/\"},\"author\":{\"name\":\"Gonzalo Schmidt\",\"@id\":\"https:\\\/\\\/informelitoral.com.ar\\\/#\\\/schema\\\/person\\\/b9d00407c836482871ef1d57bf8e3180\"},\"headline\":\"Un cami\u00f3n que iba a contramano choc\u00f3 a un micro en Mendoza: hay al menos 19 muertos\",\"datePublished\":\"2014-02-08T02:12:37+00:00\",\"dateModified\":\"2014-02-08T02:23:03+00:00\",\"mainEntityOfPage\":{\"@id\":\"https:\\\/\\\/informelitoral.com.ar\\\/un-camion-que-iba-a-contramano-choco-a-un-micro-en-mendoza-hay-al-menos-19-muertos\\\/\"},\"wordCount\":535,\"commentCount\":0,\"publisher\":{\"@id\":\"https:\\\/\\\/informelitoral.com.ar\\\/#organization\"},\"image\":{\"@id\":\"https:\\\/\\\/informelitoral.com.ar\\\/un-camion-que-iba-a-contramano-choco-a-un-micro-en-mendoza-hay-al-menos-19-muertos\\\/#primaryimage\"},\"thumbnailUrl\":\"http:\\\/\\\/cdn01.ib.infobae.com\\\/adjuntos\\\/162\\\/imagenes\\\/010\\\/664\\\/0010664252.jpg\",\"articleSection\":[\"Nacionales\"],\"inLanguage\":\"es\",\"potentialAction\":[{\"@type\":\"CommentAction\",\"name\":\"Comment\",\"target\":[\"https:\\\/\\\/informelitoral.com.ar\\\/un-camion-que-iba-a-contramano-choco-a-un-micro-en-mendoza-hay-al-menos-19-muertos\\\/#respond\"]}]},{\"@type\":\"WebPage\",\"@id\":\"https:\\\/\\\/informelitoral.com.ar\\\/un-camion-que-iba-a-contramano-choco-a-un-micro-en-mendoza-hay-al-menos-19-muertos\\\/\",\"url\":\"https:\\\/\\\/informelitoral.com.ar\\\/un-camion-que-iba-a-contramano-choco-a-un-micro-en-mendoza-hay-al-menos-19-muertos\\\/\",\"name\":\"Un cami\u00f3n que iba a contramano choc\u00f3 a un micro en Mendoza: hay al menos 19 muertos - Informe Litoral\",\"isPartOf\":{\"@id\":\"https:\\\/\\\/informelitoral.com.ar\\\/#website\"},\"primaryImageOfPage\":{\"@id\":\"https:\\\/\\\/informelitoral.com.ar\\\/un-camion-que-iba-a-contramano-choco-a-un-micro-en-mendoza-hay-al-menos-19-muertos\\\/#primaryimage\"},\"image\":{\"@id\":\"https:\\\/\\\/informelitoral.com.ar\\\/un-camion-que-iba-a-contramano-choco-a-un-micro-en-mendoza-hay-al-menos-19-muertos\\\/#primaryimage\"},\"thumbnailUrl\":\"http:\\\/\\\/cdn01.ib.infobae.com\\\/adjuntos\\\/162\\\/imagenes\\\/010\\\/664\\\/0010664252.jpg\",\"datePublished\":\"2014-02-08T02:12:37+00:00\",\"dateModified\":\"2014-02-08T02:23:03+00:00\",\"breadcrumb\":{\"@id\":\"https:\\\/\\\/informelitoral.com.ar\\\/un-camion-que-iba-a-contramano-choco-a-un-micro-en-mendoza-hay-al-menos-19-muertos\\\/#breadcrumb\"},\"inLanguage\":\"es\",\"potentialAction\":[{\"@type\":\"ReadAction\",\"target\":[\"https:\\\/\\\/informelitoral.com.ar\\\/un-camion-que-iba-a-contramano-choco-a-un-micro-en-mendoza-hay-al-menos-19-muertos\\\/\"]}]},{\"@type\":\"ImageObject\",\"inLanguage\":\"es\",\"@id\":\"https:\\\/\\\/informelitoral.com.ar\\\/un-camion-que-iba-a-contramano-choco-a-un-micro-en-mendoza-hay-al-menos-19-muertos\\\/#primaryimage\",\"url\":\"http:\\\/\\\/cdn01.ib.infobae.com\\\/adjuntos\\\/162\\\/imagenes\\\/010\\\/664\\\/0010664252.jpg\",\"contentUrl\":\"http:\\\/\\\/cdn01.ib.infobae.com\\\/adjuntos\\\/162\\\/imagenes\\\/010\\\/664\\\/0010664252.jpg\"},{\"@type\":\"BreadcrumbList\",\"@id\":\"https:\\\/\\\/informelitoral.com.ar\\\/un-camion-que-iba-a-contramano-choco-a-un-micro-en-mendoza-hay-al-menos-19-muertos\\\/#breadcrumb\",\"itemListElement\":[{\"@type\":\"ListItem\",\"position\":1,\"name\":\"Portada\",\"item\":\"https:\\\/\\\/informelitoral.com.ar\\\/\"},{\"@type\":\"ListItem\",\"position\":2,\"name\":\"Un cami\u00f3n que iba a contramano choc\u00f3 a un micro en Mendoza: hay al menos 19 muertos\"}]},{\"@type\":\"WebSite\",\"@id\":\"https:\\\/\\\/informelitoral.com.ar\\\/#website\",\"url\":\"https:\\\/\\\/informelitoral.com.ar\\\/\",\"name\":\"Informe Litoral\",\"description\":\"&quot;Nos informamos&quot; \",\"publisher\":{\"@id\":\"https:\\\/\\\/informelitoral.com.ar\\\/#organization\"},\"potentialAction\":[{\"@type\":\"SearchAction\",\"target\":{\"@type\":\"EntryPoint\",\"urlTemplate\":\"https:\\\/\\\/informelitoral.com.ar\\\/?s={search_term_string}\"},\"query-input\":{\"@type\":\"PropertyValueSpecification\",\"valueRequired\":true,\"valueName\":\"search_term_string\"}}],\"inLanguage\":\"es\"},{\"@type\":\"Organization\",\"@id\":\"https:\\\/\\\/informelitoral.com.ar\\\/#organization\",\"name\":\"Informe Litoral\",\"url\":\"https:\\\/\\\/informelitoral.com.ar\\\/\",\"logo\":{\"@type\":\"ImageObject\",\"inLanguage\":\"es\",\"@id\":\"https:\\\/\\\/informelitoral.com.ar\\\/#\\\/schema\\\/logo\\\/image\\\/\",\"url\":\"https:\\\/\\\/informelitoral.com.ar\\\/%77%70%2d%63%6f%6e%74%65%6e%74\\\/uploads\\\/2021\\\/01\\\/circulo.png\",\"contentUrl\":\"https:\\\/\\\/informelitoral.com.ar\\\/%77%70%2d%63%6f%6e%74%65%6e%74\\\/uploads\\\/2021\\\/01\\\/circulo.png\",\"width\":723,\"height\":731,\"caption\":\"Informe Litoral\"},\"image\":{\"@id\":\"https:\\\/\\\/informelitoral.com.ar\\\/#\\\/schema\\\/logo\\\/image\\\/\"},\"sameAs\":[\"https:\\\/\\\/www.facebook.com\\\/informelitoral\\\/\",\"https:\\\/\\\/x.com\\\/InformeLitoral\",\"https:\\\/\\\/www.instagram.com\\\/informelitoral\\\/\",\"https:\\\/\\\/www.youtube.com\\\/channel\\\/UCua4Qvz8Icb6MYqhoq9xLXw\"]},{\"@type\":\"Person\",\"@id\":\"https:\\\/\\\/informelitoral.com.ar\\\/#\\\/schema\\\/person\\\/b9d00407c836482871ef1d57bf8e3180\",\"name\":\"Gonzalo Schmidt\",\"image\":{\"@type\":\"ImageObject\",\"inLanguage\":\"es\",\"@id\":\"https:\\\/\\\/secure.gravatar.com\\\/avatar\\\/31a1a7b66ff2de83bd0e9fd79d026630d2d99e55e8bfe501287647b4fd9743de?s=96&d=mm&r=g\",\"url\":\"https:\\\/\\\/secure.gravatar.com\\\/avatar\\\/31a1a7b66ff2de83bd0e9fd79d026630d2d99e55e8bfe501287647b4fd9743de?s=96&d=mm&r=g\",\"contentUrl\":\"https:\\\/\\\/secure.gravatar.com\\\/avatar\\\/31a1a7b66ff2de83bd0e9fd79d026630d2d99e55e8bfe501287647b4fd9743de?s=96&d=mm&r=g\",\"caption\":\"Gonzalo Schmidt\"},\"description\":\"Sitio web de noticias de la provincia de Entre R\u00edos, Argentina. Informaci\u00f3n y entretenimiento. Informe Litoral, nos informamos.\",\"sameAs\":[\"http:\\\/\\\/www.isletasnoticias.com.ar\"],\"url\":\"https:\\\/\\\/informelitoral.com.ar\\\/author\\\/gonzalo\\\/\"}]}<\/script>","yoast_head_json":{"title":"Un cami\u00f3n que iba a contramano choc\u00f3 a un micro en Mendoza: hay al menos 19 muertos - Informe Litoral","robots":{"index":"index","follow":"follow","max-snippet":"max-snippet:-1","max-image-preview":"max-image-preview:large","max-video-preview":"max-video-preview:-1"},"canonical":"https:\/\/informelitoral.com.ar\/un-camion-que-iba-a-contramano-choco-a-un-micro-en-mendoza-hay-al-menos-19-muertos\/","og_locale":"es_ES","og_type":"article","og_title":"Un cami\u00f3n que iba a contramano choc\u00f3 a un micro en Mendoza: hay al menos 19 muertos - Informe Litoral","og_description":"Ocurri&oacute; en la v&iacute;a lateral de la&nbsp;Ruta 7, frente al aut&oacute;dromo &Aacute;ngel Pena de&nbsp;San Mart&iacute;n.&nbsp;El colectivo, que hab&iacute;a salido de C&oacute;rdoba, se incendi&oacute; por completo. Fueron hospitalizadas&nbsp;14 personas, de las cuales dos est&aacute;n graves. Al menos 19 personas murieron como consecuencia de un choque frontal entre un micro de larga distancia y un cami&oacute;n a [&hellip;]","og_url":"https:\/\/informelitoral.com.ar\/un-camion-que-iba-a-contramano-choco-a-un-micro-en-mendoza-hay-al-menos-19-muertos\/","og_site_name":"Informe Litoral","article_publisher":"https:\/\/www.facebook.com\/informelitoral\/","article_published_time":"2014-02-08T02:12:37+00:00","article_modified_time":"2014-02-08T02:23:03+00:00","og_image":[{"url":"http:\/\/cdn01.ib.infobae.com\/adjuntos\/162\/imagenes\/010\/664\/0010664252.jpg","type":"","width":"","height":""}],"author":"Gonzalo Schmidt","twitter_card":"summary_large_image","twitter_creator":"@InformeLitoral","twitter_site":"@InformeLitoral","twitter_misc":{"Escrito por":"Gonzalo Schmidt","Tiempo de lectura":"3 minutos"},"schema":{"@context":"https:\/\/schema.org","@graph":[{"@type":"Article","@id":"https:\/\/informelitoral.com.ar\/un-camion-que-iba-a-contramano-choco-a-un-micro-en-mendoza-hay-al-menos-19-muertos\/#article","isPartOf":{"@id":"https:\/\/informelitoral.com.ar\/un-camion-que-iba-a-contramano-choco-a-un-micro-en-mendoza-hay-al-menos-19-muertos\/"},"author":{"name":"Gonzalo Schmidt","@id":"https:\/\/informelitoral.com.ar\/#\/schema\/person\/b9d00407c836482871ef1d57bf8e3180"},"headline":"Un cami\u00f3n que iba a contramano choc\u00f3 a un micro en Mendoza: hay al menos 19 muertos","datePublished":"2014-02-08T02:12:37+00:00","dateModified":"2014-02-08T02:23:03+00:00","mainEntityOfPage":{"@id":"https:\/\/informelitoral.com.ar\/un-camion-que-iba-a-contramano-choco-a-un-micro-en-mendoza-hay-al-menos-19-muertos\/"},"wordCount":535,"commentCount":0,"publisher":{"@id":"https:\/\/informelitoral.com.ar\/#organization"},"image":{"@id":"https:\/\/informelitoral.com.ar\/un-camion-que-iba-a-contramano-choco-a-un-micro-en-mendoza-hay-al-menos-19-muertos\/#primaryimage"},"thumbnailUrl":"http:\/\/cdn01.ib.infobae.com\/adjuntos\/162\/imagenes\/010\/664\/0010664252.jpg","articleSection":["Nacionales"],"inLanguage":"es","potentialAction":[{"@type":"CommentAction","name":"Comment","target":["https:\/\/informelitoral.com.ar\/un-camion-que-iba-a-contramano-choco-a-un-micro-en-mendoza-hay-al-menos-19-muertos\/#respond"]}]},{"@type":"WebPage","@id":"https:\/\/informelitoral.com.ar\/un-camion-que-iba-a-contramano-choco-a-un-micro-en-mendoza-hay-al-menos-19-muertos\/","url":"https:\/\/informelitoral.com.ar\/un-camion-que-iba-a-contramano-choco-a-un-micro-en-mendoza-hay-al-menos-19-muertos\/","name":"Un cami\u00f3n que iba a contramano choc\u00f3 a un micro en Mendoza: hay al menos 19 muertos - Informe Litoral","isPartOf":{"@id":"https:\/\/informelitoral.com.ar\/#website"},"primaryImageOfPage":{"@id":"https:\/\/informelitoral.com.ar\/un-camion-que-iba-a-contramano-choco-a-un-micro-en-mendoza-hay-al-menos-19-muertos\/#primaryimage"},"image":{"@id":"https:\/\/informelitoral.com.ar\/un-camion-que-iba-a-contramano-choco-a-un-micro-en-mendoza-hay-al-menos-19-muertos\/#primaryimage"},"thumbnailUrl":"http:\/\/cdn01.ib.infobae.com\/adjuntos\/162\/imagenes\/010\/664\/0010664252.jpg","datePublished":"2014-02-08T02:12:37+00:00","dateModified":"2014-02-08T02:23:03+00:00","breadcrumb":{"@id":"https:\/\/informelitoral.com.ar\/un-camion-que-iba-a-contramano-choco-a-un-micro-en-mendoza-hay-al-menos-19-muertos\/#breadcrumb"},"inLanguage":"es","potentialAction":[{"@type":"ReadAction","target":["https:\/\/informelitoral.com.ar\/un-camion-que-iba-a-contramano-choco-a-un-micro-en-mendoza-hay-al-menos-19-muertos\/"]}]},{"@type":"ImageObject","inLanguage":"es","@id":"https:\/\/informelitoral.com.ar\/un-camion-que-iba-a-contramano-choco-a-un-micro-en-mendoza-hay-al-menos-19-muertos\/#primaryimage","url":"http:\/\/cdn01.ib.infobae.com\/adjuntos\/162\/imagenes\/010\/664\/0010664252.jpg","contentUrl":"http:\/\/cdn01.ib.infobae.com\/adjuntos\/162\/imagenes\/010\/664\/0010664252.jpg"},{"@type":"BreadcrumbList","@id":"https:\/\/informelitoral.com.ar\/un-camion-que-iba-a-contramano-choco-a-un-micro-en-mendoza-hay-al-menos-19-muertos\/#breadcrumb","itemListElement":[{"@type":"ListItem","position":1,"name":"Portada","item":"https:\/\/informelitoral.com.ar\/"},{"@type":"ListItem","position":2,"name":"Un cami\u00f3n que iba a contramano choc\u00f3 a un micro en Mendoza: hay al menos 19 muertos"}]},{"@type":"WebSite","@id":"https:\/\/informelitoral.com.ar\/#website","url":"https:\/\/informelitoral.com.ar\/","name":"Informe Litoral","description":"&quot;Nos informamos&quot; ","publisher":{"@id":"https:\/\/informelitoral.com.ar\/#organization"},"potentialAction":[{"@type":"SearchAction","target":{"@type":"EntryPoint","urlTemplate":"https:\/\/informelitoral.com.ar\/?s={search_term_string}"},"query-input":{"@type":"PropertyValueSpecification","valueRequired":true,"valueName":"search_term_string"}}],"inLanguage":"es"},{"@type":"Organization","@id":"https:\/\/informelitoral.com.ar\/#organization","name":"Informe Litoral","url":"https:\/\/informelitoral.com.ar\/","logo":{"@type":"ImageObject","inLanguage":"es","@id":"https:\/\/informelitoral.com.ar\/#\/schema\/logo\/image\/","url":"https:\/\/informelitoral.com.ar\/%77%70%2d%63%6f%6e%74%65%6e%74\/uploads\/2021\/01\/circulo.png","contentUrl":"https:\/\/informelitoral.com.ar\/%77%70%2d%63%6f%6e%74%65%6e%74\/uploads\/2021\/01\/circulo.png","width":723,"height":731,"caption":"Informe Litoral"},"image":{"@id":"https:\/\/informelitoral.com.ar\/#\/schema\/logo\/image\/"},"sameAs":["https:\/\/www.facebook.com\/informelitoral\/","https:\/\/x.com\/InformeLitoral","https:\/\/www.instagram.com\/informelitoral\/","https:\/\/www.youtube.com\/channel\/UCua4Qvz8Icb6MYqhoq9xLXw"]},{"@type":"Person","@id":"https:\/\/informelitoral.com.ar\/#\/schema\/person\/b9d00407c836482871ef1d57bf8e3180","name":"Gonzalo Schmidt","image":{"@type":"ImageObject","inLanguage":"es","@id":"https:\/\/secure.gravatar.com\/avatar\/31a1a7b66ff2de83bd0e9fd79d026630d2d99e55e8bfe501287647b4fd9743de?s=96&d=mm&r=g","url":"https:\/\/secure.gravatar.com\/avatar\/31a1a7b66ff2de83bd0e9fd79d026630d2d99e55e8bfe501287647b4fd9743de?s=96&d=mm&r=g","contentUrl":"https:\/\/secure.gravatar.com\/avatar\/31a1a7b66ff2de83bd0e9fd79d026630d2d99e55e8bfe501287647b4fd9743de?s=96&d=mm&r=g","caption":"Gonzalo Schmidt"},"description":"Sitio web de noticias de la provincia de Entre R\u00edos, Argentina. Informaci\u00f3n y entretenimiento. Informe Litoral, nos informamos.","sameAs":["http:\/\/www.isletasnoticias.com.ar"],"url":"https:\/\/informelitoral.com.ar\/author\/gonzalo\/"}]}},"_links":{"self":[{"href":"https:\/\/informelitoral.com.ar\/%77%70%2d%6a%73%6f%6e\/wp\/v2\/posts\/5517","targetHints":{"allow":["GET"]}}],"collection":[{"href":"https:\/\/informelitoral.com.ar\/%77%70%2d%6a%73%6f%6e\/wp\/v2\/posts"}],"about":[{"href":"https:\/\/informelitoral.com.ar\/%77%70%2d%6a%73%6f%6e\/wp\/v2\/types\/post"}],"author":[{"embeddable":true,"href":"https:\/\/informelitoral.com.ar\/%77%70%2d%6a%73%6f%6e\/wp\/v2\/users\/2"}],"replies":[{"embeddable":true,"href":"https:\/\/informelitoral.com.ar\/%77%70%2d%6a%73%6f%6e\/wp\/v2\/comments?post=5517"}],"version-history":[{"count":0,"href":"https:\/\/informelitoral.com.ar\/%77%70%2d%6a%73%6f%6e\/wp\/v2\/posts\/5517\/revisions"}],"wp:attachment":[{"href":"https:\/\/informelitoral.com.ar\/%77%70%2d%6a%73%6f%6e\/wp\/v2\/media?parent=5517"}],"wp:term":[{"taxonomy":"category","embeddable":true,"href":"https:\/\/informelitoral.com.ar\/%77%70%2d%6a%73%6f%6e\/wp\/v2\/categories?post=5517"},{"taxonomy":"post_tag","embeddable":true,"href":"https:\/\/informelitoral.com.ar\/%77%70%2d%6a%73%6f%6e\/wp\/v2\/tags?post=5517"}],"curies":[{"name":"wp","href":"https:\/\/api.w.org\/{rel}","templated":true}]}}