{"id":5513,"date":"2014-02-07T09:20:03","date_gmt":"2014-02-07T12:20:03","guid":{"rendered":"http:\/\/www.isletasnoticias.com.ar\/?p=5513"},"modified":"2014-02-07T09:20:03","modified_gmt":"2014-02-07T12:20:03","slug":"confirmado-el-indio-solari-tocara-en-gualeguaychu","status":"publish","type":"post","link":"https:\/\/informelitoral.com.ar\/confirmado-el-indio-solari-tocara-en-gualeguaychu\/","title":{"rendered":"Confirmado: el Indio Solari tocar\u00e1 en Gualeguaych\u00fa"},"content":{"rendered":"<p><strong>Autoridades del Ministerio de Cultura y Comunicaci\u00f3n hicieron saber que el m\u00edtico exl\u00edder de Los Redondos, celebrar\u00e1 su \u00abmisa india\u00bb el 12 de abril, en Gualeguaych\u00fa. Estar\u00e1 presentando su \u00falt<strong>imo material discogr\u00e1fico: \u00abPajaritos, bravos muchachitos\u00bb.<\/strong><a href=\"http:\/\/www.isletasnoticias.com.ar\/%77%70%2d%63%6f%6e%74%65%6e%74\/uploads\/2014\/02\/indio1.jpg_141358524.jpg\"><img loading=\"lazy\" decoding=\"async\" class=\"aligncenter size-medium wp-image-5514\" alt=\"indio1.jpg_141358524\" src=\"http:\/\/www.isletasnoticias.com.ar\/%77%70%2d%63%6f%6e%74%65%6e%74\/uploads\/2014\/02\/indio1.jpg_141358524-300x224.jpg\" width=\"300\" height=\"224\" srcset=\"https:\/\/informelitoral.com.ar\/%77%70%2d%63%6f%6e%74%65%6e%74\/uploads\/2014\/02\/indio1.jpg_141358524-300x224.jpg 300w, https:\/\/informelitoral.com.ar\/%77%70%2d%63%6f%6e%74%65%6e%74\/uploads\/2014\/02\/indio1.jpg_141358524.jpg 621w\" sizes=\"auto, (max-width: 300px) 100vw, 300px\" \/><\/a><\/strong><\/p>\n<p>El Indio Solari, exl\u00edder de Los Redondos, se presentar\u00e1 el pr\u00f3ximo 12 de abril en Gualeguaych\u00fa con \u201cPajaritos, bravos muchachitos\u201d, su m\u00e1s reciente material discogr\u00e1fico.<\/p>\n<p>A\u00fan se aguardan precisiones en cuanto al evento, sin embargo se prev\u00e9 que el predio elegido para celebrar la\u00a0<em>misa<\/em>\u00a0sea el Hip\u00f3dromo de esa ciudad, ya que ese espacio cuenta con una capacidad de 200 mil personas, aproximadamente.<\/p>\n<p>El ministro de Cultura y Comunicaci\u00f3n de la provincia de Entre R\u00edos, <strong>Pedro B\u00e1ez<\/strong>, confirm\u00f3 esta jueves la informaci\u00f3n publicada por la agencia nacional <em>T\u00e9lam<\/em>; inform\u00f3 que estuvo reunido con el equipo de producci\u00f3n de Solari, quienes confirmaron la fecha programada.<\/p>\n<p>Ser\u00e1 en su tierra natal, donde Solari estrene \u00abPajaritos, bravos muchachitos\u00bb, cuarto \u00e1lbum del artista en calidad de solista, publicado en diciembre pasado.<\/p>\n<p>Con una notable trayectoria en solitario marcada por los discos \u00abEl tesoro de los inocentes, de 2004; \u00abPorco Rex\u00bb, de 2007; y \u00abEl perfume de la tempestad\u00bb, de 2010, Solari contin\u00faa reactualizando la leyenda del grupo del que fue voz cantante.<\/p>\n<p>Cada presentaci\u00f3n es una fiesta multitudinaria como, por caso, la de septiembre de 2013 que congreg\u00f3 a m\u00e1s de 120.000 personas en Mendoza.<br \/>\n<strong><\/strong><\/p>\n<p><strong>No es la primera vez<\/strong><br \/>\nEsta presentaci\u00f3n de Solari, no ser\u00eda la primera en suelo entrerriano. Seg\u00fan <em>UNO<\/em> pudo constatar, un 8 de diciembre de 1995, Solari (entonces l\u00edder de los Los Redonditos de Ricota) visit\u00f3 la ciudad de Concordia, m\u00e1s precisamente un boliche llamado \u00abCosta Chaval\u00bb. En aquella ocasi\u00f3n, seg\u00fan publica una p\u00e1gina web ricotera, Poli -una de las m\u00e1nagers del grupo- declaraba\u00a0<em>\u00abEs la primera vez que vamos a Entre R\u00edos y estamos entusiasmad\u00edsimos, preparando todo. Cada vez nos gusta m\u00e1s tocar en el interior del pa\u00eds\u00bb<\/em>. As\u00ed, este no ser\u00eda el primer show que Solari da en Entre R\u00edos, aunque s\u00ed ser\u00eda el primer show que brinda con la banda que lo acompa\u00f1a desde hace algunos a\u00f1os Los Fundamentalistas del Aire Acondicionado.<\/p>\n","protected":false},"excerpt":{"rendered":"<p>Autoridades del Ministerio de Cultura y Comunicaci&oacute;n hicieron saber que el m&iacute;tico exl&iacute;der de Los Redondos, celebrar&aacute; su &laquo;misa india&raquo; el 12 de abril, en Gualeguaych&uacute;. Estar&aacute; presentando su &uacute;ltimo material discogr&aacute;fico: &laquo;Pajaritos, bravos muchachitos&raquo;. El Indio Solari, exl&iacute;der de Los Redondos, se presentar&aacute; el pr&oacute;ximo 12 de abril en Gualeguaych&uacute; con &ldquo;Pajaritos, bravos muchachitos&rdquo;, [&hellip;]<\/p>\n","protected":false},"author":2,"featured_media":0,"comment_status":"open","ping_status":"open","sticky":false,"template":"","format":"standard","meta":{"fifu_image_url":"","fifu_image_alt":"","footnotes":""},"categories":[6,12,9],"tags":[],"class_list":{"0":"post-5513","1":"post","2":"type-post","3":"status-publish","4":"format-standard","6":"category-entre-rios","7":"category-espectaculos","8":"category-sociedad"},"yoast_head":"<title>Confirmado: el Indio Solari tocar\u00e1 en Gualeguaych\u00fa - Informe Litoral<\/title>\n<meta name=\"robots\" content=\"index, follow, max-snippet:-1, max-image-preview:large, max-video-preview:-1\" \/>\n<link rel=\"canonical\" href=\"https:\/\/informelitoral.com.ar\/confirmado-el-indio-solari-tocara-en-gualeguaychu\/\" \/>\n<meta property=\"og:locale\" content=\"es_ES\" \/>\n<meta property=\"og:type\" content=\"article\" \/>\n<meta property=\"og:title\" content=\"Confirmado: el Indio Solari tocar\u00e1 en Gualeguaych\u00fa - Informe Litoral\" \/>\n<meta property=\"og:description\" content=\"Autoridades del Ministerio de Cultura y Comunicaci&oacute;n hicieron saber que el m&iacute;tico exl&iacute;der de Los Redondos, celebrar&aacute; su &laquo;misa india&raquo; el 12 de abril, en Gualeguaych&uacute;. Estar&aacute; presentando su &uacute;ltimo material discogr&aacute;fico: &laquo;Pajaritos, bravos muchachitos&raquo;. El Indio Solari, exl&iacute;der de Los Redondos, se presentar&aacute; el pr&oacute;ximo 12 de abril en Gualeguaych&uacute; con &ldquo;Pajaritos, bravos muchachitos&rdquo;, [&hellip;]\" \/>\n<meta property=\"og:url\" content=\"https:\/\/informelitoral.com.ar\/confirmado-el-indio-solari-tocara-en-gualeguaychu\/\" \/>\n<meta property=\"og:site_name\" content=\"Informe Litoral\" \/>\n<meta property=\"article:publisher\" content=\"https:\/\/www.facebook.com\/informelitoral\/\" \/>\n<meta property=\"article:published_time\" content=\"2014-02-07T12:20:03+00:00\" \/>\n<meta property=\"og:image\" content=\"https:\/\/informelitoral.com.ar\/%77%70%2d%63%6f%6e%74%65%6e%74\/uploads\/2014\/02\/indio1.jpg_141358524.jpg\" \/>\n\t<meta property=\"og:image:width\" content=\"621\" \/>\n\t<meta property=\"og:image:height\" content=\"465\" \/>\n\t<meta property=\"og:image:type\" content=\"image\/jpeg\" \/>\n<meta name=\"author\" content=\"Gonzalo Schmidt\" \/>\n<meta name=\"twitter:card\" content=\"summary_large_image\" \/>\n<meta name=\"twitter:creator\" content=\"@InformeLitoral\" \/>\n<meta name=\"twitter:site\" content=\"@InformeLitoral\" \/>\n<meta name=\"twitter:label1\" content=\"Escrito por\" \/>\n\t<meta name=\"twitter:data1\" content=\"Gonzalo Schmidt\" \/>\n\t<meta name=\"twitter:label2\" content=\"Tiempo de lectura\" \/>\n\t<meta name=\"twitter:data2\" content=\"2 minutos\" \/>\n<script type=\"application\/ld+json\" class=\"yoast-schema-graph\">{\"@context\":\"https:\\\/\\\/schema.org\",\"@graph\":[{\"@type\":\"Article\",\"@id\":\"https:\\\/\\\/informelitoral.com.ar\\\/confirmado-el-indio-solari-tocara-en-gualeguaychu\\\/#article\",\"isPartOf\":{\"@id\":\"https:\\\/\\\/informelitoral.com.ar\\\/confirmado-el-indio-solari-tocara-en-gualeguaychu\\\/\"},\"author\":{\"name\":\"Gonzalo Schmidt\",\"@id\":\"https:\\\/\\\/informelitoral.com.ar\\\/#\\\/schema\\\/person\\\/b9d00407c836482871ef1d57bf8e3180\"},\"headline\":\"Confirmado: el Indio Solari tocar\u00e1 en Gualeguaych\u00fa\",\"datePublished\":\"2014-02-07T12:20:03+00:00\",\"mainEntityOfPage\":{\"@id\":\"https:\\\/\\\/informelitoral.com.ar\\\/confirmado-el-indio-solari-tocara-en-gualeguaychu\\\/\"},\"wordCount\":386,\"commentCount\":0,\"publisher\":{\"@id\":\"https:\\\/\\\/informelitoral.com.ar\\\/#organization\"},\"image\":{\"@id\":\"https:\\\/\\\/informelitoral.com.ar\\\/confirmado-el-indio-solari-tocara-en-gualeguaychu\\\/#primaryimage\"},\"thumbnailUrl\":\"http:\\\/\\\/www.isletasnoticias.com.ar\\\/%77%70%2d%63%6f%6e%74%65%6e%74\\\/uploads\\\/2014\\\/02\\\/indio1.jpg_141358524-300x224.jpg\",\"articleSection\":[\"Entre R\u00edos\",\"Espect\u00e1culos\",\"Sociedad\"],\"inLanguage\":\"es\",\"potentialAction\":[{\"@type\":\"CommentAction\",\"name\":\"Comment\",\"target\":[\"https:\\\/\\\/informelitoral.com.ar\\\/confirmado-el-indio-solari-tocara-en-gualeguaychu\\\/#respond\"]}]},{\"@type\":\"WebPage\",\"@id\":\"https:\\\/\\\/informelitoral.com.ar\\\/confirmado-el-indio-solari-tocara-en-gualeguaychu\\\/\",\"url\":\"https:\\\/\\\/informelitoral.com.ar\\\/confirmado-el-indio-solari-tocara-en-gualeguaychu\\\/\",\"name\":\"Confirmado: el Indio Solari tocar\u00e1 en Gualeguaych\u00fa - Informe Litoral\",\"isPartOf\":{\"@id\":\"https:\\\/\\\/informelitoral.com.ar\\\/#website\"},\"primaryImageOfPage\":{\"@id\":\"https:\\\/\\\/informelitoral.com.ar\\\/confirmado-el-indio-solari-tocara-en-gualeguaychu\\\/#primaryimage\"},\"image\":{\"@id\":\"https:\\\/\\\/informelitoral.com.ar\\\/confirmado-el-indio-solari-tocara-en-gualeguaychu\\\/#primaryimage\"},\"thumbnailUrl\":\"http:\\\/\\\/www.isletasnoticias.com.ar\\\/%77%70%2d%63%6f%6e%74%65%6e%74\\\/uploads\\\/2014\\\/02\\\/indio1.jpg_141358524-300x224.jpg\",\"datePublished\":\"2014-02-07T12:20:03+00:00\",\"breadcrumb\":{\"@id\":\"https:\\\/\\\/informelitoral.com.ar\\\/confirmado-el-indio-solari-tocara-en-gualeguaychu\\\/#breadcrumb\"},\"inLanguage\":\"es\",\"potentialAction\":[{\"@type\":\"ReadAction\",\"target\":[\"https:\\\/\\\/informelitoral.com.ar\\\/confirmado-el-indio-solari-tocara-en-gualeguaychu\\\/\"]}]},{\"@type\":\"ImageObject\",\"inLanguage\":\"es\",\"@id\":\"https:\\\/\\\/informelitoral.com.ar\\\/confirmado-el-indio-solari-tocara-en-gualeguaychu\\\/#primaryimage\",\"url\":\"http:\\\/\\\/www.isletasnoticias.com.ar\\\/%77%70%2d%63%6f%6e%74%65%6e%74\\\/uploads\\\/2014\\\/02\\\/indio1.jpg_141358524-300x224.jpg\",\"contentUrl\":\"http:\\\/\\\/www.isletasnoticias.com.ar\\\/%77%70%2d%63%6f%6e%74%65%6e%74\\\/uploads\\\/2014\\\/02\\\/indio1.jpg_141358524-300x224.jpg\"},{\"@type\":\"BreadcrumbList\",\"@id\":\"https:\\\/\\\/informelitoral.com.ar\\\/confirmado-el-indio-solari-tocara-en-gualeguaychu\\\/#breadcrumb\",\"itemListElement\":[{\"@type\":\"ListItem\",\"position\":1,\"name\":\"Portada\",\"item\":\"https:\\\/\\\/informelitoral.com.ar\\\/\"},{\"@type\":\"ListItem\",\"position\":2,\"name\":\"Confirmado: el Indio Solari tocar\u00e1 en Gualeguaych\u00fa\"}]},{\"@type\":\"WebSite\",\"@id\":\"https:\\\/\\\/informelitoral.com.ar\\\/#website\",\"url\":\"https:\\\/\\\/informelitoral.com.ar\\\/\",\"name\":\"Informe Litoral\",\"description\":\"&quot;Nos informamos&quot; \",\"publisher\":{\"@id\":\"https:\\\/\\\/informelitoral.com.ar\\\/#organization\"},\"potentialAction\":[{\"@type\":\"SearchAction\",\"target\":{\"@type\":\"EntryPoint\",\"urlTemplate\":\"https:\\\/\\\/informelitoral.com.ar\\\/?s={search_term_string}\"},\"query-input\":{\"@type\":\"PropertyValueSpecification\",\"valueRequired\":true,\"valueName\":\"search_term_string\"}}],\"inLanguage\":\"es\"},{\"@type\":\"Organization\",\"@id\":\"https:\\\/\\\/informelitoral.com.ar\\\/#organization\",\"name\":\"Informe Litoral\",\"url\":\"https:\\\/\\\/informelitoral.com.ar\\\/\",\"logo\":{\"@type\":\"ImageObject\",\"inLanguage\":\"es\",\"@id\":\"https:\\\/\\\/informelitoral.com.ar\\\/#\\\/schema\\\/logo\\\/image\\\/\",\"url\":\"https:\\\/\\\/informelitoral.com.ar\\\/%77%70%2d%63%6f%6e%74%65%6e%74\\\/uploads\\\/2021\\\/01\\\/circulo.png\",\"contentUrl\":\"https:\\\/\\\/informelitoral.com.ar\\\/%77%70%2d%63%6f%6e%74%65%6e%74\\\/uploads\\\/2021\\\/01\\\/circulo.png\",\"width\":723,\"height\":731,\"caption\":\"Informe Litoral\"},\"image\":{\"@id\":\"https:\\\/\\\/informelitoral.com.ar\\\/#\\\/schema\\\/logo\\\/image\\\/\"},\"sameAs\":[\"https:\\\/\\\/www.facebook.com\\\/informelitoral\\\/\",\"https:\\\/\\\/x.com\\\/InformeLitoral\",\"https:\\\/\\\/www.instagram.com\\\/informelitoral\\\/\",\"https:\\\/\\\/www.youtube.com\\\/channel\\\/UCua4Qvz8Icb6MYqhoq9xLXw\"]},{\"@type\":\"Person\",\"@id\":\"https:\\\/\\\/informelitoral.com.ar\\\/#\\\/schema\\\/person\\\/b9d00407c836482871ef1d57bf8e3180\",\"name\":\"Gonzalo Schmidt\",\"image\":{\"@type\":\"ImageObject\",\"inLanguage\":\"es\",\"@id\":\"https:\\\/\\\/secure.gravatar.com\\\/avatar\\\/31a1a7b66ff2de83bd0e9fd79d026630d2d99e55e8bfe501287647b4fd9743de?s=96&d=mm&r=g\",\"url\":\"https:\\\/\\\/secure.gravatar.com\\\/avatar\\\/31a1a7b66ff2de83bd0e9fd79d026630d2d99e55e8bfe501287647b4fd9743de?s=96&d=mm&r=g\",\"contentUrl\":\"https:\\\/\\\/secure.gravatar.com\\\/avatar\\\/31a1a7b66ff2de83bd0e9fd79d026630d2d99e55e8bfe501287647b4fd9743de?s=96&d=mm&r=g\",\"caption\":\"Gonzalo Schmidt\"},\"description\":\"Sitio web de noticias de la provincia de Entre R\u00edos, Argentina. Informaci\u00f3n y entretenimiento. Informe Litoral, nos informamos.\",\"sameAs\":[\"http:\\\/\\\/www.isletasnoticias.com.ar\"],\"url\":\"https:\\\/\\\/informelitoral.com.ar\\\/author\\\/gonzalo\\\/\"}]}<\/script>","yoast_head_json":{"title":"Confirmado: el Indio Solari tocar\u00e1 en Gualeguaych\u00fa - Informe Litoral","robots":{"index":"index","follow":"follow","max-snippet":"max-snippet:-1","max-image-preview":"max-image-preview:large","max-video-preview":"max-video-preview:-1"},"canonical":"https:\/\/informelitoral.com.ar\/confirmado-el-indio-solari-tocara-en-gualeguaychu\/","og_locale":"es_ES","og_type":"article","og_title":"Confirmado: el Indio Solari tocar\u00e1 en Gualeguaych\u00fa - Informe Litoral","og_description":"Autoridades del Ministerio de Cultura y Comunicaci&oacute;n hicieron saber que el m&iacute;tico exl&iacute;der de Los Redondos, celebrar&aacute; su &laquo;misa india&raquo; el 12 de abril, en Gualeguaych&uacute;. Estar&aacute; presentando su &uacute;ltimo material discogr&aacute;fico: &laquo;Pajaritos, bravos muchachitos&raquo;. El Indio Solari, exl&iacute;der de Los Redondos, se presentar&aacute; el pr&oacute;ximo 12 de abril en Gualeguaych&uacute; con &ldquo;Pajaritos, bravos muchachitos&rdquo;, [&hellip;]","og_url":"https:\/\/informelitoral.com.ar\/confirmado-el-indio-solari-tocara-en-gualeguaychu\/","og_site_name":"Informe Litoral","article_publisher":"https:\/\/www.facebook.com\/informelitoral\/","article_published_time":"2014-02-07T12:20:03+00:00","og_image":[{"width":621,"height":465,"url":"https:\/\/informelitoral.com.ar\/%77%70%2d%63%6f%6e%74%65%6e%74\/uploads\/2014\/02\/indio1.jpg_141358524.jpg","type":"image\/jpeg"}],"author":"Gonzalo Schmidt","twitter_card":"summary_large_image","twitter_creator":"@InformeLitoral","twitter_site":"@InformeLitoral","twitter_misc":{"Escrito por":"Gonzalo Schmidt","Tiempo de lectura":"2 minutos"},"schema":{"@context":"https:\/\/schema.org","@graph":[{"@type":"Article","@id":"https:\/\/informelitoral.com.ar\/confirmado-el-indio-solari-tocara-en-gualeguaychu\/#article","isPartOf":{"@id":"https:\/\/informelitoral.com.ar\/confirmado-el-indio-solari-tocara-en-gualeguaychu\/"},"author":{"name":"Gonzalo Schmidt","@id":"https:\/\/informelitoral.com.ar\/#\/schema\/person\/b9d00407c836482871ef1d57bf8e3180"},"headline":"Confirmado: el Indio Solari tocar\u00e1 en Gualeguaych\u00fa","datePublished":"2014-02-07T12:20:03+00:00","mainEntityOfPage":{"@id":"https:\/\/informelitoral.com.ar\/confirmado-el-indio-solari-tocara-en-gualeguaychu\/"},"wordCount":386,"commentCount":0,"publisher":{"@id":"https:\/\/informelitoral.com.ar\/#organization"},"image":{"@id":"https:\/\/informelitoral.com.ar\/confirmado-el-indio-solari-tocara-en-gualeguaychu\/#primaryimage"},"thumbnailUrl":"http:\/\/www.isletasnoticias.com.ar\/%77%70%2d%63%6f%6e%74%65%6e%74\/uploads\/2014\/02\/indio1.jpg_141358524-300x224.jpg","articleSection":["Entre R\u00edos","Espect\u00e1culos","Sociedad"],"inLanguage":"es","potentialAction":[{"@type":"CommentAction","name":"Comment","target":["https:\/\/informelitoral.com.ar\/confirmado-el-indio-solari-tocara-en-gualeguaychu\/#respond"]}]},{"@type":"WebPage","@id":"https:\/\/informelitoral.com.ar\/confirmado-el-indio-solari-tocara-en-gualeguaychu\/","url":"https:\/\/informelitoral.com.ar\/confirmado-el-indio-solari-tocara-en-gualeguaychu\/","name":"Confirmado: el Indio Solari tocar\u00e1 en Gualeguaych\u00fa - Informe Litoral","isPartOf":{"@id":"https:\/\/informelitoral.com.ar\/#website"},"primaryImageOfPage":{"@id":"https:\/\/informelitoral.com.ar\/confirmado-el-indio-solari-tocara-en-gualeguaychu\/#primaryimage"},"image":{"@id":"https:\/\/informelitoral.com.ar\/confirmado-el-indio-solari-tocara-en-gualeguaychu\/#primaryimage"},"thumbnailUrl":"http:\/\/www.isletasnoticias.com.ar\/%77%70%2d%63%6f%6e%74%65%6e%74\/uploads\/2014\/02\/indio1.jpg_141358524-300x224.jpg","datePublished":"2014-02-07T12:20:03+00:00","breadcrumb":{"@id":"https:\/\/informelitoral.com.ar\/confirmado-el-indio-solari-tocara-en-gualeguaychu\/#breadcrumb"},"inLanguage":"es","potentialAction":[{"@type":"ReadAction","target":["https:\/\/informelitoral.com.ar\/confirmado-el-indio-solari-tocara-en-gualeguaychu\/"]}]},{"@type":"ImageObject","inLanguage":"es","@id":"https:\/\/informelitoral.com.ar\/confirmado-el-indio-solari-tocara-en-gualeguaychu\/#primaryimage","url":"http:\/\/www.isletasnoticias.com.ar\/%77%70%2d%63%6f%6e%74%65%6e%74\/uploads\/2014\/02\/indio1.jpg_141358524-300x224.jpg","contentUrl":"http:\/\/www.isletasnoticias.com.ar\/%77%70%2d%63%6f%6e%74%65%6e%74\/uploads\/2014\/02\/indio1.jpg_141358524-300x224.jpg"},{"@type":"BreadcrumbList","@id":"https:\/\/informelitoral.com.ar\/confirmado-el-indio-solari-tocara-en-gualeguaychu\/#breadcrumb","itemListElement":[{"@type":"ListItem","position":1,"name":"Portada","item":"https:\/\/informelitoral.com.ar\/"},{"@type":"ListItem","position":2,"name":"Confirmado: el Indio Solari tocar\u00e1 en Gualeguaych\u00fa"}]},{"@type":"WebSite","@id":"https:\/\/informelitoral.com.ar\/#website","url":"https:\/\/informelitoral.com.ar\/","name":"Informe Litoral","description":"&quot;Nos informamos&quot; ","publisher":{"@id":"https:\/\/informelitoral.com.ar\/#organization"},"potentialAction":[{"@type":"SearchAction","target":{"@type":"EntryPoint","urlTemplate":"https:\/\/informelitoral.com.ar\/?s={search_term_string}"},"query-input":{"@type":"PropertyValueSpecification","valueRequired":true,"valueName":"search_term_string"}}],"inLanguage":"es"},{"@type":"Organization","@id":"https:\/\/informelitoral.com.ar\/#organization","name":"Informe Litoral","url":"https:\/\/informelitoral.com.ar\/","logo":{"@type":"ImageObject","inLanguage":"es","@id":"https:\/\/informelitoral.com.ar\/#\/schema\/logo\/image\/","url":"https:\/\/informelitoral.com.ar\/%77%70%2d%63%6f%6e%74%65%6e%74\/uploads\/2021\/01\/circulo.png","contentUrl":"https:\/\/informelitoral.com.ar\/%77%70%2d%63%6f%6e%74%65%6e%74\/uploads\/2021\/01\/circulo.png","width":723,"height":731,"caption":"Informe Litoral"},"image":{"@id":"https:\/\/informelitoral.com.ar\/#\/schema\/logo\/image\/"},"sameAs":["https:\/\/www.facebook.com\/informelitoral\/","https:\/\/x.com\/InformeLitoral","https:\/\/www.instagram.com\/informelitoral\/","https:\/\/www.youtube.com\/channel\/UCua4Qvz8Icb6MYqhoq9xLXw"]},{"@type":"Person","@id":"https:\/\/informelitoral.com.ar\/#\/schema\/person\/b9d00407c836482871ef1d57bf8e3180","name":"Gonzalo Schmidt","image":{"@type":"ImageObject","inLanguage":"es","@id":"https:\/\/secure.gravatar.com\/avatar\/31a1a7b66ff2de83bd0e9fd79d026630d2d99e55e8bfe501287647b4fd9743de?s=96&d=mm&r=g","url":"https:\/\/secure.gravatar.com\/avatar\/31a1a7b66ff2de83bd0e9fd79d026630d2d99e55e8bfe501287647b4fd9743de?s=96&d=mm&r=g","contentUrl":"https:\/\/secure.gravatar.com\/avatar\/31a1a7b66ff2de83bd0e9fd79d026630d2d99e55e8bfe501287647b4fd9743de?s=96&d=mm&r=g","caption":"Gonzalo Schmidt"},"description":"Sitio web de noticias de la provincia de Entre R\u00edos, Argentina. Informaci\u00f3n y entretenimiento. Informe Litoral, nos informamos.","sameAs":["http:\/\/www.isletasnoticias.com.ar"],"url":"https:\/\/informelitoral.com.ar\/author\/gonzalo\/"}]}},"_links":{"self":[{"href":"https:\/\/informelitoral.com.ar\/%77%70%2d%6a%73%6f%6e\/wp\/v2\/posts\/5513","targetHints":{"allow":["GET"]}}],"collection":[{"href":"https:\/\/informelitoral.com.ar\/%77%70%2d%6a%73%6f%6e\/wp\/v2\/posts"}],"about":[{"href":"https:\/\/informelitoral.com.ar\/%77%70%2d%6a%73%6f%6e\/wp\/v2\/types\/post"}],"author":[{"embeddable":true,"href":"https:\/\/informelitoral.com.ar\/%77%70%2d%6a%73%6f%6e\/wp\/v2\/users\/2"}],"replies":[{"embeddable":true,"href":"https:\/\/informelitoral.com.ar\/%77%70%2d%6a%73%6f%6e\/wp\/v2\/comments?post=5513"}],"version-history":[{"count":0,"href":"https:\/\/informelitoral.com.ar\/%77%70%2d%6a%73%6f%6e\/wp\/v2\/posts\/5513\/revisions"}],"wp:attachment":[{"href":"https:\/\/informelitoral.com.ar\/%77%70%2d%6a%73%6f%6e\/wp\/v2\/media?parent=5513"}],"wp:term":[{"taxonomy":"category","embeddable":true,"href":"https:\/\/informelitoral.com.ar\/%77%70%2d%6a%73%6f%6e\/wp\/v2\/categories?post=5513"},{"taxonomy":"post_tag","embeddable":true,"href":"https:\/\/informelitoral.com.ar\/%77%70%2d%6a%73%6f%6e\/wp\/v2\/tags?post=5513"}],"curies":[{"name":"wp","href":"https:\/\/api.w.org\/{rel}","templated":true}]}}