{"id":54932,"date":"2020-12-21T21:22:27","date_gmt":"2020-12-22T00:22:27","guid":{"rendered":"https:\/\/www.isletasnoticias.com.ar\/?p=54932"},"modified":"2020-12-21T21:22:27","modified_gmt":"2020-12-22T00:22:27","slug":"coronavirus-ante-el-temor-de-una-segunda-ola-de-contagios-el-gobierno-evalua-el-cierre-de-las-fronteras-con-brasil","status":"publish","type":"post","link":"https:\/\/informelitoral.com.ar\/coronavirus-ante-el-temor-de-una-segunda-ola-de-contagios-el-gobierno-evalua-el-cierre-de-las-fronteras-con-brasil\/","title":{"rendered":"Coronavirus: ante el temor de una segunda ola de contagios, el Gobierno eval\u00faa el cierre de las fronteras con Brasil"},"content":{"rendered":"<p class=\"paragraph\">Una reuni\u00f3n del comit\u00e9 de expertos convocada por el ministro de Salud, Gin\u00e9s Gonz\u00e1lez Garc\u00eda, analiz\u00f3 la situaci\u00f3n epidemiol\u00f3gica de Europa y de los pa\u00edses vecinos para evaluar si existe la necesidad de volver al cierre de fronteras que se implement\u00f3 al comienzo de la crisis pand\u00e9mica. Si bien ning\u00fan funcionario quiso reconocerlo,\u00a0<mark class=\"hl_yellow\"><b>m\u00e1s que la llegada de una nueva cepa proveniente del Reino Unido, los epidemi\u00f3logos manifestaron mayor preocupaci\u00f3n por el aumento de casos en Brasil.<\/b><\/mark><\/p>\n<p class=\"paragraph\">En el sal\u00f3n azul de Salud se reunieron\u00a0<b>Angela Gentile, Omar Sued, Eduardo L\u00f3pez, Gustavo Lopardo y Tom\u00e1s Orduna\u00a0<\/b>y<b>\u00a0<\/b>tambi\u00e9n particip\u00f3 el jefe de Gabinete del Ministro,\u00a0<b>Lisandro Bonelli.<\/b>\u00a0La viceministra Carla Vizzotti no pudo estar presente ya que se encuentra en Mosc\u00fa coordinando los preparativos para la llegada a la Argentina del primer lote de vacunas rusas, que se concretar\u00eda en los pr\u00f3ximos d\u00edas.<\/p>\n<p class=\"paragraph\"><b>\u201cFue una reuni\u00f3n de las habituales\u201d, dijo un vocero del \u00e1rea.<\/b>\u00a0En Casa Rosada, sin embargo, dirig\u00edan las consultas hacia Salud buscando esperar por las definiciones pol\u00edticas, que definitivamente hoy no llegar\u00e1n.<\/p>\n<p class=\"paragraph\">A la salida del c\u00f3nclave, el Ministro cont\u00f3 que se habl\u00f3 principalmente de las mutaciones del virus y que las \u00fanicas precisiones que tienen hasta el momento es que \u201cse ha incentivado su capacidad de contagio y que es un 70% m\u00e1s transmisible\u201d. Sin embargo, aclar\u00f3 que la nueva cepa\u00a0<mark class=\"hl_yellow\"><b>\u201cno aumenta la gravedad ni la mortalidad\u201d y que tampoco interfiere en la vacuna: \u201cAct\u00faa igual con estas mutaciones\u201d.<\/b><\/mark><\/p>\n<p class=\"paragraph\">Sobre un posible cierre de fronteras, si bien no lo confirm\u00f3, tampoco lo descart\u00f3:\u00a0<b>\u201cVamos a tomar todas las medidas necesarias\u201d.<\/b><picture class=\"visual__image\"><source srcset=\"https:\/\/www.infobae.com\/new-resizer\/pVnRICfExsRjzmBSmn3t383vQ4o=\/768x512\/filters:format(jpg):quality(85)\/cloudfront-us-east-1.images.arcpublishing.com\/infobae\/5PNTC3TMNDNM7KY42E2MCR7JCU.jpg 1200w\" type=\"image\/jpg\" \/><source srcset=\"https:\/\/www.infobae.com\/new-resizer\/pVnRICfExsRjzmBSmn3t383vQ4o=\/768x512\/filters:format(jpg):quality(85)\/cloudfront-us-east-1.images.arcpublishing.com\/infobae\/5PNTC3TMNDNM7KY42E2MCR7JCU.jpg 992w\" type=\"image\/jpg\" \/><source srcset=\"https:\/\/www.infobae.com\/new-resizer\/pVnRICfExsRjzmBSmn3t383vQ4o=\/768x512\/filters:format(jpg):quality(85)\/cloudfront-us-east-1.images.arcpublishing.com\/infobae\/5PNTC3TMNDNM7KY42E2MCR7JCU.jpg 768w\" type=\"image\/jpg\" \/><source srcset=\"https:\/\/www.infobae.com\/new-resizer\/opoSJXKjXdlTgHy4CrdpAr3KGZk=\/420x280\/filters:format(jpg):quality(85)\/cloudfront-us-east-1.images.arcpublishing.com\/infobae\/5PNTC3TMNDNM7KY42E2MCR7JCU.jpg 420w\" type=\"image\/jpg\" \/><\/picture><\/p>\n<p class=\"paragraph\">La preocupaci\u00f3n del Gobierno comenz\u00f3 a instalarse tras las precauciones que los principales pa\u00edses europeos est\u00e1n tomando en relaci\u00f3n a la aparici\u00f3n de nuevas cepas del COVID-19, no solo en el Reino Unido sino tambi\u00e9n en otros pa\u00edses, y\u00a0<b>Gonz\u00e1lez Garc\u00eda decidi\u00f3 pedir asesoramiento para elevar una posici\u00f3n fundamentada al Presidente<\/b>, el Jefe de Gabinete y el Ministro del Interior, que hoy compartieron un acto en Tierra del Fuego que los mantuvo en el sur durante todo el d\u00eda. Se supone que\u00a0<b>ma\u00f1ana mismo podr\u00edan tomarse las decisiones precisas.<\/b><\/p>\n<p class=\"paragraph\">En efecto,\u00a0Brasil registr\u00f3 en las \u00faltimas 24 horas 50.177 nuevos contagios\u00a0y 706 muertes por COVID-19, con lo que el total de casos lleg\u00f3 a 7,2 millones y 186.000 fallecidos, seg\u00fan el bolet\u00edn divulgado por el Ministerio de Salud. Su tasa de letalidad es de 2.6% de muertes entre los contagiados.<\/p>\n<p class=\"paragraph\">Con 210 millones de habitantes,\u00a0<b>Brasil es uno de los epicentros globales de la pandemia y el segundo pa\u00eds con mayor n\u00famero de muertes, despu\u00e9s de Estados Unidos<\/b>, lo que demostrar\u00eda que vive una segunda ola de la epidemia sin haber superado la primera. El gobierno de Bolsonaro anunci\u00f3 las l\u00edneas maestras de un plan de vacunaci\u00f3n, pero a\u00fan no fij\u00f3 una fecha de inicio del proceso. Mientras tanto, no reconoci\u00f3 la llegada de una segunda ola, a pesar de que varios gobiernos estaduales as\u00ed lo expresaron.<picture class=\"visual__image\"><source srcset=\"https:\/\/www.infobae.com\/new-resizer\/pi6G8B6-Elb0ZQWEj7zLSeotJH4=\/768x512\/filters:format(jpg):quality(85)\/cloudfront-us-east-1.images.arcpublishing.com\/infobae\/ET35RCUNSZGWDI5MVVMNRNJ3YY.jpg 1200w\" type=\"image\/jpg\" \/><source srcset=\"https:\/\/www.infobae.com\/new-resizer\/pi6G8B6-Elb0ZQWEj7zLSeotJH4=\/768x512\/filters:format(jpg):quality(85)\/cloudfront-us-east-1.images.arcpublishing.com\/infobae\/ET35RCUNSZGWDI5MVVMNRNJ3YY.jpg 992w\" type=\"image\/jpg\" \/><source srcset=\"https:\/\/www.infobae.com\/new-resizer\/pi6G8B6-Elb0ZQWEj7zLSeotJH4=\/768x512\/filters:format(jpg):quality(85)\/cloudfront-us-east-1.images.arcpublishing.com\/infobae\/ET35RCUNSZGWDI5MVVMNRNJ3YY.jpg 768w\" type=\"image\/jpg\" \/><source srcset=\"https:\/\/www.infobae.com\/new-resizer\/QrGYyjX-tuT1LdBn3LUKvCXAkHs=\/420x280\/filters:format(jpg):quality(85)\/cloudfront-us-east-1.images.arcpublishing.com\/infobae\/ET35RCUNSZGWDI5MVVMNRNJ3YY.jpg 420w\" type=\"image\/jpg\" \/><\/picture><\/p>\n<p class=\"paragraph\"><b>En Brasil mismo existe preocupaci\u00f3n por la situaci\u00f3n que pueda generarse despu\u00e9s de las fiestas de fin de a\u00f1o<\/b>, ya que est\u00e1n colmadas las plazas de hoteles y caba\u00f1as en las zonas de playa, con reservas provenientes de los mismos brasile\u00f1os, decididos a festejar el fin del 2020. A pesar de eso,\u00a0<b>en ninguna regi\u00f3n se pas\u00f3 del alerta amarilla.<\/b><\/p>\n<p class=\"paragraph\"><i>Folha de S\u00e2o Paulo<\/i>\u00a0inform\u00f3 que el gobernador de ese estado, Joao Doria, eval\u00faa endurecer ma\u00f1ana mismo la cuarentena luego de que las muertes por coronavirus\u00a0<b>crecieran 54% en las \u00faltimas cuatro semanas<\/b>, muy por encima de lo que se esperaba para esta etapa de ingreso al verano. Doria tuvo COVID-19 en el mes de agosto y se recompuso r\u00e1pidamente. No tuvo s\u00edntomas y sigui\u00f3 trabajando normalmente desde su casa, seg\u00fan explic\u00f3 en su momento<\/p>\n","protected":false},"excerpt":{"rendered":"<p>Una reuni&oacute;n del comit&eacute; de expertos convocada por el ministro de Salud, Gin&eacute;s Gonz&aacute;lez Garc&iacute;a, analiz&oacute; la situaci&oacute;n epidemiol&oacute;gica de Europa y de los pa&iacute;ses vecinos para evaluar si existe la necesidad de volver al cierre de fronteras que se implement&oacute; al comienzo de la crisis pand&eacute;mica. Si bien ning&uacute;n funcionario quiso reconocerlo,&nbsp;m&aacute;s que la [&hellip;]<\/p>\n","protected":false},"author":8,"featured_media":54933,"comment_status":"open","ping_status":"open","sticky":false,"template":"","format":"standard","meta":{"fifu_image_url":"","fifu_image_alt":"","footnotes":""},"categories":[16],"tags":[118,2200,727,50,104],"class_list":{"0":"post-54932","1":"post","2":"type-post","3":"status-publish","4":"format-standard","5":"has-post-thumbnail","7":"category-politi","8":"tag-brasil","9":"tag-cerrar","10":"tag-fronteras","11":"tag-politica","12":"tag-turismo"},"yoast_head":"<title>Coronavirus: ante el temor de una segunda ola de contagios, el Gobierno eval\u00faa el cierre de las fronteras con Brasil - Informe Litoral<\/title>\n<meta name=\"robots\" content=\"index, follow, max-snippet:-1, max-image-preview:large, max-video-preview:-1\" \/>\n<link rel=\"canonical\" href=\"https:\/\/informelitoral.com.ar\/coronavirus-ante-el-temor-de-una-segunda-ola-de-contagios-el-gobierno-evalua-el-cierre-de-las-fronteras-con-brasil\/\" \/>\n<meta property=\"og:locale\" content=\"es_ES\" \/>\n<meta property=\"og:type\" content=\"article\" \/>\n<meta property=\"og:title\" content=\"Coronavirus: ante el temor de una segunda ola de contagios, el Gobierno eval\u00faa el cierre de las fronteras con Brasil - Informe Litoral\" \/>\n<meta property=\"og:description\" content=\"Una reuni&oacute;n del comit&eacute; de expertos convocada por el ministro de Salud, Gin&eacute;s Gonz&aacute;lez Garc&iacute;a, analiz&oacute; la situaci&oacute;n epidemiol&oacute;gica de Europa y de los pa&iacute;ses vecinos para evaluar si existe la necesidad de volver al cierre de fronteras que se implement&oacute; al comienzo de la crisis pand&eacute;mica. Si bien ning&uacute;n funcionario quiso reconocerlo,&nbsp;m&aacute;s que la [&hellip;]\" \/>\n<meta property=\"og:url\" content=\"https:\/\/informelitoral.com.ar\/coronavirus-ante-el-temor-de-una-segunda-ola-de-contagios-el-gobierno-evalua-el-cierre-de-las-fronteras-con-brasil\/\" \/>\n<meta property=\"og:site_name\" content=\"Informe Litoral\" \/>\n<meta property=\"article:publisher\" content=\"https:\/\/www.facebook.com\/informelitoral\/\" \/>\n<meta property=\"article:published_time\" content=\"2020-12-22T00:22:27+00:00\" \/>\n<meta property=\"og:image\" content=\"https:\/\/informelitoral.com.ar\/%77%70%2d%63%6f%6e%74%65%6e%74\/uploads\/2020\/12\/bolsonaro.jpg\" \/>\n\t<meta property=\"og:image:width\" content=\"768\" \/>\n\t<meta property=\"og:image:height\" content=\"512\" \/>\n\t<meta property=\"og:image:type\" content=\"image\/jpeg\" \/>\n<meta name=\"author\" content=\"Sebastian\" \/>\n<meta name=\"twitter:card\" content=\"summary_large_image\" \/>\n<meta name=\"twitter:creator\" content=\"@InformeLitoral\" \/>\n<meta name=\"twitter:site\" content=\"@InformeLitoral\" \/>\n<meta name=\"twitter:label1\" content=\"Escrito por\" \/>\n\t<meta name=\"twitter:data1\" content=\"Sebastian\" \/>\n\t<meta name=\"twitter:label2\" content=\"Tiempo de lectura\" \/>\n\t<meta name=\"twitter:data2\" content=\"3 minutos\" \/>\n<script type=\"application\/ld+json\" class=\"yoast-schema-graph\">{\"@context\":\"https:\\\/\\\/schema.org\",\"@graph\":[{\"@type\":\"Article\",\"@id\":\"https:\\\/\\\/informelitoral.com.ar\\\/coronavirus-ante-el-temor-de-una-segunda-ola-de-contagios-el-gobierno-evalua-el-cierre-de-las-fronteras-con-brasil\\\/#article\",\"isPartOf\":{\"@id\":\"https:\\\/\\\/informelitoral.com.ar\\\/coronavirus-ante-el-temor-de-una-segunda-ola-de-contagios-el-gobierno-evalua-el-cierre-de-las-fronteras-con-brasil\\\/\"},\"author\":{\"name\":\"Sebastian\",\"@id\":\"https:\\\/\\\/informelitoral.com.ar\\\/#\\\/schema\\\/person\\\/f05f9f461677119578717524b127d6d5\"},\"headline\":\"Coronavirus: ante el temor de una segunda ola de contagios, el Gobierno eval\u00faa el cierre de las fronteras con Brasil\",\"datePublished\":\"2020-12-22T00:22:27+00:00\",\"mainEntityOfPage\":{\"@id\":\"https:\\\/\\\/informelitoral.com.ar\\\/coronavirus-ante-el-temor-de-una-segunda-ola-de-contagios-el-gobierno-evalua-el-cierre-de-las-fronteras-con-brasil\\\/\"},\"wordCount\":701,\"commentCount\":0,\"publisher\":{\"@id\":\"https:\\\/\\\/informelitoral.com.ar\\\/#organization\"},\"image\":{\"@id\":\"https:\\\/\\\/informelitoral.com.ar\\\/coronavirus-ante-el-temor-de-una-segunda-ola-de-contagios-el-gobierno-evalua-el-cierre-de-las-fronteras-con-brasil\\\/#primaryimage\"},\"thumbnailUrl\":\"https:\\\/\\\/informelitoral.com.ar\\\/%77%70%2d%63%6f%6e%74%65%6e%74\\\/uploads\\\/2020\\\/12\\\/bolsonaro.jpg\",\"keywords\":[\"Brasil\",\"Cerrar\",\"Fronteras\",\"Pol\u00edtica\",\"Turismo\"],\"articleSection\":[\"Politica\"],\"inLanguage\":\"es\",\"potentialAction\":[{\"@type\":\"CommentAction\",\"name\":\"Comment\",\"target\":[\"https:\\\/\\\/informelitoral.com.ar\\\/coronavirus-ante-el-temor-de-una-segunda-ola-de-contagios-el-gobierno-evalua-el-cierre-de-las-fronteras-con-brasil\\\/#respond\"]}]},{\"@type\":\"WebPage\",\"@id\":\"https:\\\/\\\/informelitoral.com.ar\\\/coronavirus-ante-el-temor-de-una-segunda-ola-de-contagios-el-gobierno-evalua-el-cierre-de-las-fronteras-con-brasil\\\/\",\"url\":\"https:\\\/\\\/informelitoral.com.ar\\\/coronavirus-ante-el-temor-de-una-segunda-ola-de-contagios-el-gobierno-evalua-el-cierre-de-las-fronteras-con-brasil\\\/\",\"name\":\"Coronavirus: ante el temor de una segunda ola de contagios, el Gobierno eval\u00faa el cierre de las fronteras con Brasil - Informe Litoral\",\"isPartOf\":{\"@id\":\"https:\\\/\\\/informelitoral.com.ar\\\/#website\"},\"primaryImageOfPage\":{\"@id\":\"https:\\\/\\\/informelitoral.com.ar\\\/coronavirus-ante-el-temor-de-una-segunda-ola-de-contagios-el-gobierno-evalua-el-cierre-de-las-fronteras-con-brasil\\\/#primaryimage\"},\"image\":{\"@id\":\"https:\\\/\\\/informelitoral.com.ar\\\/coronavirus-ante-el-temor-de-una-segunda-ola-de-contagios-el-gobierno-evalua-el-cierre-de-las-fronteras-con-brasil\\\/#primaryimage\"},\"thumbnailUrl\":\"https:\\\/\\\/informelitoral.com.ar\\\/%77%70%2d%63%6f%6e%74%65%6e%74\\\/uploads\\\/2020\\\/12\\\/bolsonaro.jpg\",\"datePublished\":\"2020-12-22T00:22:27+00:00\",\"breadcrumb\":{\"@id\":\"https:\\\/\\\/informelitoral.com.ar\\\/coronavirus-ante-el-temor-de-una-segunda-ola-de-contagios-el-gobierno-evalua-el-cierre-de-las-fronteras-con-brasil\\\/#breadcrumb\"},\"inLanguage\":\"es\",\"potentialAction\":[{\"@type\":\"ReadAction\",\"target\":[\"https:\\\/\\\/informelitoral.com.ar\\\/coronavirus-ante-el-temor-de-una-segunda-ola-de-contagios-el-gobierno-evalua-el-cierre-de-las-fronteras-con-brasil\\\/\"]}]},{\"@type\":\"ImageObject\",\"inLanguage\":\"es\",\"@id\":\"https:\\\/\\\/informelitoral.com.ar\\\/coronavirus-ante-el-temor-de-una-segunda-ola-de-contagios-el-gobierno-evalua-el-cierre-de-las-fronteras-con-brasil\\\/#primaryimage\",\"url\":\"https:\\\/\\\/informelitoral.com.ar\\\/%77%70%2d%63%6f%6e%74%65%6e%74\\\/uploads\\\/2020\\\/12\\\/bolsonaro.jpg\",\"contentUrl\":\"https:\\\/\\\/informelitoral.com.ar\\\/%77%70%2d%63%6f%6e%74%65%6e%74\\\/uploads\\\/2020\\\/12\\\/bolsonaro.jpg\",\"width\":768,\"height\":512},{\"@type\":\"BreadcrumbList\",\"@id\":\"https:\\\/\\\/informelitoral.com.ar\\\/coronavirus-ante-el-temor-de-una-segunda-ola-de-contagios-el-gobierno-evalua-el-cierre-de-las-fronteras-con-brasil\\\/#breadcrumb\",\"itemListElement\":[{\"@type\":\"ListItem\",\"position\":1,\"name\":\"Portada\",\"item\":\"https:\\\/\\\/informelitoral.com.ar\\\/\"},{\"@type\":\"ListItem\",\"position\":2,\"name\":\"Coronavirus: ante el temor de una segunda ola de contagios, el Gobierno eval\u00faa el cierre de las fronteras con Brasil\"}]},{\"@type\":\"WebSite\",\"@id\":\"https:\\\/\\\/informelitoral.com.ar\\\/#website\",\"url\":\"https:\\\/\\\/informelitoral.com.ar\\\/\",\"name\":\"Informe Litoral\",\"description\":\"&quot;Nos informamos&quot; \",\"publisher\":{\"@id\":\"https:\\\/\\\/informelitoral.com.ar\\\/#organization\"},\"potentialAction\":[{\"@type\":\"SearchAction\",\"target\":{\"@type\":\"EntryPoint\",\"urlTemplate\":\"https:\\\/\\\/informelitoral.com.ar\\\/?s={search_term_string}\"},\"query-input\":{\"@type\":\"PropertyValueSpecification\",\"valueRequired\":true,\"valueName\":\"search_term_string\"}}],\"inLanguage\":\"es\"},{\"@type\":\"Organization\",\"@id\":\"https:\\\/\\\/informelitoral.com.ar\\\/#organization\",\"name\":\"Informe Litoral\",\"url\":\"https:\\\/\\\/informelitoral.com.ar\\\/\",\"logo\":{\"@type\":\"ImageObject\",\"inLanguage\":\"es\",\"@id\":\"https:\\\/\\\/informelitoral.com.ar\\\/#\\\/schema\\\/logo\\\/image\\\/\",\"url\":\"https:\\\/\\\/informelitoral.com.ar\\\/%77%70%2d%63%6f%6e%74%65%6e%74\\\/uploads\\\/2021\\\/01\\\/circulo.png\",\"contentUrl\":\"https:\\\/\\\/informelitoral.com.ar\\\/%77%70%2d%63%6f%6e%74%65%6e%74\\\/uploads\\\/2021\\\/01\\\/circulo.png\",\"width\":723,\"height\":731,\"caption\":\"Informe Litoral\"},\"image\":{\"@id\":\"https:\\\/\\\/informelitoral.com.ar\\\/#\\\/schema\\\/logo\\\/image\\\/\"},\"sameAs\":[\"https:\\\/\\\/www.facebook.com\\\/informelitoral\\\/\",\"https:\\\/\\\/x.com\\\/InformeLitoral\",\"https:\\\/\\\/www.instagram.com\\\/informelitoral\\\/\",\"https:\\\/\\\/www.youtube.com\\\/channel\\\/UCua4Qvz8Icb6MYqhoq9xLXw\"]},{\"@type\":\"Person\",\"@id\":\"https:\\\/\\\/informelitoral.com.ar\\\/#\\\/schema\\\/person\\\/f05f9f461677119578717524b127d6d5\",\"name\":\"Sebastian\",\"image\":{\"@type\":\"ImageObject\",\"inLanguage\":\"es\",\"@id\":\"https:\\\/\\\/secure.gravatar.com\\\/avatar\\\/b71bf7481d447dfb9583c7f2798e7cc64de6efb9067b74633ed8c31059a3bd82?s=96&d=mm&r=g\",\"url\":\"https:\\\/\\\/secure.gravatar.com\\\/avatar\\\/b71bf7481d447dfb9583c7f2798e7cc64de6efb9067b74633ed8c31059a3bd82?s=96&d=mm&r=g\",\"contentUrl\":\"https:\\\/\\\/secure.gravatar.com\\\/avatar\\\/b71bf7481d447dfb9583c7f2798e7cc64de6efb9067b74633ed8c31059a3bd82?s=96&d=mm&r=g\",\"caption\":\"Sebastian\"},\"url\":\"https:\\\/\\\/informelitoral.com.ar\\\/author\\\/sebastian\\\/\"}]}<\/script>","yoast_head_json":{"title":"Coronavirus: ante el temor de una segunda ola de contagios, el Gobierno eval\u00faa el cierre de las fronteras con Brasil - Informe Litoral","robots":{"index":"index","follow":"follow","max-snippet":"max-snippet:-1","max-image-preview":"max-image-preview:large","max-video-preview":"max-video-preview:-1"},"canonical":"https:\/\/informelitoral.com.ar\/coronavirus-ante-el-temor-de-una-segunda-ola-de-contagios-el-gobierno-evalua-el-cierre-de-las-fronteras-con-brasil\/","og_locale":"es_ES","og_type":"article","og_title":"Coronavirus: ante el temor de una segunda ola de contagios, el Gobierno eval\u00faa el cierre de las fronteras con Brasil - Informe Litoral","og_description":"Una reuni&oacute;n del comit&eacute; de expertos convocada por el ministro de Salud, Gin&eacute;s Gonz&aacute;lez Garc&iacute;a, analiz&oacute; la situaci&oacute;n epidemiol&oacute;gica de Europa y de los pa&iacute;ses vecinos para evaluar si existe la necesidad de volver al cierre de fronteras que se implement&oacute; al comienzo de la crisis pand&eacute;mica. Si bien ning&uacute;n funcionario quiso reconocerlo,&nbsp;m&aacute;s que la [&hellip;]","og_url":"https:\/\/informelitoral.com.ar\/coronavirus-ante-el-temor-de-una-segunda-ola-de-contagios-el-gobierno-evalua-el-cierre-de-las-fronteras-con-brasil\/","og_site_name":"Informe Litoral","article_publisher":"https:\/\/www.facebook.com\/informelitoral\/","article_published_time":"2020-12-22T00:22:27+00:00","og_image":[{"width":768,"height":512,"url":"https:\/\/informelitoral.com.ar\/%77%70%2d%63%6f%6e%74%65%6e%74\/uploads\/2020\/12\/bolsonaro.jpg","type":"image\/jpeg"}],"author":"Sebastian","twitter_card":"summary_large_image","twitter_creator":"@InformeLitoral","twitter_site":"@InformeLitoral","twitter_misc":{"Escrito por":"Sebastian","Tiempo de lectura":"3 minutos"},"schema":{"@context":"https:\/\/schema.org","@graph":[{"@type":"Article","@id":"https:\/\/informelitoral.com.ar\/coronavirus-ante-el-temor-de-una-segunda-ola-de-contagios-el-gobierno-evalua-el-cierre-de-las-fronteras-con-brasil\/#article","isPartOf":{"@id":"https:\/\/informelitoral.com.ar\/coronavirus-ante-el-temor-de-una-segunda-ola-de-contagios-el-gobierno-evalua-el-cierre-de-las-fronteras-con-brasil\/"},"author":{"name":"Sebastian","@id":"https:\/\/informelitoral.com.ar\/#\/schema\/person\/f05f9f461677119578717524b127d6d5"},"headline":"Coronavirus: ante el temor de una segunda ola de contagios, el Gobierno eval\u00faa el cierre de las fronteras con Brasil","datePublished":"2020-12-22T00:22:27+00:00","mainEntityOfPage":{"@id":"https:\/\/informelitoral.com.ar\/coronavirus-ante-el-temor-de-una-segunda-ola-de-contagios-el-gobierno-evalua-el-cierre-de-las-fronteras-con-brasil\/"},"wordCount":701,"commentCount":0,"publisher":{"@id":"https:\/\/informelitoral.com.ar\/#organization"},"image":{"@id":"https:\/\/informelitoral.com.ar\/coronavirus-ante-el-temor-de-una-segunda-ola-de-contagios-el-gobierno-evalua-el-cierre-de-las-fronteras-con-brasil\/#primaryimage"},"thumbnailUrl":"https:\/\/informelitoral.com.ar\/%77%70%2d%63%6f%6e%74%65%6e%74\/uploads\/2020\/12\/bolsonaro.jpg","keywords":["Brasil","Cerrar","Fronteras","Pol\u00edtica","Turismo"],"articleSection":["Politica"],"inLanguage":"es","potentialAction":[{"@type":"CommentAction","name":"Comment","target":["https:\/\/informelitoral.com.ar\/coronavirus-ante-el-temor-de-una-segunda-ola-de-contagios-el-gobierno-evalua-el-cierre-de-las-fronteras-con-brasil\/#respond"]}]},{"@type":"WebPage","@id":"https:\/\/informelitoral.com.ar\/coronavirus-ante-el-temor-de-una-segunda-ola-de-contagios-el-gobierno-evalua-el-cierre-de-las-fronteras-con-brasil\/","url":"https:\/\/informelitoral.com.ar\/coronavirus-ante-el-temor-de-una-segunda-ola-de-contagios-el-gobierno-evalua-el-cierre-de-las-fronteras-con-brasil\/","name":"Coronavirus: ante el temor de una segunda ola de contagios, el Gobierno eval\u00faa el cierre de las fronteras con Brasil - Informe Litoral","isPartOf":{"@id":"https:\/\/informelitoral.com.ar\/#website"},"primaryImageOfPage":{"@id":"https:\/\/informelitoral.com.ar\/coronavirus-ante-el-temor-de-una-segunda-ola-de-contagios-el-gobierno-evalua-el-cierre-de-las-fronteras-con-brasil\/#primaryimage"},"image":{"@id":"https:\/\/informelitoral.com.ar\/coronavirus-ante-el-temor-de-una-segunda-ola-de-contagios-el-gobierno-evalua-el-cierre-de-las-fronteras-con-brasil\/#primaryimage"},"thumbnailUrl":"https:\/\/informelitoral.com.ar\/%77%70%2d%63%6f%6e%74%65%6e%74\/uploads\/2020\/12\/bolsonaro.jpg","datePublished":"2020-12-22T00:22:27+00:00","breadcrumb":{"@id":"https:\/\/informelitoral.com.ar\/coronavirus-ante-el-temor-de-una-segunda-ola-de-contagios-el-gobierno-evalua-el-cierre-de-las-fronteras-con-brasil\/#breadcrumb"},"inLanguage":"es","potentialAction":[{"@type":"ReadAction","target":["https:\/\/informelitoral.com.ar\/coronavirus-ante-el-temor-de-una-segunda-ola-de-contagios-el-gobierno-evalua-el-cierre-de-las-fronteras-con-brasil\/"]}]},{"@type":"ImageObject","inLanguage":"es","@id":"https:\/\/informelitoral.com.ar\/coronavirus-ante-el-temor-de-una-segunda-ola-de-contagios-el-gobierno-evalua-el-cierre-de-las-fronteras-con-brasil\/#primaryimage","url":"https:\/\/informelitoral.com.ar\/%77%70%2d%63%6f%6e%74%65%6e%74\/uploads\/2020\/12\/bolsonaro.jpg","contentUrl":"https:\/\/informelitoral.com.ar\/%77%70%2d%63%6f%6e%74%65%6e%74\/uploads\/2020\/12\/bolsonaro.jpg","width":768,"height":512},{"@type":"BreadcrumbList","@id":"https:\/\/informelitoral.com.ar\/coronavirus-ante-el-temor-de-una-segunda-ola-de-contagios-el-gobierno-evalua-el-cierre-de-las-fronteras-con-brasil\/#breadcrumb","itemListElement":[{"@type":"ListItem","position":1,"name":"Portada","item":"https:\/\/informelitoral.com.ar\/"},{"@type":"ListItem","position":2,"name":"Coronavirus: ante el temor de una segunda ola de contagios, el Gobierno eval\u00faa el cierre de las fronteras con Brasil"}]},{"@type":"WebSite","@id":"https:\/\/informelitoral.com.ar\/#website","url":"https:\/\/informelitoral.com.ar\/","name":"Informe Litoral","description":"&quot;Nos informamos&quot; ","publisher":{"@id":"https:\/\/informelitoral.com.ar\/#organization"},"potentialAction":[{"@type":"SearchAction","target":{"@type":"EntryPoint","urlTemplate":"https:\/\/informelitoral.com.ar\/?s={search_term_string}"},"query-input":{"@type":"PropertyValueSpecification","valueRequired":true,"valueName":"search_term_string"}}],"inLanguage":"es"},{"@type":"Organization","@id":"https:\/\/informelitoral.com.ar\/#organization","name":"Informe Litoral","url":"https:\/\/informelitoral.com.ar\/","logo":{"@type":"ImageObject","inLanguage":"es","@id":"https:\/\/informelitoral.com.ar\/#\/schema\/logo\/image\/","url":"https:\/\/informelitoral.com.ar\/%77%70%2d%63%6f%6e%74%65%6e%74\/uploads\/2021\/01\/circulo.png","contentUrl":"https:\/\/informelitoral.com.ar\/%77%70%2d%63%6f%6e%74%65%6e%74\/uploads\/2021\/01\/circulo.png","width":723,"height":731,"caption":"Informe Litoral"},"image":{"@id":"https:\/\/informelitoral.com.ar\/#\/schema\/logo\/image\/"},"sameAs":["https:\/\/www.facebook.com\/informelitoral\/","https:\/\/x.com\/InformeLitoral","https:\/\/www.instagram.com\/informelitoral\/","https:\/\/www.youtube.com\/channel\/UCua4Qvz8Icb6MYqhoq9xLXw"]},{"@type":"Person","@id":"https:\/\/informelitoral.com.ar\/#\/schema\/person\/f05f9f461677119578717524b127d6d5","name":"Sebastian","image":{"@type":"ImageObject","inLanguage":"es","@id":"https:\/\/secure.gravatar.com\/avatar\/b71bf7481d447dfb9583c7f2798e7cc64de6efb9067b74633ed8c31059a3bd82?s=96&d=mm&r=g","url":"https:\/\/secure.gravatar.com\/avatar\/b71bf7481d447dfb9583c7f2798e7cc64de6efb9067b74633ed8c31059a3bd82?s=96&d=mm&r=g","contentUrl":"https:\/\/secure.gravatar.com\/avatar\/b71bf7481d447dfb9583c7f2798e7cc64de6efb9067b74633ed8c31059a3bd82?s=96&d=mm&r=g","caption":"Sebastian"},"url":"https:\/\/informelitoral.com.ar\/author\/sebastian\/"}]}},"_links":{"self":[{"href":"https:\/\/informelitoral.com.ar\/%77%70%2d%6a%73%6f%6e\/wp\/v2\/posts\/54932","targetHints":{"allow":["GET"]}}],"collection":[{"href":"https:\/\/informelitoral.com.ar\/%77%70%2d%6a%73%6f%6e\/wp\/v2\/posts"}],"about":[{"href":"https:\/\/informelitoral.com.ar\/%77%70%2d%6a%73%6f%6e\/wp\/v2\/types\/post"}],"author":[{"embeddable":true,"href":"https:\/\/informelitoral.com.ar\/%77%70%2d%6a%73%6f%6e\/wp\/v2\/users\/8"}],"replies":[{"embeddable":true,"href":"https:\/\/informelitoral.com.ar\/%77%70%2d%6a%73%6f%6e\/wp\/v2\/comments?post=54932"}],"version-history":[{"count":0,"href":"https:\/\/informelitoral.com.ar\/%77%70%2d%6a%73%6f%6e\/wp\/v2\/posts\/54932\/revisions"}],"wp:featuredmedia":[{"embeddable":true,"href":"https:\/\/informelitoral.com.ar\/%77%70%2d%6a%73%6f%6e\/wp\/v2\/media\/54933"}],"wp:attachment":[{"href":"https:\/\/informelitoral.com.ar\/%77%70%2d%6a%73%6f%6e\/wp\/v2\/media?parent=54932"}],"wp:term":[{"taxonomy":"category","embeddable":true,"href":"https:\/\/informelitoral.com.ar\/%77%70%2d%6a%73%6f%6e\/wp\/v2\/categories?post=54932"},{"taxonomy":"post_tag","embeddable":true,"href":"https:\/\/informelitoral.com.ar\/%77%70%2d%6a%73%6f%6e\/wp\/v2\/tags?post=54932"}],"curies":[{"name":"wp","href":"https:\/\/api.w.org\/{rel}","templated":true}]}}