{"id":54926,"date":"2020-12-21T21:12:33","date_gmt":"2020-12-22T00:12:33","guid":{"rendered":"https:\/\/www.isletasnoticias.com.ar\/?p=54926"},"modified":"2020-12-21T21:12:33","modified_gmt":"2020-12-22T00:12:33","slug":"abren-al-publico-los-tuneles-de-la-escuela-hogar-de-parana","status":"publish","type":"post","link":"https:\/\/informelitoral.com.ar\/abren-al-publico-los-tuneles-de-la-escuela-hogar-de-parana\/","title":{"rendered":"Abren al p\u00fablico los t\u00faneles de la Escuela Hogar de Paran\u00e1"},"content":{"rendered":"<p>Abren al p\u00fablico los t\u00faneles de la Escuela Hogar de Paran\u00e1. Este enclave, patrimonio hist\u00f3rico, educativo y arquitect\u00f3nico de una vasta regi\u00f3n, se ofrece a la comunidad de manera sostenida con la inauguraci\u00f3n del museo provincial.<\/p>\n<p>Se realiza un trabajo articulado entre el Complejo Escuela Hogar Eva Per\u00f3n, el Museo Provincial Hogar Escuela Eva Per\u00f3n, la Secretar\u00eda de Cultura, y el Consejo General de Educaci\u00f3n (CGE) para cumplir una primera etapa de poner en valor el espacio subterr\u00e1neo del Complejo Escuela Hogar.<\/p>\n<p>Las partes intervinientes definieron conformar un grupo interdisciplinario e interinstitucional para llevar adelante el proyecto de puesta en valor del subsuelo y todo el patrimonio que contiene y preserva. Tambi\u00e9n se dise\u00f1ar\u00e1 una propuesta educativa y espacios de capacitaci\u00f3n para los trabajadores del lugar.<\/p>\n<p><a href=\"https:\/\/www.isletasnoticias.com.ar\/%77%70%2d%63%6f%6e%74%65%6e%74\/uploads\/2020\/12\/evita-10-631x420-1.jpg\"><img loading=\"lazy\" decoding=\"async\" class=\"alignnone wp-image-54928 size-full\" src=\"https:\/\/www.isletasnoticias.com.ar\/%77%70%2d%63%6f%6e%74%65%6e%74\/uploads\/2020\/12\/evita-10-631x420-1.jpg\" alt=\"\" width=\"631\" height=\"420\" srcset=\"https:\/\/informelitoral.com.ar\/%77%70%2d%63%6f%6e%74%65%6e%74\/uploads\/2020\/12\/evita-10-631x420-1.jpg 631w, https:\/\/informelitoral.com.ar\/%77%70%2d%63%6f%6e%74%65%6e%74\/uploads\/2020\/12\/evita-10-631x420-1-300x200.jpg 300w\" sizes=\"auto, (max-width: 631px) 100vw, 631px\" \/><\/a><\/p>\n<p>Bajo la denominaci\u00f3n \u201cLos t\u00faneles de la Escuela Hogar\u201d, desde hace muchos a\u00f1os, todos los trabajadores del Complejo (directivos, empleados, docentes, estudiantes y la propia gente de los barrios circundantes), conocen y reconocen la gran extensi\u00f3n del espacio subterr\u00e1neo de la monumental obra de la Fundaci\u00f3n Eva Per\u00f3n en los a\u00f1os \u00b450, en la ciudad de Paran\u00e1.<\/p>\n<p>Un sector de este espacio son los s\u00f3tanos propiamente dichos (extensas galer\u00edas) y otro, se trata de una c\u00e1mara de vac\u00edo complementaria pensada para absorber temblores s\u00edsmicos (ense\u00f1anza que dej\u00f3 el tr\u00e1gico terremoto en San Juan en los a\u00f1os \u00b440). Tambi\u00e9n se previeron posibles bombardeos en una hip\u00f3tesis de guerra que los ej\u00e9rcitos de cada pa\u00eds de Sudam\u00e9rica deb\u00edan elaborar de manera preventiva, y m\u00e1s en aquellos tiempos de los complicados conflictos de la Guerra Fr\u00eda. En el imaginario de la \u00e9poca, aquellos sucesos amenazaban con terminar en una Tercera Guerra Mundial. Al fin y al cabo los 19 complejos bajo la marca institucional \u201cEscuela Hogar\u201d proyectados por la Fundaci\u00f3n Eva Per\u00f3n, fueron pensados para albergar ni\u00f1as, ni\u00f1os y ancianos.<\/p>\n<p>Dentro de poco tiempo, desde una conjunci\u00f3n estrat\u00e9gica desde lo historiogr\u00e1fico y lo pedag\u00f3gico, se podr\u00e1 recorrer este lugar plagado de historias emocionantes, de una pol\u00edtica p\u00fablica de avanzada para su \u00e9poca, que contar\u00e1 como el Estado pens\u00f3 en el bienestar de los que menos tienen.<\/p>\n<figure class=\"wp-block-image size-large\"><img loading=\"lazy\" decoding=\"async\" class=\"wp-image-76152\" src=\"https:\/\/www.entremediosweb.com\/v2\/%77%70%2d%63%6f%6e%74%65%6e%74\/uploads\/2020\/12\/evita-8-696x522-1.jpg\" sizes=\"auto, (max-width: 696px) 100vw, 696px\" srcset=\"https:\/\/www.entremediosweb.com\/v2\/%77%70%2d%63%6f%6e%74%65%6e%74\/uploads\/2020\/12\/evita-8-696x522-1.jpg 696w, https:\/\/www.entremediosweb.com\/v2\/%77%70%2d%63%6f%6e%74%65%6e%74\/uploads\/2020\/12\/evita-8-696x522-1-300x225.jpg 300w\" alt=\"\" width=\"696\" height=\"522\" data-attachment-id=\"76152\" data-permalink=\"https:\/\/www.entremediosweb.com\/v2\/abren-al-publico-los-tuneles-de-la-escuela-hogar-de-parana\/evita-8-696x522-1\/\" data-orig-file=\"https:\/\/www.entremediosweb.com\/v2\/%77%70%2d%63%6f%6e%74%65%6e%74\/uploads\/2020\/12\/evita-8-696x522-1.jpg\" data-orig-size=\"696,522\" data-comments-opened=\"0\" data-image-meta=\"{&quot;aperture&quot;:&quot;0&quot;,&quot;credit&quot;:&quot;&quot;,&quot;camera&quot;:&quot;&quot;,&quot;caption&quot;:&quot;&quot;,&quot;created_timestamp&quot;:&quot;0&quot;,&quot;copyright&quot;:&quot;&quot;,&quot;focal_length&quot;:&quot;0&quot;,&quot;iso&quot;:&quot;0&quot;,&quot;shutter_speed&quot;:&quot;0&quot;,&quot;title&quot;:&quot;&quot;,&quot;orientation&quot;:&quot;0&quot;}\" data-image-title=\"evita-8-696\u00d7522-1\" data-image-description=\"\" data-medium-file=\"https:\/\/www.entremediosweb.com\/v2\/%77%70%2d%63%6f%6e%74%65%6e%74\/uploads\/2020\/12\/evita-8-696x522-1-300x225.jpg\" data-large-file=\"https:\/\/www.entremediosweb.com\/v2\/%77%70%2d%63%6f%6e%74%65%6e%74\/uploads\/2020\/12\/evita-8-696x522-1.jpg\" \/><\/figure>\n<h4>Qu\u00e9 hay para ver<\/h4>\n<p>Lo m\u00e1s representativo que sintetiza el proyecto de la Fundaci\u00f3n Eva Per\u00f3n descansa en el subsuelo de este sitio. Hay que tener en cuenta que por mucho tiempo los t\u00faneles fueron el destino para depositar mobiliario sobrante de otros organismos oficiales, haci\u00e9ndolos pr\u00e1cticamente intransitables (parte de esta etapa tambi\u00e9n se podr\u00e1 observar).<\/p>\n<p>El circuito permitir\u00e1 asomarse de otra manera a rincones de nuestra historia.<\/p>\n<p>Ahora, con esta puesta en valor, se podr\u00e1n apreciar largas hileras de m\u00e1quinas de coser, pupitres, juguetes, elementos de educaci\u00f3n f\u00edsica, entre otras cosas, que, aunque con sus piezas faltantes y roturas expuestas a la vista de los visitantes, contar\u00e1n una historia silenciada por varias d\u00e9cadas. Los distintos conjuntos de objetos reunidos tienen una gran potencia comunicativa y simb\u00f3lica. Fuente: El Diario\/ fotos: Gustavo Cabral.<\/p>\n<figure class=\"wp-block-image size-large\"><img loading=\"lazy\" decoding=\"async\" class=\"wp-image-76153\" src=\"https:\/\/www.entremediosweb.com\/v2\/%77%70%2d%63%6f%6e%74%65%6e%74\/uploads\/2020\/12\/evita-5-631x420-1.jpg\" sizes=\"auto, (max-width: 631px) 100vw, 631px\" srcset=\"https:\/\/www.entremediosweb.com\/v2\/%77%70%2d%63%6f%6e%74%65%6e%74\/uploads\/2020\/12\/evita-5-631x420-1.jpg 631w, https:\/\/www.entremediosweb.com\/v2\/%77%70%2d%63%6f%6e%74%65%6e%74\/uploads\/2020\/12\/evita-5-631x420-1-300x200.jpg 300w\" alt=\"\" width=\"631\" height=\"420\" data-attachment-id=\"76153\" data-permalink=\"https:\/\/www.entremediosweb.com\/v2\/abren-al-publico-los-tuneles-de-la-escuela-hogar-de-parana\/evita-5-631x420-1\/\" data-orig-file=\"https:\/\/www.entremediosweb.com\/v2\/%77%70%2d%63%6f%6e%74%65%6e%74\/uploads\/2020\/12\/evita-5-631x420-1.jpg\" data-orig-size=\"631,420\" data-comments-opened=\"0\" data-image-meta=\"{&quot;aperture&quot;:&quot;0&quot;,&quot;credit&quot;:&quot;&quot;,&quot;camera&quot;:&quot;&quot;,&quot;caption&quot;:&quot;&quot;,&quot;created_timestamp&quot;:&quot;0&quot;,&quot;copyright&quot;:&quot;&quot;,&quot;focal_length&quot;:&quot;0&quot;,&quot;iso&quot;:&quot;0&quot;,&quot;shutter_speed&quot;:&quot;0&quot;,&quot;title&quot;:&quot;&quot;,&quot;orientation&quot;:&quot;0&quot;}\" data-image-title=\"evita-5-631\u00d7420-1\" data-image-description=\"\" data-medium-file=\"https:\/\/www.entremediosweb.com\/v2\/%77%70%2d%63%6f%6e%74%65%6e%74\/uploads\/2020\/12\/evita-5-631x420-1-300x200.jpg\" data-large-file=\"https:\/\/www.entremediosweb.com\/v2\/%77%70%2d%63%6f%6e%74%65%6e%74\/uploads\/2020\/12\/evita-5-631x420-1.jpg\" \/><\/figure>\n","protected":false},"excerpt":{"rendered":"<p>Abren al p&uacute;blico los t&uacute;neles de la Escuela Hogar de Paran&aacute;. Este enclave, patrimonio hist&oacute;rico, educativo y arquitect&oacute;nico de una vasta regi&oacute;n, se ofrece a la comunidad de manera sostenida con la inauguraci&oacute;n del museo provincial. Se realiza un trabajo articulado entre el Complejo Escuela Hogar Eva Per&oacute;n, el Museo Provincial Hogar Escuela Eva Per&oacute;n, [&hellip;]<\/p>\n","protected":false},"author":8,"featured_media":54927,"comment_status":"open","ping_status":"open","sticky":false,"template":"","format":"standard","meta":{"fifu_image_url":"","fifu_image_alt":"","footnotes":""},"categories":[9],"tags":[2198,2197,45],"class_list":{"0":"post-54926","1":"post","2":"type-post","3":"status-publish","4":"format-standard","5":"has-post-thumbnail","7":"category-sociedad","8":"tag-ensenanza","9":"tag-escuela-hogar","10":"tag-parana"},"yoast_head":"<title>Abren al p\u00fablico los t\u00faneles de la Escuela Hogar de Paran\u00e1 - Informe Litoral<\/title>\n<meta name=\"robots\" content=\"index, follow, max-snippet:-1, max-image-preview:large, max-video-preview:-1\" \/>\n<link rel=\"canonical\" href=\"https:\/\/informelitoral.com.ar\/abren-al-publico-los-tuneles-de-la-escuela-hogar-de-parana\/\" \/>\n<meta property=\"og:locale\" content=\"es_ES\" \/>\n<meta property=\"og:type\" content=\"article\" \/>\n<meta property=\"og:title\" content=\"Abren al p\u00fablico los t\u00faneles de la Escuela Hogar de Paran\u00e1 - Informe Litoral\" \/>\n<meta property=\"og:description\" content=\"Abren al p&uacute;blico los t&uacute;neles de la Escuela Hogar de Paran&aacute;. Este enclave, patrimonio hist&oacute;rico, educativo y arquitect&oacute;nico de una vasta regi&oacute;n, se ofrece a la comunidad de manera sostenida con la inauguraci&oacute;n del museo provincial. Se realiza un trabajo articulado entre el Complejo Escuela Hogar Eva Per&oacute;n, el Museo Provincial Hogar Escuela Eva Per&oacute;n, [&hellip;]\" \/>\n<meta property=\"og:url\" content=\"https:\/\/informelitoral.com.ar\/abren-al-publico-los-tuneles-de-la-escuela-hogar-de-parana\/\" \/>\n<meta property=\"og:site_name\" content=\"Informe Litoral\" \/>\n<meta property=\"article:publisher\" content=\"https:\/\/www.facebook.com\/informelitoral\/\" \/>\n<meta property=\"article:published_time\" content=\"2020-12-22T00:12:33+00:00\" \/>\n<meta property=\"og:image\" content=\"https:\/\/informelitoral.com.ar\/%77%70%2d%63%6f%6e%74%65%6e%74\/uploads\/2020\/12\/evita-1-630x420-1.jpg\" \/>\n\t<meta property=\"og:image:width\" content=\"630\" \/>\n\t<meta property=\"og:image:height\" content=\"420\" \/>\n\t<meta property=\"og:image:type\" content=\"image\/jpeg\" \/>\n<meta name=\"author\" content=\"Sebastian\" \/>\n<meta name=\"twitter:card\" content=\"summary_large_image\" \/>\n<meta name=\"twitter:creator\" content=\"@InformeLitoral\" \/>\n<meta name=\"twitter:site\" content=\"@InformeLitoral\" \/>\n<meta name=\"twitter:label1\" content=\"Escrito por\" \/>\n\t<meta name=\"twitter:data1\" content=\"Sebastian\" \/>\n\t<meta name=\"twitter:label2\" content=\"Tiempo de lectura\" \/>\n\t<meta name=\"twitter:data2\" content=\"3 minutos\" \/>\n<script type=\"application\/ld+json\" class=\"yoast-schema-graph\">{\"@context\":\"https:\\\/\\\/schema.org\",\"@graph\":[{\"@type\":\"Article\",\"@id\":\"https:\\\/\\\/informelitoral.com.ar\\\/abren-al-publico-los-tuneles-de-la-escuela-hogar-de-parana\\\/#article\",\"isPartOf\":{\"@id\":\"https:\\\/\\\/informelitoral.com.ar\\\/abren-al-publico-los-tuneles-de-la-escuela-hogar-de-parana\\\/\"},\"author\":{\"name\":\"Sebastian\",\"@id\":\"https:\\\/\\\/informelitoral.com.ar\\\/#\\\/schema\\\/person\\\/f05f9f461677119578717524b127d6d5\"},\"headline\":\"Abren al p\u00fablico los t\u00faneles de la Escuela Hogar de Paran\u00e1\",\"datePublished\":\"2020-12-22T00:12:33+00:00\",\"mainEntityOfPage\":{\"@id\":\"https:\\\/\\\/informelitoral.com.ar\\\/abren-al-publico-los-tuneles-de-la-escuela-hogar-de-parana\\\/\"},\"wordCount\":554,\"commentCount\":0,\"publisher\":{\"@id\":\"https:\\\/\\\/informelitoral.com.ar\\\/#organization\"},\"image\":{\"@id\":\"https:\\\/\\\/informelitoral.com.ar\\\/abren-al-publico-los-tuneles-de-la-escuela-hogar-de-parana\\\/#primaryimage\"},\"thumbnailUrl\":\"https:\\\/\\\/informelitoral.com.ar\\\/%77%70%2d%63%6f%6e%74%65%6e%74\\\/uploads\\\/2020\\\/12\\\/evita-1-630x420-1.jpg\",\"keywords\":[\"Ense\u00f1anza\",\"Escuela Hogar\",\"Paran\u00e1\"],\"articleSection\":[\"Sociedad\"],\"inLanguage\":\"es\",\"potentialAction\":[{\"@type\":\"CommentAction\",\"name\":\"Comment\",\"target\":[\"https:\\\/\\\/informelitoral.com.ar\\\/abren-al-publico-los-tuneles-de-la-escuela-hogar-de-parana\\\/#respond\"]}]},{\"@type\":\"WebPage\",\"@id\":\"https:\\\/\\\/informelitoral.com.ar\\\/abren-al-publico-los-tuneles-de-la-escuela-hogar-de-parana\\\/\",\"url\":\"https:\\\/\\\/informelitoral.com.ar\\\/abren-al-publico-los-tuneles-de-la-escuela-hogar-de-parana\\\/\",\"name\":\"Abren al p\u00fablico los t\u00faneles de la Escuela Hogar de Paran\u00e1 - Informe Litoral\",\"isPartOf\":{\"@id\":\"https:\\\/\\\/informelitoral.com.ar\\\/#website\"},\"primaryImageOfPage\":{\"@id\":\"https:\\\/\\\/informelitoral.com.ar\\\/abren-al-publico-los-tuneles-de-la-escuela-hogar-de-parana\\\/#primaryimage\"},\"image\":{\"@id\":\"https:\\\/\\\/informelitoral.com.ar\\\/abren-al-publico-los-tuneles-de-la-escuela-hogar-de-parana\\\/#primaryimage\"},\"thumbnailUrl\":\"https:\\\/\\\/informelitoral.com.ar\\\/%77%70%2d%63%6f%6e%74%65%6e%74\\\/uploads\\\/2020\\\/12\\\/evita-1-630x420-1.jpg\",\"datePublished\":\"2020-12-22T00:12:33+00:00\",\"breadcrumb\":{\"@id\":\"https:\\\/\\\/informelitoral.com.ar\\\/abren-al-publico-los-tuneles-de-la-escuela-hogar-de-parana\\\/#breadcrumb\"},\"inLanguage\":\"es\",\"potentialAction\":[{\"@type\":\"ReadAction\",\"target\":[\"https:\\\/\\\/informelitoral.com.ar\\\/abren-al-publico-los-tuneles-de-la-escuela-hogar-de-parana\\\/\"]}]},{\"@type\":\"ImageObject\",\"inLanguage\":\"es\",\"@id\":\"https:\\\/\\\/informelitoral.com.ar\\\/abren-al-publico-los-tuneles-de-la-escuela-hogar-de-parana\\\/#primaryimage\",\"url\":\"https:\\\/\\\/informelitoral.com.ar\\\/%77%70%2d%63%6f%6e%74%65%6e%74\\\/uploads\\\/2020\\\/12\\\/evita-1-630x420-1.jpg\",\"contentUrl\":\"https:\\\/\\\/informelitoral.com.ar\\\/%77%70%2d%63%6f%6e%74%65%6e%74\\\/uploads\\\/2020\\\/12\\\/evita-1-630x420-1.jpg\",\"width\":630,\"height\":420},{\"@type\":\"BreadcrumbList\",\"@id\":\"https:\\\/\\\/informelitoral.com.ar\\\/abren-al-publico-los-tuneles-de-la-escuela-hogar-de-parana\\\/#breadcrumb\",\"itemListElement\":[{\"@type\":\"ListItem\",\"position\":1,\"name\":\"Portada\",\"item\":\"https:\\\/\\\/informelitoral.com.ar\\\/\"},{\"@type\":\"ListItem\",\"position\":2,\"name\":\"Abren al p\u00fablico los t\u00faneles de la Escuela Hogar de Paran\u00e1\"}]},{\"@type\":\"WebSite\",\"@id\":\"https:\\\/\\\/informelitoral.com.ar\\\/#website\",\"url\":\"https:\\\/\\\/informelitoral.com.ar\\\/\",\"name\":\"Informe Litoral\",\"description\":\"&quot;Nos informamos&quot; \",\"publisher\":{\"@id\":\"https:\\\/\\\/informelitoral.com.ar\\\/#organization\"},\"potentialAction\":[{\"@type\":\"SearchAction\",\"target\":{\"@type\":\"EntryPoint\",\"urlTemplate\":\"https:\\\/\\\/informelitoral.com.ar\\\/?s={search_term_string}\"},\"query-input\":{\"@type\":\"PropertyValueSpecification\",\"valueRequired\":true,\"valueName\":\"search_term_string\"}}],\"inLanguage\":\"es\"},{\"@type\":\"Organization\",\"@id\":\"https:\\\/\\\/informelitoral.com.ar\\\/#organization\",\"name\":\"Informe Litoral\",\"url\":\"https:\\\/\\\/informelitoral.com.ar\\\/\",\"logo\":{\"@type\":\"ImageObject\",\"inLanguage\":\"es\",\"@id\":\"https:\\\/\\\/informelitoral.com.ar\\\/#\\\/schema\\\/logo\\\/image\\\/\",\"url\":\"https:\\\/\\\/informelitoral.com.ar\\\/%77%70%2d%63%6f%6e%74%65%6e%74\\\/uploads\\\/2021\\\/01\\\/circulo.png\",\"contentUrl\":\"https:\\\/\\\/informelitoral.com.ar\\\/%77%70%2d%63%6f%6e%74%65%6e%74\\\/uploads\\\/2021\\\/01\\\/circulo.png\",\"width\":723,\"height\":731,\"caption\":\"Informe Litoral\"},\"image\":{\"@id\":\"https:\\\/\\\/informelitoral.com.ar\\\/#\\\/schema\\\/logo\\\/image\\\/\"},\"sameAs\":[\"https:\\\/\\\/www.facebook.com\\\/informelitoral\\\/\",\"https:\\\/\\\/x.com\\\/InformeLitoral\",\"https:\\\/\\\/www.instagram.com\\\/informelitoral\\\/\",\"https:\\\/\\\/www.youtube.com\\\/channel\\\/UCua4Qvz8Icb6MYqhoq9xLXw\"]},{\"@type\":\"Person\",\"@id\":\"https:\\\/\\\/informelitoral.com.ar\\\/#\\\/schema\\\/person\\\/f05f9f461677119578717524b127d6d5\",\"name\":\"Sebastian\",\"image\":{\"@type\":\"ImageObject\",\"inLanguage\":\"es\",\"@id\":\"https:\\\/\\\/secure.gravatar.com\\\/avatar\\\/b71bf7481d447dfb9583c7f2798e7cc64de6efb9067b74633ed8c31059a3bd82?s=96&d=mm&r=g\",\"url\":\"https:\\\/\\\/secure.gravatar.com\\\/avatar\\\/b71bf7481d447dfb9583c7f2798e7cc64de6efb9067b74633ed8c31059a3bd82?s=96&d=mm&r=g\",\"contentUrl\":\"https:\\\/\\\/secure.gravatar.com\\\/avatar\\\/b71bf7481d447dfb9583c7f2798e7cc64de6efb9067b74633ed8c31059a3bd82?s=96&d=mm&r=g\",\"caption\":\"Sebastian\"},\"url\":\"https:\\\/\\\/informelitoral.com.ar\\\/author\\\/sebastian\\\/\"}]}<\/script>","yoast_head_json":{"title":"Abren al p\u00fablico los t\u00faneles de la Escuela Hogar de Paran\u00e1 - Informe Litoral","robots":{"index":"index","follow":"follow","max-snippet":"max-snippet:-1","max-image-preview":"max-image-preview:large","max-video-preview":"max-video-preview:-1"},"canonical":"https:\/\/informelitoral.com.ar\/abren-al-publico-los-tuneles-de-la-escuela-hogar-de-parana\/","og_locale":"es_ES","og_type":"article","og_title":"Abren al p\u00fablico los t\u00faneles de la Escuela Hogar de Paran\u00e1 - Informe Litoral","og_description":"Abren al p&uacute;blico los t&uacute;neles de la Escuela Hogar de Paran&aacute;. Este enclave, patrimonio hist&oacute;rico, educativo y arquitect&oacute;nico de una vasta regi&oacute;n, se ofrece a la comunidad de manera sostenida con la inauguraci&oacute;n del museo provincial. Se realiza un trabajo articulado entre el Complejo Escuela Hogar Eva Per&oacute;n, el Museo Provincial Hogar Escuela Eva Per&oacute;n, [&hellip;]","og_url":"https:\/\/informelitoral.com.ar\/abren-al-publico-los-tuneles-de-la-escuela-hogar-de-parana\/","og_site_name":"Informe Litoral","article_publisher":"https:\/\/www.facebook.com\/informelitoral\/","article_published_time":"2020-12-22T00:12:33+00:00","og_image":[{"width":630,"height":420,"url":"https:\/\/informelitoral.com.ar\/%77%70%2d%63%6f%6e%74%65%6e%74\/uploads\/2020\/12\/evita-1-630x420-1.jpg","type":"image\/jpeg"}],"author":"Sebastian","twitter_card":"summary_large_image","twitter_creator":"@InformeLitoral","twitter_site":"@InformeLitoral","twitter_misc":{"Escrito por":"Sebastian","Tiempo de lectura":"3 minutos"},"schema":{"@context":"https:\/\/schema.org","@graph":[{"@type":"Article","@id":"https:\/\/informelitoral.com.ar\/abren-al-publico-los-tuneles-de-la-escuela-hogar-de-parana\/#article","isPartOf":{"@id":"https:\/\/informelitoral.com.ar\/abren-al-publico-los-tuneles-de-la-escuela-hogar-de-parana\/"},"author":{"name":"Sebastian","@id":"https:\/\/informelitoral.com.ar\/#\/schema\/person\/f05f9f461677119578717524b127d6d5"},"headline":"Abren al p\u00fablico los t\u00faneles de la Escuela Hogar de Paran\u00e1","datePublished":"2020-12-22T00:12:33+00:00","mainEntityOfPage":{"@id":"https:\/\/informelitoral.com.ar\/abren-al-publico-los-tuneles-de-la-escuela-hogar-de-parana\/"},"wordCount":554,"commentCount":0,"publisher":{"@id":"https:\/\/informelitoral.com.ar\/#organization"},"image":{"@id":"https:\/\/informelitoral.com.ar\/abren-al-publico-los-tuneles-de-la-escuela-hogar-de-parana\/#primaryimage"},"thumbnailUrl":"https:\/\/informelitoral.com.ar\/%77%70%2d%63%6f%6e%74%65%6e%74\/uploads\/2020\/12\/evita-1-630x420-1.jpg","keywords":["Ense\u00f1anza","Escuela Hogar","Paran\u00e1"],"articleSection":["Sociedad"],"inLanguage":"es","potentialAction":[{"@type":"CommentAction","name":"Comment","target":["https:\/\/informelitoral.com.ar\/abren-al-publico-los-tuneles-de-la-escuela-hogar-de-parana\/#respond"]}]},{"@type":"WebPage","@id":"https:\/\/informelitoral.com.ar\/abren-al-publico-los-tuneles-de-la-escuela-hogar-de-parana\/","url":"https:\/\/informelitoral.com.ar\/abren-al-publico-los-tuneles-de-la-escuela-hogar-de-parana\/","name":"Abren al p\u00fablico los t\u00faneles de la Escuela Hogar de Paran\u00e1 - Informe Litoral","isPartOf":{"@id":"https:\/\/informelitoral.com.ar\/#website"},"primaryImageOfPage":{"@id":"https:\/\/informelitoral.com.ar\/abren-al-publico-los-tuneles-de-la-escuela-hogar-de-parana\/#primaryimage"},"image":{"@id":"https:\/\/informelitoral.com.ar\/abren-al-publico-los-tuneles-de-la-escuela-hogar-de-parana\/#primaryimage"},"thumbnailUrl":"https:\/\/informelitoral.com.ar\/%77%70%2d%63%6f%6e%74%65%6e%74\/uploads\/2020\/12\/evita-1-630x420-1.jpg","datePublished":"2020-12-22T00:12:33+00:00","breadcrumb":{"@id":"https:\/\/informelitoral.com.ar\/abren-al-publico-los-tuneles-de-la-escuela-hogar-de-parana\/#breadcrumb"},"inLanguage":"es","potentialAction":[{"@type":"ReadAction","target":["https:\/\/informelitoral.com.ar\/abren-al-publico-los-tuneles-de-la-escuela-hogar-de-parana\/"]}]},{"@type":"ImageObject","inLanguage":"es","@id":"https:\/\/informelitoral.com.ar\/abren-al-publico-los-tuneles-de-la-escuela-hogar-de-parana\/#primaryimage","url":"https:\/\/informelitoral.com.ar\/%77%70%2d%63%6f%6e%74%65%6e%74\/uploads\/2020\/12\/evita-1-630x420-1.jpg","contentUrl":"https:\/\/informelitoral.com.ar\/%77%70%2d%63%6f%6e%74%65%6e%74\/uploads\/2020\/12\/evita-1-630x420-1.jpg","width":630,"height":420},{"@type":"BreadcrumbList","@id":"https:\/\/informelitoral.com.ar\/abren-al-publico-los-tuneles-de-la-escuela-hogar-de-parana\/#breadcrumb","itemListElement":[{"@type":"ListItem","position":1,"name":"Portada","item":"https:\/\/informelitoral.com.ar\/"},{"@type":"ListItem","position":2,"name":"Abren al p\u00fablico los t\u00faneles de la Escuela Hogar de Paran\u00e1"}]},{"@type":"WebSite","@id":"https:\/\/informelitoral.com.ar\/#website","url":"https:\/\/informelitoral.com.ar\/","name":"Informe Litoral","description":"&quot;Nos informamos&quot; ","publisher":{"@id":"https:\/\/informelitoral.com.ar\/#organization"},"potentialAction":[{"@type":"SearchAction","target":{"@type":"EntryPoint","urlTemplate":"https:\/\/informelitoral.com.ar\/?s={search_term_string}"},"query-input":{"@type":"PropertyValueSpecification","valueRequired":true,"valueName":"search_term_string"}}],"inLanguage":"es"},{"@type":"Organization","@id":"https:\/\/informelitoral.com.ar\/#organization","name":"Informe Litoral","url":"https:\/\/informelitoral.com.ar\/","logo":{"@type":"ImageObject","inLanguage":"es","@id":"https:\/\/informelitoral.com.ar\/#\/schema\/logo\/image\/","url":"https:\/\/informelitoral.com.ar\/%77%70%2d%63%6f%6e%74%65%6e%74\/uploads\/2021\/01\/circulo.png","contentUrl":"https:\/\/informelitoral.com.ar\/%77%70%2d%63%6f%6e%74%65%6e%74\/uploads\/2021\/01\/circulo.png","width":723,"height":731,"caption":"Informe Litoral"},"image":{"@id":"https:\/\/informelitoral.com.ar\/#\/schema\/logo\/image\/"},"sameAs":["https:\/\/www.facebook.com\/informelitoral\/","https:\/\/x.com\/InformeLitoral","https:\/\/www.instagram.com\/informelitoral\/","https:\/\/www.youtube.com\/channel\/UCua4Qvz8Icb6MYqhoq9xLXw"]},{"@type":"Person","@id":"https:\/\/informelitoral.com.ar\/#\/schema\/person\/f05f9f461677119578717524b127d6d5","name":"Sebastian","image":{"@type":"ImageObject","inLanguage":"es","@id":"https:\/\/secure.gravatar.com\/avatar\/b71bf7481d447dfb9583c7f2798e7cc64de6efb9067b74633ed8c31059a3bd82?s=96&d=mm&r=g","url":"https:\/\/secure.gravatar.com\/avatar\/b71bf7481d447dfb9583c7f2798e7cc64de6efb9067b74633ed8c31059a3bd82?s=96&d=mm&r=g","contentUrl":"https:\/\/secure.gravatar.com\/avatar\/b71bf7481d447dfb9583c7f2798e7cc64de6efb9067b74633ed8c31059a3bd82?s=96&d=mm&r=g","caption":"Sebastian"},"url":"https:\/\/informelitoral.com.ar\/author\/sebastian\/"}]}},"_links":{"self":[{"href":"https:\/\/informelitoral.com.ar\/%77%70%2d%6a%73%6f%6e\/wp\/v2\/posts\/54926","targetHints":{"allow":["GET"]}}],"collection":[{"href":"https:\/\/informelitoral.com.ar\/%77%70%2d%6a%73%6f%6e\/wp\/v2\/posts"}],"about":[{"href":"https:\/\/informelitoral.com.ar\/%77%70%2d%6a%73%6f%6e\/wp\/v2\/types\/post"}],"author":[{"embeddable":true,"href":"https:\/\/informelitoral.com.ar\/%77%70%2d%6a%73%6f%6e\/wp\/v2\/users\/8"}],"replies":[{"embeddable":true,"href":"https:\/\/informelitoral.com.ar\/%77%70%2d%6a%73%6f%6e\/wp\/v2\/comments?post=54926"}],"version-history":[{"count":0,"href":"https:\/\/informelitoral.com.ar\/%77%70%2d%6a%73%6f%6e\/wp\/v2\/posts\/54926\/revisions"}],"wp:featuredmedia":[{"embeddable":true,"href":"https:\/\/informelitoral.com.ar\/%77%70%2d%6a%73%6f%6e\/wp\/v2\/media\/54927"}],"wp:attachment":[{"href":"https:\/\/informelitoral.com.ar\/%77%70%2d%6a%73%6f%6e\/wp\/v2\/media?parent=54926"}],"wp:term":[{"taxonomy":"category","embeddable":true,"href":"https:\/\/informelitoral.com.ar\/%77%70%2d%6a%73%6f%6e\/wp\/v2\/categories?post=54926"},{"taxonomy":"post_tag","embeddable":true,"href":"https:\/\/informelitoral.com.ar\/%77%70%2d%6a%73%6f%6e\/wp\/v2\/tags?post=54926"}],"curies":[{"name":"wp","href":"https:\/\/api.w.org\/{rel}","templated":true}]}}