{"id":54924,"date":"2020-12-21T21:03:59","date_gmt":"2020-12-22T00:03:59","guid":{"rendered":"https:\/\/www.isletasnoticias.com.ar\/?p=54924"},"modified":"2020-12-21T23:29:39","modified_gmt":"2020-12-22T02:29:39","slug":"confirmaron-que-el-presidente-fernandez-visitara-entre-rios","status":"publish","type":"post","link":"https:\/\/informelitoral.com.ar\/confirmaron-que-el-presidente-fernandez-visitara-entre-rios\/","title":{"rendered":"Confirmaron que el Presidente Fern\u00e1ndez visitar\u00e1 Entre R\u00edos"},"content":{"rendered":"<p>El gobernador Gustavo Bordet inform\u00f3 que este martes el Presidente Alberto Fern\u00e1ndez visitar\u00e1 Entre R\u00edos para participar de la apertura de los sobres de las obras del aeropuerto binacional de Concordia. \u00abEstar\u00e1 el Presidente con quien haremos otros anuncios\u00bb, adelant\u00f3 Bordet.<\/p>\n<p>Detall\u00f3 que es un aeropuerto que se financia con un proyecto de Banco Interamericano de Desarrollo (BID) por 50 millones de d\u00f3lares, y detall\u00f3 que 37 millones de d\u00f3lares demandar\u00e1 la obra civil del aeropuerto. \u00abEsto significa la posibilidad de conectar por v\u00eda \u00e1rea la costa del Uruguay con Buenos Aires, pero tambi\u00e9n es un aeropuerto de cargas que permitir\u00e1 que los ar\u00e1ndanos que se produzcan en Concordia, principal exportador en la Argentina, puedan salir directamente desde Concordia al destino final\u00bb, adelant\u00f3 poco antes de referirse al sobre costo que hoy tiene los productores del traslado hasta Ezeiza.<\/p>\n<p>\u00abEsto mejora la competitividad, y tambi\u00e9n para c\u00edtricos dulces, que muchos de ellos van con destino a Arabia Saudita, al igual que para Uruguay el c\u00e1\u00f1amo medicinal que producen ah\u00ed. Esto representa una gran oportunidad para mejorar la competitividad de nuestros productos\u00bb, insisti\u00f3.<\/p>\n","protected":false},"excerpt":{"rendered":"<p>El gobernador Gustavo Bordet inform&oacute; que este martes el Presidente Alberto Fern&aacute;ndez visitar&aacute; Entre R&iacute;os para participar de la apertura de los sobres de las obras del aeropuerto binacional de Concordia. &laquo;Estar&aacute; el Presidente con quien haremos otros anuncios&raquo;, adelant&oacute; Bordet. Detall&oacute; que es un aeropuerto que se financia con un proyecto de Banco Interamericano [&hellip;]<\/p>\n","protected":false},"author":8,"featured_media":45870,"comment_status":"open","ping_status":"open","sticky":false,"template":"","format":"standard","meta":{"fifu_image_url":"","fifu_image_alt":"","footnotes":""},"categories":[16],"tags":[1311,81,233,50],"class_list":{"0":"post-54924","1":"post","2":"type-post","3":"status-publish","4":"format-standard","5":"has-post-thumbnail","7":"category-politi","8":"tag-alberto-fernandez","9":"tag-entre-rios","10":"tag-gobierno-nacional","11":"tag-politica"},"yoast_head":"<title>Confirmaron que el Presidente Fern\u00e1ndez visitar\u00e1 Entre R\u00edos - Informe Litoral<\/title>\n<meta name=\"robots\" content=\"index, follow, max-snippet:-1, max-image-preview:large, max-video-preview:-1\" \/>\n<link rel=\"canonical\" href=\"https:\/\/informelitoral.com.ar\/confirmaron-que-el-presidente-fernandez-visitara-entre-rios\/\" \/>\n<meta property=\"og:locale\" content=\"es_ES\" \/>\n<meta property=\"og:type\" content=\"article\" \/>\n<meta property=\"og:title\" content=\"Confirmaron que el Presidente Fern\u00e1ndez visitar\u00e1 Entre R\u00edos - Informe Litoral\" \/>\n<meta property=\"og:description\" content=\"El gobernador Gustavo Bordet inform&oacute; que este martes el Presidente Alberto Fern&aacute;ndez visitar&aacute; Entre R&iacute;os para participar de la apertura de los sobres de las obras del aeropuerto binacional de Concordia. &laquo;Estar&aacute; el Presidente con quien haremos otros anuncios&raquo;, adelant&oacute; Bordet. Detall&oacute; que es un aeropuerto que se financia con un proyecto de Banco Interamericano [&hellip;]\" \/>\n<meta property=\"og:url\" content=\"https:\/\/informelitoral.com.ar\/confirmaron-que-el-presidente-fernandez-visitara-entre-rios\/\" \/>\n<meta property=\"og:site_name\" content=\"Informe Litoral\" \/>\n<meta property=\"article:publisher\" content=\"https:\/\/www.facebook.com\/informelitoral\/\" \/>\n<meta property=\"article:published_time\" content=\"2020-12-22T00:03:59+00:00\" \/>\n<meta property=\"article:modified_time\" content=\"2020-12-22T02:29:39+00:00\" \/>\n<meta property=\"og:image\" content=\"https:\/\/informelitoral.com.ar\/%77%70%2d%63%6f%6e%74%65%6e%74\/uploads\/2020\/07\/albertofernandez.jpg\" \/>\n\t<meta property=\"og:image:width\" content=\"1072\" \/>\n\t<meta property=\"og:image:height\" content=\"713\" \/>\n\t<meta property=\"og:image:type\" content=\"image\/jpeg\" \/>\n<meta name=\"author\" content=\"Sebastian\" \/>\n<meta name=\"twitter:card\" content=\"summary_large_image\" \/>\n<meta name=\"twitter:creator\" content=\"@InformeLitoral\" \/>\n<meta name=\"twitter:site\" content=\"@InformeLitoral\" \/>\n<meta name=\"twitter:label1\" content=\"Escrito por\" \/>\n\t<meta name=\"twitter:data1\" content=\"Sebastian\" \/>\n\t<meta name=\"twitter:label2\" content=\"Tiempo de lectura\" \/>\n\t<meta name=\"twitter:data2\" content=\"1 minuto\" \/>\n<script type=\"application\/ld+json\" class=\"yoast-schema-graph\">{\"@context\":\"https:\\\/\\\/schema.org\",\"@graph\":[{\"@type\":\"Article\",\"@id\":\"https:\\\/\\\/informelitoral.com.ar\\\/confirmaron-que-el-presidente-fernandez-visitara-entre-rios\\\/#article\",\"isPartOf\":{\"@id\":\"https:\\\/\\\/informelitoral.com.ar\\\/confirmaron-que-el-presidente-fernandez-visitara-entre-rios\\\/\"},\"author\":{\"name\":\"Sebastian\",\"@id\":\"https:\\\/\\\/informelitoral.com.ar\\\/#\\\/schema\\\/person\\\/f05f9f461677119578717524b127d6d5\"},\"headline\":\"Confirmaron que el Presidente Fern\u00e1ndez visitar\u00e1 Entre R\u00edos\",\"datePublished\":\"2020-12-22T00:03:59+00:00\",\"dateModified\":\"2020-12-22T02:29:39+00:00\",\"mainEntityOfPage\":{\"@id\":\"https:\\\/\\\/informelitoral.com.ar\\\/confirmaron-que-el-presidente-fernandez-visitara-entre-rios\\\/\"},\"wordCount\":200,\"commentCount\":0,\"publisher\":{\"@id\":\"https:\\\/\\\/informelitoral.com.ar\\\/#organization\"},\"image\":{\"@id\":\"https:\\\/\\\/informelitoral.com.ar\\\/confirmaron-que-el-presidente-fernandez-visitara-entre-rios\\\/#primaryimage\"},\"thumbnailUrl\":\"https:\\\/\\\/informelitoral.com.ar\\\/%77%70%2d%63%6f%6e%74%65%6e%74\\\/uploads\\\/2020\\\/07\\\/albertofernandez.jpg\",\"keywords\":[\"Alberto Fern\u00e1ndez\",\"Entre R\u00edos\",\"Gobierno nacional\",\"Pol\u00edtica\"],\"articleSection\":[\"Politica\"],\"inLanguage\":\"es\",\"potentialAction\":[{\"@type\":\"CommentAction\",\"name\":\"Comment\",\"target\":[\"https:\\\/\\\/informelitoral.com.ar\\\/confirmaron-que-el-presidente-fernandez-visitara-entre-rios\\\/#respond\"]}]},{\"@type\":\"WebPage\",\"@id\":\"https:\\\/\\\/informelitoral.com.ar\\\/confirmaron-que-el-presidente-fernandez-visitara-entre-rios\\\/\",\"url\":\"https:\\\/\\\/informelitoral.com.ar\\\/confirmaron-que-el-presidente-fernandez-visitara-entre-rios\\\/\",\"name\":\"Confirmaron que el Presidente Fern\u00e1ndez visitar\u00e1 Entre R\u00edos - Informe Litoral\",\"isPartOf\":{\"@id\":\"https:\\\/\\\/informelitoral.com.ar\\\/#website\"},\"primaryImageOfPage\":{\"@id\":\"https:\\\/\\\/informelitoral.com.ar\\\/confirmaron-que-el-presidente-fernandez-visitara-entre-rios\\\/#primaryimage\"},\"image\":{\"@id\":\"https:\\\/\\\/informelitoral.com.ar\\\/confirmaron-que-el-presidente-fernandez-visitara-entre-rios\\\/#primaryimage\"},\"thumbnailUrl\":\"https:\\\/\\\/informelitoral.com.ar\\\/%77%70%2d%63%6f%6e%74%65%6e%74\\\/uploads\\\/2020\\\/07\\\/albertofernandez.jpg\",\"datePublished\":\"2020-12-22T00:03:59+00:00\",\"dateModified\":\"2020-12-22T02:29:39+00:00\",\"breadcrumb\":{\"@id\":\"https:\\\/\\\/informelitoral.com.ar\\\/confirmaron-que-el-presidente-fernandez-visitara-entre-rios\\\/#breadcrumb\"},\"inLanguage\":\"es\",\"potentialAction\":[{\"@type\":\"ReadAction\",\"target\":[\"https:\\\/\\\/informelitoral.com.ar\\\/confirmaron-que-el-presidente-fernandez-visitara-entre-rios\\\/\"]}]},{\"@type\":\"ImageObject\",\"inLanguage\":\"es\",\"@id\":\"https:\\\/\\\/informelitoral.com.ar\\\/confirmaron-que-el-presidente-fernandez-visitara-entre-rios\\\/#primaryimage\",\"url\":\"https:\\\/\\\/informelitoral.com.ar\\\/%77%70%2d%63%6f%6e%74%65%6e%74\\\/uploads\\\/2020\\\/07\\\/albertofernandez.jpg\",\"contentUrl\":\"https:\\\/\\\/informelitoral.com.ar\\\/%77%70%2d%63%6f%6e%74%65%6e%74\\\/uploads\\\/2020\\\/07\\\/albertofernandez.jpg\",\"width\":1072,\"height\":713},{\"@type\":\"BreadcrumbList\",\"@id\":\"https:\\\/\\\/informelitoral.com.ar\\\/confirmaron-que-el-presidente-fernandez-visitara-entre-rios\\\/#breadcrumb\",\"itemListElement\":[{\"@type\":\"ListItem\",\"position\":1,\"name\":\"Portada\",\"item\":\"https:\\\/\\\/informelitoral.com.ar\\\/\"},{\"@type\":\"ListItem\",\"position\":2,\"name\":\"Confirmaron que el Presidente Fern\u00e1ndez visitar\u00e1 Entre R\u00edos\"}]},{\"@type\":\"WebSite\",\"@id\":\"https:\\\/\\\/informelitoral.com.ar\\\/#website\",\"url\":\"https:\\\/\\\/informelitoral.com.ar\\\/\",\"name\":\"Informe Litoral\",\"description\":\"&quot;Nos informamos&quot; \",\"publisher\":{\"@id\":\"https:\\\/\\\/informelitoral.com.ar\\\/#organization\"},\"potentialAction\":[{\"@type\":\"SearchAction\",\"target\":{\"@type\":\"EntryPoint\",\"urlTemplate\":\"https:\\\/\\\/informelitoral.com.ar\\\/?s={search_term_string}\"},\"query-input\":{\"@type\":\"PropertyValueSpecification\",\"valueRequired\":true,\"valueName\":\"search_term_string\"}}],\"inLanguage\":\"es\"},{\"@type\":\"Organization\",\"@id\":\"https:\\\/\\\/informelitoral.com.ar\\\/#organization\",\"name\":\"Informe Litoral\",\"url\":\"https:\\\/\\\/informelitoral.com.ar\\\/\",\"logo\":{\"@type\":\"ImageObject\",\"inLanguage\":\"es\",\"@id\":\"https:\\\/\\\/informelitoral.com.ar\\\/#\\\/schema\\\/logo\\\/image\\\/\",\"url\":\"https:\\\/\\\/informelitoral.com.ar\\\/%77%70%2d%63%6f%6e%74%65%6e%74\\\/uploads\\\/2021\\\/01\\\/circulo.png\",\"contentUrl\":\"https:\\\/\\\/informelitoral.com.ar\\\/%77%70%2d%63%6f%6e%74%65%6e%74\\\/uploads\\\/2021\\\/01\\\/circulo.png\",\"width\":723,\"height\":731,\"caption\":\"Informe Litoral\"},\"image\":{\"@id\":\"https:\\\/\\\/informelitoral.com.ar\\\/#\\\/schema\\\/logo\\\/image\\\/\"},\"sameAs\":[\"https:\\\/\\\/www.facebook.com\\\/informelitoral\\\/\",\"https:\\\/\\\/x.com\\\/InformeLitoral\",\"https:\\\/\\\/www.instagram.com\\\/informelitoral\\\/\",\"https:\\\/\\\/www.youtube.com\\\/channel\\\/UCua4Qvz8Icb6MYqhoq9xLXw\"]},{\"@type\":\"Person\",\"@id\":\"https:\\\/\\\/informelitoral.com.ar\\\/#\\\/schema\\\/person\\\/f05f9f461677119578717524b127d6d5\",\"name\":\"Sebastian\",\"image\":{\"@type\":\"ImageObject\",\"inLanguage\":\"es\",\"@id\":\"https:\\\/\\\/secure.gravatar.com\\\/avatar\\\/b71bf7481d447dfb9583c7f2798e7cc64de6efb9067b74633ed8c31059a3bd82?s=96&d=mm&r=g\",\"url\":\"https:\\\/\\\/secure.gravatar.com\\\/avatar\\\/b71bf7481d447dfb9583c7f2798e7cc64de6efb9067b74633ed8c31059a3bd82?s=96&d=mm&r=g\",\"contentUrl\":\"https:\\\/\\\/secure.gravatar.com\\\/avatar\\\/b71bf7481d447dfb9583c7f2798e7cc64de6efb9067b74633ed8c31059a3bd82?s=96&d=mm&r=g\",\"caption\":\"Sebastian\"},\"url\":\"https:\\\/\\\/informelitoral.com.ar\\\/author\\\/sebastian\\\/\"}]}<\/script>","yoast_head_json":{"title":"Confirmaron que el Presidente Fern\u00e1ndez visitar\u00e1 Entre R\u00edos - Informe Litoral","robots":{"index":"index","follow":"follow","max-snippet":"max-snippet:-1","max-image-preview":"max-image-preview:large","max-video-preview":"max-video-preview:-1"},"canonical":"https:\/\/informelitoral.com.ar\/confirmaron-que-el-presidente-fernandez-visitara-entre-rios\/","og_locale":"es_ES","og_type":"article","og_title":"Confirmaron que el Presidente Fern\u00e1ndez visitar\u00e1 Entre R\u00edos - Informe Litoral","og_description":"El gobernador Gustavo Bordet inform&oacute; que este martes el Presidente Alberto Fern&aacute;ndez visitar&aacute; Entre R&iacute;os para participar de la apertura de los sobres de las obras del aeropuerto binacional de Concordia. &laquo;Estar&aacute; el Presidente con quien haremos otros anuncios&raquo;, adelant&oacute; Bordet. Detall&oacute; que es un aeropuerto que se financia con un proyecto de Banco Interamericano [&hellip;]","og_url":"https:\/\/informelitoral.com.ar\/confirmaron-que-el-presidente-fernandez-visitara-entre-rios\/","og_site_name":"Informe Litoral","article_publisher":"https:\/\/www.facebook.com\/informelitoral\/","article_published_time":"2020-12-22T00:03:59+00:00","article_modified_time":"2020-12-22T02:29:39+00:00","og_image":[{"width":1072,"height":713,"url":"https:\/\/informelitoral.com.ar\/%77%70%2d%63%6f%6e%74%65%6e%74\/uploads\/2020\/07\/albertofernandez.jpg","type":"image\/jpeg"}],"author":"Sebastian","twitter_card":"summary_large_image","twitter_creator":"@InformeLitoral","twitter_site":"@InformeLitoral","twitter_misc":{"Escrito por":"Sebastian","Tiempo de lectura":"1 minuto"},"schema":{"@context":"https:\/\/schema.org","@graph":[{"@type":"Article","@id":"https:\/\/informelitoral.com.ar\/confirmaron-que-el-presidente-fernandez-visitara-entre-rios\/#article","isPartOf":{"@id":"https:\/\/informelitoral.com.ar\/confirmaron-que-el-presidente-fernandez-visitara-entre-rios\/"},"author":{"name":"Sebastian","@id":"https:\/\/informelitoral.com.ar\/#\/schema\/person\/f05f9f461677119578717524b127d6d5"},"headline":"Confirmaron que el Presidente Fern\u00e1ndez visitar\u00e1 Entre R\u00edos","datePublished":"2020-12-22T00:03:59+00:00","dateModified":"2020-12-22T02:29:39+00:00","mainEntityOfPage":{"@id":"https:\/\/informelitoral.com.ar\/confirmaron-que-el-presidente-fernandez-visitara-entre-rios\/"},"wordCount":200,"commentCount":0,"publisher":{"@id":"https:\/\/informelitoral.com.ar\/#organization"},"image":{"@id":"https:\/\/informelitoral.com.ar\/confirmaron-que-el-presidente-fernandez-visitara-entre-rios\/#primaryimage"},"thumbnailUrl":"https:\/\/informelitoral.com.ar\/%77%70%2d%63%6f%6e%74%65%6e%74\/uploads\/2020\/07\/albertofernandez.jpg","keywords":["Alberto Fern\u00e1ndez","Entre R\u00edos","Gobierno nacional","Pol\u00edtica"],"articleSection":["Politica"],"inLanguage":"es","potentialAction":[{"@type":"CommentAction","name":"Comment","target":["https:\/\/informelitoral.com.ar\/confirmaron-que-el-presidente-fernandez-visitara-entre-rios\/#respond"]}]},{"@type":"WebPage","@id":"https:\/\/informelitoral.com.ar\/confirmaron-que-el-presidente-fernandez-visitara-entre-rios\/","url":"https:\/\/informelitoral.com.ar\/confirmaron-que-el-presidente-fernandez-visitara-entre-rios\/","name":"Confirmaron que el Presidente Fern\u00e1ndez visitar\u00e1 Entre R\u00edos - Informe Litoral","isPartOf":{"@id":"https:\/\/informelitoral.com.ar\/#website"},"primaryImageOfPage":{"@id":"https:\/\/informelitoral.com.ar\/confirmaron-que-el-presidente-fernandez-visitara-entre-rios\/#primaryimage"},"image":{"@id":"https:\/\/informelitoral.com.ar\/confirmaron-que-el-presidente-fernandez-visitara-entre-rios\/#primaryimage"},"thumbnailUrl":"https:\/\/informelitoral.com.ar\/%77%70%2d%63%6f%6e%74%65%6e%74\/uploads\/2020\/07\/albertofernandez.jpg","datePublished":"2020-12-22T00:03:59+00:00","dateModified":"2020-12-22T02:29:39+00:00","breadcrumb":{"@id":"https:\/\/informelitoral.com.ar\/confirmaron-que-el-presidente-fernandez-visitara-entre-rios\/#breadcrumb"},"inLanguage":"es","potentialAction":[{"@type":"ReadAction","target":["https:\/\/informelitoral.com.ar\/confirmaron-que-el-presidente-fernandez-visitara-entre-rios\/"]}]},{"@type":"ImageObject","inLanguage":"es","@id":"https:\/\/informelitoral.com.ar\/confirmaron-que-el-presidente-fernandez-visitara-entre-rios\/#primaryimage","url":"https:\/\/informelitoral.com.ar\/%77%70%2d%63%6f%6e%74%65%6e%74\/uploads\/2020\/07\/albertofernandez.jpg","contentUrl":"https:\/\/informelitoral.com.ar\/%77%70%2d%63%6f%6e%74%65%6e%74\/uploads\/2020\/07\/albertofernandez.jpg","width":1072,"height":713},{"@type":"BreadcrumbList","@id":"https:\/\/informelitoral.com.ar\/confirmaron-que-el-presidente-fernandez-visitara-entre-rios\/#breadcrumb","itemListElement":[{"@type":"ListItem","position":1,"name":"Portada","item":"https:\/\/informelitoral.com.ar\/"},{"@type":"ListItem","position":2,"name":"Confirmaron que el Presidente Fern\u00e1ndez visitar\u00e1 Entre R\u00edos"}]},{"@type":"WebSite","@id":"https:\/\/informelitoral.com.ar\/#website","url":"https:\/\/informelitoral.com.ar\/","name":"Informe Litoral","description":"&quot;Nos informamos&quot; ","publisher":{"@id":"https:\/\/informelitoral.com.ar\/#organization"},"potentialAction":[{"@type":"SearchAction","target":{"@type":"EntryPoint","urlTemplate":"https:\/\/informelitoral.com.ar\/?s={search_term_string}"},"query-input":{"@type":"PropertyValueSpecification","valueRequired":true,"valueName":"search_term_string"}}],"inLanguage":"es"},{"@type":"Organization","@id":"https:\/\/informelitoral.com.ar\/#organization","name":"Informe Litoral","url":"https:\/\/informelitoral.com.ar\/","logo":{"@type":"ImageObject","inLanguage":"es","@id":"https:\/\/informelitoral.com.ar\/#\/schema\/logo\/image\/","url":"https:\/\/informelitoral.com.ar\/%77%70%2d%63%6f%6e%74%65%6e%74\/uploads\/2021\/01\/circulo.png","contentUrl":"https:\/\/informelitoral.com.ar\/%77%70%2d%63%6f%6e%74%65%6e%74\/uploads\/2021\/01\/circulo.png","width":723,"height":731,"caption":"Informe Litoral"},"image":{"@id":"https:\/\/informelitoral.com.ar\/#\/schema\/logo\/image\/"},"sameAs":["https:\/\/www.facebook.com\/informelitoral\/","https:\/\/x.com\/InformeLitoral","https:\/\/www.instagram.com\/informelitoral\/","https:\/\/www.youtube.com\/channel\/UCua4Qvz8Icb6MYqhoq9xLXw"]},{"@type":"Person","@id":"https:\/\/informelitoral.com.ar\/#\/schema\/person\/f05f9f461677119578717524b127d6d5","name":"Sebastian","image":{"@type":"ImageObject","inLanguage":"es","@id":"https:\/\/secure.gravatar.com\/avatar\/b71bf7481d447dfb9583c7f2798e7cc64de6efb9067b74633ed8c31059a3bd82?s=96&d=mm&r=g","url":"https:\/\/secure.gravatar.com\/avatar\/b71bf7481d447dfb9583c7f2798e7cc64de6efb9067b74633ed8c31059a3bd82?s=96&d=mm&r=g","contentUrl":"https:\/\/secure.gravatar.com\/avatar\/b71bf7481d447dfb9583c7f2798e7cc64de6efb9067b74633ed8c31059a3bd82?s=96&d=mm&r=g","caption":"Sebastian"},"url":"https:\/\/informelitoral.com.ar\/author\/sebastian\/"}]}},"_links":{"self":[{"href":"https:\/\/informelitoral.com.ar\/%77%70%2d%6a%73%6f%6e\/wp\/v2\/posts\/54924","targetHints":{"allow":["GET"]}}],"collection":[{"href":"https:\/\/informelitoral.com.ar\/%77%70%2d%6a%73%6f%6e\/wp\/v2\/posts"}],"about":[{"href":"https:\/\/informelitoral.com.ar\/%77%70%2d%6a%73%6f%6e\/wp\/v2\/types\/post"}],"author":[{"embeddable":true,"href":"https:\/\/informelitoral.com.ar\/%77%70%2d%6a%73%6f%6e\/wp\/v2\/users\/8"}],"replies":[{"embeddable":true,"href":"https:\/\/informelitoral.com.ar\/%77%70%2d%6a%73%6f%6e\/wp\/v2\/comments?post=54924"}],"version-history":[{"count":0,"href":"https:\/\/informelitoral.com.ar\/%77%70%2d%6a%73%6f%6e\/wp\/v2\/posts\/54924\/revisions"}],"wp:featuredmedia":[{"embeddable":true,"href":"https:\/\/informelitoral.com.ar\/%77%70%2d%6a%73%6f%6e\/wp\/v2\/media\/45870"}],"wp:attachment":[{"href":"https:\/\/informelitoral.com.ar\/%77%70%2d%6a%73%6f%6e\/wp\/v2\/media?parent=54924"}],"wp:term":[{"taxonomy":"category","embeddable":true,"href":"https:\/\/informelitoral.com.ar\/%77%70%2d%6a%73%6f%6e\/wp\/v2\/categories?post=54924"},{"taxonomy":"post_tag","embeddable":true,"href":"https:\/\/informelitoral.com.ar\/%77%70%2d%6a%73%6f%6e\/wp\/v2\/tags?post=54924"}],"curies":[{"name":"wp","href":"https:\/\/api.w.org\/{rel}","templated":true}]}}