{"id":54816,"date":"2020-12-19T12:30:40","date_gmt":"2020-12-19T15:30:40","guid":{"rendered":"https:\/\/www.isletasnoticias.com.ar\/?p=54816"},"modified":"2020-12-19T12:30:40","modified_gmt":"2020-12-19T15:30:40","slug":"este-sabado-se-reunen-para-proteger-al-arroyo-doll-que-piden-los-vecinos-autoconvocados","status":"publish","type":"post","link":"https:\/\/informelitoral.com.ar\/este-sabado-se-reunen-para-proteger-al-arroyo-doll-que-piden-los-vecinos-autoconvocados\/","title":{"rendered":"Este s\u00e1bado se re\u00fanen para proteger al Arroyo Doll: qu\u00e9 piden los vecinos autoconvocados"},"content":{"rendered":"<p>Este<strong> s\u00e1bado 19 de diciembre a las 19<\/strong>, en el<strong> sal\u00f3n de la Junta de Gobierno de Costa Grande<\/strong> se realizar\u00e1 una reuni\u00f3n para <strong><a href=\"https:\/\/www.isletasnoticias.com.ar\/un-grupo-de-vecinos-quieren-que-el-arroyo-doll-sea-area-protegida\/\">proteger el Arroyo Doll<\/a><\/strong>. El encuentro <a href=\"https:\/\/www.isletasnoticias.com.ar\/costa-grande-este-sabado-sera-la-reunion-para-proteger-al-arroyo-doll\/\">originalmente estaba previsto para el s\u00e1bado pasado<\/a> pero tuvo que ser suspendido por mal tiempo.<\/p>\n<p>El objetivo de la convocatoria es <strong>conformar una mesa de trabajo y llegar a consensos para que el curso de agua sea declarado<em> \u00abZona natural y cultural protegida\u00bb.<\/em><\/strong><\/p>\n<p>De acuerdo a un texto enviado a<a href=\"https:\/\/www.facebook.com\/informelitoral\/\"><strong><em> Informe Litoral,<\/em><\/strong><\/a> el grupo de vecinos autoconvocados adhiere a una <a href=\"https:\/\/www.isletasnoticias.com.ar\/dictamen-favorable-para-el-proyecto-que-protege-el-arroyo-doll\/\">iniciativa presentada en el Senado entrerriano,<\/a> aunque piden que se le agreguen otros puntos al proyecto.<\/p>\n<h3><strong>Qu\u00e9 agregados proponen al proyecto:<\/strong><\/h3>\n<ul>\n<li>Depredaci\u00f3n de fauna en general: caza furtiva en zona del arroyo de especies como el carpincho, guazunchos, aves, etc.<\/li>\n<li>Contaminaci\u00f3n de la costa y aguas del Arroyo Doll provocada por parte de quienes concurren al mismo con fines recreativos y tur\u00edsticos y\/o que podr\u00eda ser provocada por emprendimientos agroindustriales y agropecuarios.<\/li>\n<li>Contaminaci\u00f3n sonora provocada por personas que acampan en las costas del arroyo (m\u00fasica a volumen elevado) que atentan contra nuestro derecho de disfrutar de un entorno natural sano.<\/li>\n<li>Extracci\u00f3n sin control alguno de f\u00f3siles y de objetos hist\u00f3ricos culturales que se encuentran en el Arroyo Doll y parte de su cuenca. <em>(Informe Litoral)<\/em><\/li>\n<\/ul>\n<h3><em><strong>M\u00c1S SOBRE EL TEMA:<\/strong><\/em><\/h3>\n<blockquote class=\"wp-embedded-content\" data-secret=\"h4POiFFAD9\"><p><a href=\"https:\/\/www.isletasnoticias.com.ar\/una-vecina-explico-por-que-es-necesario-proteger-el-arroyo-doll\/\">Una vecina explic\u00f3 por qu\u00e9 es necesario proteger el Arroyo Doll<\/a><\/p><\/blockquote>\n<p><iframe loading=\"lazy\" class=\"wp-embedded-content\" sandbox=\"allow-scripts\" security=\"restricted\" style=\"position: absolute; clip: rect(1px, 1px, 1px, 1px);\" title=\"\u00abUna vecina explic\u00f3 por qu\u00e9 es necesario proteger el Arroyo Doll\u00bb \u2014 Isletas Noticias\" src=\"https:\/\/www.isletasnoticias.com.ar\/una-vecina-explico-por-que-es-necesario-proteger-el-arroyo-doll\/embed\/#?secret=h4POiFFAD9\" data-secret=\"h4POiFFAD9\" width=\"600\" height=\"338\" frameborder=\"0\" marginwidth=\"0\" marginheight=\"0\" scrolling=\"no\"><\/iframe><\/p>\n<blockquote class=\"wp-embedded-content\" data-secret=\"A4CslpJrHX\"><p><a href=\"https:\/\/www.isletasnoticias.com.ar\/juntaron-1200-firmas-para-proteger-el-arroyo-doll\/\">Juntaron 1200 firmas para proteger el Arroyo Doll<\/a><\/p><\/blockquote>\n<p><iframe loading=\"lazy\" class=\"wp-embedded-content\" sandbox=\"allow-scripts\" security=\"restricted\" style=\"position: absolute; clip: rect(1px, 1px, 1px, 1px);\" title=\"\u00abJuntaron 1200 firmas para proteger el Arroyo Doll\u00bb \u2014 Isletas Noticias\" src=\"https:\/\/www.isletasnoticias.com.ar\/juntaron-1200-firmas-para-proteger-el-arroyo-doll\/embed\/#?secret=A4CslpJrHX\" data-secret=\"A4CslpJrHX\" width=\"600\" height=\"338\" frameborder=\"0\" marginwidth=\"0\" marginheight=\"0\" scrolling=\"no\"><\/iframe><\/p>\n","protected":false},"excerpt":{"rendered":"<p>El encuentro ser\u00e1 a las 19 en el sal\u00f3n de la Junta de Gobierno de Costa Grande. Quieren conformar una mesa de trabajo para declarar al curso de agua como \u00abZona natural y cultural protegida\u00bb. Qu\u00e9 cambios solicitan. <\/p>\n","protected":false},"author":2,"featured_media":54692,"comment_status":"open","ping_status":"open","sticky":false,"template":"","format":"standard","meta":{"fifu_image_url":"","fifu_image_alt":"","footnotes":""},"categories":[5,1441],"tags":[46,1558,109,2194,624],"class_list":{"0":"post-54816","1":"post","2":"type-post","3":"status-publish","4":"format-standard","5":"has-post-thumbnail","7":"category-zonales","8":"category-naturaleza","9":"tag-ambiente","10":"tag-arroyo-doll","11":"tag-costa-grande","12":"tag-es","13":"tag-molino-doll"},"yoast_head":"<title>Este s\u00e1bado se re\u00fanen para proteger al Arroyo Doll: qu\u00e9 piden los vecinos autoconvocados - Informe Litoral<\/title>\n<meta name=\"robots\" content=\"index, follow, max-snippet:-1, max-image-preview:large, max-video-preview:-1\" \/>\n<link rel=\"canonical\" href=\"https:\/\/informelitoral.com.ar\/este-sabado-se-reunen-para-proteger-al-arroyo-doll-que-piden-los-vecinos-autoconvocados\/\" \/>\n<meta property=\"og:locale\" content=\"es_ES\" \/>\n<meta property=\"og:type\" content=\"article\" \/>\n<meta property=\"og:title\" content=\"Este s\u00e1bado se re\u00fanen para proteger al Arroyo Doll: qu\u00e9 piden los vecinos autoconvocados - Informe Litoral\" \/>\n<meta property=\"og:description\" content=\"El encuentro ser\u00e1 a las 19 en el sal\u00f3n de la Junta de Gobierno de Costa Grande. Quieren conformar una mesa de trabajo para declarar al curso de agua como &quot;Zona natural y cultural protegida&quot;. Qu\u00e9 cambios solicitan.\" \/>\n<meta property=\"og:url\" content=\"https:\/\/informelitoral.com.ar\/este-sabado-se-reunen-para-proteger-al-arroyo-doll-que-piden-los-vecinos-autoconvocados\/\" \/>\n<meta property=\"og:site_name\" content=\"Informe Litoral\" \/>\n<meta property=\"article:publisher\" content=\"https:\/\/www.facebook.com\/informelitoral\/\" \/>\n<meta property=\"article:published_time\" content=\"2020-12-19T15:30:40+00:00\" \/>\n<meta property=\"og:image\" content=\"https:\/\/informelitoral.com.ar\/%77%70%2d%63%6f%6e%74%65%6e%74\/uploads\/2020\/12\/WhatsApp-Image-2020-12-17-at-17.58.06-1.jpeg\" \/>\n\t<meta property=\"og:image:width\" content=\"1280\" \/>\n\t<meta property=\"og:image:height\" content=\"847\" \/>\n\t<meta property=\"og:image:type\" content=\"image\/jpeg\" \/>\n<meta name=\"author\" content=\"Gonzalo Schmidt\" \/>\n<meta name=\"twitter:card\" content=\"summary_large_image\" \/>\n<meta name=\"twitter:creator\" content=\"@InformeLitoral\" \/>\n<meta name=\"twitter:site\" content=\"@InformeLitoral\" \/>\n<meta name=\"twitter:label1\" content=\"Escrito por\" \/>\n\t<meta name=\"twitter:data1\" content=\"Gonzalo Schmidt\" \/>\n\t<meta name=\"twitter:label2\" content=\"Tiempo de lectura\" \/>\n\t<meta name=\"twitter:data2\" content=\"1 minuto\" \/>\n<script type=\"application\/ld+json\" class=\"yoast-schema-graph\">{\"@context\":\"https:\\\/\\\/schema.org\",\"@graph\":[{\"@type\":\"Article\",\"@id\":\"https:\\\/\\\/informelitoral.com.ar\\\/este-sabado-se-reunen-para-proteger-al-arroyo-doll-que-piden-los-vecinos-autoconvocados\\\/#article\",\"isPartOf\":{\"@id\":\"https:\\\/\\\/informelitoral.com.ar\\\/este-sabado-se-reunen-para-proteger-al-arroyo-doll-que-piden-los-vecinos-autoconvocados\\\/\"},\"author\":{\"name\":\"Gonzalo Schmidt\",\"@id\":\"https:\\\/\\\/informelitoral.com.ar\\\/#\\\/schema\\\/person\\\/b9d00407c836482871ef1d57bf8e3180\"},\"headline\":\"Este s\u00e1bado se re\u00fanen para proteger al Arroyo Doll: qu\u00e9 piden los vecinos autoconvocados\",\"datePublished\":\"2020-12-19T15:30:40+00:00\",\"mainEntityOfPage\":{\"@id\":\"https:\\\/\\\/informelitoral.com.ar\\\/este-sabado-se-reunen-para-proteger-al-arroyo-doll-que-piden-los-vecinos-autoconvocados\\\/\"},\"wordCount\":261,\"commentCount\":0,\"publisher\":{\"@id\":\"https:\\\/\\\/informelitoral.com.ar\\\/#organization\"},\"image\":{\"@id\":\"https:\\\/\\\/informelitoral.com.ar\\\/este-sabado-se-reunen-para-proteger-al-arroyo-doll-que-piden-los-vecinos-autoconvocados\\\/#primaryimage\"},\"thumbnailUrl\":\"https:\\\/\\\/informelitoral.com.ar\\\/%77%70%2d%63%6f%6e%74%65%6e%74\\\/uploads\\\/2020\\\/12\\\/WhatsApp-Image-2020-12-17-at-17.58.06-1.jpeg\",\"keywords\":[\"Ambiente\",\"Arroyo Doll\",\"Costa Grande\",\"Es\",\"Molino Doll\"],\"articleSection\":[\"Departamento Diamante\",\"Naturaleza\"],\"inLanguage\":\"es\",\"potentialAction\":[{\"@type\":\"CommentAction\",\"name\":\"Comment\",\"target\":[\"https:\\\/\\\/informelitoral.com.ar\\\/este-sabado-se-reunen-para-proteger-al-arroyo-doll-que-piden-los-vecinos-autoconvocados\\\/#respond\"]}]},{\"@type\":\"WebPage\",\"@id\":\"https:\\\/\\\/informelitoral.com.ar\\\/este-sabado-se-reunen-para-proteger-al-arroyo-doll-que-piden-los-vecinos-autoconvocados\\\/\",\"url\":\"https:\\\/\\\/informelitoral.com.ar\\\/este-sabado-se-reunen-para-proteger-al-arroyo-doll-que-piden-los-vecinos-autoconvocados\\\/\",\"name\":\"Este s\u00e1bado se re\u00fanen para proteger al Arroyo Doll: qu\u00e9 piden los vecinos autoconvocados - Informe Litoral\",\"isPartOf\":{\"@id\":\"https:\\\/\\\/informelitoral.com.ar\\\/#website\"},\"primaryImageOfPage\":{\"@id\":\"https:\\\/\\\/informelitoral.com.ar\\\/este-sabado-se-reunen-para-proteger-al-arroyo-doll-que-piden-los-vecinos-autoconvocados\\\/#primaryimage\"},\"image\":{\"@id\":\"https:\\\/\\\/informelitoral.com.ar\\\/este-sabado-se-reunen-para-proteger-al-arroyo-doll-que-piden-los-vecinos-autoconvocados\\\/#primaryimage\"},\"thumbnailUrl\":\"https:\\\/\\\/informelitoral.com.ar\\\/%77%70%2d%63%6f%6e%74%65%6e%74\\\/uploads\\\/2020\\\/12\\\/WhatsApp-Image-2020-12-17-at-17.58.06-1.jpeg\",\"datePublished\":\"2020-12-19T15:30:40+00:00\",\"breadcrumb\":{\"@id\":\"https:\\\/\\\/informelitoral.com.ar\\\/este-sabado-se-reunen-para-proteger-al-arroyo-doll-que-piden-los-vecinos-autoconvocados\\\/#breadcrumb\"},\"inLanguage\":\"es\",\"potentialAction\":[{\"@type\":\"ReadAction\",\"target\":[\"https:\\\/\\\/informelitoral.com.ar\\\/este-sabado-se-reunen-para-proteger-al-arroyo-doll-que-piden-los-vecinos-autoconvocados\\\/\"]}]},{\"@type\":\"ImageObject\",\"inLanguage\":\"es\",\"@id\":\"https:\\\/\\\/informelitoral.com.ar\\\/este-sabado-se-reunen-para-proteger-al-arroyo-doll-que-piden-los-vecinos-autoconvocados\\\/#primaryimage\",\"url\":\"https:\\\/\\\/informelitoral.com.ar\\\/%77%70%2d%63%6f%6e%74%65%6e%74\\\/uploads\\\/2020\\\/12\\\/WhatsApp-Image-2020-12-17-at-17.58.06-1.jpeg\",\"contentUrl\":\"https:\\\/\\\/informelitoral.com.ar\\\/%77%70%2d%63%6f%6e%74%65%6e%74\\\/uploads\\\/2020\\\/12\\\/WhatsApp-Image-2020-12-17-at-17.58.06-1.jpeg\",\"width\":1280,\"height\":847},{\"@type\":\"BreadcrumbList\",\"@id\":\"https:\\\/\\\/informelitoral.com.ar\\\/este-sabado-se-reunen-para-proteger-al-arroyo-doll-que-piden-los-vecinos-autoconvocados\\\/#breadcrumb\",\"itemListElement\":[{\"@type\":\"ListItem\",\"position\":1,\"name\":\"Portada\",\"item\":\"https:\\\/\\\/informelitoral.com.ar\\\/\"},{\"@type\":\"ListItem\",\"position\":2,\"name\":\"Este s\u00e1bado se re\u00fanen para proteger al Arroyo Doll: qu\u00e9 piden los vecinos autoconvocados\"}]},{\"@type\":\"WebSite\",\"@id\":\"https:\\\/\\\/informelitoral.com.ar\\\/#website\",\"url\":\"https:\\\/\\\/informelitoral.com.ar\\\/\",\"name\":\"Informe Litoral\",\"description\":\"&quot;Nos informamos&quot; \",\"publisher\":{\"@id\":\"https:\\\/\\\/informelitoral.com.ar\\\/#organization\"},\"potentialAction\":[{\"@type\":\"SearchAction\",\"target\":{\"@type\":\"EntryPoint\",\"urlTemplate\":\"https:\\\/\\\/informelitoral.com.ar\\\/?s={search_term_string}\"},\"query-input\":{\"@type\":\"PropertyValueSpecification\",\"valueRequired\":true,\"valueName\":\"search_term_string\"}}],\"inLanguage\":\"es\"},{\"@type\":\"Organization\",\"@id\":\"https:\\\/\\\/informelitoral.com.ar\\\/#organization\",\"name\":\"Informe Litoral\",\"url\":\"https:\\\/\\\/informelitoral.com.ar\\\/\",\"logo\":{\"@type\":\"ImageObject\",\"inLanguage\":\"es\",\"@id\":\"https:\\\/\\\/informelitoral.com.ar\\\/#\\\/schema\\\/logo\\\/image\\\/\",\"url\":\"https:\\\/\\\/informelitoral.com.ar\\\/%77%70%2d%63%6f%6e%74%65%6e%74\\\/uploads\\\/2021\\\/01\\\/circulo.png\",\"contentUrl\":\"https:\\\/\\\/informelitoral.com.ar\\\/%77%70%2d%63%6f%6e%74%65%6e%74\\\/uploads\\\/2021\\\/01\\\/circulo.png\",\"width\":723,\"height\":731,\"caption\":\"Informe Litoral\"},\"image\":{\"@id\":\"https:\\\/\\\/informelitoral.com.ar\\\/#\\\/schema\\\/logo\\\/image\\\/\"},\"sameAs\":[\"https:\\\/\\\/www.facebook.com\\\/informelitoral\\\/\",\"https:\\\/\\\/x.com\\\/InformeLitoral\",\"https:\\\/\\\/www.instagram.com\\\/informelitoral\\\/\",\"https:\\\/\\\/www.youtube.com\\\/channel\\\/UCua4Qvz8Icb6MYqhoq9xLXw\"]},{\"@type\":\"Person\",\"@id\":\"https:\\\/\\\/informelitoral.com.ar\\\/#\\\/schema\\\/person\\\/b9d00407c836482871ef1d57bf8e3180\",\"name\":\"Gonzalo Schmidt\",\"image\":{\"@type\":\"ImageObject\",\"inLanguage\":\"es\",\"@id\":\"https:\\\/\\\/secure.gravatar.com\\\/avatar\\\/31a1a7b66ff2de83bd0e9fd79d026630d2d99e55e8bfe501287647b4fd9743de?s=96&d=mm&r=g\",\"url\":\"https:\\\/\\\/secure.gravatar.com\\\/avatar\\\/31a1a7b66ff2de83bd0e9fd79d026630d2d99e55e8bfe501287647b4fd9743de?s=96&d=mm&r=g\",\"contentUrl\":\"https:\\\/\\\/secure.gravatar.com\\\/avatar\\\/31a1a7b66ff2de83bd0e9fd79d026630d2d99e55e8bfe501287647b4fd9743de?s=96&d=mm&r=g\",\"caption\":\"Gonzalo Schmidt\"},\"description\":\"Sitio web de noticias de la provincia de Entre R\u00edos, Argentina. Informaci\u00f3n y entretenimiento. Informe Litoral, nos informamos.\",\"sameAs\":[\"http:\\\/\\\/www.isletasnoticias.com.ar\"],\"url\":\"https:\\\/\\\/informelitoral.com.ar\\\/author\\\/gonzalo\\\/\"}]}<\/script>","yoast_head_json":{"title":"Este s\u00e1bado se re\u00fanen para proteger al Arroyo Doll: qu\u00e9 piden los vecinos autoconvocados - Informe Litoral","robots":{"index":"index","follow":"follow","max-snippet":"max-snippet:-1","max-image-preview":"max-image-preview:large","max-video-preview":"max-video-preview:-1"},"canonical":"https:\/\/informelitoral.com.ar\/este-sabado-se-reunen-para-proteger-al-arroyo-doll-que-piden-los-vecinos-autoconvocados\/","og_locale":"es_ES","og_type":"article","og_title":"Este s\u00e1bado se re\u00fanen para proteger al Arroyo Doll: qu\u00e9 piden los vecinos autoconvocados - Informe Litoral","og_description":"El encuentro ser\u00e1 a las 19 en el sal\u00f3n de la Junta de Gobierno de Costa Grande. Quieren conformar una mesa de trabajo para declarar al curso de agua como \"Zona natural y cultural protegida\". Qu\u00e9 cambios solicitan.","og_url":"https:\/\/informelitoral.com.ar\/este-sabado-se-reunen-para-proteger-al-arroyo-doll-que-piden-los-vecinos-autoconvocados\/","og_site_name":"Informe Litoral","article_publisher":"https:\/\/www.facebook.com\/informelitoral\/","article_published_time":"2020-12-19T15:30:40+00:00","og_image":[{"width":1280,"height":847,"url":"https:\/\/informelitoral.com.ar\/%77%70%2d%63%6f%6e%74%65%6e%74\/uploads\/2020\/12\/WhatsApp-Image-2020-12-17-at-17.58.06-1.jpeg","type":"image\/jpeg"}],"author":"Gonzalo Schmidt","twitter_card":"summary_large_image","twitter_creator":"@InformeLitoral","twitter_site":"@InformeLitoral","twitter_misc":{"Escrito por":"Gonzalo Schmidt","Tiempo de lectura":"1 minuto"},"schema":{"@context":"https:\/\/schema.org","@graph":[{"@type":"Article","@id":"https:\/\/informelitoral.com.ar\/este-sabado-se-reunen-para-proteger-al-arroyo-doll-que-piden-los-vecinos-autoconvocados\/#article","isPartOf":{"@id":"https:\/\/informelitoral.com.ar\/este-sabado-se-reunen-para-proteger-al-arroyo-doll-que-piden-los-vecinos-autoconvocados\/"},"author":{"name":"Gonzalo Schmidt","@id":"https:\/\/informelitoral.com.ar\/#\/schema\/person\/b9d00407c836482871ef1d57bf8e3180"},"headline":"Este s\u00e1bado se re\u00fanen para proteger al Arroyo Doll: qu\u00e9 piden los vecinos autoconvocados","datePublished":"2020-12-19T15:30:40+00:00","mainEntityOfPage":{"@id":"https:\/\/informelitoral.com.ar\/este-sabado-se-reunen-para-proteger-al-arroyo-doll-que-piden-los-vecinos-autoconvocados\/"},"wordCount":261,"commentCount":0,"publisher":{"@id":"https:\/\/informelitoral.com.ar\/#organization"},"image":{"@id":"https:\/\/informelitoral.com.ar\/este-sabado-se-reunen-para-proteger-al-arroyo-doll-que-piden-los-vecinos-autoconvocados\/#primaryimage"},"thumbnailUrl":"https:\/\/informelitoral.com.ar\/%77%70%2d%63%6f%6e%74%65%6e%74\/uploads\/2020\/12\/WhatsApp-Image-2020-12-17-at-17.58.06-1.jpeg","keywords":["Ambiente","Arroyo Doll","Costa Grande","Es","Molino Doll"],"articleSection":["Departamento Diamante","Naturaleza"],"inLanguage":"es","potentialAction":[{"@type":"CommentAction","name":"Comment","target":["https:\/\/informelitoral.com.ar\/este-sabado-se-reunen-para-proteger-al-arroyo-doll-que-piden-los-vecinos-autoconvocados\/#respond"]}]},{"@type":"WebPage","@id":"https:\/\/informelitoral.com.ar\/este-sabado-se-reunen-para-proteger-al-arroyo-doll-que-piden-los-vecinos-autoconvocados\/","url":"https:\/\/informelitoral.com.ar\/este-sabado-se-reunen-para-proteger-al-arroyo-doll-que-piden-los-vecinos-autoconvocados\/","name":"Este s\u00e1bado se re\u00fanen para proteger al Arroyo Doll: qu\u00e9 piden los vecinos autoconvocados - Informe Litoral","isPartOf":{"@id":"https:\/\/informelitoral.com.ar\/#website"},"primaryImageOfPage":{"@id":"https:\/\/informelitoral.com.ar\/este-sabado-se-reunen-para-proteger-al-arroyo-doll-que-piden-los-vecinos-autoconvocados\/#primaryimage"},"image":{"@id":"https:\/\/informelitoral.com.ar\/este-sabado-se-reunen-para-proteger-al-arroyo-doll-que-piden-los-vecinos-autoconvocados\/#primaryimage"},"thumbnailUrl":"https:\/\/informelitoral.com.ar\/%77%70%2d%63%6f%6e%74%65%6e%74\/uploads\/2020\/12\/WhatsApp-Image-2020-12-17-at-17.58.06-1.jpeg","datePublished":"2020-12-19T15:30:40+00:00","breadcrumb":{"@id":"https:\/\/informelitoral.com.ar\/este-sabado-se-reunen-para-proteger-al-arroyo-doll-que-piden-los-vecinos-autoconvocados\/#breadcrumb"},"inLanguage":"es","potentialAction":[{"@type":"ReadAction","target":["https:\/\/informelitoral.com.ar\/este-sabado-se-reunen-para-proteger-al-arroyo-doll-que-piden-los-vecinos-autoconvocados\/"]}]},{"@type":"ImageObject","inLanguage":"es","@id":"https:\/\/informelitoral.com.ar\/este-sabado-se-reunen-para-proteger-al-arroyo-doll-que-piden-los-vecinos-autoconvocados\/#primaryimage","url":"https:\/\/informelitoral.com.ar\/%77%70%2d%63%6f%6e%74%65%6e%74\/uploads\/2020\/12\/WhatsApp-Image-2020-12-17-at-17.58.06-1.jpeg","contentUrl":"https:\/\/informelitoral.com.ar\/%77%70%2d%63%6f%6e%74%65%6e%74\/uploads\/2020\/12\/WhatsApp-Image-2020-12-17-at-17.58.06-1.jpeg","width":1280,"height":847},{"@type":"BreadcrumbList","@id":"https:\/\/informelitoral.com.ar\/este-sabado-se-reunen-para-proteger-al-arroyo-doll-que-piden-los-vecinos-autoconvocados\/#breadcrumb","itemListElement":[{"@type":"ListItem","position":1,"name":"Portada","item":"https:\/\/informelitoral.com.ar\/"},{"@type":"ListItem","position":2,"name":"Este s\u00e1bado se re\u00fanen para proteger al Arroyo Doll: qu\u00e9 piden los vecinos autoconvocados"}]},{"@type":"WebSite","@id":"https:\/\/informelitoral.com.ar\/#website","url":"https:\/\/informelitoral.com.ar\/","name":"Informe Litoral","description":"&quot;Nos informamos&quot; ","publisher":{"@id":"https:\/\/informelitoral.com.ar\/#organization"},"potentialAction":[{"@type":"SearchAction","target":{"@type":"EntryPoint","urlTemplate":"https:\/\/informelitoral.com.ar\/?s={search_term_string}"},"query-input":{"@type":"PropertyValueSpecification","valueRequired":true,"valueName":"search_term_string"}}],"inLanguage":"es"},{"@type":"Organization","@id":"https:\/\/informelitoral.com.ar\/#organization","name":"Informe Litoral","url":"https:\/\/informelitoral.com.ar\/","logo":{"@type":"ImageObject","inLanguage":"es","@id":"https:\/\/informelitoral.com.ar\/#\/schema\/logo\/image\/","url":"https:\/\/informelitoral.com.ar\/%77%70%2d%63%6f%6e%74%65%6e%74\/uploads\/2021\/01\/circulo.png","contentUrl":"https:\/\/informelitoral.com.ar\/%77%70%2d%63%6f%6e%74%65%6e%74\/uploads\/2021\/01\/circulo.png","width":723,"height":731,"caption":"Informe Litoral"},"image":{"@id":"https:\/\/informelitoral.com.ar\/#\/schema\/logo\/image\/"},"sameAs":["https:\/\/www.facebook.com\/informelitoral\/","https:\/\/x.com\/InformeLitoral","https:\/\/www.instagram.com\/informelitoral\/","https:\/\/www.youtube.com\/channel\/UCua4Qvz8Icb6MYqhoq9xLXw"]},{"@type":"Person","@id":"https:\/\/informelitoral.com.ar\/#\/schema\/person\/b9d00407c836482871ef1d57bf8e3180","name":"Gonzalo Schmidt","image":{"@type":"ImageObject","inLanguage":"es","@id":"https:\/\/secure.gravatar.com\/avatar\/31a1a7b66ff2de83bd0e9fd79d026630d2d99e55e8bfe501287647b4fd9743de?s=96&d=mm&r=g","url":"https:\/\/secure.gravatar.com\/avatar\/31a1a7b66ff2de83bd0e9fd79d026630d2d99e55e8bfe501287647b4fd9743de?s=96&d=mm&r=g","contentUrl":"https:\/\/secure.gravatar.com\/avatar\/31a1a7b66ff2de83bd0e9fd79d026630d2d99e55e8bfe501287647b4fd9743de?s=96&d=mm&r=g","caption":"Gonzalo Schmidt"},"description":"Sitio web de noticias de la provincia de Entre R\u00edos, Argentina. Informaci\u00f3n y entretenimiento. Informe Litoral, nos informamos.","sameAs":["http:\/\/www.isletasnoticias.com.ar"],"url":"https:\/\/informelitoral.com.ar\/author\/gonzalo\/"}]}},"_links":{"self":[{"href":"https:\/\/informelitoral.com.ar\/%77%70%2d%6a%73%6f%6e\/wp\/v2\/posts\/54816","targetHints":{"allow":["GET"]}}],"collection":[{"href":"https:\/\/informelitoral.com.ar\/%77%70%2d%6a%73%6f%6e\/wp\/v2\/posts"}],"about":[{"href":"https:\/\/informelitoral.com.ar\/%77%70%2d%6a%73%6f%6e\/wp\/v2\/types\/post"}],"author":[{"embeddable":true,"href":"https:\/\/informelitoral.com.ar\/%77%70%2d%6a%73%6f%6e\/wp\/v2\/users\/2"}],"replies":[{"embeddable":true,"href":"https:\/\/informelitoral.com.ar\/%77%70%2d%6a%73%6f%6e\/wp\/v2\/comments?post=54816"}],"version-history":[{"count":0,"href":"https:\/\/informelitoral.com.ar\/%77%70%2d%6a%73%6f%6e\/wp\/v2\/posts\/54816\/revisions"}],"wp:featuredmedia":[{"embeddable":true,"href":"https:\/\/informelitoral.com.ar\/%77%70%2d%6a%73%6f%6e\/wp\/v2\/media\/54692"}],"wp:attachment":[{"href":"https:\/\/informelitoral.com.ar\/%77%70%2d%6a%73%6f%6e\/wp\/v2\/media?parent=54816"}],"wp:term":[{"taxonomy":"category","embeddable":true,"href":"https:\/\/informelitoral.com.ar\/%77%70%2d%6a%73%6f%6e\/wp\/v2\/categories?post=54816"},{"taxonomy":"post_tag","embeddable":true,"href":"https:\/\/informelitoral.com.ar\/%77%70%2d%6a%73%6f%6e\/wp\/v2\/tags?post=54816"}],"curies":[{"name":"wp","href":"https:\/\/api.w.org\/{rel}","templated":true}]}}