{"id":54691,"date":"2020-12-17T20:18:54","date_gmt":"2020-12-17T23:18:54","guid":{"rendered":"https:\/\/www.isletasnoticias.com.ar\/?p=54691"},"modified":"2020-12-17T22:27:04","modified_gmt":"2020-12-18T01:27:04","slug":"dictamen-favorable-para-el-proyecto-que-protege-el-arroyo-doll","status":"publish","type":"post","link":"https:\/\/informelitoral.com.ar\/dictamen-favorable-para-el-proyecto-que-protege-el-arroyo-doll\/","title":{"rendered":"Recibi\u00f3 dictamen favorable el proyecto que protege el Arroyo Doll"},"content":{"rendered":"<p>La reuni\u00f3n conjunta de las comisiones de Legislaci\u00f3n General, presidida por la senadora <strong>Claudia Gieco<\/strong> (Diamante- Frente Justicialista) y de Producci\u00f3n, encabezada por el senador <strong>Franciso Morchio<\/strong> (Gualeguay- Cambiemos), dieron tratamiento y dictamen favorable de manera un\u00e1nime al proyecto de ley, de autor\u00eda de la senadora Gieco y el senador Gast\u00f3n Bagnat (Victoria- Frente Justicialista), por el que <strong>se declara Zona de Reserva Exclusiva para la Pesca Deportiva el Arroyo Doll, desde su nacimiento en la localidad de General Ram\u00edrez hasta su confluencia con el Arroyo Las Mangas.<\/strong><\/p>\n<p><a href=\"https:\/\/www.isletasnoticias.com.ar\/%77%70%2d%63%6f%6e%74%65%6e%74\/uploads\/2020\/12\/WhatsApp-Image-2020-12-17-at-17.58.09.jpeg\"><img loading=\"lazy\" decoding=\"async\" class=\"wp-image-54695 size-full aligncenter\" src=\"https:\/\/www.isletasnoticias.com.ar\/%77%70%2d%63%6f%6e%74%65%6e%74\/uploads\/2020\/12\/WhatsApp-Image-2020-12-17-at-17.58.09.jpeg\" alt=\"\" width=\"1280\" height=\"733\" srcset=\"https:\/\/informelitoral.com.ar\/%77%70%2d%63%6f%6e%74%65%6e%74\/uploads\/2020\/12\/WhatsApp-Image-2020-12-17-at-17.58.09.jpeg 1280w, https:\/\/informelitoral.com.ar\/%77%70%2d%63%6f%6e%74%65%6e%74\/uploads\/2020\/12\/WhatsApp-Image-2020-12-17-at-17.58.09-300x172.jpeg 300w, https:\/\/informelitoral.com.ar\/%77%70%2d%63%6f%6e%74%65%6e%74\/uploads\/2020\/12\/WhatsApp-Image-2020-12-17-at-17.58.09-1024x586.jpeg 1024w, https:\/\/informelitoral.com.ar\/%77%70%2d%63%6f%6e%74%65%6e%74\/uploads\/2020\/12\/WhatsApp-Image-2020-12-17-at-17.58.09-768x440.jpeg 768w, https:\/\/informelitoral.com.ar\/%77%70%2d%63%6f%6e%74%65%6e%74\/uploads\/2020\/12\/WhatsApp-Image-2020-12-17-at-17.58.09-696x399.jpeg 696w, https:\/\/informelitoral.com.ar\/%77%70%2d%63%6f%6e%74%65%6e%74\/uploads\/2020\/12\/WhatsApp-Image-2020-12-17-at-17.58.09-1068x612.jpeg 1068w, https:\/\/informelitoral.com.ar\/%77%70%2d%63%6f%6e%74%65%6e%74\/uploads\/2020\/12\/WhatsApp-Image-2020-12-17-at-17.58.09-733x420.jpeg 733w\" sizes=\"auto, (max-width: 1280px) 100vw, 1280px\" \/><\/a><\/p>\n<p><strong>Valor patrimonial para la Escuela Alemana de Aldea San Francisco.<\/strong><\/p>\n<p>Este jueves, en la reuni\u00f3n de la Comisi\u00f3n de Legislaci\u00f3n General que preside la senadora Claudia Gieco (Diamante- Frente Justicialista) se dio tratamiento y dictamen favorable a los siguientes proyectos:<\/p>\n<p>&gt; Proyecto de ley de autor\u00eda de la senadora Gieco por el que se declara Patrimonio Hist\u00f3rico Cultural de la provincia, el inmueble que fuera casa parroquial y conjuntamente Escuela Alemana de los Inmigrantes del Volga.<\/p>\n<p><a href=\"https:\/\/www.isletasnoticias.com.ar\/%77%70%2d%63%6f%6e%74%65%6e%74\/uploads\/2020\/12\/WhatsApp-Image-2020-12-17-at-17.58.16-1.jpeg\"><img loading=\"lazy\" decoding=\"async\" class=\"alignnone wp-image-54698 size-full\" src=\"https:\/\/www.isletasnoticias.com.ar\/%77%70%2d%63%6f%6e%74%65%6e%74\/uploads\/2020\/12\/WhatsApp-Image-2020-12-17-at-17.58.16-1.jpeg\" alt=\"\" width=\"1280\" height=\"719\" srcset=\"https:\/\/informelitoral.com.ar\/%77%70%2d%63%6f%6e%74%65%6e%74\/uploads\/2020\/12\/WhatsApp-Image-2020-12-17-at-17.58.16-1.jpeg 1280w, https:\/\/informelitoral.com.ar\/%77%70%2d%63%6f%6e%74%65%6e%74\/uploads\/2020\/12\/WhatsApp-Image-2020-12-17-at-17.58.16-1-300x169.jpeg 300w, https:\/\/informelitoral.com.ar\/%77%70%2d%63%6f%6e%74%65%6e%74\/uploads\/2020\/12\/WhatsApp-Image-2020-12-17-at-17.58.16-1-1024x575.jpeg 1024w, https:\/\/informelitoral.com.ar\/%77%70%2d%63%6f%6e%74%65%6e%74\/uploads\/2020\/12\/WhatsApp-Image-2020-12-17-at-17.58.16-1-768x431.jpeg 768w, https:\/\/informelitoral.com.ar\/%77%70%2d%63%6f%6e%74%65%6e%74\/uploads\/2020\/12\/WhatsApp-Image-2020-12-17-at-17.58.16-1-696x391.jpeg 696w, https:\/\/informelitoral.com.ar\/%77%70%2d%63%6f%6e%74%65%6e%74\/uploads\/2020\/12\/WhatsApp-Image-2020-12-17-at-17.58.16-1-1068x600.jpeg 1068w, https:\/\/informelitoral.com.ar\/%77%70%2d%63%6f%6e%74%65%6e%74\/uploads\/2020\/12\/WhatsApp-Image-2020-12-17-at-17.58.16-1-748x420.jpeg 748w\" sizes=\"auto, (max-width: 1280px) 100vw, 1280px\" \/><\/a><\/p>\n<p><a href=\"https:\/\/www.isletasnoticias.com.ar\/%77%70%2d%63%6f%6e%74%65%6e%74\/uploads\/2020\/12\/WhatsApp-Image-2020-12-17-at-17.58.15-1.jpeg\"><img loading=\"lazy\" decoding=\"async\" class=\"alignnone wp-image-54696 size-full\" src=\"https:\/\/www.isletasnoticias.com.ar\/%77%70%2d%63%6f%6e%74%65%6e%74\/uploads\/2020\/12\/WhatsApp-Image-2020-12-17-at-17.58.15-1.jpeg\" alt=\"\" width=\"1280\" height=\"719\" srcset=\"https:\/\/informelitoral.com.ar\/%77%70%2d%63%6f%6e%74%65%6e%74\/uploads\/2020\/12\/WhatsApp-Image-2020-12-17-at-17.58.15-1.jpeg 1280w, https:\/\/informelitoral.com.ar\/%77%70%2d%63%6f%6e%74%65%6e%74\/uploads\/2020\/12\/WhatsApp-Image-2020-12-17-at-17.58.15-1-300x169.jpeg 300w, https:\/\/informelitoral.com.ar\/%77%70%2d%63%6f%6e%74%65%6e%74\/uploads\/2020\/12\/WhatsApp-Image-2020-12-17-at-17.58.15-1-1024x575.jpeg 1024w, https:\/\/informelitoral.com.ar\/%77%70%2d%63%6f%6e%74%65%6e%74\/uploads\/2020\/12\/WhatsApp-Image-2020-12-17-at-17.58.15-1-768x431.jpeg 768w, https:\/\/informelitoral.com.ar\/%77%70%2d%63%6f%6e%74%65%6e%74\/uploads\/2020\/12\/WhatsApp-Image-2020-12-17-at-17.58.15-1-696x391.jpeg 696w, https:\/\/informelitoral.com.ar\/%77%70%2d%63%6f%6e%74%65%6e%74\/uploads\/2020\/12\/WhatsApp-Image-2020-12-17-at-17.58.15-1-1068x600.jpeg 1068w, https:\/\/informelitoral.com.ar\/%77%70%2d%63%6f%6e%74%65%6e%74\/uploads\/2020\/12\/WhatsApp-Image-2020-12-17-at-17.58.15-1-748x420.jpeg 748w\" sizes=\"auto, (max-width: 1280px) 100vw, 1280px\" \/><\/a><\/p>\n<p>&gt; Proyecto de ley de autor\u00eda de la senadora Gieco por el que se establece la capacitaci\u00f3n obligatoria en la tem\u00e1tica y violencia contra las mujeres, conforme las disposiciones de la Ley Nacional N\u00ba 27.499 (Ley Micaela) y Ley provincial N\u00ba 10.768 (Adhesi\u00f3n a la Ley Micaela), para la totalidad de las autoridades y de los afiliados a los partidos pol\u00edticos en la provincia.<\/p>\n<p><a href=\"https:\/\/www.isletasnoticias.com.ar\/%77%70%2d%63%6f%6e%74%65%6e%74\/uploads\/2020\/12\/WhatsApp-Image-2020-12-17-at-17.58.15.jpeg\"><img loading=\"lazy\" decoding=\"async\" class=\"alignnone wp-image-54697 size-full\" src=\"https:\/\/www.isletasnoticias.com.ar\/%77%70%2d%63%6f%6e%74%65%6e%74\/uploads\/2020\/12\/WhatsApp-Image-2020-12-17-at-17.58.15.jpeg\" alt=\"\" width=\"874\" height=\"1024\" srcset=\"https:\/\/informelitoral.com.ar\/%77%70%2d%63%6f%6e%74%65%6e%74\/uploads\/2020\/12\/WhatsApp-Image-2020-12-17-at-17.58.15.jpeg 874w, https:\/\/informelitoral.com.ar\/%77%70%2d%63%6f%6e%74%65%6e%74\/uploads\/2020\/12\/WhatsApp-Image-2020-12-17-at-17.58.15-256x300.jpeg 256w, https:\/\/informelitoral.com.ar\/%77%70%2d%63%6f%6e%74%65%6e%74\/uploads\/2020\/12\/WhatsApp-Image-2020-12-17-at-17.58.15-768x900.jpeg 768w, https:\/\/informelitoral.com.ar\/%77%70%2d%63%6f%6e%74%65%6e%74\/uploads\/2020\/12\/WhatsApp-Image-2020-12-17-at-17.58.15-696x815.jpeg 696w, https:\/\/informelitoral.com.ar\/%77%70%2d%63%6f%6e%74%65%6e%74\/uploads\/2020\/12\/WhatsApp-Image-2020-12-17-at-17.58.15-358x420.jpeg 358w\" sizes=\"auto, (max-width: 874px) 100vw, 874px\" \/><\/a><\/p>\n<p>&gt; Proyecto de ley, presentado por el Poder Ejecutivo, por el que se faculta al Instituto Aut\u00e1rquico Provincial del Seguro de Entre R\u00edos, a la constituci\u00f3n de una fundaci\u00f3n con el fin de brindar un marco legal adecuado a las actividades altruistas que ejecuta el IAPS, conforme en los t\u00e9rminos del art\u00edculo 193\u00ba y concordantes del C\u00f3digo Civil Comercial de la Naci\u00f3n. (N\u00ba 19.283 M.E.).<\/p>\n<p>&gt; Proyecto de ley de autor\u00eda de la diputada Carina Ramos y los diputados Juan Pablo Cosso y Jos\u00e9 Maria Kramer, que cuenta con media sanci\u00f3n de la C\u00e1mara baja, y regula el uso medido y solidario de la pirotecnia en la provincia de Entre R\u00edos.<\/p>\n<p>Por otra parte se dio inicio al tratamiento al proyecto de ley de autor\u00eda del senador Gast\u00f3n Bagnat (Victoria- Frente Justicialista), por el que se autoriza al Gobierno de la Provincia a transferir al Instituto Aut\u00e1rquico de Planeamiento y Vivienda (IAPV), un inmueble del departamento Victoria, distrito Corrales, comuna de Estaci\u00f3n Antelo, con destino a la construcci\u00f3n de viviendas.<\/p>\n<p><strong>Presupuesto y Legislaci\u00f3n<\/strong><\/p>\n<p>Posteriormente, en la reuni\u00f3n conjunta de las comisiones de Presupuesto y Hacienda, presidida por el senador Amilcar Genre Bert (La Paz- Frente Justicialista); y de Legislaci\u00f3n General, presidida por la senadora Claudia Gieco (Diamante- Frente Justicialista), las y los legisladores dieron tratamiento y dictamen favorable por mayor\u00eda al proyecto de ley enviado por el Poder Ejecutivo, que cuenta con media sanci\u00f3n de la C\u00e1mara de Diputados, por el que se modifica el C\u00f3digo Fiscal (t.o. 2018) y la Ley Impositiva N\u00ba 9622.<\/p>\n","protected":false},"excerpt":{"rendered":"<p>Es autor\u00eda de la senadora Claudia Gieco (Diamante) y el senador Gast\u00f3n Bagnat (Victoria). Declara al arroyo como Zona de Reserva Exclusiva para la Pesca Deportiva.<\/p>\n","protected":false},"author":8,"featured_media":54692,"comment_status":"open","ping_status":"open","sticky":false,"template":"","format":"standard","meta":{"fifu_image_url":"","fifu_image_alt":"","footnotes":""},"categories":[16],"tags":[46,1558,2053,1385,1559,287,398,464],"class_list":{"0":"post-54691","1":"post","2":"type-post","3":"status-publish","4":"format-standard","5":"has-post-thumbnail","7":"category-politi","8":"tag-ambiente","9":"tag-arroyo-doll","10":"tag-claudia-giego","11":"tag-departamento-diamante","12":"tag-departamento-victoria","13":"tag-legislativas","14":"tag-legislatura","15":"tag-senado"},"yoast_head":"<title>Recibi\u00f3 dictamen favorable el proyecto que protege el Arroyo Doll - Informe Litoral<\/title>\n<meta name=\"robots\" content=\"index, follow, max-snippet:-1, max-image-preview:large, max-video-preview:-1\" \/>\n<link rel=\"canonical\" href=\"https:\/\/informelitoral.com.ar\/dictamen-favorable-para-el-proyecto-que-protege-el-arroyo-doll\/\" \/>\n<meta property=\"og:locale\" content=\"es_ES\" \/>\n<meta property=\"og:type\" content=\"article\" \/>\n<meta property=\"og:title\" content=\"Recibi\u00f3 dictamen favorable el proyecto que protege el Arroyo Doll - Informe Litoral\" \/>\n<meta property=\"og:description\" content=\"Es autor\u00eda de la senadora Claudia Gieco (Diamante) y el senador Gast\u00f3n Bagnat (Victoria). Declara al arroyo como Zona de Reserva Exclusiva para la Pesca Deportiva.\" \/>\n<meta property=\"og:url\" content=\"https:\/\/informelitoral.com.ar\/dictamen-favorable-para-el-proyecto-que-protege-el-arroyo-doll\/\" \/>\n<meta property=\"og:site_name\" content=\"Informe Litoral\" \/>\n<meta property=\"article:publisher\" content=\"https:\/\/www.facebook.com\/informelitoral\/\" \/>\n<meta property=\"article:published_time\" content=\"2020-12-17T23:18:54+00:00\" \/>\n<meta property=\"article:modified_time\" content=\"2020-12-18T01:27:04+00:00\" \/>\n<meta property=\"og:image\" content=\"https:\/\/informelitoral.com.ar\/%77%70%2d%63%6f%6e%74%65%6e%74\/uploads\/2020\/12\/WhatsApp-Image-2020-12-17-at-17.58.06-1.jpeg\" \/>\n\t<meta property=\"og:image:width\" content=\"1280\" \/>\n\t<meta property=\"og:image:height\" content=\"847\" \/>\n\t<meta property=\"og:image:type\" content=\"image\/jpeg\" \/>\n<meta name=\"author\" content=\"Sebastian\" \/>\n<meta name=\"twitter:card\" content=\"summary_large_image\" \/>\n<meta name=\"twitter:creator\" content=\"@InformeLitoral\" \/>\n<meta name=\"twitter:site\" content=\"@InformeLitoral\" \/>\n<meta name=\"twitter:label1\" content=\"Escrito por\" \/>\n\t<meta name=\"twitter:data1\" content=\"Sebastian\" \/>\n\t<meta name=\"twitter:label2\" content=\"Tiempo de lectura\" \/>\n\t<meta name=\"twitter:data2\" content=\"3 minutos\" \/>\n<script type=\"application\/ld+json\" class=\"yoast-schema-graph\">{\"@context\":\"https:\\\/\\\/schema.org\",\"@graph\":[{\"@type\":\"Article\",\"@id\":\"https:\\\/\\\/informelitoral.com.ar\\\/dictamen-favorable-para-el-proyecto-que-protege-el-arroyo-doll\\\/#article\",\"isPartOf\":{\"@id\":\"https:\\\/\\\/informelitoral.com.ar\\\/dictamen-favorable-para-el-proyecto-que-protege-el-arroyo-doll\\\/\"},\"author\":{\"name\":\"Sebastian\",\"@id\":\"https:\\\/\\\/informelitoral.com.ar\\\/#\\\/schema\\\/person\\\/f05f9f461677119578717524b127d6d5\"},\"headline\":\"Recibi\u00f3 dictamen favorable el proyecto que protege el Arroyo Doll\",\"datePublished\":\"2020-12-17T23:18:54+00:00\",\"dateModified\":\"2020-12-18T01:27:04+00:00\",\"mainEntityOfPage\":{\"@id\":\"https:\\\/\\\/informelitoral.com.ar\\\/dictamen-favorable-para-el-proyecto-que-protege-el-arroyo-doll\\\/\"},\"wordCount\":530,\"commentCount\":0,\"publisher\":{\"@id\":\"https:\\\/\\\/informelitoral.com.ar\\\/#organization\"},\"image\":{\"@id\":\"https:\\\/\\\/informelitoral.com.ar\\\/dictamen-favorable-para-el-proyecto-que-protege-el-arroyo-doll\\\/#primaryimage\"},\"thumbnailUrl\":\"https:\\\/\\\/informelitoral.com.ar\\\/%77%70%2d%63%6f%6e%74%65%6e%74\\\/uploads\\\/2020\\\/12\\\/WhatsApp-Image-2020-12-17-at-17.58.06-1.jpeg\",\"keywords\":[\"Ambiente\",\"Arroyo Doll\",\"Claudia Giego\",\"Departamento Diamante\",\"Departamento Victoria\",\"Legislativas\",\"Legislatura\",\"Senado\"],\"articleSection\":[\"Politica\"],\"inLanguage\":\"es\",\"potentialAction\":[{\"@type\":\"CommentAction\",\"name\":\"Comment\",\"target\":[\"https:\\\/\\\/informelitoral.com.ar\\\/dictamen-favorable-para-el-proyecto-que-protege-el-arroyo-doll\\\/#respond\"]}]},{\"@type\":\"WebPage\",\"@id\":\"https:\\\/\\\/informelitoral.com.ar\\\/dictamen-favorable-para-el-proyecto-que-protege-el-arroyo-doll\\\/\",\"url\":\"https:\\\/\\\/informelitoral.com.ar\\\/dictamen-favorable-para-el-proyecto-que-protege-el-arroyo-doll\\\/\",\"name\":\"Recibi\u00f3 dictamen favorable el proyecto que protege el Arroyo Doll - Informe Litoral\",\"isPartOf\":{\"@id\":\"https:\\\/\\\/informelitoral.com.ar\\\/#website\"},\"primaryImageOfPage\":{\"@id\":\"https:\\\/\\\/informelitoral.com.ar\\\/dictamen-favorable-para-el-proyecto-que-protege-el-arroyo-doll\\\/#primaryimage\"},\"image\":{\"@id\":\"https:\\\/\\\/informelitoral.com.ar\\\/dictamen-favorable-para-el-proyecto-que-protege-el-arroyo-doll\\\/#primaryimage\"},\"thumbnailUrl\":\"https:\\\/\\\/informelitoral.com.ar\\\/%77%70%2d%63%6f%6e%74%65%6e%74\\\/uploads\\\/2020\\\/12\\\/WhatsApp-Image-2020-12-17-at-17.58.06-1.jpeg\",\"datePublished\":\"2020-12-17T23:18:54+00:00\",\"dateModified\":\"2020-12-18T01:27:04+00:00\",\"breadcrumb\":{\"@id\":\"https:\\\/\\\/informelitoral.com.ar\\\/dictamen-favorable-para-el-proyecto-que-protege-el-arroyo-doll\\\/#breadcrumb\"},\"inLanguage\":\"es\",\"potentialAction\":[{\"@type\":\"ReadAction\",\"target\":[\"https:\\\/\\\/informelitoral.com.ar\\\/dictamen-favorable-para-el-proyecto-que-protege-el-arroyo-doll\\\/\"]}]},{\"@type\":\"ImageObject\",\"inLanguage\":\"es\",\"@id\":\"https:\\\/\\\/informelitoral.com.ar\\\/dictamen-favorable-para-el-proyecto-que-protege-el-arroyo-doll\\\/#primaryimage\",\"url\":\"https:\\\/\\\/informelitoral.com.ar\\\/%77%70%2d%63%6f%6e%74%65%6e%74\\\/uploads\\\/2020\\\/12\\\/WhatsApp-Image-2020-12-17-at-17.58.06-1.jpeg\",\"contentUrl\":\"https:\\\/\\\/informelitoral.com.ar\\\/%77%70%2d%63%6f%6e%74%65%6e%74\\\/uploads\\\/2020\\\/12\\\/WhatsApp-Image-2020-12-17-at-17.58.06-1.jpeg\",\"width\":1280,\"height\":847},{\"@type\":\"BreadcrumbList\",\"@id\":\"https:\\\/\\\/informelitoral.com.ar\\\/dictamen-favorable-para-el-proyecto-que-protege-el-arroyo-doll\\\/#breadcrumb\",\"itemListElement\":[{\"@type\":\"ListItem\",\"position\":1,\"name\":\"Portada\",\"item\":\"https:\\\/\\\/informelitoral.com.ar\\\/\"},{\"@type\":\"ListItem\",\"position\":2,\"name\":\"Recibi\u00f3 dictamen favorable el proyecto que protege el Arroyo Doll\"}]},{\"@type\":\"WebSite\",\"@id\":\"https:\\\/\\\/informelitoral.com.ar\\\/#website\",\"url\":\"https:\\\/\\\/informelitoral.com.ar\\\/\",\"name\":\"Informe Litoral\",\"description\":\"&quot;Nos informamos&quot; \",\"publisher\":{\"@id\":\"https:\\\/\\\/informelitoral.com.ar\\\/#organization\"},\"potentialAction\":[{\"@type\":\"SearchAction\",\"target\":{\"@type\":\"EntryPoint\",\"urlTemplate\":\"https:\\\/\\\/informelitoral.com.ar\\\/?s={search_term_string}\"},\"query-input\":{\"@type\":\"PropertyValueSpecification\",\"valueRequired\":true,\"valueName\":\"search_term_string\"}}],\"inLanguage\":\"es\"},{\"@type\":\"Organization\",\"@id\":\"https:\\\/\\\/informelitoral.com.ar\\\/#organization\",\"name\":\"Informe Litoral\",\"url\":\"https:\\\/\\\/informelitoral.com.ar\\\/\",\"logo\":{\"@type\":\"ImageObject\",\"inLanguage\":\"es\",\"@id\":\"https:\\\/\\\/informelitoral.com.ar\\\/#\\\/schema\\\/logo\\\/image\\\/\",\"url\":\"https:\\\/\\\/informelitoral.com.ar\\\/%77%70%2d%63%6f%6e%74%65%6e%74\\\/uploads\\\/2021\\\/01\\\/circulo.png\",\"contentUrl\":\"https:\\\/\\\/informelitoral.com.ar\\\/%77%70%2d%63%6f%6e%74%65%6e%74\\\/uploads\\\/2021\\\/01\\\/circulo.png\",\"width\":723,\"height\":731,\"caption\":\"Informe Litoral\"},\"image\":{\"@id\":\"https:\\\/\\\/informelitoral.com.ar\\\/#\\\/schema\\\/logo\\\/image\\\/\"},\"sameAs\":[\"https:\\\/\\\/www.facebook.com\\\/informelitoral\\\/\",\"https:\\\/\\\/x.com\\\/InformeLitoral\",\"https:\\\/\\\/www.instagram.com\\\/informelitoral\\\/\",\"https:\\\/\\\/www.youtube.com\\\/channel\\\/UCua4Qvz8Icb6MYqhoq9xLXw\"]},{\"@type\":\"Person\",\"@id\":\"https:\\\/\\\/informelitoral.com.ar\\\/#\\\/schema\\\/person\\\/f05f9f461677119578717524b127d6d5\",\"name\":\"Sebastian\",\"image\":{\"@type\":\"ImageObject\",\"inLanguage\":\"es\",\"@id\":\"https:\\\/\\\/secure.gravatar.com\\\/avatar\\\/b71bf7481d447dfb9583c7f2798e7cc64de6efb9067b74633ed8c31059a3bd82?s=96&d=mm&r=g\",\"url\":\"https:\\\/\\\/secure.gravatar.com\\\/avatar\\\/b71bf7481d447dfb9583c7f2798e7cc64de6efb9067b74633ed8c31059a3bd82?s=96&d=mm&r=g\",\"contentUrl\":\"https:\\\/\\\/secure.gravatar.com\\\/avatar\\\/b71bf7481d447dfb9583c7f2798e7cc64de6efb9067b74633ed8c31059a3bd82?s=96&d=mm&r=g\",\"caption\":\"Sebastian\"},\"url\":\"https:\\\/\\\/informelitoral.com.ar\\\/author\\\/sebastian\\\/\"}]}<\/script>","yoast_head_json":{"title":"Recibi\u00f3 dictamen favorable el proyecto que protege el Arroyo Doll - Informe Litoral","robots":{"index":"index","follow":"follow","max-snippet":"max-snippet:-1","max-image-preview":"max-image-preview:large","max-video-preview":"max-video-preview:-1"},"canonical":"https:\/\/informelitoral.com.ar\/dictamen-favorable-para-el-proyecto-que-protege-el-arroyo-doll\/","og_locale":"es_ES","og_type":"article","og_title":"Recibi\u00f3 dictamen favorable el proyecto que protege el Arroyo Doll - Informe Litoral","og_description":"Es autor\u00eda de la senadora Claudia Gieco (Diamante) y el senador Gast\u00f3n Bagnat (Victoria). Declara al arroyo como Zona de Reserva Exclusiva para la Pesca Deportiva.","og_url":"https:\/\/informelitoral.com.ar\/dictamen-favorable-para-el-proyecto-que-protege-el-arroyo-doll\/","og_site_name":"Informe Litoral","article_publisher":"https:\/\/www.facebook.com\/informelitoral\/","article_published_time":"2020-12-17T23:18:54+00:00","article_modified_time":"2020-12-18T01:27:04+00:00","og_image":[{"width":1280,"height":847,"url":"https:\/\/informelitoral.com.ar\/%77%70%2d%63%6f%6e%74%65%6e%74\/uploads\/2020\/12\/WhatsApp-Image-2020-12-17-at-17.58.06-1.jpeg","type":"image\/jpeg"}],"author":"Sebastian","twitter_card":"summary_large_image","twitter_creator":"@InformeLitoral","twitter_site":"@InformeLitoral","twitter_misc":{"Escrito por":"Sebastian","Tiempo de lectura":"3 minutos"},"schema":{"@context":"https:\/\/schema.org","@graph":[{"@type":"Article","@id":"https:\/\/informelitoral.com.ar\/dictamen-favorable-para-el-proyecto-que-protege-el-arroyo-doll\/#article","isPartOf":{"@id":"https:\/\/informelitoral.com.ar\/dictamen-favorable-para-el-proyecto-que-protege-el-arroyo-doll\/"},"author":{"name":"Sebastian","@id":"https:\/\/informelitoral.com.ar\/#\/schema\/person\/f05f9f461677119578717524b127d6d5"},"headline":"Recibi\u00f3 dictamen favorable el proyecto que protege el Arroyo Doll","datePublished":"2020-12-17T23:18:54+00:00","dateModified":"2020-12-18T01:27:04+00:00","mainEntityOfPage":{"@id":"https:\/\/informelitoral.com.ar\/dictamen-favorable-para-el-proyecto-que-protege-el-arroyo-doll\/"},"wordCount":530,"commentCount":0,"publisher":{"@id":"https:\/\/informelitoral.com.ar\/#organization"},"image":{"@id":"https:\/\/informelitoral.com.ar\/dictamen-favorable-para-el-proyecto-que-protege-el-arroyo-doll\/#primaryimage"},"thumbnailUrl":"https:\/\/informelitoral.com.ar\/%77%70%2d%63%6f%6e%74%65%6e%74\/uploads\/2020\/12\/WhatsApp-Image-2020-12-17-at-17.58.06-1.jpeg","keywords":["Ambiente","Arroyo Doll","Claudia Giego","Departamento Diamante","Departamento Victoria","Legislativas","Legislatura","Senado"],"articleSection":["Politica"],"inLanguage":"es","potentialAction":[{"@type":"CommentAction","name":"Comment","target":["https:\/\/informelitoral.com.ar\/dictamen-favorable-para-el-proyecto-que-protege-el-arroyo-doll\/#respond"]}]},{"@type":"WebPage","@id":"https:\/\/informelitoral.com.ar\/dictamen-favorable-para-el-proyecto-que-protege-el-arroyo-doll\/","url":"https:\/\/informelitoral.com.ar\/dictamen-favorable-para-el-proyecto-que-protege-el-arroyo-doll\/","name":"Recibi\u00f3 dictamen favorable el proyecto que protege el Arroyo Doll - Informe Litoral","isPartOf":{"@id":"https:\/\/informelitoral.com.ar\/#website"},"primaryImageOfPage":{"@id":"https:\/\/informelitoral.com.ar\/dictamen-favorable-para-el-proyecto-que-protege-el-arroyo-doll\/#primaryimage"},"image":{"@id":"https:\/\/informelitoral.com.ar\/dictamen-favorable-para-el-proyecto-que-protege-el-arroyo-doll\/#primaryimage"},"thumbnailUrl":"https:\/\/informelitoral.com.ar\/%77%70%2d%63%6f%6e%74%65%6e%74\/uploads\/2020\/12\/WhatsApp-Image-2020-12-17-at-17.58.06-1.jpeg","datePublished":"2020-12-17T23:18:54+00:00","dateModified":"2020-12-18T01:27:04+00:00","breadcrumb":{"@id":"https:\/\/informelitoral.com.ar\/dictamen-favorable-para-el-proyecto-que-protege-el-arroyo-doll\/#breadcrumb"},"inLanguage":"es","potentialAction":[{"@type":"ReadAction","target":["https:\/\/informelitoral.com.ar\/dictamen-favorable-para-el-proyecto-que-protege-el-arroyo-doll\/"]}]},{"@type":"ImageObject","inLanguage":"es","@id":"https:\/\/informelitoral.com.ar\/dictamen-favorable-para-el-proyecto-que-protege-el-arroyo-doll\/#primaryimage","url":"https:\/\/informelitoral.com.ar\/%77%70%2d%63%6f%6e%74%65%6e%74\/uploads\/2020\/12\/WhatsApp-Image-2020-12-17-at-17.58.06-1.jpeg","contentUrl":"https:\/\/informelitoral.com.ar\/%77%70%2d%63%6f%6e%74%65%6e%74\/uploads\/2020\/12\/WhatsApp-Image-2020-12-17-at-17.58.06-1.jpeg","width":1280,"height":847},{"@type":"BreadcrumbList","@id":"https:\/\/informelitoral.com.ar\/dictamen-favorable-para-el-proyecto-que-protege-el-arroyo-doll\/#breadcrumb","itemListElement":[{"@type":"ListItem","position":1,"name":"Portada","item":"https:\/\/informelitoral.com.ar\/"},{"@type":"ListItem","position":2,"name":"Recibi\u00f3 dictamen favorable el proyecto que protege el Arroyo Doll"}]},{"@type":"WebSite","@id":"https:\/\/informelitoral.com.ar\/#website","url":"https:\/\/informelitoral.com.ar\/","name":"Informe Litoral","description":"&quot;Nos informamos&quot; ","publisher":{"@id":"https:\/\/informelitoral.com.ar\/#organization"},"potentialAction":[{"@type":"SearchAction","target":{"@type":"EntryPoint","urlTemplate":"https:\/\/informelitoral.com.ar\/?s={search_term_string}"},"query-input":{"@type":"PropertyValueSpecification","valueRequired":true,"valueName":"search_term_string"}}],"inLanguage":"es"},{"@type":"Organization","@id":"https:\/\/informelitoral.com.ar\/#organization","name":"Informe Litoral","url":"https:\/\/informelitoral.com.ar\/","logo":{"@type":"ImageObject","inLanguage":"es","@id":"https:\/\/informelitoral.com.ar\/#\/schema\/logo\/image\/","url":"https:\/\/informelitoral.com.ar\/%77%70%2d%63%6f%6e%74%65%6e%74\/uploads\/2021\/01\/circulo.png","contentUrl":"https:\/\/informelitoral.com.ar\/%77%70%2d%63%6f%6e%74%65%6e%74\/uploads\/2021\/01\/circulo.png","width":723,"height":731,"caption":"Informe Litoral"},"image":{"@id":"https:\/\/informelitoral.com.ar\/#\/schema\/logo\/image\/"},"sameAs":["https:\/\/www.facebook.com\/informelitoral\/","https:\/\/x.com\/InformeLitoral","https:\/\/www.instagram.com\/informelitoral\/","https:\/\/www.youtube.com\/channel\/UCua4Qvz8Icb6MYqhoq9xLXw"]},{"@type":"Person","@id":"https:\/\/informelitoral.com.ar\/#\/schema\/person\/f05f9f461677119578717524b127d6d5","name":"Sebastian","image":{"@type":"ImageObject","inLanguage":"es","@id":"https:\/\/secure.gravatar.com\/avatar\/b71bf7481d447dfb9583c7f2798e7cc64de6efb9067b74633ed8c31059a3bd82?s=96&d=mm&r=g","url":"https:\/\/secure.gravatar.com\/avatar\/b71bf7481d447dfb9583c7f2798e7cc64de6efb9067b74633ed8c31059a3bd82?s=96&d=mm&r=g","contentUrl":"https:\/\/secure.gravatar.com\/avatar\/b71bf7481d447dfb9583c7f2798e7cc64de6efb9067b74633ed8c31059a3bd82?s=96&d=mm&r=g","caption":"Sebastian"},"url":"https:\/\/informelitoral.com.ar\/author\/sebastian\/"}]}},"_links":{"self":[{"href":"https:\/\/informelitoral.com.ar\/%77%70%2d%6a%73%6f%6e\/wp\/v2\/posts\/54691","targetHints":{"allow":["GET"]}}],"collection":[{"href":"https:\/\/informelitoral.com.ar\/%77%70%2d%6a%73%6f%6e\/wp\/v2\/posts"}],"about":[{"href":"https:\/\/informelitoral.com.ar\/%77%70%2d%6a%73%6f%6e\/wp\/v2\/types\/post"}],"author":[{"embeddable":true,"href":"https:\/\/informelitoral.com.ar\/%77%70%2d%6a%73%6f%6e\/wp\/v2\/users\/8"}],"replies":[{"embeddable":true,"href":"https:\/\/informelitoral.com.ar\/%77%70%2d%6a%73%6f%6e\/wp\/v2\/comments?post=54691"}],"version-history":[{"count":0,"href":"https:\/\/informelitoral.com.ar\/%77%70%2d%6a%73%6f%6e\/wp\/v2\/posts\/54691\/revisions"}],"wp:featuredmedia":[{"embeddable":true,"href":"https:\/\/informelitoral.com.ar\/%77%70%2d%6a%73%6f%6e\/wp\/v2\/media\/54692"}],"wp:attachment":[{"href":"https:\/\/informelitoral.com.ar\/%77%70%2d%6a%73%6f%6e\/wp\/v2\/media?parent=54691"}],"wp:term":[{"taxonomy":"category","embeddable":true,"href":"https:\/\/informelitoral.com.ar\/%77%70%2d%6a%73%6f%6e\/wp\/v2\/categories?post=54691"},{"taxonomy":"post_tag","embeddable":true,"href":"https:\/\/informelitoral.com.ar\/%77%70%2d%6a%73%6f%6e\/wp\/v2\/tags?post=54691"}],"curies":[{"name":"wp","href":"https:\/\/api.w.org\/{rel}","templated":true}]}}