{"id":54642,"date":"2020-12-16T13:43:55","date_gmt":"2020-12-16T16:43:55","guid":{"rendered":"https:\/\/www.isletasnoticias.com.ar\/?p=54642"},"modified":"2020-12-16T13:43:55","modified_gmt":"2020-12-16T16:43:55","slug":"el-chamame-es-patrimonio-inmaterial-de-la-humanidad","status":"publish","type":"post","link":"https:\/\/informelitoral.com.ar\/el-chamame-es-patrimonio-inmaterial-de-la-humanidad\/","title":{"rendered":"El chamam\u00e9 es Patrimonio Inmaterial de la Humanidad"},"content":{"rendered":"<p><b>El chamam\u00e9 fue declarado Patrimonio Cultural Inmaterial de la Humanidad<\/b> reconocido por la Organizaci\u00f3n de las Naciones Unidas para la Educaci\u00f3n, la Ciencia y la Cultura (<strong>UNESCO<\/strong>).<\/p>\n<p>La\u00a0<b>resoluci\u00f3n votada este mi\u00e9rcoles en Par\u00eds<\/b>\u00a0le abre las puertas al chamam\u00e9 para seguir viajando y conquistando nuevos p\u00fablicos en distintas partes del mundo. Es una distinci\u00f3n importante en cuanto a lo simb\u00f3lico y tambi\u00e9n a lo material: se sabe que las expresiones culturales que consiguen este nivel de reconocimiento tambi\u00e9n pueden obtener facilidades en t\u00e9rminos de fondos internacionales para la cooperaci\u00f3n internacional.<\/p>\n<p>\u00abEl<b>\u00a0patrimonio inmaterial proporciona a las comunidades un sentimiento de identidad y de continuidad:<\/b>\u00a0favorece la creatividad y el bienestar social, contribuye a la gesti\u00f3n del entorno natural y social y genera ingresos econ\u00f3micos\u00bb, dice la UNESCO al explicar su propia categor\u00eda. Y se puede decir todo eso sobre el chamam\u00e9, un g\u00e9nero musical muy popular en lo que se conoce como \u00e1rea guaran\u00edtica, la regi\u00f3n que va del Mato Grosso do Sul en Brasil a Paraguay y parte de Uruguay. Es decir, en la zona donde se asentaron las misiones jesu\u00edticas que le dieron forma en di\u00e1logo con la cultura guaran\u00ed, espa\u00f1ola, africana y jud\u00eda.<\/p>\n<p><b>La candidatura del chamam\u00e9 como Patrimonio Inmaterial de la Humanidad, propuso, entre otros puntos, \u00abuna amplia promoci\u00f3n de nuevos espacios y la mejora de los existentes, la transmisi\u00f3n de los conocimientos y t\u00e9cnicas conexos, la educaci\u00f3n informal, las actividades de promoci\u00f3n y preservaci\u00f3n, el apoyo a la creaci\u00f3n de nuevas producciones de investigaci\u00f3n, y medidas de investigaci\u00f3n e identificaci\u00f3n\u00bb.<\/b><\/p>\n<h3><strong>Como el tango, nacional, popular y universal<\/strong><\/h3>\n<figure class=\"embed\"><img decoding=\"async\" title=\"\" src=\"https:\/\/elonce-media2.elonce.com.ar\/fotos-nuevo\/2020\/01\/29\/o_1580302331_1.jpg\" alt=\"\" width=\"640\" \/><\/figure>\n<p>Considerado durante mucho tiempo como el hermano menor del folclore argentino,<b>\u00a0el chamam\u00e9 fue ocupando lugares cada vez m\u00e1s importantes<\/b>. Tras el\u00a0<i>mboyer\u00e9<\/i>\u00a0que empez\u00f3 a cobrar forma en la \u00e9poca de las misiones jesu\u00edticas,<b>\u00a0el chamam\u00e9 tal como lo conocemos naci\u00f3 a principios del siglo XX.<\/b><\/p>\n<p>Los expertos hablan de los cuatro pr\u00f3ceres del chamam\u00e9 al referirse a\u00a0<b>Emilio Chamorro, Mauricio Valenzuela, Ernesto Montiel y Mario del Tr\u00e1nsito Cocomarola<\/b>, que son los que sentaron las bases del g\u00e9nero en la d\u00e9cada del 30 y 40.<\/p>\n<p>Fue a partir de los 70, con la incorporaci\u00f3n de una camada de m\u00fasicos j\u00f3venes, que el chamam\u00e9 cobr\u00f3 impulso y adem\u00e1s de renovarse pudo llegar a otras provincias y ganar mayor status cultural. Algunos de aquellos j\u00f3venes intelectuales que le aportaron nuevas capas hoy son leyendas chamameceras: Mario Bofill, Teresa Parodi, Antonio Tarrag\u00f3 Ros (h), Maril\u00ed Morales Segovia y Pocho Roch. A ellos les siguieron en los 90 referentes como Nini Flores, Ra\u00fal Barboza y el Chango Spasiuk, que le dieron un esp\u00edritu internacional que hace que estos sonidos sigan girando.<\/p>\n","protected":false},"excerpt":{"rendered":"<p>La resoluci\u00f3n se tom\u00f3 en Paris por el Comit\u00e9 Intergubernamental para la Salvaguardia del Patrimonio Cultural Inmaterial de la Humanidad de la Unesco.<\/p>\n","protected":false},"author":2,"featured_media":54643,"comment_status":"open","ping_status":"open","sticky":false,"template":"","format":"standard","meta":{"fifu_image_url":"","fifu_image_alt":"","footnotes":""},"categories":[12],"tags":[1632],"class_list":{"0":"post-54642","1":"post","2":"type-post","3":"status-publish","4":"format-standard","5":"has-post-thumbnail","7":"category-espectaculos","8":"tag-chamame"},"yoast_head":"<title>El chamam\u00e9 es Patrimonio Inmaterial de la Humanidad - Informe Litoral<\/title>\n<meta name=\"robots\" content=\"index, follow, max-snippet:-1, max-image-preview:large, max-video-preview:-1\" \/>\n<link rel=\"canonical\" href=\"https:\/\/informelitoral.com.ar\/el-chamame-es-patrimonio-inmaterial-de-la-humanidad\/\" \/>\n<meta property=\"og:locale\" content=\"es_ES\" \/>\n<meta property=\"og:type\" content=\"article\" \/>\n<meta property=\"og:title\" content=\"El chamam\u00e9 es Patrimonio Inmaterial de la Humanidad - Informe Litoral\" \/>\n<meta property=\"og:description\" content=\"La resoluci\u00f3n se tom\u00f3 en Paris por el Comit\u00e9 Intergubernamental para la Salvaguardia del Patrimonio Cultural Inmaterial de la Humanidad de la Unesco.\" \/>\n<meta property=\"og:url\" content=\"https:\/\/informelitoral.com.ar\/el-chamame-es-patrimonio-inmaterial-de-la-humanidad\/\" \/>\n<meta property=\"og:site_name\" content=\"Informe Litoral\" \/>\n<meta property=\"article:publisher\" content=\"https:\/\/www.facebook.com\/informelitoral\/\" \/>\n<meta property=\"article:published_time\" content=\"2020-12-16T16:43:55+00:00\" \/>\n<meta property=\"og:image\" content=\"https:\/\/informelitoral.com.ar\/%77%70%2d%63%6f%6e%74%65%6e%74\/uploads\/2020\/12\/chameme.jpg\" \/>\n\t<meta property=\"og:image:width\" content=\"590\" \/>\n\t<meta property=\"og:image:height\" content=\"392\" \/>\n\t<meta property=\"og:image:type\" content=\"image\/jpeg\" \/>\n<meta name=\"author\" content=\"Gonzalo Schmidt\" \/>\n<meta name=\"twitter:card\" content=\"summary_large_image\" \/>\n<meta name=\"twitter:creator\" content=\"@InformeLitoral\" \/>\n<meta name=\"twitter:site\" content=\"@InformeLitoral\" \/>\n<meta name=\"twitter:label1\" content=\"Escrito por\" \/>\n\t<meta name=\"twitter:data1\" content=\"Gonzalo Schmidt\" \/>\n\t<meta name=\"twitter:label2\" content=\"Tiempo de lectura\" \/>\n\t<meta name=\"twitter:data2\" content=\"2 minutos\" \/>\n<script type=\"application\/ld+json\" class=\"yoast-schema-graph\">{\"@context\":\"https:\\\/\\\/schema.org\",\"@graph\":[{\"@type\":\"Article\",\"@id\":\"https:\\\/\\\/informelitoral.com.ar\\\/el-chamame-es-patrimonio-inmaterial-de-la-humanidad\\\/#article\",\"isPartOf\":{\"@id\":\"https:\\\/\\\/informelitoral.com.ar\\\/el-chamame-es-patrimonio-inmaterial-de-la-humanidad\\\/\"},\"author\":{\"name\":\"Gonzalo Schmidt\",\"@id\":\"https:\\\/\\\/informelitoral.com.ar\\\/#\\\/schema\\\/person\\\/b9d00407c836482871ef1d57bf8e3180\"},\"headline\":\"El chamam\u00e9 es Patrimonio Inmaterial de la Humanidad\",\"datePublished\":\"2020-12-16T16:43:55+00:00\",\"mainEntityOfPage\":{\"@id\":\"https:\\\/\\\/informelitoral.com.ar\\\/el-chamame-es-patrimonio-inmaterial-de-la-humanidad\\\/\"},\"wordCount\":490,\"commentCount\":0,\"publisher\":{\"@id\":\"https:\\\/\\\/informelitoral.com.ar\\\/#organization\"},\"image\":{\"@id\":\"https:\\\/\\\/informelitoral.com.ar\\\/el-chamame-es-patrimonio-inmaterial-de-la-humanidad\\\/#primaryimage\"},\"thumbnailUrl\":\"https:\\\/\\\/informelitoral.com.ar\\\/%77%70%2d%63%6f%6e%74%65%6e%74\\\/uploads\\\/2020\\\/12\\\/chameme.jpg\",\"keywords\":[\"Chamam\u00e9\"],\"articleSection\":[\"Espect\u00e1culos\"],\"inLanguage\":\"es\",\"potentialAction\":[{\"@type\":\"CommentAction\",\"name\":\"Comment\",\"target\":[\"https:\\\/\\\/informelitoral.com.ar\\\/el-chamame-es-patrimonio-inmaterial-de-la-humanidad\\\/#respond\"]}]},{\"@type\":\"WebPage\",\"@id\":\"https:\\\/\\\/informelitoral.com.ar\\\/el-chamame-es-patrimonio-inmaterial-de-la-humanidad\\\/\",\"url\":\"https:\\\/\\\/informelitoral.com.ar\\\/el-chamame-es-patrimonio-inmaterial-de-la-humanidad\\\/\",\"name\":\"El chamam\u00e9 es Patrimonio Inmaterial de la Humanidad - Informe Litoral\",\"isPartOf\":{\"@id\":\"https:\\\/\\\/informelitoral.com.ar\\\/#website\"},\"primaryImageOfPage\":{\"@id\":\"https:\\\/\\\/informelitoral.com.ar\\\/el-chamame-es-patrimonio-inmaterial-de-la-humanidad\\\/#primaryimage\"},\"image\":{\"@id\":\"https:\\\/\\\/informelitoral.com.ar\\\/el-chamame-es-patrimonio-inmaterial-de-la-humanidad\\\/#primaryimage\"},\"thumbnailUrl\":\"https:\\\/\\\/informelitoral.com.ar\\\/%77%70%2d%63%6f%6e%74%65%6e%74\\\/uploads\\\/2020\\\/12\\\/chameme.jpg\",\"datePublished\":\"2020-12-16T16:43:55+00:00\",\"breadcrumb\":{\"@id\":\"https:\\\/\\\/informelitoral.com.ar\\\/el-chamame-es-patrimonio-inmaterial-de-la-humanidad\\\/#breadcrumb\"},\"inLanguage\":\"es\",\"potentialAction\":[{\"@type\":\"ReadAction\",\"target\":[\"https:\\\/\\\/informelitoral.com.ar\\\/el-chamame-es-patrimonio-inmaterial-de-la-humanidad\\\/\"]}]},{\"@type\":\"ImageObject\",\"inLanguage\":\"es\",\"@id\":\"https:\\\/\\\/informelitoral.com.ar\\\/el-chamame-es-patrimonio-inmaterial-de-la-humanidad\\\/#primaryimage\",\"url\":\"https:\\\/\\\/informelitoral.com.ar\\\/%77%70%2d%63%6f%6e%74%65%6e%74\\\/uploads\\\/2020\\\/12\\\/chameme.jpg\",\"contentUrl\":\"https:\\\/\\\/informelitoral.com.ar\\\/%77%70%2d%63%6f%6e%74%65%6e%74\\\/uploads\\\/2020\\\/12\\\/chameme.jpg\",\"width\":590,\"height\":392},{\"@type\":\"BreadcrumbList\",\"@id\":\"https:\\\/\\\/informelitoral.com.ar\\\/el-chamame-es-patrimonio-inmaterial-de-la-humanidad\\\/#breadcrumb\",\"itemListElement\":[{\"@type\":\"ListItem\",\"position\":1,\"name\":\"Portada\",\"item\":\"https:\\\/\\\/informelitoral.com.ar\\\/\"},{\"@type\":\"ListItem\",\"position\":2,\"name\":\"El chamam\u00e9 es Patrimonio Inmaterial de la Humanidad\"}]},{\"@type\":\"WebSite\",\"@id\":\"https:\\\/\\\/informelitoral.com.ar\\\/#website\",\"url\":\"https:\\\/\\\/informelitoral.com.ar\\\/\",\"name\":\"Informe Litoral\",\"description\":\"&quot;Nos informamos&quot; \",\"publisher\":{\"@id\":\"https:\\\/\\\/informelitoral.com.ar\\\/#organization\"},\"potentialAction\":[{\"@type\":\"SearchAction\",\"target\":{\"@type\":\"EntryPoint\",\"urlTemplate\":\"https:\\\/\\\/informelitoral.com.ar\\\/?s={search_term_string}\"},\"query-input\":{\"@type\":\"PropertyValueSpecification\",\"valueRequired\":true,\"valueName\":\"search_term_string\"}}],\"inLanguage\":\"es\"},{\"@type\":\"Organization\",\"@id\":\"https:\\\/\\\/informelitoral.com.ar\\\/#organization\",\"name\":\"Informe Litoral\",\"url\":\"https:\\\/\\\/informelitoral.com.ar\\\/\",\"logo\":{\"@type\":\"ImageObject\",\"inLanguage\":\"es\",\"@id\":\"https:\\\/\\\/informelitoral.com.ar\\\/#\\\/schema\\\/logo\\\/image\\\/\",\"url\":\"https:\\\/\\\/informelitoral.com.ar\\\/%77%70%2d%63%6f%6e%74%65%6e%74\\\/uploads\\\/2021\\\/01\\\/circulo.png\",\"contentUrl\":\"https:\\\/\\\/informelitoral.com.ar\\\/%77%70%2d%63%6f%6e%74%65%6e%74\\\/uploads\\\/2021\\\/01\\\/circulo.png\",\"width\":723,\"height\":731,\"caption\":\"Informe Litoral\"},\"image\":{\"@id\":\"https:\\\/\\\/informelitoral.com.ar\\\/#\\\/schema\\\/logo\\\/image\\\/\"},\"sameAs\":[\"https:\\\/\\\/www.facebook.com\\\/informelitoral\\\/\",\"https:\\\/\\\/x.com\\\/InformeLitoral\",\"https:\\\/\\\/www.instagram.com\\\/informelitoral\\\/\",\"https:\\\/\\\/www.youtube.com\\\/channel\\\/UCua4Qvz8Icb6MYqhoq9xLXw\"]},{\"@type\":\"Person\",\"@id\":\"https:\\\/\\\/informelitoral.com.ar\\\/#\\\/schema\\\/person\\\/b9d00407c836482871ef1d57bf8e3180\",\"name\":\"Gonzalo Schmidt\",\"image\":{\"@type\":\"ImageObject\",\"inLanguage\":\"es\",\"@id\":\"https:\\\/\\\/secure.gravatar.com\\\/avatar\\\/31a1a7b66ff2de83bd0e9fd79d026630d2d99e55e8bfe501287647b4fd9743de?s=96&d=mm&r=g\",\"url\":\"https:\\\/\\\/secure.gravatar.com\\\/avatar\\\/31a1a7b66ff2de83bd0e9fd79d026630d2d99e55e8bfe501287647b4fd9743de?s=96&d=mm&r=g\",\"contentUrl\":\"https:\\\/\\\/secure.gravatar.com\\\/avatar\\\/31a1a7b66ff2de83bd0e9fd79d026630d2d99e55e8bfe501287647b4fd9743de?s=96&d=mm&r=g\",\"caption\":\"Gonzalo Schmidt\"},\"description\":\"Sitio web de noticias de la provincia de Entre R\u00edos, Argentina. Informaci\u00f3n y entretenimiento. Informe Litoral, nos informamos.\",\"sameAs\":[\"http:\\\/\\\/www.isletasnoticias.com.ar\"],\"url\":\"https:\\\/\\\/informelitoral.com.ar\\\/author\\\/gonzalo\\\/\"}]}<\/script>","yoast_head_json":{"title":"El chamam\u00e9 es Patrimonio Inmaterial de la Humanidad - Informe Litoral","robots":{"index":"index","follow":"follow","max-snippet":"max-snippet:-1","max-image-preview":"max-image-preview:large","max-video-preview":"max-video-preview:-1"},"canonical":"https:\/\/informelitoral.com.ar\/el-chamame-es-patrimonio-inmaterial-de-la-humanidad\/","og_locale":"es_ES","og_type":"article","og_title":"El chamam\u00e9 es Patrimonio Inmaterial de la Humanidad - Informe Litoral","og_description":"La resoluci\u00f3n se tom\u00f3 en Paris por el Comit\u00e9 Intergubernamental para la Salvaguardia del Patrimonio Cultural Inmaterial de la Humanidad de la Unesco.","og_url":"https:\/\/informelitoral.com.ar\/el-chamame-es-patrimonio-inmaterial-de-la-humanidad\/","og_site_name":"Informe Litoral","article_publisher":"https:\/\/www.facebook.com\/informelitoral\/","article_published_time":"2020-12-16T16:43:55+00:00","og_image":[{"width":590,"height":392,"url":"https:\/\/informelitoral.com.ar\/%77%70%2d%63%6f%6e%74%65%6e%74\/uploads\/2020\/12\/chameme.jpg","type":"image\/jpeg"}],"author":"Gonzalo Schmidt","twitter_card":"summary_large_image","twitter_creator":"@InformeLitoral","twitter_site":"@InformeLitoral","twitter_misc":{"Escrito por":"Gonzalo Schmidt","Tiempo de lectura":"2 minutos"},"schema":{"@context":"https:\/\/schema.org","@graph":[{"@type":"Article","@id":"https:\/\/informelitoral.com.ar\/el-chamame-es-patrimonio-inmaterial-de-la-humanidad\/#article","isPartOf":{"@id":"https:\/\/informelitoral.com.ar\/el-chamame-es-patrimonio-inmaterial-de-la-humanidad\/"},"author":{"name":"Gonzalo Schmidt","@id":"https:\/\/informelitoral.com.ar\/#\/schema\/person\/b9d00407c836482871ef1d57bf8e3180"},"headline":"El chamam\u00e9 es Patrimonio Inmaterial de la Humanidad","datePublished":"2020-12-16T16:43:55+00:00","mainEntityOfPage":{"@id":"https:\/\/informelitoral.com.ar\/el-chamame-es-patrimonio-inmaterial-de-la-humanidad\/"},"wordCount":490,"commentCount":0,"publisher":{"@id":"https:\/\/informelitoral.com.ar\/#organization"},"image":{"@id":"https:\/\/informelitoral.com.ar\/el-chamame-es-patrimonio-inmaterial-de-la-humanidad\/#primaryimage"},"thumbnailUrl":"https:\/\/informelitoral.com.ar\/%77%70%2d%63%6f%6e%74%65%6e%74\/uploads\/2020\/12\/chameme.jpg","keywords":["Chamam\u00e9"],"articleSection":["Espect\u00e1culos"],"inLanguage":"es","potentialAction":[{"@type":"CommentAction","name":"Comment","target":["https:\/\/informelitoral.com.ar\/el-chamame-es-patrimonio-inmaterial-de-la-humanidad\/#respond"]}]},{"@type":"WebPage","@id":"https:\/\/informelitoral.com.ar\/el-chamame-es-patrimonio-inmaterial-de-la-humanidad\/","url":"https:\/\/informelitoral.com.ar\/el-chamame-es-patrimonio-inmaterial-de-la-humanidad\/","name":"El chamam\u00e9 es Patrimonio Inmaterial de la Humanidad - Informe Litoral","isPartOf":{"@id":"https:\/\/informelitoral.com.ar\/#website"},"primaryImageOfPage":{"@id":"https:\/\/informelitoral.com.ar\/el-chamame-es-patrimonio-inmaterial-de-la-humanidad\/#primaryimage"},"image":{"@id":"https:\/\/informelitoral.com.ar\/el-chamame-es-patrimonio-inmaterial-de-la-humanidad\/#primaryimage"},"thumbnailUrl":"https:\/\/informelitoral.com.ar\/%77%70%2d%63%6f%6e%74%65%6e%74\/uploads\/2020\/12\/chameme.jpg","datePublished":"2020-12-16T16:43:55+00:00","breadcrumb":{"@id":"https:\/\/informelitoral.com.ar\/el-chamame-es-patrimonio-inmaterial-de-la-humanidad\/#breadcrumb"},"inLanguage":"es","potentialAction":[{"@type":"ReadAction","target":["https:\/\/informelitoral.com.ar\/el-chamame-es-patrimonio-inmaterial-de-la-humanidad\/"]}]},{"@type":"ImageObject","inLanguage":"es","@id":"https:\/\/informelitoral.com.ar\/el-chamame-es-patrimonio-inmaterial-de-la-humanidad\/#primaryimage","url":"https:\/\/informelitoral.com.ar\/%77%70%2d%63%6f%6e%74%65%6e%74\/uploads\/2020\/12\/chameme.jpg","contentUrl":"https:\/\/informelitoral.com.ar\/%77%70%2d%63%6f%6e%74%65%6e%74\/uploads\/2020\/12\/chameme.jpg","width":590,"height":392},{"@type":"BreadcrumbList","@id":"https:\/\/informelitoral.com.ar\/el-chamame-es-patrimonio-inmaterial-de-la-humanidad\/#breadcrumb","itemListElement":[{"@type":"ListItem","position":1,"name":"Portada","item":"https:\/\/informelitoral.com.ar\/"},{"@type":"ListItem","position":2,"name":"El chamam\u00e9 es Patrimonio Inmaterial de la Humanidad"}]},{"@type":"WebSite","@id":"https:\/\/informelitoral.com.ar\/#website","url":"https:\/\/informelitoral.com.ar\/","name":"Informe Litoral","description":"&quot;Nos informamos&quot; ","publisher":{"@id":"https:\/\/informelitoral.com.ar\/#organization"},"potentialAction":[{"@type":"SearchAction","target":{"@type":"EntryPoint","urlTemplate":"https:\/\/informelitoral.com.ar\/?s={search_term_string}"},"query-input":{"@type":"PropertyValueSpecification","valueRequired":true,"valueName":"search_term_string"}}],"inLanguage":"es"},{"@type":"Organization","@id":"https:\/\/informelitoral.com.ar\/#organization","name":"Informe Litoral","url":"https:\/\/informelitoral.com.ar\/","logo":{"@type":"ImageObject","inLanguage":"es","@id":"https:\/\/informelitoral.com.ar\/#\/schema\/logo\/image\/","url":"https:\/\/informelitoral.com.ar\/%77%70%2d%63%6f%6e%74%65%6e%74\/uploads\/2021\/01\/circulo.png","contentUrl":"https:\/\/informelitoral.com.ar\/%77%70%2d%63%6f%6e%74%65%6e%74\/uploads\/2021\/01\/circulo.png","width":723,"height":731,"caption":"Informe Litoral"},"image":{"@id":"https:\/\/informelitoral.com.ar\/#\/schema\/logo\/image\/"},"sameAs":["https:\/\/www.facebook.com\/informelitoral\/","https:\/\/x.com\/InformeLitoral","https:\/\/www.instagram.com\/informelitoral\/","https:\/\/www.youtube.com\/channel\/UCua4Qvz8Icb6MYqhoq9xLXw"]},{"@type":"Person","@id":"https:\/\/informelitoral.com.ar\/#\/schema\/person\/b9d00407c836482871ef1d57bf8e3180","name":"Gonzalo Schmidt","image":{"@type":"ImageObject","inLanguage":"es","@id":"https:\/\/secure.gravatar.com\/avatar\/31a1a7b66ff2de83bd0e9fd79d026630d2d99e55e8bfe501287647b4fd9743de?s=96&d=mm&r=g","url":"https:\/\/secure.gravatar.com\/avatar\/31a1a7b66ff2de83bd0e9fd79d026630d2d99e55e8bfe501287647b4fd9743de?s=96&d=mm&r=g","contentUrl":"https:\/\/secure.gravatar.com\/avatar\/31a1a7b66ff2de83bd0e9fd79d026630d2d99e55e8bfe501287647b4fd9743de?s=96&d=mm&r=g","caption":"Gonzalo Schmidt"},"description":"Sitio web de noticias de la provincia de Entre R\u00edos, Argentina. Informaci\u00f3n y entretenimiento. Informe Litoral, nos informamos.","sameAs":["http:\/\/www.isletasnoticias.com.ar"],"url":"https:\/\/informelitoral.com.ar\/author\/gonzalo\/"}]}},"_links":{"self":[{"href":"https:\/\/informelitoral.com.ar\/%77%70%2d%6a%73%6f%6e\/wp\/v2\/posts\/54642","targetHints":{"allow":["GET"]}}],"collection":[{"href":"https:\/\/informelitoral.com.ar\/%77%70%2d%6a%73%6f%6e\/wp\/v2\/posts"}],"about":[{"href":"https:\/\/informelitoral.com.ar\/%77%70%2d%6a%73%6f%6e\/wp\/v2\/types\/post"}],"author":[{"embeddable":true,"href":"https:\/\/informelitoral.com.ar\/%77%70%2d%6a%73%6f%6e\/wp\/v2\/users\/2"}],"replies":[{"embeddable":true,"href":"https:\/\/informelitoral.com.ar\/%77%70%2d%6a%73%6f%6e\/wp\/v2\/comments?post=54642"}],"version-history":[{"count":0,"href":"https:\/\/informelitoral.com.ar\/%77%70%2d%6a%73%6f%6e\/wp\/v2\/posts\/54642\/revisions"}],"wp:featuredmedia":[{"embeddable":true,"href":"https:\/\/informelitoral.com.ar\/%77%70%2d%6a%73%6f%6e\/wp\/v2\/media\/54643"}],"wp:attachment":[{"href":"https:\/\/informelitoral.com.ar\/%77%70%2d%6a%73%6f%6e\/wp\/v2\/media?parent=54642"}],"wp:term":[{"taxonomy":"category","embeddable":true,"href":"https:\/\/informelitoral.com.ar\/%77%70%2d%6a%73%6f%6e\/wp\/v2\/categories?post=54642"},{"taxonomy":"post_tag","embeddable":true,"href":"https:\/\/informelitoral.com.ar\/%77%70%2d%6a%73%6f%6e\/wp\/v2\/tags?post=54642"}],"curies":[{"name":"wp","href":"https:\/\/api.w.org\/{rel}","templated":true}]}}