{"id":54541,"date":"2020-12-15T07:09:22","date_gmt":"2020-12-15T10:09:22","guid":{"rendered":"https:\/\/www.isletasnoticias.com.ar\/?p=54541"},"modified":"2020-12-15T07:09:22","modified_gmt":"2020-12-15T10:09:22","slug":"el-sindicato-de-la-carne-intervino-en-defensa-de-trabajadores-de-un-frigorifico-de-victoria","status":"publish","type":"post","link":"https:\/\/informelitoral.com.ar\/el-sindicato-de-la-carne-intervino-en-defensa-de-trabajadores-de-un-frigorifico-de-victoria\/","title":{"rendered":"El Sindicato de la Carne intervino en defensa de trabajadores de un frigor\u00edfico de Victoria"},"content":{"rendered":"<p>El lunes 14 de diciembre a la ma\u00f1ana representantes del Sindicato de la Carne filial Diamante-Crespo, encabezados por el secretario General, <strong>Elbio Schaab,<\/strong> <strong>estuvieron en la ciudad de Victoria, acompa\u00f1ando a trabajadores de la empresa Guillermo Huarte SA, ante el inicio de un paro de actividades exigiendo el pago de horas trabajadas y recategorizaciones, entre otros requerimientos.<\/strong><\/p>\n<p>Los representantes del Sindicato lo hicieron desde afuera de la empresa, pero junto a los trabajadores, que permanecieron adentro sin cumplir funciones. \u201c<strong>Se dictamin\u00f3 la conciliaci\u00f3n obligatoria por el t\u00e9rmino de diez d\u00edas h\u00e1biles a partir de este 14 de diciembre, mientras contin\u00faa la negociaci\u00f3n.<\/strong> Adem\u00e1s, qued\u00f3 fijada para el pr\u00f3ximo lunes 21 de diciembre a las 12.30 una nueva audiencia en la Secretar\u00eda de Trabajo de la capital provincial, donde esperamos arribar a una soluci\u00f3n\u201d, explic\u00f3 Schaab en relaci\u00f3n a los pasos a seguir.<\/p>\n<p>Seg\u00fan se inform\u00f3 a <em><strong>Informe Litoral,<\/strong> <\/em>desde la repartici\u00f3n provincial comprometieron a las partes a cumplir con lo solicitado hasta la pr\u00f3xima reuni\u00f3n: vuelta al trabajo de los empleados y garant\u00eda de ninguna acci\u00f3n represalia por parte de la empresa hacia sus trabajadores.<\/p>\n<p><a href=\"https:\/\/www.isletasnoticias.com.ar\/%77%70%2d%63%6f%6e%74%65%6e%74\/uploads\/2020\/12\/78fbf02c-9fe0-4024-a0de-9d408602d6c5.jpg\"><img loading=\"lazy\" decoding=\"async\" class=\"aligncenter wp-image-54543 size-large\" src=\"https:\/\/www.isletasnoticias.com.ar\/%77%70%2d%63%6f%6e%74%65%6e%74\/uploads\/2020\/12\/78fbf02c-9fe0-4024-a0de-9d408602d6c5-768x1024.jpg\" alt=\"\" width=\"696\" height=\"928\" srcset=\"https:\/\/informelitoral.com.ar\/%77%70%2d%63%6f%6e%74%65%6e%74\/uploads\/2020\/12\/78fbf02c-9fe0-4024-a0de-9d408602d6c5-768x1024.jpg 768w, https:\/\/informelitoral.com.ar\/%77%70%2d%63%6f%6e%74%65%6e%74\/uploads\/2020\/12\/78fbf02c-9fe0-4024-a0de-9d408602d6c5-225x300.jpg 225w, https:\/\/informelitoral.com.ar\/%77%70%2d%63%6f%6e%74%65%6e%74\/uploads\/2020\/12\/78fbf02c-9fe0-4024-a0de-9d408602d6c5-696x928.jpg 696w, https:\/\/informelitoral.com.ar\/%77%70%2d%63%6f%6e%74%65%6e%74\/uploads\/2020\/12\/78fbf02c-9fe0-4024-a0de-9d408602d6c5-315x420.jpg 315w, https:\/\/informelitoral.com.ar\/%77%70%2d%63%6f%6e%74%65%6e%74\/uploads\/2020\/12\/78fbf02c-9fe0-4024-a0de-9d408602d6c5.jpg 960w\" sizes=\"auto, (max-width: 696px) 100vw, 696px\" \/><\/a><\/p>\n","protected":false},"excerpt":{"rendered":"<p>Los trabajadores exigen el pago de horas trabajadas y recategorizaciones, entre otros requerimientos. Ahora se dict\u00f3 la conciliaci\u00f3n obligatoria por el t\u00e9rmino de 10 d\u00edas h\u00e1biles.<\/p>\n","protected":false},"author":2,"featured_media":54542,"comment_status":"open","ping_status":"open","sticky":false,"template":"","format":"standard","meta":{"fifu_image_url":"","fifu_image_alt":"","footnotes":""},"categories":[6],"tags":[389,650,115,507],"class_list":{"0":"post-54541","1":"post","2":"type-post","3":"status-publish","4":"format-standard","5":"has-post-thumbnail","7":"category-entre-rios","8":"tag-carne","9":"tag-frigorifico","10":"tag-sindicato","11":"tag-victoria"},"yoast_head":"<title>El Sindicato de la Carne intervino en defensa de trabajadores de un frigor\u00edfico de Victoria - Informe Litoral<\/title>\n<meta name=\"robots\" content=\"index, follow, max-snippet:-1, max-image-preview:large, max-video-preview:-1\" \/>\n<link rel=\"canonical\" href=\"https:\/\/informelitoral.com.ar\/el-sindicato-de-la-carne-intervino-en-defensa-de-trabajadores-de-un-frigorifico-de-victoria\/\" \/>\n<meta property=\"og:locale\" content=\"es_ES\" \/>\n<meta property=\"og:type\" content=\"article\" \/>\n<meta property=\"og:title\" content=\"El Sindicato de la Carne intervino en defensa de trabajadores de un frigor\u00edfico de Victoria - Informe Litoral\" \/>\n<meta property=\"og:description\" content=\"Los trabajadores exigen el pago de horas trabajadas y recategorizaciones, entre otros requerimientos. Ahora se dict\u00f3 la conciliaci\u00f3n obligatoria por el t\u00e9rmino de 10 d\u00edas h\u00e1biles.\" \/>\n<meta property=\"og:url\" content=\"https:\/\/informelitoral.com.ar\/el-sindicato-de-la-carne-intervino-en-defensa-de-trabajadores-de-un-frigorifico-de-victoria\/\" \/>\n<meta property=\"og:site_name\" content=\"Informe Litoral\" \/>\n<meta property=\"article:publisher\" content=\"https:\/\/www.facebook.com\/informelitoral\/\" \/>\n<meta property=\"article:published_time\" content=\"2020-12-15T10:09:22+00:00\" \/>\n<meta property=\"og:image\" content=\"https:\/\/informelitoral.com.ar\/%77%70%2d%63%6f%6e%74%65%6e%74\/uploads\/2020\/12\/3a1ed7ff-fddb-4714-addb-291b9b10ec29.jpg\" \/>\n\t<meta property=\"og:image:width\" content=\"1040\" \/>\n\t<meta property=\"og:image:height\" content=\"780\" \/>\n\t<meta property=\"og:image:type\" content=\"image\/jpeg\" \/>\n<meta name=\"author\" content=\"Gonzalo Schmidt\" \/>\n<meta name=\"twitter:card\" content=\"summary_large_image\" \/>\n<meta name=\"twitter:creator\" content=\"@InformeLitoral\" \/>\n<meta name=\"twitter:site\" content=\"@InformeLitoral\" \/>\n<meta name=\"twitter:label1\" content=\"Escrito por\" \/>\n\t<meta name=\"twitter:data1\" content=\"Gonzalo Schmidt\" \/>\n\t<meta name=\"twitter:label2\" content=\"Tiempo de lectura\" \/>\n\t<meta name=\"twitter:data2\" content=\"1 minuto\" \/>\n<script type=\"application\/ld+json\" class=\"yoast-schema-graph\">{\"@context\":\"https:\\\/\\\/schema.org\",\"@graph\":[{\"@type\":\"Article\",\"@id\":\"https:\\\/\\\/informelitoral.com.ar\\\/el-sindicato-de-la-carne-intervino-en-defensa-de-trabajadores-de-un-frigorifico-de-victoria\\\/#article\",\"isPartOf\":{\"@id\":\"https:\\\/\\\/informelitoral.com.ar\\\/el-sindicato-de-la-carne-intervino-en-defensa-de-trabajadores-de-un-frigorifico-de-victoria\\\/\"},\"author\":{\"name\":\"Gonzalo Schmidt\",\"@id\":\"https:\\\/\\\/informelitoral.com.ar\\\/#\\\/schema\\\/person\\\/b9d00407c836482871ef1d57bf8e3180\"},\"headline\":\"El Sindicato de la Carne intervino en defensa de trabajadores de un frigor\u00edfico de Victoria\",\"datePublished\":\"2020-12-15T10:09:22+00:00\",\"mainEntityOfPage\":{\"@id\":\"https:\\\/\\\/informelitoral.com.ar\\\/el-sindicato-de-la-carne-intervino-en-defensa-de-trabajadores-de-un-frigorifico-de-victoria\\\/\"},\"wordCount\":216,\"commentCount\":0,\"publisher\":{\"@id\":\"https:\\\/\\\/informelitoral.com.ar\\\/#organization\"},\"image\":{\"@id\":\"https:\\\/\\\/informelitoral.com.ar\\\/el-sindicato-de-la-carne-intervino-en-defensa-de-trabajadores-de-un-frigorifico-de-victoria\\\/#primaryimage\"},\"thumbnailUrl\":\"https:\\\/\\\/informelitoral.com.ar\\\/%77%70%2d%63%6f%6e%74%65%6e%74\\\/uploads\\\/2020\\\/12\\\/3a1ed7ff-fddb-4714-addb-291b9b10ec29.jpg\",\"keywords\":[\"Carne\",\"Frigor\u00edfico\",\"Sindicato\",\"Victoria\"],\"articleSection\":[\"Entre R\u00edos\"],\"inLanguage\":\"es\",\"potentialAction\":[{\"@type\":\"CommentAction\",\"name\":\"Comment\",\"target\":[\"https:\\\/\\\/informelitoral.com.ar\\\/el-sindicato-de-la-carne-intervino-en-defensa-de-trabajadores-de-un-frigorifico-de-victoria\\\/#respond\"]}]},{\"@type\":\"WebPage\",\"@id\":\"https:\\\/\\\/informelitoral.com.ar\\\/el-sindicato-de-la-carne-intervino-en-defensa-de-trabajadores-de-un-frigorifico-de-victoria\\\/\",\"url\":\"https:\\\/\\\/informelitoral.com.ar\\\/el-sindicato-de-la-carne-intervino-en-defensa-de-trabajadores-de-un-frigorifico-de-victoria\\\/\",\"name\":\"El Sindicato de la Carne intervino en defensa de trabajadores de un frigor\u00edfico de Victoria - Informe Litoral\",\"isPartOf\":{\"@id\":\"https:\\\/\\\/informelitoral.com.ar\\\/#website\"},\"primaryImageOfPage\":{\"@id\":\"https:\\\/\\\/informelitoral.com.ar\\\/el-sindicato-de-la-carne-intervino-en-defensa-de-trabajadores-de-un-frigorifico-de-victoria\\\/#primaryimage\"},\"image\":{\"@id\":\"https:\\\/\\\/informelitoral.com.ar\\\/el-sindicato-de-la-carne-intervino-en-defensa-de-trabajadores-de-un-frigorifico-de-victoria\\\/#primaryimage\"},\"thumbnailUrl\":\"https:\\\/\\\/informelitoral.com.ar\\\/%77%70%2d%63%6f%6e%74%65%6e%74\\\/uploads\\\/2020\\\/12\\\/3a1ed7ff-fddb-4714-addb-291b9b10ec29.jpg\",\"datePublished\":\"2020-12-15T10:09:22+00:00\",\"breadcrumb\":{\"@id\":\"https:\\\/\\\/informelitoral.com.ar\\\/el-sindicato-de-la-carne-intervino-en-defensa-de-trabajadores-de-un-frigorifico-de-victoria\\\/#breadcrumb\"},\"inLanguage\":\"es\",\"potentialAction\":[{\"@type\":\"ReadAction\",\"target\":[\"https:\\\/\\\/informelitoral.com.ar\\\/el-sindicato-de-la-carne-intervino-en-defensa-de-trabajadores-de-un-frigorifico-de-victoria\\\/\"]}]},{\"@type\":\"ImageObject\",\"inLanguage\":\"es\",\"@id\":\"https:\\\/\\\/informelitoral.com.ar\\\/el-sindicato-de-la-carne-intervino-en-defensa-de-trabajadores-de-un-frigorifico-de-victoria\\\/#primaryimage\",\"url\":\"https:\\\/\\\/informelitoral.com.ar\\\/%77%70%2d%63%6f%6e%74%65%6e%74\\\/uploads\\\/2020\\\/12\\\/3a1ed7ff-fddb-4714-addb-291b9b10ec29.jpg\",\"contentUrl\":\"https:\\\/\\\/informelitoral.com.ar\\\/%77%70%2d%63%6f%6e%74%65%6e%74\\\/uploads\\\/2020\\\/12\\\/3a1ed7ff-fddb-4714-addb-291b9b10ec29.jpg\",\"width\":1040,\"height\":780},{\"@type\":\"BreadcrumbList\",\"@id\":\"https:\\\/\\\/informelitoral.com.ar\\\/el-sindicato-de-la-carne-intervino-en-defensa-de-trabajadores-de-un-frigorifico-de-victoria\\\/#breadcrumb\",\"itemListElement\":[{\"@type\":\"ListItem\",\"position\":1,\"name\":\"Portada\",\"item\":\"https:\\\/\\\/informelitoral.com.ar\\\/\"},{\"@type\":\"ListItem\",\"position\":2,\"name\":\"El Sindicato de la Carne intervino en defensa de trabajadores de un frigor\u00edfico de Victoria\"}]},{\"@type\":\"WebSite\",\"@id\":\"https:\\\/\\\/informelitoral.com.ar\\\/#website\",\"url\":\"https:\\\/\\\/informelitoral.com.ar\\\/\",\"name\":\"Informe Litoral\",\"description\":\"&quot;Nos informamos&quot; \",\"publisher\":{\"@id\":\"https:\\\/\\\/informelitoral.com.ar\\\/#organization\"},\"potentialAction\":[{\"@type\":\"SearchAction\",\"target\":{\"@type\":\"EntryPoint\",\"urlTemplate\":\"https:\\\/\\\/informelitoral.com.ar\\\/?s={search_term_string}\"},\"query-input\":{\"@type\":\"PropertyValueSpecification\",\"valueRequired\":true,\"valueName\":\"search_term_string\"}}],\"inLanguage\":\"es\"},{\"@type\":\"Organization\",\"@id\":\"https:\\\/\\\/informelitoral.com.ar\\\/#organization\",\"name\":\"Informe Litoral\",\"url\":\"https:\\\/\\\/informelitoral.com.ar\\\/\",\"logo\":{\"@type\":\"ImageObject\",\"inLanguage\":\"es\",\"@id\":\"https:\\\/\\\/informelitoral.com.ar\\\/#\\\/schema\\\/logo\\\/image\\\/\",\"url\":\"https:\\\/\\\/informelitoral.com.ar\\\/%77%70%2d%63%6f%6e%74%65%6e%74\\\/uploads\\\/2021\\\/01\\\/circulo.png\",\"contentUrl\":\"https:\\\/\\\/informelitoral.com.ar\\\/%77%70%2d%63%6f%6e%74%65%6e%74\\\/uploads\\\/2021\\\/01\\\/circulo.png\",\"width\":723,\"height\":731,\"caption\":\"Informe Litoral\"},\"image\":{\"@id\":\"https:\\\/\\\/informelitoral.com.ar\\\/#\\\/schema\\\/logo\\\/image\\\/\"},\"sameAs\":[\"https:\\\/\\\/www.facebook.com\\\/informelitoral\\\/\",\"https:\\\/\\\/x.com\\\/InformeLitoral\",\"https:\\\/\\\/www.instagram.com\\\/informelitoral\\\/\",\"https:\\\/\\\/www.youtube.com\\\/channel\\\/UCua4Qvz8Icb6MYqhoq9xLXw\"]},{\"@type\":\"Person\",\"@id\":\"https:\\\/\\\/informelitoral.com.ar\\\/#\\\/schema\\\/person\\\/b9d00407c836482871ef1d57bf8e3180\",\"name\":\"Gonzalo Schmidt\",\"image\":{\"@type\":\"ImageObject\",\"inLanguage\":\"es\",\"@id\":\"https:\\\/\\\/secure.gravatar.com\\\/avatar\\\/31a1a7b66ff2de83bd0e9fd79d026630d2d99e55e8bfe501287647b4fd9743de?s=96&d=mm&r=g\",\"url\":\"https:\\\/\\\/secure.gravatar.com\\\/avatar\\\/31a1a7b66ff2de83bd0e9fd79d026630d2d99e55e8bfe501287647b4fd9743de?s=96&d=mm&r=g\",\"contentUrl\":\"https:\\\/\\\/secure.gravatar.com\\\/avatar\\\/31a1a7b66ff2de83bd0e9fd79d026630d2d99e55e8bfe501287647b4fd9743de?s=96&d=mm&r=g\",\"caption\":\"Gonzalo Schmidt\"},\"description\":\"Sitio web de noticias de la provincia de Entre R\u00edos, Argentina. Informaci\u00f3n y entretenimiento. Informe Litoral, nos informamos.\",\"sameAs\":[\"http:\\\/\\\/www.isletasnoticias.com.ar\"],\"url\":\"https:\\\/\\\/informelitoral.com.ar\\\/author\\\/gonzalo\\\/\"}]}<\/script>","yoast_head_json":{"title":"El Sindicato de la Carne intervino en defensa de trabajadores de un frigor\u00edfico de Victoria - Informe Litoral","robots":{"index":"index","follow":"follow","max-snippet":"max-snippet:-1","max-image-preview":"max-image-preview:large","max-video-preview":"max-video-preview:-1"},"canonical":"https:\/\/informelitoral.com.ar\/el-sindicato-de-la-carne-intervino-en-defensa-de-trabajadores-de-un-frigorifico-de-victoria\/","og_locale":"es_ES","og_type":"article","og_title":"El Sindicato de la Carne intervino en defensa de trabajadores de un frigor\u00edfico de Victoria - Informe Litoral","og_description":"Los trabajadores exigen el pago de horas trabajadas y recategorizaciones, entre otros requerimientos. Ahora se dict\u00f3 la conciliaci\u00f3n obligatoria por el t\u00e9rmino de 10 d\u00edas h\u00e1biles.","og_url":"https:\/\/informelitoral.com.ar\/el-sindicato-de-la-carne-intervino-en-defensa-de-trabajadores-de-un-frigorifico-de-victoria\/","og_site_name":"Informe Litoral","article_publisher":"https:\/\/www.facebook.com\/informelitoral\/","article_published_time":"2020-12-15T10:09:22+00:00","og_image":[{"width":1040,"height":780,"url":"https:\/\/informelitoral.com.ar\/%77%70%2d%63%6f%6e%74%65%6e%74\/uploads\/2020\/12\/3a1ed7ff-fddb-4714-addb-291b9b10ec29.jpg","type":"image\/jpeg"}],"author":"Gonzalo Schmidt","twitter_card":"summary_large_image","twitter_creator":"@InformeLitoral","twitter_site":"@InformeLitoral","twitter_misc":{"Escrito por":"Gonzalo Schmidt","Tiempo de lectura":"1 minuto"},"schema":{"@context":"https:\/\/schema.org","@graph":[{"@type":"Article","@id":"https:\/\/informelitoral.com.ar\/el-sindicato-de-la-carne-intervino-en-defensa-de-trabajadores-de-un-frigorifico-de-victoria\/#article","isPartOf":{"@id":"https:\/\/informelitoral.com.ar\/el-sindicato-de-la-carne-intervino-en-defensa-de-trabajadores-de-un-frigorifico-de-victoria\/"},"author":{"name":"Gonzalo Schmidt","@id":"https:\/\/informelitoral.com.ar\/#\/schema\/person\/b9d00407c836482871ef1d57bf8e3180"},"headline":"El Sindicato de la Carne intervino en defensa de trabajadores de un frigor\u00edfico de Victoria","datePublished":"2020-12-15T10:09:22+00:00","mainEntityOfPage":{"@id":"https:\/\/informelitoral.com.ar\/el-sindicato-de-la-carne-intervino-en-defensa-de-trabajadores-de-un-frigorifico-de-victoria\/"},"wordCount":216,"commentCount":0,"publisher":{"@id":"https:\/\/informelitoral.com.ar\/#organization"},"image":{"@id":"https:\/\/informelitoral.com.ar\/el-sindicato-de-la-carne-intervino-en-defensa-de-trabajadores-de-un-frigorifico-de-victoria\/#primaryimage"},"thumbnailUrl":"https:\/\/informelitoral.com.ar\/%77%70%2d%63%6f%6e%74%65%6e%74\/uploads\/2020\/12\/3a1ed7ff-fddb-4714-addb-291b9b10ec29.jpg","keywords":["Carne","Frigor\u00edfico","Sindicato","Victoria"],"articleSection":["Entre R\u00edos"],"inLanguage":"es","potentialAction":[{"@type":"CommentAction","name":"Comment","target":["https:\/\/informelitoral.com.ar\/el-sindicato-de-la-carne-intervino-en-defensa-de-trabajadores-de-un-frigorifico-de-victoria\/#respond"]}]},{"@type":"WebPage","@id":"https:\/\/informelitoral.com.ar\/el-sindicato-de-la-carne-intervino-en-defensa-de-trabajadores-de-un-frigorifico-de-victoria\/","url":"https:\/\/informelitoral.com.ar\/el-sindicato-de-la-carne-intervino-en-defensa-de-trabajadores-de-un-frigorifico-de-victoria\/","name":"El Sindicato de la Carne intervino en defensa de trabajadores de un frigor\u00edfico de Victoria - Informe Litoral","isPartOf":{"@id":"https:\/\/informelitoral.com.ar\/#website"},"primaryImageOfPage":{"@id":"https:\/\/informelitoral.com.ar\/el-sindicato-de-la-carne-intervino-en-defensa-de-trabajadores-de-un-frigorifico-de-victoria\/#primaryimage"},"image":{"@id":"https:\/\/informelitoral.com.ar\/el-sindicato-de-la-carne-intervino-en-defensa-de-trabajadores-de-un-frigorifico-de-victoria\/#primaryimage"},"thumbnailUrl":"https:\/\/informelitoral.com.ar\/%77%70%2d%63%6f%6e%74%65%6e%74\/uploads\/2020\/12\/3a1ed7ff-fddb-4714-addb-291b9b10ec29.jpg","datePublished":"2020-12-15T10:09:22+00:00","breadcrumb":{"@id":"https:\/\/informelitoral.com.ar\/el-sindicato-de-la-carne-intervino-en-defensa-de-trabajadores-de-un-frigorifico-de-victoria\/#breadcrumb"},"inLanguage":"es","potentialAction":[{"@type":"ReadAction","target":["https:\/\/informelitoral.com.ar\/el-sindicato-de-la-carne-intervino-en-defensa-de-trabajadores-de-un-frigorifico-de-victoria\/"]}]},{"@type":"ImageObject","inLanguage":"es","@id":"https:\/\/informelitoral.com.ar\/el-sindicato-de-la-carne-intervino-en-defensa-de-trabajadores-de-un-frigorifico-de-victoria\/#primaryimage","url":"https:\/\/informelitoral.com.ar\/%77%70%2d%63%6f%6e%74%65%6e%74\/uploads\/2020\/12\/3a1ed7ff-fddb-4714-addb-291b9b10ec29.jpg","contentUrl":"https:\/\/informelitoral.com.ar\/%77%70%2d%63%6f%6e%74%65%6e%74\/uploads\/2020\/12\/3a1ed7ff-fddb-4714-addb-291b9b10ec29.jpg","width":1040,"height":780},{"@type":"BreadcrumbList","@id":"https:\/\/informelitoral.com.ar\/el-sindicato-de-la-carne-intervino-en-defensa-de-trabajadores-de-un-frigorifico-de-victoria\/#breadcrumb","itemListElement":[{"@type":"ListItem","position":1,"name":"Portada","item":"https:\/\/informelitoral.com.ar\/"},{"@type":"ListItem","position":2,"name":"El Sindicato de la Carne intervino en defensa de trabajadores de un frigor\u00edfico de Victoria"}]},{"@type":"WebSite","@id":"https:\/\/informelitoral.com.ar\/#website","url":"https:\/\/informelitoral.com.ar\/","name":"Informe Litoral","description":"&quot;Nos informamos&quot; ","publisher":{"@id":"https:\/\/informelitoral.com.ar\/#organization"},"potentialAction":[{"@type":"SearchAction","target":{"@type":"EntryPoint","urlTemplate":"https:\/\/informelitoral.com.ar\/?s={search_term_string}"},"query-input":{"@type":"PropertyValueSpecification","valueRequired":true,"valueName":"search_term_string"}}],"inLanguage":"es"},{"@type":"Organization","@id":"https:\/\/informelitoral.com.ar\/#organization","name":"Informe Litoral","url":"https:\/\/informelitoral.com.ar\/","logo":{"@type":"ImageObject","inLanguage":"es","@id":"https:\/\/informelitoral.com.ar\/#\/schema\/logo\/image\/","url":"https:\/\/informelitoral.com.ar\/%77%70%2d%63%6f%6e%74%65%6e%74\/uploads\/2021\/01\/circulo.png","contentUrl":"https:\/\/informelitoral.com.ar\/%77%70%2d%63%6f%6e%74%65%6e%74\/uploads\/2021\/01\/circulo.png","width":723,"height":731,"caption":"Informe Litoral"},"image":{"@id":"https:\/\/informelitoral.com.ar\/#\/schema\/logo\/image\/"},"sameAs":["https:\/\/www.facebook.com\/informelitoral\/","https:\/\/x.com\/InformeLitoral","https:\/\/www.instagram.com\/informelitoral\/","https:\/\/www.youtube.com\/channel\/UCua4Qvz8Icb6MYqhoq9xLXw"]},{"@type":"Person","@id":"https:\/\/informelitoral.com.ar\/#\/schema\/person\/b9d00407c836482871ef1d57bf8e3180","name":"Gonzalo Schmidt","image":{"@type":"ImageObject","inLanguage":"es","@id":"https:\/\/secure.gravatar.com\/avatar\/31a1a7b66ff2de83bd0e9fd79d026630d2d99e55e8bfe501287647b4fd9743de?s=96&d=mm&r=g","url":"https:\/\/secure.gravatar.com\/avatar\/31a1a7b66ff2de83bd0e9fd79d026630d2d99e55e8bfe501287647b4fd9743de?s=96&d=mm&r=g","contentUrl":"https:\/\/secure.gravatar.com\/avatar\/31a1a7b66ff2de83bd0e9fd79d026630d2d99e55e8bfe501287647b4fd9743de?s=96&d=mm&r=g","caption":"Gonzalo Schmidt"},"description":"Sitio web de noticias de la provincia de Entre R\u00edos, Argentina. Informaci\u00f3n y entretenimiento. Informe Litoral, nos informamos.","sameAs":["http:\/\/www.isletasnoticias.com.ar"],"url":"https:\/\/informelitoral.com.ar\/author\/gonzalo\/"}]}},"_links":{"self":[{"href":"https:\/\/informelitoral.com.ar\/%77%70%2d%6a%73%6f%6e\/wp\/v2\/posts\/54541","targetHints":{"allow":["GET"]}}],"collection":[{"href":"https:\/\/informelitoral.com.ar\/%77%70%2d%6a%73%6f%6e\/wp\/v2\/posts"}],"about":[{"href":"https:\/\/informelitoral.com.ar\/%77%70%2d%6a%73%6f%6e\/wp\/v2\/types\/post"}],"author":[{"embeddable":true,"href":"https:\/\/informelitoral.com.ar\/%77%70%2d%6a%73%6f%6e\/wp\/v2\/users\/2"}],"replies":[{"embeddable":true,"href":"https:\/\/informelitoral.com.ar\/%77%70%2d%6a%73%6f%6e\/wp\/v2\/comments?post=54541"}],"version-history":[{"count":0,"href":"https:\/\/informelitoral.com.ar\/%77%70%2d%6a%73%6f%6e\/wp\/v2\/posts\/54541\/revisions"}],"wp:featuredmedia":[{"embeddable":true,"href":"https:\/\/informelitoral.com.ar\/%77%70%2d%6a%73%6f%6e\/wp\/v2\/media\/54542"}],"wp:attachment":[{"href":"https:\/\/informelitoral.com.ar\/%77%70%2d%6a%73%6f%6e\/wp\/v2\/media?parent=54541"}],"wp:term":[{"taxonomy":"category","embeddable":true,"href":"https:\/\/informelitoral.com.ar\/%77%70%2d%6a%73%6f%6e\/wp\/v2\/categories?post=54541"},{"taxonomy":"post_tag","embeddable":true,"href":"https:\/\/informelitoral.com.ar\/%77%70%2d%6a%73%6f%6e\/wp\/v2\/tags?post=54541"}],"curies":[{"name":"wp","href":"https:\/\/api.w.org\/{rel}","templated":true}]}}