{"id":54537,"date":"2020-12-15T06:56:27","date_gmt":"2020-12-15T09:56:27","guid":{"rendered":"https:\/\/www.isletasnoticias.com.ar\/?p=54537"},"modified":"2020-12-15T06:56:27","modified_gmt":"2020-12-15T09:56:27","slug":"la-uier-renovo-autoridades-y-trazo-los-desafios-para-el-2021","status":"publish","type":"post","link":"https:\/\/informelitoral.com.ar\/la-uier-renovo-autoridades-y-trazo-los-desafios-para-el-2021\/","title":{"rendered":"La UIER renov\u00f3 autoridades y traz\u00f3 los desaf\u00edos para el 2021"},"content":{"rendered":"<p>La Uni\u00f3n Industrial de Entre R\u00edos (UIER) realiz\u00f3 este lunes 14 la Asamblea General Ordinaria, adaptada este a\u00f1o a las circunstancias que impone la pandemia por el Covid-19. En ese marco, tras realizar la lectura y aprobaci\u00f3n de la memoria y balance de 2019, se procedi\u00f3 a definir la continuidad de Leandro Garciand\u00eda como presidente y la renovaci\u00f3n parcial de autoridades para el per\u00edodo 2020-2022.<\/p>\n<p>La Asamblea cont\u00f3 con la participaci\u00f3n del gobernador Gustavo Bordet, quien se comprometi\u00f3 a sostener los beneficios impositivos para el sector en 2021. Estuvo acompa\u00f1ado por el ministro de Econom\u00eda Hugo Ballay y el ministro de Producci\u00f3n, Turismo y Desarrollo Econ\u00f3mico Juan Jos\u00e9 Bahillo.<\/p>\n<p>Durante su discurso, el titular de la UIER reflexion\u00f3 sobre el proceso de adaptaci\u00f3n y reconversi\u00f3n que asumieron las empresas en este contexto de pandemia, del mismo modo que la entidad con sus distintas actividades y acciones. De todos modos, destac\u00f3 que ello no impidi\u00f3 poder abordar \u201cuna nutrida agenda de temas que sostenemos en pos de los intereses sectoriales\u201d.<\/p>\n<p>Desde esta perspectiva, reconoci\u00f3: \u201cAcompa\u00f1amos a las industrias y contribuimos activamente en la difusi\u00f3n y aplicaci\u00f3n de protocolos, y encaramos la tarea conjunta con el Gobierno de la Provincia, para la puesta en marcha de la industria nuevamente. La respuesta del Gobierno provincial fue r\u00e1pida y esto hay que se\u00f1alarlo, ya que m\u00e1s all\u00e1 de que el 47% de la industria esencial como las alimentarias o ligadas a esta o la farmac\u00e9utica estuviesen en marcha, el resto logr\u00f3 iniciar, protocolo mediante, su actividad antes que muchas provincias argentinas a\u00fan sin la necesaria demanda para funcionar\u201d, reconoci\u00f3.<\/p>\n<p>Asimismo, Garciand\u00eda remarc\u00f3 al finalizar la Asamblea que es clave el di\u00e1logo y el trabajo mancomunado con el Gobierno provincial. Destac\u00f3 all\u00ed el compromiso oficial de sostener los beneficios impositivos para la industria y plante\u00f3 la importancia de adoptar este tipo de medidas para generar previsibilidad, que posibilite a las empresas realizar inversiones, crear valor y empleo.<\/p>\n<p><strong>La Provincia<\/strong><\/p>\n<p>A su turno, el mandatario provincial destac\u00f3 las medidas adoptadas por el Gobierno ante la pandemia, fundamentalmente para \u201csostener el nivel de actividad en la provincia para evitar que cierren empresas y se produzca desempleo\u201d. \u201cTrabajamos articuladamente con la UIER para poner en marcha protocolos\u201d, puntualiz\u00f3 al respecto.<\/p>\n<p>\u201cEn l\u00edneas generales, Entre R\u00edos por sus caracter\u00edsticas es una provincia que genera a trav\u00e9s de la industria muchas de las actividades esenciales y fue por eso que la producci\u00f3n y el proceso de industrializaci\u00f3n pr\u00e1cticamente no se detuvo. S\u00ed tuvimos inconvenientes con algunos sectores, sobre todo los servicios\u201d, analiz\u00f3, y marc\u00f3 con datos c\u00f3mo impact\u00f3 la pandemia en Entre R\u00edos.<\/p>\n<p>Durante su discurso, Bordet plante\u00f3 la importancia de articular pol\u00edticas entre el sector p\u00fablico y privado y promover el desarrollo productivo. En ese sentido, repas\u00f3 los ejes centrales trazados, con especial atenci\u00f3n en los puertos, la conectividad, la integraci\u00f3n con el ferrocarril, los caminos productivos, las pol\u00edticas energ\u00e9ticas, entre otras. \u201cEn la pospandemia vamos a seguir ejecutando las obras con firme decisi\u00f3n\u201d, subray\u00f3.<\/p>\n<p>Por otro lado, el gobernador confirm\u00f3 que para el a\u00f1o pr\u00f3ximo no habr\u00e1 variaci\u00f3n en la presi\u00f3n fiscal para el sector. \u201cSeguiremos manteniendo, tras la firma del Consenso Fiscal, los mismos beneficios que existen hoy para las industrias en Entre R\u00edos; las seguiremos aplicando de la misma manera\u201d, sostuvo.<\/p>\n<p><strong>Agenda para 2021<\/strong><\/p>\n<p>De cara al a\u00f1o que viene, Garciand\u00eda propuso \u201cun abanico de temas en los cuales avanzar y profundizar, muchos de los cuales requerir\u00e1n del v\u00ednculo estrat\u00e9gico con el Gobierno provincial ya que se constituyen en pol\u00edticas de Estado claves para el impulso industrial que necesitamos para salir de esta coyuntura\u201d.<\/p>\n<p>Por un lado, remarc\u00f3 en la importancia de los Parques Industriales \u201cpara promover la competitividad de nuestras empresas, dependiendo en gran medida de las condiciones de producci\u00f3n en estos espacios, que deben brindar los mejores servicios para garantizar los planes de crecimiento de los establecimientos\u201d.<\/p>\n<p>Del mismo modo, consider\u00f3 clave que la Provincia defina una ley de Promoci\u00f3n Industrial, que \u201cestablezca est\u00edmulos concretos a las empresas radicadas en el territorio provincial y aquellas que buscan hacerlo\u201d. \u201cNecesitamos medidas fiscales que alienten a realizar nuevas inversiones, que posibiliten la generaci\u00f3n de valor y trabajo genuino\u201d, sostuvo.<\/p>\n<p>Entre otros temas, el presidente de la UIER se\u00f1al\u00f3 la necesidad de impulsar pol\u00edticas de infraestructura, con especial hincapi\u00e9 en la conectividad. Tambi\u00e9n comprometi\u00f3 el apoyo desde las industrias hacia los emprendedores dado el rol social de la entidad.<\/p>\n<p>Al interior de la entidad, propuso fortalecer el Departamento Joven y el Departamento Pymi, adem\u00e1s de impulsar con miradas y propuestas la Comisi\u00f3n de G\u00e9nero y Diversidad recientemente creada. Finalmente, consider\u00f3 importante institucionalizar la tem\u00e1tica ambiental.<\/p>\n<p><strong>Nuevas autoridades 2020-2022<\/strong><\/p>\n<p>Leandro Garciand\u00eda (presidente), Ra\u00fal Mars\u00f3 (vicepresidente 1\u00b0), Celeste Valenti (vicepresidente 2\u00b0), Alejandro Baggio (vicepresidente 3\u00b0), Eduardo Tonutti (secretario), Guillermo Muller (prosecretario), Mar\u00eda Eugenia Hillairet (tesorera), Mariana Aranguren (pro tesorera), Gabriel Bourdin (vocal titular 1\u00b0) H\u00e9ctor Alonso (vocal titular 2\u00b0), Claudio Lambert (vocal titular 3\u00b0), Gonzalo Benvenuto (vocal titular 4\u00b0), Sergio Corso (vocal suplente 1\u00b0), Augusto Motta (vocal suplente 2\u00b0), Ra\u00fal Vittor (vocal suplente 3\u00b0), Silvana Roitman (vocal suplente 4\u00b0), Agust\u00edn Arias (miembro titular de la Comisi\u00f3n Revisora de Cuentas), Sebasti\u00e1n Bouzada (miembro titular de la Comisi\u00f3n Revisora de Cuentas), Josefina Senger (miembro suplente de la Comisi\u00f3n Revisora de Cuentas).<\/p>\n<p>Ricardo Guimarey, H\u00e9ctor Motta, Sergio Corso y Gonzalo Benvenuto (representantes en el Consejo General de la UIA).<\/p>\n","protected":false},"excerpt":{"rendered":"<p>Por consenso, Leandro Garciand\u00eda seguir\u00e1 al frente de la entidad y se renovaron otros cargos, con importante participaci\u00f3n de mujeres y j\u00f3venes en la Comisi\u00f3n Directiva.<\/p>\n","protected":false},"author":2,"featured_media":54538,"comment_status":"open","ping_status":"open","sticky":false,"template":"","format":"standard","meta":{"fifu_image_url":"","fifu_image_alt":"","footnotes":""},"categories":[6],"tags":[81,933,120,1598],"class_list":{"0":"post-54537","1":"post","2":"type-post","3":"status-publish","4":"format-standard","5":"has-post-thumbnail","7":"category-entre-rios","8":"tag-entre-rios","9":"tag-industria","10":"tag-produccion","11":"tag-uier"},"yoast_head":"<title>La UIER renov\u00f3 autoridades y traz\u00f3 los desaf\u00edos para el 2021 - Informe Litoral<\/title>\n<meta name=\"robots\" content=\"index, follow, max-snippet:-1, max-image-preview:large, max-video-preview:-1\" \/>\n<link rel=\"canonical\" href=\"https:\/\/informelitoral.com.ar\/la-uier-renovo-autoridades-y-trazo-los-desafios-para-el-2021\/\" \/>\n<meta property=\"og:locale\" content=\"es_ES\" \/>\n<meta property=\"og:type\" content=\"article\" \/>\n<meta property=\"og:title\" content=\"La UIER renov\u00f3 autoridades y traz\u00f3 los desaf\u00edos para el 2021 - Informe Litoral\" \/>\n<meta property=\"og:description\" content=\"Por consenso, Leandro Garciand\u00eda seguir\u00e1 al frente de la entidad y se renovaron otros cargos, con importante participaci\u00f3n de mujeres y j\u00f3venes en la Comisi\u00f3n Directiva.\" \/>\n<meta property=\"og:url\" content=\"https:\/\/informelitoral.com.ar\/la-uier-renovo-autoridades-y-trazo-los-desafios-para-el-2021\/\" \/>\n<meta property=\"og:site_name\" content=\"Informe Litoral\" \/>\n<meta property=\"article:publisher\" content=\"https:\/\/www.facebook.com\/informelitoral\/\" \/>\n<meta property=\"article:published_time\" content=\"2020-12-15T09:56:27+00:00\" \/>\n<meta property=\"og:image\" content=\"https:\/\/informelitoral.com.ar\/%77%70%2d%63%6f%6e%74%65%6e%74\/uploads\/2020\/12\/uier-garciandia.jpg\" \/>\n\t<meta property=\"og:image:width\" content=\"1024\" \/>\n\t<meta property=\"og:image:height\" content=\"561\" \/>\n\t<meta property=\"og:image:type\" content=\"image\/jpeg\" \/>\n<meta name=\"author\" content=\"Gonzalo Schmidt\" \/>\n<meta name=\"twitter:card\" content=\"summary_large_image\" \/>\n<meta name=\"twitter:creator\" content=\"@InformeLitoral\" \/>\n<meta name=\"twitter:site\" content=\"@InformeLitoral\" \/>\n<meta name=\"twitter:label1\" content=\"Escrito por\" \/>\n\t<meta name=\"twitter:data1\" content=\"Gonzalo Schmidt\" \/>\n\t<meta name=\"twitter:label2\" content=\"Tiempo de lectura\" \/>\n\t<meta name=\"twitter:data2\" content=\"5 minutos\" \/>\n<script type=\"application\/ld+json\" class=\"yoast-schema-graph\">{\"@context\":\"https:\\\/\\\/schema.org\",\"@graph\":[{\"@type\":\"Article\",\"@id\":\"https:\\\/\\\/informelitoral.com.ar\\\/la-uier-renovo-autoridades-y-trazo-los-desafios-para-el-2021\\\/#article\",\"isPartOf\":{\"@id\":\"https:\\\/\\\/informelitoral.com.ar\\\/la-uier-renovo-autoridades-y-trazo-los-desafios-para-el-2021\\\/\"},\"author\":{\"name\":\"Gonzalo Schmidt\",\"@id\":\"https:\\\/\\\/informelitoral.com.ar\\\/#\\\/schema\\\/person\\\/b9d00407c836482871ef1d57bf8e3180\"},\"headline\":\"La UIER renov\u00f3 autoridades y traz\u00f3 los desaf\u00edos para el 2021\",\"datePublished\":\"2020-12-15T09:56:27+00:00\",\"mainEntityOfPage\":{\"@id\":\"https:\\\/\\\/informelitoral.com.ar\\\/la-uier-renovo-autoridades-y-trazo-los-desafios-para-el-2021\\\/\"},\"wordCount\":955,\"commentCount\":0,\"publisher\":{\"@id\":\"https:\\\/\\\/informelitoral.com.ar\\\/#organization\"},\"image\":{\"@id\":\"https:\\\/\\\/informelitoral.com.ar\\\/la-uier-renovo-autoridades-y-trazo-los-desafios-para-el-2021\\\/#primaryimage\"},\"thumbnailUrl\":\"https:\\\/\\\/informelitoral.com.ar\\\/%77%70%2d%63%6f%6e%74%65%6e%74\\\/uploads\\\/2020\\\/12\\\/uier-garciandia.jpg\",\"keywords\":[\"Entre R\u00edos\",\"Industria\",\"Producci\u00f3n\",\"Uier\"],\"articleSection\":[\"Entre R\u00edos\"],\"inLanguage\":\"es\",\"potentialAction\":[{\"@type\":\"CommentAction\",\"name\":\"Comment\",\"target\":[\"https:\\\/\\\/informelitoral.com.ar\\\/la-uier-renovo-autoridades-y-trazo-los-desafios-para-el-2021\\\/#respond\"]}]},{\"@type\":\"WebPage\",\"@id\":\"https:\\\/\\\/informelitoral.com.ar\\\/la-uier-renovo-autoridades-y-trazo-los-desafios-para-el-2021\\\/\",\"url\":\"https:\\\/\\\/informelitoral.com.ar\\\/la-uier-renovo-autoridades-y-trazo-los-desafios-para-el-2021\\\/\",\"name\":\"La UIER renov\u00f3 autoridades y traz\u00f3 los desaf\u00edos para el 2021 - Informe Litoral\",\"isPartOf\":{\"@id\":\"https:\\\/\\\/informelitoral.com.ar\\\/#website\"},\"primaryImageOfPage\":{\"@id\":\"https:\\\/\\\/informelitoral.com.ar\\\/la-uier-renovo-autoridades-y-trazo-los-desafios-para-el-2021\\\/#primaryimage\"},\"image\":{\"@id\":\"https:\\\/\\\/informelitoral.com.ar\\\/la-uier-renovo-autoridades-y-trazo-los-desafios-para-el-2021\\\/#primaryimage\"},\"thumbnailUrl\":\"https:\\\/\\\/informelitoral.com.ar\\\/%77%70%2d%63%6f%6e%74%65%6e%74\\\/uploads\\\/2020\\\/12\\\/uier-garciandia.jpg\",\"datePublished\":\"2020-12-15T09:56:27+00:00\",\"breadcrumb\":{\"@id\":\"https:\\\/\\\/informelitoral.com.ar\\\/la-uier-renovo-autoridades-y-trazo-los-desafios-para-el-2021\\\/#breadcrumb\"},\"inLanguage\":\"es\",\"potentialAction\":[{\"@type\":\"ReadAction\",\"target\":[\"https:\\\/\\\/informelitoral.com.ar\\\/la-uier-renovo-autoridades-y-trazo-los-desafios-para-el-2021\\\/\"]}]},{\"@type\":\"ImageObject\",\"inLanguage\":\"es\",\"@id\":\"https:\\\/\\\/informelitoral.com.ar\\\/la-uier-renovo-autoridades-y-trazo-los-desafios-para-el-2021\\\/#primaryimage\",\"url\":\"https:\\\/\\\/informelitoral.com.ar\\\/%77%70%2d%63%6f%6e%74%65%6e%74\\\/uploads\\\/2020\\\/12\\\/uier-garciandia.jpg\",\"contentUrl\":\"https:\\\/\\\/informelitoral.com.ar\\\/%77%70%2d%63%6f%6e%74%65%6e%74\\\/uploads\\\/2020\\\/12\\\/uier-garciandia.jpg\",\"width\":1024,\"height\":561},{\"@type\":\"BreadcrumbList\",\"@id\":\"https:\\\/\\\/informelitoral.com.ar\\\/la-uier-renovo-autoridades-y-trazo-los-desafios-para-el-2021\\\/#breadcrumb\",\"itemListElement\":[{\"@type\":\"ListItem\",\"position\":1,\"name\":\"Portada\",\"item\":\"https:\\\/\\\/informelitoral.com.ar\\\/\"},{\"@type\":\"ListItem\",\"position\":2,\"name\":\"La UIER renov\u00f3 autoridades y traz\u00f3 los desaf\u00edos para el 2021\"}]},{\"@type\":\"WebSite\",\"@id\":\"https:\\\/\\\/informelitoral.com.ar\\\/#website\",\"url\":\"https:\\\/\\\/informelitoral.com.ar\\\/\",\"name\":\"Informe Litoral\",\"description\":\"&quot;Nos informamos&quot; \",\"publisher\":{\"@id\":\"https:\\\/\\\/informelitoral.com.ar\\\/#organization\"},\"potentialAction\":[{\"@type\":\"SearchAction\",\"target\":{\"@type\":\"EntryPoint\",\"urlTemplate\":\"https:\\\/\\\/informelitoral.com.ar\\\/?s={search_term_string}\"},\"query-input\":{\"@type\":\"PropertyValueSpecification\",\"valueRequired\":true,\"valueName\":\"search_term_string\"}}],\"inLanguage\":\"es\"},{\"@type\":\"Organization\",\"@id\":\"https:\\\/\\\/informelitoral.com.ar\\\/#organization\",\"name\":\"Informe Litoral\",\"url\":\"https:\\\/\\\/informelitoral.com.ar\\\/\",\"logo\":{\"@type\":\"ImageObject\",\"inLanguage\":\"es\",\"@id\":\"https:\\\/\\\/informelitoral.com.ar\\\/#\\\/schema\\\/logo\\\/image\\\/\",\"url\":\"https:\\\/\\\/informelitoral.com.ar\\\/%77%70%2d%63%6f%6e%74%65%6e%74\\\/uploads\\\/2021\\\/01\\\/circulo.png\",\"contentUrl\":\"https:\\\/\\\/informelitoral.com.ar\\\/%77%70%2d%63%6f%6e%74%65%6e%74\\\/uploads\\\/2021\\\/01\\\/circulo.png\",\"width\":723,\"height\":731,\"caption\":\"Informe Litoral\"},\"image\":{\"@id\":\"https:\\\/\\\/informelitoral.com.ar\\\/#\\\/schema\\\/logo\\\/image\\\/\"},\"sameAs\":[\"https:\\\/\\\/www.facebook.com\\\/informelitoral\\\/\",\"https:\\\/\\\/x.com\\\/InformeLitoral\",\"https:\\\/\\\/www.instagram.com\\\/informelitoral\\\/\",\"https:\\\/\\\/www.youtube.com\\\/channel\\\/UCua4Qvz8Icb6MYqhoq9xLXw\"]},{\"@type\":\"Person\",\"@id\":\"https:\\\/\\\/informelitoral.com.ar\\\/#\\\/schema\\\/person\\\/b9d00407c836482871ef1d57bf8e3180\",\"name\":\"Gonzalo Schmidt\",\"image\":{\"@type\":\"ImageObject\",\"inLanguage\":\"es\",\"@id\":\"https:\\\/\\\/secure.gravatar.com\\\/avatar\\\/31a1a7b66ff2de83bd0e9fd79d026630d2d99e55e8bfe501287647b4fd9743de?s=96&d=mm&r=g\",\"url\":\"https:\\\/\\\/secure.gravatar.com\\\/avatar\\\/31a1a7b66ff2de83bd0e9fd79d026630d2d99e55e8bfe501287647b4fd9743de?s=96&d=mm&r=g\",\"contentUrl\":\"https:\\\/\\\/secure.gravatar.com\\\/avatar\\\/31a1a7b66ff2de83bd0e9fd79d026630d2d99e55e8bfe501287647b4fd9743de?s=96&d=mm&r=g\",\"caption\":\"Gonzalo Schmidt\"},\"description\":\"Sitio web de noticias de la provincia de Entre R\u00edos, Argentina. Informaci\u00f3n y entretenimiento. Informe Litoral, nos informamos.\",\"sameAs\":[\"http:\\\/\\\/www.isletasnoticias.com.ar\"],\"url\":\"https:\\\/\\\/informelitoral.com.ar\\\/author\\\/gonzalo\\\/\"}]}<\/script>","yoast_head_json":{"title":"La UIER renov\u00f3 autoridades y traz\u00f3 los desaf\u00edos para el 2021 - Informe Litoral","robots":{"index":"index","follow":"follow","max-snippet":"max-snippet:-1","max-image-preview":"max-image-preview:large","max-video-preview":"max-video-preview:-1"},"canonical":"https:\/\/informelitoral.com.ar\/la-uier-renovo-autoridades-y-trazo-los-desafios-para-el-2021\/","og_locale":"es_ES","og_type":"article","og_title":"La UIER renov\u00f3 autoridades y traz\u00f3 los desaf\u00edos para el 2021 - Informe Litoral","og_description":"Por consenso, Leandro Garciand\u00eda seguir\u00e1 al frente de la entidad y se renovaron otros cargos, con importante participaci\u00f3n de mujeres y j\u00f3venes en la Comisi\u00f3n Directiva.","og_url":"https:\/\/informelitoral.com.ar\/la-uier-renovo-autoridades-y-trazo-los-desafios-para-el-2021\/","og_site_name":"Informe Litoral","article_publisher":"https:\/\/www.facebook.com\/informelitoral\/","article_published_time":"2020-12-15T09:56:27+00:00","og_image":[{"width":1024,"height":561,"url":"https:\/\/informelitoral.com.ar\/%77%70%2d%63%6f%6e%74%65%6e%74\/uploads\/2020\/12\/uier-garciandia.jpg","type":"image\/jpeg"}],"author":"Gonzalo Schmidt","twitter_card":"summary_large_image","twitter_creator":"@InformeLitoral","twitter_site":"@InformeLitoral","twitter_misc":{"Escrito por":"Gonzalo Schmidt","Tiempo de lectura":"5 minutos"},"schema":{"@context":"https:\/\/schema.org","@graph":[{"@type":"Article","@id":"https:\/\/informelitoral.com.ar\/la-uier-renovo-autoridades-y-trazo-los-desafios-para-el-2021\/#article","isPartOf":{"@id":"https:\/\/informelitoral.com.ar\/la-uier-renovo-autoridades-y-trazo-los-desafios-para-el-2021\/"},"author":{"name":"Gonzalo Schmidt","@id":"https:\/\/informelitoral.com.ar\/#\/schema\/person\/b9d00407c836482871ef1d57bf8e3180"},"headline":"La UIER renov\u00f3 autoridades y traz\u00f3 los desaf\u00edos para el 2021","datePublished":"2020-12-15T09:56:27+00:00","mainEntityOfPage":{"@id":"https:\/\/informelitoral.com.ar\/la-uier-renovo-autoridades-y-trazo-los-desafios-para-el-2021\/"},"wordCount":955,"commentCount":0,"publisher":{"@id":"https:\/\/informelitoral.com.ar\/#organization"},"image":{"@id":"https:\/\/informelitoral.com.ar\/la-uier-renovo-autoridades-y-trazo-los-desafios-para-el-2021\/#primaryimage"},"thumbnailUrl":"https:\/\/informelitoral.com.ar\/%77%70%2d%63%6f%6e%74%65%6e%74\/uploads\/2020\/12\/uier-garciandia.jpg","keywords":["Entre R\u00edos","Industria","Producci\u00f3n","Uier"],"articleSection":["Entre R\u00edos"],"inLanguage":"es","potentialAction":[{"@type":"CommentAction","name":"Comment","target":["https:\/\/informelitoral.com.ar\/la-uier-renovo-autoridades-y-trazo-los-desafios-para-el-2021\/#respond"]}]},{"@type":"WebPage","@id":"https:\/\/informelitoral.com.ar\/la-uier-renovo-autoridades-y-trazo-los-desafios-para-el-2021\/","url":"https:\/\/informelitoral.com.ar\/la-uier-renovo-autoridades-y-trazo-los-desafios-para-el-2021\/","name":"La UIER renov\u00f3 autoridades y traz\u00f3 los desaf\u00edos para el 2021 - Informe Litoral","isPartOf":{"@id":"https:\/\/informelitoral.com.ar\/#website"},"primaryImageOfPage":{"@id":"https:\/\/informelitoral.com.ar\/la-uier-renovo-autoridades-y-trazo-los-desafios-para-el-2021\/#primaryimage"},"image":{"@id":"https:\/\/informelitoral.com.ar\/la-uier-renovo-autoridades-y-trazo-los-desafios-para-el-2021\/#primaryimage"},"thumbnailUrl":"https:\/\/informelitoral.com.ar\/%77%70%2d%63%6f%6e%74%65%6e%74\/uploads\/2020\/12\/uier-garciandia.jpg","datePublished":"2020-12-15T09:56:27+00:00","breadcrumb":{"@id":"https:\/\/informelitoral.com.ar\/la-uier-renovo-autoridades-y-trazo-los-desafios-para-el-2021\/#breadcrumb"},"inLanguage":"es","potentialAction":[{"@type":"ReadAction","target":["https:\/\/informelitoral.com.ar\/la-uier-renovo-autoridades-y-trazo-los-desafios-para-el-2021\/"]}]},{"@type":"ImageObject","inLanguage":"es","@id":"https:\/\/informelitoral.com.ar\/la-uier-renovo-autoridades-y-trazo-los-desafios-para-el-2021\/#primaryimage","url":"https:\/\/informelitoral.com.ar\/%77%70%2d%63%6f%6e%74%65%6e%74\/uploads\/2020\/12\/uier-garciandia.jpg","contentUrl":"https:\/\/informelitoral.com.ar\/%77%70%2d%63%6f%6e%74%65%6e%74\/uploads\/2020\/12\/uier-garciandia.jpg","width":1024,"height":561},{"@type":"BreadcrumbList","@id":"https:\/\/informelitoral.com.ar\/la-uier-renovo-autoridades-y-trazo-los-desafios-para-el-2021\/#breadcrumb","itemListElement":[{"@type":"ListItem","position":1,"name":"Portada","item":"https:\/\/informelitoral.com.ar\/"},{"@type":"ListItem","position":2,"name":"La UIER renov\u00f3 autoridades y traz\u00f3 los desaf\u00edos para el 2021"}]},{"@type":"WebSite","@id":"https:\/\/informelitoral.com.ar\/#website","url":"https:\/\/informelitoral.com.ar\/","name":"Informe Litoral","description":"&quot;Nos informamos&quot; ","publisher":{"@id":"https:\/\/informelitoral.com.ar\/#organization"},"potentialAction":[{"@type":"SearchAction","target":{"@type":"EntryPoint","urlTemplate":"https:\/\/informelitoral.com.ar\/?s={search_term_string}"},"query-input":{"@type":"PropertyValueSpecification","valueRequired":true,"valueName":"search_term_string"}}],"inLanguage":"es"},{"@type":"Organization","@id":"https:\/\/informelitoral.com.ar\/#organization","name":"Informe Litoral","url":"https:\/\/informelitoral.com.ar\/","logo":{"@type":"ImageObject","inLanguage":"es","@id":"https:\/\/informelitoral.com.ar\/#\/schema\/logo\/image\/","url":"https:\/\/informelitoral.com.ar\/%77%70%2d%63%6f%6e%74%65%6e%74\/uploads\/2021\/01\/circulo.png","contentUrl":"https:\/\/informelitoral.com.ar\/%77%70%2d%63%6f%6e%74%65%6e%74\/uploads\/2021\/01\/circulo.png","width":723,"height":731,"caption":"Informe Litoral"},"image":{"@id":"https:\/\/informelitoral.com.ar\/#\/schema\/logo\/image\/"},"sameAs":["https:\/\/www.facebook.com\/informelitoral\/","https:\/\/x.com\/InformeLitoral","https:\/\/www.instagram.com\/informelitoral\/","https:\/\/www.youtube.com\/channel\/UCua4Qvz8Icb6MYqhoq9xLXw"]},{"@type":"Person","@id":"https:\/\/informelitoral.com.ar\/#\/schema\/person\/b9d00407c836482871ef1d57bf8e3180","name":"Gonzalo Schmidt","image":{"@type":"ImageObject","inLanguage":"es","@id":"https:\/\/secure.gravatar.com\/avatar\/31a1a7b66ff2de83bd0e9fd79d026630d2d99e55e8bfe501287647b4fd9743de?s=96&d=mm&r=g","url":"https:\/\/secure.gravatar.com\/avatar\/31a1a7b66ff2de83bd0e9fd79d026630d2d99e55e8bfe501287647b4fd9743de?s=96&d=mm&r=g","contentUrl":"https:\/\/secure.gravatar.com\/avatar\/31a1a7b66ff2de83bd0e9fd79d026630d2d99e55e8bfe501287647b4fd9743de?s=96&d=mm&r=g","caption":"Gonzalo Schmidt"},"description":"Sitio web de noticias de la provincia de Entre R\u00edos, Argentina. Informaci\u00f3n y entretenimiento. Informe Litoral, nos informamos.","sameAs":["http:\/\/www.isletasnoticias.com.ar"],"url":"https:\/\/informelitoral.com.ar\/author\/gonzalo\/"}]}},"_links":{"self":[{"href":"https:\/\/informelitoral.com.ar\/%77%70%2d%6a%73%6f%6e\/wp\/v2\/posts\/54537","targetHints":{"allow":["GET"]}}],"collection":[{"href":"https:\/\/informelitoral.com.ar\/%77%70%2d%6a%73%6f%6e\/wp\/v2\/posts"}],"about":[{"href":"https:\/\/informelitoral.com.ar\/%77%70%2d%6a%73%6f%6e\/wp\/v2\/types\/post"}],"author":[{"embeddable":true,"href":"https:\/\/informelitoral.com.ar\/%77%70%2d%6a%73%6f%6e\/wp\/v2\/users\/2"}],"replies":[{"embeddable":true,"href":"https:\/\/informelitoral.com.ar\/%77%70%2d%6a%73%6f%6e\/wp\/v2\/comments?post=54537"}],"version-history":[{"count":0,"href":"https:\/\/informelitoral.com.ar\/%77%70%2d%6a%73%6f%6e\/wp\/v2\/posts\/54537\/revisions"}],"wp:featuredmedia":[{"embeddable":true,"href":"https:\/\/informelitoral.com.ar\/%77%70%2d%6a%73%6f%6e\/wp\/v2\/media\/54538"}],"wp:attachment":[{"href":"https:\/\/informelitoral.com.ar\/%77%70%2d%6a%73%6f%6e\/wp\/v2\/media?parent=54537"}],"wp:term":[{"taxonomy":"category","embeddable":true,"href":"https:\/\/informelitoral.com.ar\/%77%70%2d%6a%73%6f%6e\/wp\/v2\/categories?post=54537"},{"taxonomy":"post_tag","embeddable":true,"href":"https:\/\/informelitoral.com.ar\/%77%70%2d%6a%73%6f%6e\/wp\/v2\/tags?post=54537"}],"curies":[{"name":"wp","href":"https:\/\/api.w.org\/{rel}","templated":true}]}}