{"id":54534,"date":"2020-12-15T06:49:46","date_gmt":"2020-12-15T09:49:46","guid":{"rendered":"https:\/\/www.isletasnoticias.com.ar\/?p=54534"},"modified":"2020-12-15T06:49:46","modified_gmt":"2020-12-15T09:49:46","slug":"empresas-chinas-reactivaran-lineas-ferroviarias-de-carga","status":"publish","type":"post","link":"https:\/\/informelitoral.com.ar\/empresas-chinas-reactivaran-lineas-ferroviarias-de-carga\/","title":{"rendered":"Empresas chinas reactivar\u00e1n l\u00edneas ferroviarias de carga"},"content":{"rendered":"<p>El\u00a0Ministerio de Transporte de la Naci\u00f3n firm\u00f3 cuatro convenios de inversi\u00f3n con las empresas chinas \u201cChina Railway Construction Corporation Limited (CRCC)\u201d, \u201cChina Machinery Engineering Corporation (CMEC)\u201d, \u201cCRRC Corporation Limited\u201d, que traer\u00e1n un desembolso de 4.695 millones\u00a0de d\u00f3lares para la reactivaci\u00f3n de las l\u00edneas ferroviarias de carga Belgrano, San Mart\u00edn y Tren Norpatag\u00f3nico.<\/p>\n<p>Durante el encuentro, encabezado por el presidente Alberto Fern\u00e1ndez y realizado en la Casa Rosada, el ministro de la cartera Mario Meoni sostuvo que \u201cesta es una inversi\u00f3n importante e hist\u00f3rica, tendremos un desarrollo de muchas regiones\u201d, a lo que agreg\u00f3 que se debe tener una inversi\u00f3n para infraestructura adecuada que permita abaratar costos y tiempos de traslados para que m\u00e1s productores lleguen a centros de consumo.<\/p>\n<p>En rigor, el primero de los convenios, correspondiente a la Adenda V, se firm\u00f3 con la empresa CMEC para rehabilitar el ferrocarril Belgrano Cargas, con una inversi\u00f3n de U$S 816.716.703; el segundo consta de un memorando de entendimiento con la empresa CMEC para rehabilitar el Tren Norpatag\u00f3nico, por un total de U$S 784.000.000; y el tercero consiste en un acuerdo con la empresa CRCC para reactivar la l\u00ednea San Mart\u00edn de Trenes Argentinos Cargas, con una inversi\u00f3n de U$S 2.603.630.876.<\/p>\n<blockquote class=\"twitter-tweet\" data-width=\"550\" data-dnt=\"true\">\n<p lang=\"es\" dir=\"ltr\">Junto al presidente <a href=\"https:\/\/twitter.com\/alferdez?ref_src=twsrc%5Etfw\">@alferdez<\/a>, el ministro <a href=\"https:\/\/twitter.com\/mariomeoni?ref_src=twsrc%5Etfw\">@mariomeoni<\/a> firm\u00f3 cuatro convenios con China por USD 4.695 millones para la reactivaci\u00f3n de tres l\u00edneas ferroviarias de carga y para la adquisici\u00f3n de material rodante para transporte ferroviario de pasajeros. <a href=\"https:\/\/twitter.com\/hashtag\/Reconstrucci%C3%B3nArgentina?src=hash&amp;ref_src=twsrc%5Etfw\">#Reconstrucci\u00f3nArgentina<\/a>\u2b06\ufe0f <a href=\"https:\/\/t.co\/jZLUNXwcfa\">pic.twitter.com\/jZLUNXwcfa<\/a><\/p>\n<p>&mdash; Ministerio de Transporte (@MindeTransporte) <a href=\"https:\/\/twitter.com\/MindeTransporte\/status\/1337474807353528320?ref_src=twsrc%5Etfw\">December 11, 2020<\/a><\/p><\/blockquote>\n<p><script async src=\"https:\/\/platform.twitter.com\/widgets.js\" charset=\"utf-8\"><\/script><\/p>\n","protected":false},"excerpt":{"rendered":"<p>El Gobierno recibir\u00e1 un pr\u00e9stamo por 4.695 millones de d\u00f3lares para intervenir 3.384 kil\u00f3metros de v\u00edas en 14 provincias.<\/p>\n","protected":false},"author":2,"featured_media":54535,"comment_status":"open","ping_status":"open","sticky":false,"template":"","format":"standard","meta":{"fifu_image_url":"","fifu_image_alt":"","footnotes":""},"categories":[7],"tags":[120,2177],"class_list":{"0":"post-54534","1":"post","2":"type-post","3":"status-publish","4":"format-standard","5":"has-post-thumbnail","7":"category-nacionales","8":"tag-produccion","9":"tag-trenes"},"yoast_head":"<title>Empresas chinas reactivar\u00e1n l\u00edneas ferroviarias de carga - Informe Litoral<\/title>\n<meta name=\"robots\" content=\"index, follow, max-snippet:-1, max-image-preview:large, max-video-preview:-1\" \/>\n<link rel=\"canonical\" href=\"https:\/\/informelitoral.com.ar\/empresas-chinas-reactivaran-lineas-ferroviarias-de-carga\/\" \/>\n<meta property=\"og:locale\" content=\"es_ES\" \/>\n<meta property=\"og:type\" content=\"article\" \/>\n<meta property=\"og:title\" content=\"Empresas chinas reactivar\u00e1n l\u00edneas ferroviarias de carga - Informe Litoral\" \/>\n<meta property=\"og:description\" content=\"El Gobierno recibir\u00e1 un pr\u00e9stamo por 4.695 millones de d\u00f3lares para intervenir 3.384 kil\u00f3metros de v\u00edas en 14 provincias.\" \/>\n<meta property=\"og:url\" content=\"https:\/\/informelitoral.com.ar\/empresas-chinas-reactivaran-lineas-ferroviarias-de-carga\/\" \/>\n<meta property=\"og:site_name\" content=\"Informe Litoral\" \/>\n<meta property=\"article:publisher\" content=\"https:\/\/www.facebook.com\/informelitoral\/\" \/>\n<meta property=\"article:published_time\" content=\"2020-12-15T09:49:46+00:00\" \/>\n<meta property=\"og:image\" content=\"https:\/\/informelitoral.com.ar\/%77%70%2d%63%6f%6e%74%65%6e%74\/uploads\/2020\/12\/Trenes-Arg-Cargas-Nuevos-vagones.jpg\" \/>\n\t<meta property=\"og:image:width\" content=\"1000\" \/>\n\t<meta property=\"og:image:height\" content=\"570\" \/>\n\t<meta property=\"og:image:type\" content=\"image\/jpeg\" \/>\n<meta name=\"author\" content=\"Gonzalo Schmidt\" \/>\n<meta name=\"twitter:card\" content=\"summary_large_image\" \/>\n<meta name=\"twitter:creator\" content=\"@InformeLitoral\" \/>\n<meta name=\"twitter:site\" content=\"@InformeLitoral\" \/>\n<meta name=\"twitter:label1\" content=\"Escrito por\" \/>\n\t<meta name=\"twitter:data1\" content=\"Gonzalo Schmidt\" \/>\n\t<meta name=\"twitter:label2\" content=\"Tiempo de lectura\" \/>\n\t<meta name=\"twitter:data2\" content=\"1 minuto\" \/>\n<script type=\"application\/ld+json\" class=\"yoast-schema-graph\">{\"@context\":\"https:\\\/\\\/schema.org\",\"@graph\":[{\"@type\":\"Article\",\"@id\":\"https:\\\/\\\/informelitoral.com.ar\\\/empresas-chinas-reactivaran-lineas-ferroviarias-de-carga\\\/#article\",\"isPartOf\":{\"@id\":\"https:\\\/\\\/informelitoral.com.ar\\\/empresas-chinas-reactivaran-lineas-ferroviarias-de-carga\\\/\"},\"author\":{\"name\":\"Gonzalo Schmidt\",\"@id\":\"https:\\\/\\\/informelitoral.com.ar\\\/#\\\/schema\\\/person\\\/b9d00407c836482871ef1d57bf8e3180\"},\"headline\":\"Empresas chinas reactivar\u00e1n l\u00edneas ferroviarias de carga\",\"datePublished\":\"2020-12-15T09:49:46+00:00\",\"mainEntityOfPage\":{\"@id\":\"https:\\\/\\\/informelitoral.com.ar\\\/empresas-chinas-reactivaran-lineas-ferroviarias-de-carga\\\/\"},\"wordCount\":256,\"commentCount\":0,\"publisher\":{\"@id\":\"https:\\\/\\\/informelitoral.com.ar\\\/#organization\"},\"image\":{\"@id\":\"https:\\\/\\\/informelitoral.com.ar\\\/empresas-chinas-reactivaran-lineas-ferroviarias-de-carga\\\/#primaryimage\"},\"thumbnailUrl\":\"https:\\\/\\\/informelitoral.com.ar\\\/%77%70%2d%63%6f%6e%74%65%6e%74\\\/uploads\\\/2020\\\/12\\\/Trenes-Arg-Cargas-Nuevos-vagones.jpg\",\"keywords\":[\"Producci\u00f3n\",\"Trenes\"],\"articleSection\":[\"Nacionales\"],\"inLanguage\":\"es\",\"potentialAction\":[{\"@type\":\"CommentAction\",\"name\":\"Comment\",\"target\":[\"https:\\\/\\\/informelitoral.com.ar\\\/empresas-chinas-reactivaran-lineas-ferroviarias-de-carga\\\/#respond\"]}]},{\"@type\":\"WebPage\",\"@id\":\"https:\\\/\\\/informelitoral.com.ar\\\/empresas-chinas-reactivaran-lineas-ferroviarias-de-carga\\\/\",\"url\":\"https:\\\/\\\/informelitoral.com.ar\\\/empresas-chinas-reactivaran-lineas-ferroviarias-de-carga\\\/\",\"name\":\"Empresas chinas reactivar\u00e1n l\u00edneas ferroviarias de carga - Informe Litoral\",\"isPartOf\":{\"@id\":\"https:\\\/\\\/informelitoral.com.ar\\\/#website\"},\"primaryImageOfPage\":{\"@id\":\"https:\\\/\\\/informelitoral.com.ar\\\/empresas-chinas-reactivaran-lineas-ferroviarias-de-carga\\\/#primaryimage\"},\"image\":{\"@id\":\"https:\\\/\\\/informelitoral.com.ar\\\/empresas-chinas-reactivaran-lineas-ferroviarias-de-carga\\\/#primaryimage\"},\"thumbnailUrl\":\"https:\\\/\\\/informelitoral.com.ar\\\/%77%70%2d%63%6f%6e%74%65%6e%74\\\/uploads\\\/2020\\\/12\\\/Trenes-Arg-Cargas-Nuevos-vagones.jpg\",\"datePublished\":\"2020-12-15T09:49:46+00:00\",\"breadcrumb\":{\"@id\":\"https:\\\/\\\/informelitoral.com.ar\\\/empresas-chinas-reactivaran-lineas-ferroviarias-de-carga\\\/#breadcrumb\"},\"inLanguage\":\"es\",\"potentialAction\":[{\"@type\":\"ReadAction\",\"target\":[\"https:\\\/\\\/informelitoral.com.ar\\\/empresas-chinas-reactivaran-lineas-ferroviarias-de-carga\\\/\"]}]},{\"@type\":\"ImageObject\",\"inLanguage\":\"es\",\"@id\":\"https:\\\/\\\/informelitoral.com.ar\\\/empresas-chinas-reactivaran-lineas-ferroviarias-de-carga\\\/#primaryimage\",\"url\":\"https:\\\/\\\/informelitoral.com.ar\\\/%77%70%2d%63%6f%6e%74%65%6e%74\\\/uploads\\\/2020\\\/12\\\/Trenes-Arg-Cargas-Nuevos-vagones.jpg\",\"contentUrl\":\"https:\\\/\\\/informelitoral.com.ar\\\/%77%70%2d%63%6f%6e%74%65%6e%74\\\/uploads\\\/2020\\\/12\\\/Trenes-Arg-Cargas-Nuevos-vagones.jpg\",\"width\":1000,\"height\":570},{\"@type\":\"BreadcrumbList\",\"@id\":\"https:\\\/\\\/informelitoral.com.ar\\\/empresas-chinas-reactivaran-lineas-ferroviarias-de-carga\\\/#breadcrumb\",\"itemListElement\":[{\"@type\":\"ListItem\",\"position\":1,\"name\":\"Portada\",\"item\":\"https:\\\/\\\/informelitoral.com.ar\\\/\"},{\"@type\":\"ListItem\",\"position\":2,\"name\":\"Empresas chinas reactivar\u00e1n l\u00edneas ferroviarias de carga\"}]},{\"@type\":\"WebSite\",\"@id\":\"https:\\\/\\\/informelitoral.com.ar\\\/#website\",\"url\":\"https:\\\/\\\/informelitoral.com.ar\\\/\",\"name\":\"Informe Litoral\",\"description\":\"&quot;Nos informamos&quot; \",\"publisher\":{\"@id\":\"https:\\\/\\\/informelitoral.com.ar\\\/#organization\"},\"potentialAction\":[{\"@type\":\"SearchAction\",\"target\":{\"@type\":\"EntryPoint\",\"urlTemplate\":\"https:\\\/\\\/informelitoral.com.ar\\\/?s={search_term_string}\"},\"query-input\":{\"@type\":\"PropertyValueSpecification\",\"valueRequired\":true,\"valueName\":\"search_term_string\"}}],\"inLanguage\":\"es\"},{\"@type\":\"Organization\",\"@id\":\"https:\\\/\\\/informelitoral.com.ar\\\/#organization\",\"name\":\"Informe Litoral\",\"url\":\"https:\\\/\\\/informelitoral.com.ar\\\/\",\"logo\":{\"@type\":\"ImageObject\",\"inLanguage\":\"es\",\"@id\":\"https:\\\/\\\/informelitoral.com.ar\\\/#\\\/schema\\\/logo\\\/image\\\/\",\"url\":\"https:\\\/\\\/informelitoral.com.ar\\\/%77%70%2d%63%6f%6e%74%65%6e%74\\\/uploads\\\/2021\\\/01\\\/circulo.png\",\"contentUrl\":\"https:\\\/\\\/informelitoral.com.ar\\\/%77%70%2d%63%6f%6e%74%65%6e%74\\\/uploads\\\/2021\\\/01\\\/circulo.png\",\"width\":723,\"height\":731,\"caption\":\"Informe Litoral\"},\"image\":{\"@id\":\"https:\\\/\\\/informelitoral.com.ar\\\/#\\\/schema\\\/logo\\\/image\\\/\"},\"sameAs\":[\"https:\\\/\\\/www.facebook.com\\\/informelitoral\\\/\",\"https:\\\/\\\/x.com\\\/InformeLitoral\",\"https:\\\/\\\/www.instagram.com\\\/informelitoral\\\/\",\"https:\\\/\\\/www.youtube.com\\\/channel\\\/UCua4Qvz8Icb6MYqhoq9xLXw\"]},{\"@type\":\"Person\",\"@id\":\"https:\\\/\\\/informelitoral.com.ar\\\/#\\\/schema\\\/person\\\/b9d00407c836482871ef1d57bf8e3180\",\"name\":\"Gonzalo Schmidt\",\"image\":{\"@type\":\"ImageObject\",\"inLanguage\":\"es\",\"@id\":\"https:\\\/\\\/secure.gravatar.com\\\/avatar\\\/31a1a7b66ff2de83bd0e9fd79d026630d2d99e55e8bfe501287647b4fd9743de?s=96&d=mm&r=g\",\"url\":\"https:\\\/\\\/secure.gravatar.com\\\/avatar\\\/31a1a7b66ff2de83bd0e9fd79d026630d2d99e55e8bfe501287647b4fd9743de?s=96&d=mm&r=g\",\"contentUrl\":\"https:\\\/\\\/secure.gravatar.com\\\/avatar\\\/31a1a7b66ff2de83bd0e9fd79d026630d2d99e55e8bfe501287647b4fd9743de?s=96&d=mm&r=g\",\"caption\":\"Gonzalo Schmidt\"},\"description\":\"Sitio web de noticias de la provincia de Entre R\u00edos, Argentina. Informaci\u00f3n y entretenimiento. Informe Litoral, nos informamos.\",\"sameAs\":[\"http:\\\/\\\/www.isletasnoticias.com.ar\"],\"url\":\"https:\\\/\\\/informelitoral.com.ar\\\/author\\\/gonzalo\\\/\"}]}<\/script>","yoast_head_json":{"title":"Empresas chinas reactivar\u00e1n l\u00edneas ferroviarias de carga - Informe Litoral","robots":{"index":"index","follow":"follow","max-snippet":"max-snippet:-1","max-image-preview":"max-image-preview:large","max-video-preview":"max-video-preview:-1"},"canonical":"https:\/\/informelitoral.com.ar\/empresas-chinas-reactivaran-lineas-ferroviarias-de-carga\/","og_locale":"es_ES","og_type":"article","og_title":"Empresas chinas reactivar\u00e1n l\u00edneas ferroviarias de carga - Informe Litoral","og_description":"El Gobierno recibir\u00e1 un pr\u00e9stamo por 4.695 millones de d\u00f3lares para intervenir 3.384 kil\u00f3metros de v\u00edas en 14 provincias.","og_url":"https:\/\/informelitoral.com.ar\/empresas-chinas-reactivaran-lineas-ferroviarias-de-carga\/","og_site_name":"Informe Litoral","article_publisher":"https:\/\/www.facebook.com\/informelitoral\/","article_published_time":"2020-12-15T09:49:46+00:00","og_image":[{"width":1000,"height":570,"url":"https:\/\/informelitoral.com.ar\/%77%70%2d%63%6f%6e%74%65%6e%74\/uploads\/2020\/12\/Trenes-Arg-Cargas-Nuevos-vagones.jpg","type":"image\/jpeg"}],"author":"Gonzalo Schmidt","twitter_card":"summary_large_image","twitter_creator":"@InformeLitoral","twitter_site":"@InformeLitoral","twitter_misc":{"Escrito por":"Gonzalo Schmidt","Tiempo de lectura":"1 minuto"},"schema":{"@context":"https:\/\/schema.org","@graph":[{"@type":"Article","@id":"https:\/\/informelitoral.com.ar\/empresas-chinas-reactivaran-lineas-ferroviarias-de-carga\/#article","isPartOf":{"@id":"https:\/\/informelitoral.com.ar\/empresas-chinas-reactivaran-lineas-ferroviarias-de-carga\/"},"author":{"name":"Gonzalo Schmidt","@id":"https:\/\/informelitoral.com.ar\/#\/schema\/person\/b9d00407c836482871ef1d57bf8e3180"},"headline":"Empresas chinas reactivar\u00e1n l\u00edneas ferroviarias de carga","datePublished":"2020-12-15T09:49:46+00:00","mainEntityOfPage":{"@id":"https:\/\/informelitoral.com.ar\/empresas-chinas-reactivaran-lineas-ferroviarias-de-carga\/"},"wordCount":256,"commentCount":0,"publisher":{"@id":"https:\/\/informelitoral.com.ar\/#organization"},"image":{"@id":"https:\/\/informelitoral.com.ar\/empresas-chinas-reactivaran-lineas-ferroviarias-de-carga\/#primaryimage"},"thumbnailUrl":"https:\/\/informelitoral.com.ar\/%77%70%2d%63%6f%6e%74%65%6e%74\/uploads\/2020\/12\/Trenes-Arg-Cargas-Nuevos-vagones.jpg","keywords":["Producci\u00f3n","Trenes"],"articleSection":["Nacionales"],"inLanguage":"es","potentialAction":[{"@type":"CommentAction","name":"Comment","target":["https:\/\/informelitoral.com.ar\/empresas-chinas-reactivaran-lineas-ferroviarias-de-carga\/#respond"]}]},{"@type":"WebPage","@id":"https:\/\/informelitoral.com.ar\/empresas-chinas-reactivaran-lineas-ferroviarias-de-carga\/","url":"https:\/\/informelitoral.com.ar\/empresas-chinas-reactivaran-lineas-ferroviarias-de-carga\/","name":"Empresas chinas reactivar\u00e1n l\u00edneas ferroviarias de carga - Informe Litoral","isPartOf":{"@id":"https:\/\/informelitoral.com.ar\/#website"},"primaryImageOfPage":{"@id":"https:\/\/informelitoral.com.ar\/empresas-chinas-reactivaran-lineas-ferroviarias-de-carga\/#primaryimage"},"image":{"@id":"https:\/\/informelitoral.com.ar\/empresas-chinas-reactivaran-lineas-ferroviarias-de-carga\/#primaryimage"},"thumbnailUrl":"https:\/\/informelitoral.com.ar\/%77%70%2d%63%6f%6e%74%65%6e%74\/uploads\/2020\/12\/Trenes-Arg-Cargas-Nuevos-vagones.jpg","datePublished":"2020-12-15T09:49:46+00:00","breadcrumb":{"@id":"https:\/\/informelitoral.com.ar\/empresas-chinas-reactivaran-lineas-ferroviarias-de-carga\/#breadcrumb"},"inLanguage":"es","potentialAction":[{"@type":"ReadAction","target":["https:\/\/informelitoral.com.ar\/empresas-chinas-reactivaran-lineas-ferroviarias-de-carga\/"]}]},{"@type":"ImageObject","inLanguage":"es","@id":"https:\/\/informelitoral.com.ar\/empresas-chinas-reactivaran-lineas-ferroviarias-de-carga\/#primaryimage","url":"https:\/\/informelitoral.com.ar\/%77%70%2d%63%6f%6e%74%65%6e%74\/uploads\/2020\/12\/Trenes-Arg-Cargas-Nuevos-vagones.jpg","contentUrl":"https:\/\/informelitoral.com.ar\/%77%70%2d%63%6f%6e%74%65%6e%74\/uploads\/2020\/12\/Trenes-Arg-Cargas-Nuevos-vagones.jpg","width":1000,"height":570},{"@type":"BreadcrumbList","@id":"https:\/\/informelitoral.com.ar\/empresas-chinas-reactivaran-lineas-ferroviarias-de-carga\/#breadcrumb","itemListElement":[{"@type":"ListItem","position":1,"name":"Portada","item":"https:\/\/informelitoral.com.ar\/"},{"@type":"ListItem","position":2,"name":"Empresas chinas reactivar\u00e1n l\u00edneas ferroviarias de carga"}]},{"@type":"WebSite","@id":"https:\/\/informelitoral.com.ar\/#website","url":"https:\/\/informelitoral.com.ar\/","name":"Informe Litoral","description":"&quot;Nos informamos&quot; ","publisher":{"@id":"https:\/\/informelitoral.com.ar\/#organization"},"potentialAction":[{"@type":"SearchAction","target":{"@type":"EntryPoint","urlTemplate":"https:\/\/informelitoral.com.ar\/?s={search_term_string}"},"query-input":{"@type":"PropertyValueSpecification","valueRequired":true,"valueName":"search_term_string"}}],"inLanguage":"es"},{"@type":"Organization","@id":"https:\/\/informelitoral.com.ar\/#organization","name":"Informe Litoral","url":"https:\/\/informelitoral.com.ar\/","logo":{"@type":"ImageObject","inLanguage":"es","@id":"https:\/\/informelitoral.com.ar\/#\/schema\/logo\/image\/","url":"https:\/\/informelitoral.com.ar\/%77%70%2d%63%6f%6e%74%65%6e%74\/uploads\/2021\/01\/circulo.png","contentUrl":"https:\/\/informelitoral.com.ar\/%77%70%2d%63%6f%6e%74%65%6e%74\/uploads\/2021\/01\/circulo.png","width":723,"height":731,"caption":"Informe Litoral"},"image":{"@id":"https:\/\/informelitoral.com.ar\/#\/schema\/logo\/image\/"},"sameAs":["https:\/\/www.facebook.com\/informelitoral\/","https:\/\/x.com\/InformeLitoral","https:\/\/www.instagram.com\/informelitoral\/","https:\/\/www.youtube.com\/channel\/UCua4Qvz8Icb6MYqhoq9xLXw"]},{"@type":"Person","@id":"https:\/\/informelitoral.com.ar\/#\/schema\/person\/b9d00407c836482871ef1d57bf8e3180","name":"Gonzalo Schmidt","image":{"@type":"ImageObject","inLanguage":"es","@id":"https:\/\/secure.gravatar.com\/avatar\/31a1a7b66ff2de83bd0e9fd79d026630d2d99e55e8bfe501287647b4fd9743de?s=96&d=mm&r=g","url":"https:\/\/secure.gravatar.com\/avatar\/31a1a7b66ff2de83bd0e9fd79d026630d2d99e55e8bfe501287647b4fd9743de?s=96&d=mm&r=g","contentUrl":"https:\/\/secure.gravatar.com\/avatar\/31a1a7b66ff2de83bd0e9fd79d026630d2d99e55e8bfe501287647b4fd9743de?s=96&d=mm&r=g","caption":"Gonzalo Schmidt"},"description":"Sitio web de noticias de la provincia de Entre R\u00edos, Argentina. Informaci\u00f3n y entretenimiento. Informe Litoral, nos informamos.","sameAs":["http:\/\/www.isletasnoticias.com.ar"],"url":"https:\/\/informelitoral.com.ar\/author\/gonzalo\/"}]}},"_links":{"self":[{"href":"https:\/\/informelitoral.com.ar\/%77%70%2d%6a%73%6f%6e\/wp\/v2\/posts\/54534","targetHints":{"allow":["GET"]}}],"collection":[{"href":"https:\/\/informelitoral.com.ar\/%77%70%2d%6a%73%6f%6e\/wp\/v2\/posts"}],"about":[{"href":"https:\/\/informelitoral.com.ar\/%77%70%2d%6a%73%6f%6e\/wp\/v2\/types\/post"}],"author":[{"embeddable":true,"href":"https:\/\/informelitoral.com.ar\/%77%70%2d%6a%73%6f%6e\/wp\/v2\/users\/2"}],"replies":[{"embeddable":true,"href":"https:\/\/informelitoral.com.ar\/%77%70%2d%6a%73%6f%6e\/wp\/v2\/comments?post=54534"}],"version-history":[{"count":0,"href":"https:\/\/informelitoral.com.ar\/%77%70%2d%6a%73%6f%6e\/wp\/v2\/posts\/54534\/revisions"}],"wp:featuredmedia":[{"embeddable":true,"href":"https:\/\/informelitoral.com.ar\/%77%70%2d%6a%73%6f%6e\/wp\/v2\/media\/54535"}],"wp:attachment":[{"href":"https:\/\/informelitoral.com.ar\/%77%70%2d%6a%73%6f%6e\/wp\/v2\/media?parent=54534"}],"wp:term":[{"taxonomy":"category","embeddable":true,"href":"https:\/\/informelitoral.com.ar\/%77%70%2d%6a%73%6f%6e\/wp\/v2\/categories?post=54534"},{"taxonomy":"post_tag","embeddable":true,"href":"https:\/\/informelitoral.com.ar\/%77%70%2d%6a%73%6f%6e\/wp\/v2\/tags?post=54534"}],"curies":[{"name":"wp","href":"https:\/\/api.w.org\/{rel}","templated":true}]}}