{"id":54517,"date":"2020-12-14T17:44:00","date_gmt":"2020-12-14T20:44:00","guid":{"rendered":"https:\/\/www.isletasnoticias.com.ar\/?p=54517"},"modified":"2020-12-14T17:44:00","modified_gmt":"2020-12-14T20:44:00","slug":"comenzo-el-debate-sobre-la-interrupcion-voluntaria-del-embarazo","status":"publish","type":"post","link":"https:\/\/informelitoral.com.ar\/comenzo-el-debate-sobre-la-interrupcion-voluntaria-del-embarazo\/","title":{"rendered":"Comenz\u00f3 el debate sobre la interrupci\u00f3n voluntaria del embarazo"},"content":{"rendered":"<p>Un plenario de comisiones del Senado abri\u00f3 esta tarde el debate sobre el proyecto de legalizaci\u00f3n de la interrupci\u00f3n voluntaria del embarazo con la exposici\u00f3n de dos ministros y una funcionaria que defendieron la iniciativa del Gobierno nacional al entender que se busca \u00abevitar muertes evitables\u00bb ante un problema \u00abde salud p\u00fablica\u00bb.<\/p>\n<p>En su intervenci\u00f3n ante los senadores, el ministro de Salud, Gin\u00e9s Gonz\u00e1lez Garc\u00eda, calific\u00f3 como \u00abextraordinario\u00bb al proyecto de ley aprobado por la C\u00e1mara de Diputados, asegur\u00f3 que se tuvo en cuenta \u00abla experiencia mundial\u00bb y ratific\u00f3 que la iniciativa \u00abno es en contra de nadie, sino a favor de un grupo social que est\u00e1 sufriendo en la Argentina\u00bb.<\/p>\n<p><strong>\u201cEs un proyecto extraordinario porque baja la mortalidad materna, la morbilidad materna y aumenta la vida de las mujeres\u201d<\/strong>, remarc\u00f3.<\/p>\n<p><strong>\u00abNo es en contra de nadie, sino a favor de un grupo social que est\u00e1 sufriendo en la Argentina\u00bb<\/strong>, sostuvo en unabreve intervenci\u00f3n mediante videoconferencia, y detall\u00f3 que \u00aben una estimaci\u00f3n aproximada\u00bb\u00a0<strong>se practican alrededor de \u00abmil abortos por d\u00eda en la Argentina y cien internaciones en hospitales p\u00fablicos\u00bb por pr\u00e1cticas que terminan mal<\/strong>.<\/p>\n<p><strong>\u00abSi bien ese n\u00famero viene disminuyendo por todos los programas que vienen implement\u00e1ndose en la Argentina, el tema sigue pasando\u00bb<\/strong>, reconoci\u00f3.<\/p>\n<p>La secretaria Legal y T\u00e9cnica de la Presidencia,\u00a0<strong>Vilma Ibarra<\/strong>, explic\u00f3 por su parte que\u00a0<strong>la idea es \u00abevitar las muertes evitables\u00bb y encarar \u00abuna pol\u00edtica de Estado\u00bb con educaci\u00f3n sexual integral.<\/strong><\/p>\n<p>Ibarra dijo que la penalizaci\u00f3n del aborto que rige hasta la actualidad \u00abno dio resultados\u00bb y reiter\u00f3 que una educaci\u00f3n sexual integral \u00abdebe ser una pol\u00edtica de Estado\u00bb.<\/p>\n<p>En el inicio del plenario, el senador del Frente de Todos Dalmacio Mera formul\u00f3 un planteo en contra del giro a comisiones dispuesto por la Presidencia del cuerpo y reclam\u00f3 incluir a la comisi\u00f3n de Asuntos Constitucionales en el debate.<\/p>\n<p><strong>La propuesta gener\u00f3 intercambios de opiniones entre senadores del oficialismo y de la oposici\u00f3n en torno a la decisi\u00f3n de la vicepresidenta Cristina Fern\u00e1ndez de Kirchner para que sea la Banca de la Mujer, conducida por Norma Durango, la conductora del debate, junto a Justicia y Asuntos Penales y Salud.<\/strong><\/p>\n<p>Mera, quien se manifest\u00f3 en contra del aborto, consider\u00f3 que el giro \u00abes equivocado y una forma simb\u00f3lica de desresponsabilizar al var\u00f3n en una situaci\u00f3n tan delicada\u00bb, y se\u00f1al\u00f3 que la Banca de la Mujer est\u00e1 integrada solo por mujeres, por lo que pidi\u00f3 que se revea el giro dispuesto.<\/p>\n<p><strong>La propuesta de Mera fue rechazada incluso por la presidenta de la comisi\u00f3n de Asuntos Constitucionales, Mar\u00eda de los Angeles Sacn\u00fan, pero fue acompa\u00f1ada por el presidente de la comisi\u00f3n de Salud, el radical de Cambiemos Mario Fiad, quien condujo el debate en comisiones en 2018.<\/strong><\/p>\n<p>La presidenta de la Banca de la Mujer, Durango, abri\u00f3 a las 14.05 el plenario que comenz\u00f3 a analizar el expediente venido en revisi\u00f3n de la C\u00e1mara baja, dijo que espera \u00abun debate respetuoso con los argumentos de una u otra posici\u00f3n\u00bb y pidi\u00f3 \u00abaportar al di\u00e1logo y al intercambio para un enriquecedor debate\u00bb.<\/p>\n<p>Durango adelant\u00f3 que planea emitir dictamen el pr\u00f3ximo jueves, luego de escuchar a entre 40 y 50 expositores entre ma\u00f1ana y el mi\u00e9rcoles, en jornadas que ser\u00e1n divididas entre las 10 y las 13 y las 15 y las 18 horas de cada d\u00eda.<\/p>\n<p>El plan de trabajo incluye para esta semana cuatro plenarios de las comisiones de Justicia, Asuntos Penales, Salud y la Banca de la Mujer.<\/p>\n<p>El<strong>\u00a0plan de trabajo<\/strong>\u00a0incluye para esta semana cuatro plenarios de las comisiones a las que fue girada el viernes la iniciativa: Justicia; Asuntos Penales y Salud; y Banca de la Mujer.<\/p>\n<p>El oficialismo tiene qu\u00f3rum y mayor\u00eda absoluta en todas esas comisiones, por lo que se espera que el dictamen se logre f\u00e1cilmente.<\/p>\n<p><strong>El proyecto fue girado al Senado el viernes, luego de haber sido aprobado en Diputados por 131 votos a favor, 117 en contra y seis abstenciones: un margen m\u00e1s amplio del que hab\u00eda obtenido cuando fue aprobado en 2018.<\/strong><\/p>\n<p>Aquella vez, el expediente choc\u00f3 con la negativa del Senado, que lo rechaz\u00f3 por 38 a 31, con dos abstenciones y una ausente.<\/p>\n<p>La iniciativa permite la interrupci\u00f3n voluntaria del embarazo hasta la semana 14 de gestaci\u00f3n, a la vez que habilita la objeci\u00f3n de conciencia de los profesionales que no est\u00e1n de acuerdo con esta pr\u00e1ctica m\u00e9dica.<\/p>\n<p>El plazo de la semana 14 no se aplicar\u00e1 cuando el embarazo fuera producto de una violaci\u00f3n, en los casos de menores de 13 a\u00f1os o si estuviera en riesgo la vida.<\/p>\n<p>En los casos de los menores de 16 que decidan abortar, se requerir\u00e1 su consentimiento y que concurra acompa\u00f1ado por un familiar o un referente afectivo, mientras que las personas mayores de 16 a\u00f1os tienen plena capacidad por s\u00ed para prestar su consentimiento.<\/p>\n<p>En el caso de que una instituci\u00f3n privada no cuente con profesionales para realizar la interrupci\u00f3n del embarazo, deber\u00e1 disponer la derivaci\u00f3n a otra instituci\u00f3n en la que s\u00ed pueda concretarse, seg\u00fan contempla el proyecto.<\/p>\n","protected":false},"excerpt":{"rendered":"<p>Un plenario de comisiones del Senado abri&oacute; esta tarde el debate sobre el proyecto de legalizaci&oacute;n de la interrupci&oacute;n voluntaria del embarazo con la exposici&oacute;n de dos ministros y una funcionaria que defendieron la iniciativa del Gobierno nacional al entender que se busca &laquo;evitar muertes evitables&raquo; ante un problema &laquo;de salud p&uacute;blica&raquo;. En su intervenci&oacute;n [&hellip;]<\/p>\n","protected":false},"author":8,"featured_media":54518,"comment_status":"open","ping_status":"open","sticky":false,"template":"","format":"standard","meta":{"fifu_image_url":"","fifu_image_alt":"","footnotes":""},"categories":[16],"tags":[88,190,2172,2075,652],"class_list":{"0":"post-54517","1":"post","2":"type-post","3":"status-publish","4":"format-standard","5":"has-post-thumbnail","7":"category-politi","8":"tag-aborto","9":"tag-debate","10":"tag-gines","11":"tag-legalizacion","12":"tag-salud-publica"},"yoast_head":"<title>Comenz\u00f3 el debate sobre la interrupci\u00f3n voluntaria del embarazo - Informe Litoral<\/title>\n<meta name=\"robots\" content=\"index, follow, max-snippet:-1, max-image-preview:large, max-video-preview:-1\" \/>\n<link rel=\"canonical\" href=\"https:\/\/informelitoral.com.ar\/comenzo-el-debate-sobre-la-interrupcion-voluntaria-del-embarazo\/\" \/>\n<meta property=\"og:locale\" content=\"es_ES\" \/>\n<meta property=\"og:type\" content=\"article\" \/>\n<meta property=\"og:title\" content=\"Comenz\u00f3 el debate sobre la interrupci\u00f3n voluntaria del embarazo - Informe Litoral\" \/>\n<meta property=\"og:description\" content=\"Un plenario de comisiones del Senado abri&oacute; esta tarde el debate sobre el proyecto de legalizaci&oacute;n de la interrupci&oacute;n voluntaria del embarazo con la exposici&oacute;n de dos ministros y una funcionaria que defendieron la iniciativa del Gobierno nacional al entender que se busca &laquo;evitar muertes evitables&raquo; ante un problema &laquo;de salud p&uacute;blica&raquo;. En su intervenci&oacute;n [&hellip;]\" \/>\n<meta property=\"og:url\" content=\"https:\/\/informelitoral.com.ar\/comenzo-el-debate-sobre-la-interrupcion-voluntaria-del-embarazo\/\" \/>\n<meta property=\"og:site_name\" content=\"Informe Litoral\" \/>\n<meta property=\"article:publisher\" content=\"https:\/\/www.facebook.com\/informelitoral\/\" \/>\n<meta property=\"article:published_time\" content=\"2020-12-14T20:44:00+00:00\" \/>\n<meta property=\"og:image\" content=\"https:\/\/informelitoral.com.ar\/%77%70%2d%63%6f%6e%74%65%6e%74\/uploads\/2020\/12\/5fd4e203e6990_1004x564.jpg\" \/>\n\t<meta property=\"og:image:width\" content=\"1004\" \/>\n\t<meta property=\"og:image:height\" content=\"564\" \/>\n\t<meta property=\"og:image:type\" content=\"image\/jpeg\" \/>\n<meta name=\"author\" content=\"Sebastian\" \/>\n<meta name=\"twitter:card\" content=\"summary_large_image\" \/>\n<meta name=\"twitter:creator\" content=\"@InformeLitoral\" \/>\n<meta name=\"twitter:site\" content=\"@InformeLitoral\" \/>\n<meta name=\"twitter:label1\" content=\"Escrito por\" \/>\n\t<meta name=\"twitter:data1\" content=\"Sebastian\" \/>\n\t<meta name=\"twitter:label2\" content=\"Tiempo de lectura\" \/>\n\t<meta name=\"twitter:data2\" content=\"4 minutos\" \/>\n<script type=\"application\/ld+json\" class=\"yoast-schema-graph\">{\"@context\":\"https:\\\/\\\/schema.org\",\"@graph\":[{\"@type\":\"Article\",\"@id\":\"https:\\\/\\\/informelitoral.com.ar\\\/comenzo-el-debate-sobre-la-interrupcion-voluntaria-del-embarazo\\\/#article\",\"isPartOf\":{\"@id\":\"https:\\\/\\\/informelitoral.com.ar\\\/comenzo-el-debate-sobre-la-interrupcion-voluntaria-del-embarazo\\\/\"},\"author\":{\"name\":\"Sebastian\",\"@id\":\"https:\\\/\\\/informelitoral.com.ar\\\/#\\\/schema\\\/person\\\/f05f9f461677119578717524b127d6d5\"},\"headline\":\"Comenz\u00f3 el debate sobre la interrupci\u00f3n voluntaria del embarazo\",\"datePublished\":\"2020-12-14T20:44:00+00:00\",\"mainEntityOfPage\":{\"@id\":\"https:\\\/\\\/informelitoral.com.ar\\\/comenzo-el-debate-sobre-la-interrupcion-voluntaria-del-embarazo\\\/\"},\"wordCount\":891,\"commentCount\":0,\"publisher\":{\"@id\":\"https:\\\/\\\/informelitoral.com.ar\\\/#organization\"},\"image\":{\"@id\":\"https:\\\/\\\/informelitoral.com.ar\\\/comenzo-el-debate-sobre-la-interrupcion-voluntaria-del-embarazo\\\/#primaryimage\"},\"thumbnailUrl\":\"https:\\\/\\\/informelitoral.com.ar\\\/%77%70%2d%63%6f%6e%74%65%6e%74\\\/uploads\\\/2020\\\/12\\\/5fd4e203e6990_1004x564.jpg\",\"keywords\":[\"Aborto\",\"Debate\",\"Gines\",\"Legalizaci\u00f3n\",\"Salud p\u00fablica\"],\"articleSection\":[\"Politica\"],\"inLanguage\":\"es\",\"potentialAction\":[{\"@type\":\"CommentAction\",\"name\":\"Comment\",\"target\":[\"https:\\\/\\\/informelitoral.com.ar\\\/comenzo-el-debate-sobre-la-interrupcion-voluntaria-del-embarazo\\\/#respond\"]}]},{\"@type\":\"WebPage\",\"@id\":\"https:\\\/\\\/informelitoral.com.ar\\\/comenzo-el-debate-sobre-la-interrupcion-voluntaria-del-embarazo\\\/\",\"url\":\"https:\\\/\\\/informelitoral.com.ar\\\/comenzo-el-debate-sobre-la-interrupcion-voluntaria-del-embarazo\\\/\",\"name\":\"Comenz\u00f3 el debate sobre la interrupci\u00f3n voluntaria del embarazo - Informe Litoral\",\"isPartOf\":{\"@id\":\"https:\\\/\\\/informelitoral.com.ar\\\/#website\"},\"primaryImageOfPage\":{\"@id\":\"https:\\\/\\\/informelitoral.com.ar\\\/comenzo-el-debate-sobre-la-interrupcion-voluntaria-del-embarazo\\\/#primaryimage\"},\"image\":{\"@id\":\"https:\\\/\\\/informelitoral.com.ar\\\/comenzo-el-debate-sobre-la-interrupcion-voluntaria-del-embarazo\\\/#primaryimage\"},\"thumbnailUrl\":\"https:\\\/\\\/informelitoral.com.ar\\\/%77%70%2d%63%6f%6e%74%65%6e%74\\\/uploads\\\/2020\\\/12\\\/5fd4e203e6990_1004x564.jpg\",\"datePublished\":\"2020-12-14T20:44:00+00:00\",\"breadcrumb\":{\"@id\":\"https:\\\/\\\/informelitoral.com.ar\\\/comenzo-el-debate-sobre-la-interrupcion-voluntaria-del-embarazo\\\/#breadcrumb\"},\"inLanguage\":\"es\",\"potentialAction\":[{\"@type\":\"ReadAction\",\"target\":[\"https:\\\/\\\/informelitoral.com.ar\\\/comenzo-el-debate-sobre-la-interrupcion-voluntaria-del-embarazo\\\/\"]}]},{\"@type\":\"ImageObject\",\"inLanguage\":\"es\",\"@id\":\"https:\\\/\\\/informelitoral.com.ar\\\/comenzo-el-debate-sobre-la-interrupcion-voluntaria-del-embarazo\\\/#primaryimage\",\"url\":\"https:\\\/\\\/informelitoral.com.ar\\\/%77%70%2d%63%6f%6e%74%65%6e%74\\\/uploads\\\/2020\\\/12\\\/5fd4e203e6990_1004x564.jpg\",\"contentUrl\":\"https:\\\/\\\/informelitoral.com.ar\\\/%77%70%2d%63%6f%6e%74%65%6e%74\\\/uploads\\\/2020\\\/12\\\/5fd4e203e6990_1004x564.jpg\",\"width\":1004,\"height\":564},{\"@type\":\"BreadcrumbList\",\"@id\":\"https:\\\/\\\/informelitoral.com.ar\\\/comenzo-el-debate-sobre-la-interrupcion-voluntaria-del-embarazo\\\/#breadcrumb\",\"itemListElement\":[{\"@type\":\"ListItem\",\"position\":1,\"name\":\"Portada\",\"item\":\"https:\\\/\\\/informelitoral.com.ar\\\/\"},{\"@type\":\"ListItem\",\"position\":2,\"name\":\"Comenz\u00f3 el debate sobre la interrupci\u00f3n voluntaria del embarazo\"}]},{\"@type\":\"WebSite\",\"@id\":\"https:\\\/\\\/informelitoral.com.ar\\\/#website\",\"url\":\"https:\\\/\\\/informelitoral.com.ar\\\/\",\"name\":\"Informe Litoral\",\"description\":\"&quot;Nos informamos&quot; \",\"publisher\":{\"@id\":\"https:\\\/\\\/informelitoral.com.ar\\\/#organization\"},\"potentialAction\":[{\"@type\":\"SearchAction\",\"target\":{\"@type\":\"EntryPoint\",\"urlTemplate\":\"https:\\\/\\\/informelitoral.com.ar\\\/?s={search_term_string}\"},\"query-input\":{\"@type\":\"PropertyValueSpecification\",\"valueRequired\":true,\"valueName\":\"search_term_string\"}}],\"inLanguage\":\"es\"},{\"@type\":\"Organization\",\"@id\":\"https:\\\/\\\/informelitoral.com.ar\\\/#organization\",\"name\":\"Informe Litoral\",\"url\":\"https:\\\/\\\/informelitoral.com.ar\\\/\",\"logo\":{\"@type\":\"ImageObject\",\"inLanguage\":\"es\",\"@id\":\"https:\\\/\\\/informelitoral.com.ar\\\/#\\\/schema\\\/logo\\\/image\\\/\",\"url\":\"https:\\\/\\\/informelitoral.com.ar\\\/%77%70%2d%63%6f%6e%74%65%6e%74\\\/uploads\\\/2021\\\/01\\\/circulo.png\",\"contentUrl\":\"https:\\\/\\\/informelitoral.com.ar\\\/%77%70%2d%63%6f%6e%74%65%6e%74\\\/uploads\\\/2021\\\/01\\\/circulo.png\",\"width\":723,\"height\":731,\"caption\":\"Informe Litoral\"},\"image\":{\"@id\":\"https:\\\/\\\/informelitoral.com.ar\\\/#\\\/schema\\\/logo\\\/image\\\/\"},\"sameAs\":[\"https:\\\/\\\/www.facebook.com\\\/informelitoral\\\/\",\"https:\\\/\\\/x.com\\\/InformeLitoral\",\"https:\\\/\\\/www.instagram.com\\\/informelitoral\\\/\",\"https:\\\/\\\/www.youtube.com\\\/channel\\\/UCua4Qvz8Icb6MYqhoq9xLXw\"]},{\"@type\":\"Person\",\"@id\":\"https:\\\/\\\/informelitoral.com.ar\\\/#\\\/schema\\\/person\\\/f05f9f461677119578717524b127d6d5\",\"name\":\"Sebastian\",\"image\":{\"@type\":\"ImageObject\",\"inLanguage\":\"es\",\"@id\":\"https:\\\/\\\/secure.gravatar.com\\\/avatar\\\/b71bf7481d447dfb9583c7f2798e7cc64de6efb9067b74633ed8c31059a3bd82?s=96&d=mm&r=g\",\"url\":\"https:\\\/\\\/secure.gravatar.com\\\/avatar\\\/b71bf7481d447dfb9583c7f2798e7cc64de6efb9067b74633ed8c31059a3bd82?s=96&d=mm&r=g\",\"contentUrl\":\"https:\\\/\\\/secure.gravatar.com\\\/avatar\\\/b71bf7481d447dfb9583c7f2798e7cc64de6efb9067b74633ed8c31059a3bd82?s=96&d=mm&r=g\",\"caption\":\"Sebastian\"},\"url\":\"https:\\\/\\\/informelitoral.com.ar\\\/author\\\/sebastian\\\/\"}]}<\/script>","yoast_head_json":{"title":"Comenz\u00f3 el debate sobre la interrupci\u00f3n voluntaria del embarazo - Informe Litoral","robots":{"index":"index","follow":"follow","max-snippet":"max-snippet:-1","max-image-preview":"max-image-preview:large","max-video-preview":"max-video-preview:-1"},"canonical":"https:\/\/informelitoral.com.ar\/comenzo-el-debate-sobre-la-interrupcion-voluntaria-del-embarazo\/","og_locale":"es_ES","og_type":"article","og_title":"Comenz\u00f3 el debate sobre la interrupci\u00f3n voluntaria del embarazo - Informe Litoral","og_description":"Un plenario de comisiones del Senado abri&oacute; esta tarde el debate sobre el proyecto de legalizaci&oacute;n de la interrupci&oacute;n voluntaria del embarazo con la exposici&oacute;n de dos ministros y una funcionaria que defendieron la iniciativa del Gobierno nacional al entender que se busca &laquo;evitar muertes evitables&raquo; ante un problema &laquo;de salud p&uacute;blica&raquo;. En su intervenci&oacute;n [&hellip;]","og_url":"https:\/\/informelitoral.com.ar\/comenzo-el-debate-sobre-la-interrupcion-voluntaria-del-embarazo\/","og_site_name":"Informe Litoral","article_publisher":"https:\/\/www.facebook.com\/informelitoral\/","article_published_time":"2020-12-14T20:44:00+00:00","og_image":[{"width":1004,"height":564,"url":"https:\/\/informelitoral.com.ar\/%77%70%2d%63%6f%6e%74%65%6e%74\/uploads\/2020\/12\/5fd4e203e6990_1004x564.jpg","type":"image\/jpeg"}],"author":"Sebastian","twitter_card":"summary_large_image","twitter_creator":"@InformeLitoral","twitter_site":"@InformeLitoral","twitter_misc":{"Escrito por":"Sebastian","Tiempo de lectura":"4 minutos"},"schema":{"@context":"https:\/\/schema.org","@graph":[{"@type":"Article","@id":"https:\/\/informelitoral.com.ar\/comenzo-el-debate-sobre-la-interrupcion-voluntaria-del-embarazo\/#article","isPartOf":{"@id":"https:\/\/informelitoral.com.ar\/comenzo-el-debate-sobre-la-interrupcion-voluntaria-del-embarazo\/"},"author":{"name":"Sebastian","@id":"https:\/\/informelitoral.com.ar\/#\/schema\/person\/f05f9f461677119578717524b127d6d5"},"headline":"Comenz\u00f3 el debate sobre la interrupci\u00f3n voluntaria del embarazo","datePublished":"2020-12-14T20:44:00+00:00","mainEntityOfPage":{"@id":"https:\/\/informelitoral.com.ar\/comenzo-el-debate-sobre-la-interrupcion-voluntaria-del-embarazo\/"},"wordCount":891,"commentCount":0,"publisher":{"@id":"https:\/\/informelitoral.com.ar\/#organization"},"image":{"@id":"https:\/\/informelitoral.com.ar\/comenzo-el-debate-sobre-la-interrupcion-voluntaria-del-embarazo\/#primaryimage"},"thumbnailUrl":"https:\/\/informelitoral.com.ar\/%77%70%2d%63%6f%6e%74%65%6e%74\/uploads\/2020\/12\/5fd4e203e6990_1004x564.jpg","keywords":["Aborto","Debate","Gines","Legalizaci\u00f3n","Salud p\u00fablica"],"articleSection":["Politica"],"inLanguage":"es","potentialAction":[{"@type":"CommentAction","name":"Comment","target":["https:\/\/informelitoral.com.ar\/comenzo-el-debate-sobre-la-interrupcion-voluntaria-del-embarazo\/#respond"]}]},{"@type":"WebPage","@id":"https:\/\/informelitoral.com.ar\/comenzo-el-debate-sobre-la-interrupcion-voluntaria-del-embarazo\/","url":"https:\/\/informelitoral.com.ar\/comenzo-el-debate-sobre-la-interrupcion-voluntaria-del-embarazo\/","name":"Comenz\u00f3 el debate sobre la interrupci\u00f3n voluntaria del embarazo - Informe Litoral","isPartOf":{"@id":"https:\/\/informelitoral.com.ar\/#website"},"primaryImageOfPage":{"@id":"https:\/\/informelitoral.com.ar\/comenzo-el-debate-sobre-la-interrupcion-voluntaria-del-embarazo\/#primaryimage"},"image":{"@id":"https:\/\/informelitoral.com.ar\/comenzo-el-debate-sobre-la-interrupcion-voluntaria-del-embarazo\/#primaryimage"},"thumbnailUrl":"https:\/\/informelitoral.com.ar\/%77%70%2d%63%6f%6e%74%65%6e%74\/uploads\/2020\/12\/5fd4e203e6990_1004x564.jpg","datePublished":"2020-12-14T20:44:00+00:00","breadcrumb":{"@id":"https:\/\/informelitoral.com.ar\/comenzo-el-debate-sobre-la-interrupcion-voluntaria-del-embarazo\/#breadcrumb"},"inLanguage":"es","potentialAction":[{"@type":"ReadAction","target":["https:\/\/informelitoral.com.ar\/comenzo-el-debate-sobre-la-interrupcion-voluntaria-del-embarazo\/"]}]},{"@type":"ImageObject","inLanguage":"es","@id":"https:\/\/informelitoral.com.ar\/comenzo-el-debate-sobre-la-interrupcion-voluntaria-del-embarazo\/#primaryimage","url":"https:\/\/informelitoral.com.ar\/%77%70%2d%63%6f%6e%74%65%6e%74\/uploads\/2020\/12\/5fd4e203e6990_1004x564.jpg","contentUrl":"https:\/\/informelitoral.com.ar\/%77%70%2d%63%6f%6e%74%65%6e%74\/uploads\/2020\/12\/5fd4e203e6990_1004x564.jpg","width":1004,"height":564},{"@type":"BreadcrumbList","@id":"https:\/\/informelitoral.com.ar\/comenzo-el-debate-sobre-la-interrupcion-voluntaria-del-embarazo\/#breadcrumb","itemListElement":[{"@type":"ListItem","position":1,"name":"Portada","item":"https:\/\/informelitoral.com.ar\/"},{"@type":"ListItem","position":2,"name":"Comenz\u00f3 el debate sobre la interrupci\u00f3n voluntaria del embarazo"}]},{"@type":"WebSite","@id":"https:\/\/informelitoral.com.ar\/#website","url":"https:\/\/informelitoral.com.ar\/","name":"Informe Litoral","description":"&quot;Nos informamos&quot; ","publisher":{"@id":"https:\/\/informelitoral.com.ar\/#organization"},"potentialAction":[{"@type":"SearchAction","target":{"@type":"EntryPoint","urlTemplate":"https:\/\/informelitoral.com.ar\/?s={search_term_string}"},"query-input":{"@type":"PropertyValueSpecification","valueRequired":true,"valueName":"search_term_string"}}],"inLanguage":"es"},{"@type":"Organization","@id":"https:\/\/informelitoral.com.ar\/#organization","name":"Informe Litoral","url":"https:\/\/informelitoral.com.ar\/","logo":{"@type":"ImageObject","inLanguage":"es","@id":"https:\/\/informelitoral.com.ar\/#\/schema\/logo\/image\/","url":"https:\/\/informelitoral.com.ar\/%77%70%2d%63%6f%6e%74%65%6e%74\/uploads\/2021\/01\/circulo.png","contentUrl":"https:\/\/informelitoral.com.ar\/%77%70%2d%63%6f%6e%74%65%6e%74\/uploads\/2021\/01\/circulo.png","width":723,"height":731,"caption":"Informe Litoral"},"image":{"@id":"https:\/\/informelitoral.com.ar\/#\/schema\/logo\/image\/"},"sameAs":["https:\/\/www.facebook.com\/informelitoral\/","https:\/\/x.com\/InformeLitoral","https:\/\/www.instagram.com\/informelitoral\/","https:\/\/www.youtube.com\/channel\/UCua4Qvz8Icb6MYqhoq9xLXw"]},{"@type":"Person","@id":"https:\/\/informelitoral.com.ar\/#\/schema\/person\/f05f9f461677119578717524b127d6d5","name":"Sebastian","image":{"@type":"ImageObject","inLanguage":"es","@id":"https:\/\/secure.gravatar.com\/avatar\/b71bf7481d447dfb9583c7f2798e7cc64de6efb9067b74633ed8c31059a3bd82?s=96&d=mm&r=g","url":"https:\/\/secure.gravatar.com\/avatar\/b71bf7481d447dfb9583c7f2798e7cc64de6efb9067b74633ed8c31059a3bd82?s=96&d=mm&r=g","contentUrl":"https:\/\/secure.gravatar.com\/avatar\/b71bf7481d447dfb9583c7f2798e7cc64de6efb9067b74633ed8c31059a3bd82?s=96&d=mm&r=g","caption":"Sebastian"},"url":"https:\/\/informelitoral.com.ar\/author\/sebastian\/"}]}},"_links":{"self":[{"href":"https:\/\/informelitoral.com.ar\/%77%70%2d%6a%73%6f%6e\/wp\/v2\/posts\/54517","targetHints":{"allow":["GET"]}}],"collection":[{"href":"https:\/\/informelitoral.com.ar\/%77%70%2d%6a%73%6f%6e\/wp\/v2\/posts"}],"about":[{"href":"https:\/\/informelitoral.com.ar\/%77%70%2d%6a%73%6f%6e\/wp\/v2\/types\/post"}],"author":[{"embeddable":true,"href":"https:\/\/informelitoral.com.ar\/%77%70%2d%6a%73%6f%6e\/wp\/v2\/users\/8"}],"replies":[{"embeddable":true,"href":"https:\/\/informelitoral.com.ar\/%77%70%2d%6a%73%6f%6e\/wp\/v2\/comments?post=54517"}],"version-history":[{"count":0,"href":"https:\/\/informelitoral.com.ar\/%77%70%2d%6a%73%6f%6e\/wp\/v2\/posts\/54517\/revisions"}],"wp:featuredmedia":[{"embeddable":true,"href":"https:\/\/informelitoral.com.ar\/%77%70%2d%6a%73%6f%6e\/wp\/v2\/media\/54518"}],"wp:attachment":[{"href":"https:\/\/informelitoral.com.ar\/%77%70%2d%6a%73%6f%6e\/wp\/v2\/media?parent=54517"}],"wp:term":[{"taxonomy":"category","embeddable":true,"href":"https:\/\/informelitoral.com.ar\/%77%70%2d%6a%73%6f%6e\/wp\/v2\/categories?post=54517"},{"taxonomy":"post_tag","embeddable":true,"href":"https:\/\/informelitoral.com.ar\/%77%70%2d%6a%73%6f%6e\/wp\/v2\/tags?post=54517"}],"curies":[{"name":"wp","href":"https:\/\/api.w.org\/{rel}","templated":true}]}}