{"id":5450,"date":"2014-02-05T13:31:30","date_gmt":"2014-02-05T16:31:30","guid":{"rendered":"http:\/\/www.isletasnoticias.com.ar\/?p=5450"},"modified":"2014-02-05T13:53:54","modified_gmt":"2014-02-05T16:53:54","slug":"tragico-incendio-en-barracas-hay-9-muertos-y-buscan-a-2-personas-que-estan-desaparecidas","status":"publish","type":"post","link":"https:\/\/informelitoral.com.ar\/tragico-incendio-en-barracas-hay-9-muertos-y-buscan-a-2-personas-que-estan-desaparecidas\/","title":{"rendered":"Tr\u00e1gico incendio en Barracas: hay nueve muertos y buscan a dos personas que est\u00e1n desaparecidas"},"content":{"rendered":"<p><strong>El secretario de Seguridad de la Naci\u00f3n, <em>Sergio Berni<\/em>, confirm\u00f3 que las v\u00edctimas quedaron atrapadas cuando se derrumb\u00f3 una pared. Adem\u00e1s hay otros siete integrantes de los equipos de rescate que pelean por su vida. Heroica tarea de bomberos. Desde el cuartel de Gral. Ram\u00edrez manifestaron sus condolencias.<\/strong><\/p>\n<p style=\"text-align: center;\"><a href=\"http:\/\/www.isletasnoticias.com.ar\/%77%70%2d%63%6f%6e%74%65%6e%74\/uploads\/2014\/02\/bom2.jpg\"><img loading=\"lazy\" decoding=\"async\" class=\"aligncenter  wp-image-5452\" alt=\"\" src=\"http:\/\/www.isletasnoticias.com.ar\/%77%70%2d%63%6f%6e%74%65%6e%74\/uploads\/2014\/02\/bom2-300x168.jpg\" width=\"300\" height=\"168\" srcset=\"https:\/\/informelitoral.com.ar\/%77%70%2d%63%6f%6e%74%65%6e%74\/uploads\/2014\/02\/bom2-300x168.jpg 300w, https:\/\/informelitoral.com.ar\/%77%70%2d%63%6f%6e%74%65%6e%74\/uploads\/2014\/02\/bom2.jpg 770w\" sizes=\"auto, (max-width: 300px) 100vw, 300px\" \/><\/a><\/p>\n<div>Nueve personas murieron esta ma\u00f1ana cuando trabajaban para apagar un incendio en el barrio de Barracas. Seg\u00fan confirm\u00f3 el secretario de Seguridad de la Naci\u00f3n,\u00a0<b>Sergio Berni<\/b>, los fallecidos son\u00a0seis bomberos de la Polic\u00eda Federal, un voluntario del cuartel de La Boca y dos miembros de Defensa Civil.<\/div>\n<p><img loading=\"lazy\" decoding=\"async\" class=\" wp-image-5453 alignright\" alt=\"\" src=\"http:\/\/www.isletasnoticias.com.ar\/%77%70%2d%63%6f%6e%74%65%6e%74\/uploads\/2014\/02\/bomm-300x168.jpg\" width=\"300\" height=\"168\" srcset=\"https:\/\/informelitoral.com.ar\/%77%70%2d%63%6f%6e%74%65%6e%74\/uploads\/2014\/02\/bomm-300x168.jpg 300w, https:\/\/informelitoral.com.ar\/%77%70%2d%63%6f%6e%74%65%6e%74\/uploads\/2014\/02\/bomm.jpg 770w\" sizes=\"auto, (max-width: 300px) 100vw, 300px\" \/><\/p>\n<div><\/div>\n<div>Adem\u00e1s la Polic\u00eda intenta localizar a dos empleados de una brigada anti-incendios que hab\u00eda contratado la empresa en donde se desat\u00f3 el fuego.<\/div>\n<div><\/div>\n<div>\u00abLa empresa no sabe si en el momento del derrumbe hab\u00eda alg\u00fan empleado. Ellos ten\u00edan una brigada y estamos buscando a dos personas\u00bb, indic\u00f3 el funcionario.<\/div>\n<div><\/div>\n<div><b><\/b>El titular del SAME,\u00a0<b>Alberto Crescenti<\/b>, inform\u00f3 que siete integrantes de los equipos de emergencia fueron trasladados a los hospitales Argerich, Penna, Churruca y Ramos Mej\u00eda.<\/div>\n<div><\/div>\n<div>\u00abLa mayor\u00eda de los vecinos est\u00e1bamos descansando cuando empezamos a escuchar pedidos de auxilio. Los bomberos estaban intentando abrir una puerta con una amoladora cuando se les vino la pared encima\u00bb, relat\u00f3 un testigo.<\/div>\n<div><\/div>\n<div>Minutos despu\u00e9s del primer derrumbe, otra pared cay\u00f3 y provoc\u00f3 zozobra entre los equipos de emergencia.\u00a0Entre l\u00e1grimas, bomberos y personal de la Ciudad de Buenos Aires trabaja para terminar de sofocar las llamas.<\/div>\n<div>\n<p><a href=\"http:\/\/www.isletasnoticias.com.ar\/%77%70%2d%63%6f%6e%74%65%6e%74\/uploads\/2014\/02\/bomberos.jpg\"><img loading=\"lazy\" decoding=\"async\" class=\" wp-image-5451 alignright\" alt=\"\" src=\"http:\/\/www.isletasnoticias.com.ar\/%77%70%2d%63%6f%6e%74%65%6e%74\/uploads\/2014\/02\/bomberos-300x168.jpg\" width=\"300\" height=\"168\" srcset=\"https:\/\/informelitoral.com.ar\/%77%70%2d%63%6f%6e%74%65%6e%74\/uploads\/2014\/02\/bomberos-300x168.jpg 300w, https:\/\/informelitoral.com.ar\/%77%70%2d%63%6f%6e%74%65%6e%74\/uploads\/2014\/02\/bomberos.jpg 770w\" sizes=\"auto, (max-width: 300px) 100vw, 300px\" \/><\/a><\/p>\n<p>El ministro de seguridad de la Ciudad de Buenos Aires,\u00a0<strong>Guillermo Montenegro<\/strong>, tambi\u00e9n participa de las tareas\u00a0en el predio ubicado en la calle Azara 1245.\u00a0\u00a0El dep\u00f3sito del siniestro pertenece a la empresa\u00a0Iron Mountain.\u00a0En su p\u00e1gina web\u00a0se presenta como una compa\u00f1\u00eda de gesti\u00f3n y custodia de archivos, escaneo y digitalizaci\u00f3n, y recuperaci\u00f3n de datos, entre otras tareas.<\/p>\n<\/div>\n<div>Iron Mountain es una empresa de origen norteamericano, cotiza en Wall Street, y tiene presencia en 35 pa\u00edses. Tal es grado de relevancia de la compa\u00f1\u00eda, que varios bancos conf\u00edan sus datos para que all\u00ed se realicen copias de seguridad.\u00a0La gigante IBM es uno de sus clientes, indic\u00f3<em> Infobae.<\/em><\/div>\n<div><\/div>\n<div><\/div>\n<div><\/div>\n<div><strong>Bomberos de Ram\u00edrez manifestaron sus condolencias<\/strong><\/div>\n<div>\u00abDesde nuestro Cuartel, queremos expresar nuestras profundas condolencias a las familias, amigos y compa\u00f1eros de los Bomberos ca\u00eddos durante el tr\u00e1gico hecho ocurrido hoy por la ma\u00f1ana en Barracas, Buenos Aires\u00bb; postearon los Bomberos Voluntarios de General Ram\u00edrez en su P\u00e1gina de Facebook.<\/div>\n","protected":false},"excerpt":{"rendered":"<p>El secretario de Seguridad de la Naci&oacute;n, Sergio Berni, confirm&oacute; que las v&iacute;ctimas quedaron atrapadas cuando se derrumb&oacute; una pared. Adem&aacute;s hay otros siete integrantes de los equipos de rescate que pelean por su vida. Heroica tarea de bomberos. Desde el cuartel de Gral. Ram&iacute;rez manifestaron sus condolencias. Nueve personas murieron esta ma&ntilde;ana cuando trabajaban [&hellip;]<\/p>\n","protected":false},"author":2,"featured_media":0,"comment_status":"open","ping_status":"open","sticky":false,"template":"","format":"standard","meta":{"fifu_image_url":"","fifu_image_alt":"","footnotes":""},"categories":[7],"tags":[],"class_list":{"0":"post-5450","1":"post","2":"type-post","3":"status-publish","4":"format-standard","6":"category-nacionales"},"yoast_head":"<title>Tr\u00e1gico incendio en Barracas: hay nueve muertos y buscan a dos personas que est\u00e1n desaparecidas - Informe Litoral<\/title>\n<meta name=\"robots\" content=\"index, follow, max-snippet:-1, max-image-preview:large, max-video-preview:-1\" \/>\n<link rel=\"canonical\" href=\"https:\/\/informelitoral.com.ar\/tragico-incendio-en-barracas-hay-9-muertos-y-buscan-a-2-personas-que-estan-desaparecidas\/\" \/>\n<meta property=\"og:locale\" content=\"es_ES\" \/>\n<meta property=\"og:type\" content=\"article\" \/>\n<meta property=\"og:title\" content=\"Tr\u00e1gico incendio en Barracas: hay nueve muertos y buscan a dos personas que est\u00e1n desaparecidas - Informe Litoral\" \/>\n<meta property=\"og:description\" content=\"El secretario de Seguridad de la Naci&oacute;n, Sergio Berni, confirm&oacute; que las v&iacute;ctimas quedaron atrapadas cuando se derrumb&oacute; una pared. Adem&aacute;s hay otros siete integrantes de los equipos de rescate que pelean por su vida. Heroica tarea de bomberos. Desde el cuartel de Gral. Ram&iacute;rez manifestaron sus condolencias. Nueve personas murieron esta ma&ntilde;ana cuando trabajaban [&hellip;]\" \/>\n<meta property=\"og:url\" content=\"https:\/\/informelitoral.com.ar\/tragico-incendio-en-barracas-hay-9-muertos-y-buscan-a-2-personas-que-estan-desaparecidas\/\" \/>\n<meta property=\"og:site_name\" content=\"Informe Litoral\" \/>\n<meta property=\"article:publisher\" content=\"https:\/\/www.facebook.com\/informelitoral\/\" \/>\n<meta property=\"article:published_time\" content=\"2014-02-05T16:31:30+00:00\" \/>\n<meta property=\"article:modified_time\" content=\"2014-02-05T16:53:54+00:00\" \/>\n<meta property=\"og:image\" content=\"https:\/\/informelitoral.com.ar\/%77%70%2d%63%6f%6e%74%65%6e%74\/uploads\/2014\/02\/bom2.jpg\" \/>\n\t<meta property=\"og:image:width\" content=\"770\" \/>\n\t<meta property=\"og:image:height\" content=\"433\" \/>\n\t<meta property=\"og:image:type\" content=\"image\/jpeg\" \/>\n<meta name=\"author\" content=\"Gonzalo Schmidt\" \/>\n<meta name=\"twitter:card\" content=\"summary_large_image\" \/>\n<meta name=\"twitter:creator\" content=\"@InformeLitoral\" \/>\n<meta name=\"twitter:site\" content=\"@InformeLitoral\" \/>\n<meta name=\"twitter:label1\" content=\"Escrito por\" \/>\n\t<meta name=\"twitter:data1\" content=\"Gonzalo Schmidt\" \/>\n\t<meta name=\"twitter:label2\" content=\"Tiempo de lectura\" \/>\n\t<meta name=\"twitter:data2\" content=\"2 minutos\" \/>\n<script type=\"application\/ld+json\" class=\"yoast-schema-graph\">{\"@context\":\"https:\\\/\\\/schema.org\",\"@graph\":[{\"@type\":\"Article\",\"@id\":\"https:\\\/\\\/informelitoral.com.ar\\\/tragico-incendio-en-barracas-hay-9-muertos-y-buscan-a-2-personas-que-estan-desaparecidas\\\/#article\",\"isPartOf\":{\"@id\":\"https:\\\/\\\/informelitoral.com.ar\\\/tragico-incendio-en-barracas-hay-9-muertos-y-buscan-a-2-personas-que-estan-desaparecidas\\\/\"},\"author\":{\"name\":\"Gonzalo Schmidt\",\"@id\":\"https:\\\/\\\/informelitoral.com.ar\\\/#\\\/schema\\\/person\\\/b9d00407c836482871ef1d57bf8e3180\"},\"headline\":\"Tr\u00e1gico incendio en Barracas: hay nueve muertos y buscan a dos personas que est\u00e1n desaparecidas\",\"datePublished\":\"2014-02-05T16:31:30+00:00\",\"dateModified\":\"2014-02-05T16:53:54+00:00\",\"mainEntityOfPage\":{\"@id\":\"https:\\\/\\\/informelitoral.com.ar\\\/tragico-incendio-en-barracas-hay-9-muertos-y-buscan-a-2-personas-que-estan-desaparecidas\\\/\"},\"wordCount\":451,\"commentCount\":0,\"publisher\":{\"@id\":\"https:\\\/\\\/informelitoral.com.ar\\\/#organization\"},\"image\":{\"@id\":\"https:\\\/\\\/informelitoral.com.ar\\\/tragico-incendio-en-barracas-hay-9-muertos-y-buscan-a-2-personas-que-estan-desaparecidas\\\/#primaryimage\"},\"thumbnailUrl\":\"http:\\\/\\\/www.isletasnoticias.com.ar\\\/%77%70%2d%63%6f%6e%74%65%6e%74\\\/uploads\\\/2014\\\/02\\\/bom2-300x168.jpg\",\"articleSection\":[\"Nacionales\"],\"inLanguage\":\"es\",\"potentialAction\":[{\"@type\":\"CommentAction\",\"name\":\"Comment\",\"target\":[\"https:\\\/\\\/informelitoral.com.ar\\\/tragico-incendio-en-barracas-hay-9-muertos-y-buscan-a-2-personas-que-estan-desaparecidas\\\/#respond\"]}]},{\"@type\":\"WebPage\",\"@id\":\"https:\\\/\\\/informelitoral.com.ar\\\/tragico-incendio-en-barracas-hay-9-muertos-y-buscan-a-2-personas-que-estan-desaparecidas\\\/\",\"url\":\"https:\\\/\\\/informelitoral.com.ar\\\/tragico-incendio-en-barracas-hay-9-muertos-y-buscan-a-2-personas-que-estan-desaparecidas\\\/\",\"name\":\"Tr\u00e1gico incendio en Barracas: hay nueve muertos y buscan a dos personas que est\u00e1n desaparecidas - Informe Litoral\",\"isPartOf\":{\"@id\":\"https:\\\/\\\/informelitoral.com.ar\\\/#website\"},\"primaryImageOfPage\":{\"@id\":\"https:\\\/\\\/informelitoral.com.ar\\\/tragico-incendio-en-barracas-hay-9-muertos-y-buscan-a-2-personas-que-estan-desaparecidas\\\/#primaryimage\"},\"image\":{\"@id\":\"https:\\\/\\\/informelitoral.com.ar\\\/tragico-incendio-en-barracas-hay-9-muertos-y-buscan-a-2-personas-que-estan-desaparecidas\\\/#primaryimage\"},\"thumbnailUrl\":\"http:\\\/\\\/www.isletasnoticias.com.ar\\\/%77%70%2d%63%6f%6e%74%65%6e%74\\\/uploads\\\/2014\\\/02\\\/bom2-300x168.jpg\",\"datePublished\":\"2014-02-05T16:31:30+00:00\",\"dateModified\":\"2014-02-05T16:53:54+00:00\",\"breadcrumb\":{\"@id\":\"https:\\\/\\\/informelitoral.com.ar\\\/tragico-incendio-en-barracas-hay-9-muertos-y-buscan-a-2-personas-que-estan-desaparecidas\\\/#breadcrumb\"},\"inLanguage\":\"es\",\"potentialAction\":[{\"@type\":\"ReadAction\",\"target\":[\"https:\\\/\\\/informelitoral.com.ar\\\/tragico-incendio-en-barracas-hay-9-muertos-y-buscan-a-2-personas-que-estan-desaparecidas\\\/\"]}]},{\"@type\":\"ImageObject\",\"inLanguage\":\"es\",\"@id\":\"https:\\\/\\\/informelitoral.com.ar\\\/tragico-incendio-en-barracas-hay-9-muertos-y-buscan-a-2-personas-que-estan-desaparecidas\\\/#primaryimage\",\"url\":\"http:\\\/\\\/www.isletasnoticias.com.ar\\\/%77%70%2d%63%6f%6e%74%65%6e%74\\\/uploads\\\/2014\\\/02\\\/bom2-300x168.jpg\",\"contentUrl\":\"http:\\\/\\\/www.isletasnoticias.com.ar\\\/%77%70%2d%63%6f%6e%74%65%6e%74\\\/uploads\\\/2014\\\/02\\\/bom2-300x168.jpg\"},{\"@type\":\"BreadcrumbList\",\"@id\":\"https:\\\/\\\/informelitoral.com.ar\\\/tragico-incendio-en-barracas-hay-9-muertos-y-buscan-a-2-personas-que-estan-desaparecidas\\\/#breadcrumb\",\"itemListElement\":[{\"@type\":\"ListItem\",\"position\":1,\"name\":\"Portada\",\"item\":\"https:\\\/\\\/informelitoral.com.ar\\\/\"},{\"@type\":\"ListItem\",\"position\":2,\"name\":\"Tr\u00e1gico incendio en Barracas: hay nueve muertos y buscan a dos personas que est\u00e1n desaparecidas\"}]},{\"@type\":\"WebSite\",\"@id\":\"https:\\\/\\\/informelitoral.com.ar\\\/#website\",\"url\":\"https:\\\/\\\/informelitoral.com.ar\\\/\",\"name\":\"Informe Litoral\",\"description\":\"&quot;Nos informamos&quot; \",\"publisher\":{\"@id\":\"https:\\\/\\\/informelitoral.com.ar\\\/#organization\"},\"potentialAction\":[{\"@type\":\"SearchAction\",\"target\":{\"@type\":\"EntryPoint\",\"urlTemplate\":\"https:\\\/\\\/informelitoral.com.ar\\\/?s={search_term_string}\"},\"query-input\":{\"@type\":\"PropertyValueSpecification\",\"valueRequired\":true,\"valueName\":\"search_term_string\"}}],\"inLanguage\":\"es\"},{\"@type\":\"Organization\",\"@id\":\"https:\\\/\\\/informelitoral.com.ar\\\/#organization\",\"name\":\"Informe Litoral\",\"url\":\"https:\\\/\\\/informelitoral.com.ar\\\/\",\"logo\":{\"@type\":\"ImageObject\",\"inLanguage\":\"es\",\"@id\":\"https:\\\/\\\/informelitoral.com.ar\\\/#\\\/schema\\\/logo\\\/image\\\/\",\"url\":\"https:\\\/\\\/informelitoral.com.ar\\\/%77%70%2d%63%6f%6e%74%65%6e%74\\\/uploads\\\/2021\\\/01\\\/circulo.png\",\"contentUrl\":\"https:\\\/\\\/informelitoral.com.ar\\\/%77%70%2d%63%6f%6e%74%65%6e%74\\\/uploads\\\/2021\\\/01\\\/circulo.png\",\"width\":723,\"height\":731,\"caption\":\"Informe Litoral\"},\"image\":{\"@id\":\"https:\\\/\\\/informelitoral.com.ar\\\/#\\\/schema\\\/logo\\\/image\\\/\"},\"sameAs\":[\"https:\\\/\\\/www.facebook.com\\\/informelitoral\\\/\",\"https:\\\/\\\/x.com\\\/InformeLitoral\",\"https:\\\/\\\/www.instagram.com\\\/informelitoral\\\/\",\"https:\\\/\\\/www.youtube.com\\\/channel\\\/UCua4Qvz8Icb6MYqhoq9xLXw\"]},{\"@type\":\"Person\",\"@id\":\"https:\\\/\\\/informelitoral.com.ar\\\/#\\\/schema\\\/person\\\/b9d00407c836482871ef1d57bf8e3180\",\"name\":\"Gonzalo Schmidt\",\"image\":{\"@type\":\"ImageObject\",\"inLanguage\":\"es\",\"@id\":\"https:\\\/\\\/secure.gravatar.com\\\/avatar\\\/31a1a7b66ff2de83bd0e9fd79d026630d2d99e55e8bfe501287647b4fd9743de?s=96&d=mm&r=g\",\"url\":\"https:\\\/\\\/secure.gravatar.com\\\/avatar\\\/31a1a7b66ff2de83bd0e9fd79d026630d2d99e55e8bfe501287647b4fd9743de?s=96&d=mm&r=g\",\"contentUrl\":\"https:\\\/\\\/secure.gravatar.com\\\/avatar\\\/31a1a7b66ff2de83bd0e9fd79d026630d2d99e55e8bfe501287647b4fd9743de?s=96&d=mm&r=g\",\"caption\":\"Gonzalo Schmidt\"},\"description\":\"Sitio web de noticias de la provincia de Entre R\u00edos, Argentina. Informaci\u00f3n y entretenimiento. Informe Litoral, nos informamos.\",\"sameAs\":[\"http:\\\/\\\/www.isletasnoticias.com.ar\"],\"url\":\"https:\\\/\\\/informelitoral.com.ar\\\/author\\\/gonzalo\\\/\"}]}<\/script>","yoast_head_json":{"title":"Tr\u00e1gico incendio en Barracas: hay nueve muertos y buscan a dos personas que est\u00e1n desaparecidas - Informe Litoral","robots":{"index":"index","follow":"follow","max-snippet":"max-snippet:-1","max-image-preview":"max-image-preview:large","max-video-preview":"max-video-preview:-1"},"canonical":"https:\/\/informelitoral.com.ar\/tragico-incendio-en-barracas-hay-9-muertos-y-buscan-a-2-personas-que-estan-desaparecidas\/","og_locale":"es_ES","og_type":"article","og_title":"Tr\u00e1gico incendio en Barracas: hay nueve muertos y buscan a dos personas que est\u00e1n desaparecidas - Informe Litoral","og_description":"El secretario de Seguridad de la Naci&oacute;n, Sergio Berni, confirm&oacute; que las v&iacute;ctimas quedaron atrapadas cuando se derrumb&oacute; una pared. Adem&aacute;s hay otros siete integrantes de los equipos de rescate que pelean por su vida. Heroica tarea de bomberos. Desde el cuartel de Gral. Ram&iacute;rez manifestaron sus condolencias. Nueve personas murieron esta ma&ntilde;ana cuando trabajaban [&hellip;]","og_url":"https:\/\/informelitoral.com.ar\/tragico-incendio-en-barracas-hay-9-muertos-y-buscan-a-2-personas-que-estan-desaparecidas\/","og_site_name":"Informe Litoral","article_publisher":"https:\/\/www.facebook.com\/informelitoral\/","article_published_time":"2014-02-05T16:31:30+00:00","article_modified_time":"2014-02-05T16:53:54+00:00","og_image":[{"width":770,"height":433,"url":"https:\/\/informelitoral.com.ar\/%77%70%2d%63%6f%6e%74%65%6e%74\/uploads\/2014\/02\/bom2.jpg","type":"image\/jpeg"}],"author":"Gonzalo Schmidt","twitter_card":"summary_large_image","twitter_creator":"@InformeLitoral","twitter_site":"@InformeLitoral","twitter_misc":{"Escrito por":"Gonzalo Schmidt","Tiempo de lectura":"2 minutos"},"schema":{"@context":"https:\/\/schema.org","@graph":[{"@type":"Article","@id":"https:\/\/informelitoral.com.ar\/tragico-incendio-en-barracas-hay-9-muertos-y-buscan-a-2-personas-que-estan-desaparecidas\/#article","isPartOf":{"@id":"https:\/\/informelitoral.com.ar\/tragico-incendio-en-barracas-hay-9-muertos-y-buscan-a-2-personas-que-estan-desaparecidas\/"},"author":{"name":"Gonzalo Schmidt","@id":"https:\/\/informelitoral.com.ar\/#\/schema\/person\/b9d00407c836482871ef1d57bf8e3180"},"headline":"Tr\u00e1gico incendio en Barracas: hay nueve muertos y buscan a dos personas que est\u00e1n desaparecidas","datePublished":"2014-02-05T16:31:30+00:00","dateModified":"2014-02-05T16:53:54+00:00","mainEntityOfPage":{"@id":"https:\/\/informelitoral.com.ar\/tragico-incendio-en-barracas-hay-9-muertos-y-buscan-a-2-personas-que-estan-desaparecidas\/"},"wordCount":451,"commentCount":0,"publisher":{"@id":"https:\/\/informelitoral.com.ar\/#organization"},"image":{"@id":"https:\/\/informelitoral.com.ar\/tragico-incendio-en-barracas-hay-9-muertos-y-buscan-a-2-personas-que-estan-desaparecidas\/#primaryimage"},"thumbnailUrl":"http:\/\/www.isletasnoticias.com.ar\/%77%70%2d%63%6f%6e%74%65%6e%74\/uploads\/2014\/02\/bom2-300x168.jpg","articleSection":["Nacionales"],"inLanguage":"es","potentialAction":[{"@type":"CommentAction","name":"Comment","target":["https:\/\/informelitoral.com.ar\/tragico-incendio-en-barracas-hay-9-muertos-y-buscan-a-2-personas-que-estan-desaparecidas\/#respond"]}]},{"@type":"WebPage","@id":"https:\/\/informelitoral.com.ar\/tragico-incendio-en-barracas-hay-9-muertos-y-buscan-a-2-personas-que-estan-desaparecidas\/","url":"https:\/\/informelitoral.com.ar\/tragico-incendio-en-barracas-hay-9-muertos-y-buscan-a-2-personas-que-estan-desaparecidas\/","name":"Tr\u00e1gico incendio en Barracas: hay nueve muertos y buscan a dos personas que est\u00e1n desaparecidas - Informe Litoral","isPartOf":{"@id":"https:\/\/informelitoral.com.ar\/#website"},"primaryImageOfPage":{"@id":"https:\/\/informelitoral.com.ar\/tragico-incendio-en-barracas-hay-9-muertos-y-buscan-a-2-personas-que-estan-desaparecidas\/#primaryimage"},"image":{"@id":"https:\/\/informelitoral.com.ar\/tragico-incendio-en-barracas-hay-9-muertos-y-buscan-a-2-personas-que-estan-desaparecidas\/#primaryimage"},"thumbnailUrl":"http:\/\/www.isletasnoticias.com.ar\/%77%70%2d%63%6f%6e%74%65%6e%74\/uploads\/2014\/02\/bom2-300x168.jpg","datePublished":"2014-02-05T16:31:30+00:00","dateModified":"2014-02-05T16:53:54+00:00","breadcrumb":{"@id":"https:\/\/informelitoral.com.ar\/tragico-incendio-en-barracas-hay-9-muertos-y-buscan-a-2-personas-que-estan-desaparecidas\/#breadcrumb"},"inLanguage":"es","potentialAction":[{"@type":"ReadAction","target":["https:\/\/informelitoral.com.ar\/tragico-incendio-en-barracas-hay-9-muertos-y-buscan-a-2-personas-que-estan-desaparecidas\/"]}]},{"@type":"ImageObject","inLanguage":"es","@id":"https:\/\/informelitoral.com.ar\/tragico-incendio-en-barracas-hay-9-muertos-y-buscan-a-2-personas-que-estan-desaparecidas\/#primaryimage","url":"http:\/\/www.isletasnoticias.com.ar\/%77%70%2d%63%6f%6e%74%65%6e%74\/uploads\/2014\/02\/bom2-300x168.jpg","contentUrl":"http:\/\/www.isletasnoticias.com.ar\/%77%70%2d%63%6f%6e%74%65%6e%74\/uploads\/2014\/02\/bom2-300x168.jpg"},{"@type":"BreadcrumbList","@id":"https:\/\/informelitoral.com.ar\/tragico-incendio-en-barracas-hay-9-muertos-y-buscan-a-2-personas-que-estan-desaparecidas\/#breadcrumb","itemListElement":[{"@type":"ListItem","position":1,"name":"Portada","item":"https:\/\/informelitoral.com.ar\/"},{"@type":"ListItem","position":2,"name":"Tr\u00e1gico incendio en Barracas: hay nueve muertos y buscan a dos personas que est\u00e1n desaparecidas"}]},{"@type":"WebSite","@id":"https:\/\/informelitoral.com.ar\/#website","url":"https:\/\/informelitoral.com.ar\/","name":"Informe Litoral","description":"&quot;Nos informamos&quot; ","publisher":{"@id":"https:\/\/informelitoral.com.ar\/#organization"},"potentialAction":[{"@type":"SearchAction","target":{"@type":"EntryPoint","urlTemplate":"https:\/\/informelitoral.com.ar\/?s={search_term_string}"},"query-input":{"@type":"PropertyValueSpecification","valueRequired":true,"valueName":"search_term_string"}}],"inLanguage":"es"},{"@type":"Organization","@id":"https:\/\/informelitoral.com.ar\/#organization","name":"Informe Litoral","url":"https:\/\/informelitoral.com.ar\/","logo":{"@type":"ImageObject","inLanguage":"es","@id":"https:\/\/informelitoral.com.ar\/#\/schema\/logo\/image\/","url":"https:\/\/informelitoral.com.ar\/%77%70%2d%63%6f%6e%74%65%6e%74\/uploads\/2021\/01\/circulo.png","contentUrl":"https:\/\/informelitoral.com.ar\/%77%70%2d%63%6f%6e%74%65%6e%74\/uploads\/2021\/01\/circulo.png","width":723,"height":731,"caption":"Informe Litoral"},"image":{"@id":"https:\/\/informelitoral.com.ar\/#\/schema\/logo\/image\/"},"sameAs":["https:\/\/www.facebook.com\/informelitoral\/","https:\/\/x.com\/InformeLitoral","https:\/\/www.instagram.com\/informelitoral\/","https:\/\/www.youtube.com\/channel\/UCua4Qvz8Icb6MYqhoq9xLXw"]},{"@type":"Person","@id":"https:\/\/informelitoral.com.ar\/#\/schema\/person\/b9d00407c836482871ef1d57bf8e3180","name":"Gonzalo Schmidt","image":{"@type":"ImageObject","inLanguage":"es","@id":"https:\/\/secure.gravatar.com\/avatar\/31a1a7b66ff2de83bd0e9fd79d026630d2d99e55e8bfe501287647b4fd9743de?s=96&d=mm&r=g","url":"https:\/\/secure.gravatar.com\/avatar\/31a1a7b66ff2de83bd0e9fd79d026630d2d99e55e8bfe501287647b4fd9743de?s=96&d=mm&r=g","contentUrl":"https:\/\/secure.gravatar.com\/avatar\/31a1a7b66ff2de83bd0e9fd79d026630d2d99e55e8bfe501287647b4fd9743de?s=96&d=mm&r=g","caption":"Gonzalo Schmidt"},"description":"Sitio web de noticias de la provincia de Entre R\u00edos, Argentina. Informaci\u00f3n y entretenimiento. Informe Litoral, nos informamos.","sameAs":["http:\/\/www.isletasnoticias.com.ar"],"url":"https:\/\/informelitoral.com.ar\/author\/gonzalo\/"}]}},"_links":{"self":[{"href":"https:\/\/informelitoral.com.ar\/%77%70%2d%6a%73%6f%6e\/wp\/v2\/posts\/5450","targetHints":{"allow":["GET"]}}],"collection":[{"href":"https:\/\/informelitoral.com.ar\/%77%70%2d%6a%73%6f%6e\/wp\/v2\/posts"}],"about":[{"href":"https:\/\/informelitoral.com.ar\/%77%70%2d%6a%73%6f%6e\/wp\/v2\/types\/post"}],"author":[{"embeddable":true,"href":"https:\/\/informelitoral.com.ar\/%77%70%2d%6a%73%6f%6e\/wp\/v2\/users\/2"}],"replies":[{"embeddable":true,"href":"https:\/\/informelitoral.com.ar\/%77%70%2d%6a%73%6f%6e\/wp\/v2\/comments?post=5450"}],"version-history":[{"count":0,"href":"https:\/\/informelitoral.com.ar\/%77%70%2d%6a%73%6f%6e\/wp\/v2\/posts\/5450\/revisions"}],"wp:attachment":[{"href":"https:\/\/informelitoral.com.ar\/%77%70%2d%6a%73%6f%6e\/wp\/v2\/media?parent=5450"}],"wp:term":[{"taxonomy":"category","embeddable":true,"href":"https:\/\/informelitoral.com.ar\/%77%70%2d%6a%73%6f%6e\/wp\/v2\/categories?post=5450"},{"taxonomy":"post_tag","embeddable":true,"href":"https:\/\/informelitoral.com.ar\/%77%70%2d%6a%73%6f%6e\/wp\/v2\/tags?post=5450"}],"curies":[{"name":"wp","href":"https:\/\/api.w.org\/{rel}","templated":true}]}}