{"id":54463,"date":"2020-12-14T07:55:53","date_gmt":"2020-12-14T10:55:53","guid":{"rendered":"https:\/\/www.isletasnoticias.com.ar\/?p=54463"},"modified":"2020-12-14T07:55:53","modified_gmt":"2020-12-14T10:55:53","slug":"esta-semana-habra-reuniones-de-comision-del-senado","status":"publish","type":"post","link":"https:\/\/informelitoral.com.ar\/esta-semana-habra-reuniones-de-comision-del-senado\/","title":{"rendered":"Esta semana habr\u00e1 reuniones de Comisi\u00f3n del Senado"},"content":{"rendered":"<p>Lunes 14<br \/>\nLa Comisi\u00f3n de Presupuesto y Hacienda, presidida por el senador Amilcar Genre Berth (La Paz- Frente Justicialista), se reunir\u00e1 a las 11.30. En la oportunidad, tratar\u00e1n el expediente N\u00ba 13.877 por el que se aprueba el Consenso Fiscal suscripto el 4 de diciembre de 2020 por el gobernador Gustavo Bordet junto a otros gobernadores y gobernadoras con el Presidente de la Naci\u00f3n Alberto Fern\u00e1ndez, que introduce modificaciones a los compromisos asumidos por el Estado Nacional, la provincias y la CABA en los consensos fiscales celebrados en 2017, 2018 y 2019.<\/p>\n<p>Mi\u00e9rcoles 16<br \/>\nEn tanto, el mi\u00e9rcoles a las 11 est\u00e1 prevista la reuni\u00f3n de la Comisi\u00f3n de Seguridad, encabezada por el senador Jorge Maradey (Gualeguaych\u00fa- Frente Justicialista). Las y los legisladores analizar\u00e1n el expediente N\u00ba 24622. \u201cProyecto Ley de Ejecuci\u00f3n de Penas y Medidas de Seguridad en la provincia de Entre R\u00edos\u201d.<\/p>\n<p>Jueves 17<br \/>\nA las 9.30 mantendr\u00e1 un encuentro la Comisi\u00f3n de Legislaci\u00f3n General, presidida por la senadora Claudia Gieco (Diamante- Frente Justicialista). En la reuni\u00f3n, tratar\u00e1n el siguiente temario: en primer lugar, el expediente N\u00b013.866 por el que se faculta al IAPS, a la constituci\u00f3n de una fundaci\u00f3n con el fin de brindar un marco legal adecuado a las actividades altruistas que ejecuta el IAPS, conforme en los t\u00e9rminos del art\u00edculo 193\u00b0 y concordantes del CCYC. Luego, el expediente N\u00b013.864 por el que se declara Patrimonio Hist\u00f3rico-Cultural de la Provincia, el inmueble que fuera casa Parroquial y conjuntamente escuela Alemana de los inmigrantes del Volga. Continuar\u00e1n su labor con el expediente N\u00b013.871 por el que se establece la capacitaci\u00f3n obligatoria en la tem\u00e1tica de g\u00e9nero y violencia contra las mujeres, conforme las disposiciones de la Ley Nacional N\u00b027.499 (Ley Micaela) y la Ley Provincial N\u00b010.768 (Adhesi\u00f3n a la Ley Micaela), para la totalidad de las autoridades y de los afiliados de los partidos pol\u00edticos en la provincia. Adem\u00e1s, estudiar\u00e1n el expediente N\u00b013.874 por el que se autoriza al Gobierno de la Provincia a transferir al IAPV, un inmueble del Departamento Victoria, Distrito Corrales, Comuna de Estaci\u00f3n Antelo, con destino a la construcci\u00f3n de viviendas. Y, por \u00faltimo, abordar\u00e1n el expediente N\u00b024.191 por el cual se establece el uso medido y solidario de la Pirotecnia de Entre R\u00edos.<\/p>\n<p>Posteriormente, a las 11.30, est\u00e1 prevista una reuni\u00f3n conjunta de la Comisi\u00f3n de Presupuesto y Hacienda y de la Comisi\u00f3n de Legislaci\u00f3n General. Las y los senadores estudiar\u00e1n el expediente N\u00ba 24554, por el que se trata una amplia cantidad de modificaciones a las disposiciones legales contenidas en el C\u00f3digo Fiscal t.o. 2018 dentro del marco constitucional vigente en la provincia como as\u00ed tambi\u00e9n a la ley impositiva N\u00ba9.622.<\/p>\n","protected":false},"excerpt":{"rendered":"<p>Distintas comisiones del Senado entrerriano retomar\u00e1n el trabajo legislativo esta semana. Lo har\u00e1n los d\u00edas lunes, mi\u00e9rcoles y jueves, de manera no presencial.<\/p>\n","protected":false},"author":2,"featured_media":54464,"comment_status":"open","ping_status":"open","sticky":false,"template":"","format":"standard","meta":{"fifu_image_url":"","fifu_image_alt":"","footnotes":""},"categories":[16],"tags":[287,398,464],"class_list":{"0":"post-54463","1":"post","2":"type-post","3":"status-publish","4":"format-standard","5":"has-post-thumbnail","7":"category-politi","8":"tag-legislativas","9":"tag-legislatura","10":"tag-senado"},"yoast_head":"<title>Esta semana habr\u00e1 reuniones de Comisi\u00f3n del Senado - Informe Litoral<\/title>\n<meta name=\"robots\" content=\"index, follow, max-snippet:-1, max-image-preview:large, max-video-preview:-1\" \/>\n<link rel=\"canonical\" href=\"https:\/\/informelitoral.com.ar\/esta-semana-habra-reuniones-de-comision-del-senado\/\" \/>\n<meta property=\"og:locale\" content=\"es_ES\" \/>\n<meta property=\"og:type\" content=\"article\" \/>\n<meta property=\"og:title\" content=\"Esta semana habr\u00e1 reuniones de Comisi\u00f3n del Senado - Informe Litoral\" \/>\n<meta property=\"og:description\" content=\"Distintas comisiones del Senado entrerriano retomar\u00e1n el trabajo legislativo esta semana. Lo har\u00e1n los d\u00edas lunes, mi\u00e9rcoles y jueves, de manera no presencial.\" \/>\n<meta property=\"og:url\" content=\"https:\/\/informelitoral.com.ar\/esta-semana-habra-reuniones-de-comision-del-senado\/\" \/>\n<meta property=\"og:site_name\" content=\"Informe Litoral\" \/>\n<meta property=\"article:publisher\" content=\"https:\/\/www.facebook.com\/informelitoral\/\" \/>\n<meta property=\"article:published_time\" content=\"2020-12-14T10:55:53+00:00\" \/>\n<meta property=\"og:image\" content=\"https:\/\/informelitoral.com.ar\/%77%70%2d%63%6f%6e%74%65%6e%74\/uploads\/2020\/12\/senado.jpg\" \/>\n\t<meta property=\"og:image:width\" content=\"1920\" \/>\n\t<meta property=\"og:image:height\" content=\"1280\" \/>\n\t<meta property=\"og:image:type\" content=\"image\/jpeg\" \/>\n<meta name=\"author\" content=\"Gonzalo Schmidt\" \/>\n<meta name=\"twitter:card\" content=\"summary_large_image\" \/>\n<meta name=\"twitter:creator\" content=\"@InformeLitoral\" \/>\n<meta name=\"twitter:site\" content=\"@InformeLitoral\" \/>\n<meta name=\"twitter:label1\" content=\"Escrito por\" \/>\n\t<meta name=\"twitter:data1\" content=\"Gonzalo Schmidt\" \/>\n\t<meta name=\"twitter:label2\" content=\"Tiempo de lectura\" \/>\n\t<meta name=\"twitter:data2\" content=\"2 minutos\" \/>\n<script type=\"application\/ld+json\" class=\"yoast-schema-graph\">{\"@context\":\"https:\\\/\\\/schema.org\",\"@graph\":[{\"@type\":\"Article\",\"@id\":\"https:\\\/\\\/informelitoral.com.ar\\\/esta-semana-habra-reuniones-de-comision-del-senado\\\/#article\",\"isPartOf\":{\"@id\":\"https:\\\/\\\/informelitoral.com.ar\\\/esta-semana-habra-reuniones-de-comision-del-senado\\\/\"},\"author\":{\"name\":\"Gonzalo Schmidt\",\"@id\":\"https:\\\/\\\/informelitoral.com.ar\\\/#\\\/schema\\\/person\\\/b9d00407c836482871ef1d57bf8e3180\"},\"headline\":\"Esta semana habr\u00e1 reuniones de Comisi\u00f3n del Senado\",\"datePublished\":\"2020-12-14T10:55:53+00:00\",\"mainEntityOfPage\":{\"@id\":\"https:\\\/\\\/informelitoral.com.ar\\\/esta-semana-habra-reuniones-de-comision-del-senado\\\/\"},\"wordCount\":473,\"commentCount\":0,\"publisher\":{\"@id\":\"https:\\\/\\\/informelitoral.com.ar\\\/#organization\"},\"image\":{\"@id\":\"https:\\\/\\\/informelitoral.com.ar\\\/esta-semana-habra-reuniones-de-comision-del-senado\\\/#primaryimage\"},\"thumbnailUrl\":\"https:\\\/\\\/informelitoral.com.ar\\\/%77%70%2d%63%6f%6e%74%65%6e%74\\\/uploads\\\/2020\\\/12\\\/senado.jpg\",\"keywords\":[\"Legislativas\",\"Legislatura\",\"Senado\"],\"articleSection\":[\"Politica\"],\"inLanguage\":\"es\",\"potentialAction\":[{\"@type\":\"CommentAction\",\"name\":\"Comment\",\"target\":[\"https:\\\/\\\/informelitoral.com.ar\\\/esta-semana-habra-reuniones-de-comision-del-senado\\\/#respond\"]}]},{\"@type\":\"WebPage\",\"@id\":\"https:\\\/\\\/informelitoral.com.ar\\\/esta-semana-habra-reuniones-de-comision-del-senado\\\/\",\"url\":\"https:\\\/\\\/informelitoral.com.ar\\\/esta-semana-habra-reuniones-de-comision-del-senado\\\/\",\"name\":\"Esta semana habr\u00e1 reuniones de Comisi\u00f3n del Senado - Informe Litoral\",\"isPartOf\":{\"@id\":\"https:\\\/\\\/informelitoral.com.ar\\\/#website\"},\"primaryImageOfPage\":{\"@id\":\"https:\\\/\\\/informelitoral.com.ar\\\/esta-semana-habra-reuniones-de-comision-del-senado\\\/#primaryimage\"},\"image\":{\"@id\":\"https:\\\/\\\/informelitoral.com.ar\\\/esta-semana-habra-reuniones-de-comision-del-senado\\\/#primaryimage\"},\"thumbnailUrl\":\"https:\\\/\\\/informelitoral.com.ar\\\/%77%70%2d%63%6f%6e%74%65%6e%74\\\/uploads\\\/2020\\\/12\\\/senado.jpg\",\"datePublished\":\"2020-12-14T10:55:53+00:00\",\"breadcrumb\":{\"@id\":\"https:\\\/\\\/informelitoral.com.ar\\\/esta-semana-habra-reuniones-de-comision-del-senado\\\/#breadcrumb\"},\"inLanguage\":\"es\",\"potentialAction\":[{\"@type\":\"ReadAction\",\"target\":[\"https:\\\/\\\/informelitoral.com.ar\\\/esta-semana-habra-reuniones-de-comision-del-senado\\\/\"]}]},{\"@type\":\"ImageObject\",\"inLanguage\":\"es\",\"@id\":\"https:\\\/\\\/informelitoral.com.ar\\\/esta-semana-habra-reuniones-de-comision-del-senado\\\/#primaryimage\",\"url\":\"https:\\\/\\\/informelitoral.com.ar\\\/%77%70%2d%63%6f%6e%74%65%6e%74\\\/uploads\\\/2020\\\/12\\\/senado.jpg\",\"contentUrl\":\"https:\\\/\\\/informelitoral.com.ar\\\/%77%70%2d%63%6f%6e%74%65%6e%74\\\/uploads\\\/2020\\\/12\\\/senado.jpg\",\"width\":1920,\"height\":1280},{\"@type\":\"BreadcrumbList\",\"@id\":\"https:\\\/\\\/informelitoral.com.ar\\\/esta-semana-habra-reuniones-de-comision-del-senado\\\/#breadcrumb\",\"itemListElement\":[{\"@type\":\"ListItem\",\"position\":1,\"name\":\"Portada\",\"item\":\"https:\\\/\\\/informelitoral.com.ar\\\/\"},{\"@type\":\"ListItem\",\"position\":2,\"name\":\"Esta semana habr\u00e1 reuniones de Comisi\u00f3n del Senado\"}]},{\"@type\":\"WebSite\",\"@id\":\"https:\\\/\\\/informelitoral.com.ar\\\/#website\",\"url\":\"https:\\\/\\\/informelitoral.com.ar\\\/\",\"name\":\"Informe Litoral\",\"description\":\"&quot;Nos informamos&quot; \",\"publisher\":{\"@id\":\"https:\\\/\\\/informelitoral.com.ar\\\/#organization\"},\"potentialAction\":[{\"@type\":\"SearchAction\",\"target\":{\"@type\":\"EntryPoint\",\"urlTemplate\":\"https:\\\/\\\/informelitoral.com.ar\\\/?s={search_term_string}\"},\"query-input\":{\"@type\":\"PropertyValueSpecification\",\"valueRequired\":true,\"valueName\":\"search_term_string\"}}],\"inLanguage\":\"es\"},{\"@type\":\"Organization\",\"@id\":\"https:\\\/\\\/informelitoral.com.ar\\\/#organization\",\"name\":\"Informe Litoral\",\"url\":\"https:\\\/\\\/informelitoral.com.ar\\\/\",\"logo\":{\"@type\":\"ImageObject\",\"inLanguage\":\"es\",\"@id\":\"https:\\\/\\\/informelitoral.com.ar\\\/#\\\/schema\\\/logo\\\/image\\\/\",\"url\":\"https:\\\/\\\/informelitoral.com.ar\\\/%77%70%2d%63%6f%6e%74%65%6e%74\\\/uploads\\\/2021\\\/01\\\/circulo.png\",\"contentUrl\":\"https:\\\/\\\/informelitoral.com.ar\\\/%77%70%2d%63%6f%6e%74%65%6e%74\\\/uploads\\\/2021\\\/01\\\/circulo.png\",\"width\":723,\"height\":731,\"caption\":\"Informe Litoral\"},\"image\":{\"@id\":\"https:\\\/\\\/informelitoral.com.ar\\\/#\\\/schema\\\/logo\\\/image\\\/\"},\"sameAs\":[\"https:\\\/\\\/www.facebook.com\\\/informelitoral\\\/\",\"https:\\\/\\\/x.com\\\/InformeLitoral\",\"https:\\\/\\\/www.instagram.com\\\/informelitoral\\\/\",\"https:\\\/\\\/www.youtube.com\\\/channel\\\/UCua4Qvz8Icb6MYqhoq9xLXw\"]},{\"@type\":\"Person\",\"@id\":\"https:\\\/\\\/informelitoral.com.ar\\\/#\\\/schema\\\/person\\\/b9d00407c836482871ef1d57bf8e3180\",\"name\":\"Gonzalo Schmidt\",\"image\":{\"@type\":\"ImageObject\",\"inLanguage\":\"es\",\"@id\":\"https:\\\/\\\/secure.gravatar.com\\\/avatar\\\/31a1a7b66ff2de83bd0e9fd79d026630d2d99e55e8bfe501287647b4fd9743de?s=96&d=mm&r=g\",\"url\":\"https:\\\/\\\/secure.gravatar.com\\\/avatar\\\/31a1a7b66ff2de83bd0e9fd79d026630d2d99e55e8bfe501287647b4fd9743de?s=96&d=mm&r=g\",\"contentUrl\":\"https:\\\/\\\/secure.gravatar.com\\\/avatar\\\/31a1a7b66ff2de83bd0e9fd79d026630d2d99e55e8bfe501287647b4fd9743de?s=96&d=mm&r=g\",\"caption\":\"Gonzalo Schmidt\"},\"description\":\"Sitio web de noticias de la provincia de Entre R\u00edos, Argentina. Informaci\u00f3n y entretenimiento. Informe Litoral, nos informamos.\",\"sameAs\":[\"http:\\\/\\\/www.isletasnoticias.com.ar\"],\"url\":\"https:\\\/\\\/informelitoral.com.ar\\\/author\\\/gonzalo\\\/\"}]}<\/script>","yoast_head_json":{"title":"Esta semana habr\u00e1 reuniones de Comisi\u00f3n del Senado - Informe Litoral","robots":{"index":"index","follow":"follow","max-snippet":"max-snippet:-1","max-image-preview":"max-image-preview:large","max-video-preview":"max-video-preview:-1"},"canonical":"https:\/\/informelitoral.com.ar\/esta-semana-habra-reuniones-de-comision-del-senado\/","og_locale":"es_ES","og_type":"article","og_title":"Esta semana habr\u00e1 reuniones de Comisi\u00f3n del Senado - Informe Litoral","og_description":"Distintas comisiones del Senado entrerriano retomar\u00e1n el trabajo legislativo esta semana. Lo har\u00e1n los d\u00edas lunes, mi\u00e9rcoles y jueves, de manera no presencial.","og_url":"https:\/\/informelitoral.com.ar\/esta-semana-habra-reuniones-de-comision-del-senado\/","og_site_name":"Informe Litoral","article_publisher":"https:\/\/www.facebook.com\/informelitoral\/","article_published_time":"2020-12-14T10:55:53+00:00","og_image":[{"width":1920,"height":1280,"url":"https:\/\/informelitoral.com.ar\/%77%70%2d%63%6f%6e%74%65%6e%74\/uploads\/2020\/12\/senado.jpg","type":"image\/jpeg"}],"author":"Gonzalo Schmidt","twitter_card":"summary_large_image","twitter_creator":"@InformeLitoral","twitter_site":"@InformeLitoral","twitter_misc":{"Escrito por":"Gonzalo Schmidt","Tiempo de lectura":"2 minutos"},"schema":{"@context":"https:\/\/schema.org","@graph":[{"@type":"Article","@id":"https:\/\/informelitoral.com.ar\/esta-semana-habra-reuniones-de-comision-del-senado\/#article","isPartOf":{"@id":"https:\/\/informelitoral.com.ar\/esta-semana-habra-reuniones-de-comision-del-senado\/"},"author":{"name":"Gonzalo Schmidt","@id":"https:\/\/informelitoral.com.ar\/#\/schema\/person\/b9d00407c836482871ef1d57bf8e3180"},"headline":"Esta semana habr\u00e1 reuniones de Comisi\u00f3n del Senado","datePublished":"2020-12-14T10:55:53+00:00","mainEntityOfPage":{"@id":"https:\/\/informelitoral.com.ar\/esta-semana-habra-reuniones-de-comision-del-senado\/"},"wordCount":473,"commentCount":0,"publisher":{"@id":"https:\/\/informelitoral.com.ar\/#organization"},"image":{"@id":"https:\/\/informelitoral.com.ar\/esta-semana-habra-reuniones-de-comision-del-senado\/#primaryimage"},"thumbnailUrl":"https:\/\/informelitoral.com.ar\/%77%70%2d%63%6f%6e%74%65%6e%74\/uploads\/2020\/12\/senado.jpg","keywords":["Legislativas","Legislatura","Senado"],"articleSection":["Politica"],"inLanguage":"es","potentialAction":[{"@type":"CommentAction","name":"Comment","target":["https:\/\/informelitoral.com.ar\/esta-semana-habra-reuniones-de-comision-del-senado\/#respond"]}]},{"@type":"WebPage","@id":"https:\/\/informelitoral.com.ar\/esta-semana-habra-reuniones-de-comision-del-senado\/","url":"https:\/\/informelitoral.com.ar\/esta-semana-habra-reuniones-de-comision-del-senado\/","name":"Esta semana habr\u00e1 reuniones de Comisi\u00f3n del Senado - Informe Litoral","isPartOf":{"@id":"https:\/\/informelitoral.com.ar\/#website"},"primaryImageOfPage":{"@id":"https:\/\/informelitoral.com.ar\/esta-semana-habra-reuniones-de-comision-del-senado\/#primaryimage"},"image":{"@id":"https:\/\/informelitoral.com.ar\/esta-semana-habra-reuniones-de-comision-del-senado\/#primaryimage"},"thumbnailUrl":"https:\/\/informelitoral.com.ar\/%77%70%2d%63%6f%6e%74%65%6e%74\/uploads\/2020\/12\/senado.jpg","datePublished":"2020-12-14T10:55:53+00:00","breadcrumb":{"@id":"https:\/\/informelitoral.com.ar\/esta-semana-habra-reuniones-de-comision-del-senado\/#breadcrumb"},"inLanguage":"es","potentialAction":[{"@type":"ReadAction","target":["https:\/\/informelitoral.com.ar\/esta-semana-habra-reuniones-de-comision-del-senado\/"]}]},{"@type":"ImageObject","inLanguage":"es","@id":"https:\/\/informelitoral.com.ar\/esta-semana-habra-reuniones-de-comision-del-senado\/#primaryimage","url":"https:\/\/informelitoral.com.ar\/%77%70%2d%63%6f%6e%74%65%6e%74\/uploads\/2020\/12\/senado.jpg","contentUrl":"https:\/\/informelitoral.com.ar\/%77%70%2d%63%6f%6e%74%65%6e%74\/uploads\/2020\/12\/senado.jpg","width":1920,"height":1280},{"@type":"BreadcrumbList","@id":"https:\/\/informelitoral.com.ar\/esta-semana-habra-reuniones-de-comision-del-senado\/#breadcrumb","itemListElement":[{"@type":"ListItem","position":1,"name":"Portada","item":"https:\/\/informelitoral.com.ar\/"},{"@type":"ListItem","position":2,"name":"Esta semana habr\u00e1 reuniones de Comisi\u00f3n del Senado"}]},{"@type":"WebSite","@id":"https:\/\/informelitoral.com.ar\/#website","url":"https:\/\/informelitoral.com.ar\/","name":"Informe Litoral","description":"&quot;Nos informamos&quot; ","publisher":{"@id":"https:\/\/informelitoral.com.ar\/#organization"},"potentialAction":[{"@type":"SearchAction","target":{"@type":"EntryPoint","urlTemplate":"https:\/\/informelitoral.com.ar\/?s={search_term_string}"},"query-input":{"@type":"PropertyValueSpecification","valueRequired":true,"valueName":"search_term_string"}}],"inLanguage":"es"},{"@type":"Organization","@id":"https:\/\/informelitoral.com.ar\/#organization","name":"Informe Litoral","url":"https:\/\/informelitoral.com.ar\/","logo":{"@type":"ImageObject","inLanguage":"es","@id":"https:\/\/informelitoral.com.ar\/#\/schema\/logo\/image\/","url":"https:\/\/informelitoral.com.ar\/%77%70%2d%63%6f%6e%74%65%6e%74\/uploads\/2021\/01\/circulo.png","contentUrl":"https:\/\/informelitoral.com.ar\/%77%70%2d%63%6f%6e%74%65%6e%74\/uploads\/2021\/01\/circulo.png","width":723,"height":731,"caption":"Informe Litoral"},"image":{"@id":"https:\/\/informelitoral.com.ar\/#\/schema\/logo\/image\/"},"sameAs":["https:\/\/www.facebook.com\/informelitoral\/","https:\/\/x.com\/InformeLitoral","https:\/\/www.instagram.com\/informelitoral\/","https:\/\/www.youtube.com\/channel\/UCua4Qvz8Icb6MYqhoq9xLXw"]},{"@type":"Person","@id":"https:\/\/informelitoral.com.ar\/#\/schema\/person\/b9d00407c836482871ef1d57bf8e3180","name":"Gonzalo Schmidt","image":{"@type":"ImageObject","inLanguage":"es","@id":"https:\/\/secure.gravatar.com\/avatar\/31a1a7b66ff2de83bd0e9fd79d026630d2d99e55e8bfe501287647b4fd9743de?s=96&d=mm&r=g","url":"https:\/\/secure.gravatar.com\/avatar\/31a1a7b66ff2de83bd0e9fd79d026630d2d99e55e8bfe501287647b4fd9743de?s=96&d=mm&r=g","contentUrl":"https:\/\/secure.gravatar.com\/avatar\/31a1a7b66ff2de83bd0e9fd79d026630d2d99e55e8bfe501287647b4fd9743de?s=96&d=mm&r=g","caption":"Gonzalo Schmidt"},"description":"Sitio web de noticias de la provincia de Entre R\u00edos, Argentina. Informaci\u00f3n y entretenimiento. Informe Litoral, nos informamos.","sameAs":["http:\/\/www.isletasnoticias.com.ar"],"url":"https:\/\/informelitoral.com.ar\/author\/gonzalo\/"}]}},"_links":{"self":[{"href":"https:\/\/informelitoral.com.ar\/%77%70%2d%6a%73%6f%6e\/wp\/v2\/posts\/54463","targetHints":{"allow":["GET"]}}],"collection":[{"href":"https:\/\/informelitoral.com.ar\/%77%70%2d%6a%73%6f%6e\/wp\/v2\/posts"}],"about":[{"href":"https:\/\/informelitoral.com.ar\/%77%70%2d%6a%73%6f%6e\/wp\/v2\/types\/post"}],"author":[{"embeddable":true,"href":"https:\/\/informelitoral.com.ar\/%77%70%2d%6a%73%6f%6e\/wp\/v2\/users\/2"}],"replies":[{"embeddable":true,"href":"https:\/\/informelitoral.com.ar\/%77%70%2d%6a%73%6f%6e\/wp\/v2\/comments?post=54463"}],"version-history":[{"count":0,"href":"https:\/\/informelitoral.com.ar\/%77%70%2d%6a%73%6f%6e\/wp\/v2\/posts\/54463\/revisions"}],"wp:featuredmedia":[{"embeddable":true,"href":"https:\/\/informelitoral.com.ar\/%77%70%2d%6a%73%6f%6e\/wp\/v2\/media\/54464"}],"wp:attachment":[{"href":"https:\/\/informelitoral.com.ar\/%77%70%2d%6a%73%6f%6e\/wp\/v2\/media?parent=54463"}],"wp:term":[{"taxonomy":"category","embeddable":true,"href":"https:\/\/informelitoral.com.ar\/%77%70%2d%6a%73%6f%6e\/wp\/v2\/categories?post=54463"},{"taxonomy":"post_tag","embeddable":true,"href":"https:\/\/informelitoral.com.ar\/%77%70%2d%6a%73%6f%6e\/wp\/v2\/tags?post=54463"}],"curies":[{"name":"wp","href":"https:\/\/api.w.org\/{rel}","templated":true}]}}