{"id":53874,"date":"2020-11-30T09:03:16","date_gmt":"2020-11-30T12:03:16","guid":{"rendered":"https:\/\/www.isletasnoticias.com.ar\/?p=53874"},"modified":"2020-11-30T09:03:16","modified_gmt":"2020-11-30T12:03:16","slug":"no-descartan-almacenar-la-vacuna-rusa-en-las-camaras-de-frio-de-grido","status":"publish","type":"post","link":"https:\/\/informelitoral.com.ar\/no-descartan-almacenar-la-vacuna-rusa-en-las-camaras-de-frio-de-grido\/","title":{"rendered":"No descartan almacenar la vacuna rusa en las c\u00e1maras de fr\u00edo de Grido"},"content":{"rendered":"<p>El Gobierno de C\u00f3rdoba baraja esa alternativa para acopiar la vacuna rusa Sputnik-V contra el coronavirus.<\/p>\n<p>La provincia ya adquiri\u00f3\u00a0100 freezers\u00a0para mantener la vacuna a la temperatura exigida. Adem\u00e1s, conversaron con empresas que transportan alimentos a 25 grados bajo cero para utilizar sus medios de transporte para trasladar la vacuna.<\/p>\n<p>Entre estas empresas, se ha evaluado la posibilidad de entablar relaci\u00f3n con la famosa cadena de helader\u00edas\u00a0Grido\u00a0para almacenar la vacuna en sus c\u00e1maras de fr\u00edo. \u201cNo hay heladeras en los centros de salud de cada pueblo, pero s\u00ed en cada Grido, y hay un Grido en cada localidad\u201d, afirm\u00f3 un funcionario provincial.<\/p>\n<p>C\u00f3rdoba\u00a0recibir\u00eda, seg\u00fan el medio\u00a0<em>La Voz,<\/em>\u00a0el\u00a08,2\u00a0por ciento de las vacunas\u00a0Sputnik V: 820 mil dosis,\u00a0suficientes para inmunizar a\u00a0410 mil pacientes, un tercio de los que considera prioritarios el\u00a0Ministerio de Salud provincial.<\/p>\n<p>La provincia se propone vacunar a la mayor parte de la\u00a0poblaci\u00f3n de riesgo\u00a0antes de que se produzca\u00a0una posible\u00a0segunda ola\u00a0de la enfermedad.<\/p>\n<p>La preocupaci\u00f3n radica en que la vacuna\u00a0Sputnik V\u00a0tiene\u00a030 minutos\u00a0de vida \u00fatil desde su descongelamiento hasta su aplicaci\u00f3n. Por esta raz\u00f3n, el\u00a0Ministerio de Salud\u00a0realizar\u00e1 en los pr\u00f3ximos d\u00edas un simulacro para tomar los tiempos de la log\u00edstica.<\/p>\n","protected":false},"excerpt":{"rendered":"<p>\u201cNo hay heladeras en los centros de salud de cada pueblo, pero s\u00ed en cada Grido, y hay un Grido en cada localidad\u201d, afirm\u00f3 un funcionario cordob\u00e9s. <\/p>\n","protected":false},"author":2,"featured_media":53875,"comment_status":"open","ping_status":"open","sticky":false,"template":"","format":"standard","meta":{"fifu_image_url":"","fifu_image_alt":"","footnotes":""},"categories":[7],"tags":[],"class_list":{"0":"post-53874","1":"post","2":"type-post","3":"status-publish","4":"format-standard","5":"has-post-thumbnail","7":"category-nacionales"},"yoast_head":"<title>No descartan almacenar la vacuna rusa en las c\u00e1maras de fr\u00edo de Grido - Informe Litoral<\/title>\n<meta name=\"robots\" content=\"index, follow, max-snippet:-1, max-image-preview:large, max-video-preview:-1\" \/>\n<link rel=\"canonical\" href=\"https:\/\/informelitoral.com.ar\/no-descartan-almacenar-la-vacuna-rusa-en-las-camaras-de-frio-de-grido\/\" \/>\n<meta property=\"og:locale\" content=\"es_ES\" \/>\n<meta property=\"og:type\" content=\"article\" \/>\n<meta property=\"og:title\" content=\"No descartan almacenar la vacuna rusa en las c\u00e1maras de fr\u00edo de Grido - Informe Litoral\" \/>\n<meta property=\"og:description\" content=\"\u201cNo hay heladeras en los centros de salud de cada pueblo, pero s\u00ed en cada Grido, y hay un Grido en cada localidad\u201d, afirm\u00f3 un funcionario cordob\u00e9s.\" \/>\n<meta property=\"og:url\" content=\"https:\/\/informelitoral.com.ar\/no-descartan-almacenar-la-vacuna-rusa-en-las-camaras-de-frio-de-grido\/\" \/>\n<meta property=\"og:site_name\" content=\"Informe Litoral\" \/>\n<meta property=\"article:publisher\" content=\"https:\/\/www.facebook.com\/informelitoral\/\" \/>\n<meta property=\"article:published_time\" content=\"2020-11-30T12:03:16+00:00\" \/>\n<meta property=\"og:image\" content=\"https:\/\/informelitoral.com.ar\/%77%70%2d%63%6f%6e%74%65%6e%74\/uploads\/2020\/11\/ef3f0d12a31afaeabde2d30aefd188b3.jpg\" \/>\n\t<meta property=\"og:image:width\" content=\"1040\" \/>\n\t<meta property=\"og:image:height\" content=\"780\" \/>\n\t<meta property=\"og:image:type\" content=\"image\/jpeg\" \/>\n<meta name=\"author\" content=\"Gonzalo Schmidt\" \/>\n<meta name=\"twitter:card\" content=\"summary_large_image\" \/>\n<meta name=\"twitter:creator\" content=\"@InformeLitoral\" \/>\n<meta name=\"twitter:site\" content=\"@InformeLitoral\" \/>\n<meta name=\"twitter:label1\" content=\"Escrito por\" \/>\n\t<meta name=\"twitter:data1\" content=\"Gonzalo Schmidt\" \/>\n\t<meta name=\"twitter:label2\" content=\"Tiempo de lectura\" \/>\n\t<meta name=\"twitter:data2\" content=\"1 minuto\" \/>\n<script type=\"application\/ld+json\" class=\"yoast-schema-graph\">{\"@context\":\"https:\\\/\\\/schema.org\",\"@graph\":[{\"@type\":\"Article\",\"@id\":\"https:\\\/\\\/informelitoral.com.ar\\\/no-descartan-almacenar-la-vacuna-rusa-en-las-camaras-de-frio-de-grido\\\/#article\",\"isPartOf\":{\"@id\":\"https:\\\/\\\/informelitoral.com.ar\\\/no-descartan-almacenar-la-vacuna-rusa-en-las-camaras-de-frio-de-grido\\\/\"},\"author\":{\"name\":\"Gonzalo Schmidt\",\"@id\":\"https:\\\/\\\/informelitoral.com.ar\\\/#\\\/schema\\\/person\\\/b9d00407c836482871ef1d57bf8e3180\"},\"headline\":\"No descartan almacenar la vacuna rusa en las c\u00e1maras de fr\u00edo de Grido\",\"datePublished\":\"2020-11-30T12:03:16+00:00\",\"mainEntityOfPage\":{\"@id\":\"https:\\\/\\\/informelitoral.com.ar\\\/no-descartan-almacenar-la-vacuna-rusa-en-las-camaras-de-frio-de-grido\\\/\"},\"wordCount\":237,\"commentCount\":0,\"publisher\":{\"@id\":\"https:\\\/\\\/informelitoral.com.ar\\\/#organization\"},\"image\":{\"@id\":\"https:\\\/\\\/informelitoral.com.ar\\\/no-descartan-almacenar-la-vacuna-rusa-en-las-camaras-de-frio-de-grido\\\/#primaryimage\"},\"thumbnailUrl\":\"https:\\\/\\\/informelitoral.com.ar\\\/%77%70%2d%63%6f%6e%74%65%6e%74\\\/uploads\\\/2020\\\/11\\\/ef3f0d12a31afaeabde2d30aefd188b3.jpg\",\"articleSection\":[\"Nacionales\"],\"inLanguage\":\"es\",\"potentialAction\":[{\"@type\":\"CommentAction\",\"name\":\"Comment\",\"target\":[\"https:\\\/\\\/informelitoral.com.ar\\\/no-descartan-almacenar-la-vacuna-rusa-en-las-camaras-de-frio-de-grido\\\/#respond\"]}]},{\"@type\":\"WebPage\",\"@id\":\"https:\\\/\\\/informelitoral.com.ar\\\/no-descartan-almacenar-la-vacuna-rusa-en-las-camaras-de-frio-de-grido\\\/\",\"url\":\"https:\\\/\\\/informelitoral.com.ar\\\/no-descartan-almacenar-la-vacuna-rusa-en-las-camaras-de-frio-de-grido\\\/\",\"name\":\"No descartan almacenar la vacuna rusa en las c\u00e1maras de fr\u00edo de Grido - Informe Litoral\",\"isPartOf\":{\"@id\":\"https:\\\/\\\/informelitoral.com.ar\\\/#website\"},\"primaryImageOfPage\":{\"@id\":\"https:\\\/\\\/informelitoral.com.ar\\\/no-descartan-almacenar-la-vacuna-rusa-en-las-camaras-de-frio-de-grido\\\/#primaryimage\"},\"image\":{\"@id\":\"https:\\\/\\\/informelitoral.com.ar\\\/no-descartan-almacenar-la-vacuna-rusa-en-las-camaras-de-frio-de-grido\\\/#primaryimage\"},\"thumbnailUrl\":\"https:\\\/\\\/informelitoral.com.ar\\\/%77%70%2d%63%6f%6e%74%65%6e%74\\\/uploads\\\/2020\\\/11\\\/ef3f0d12a31afaeabde2d30aefd188b3.jpg\",\"datePublished\":\"2020-11-30T12:03:16+00:00\",\"breadcrumb\":{\"@id\":\"https:\\\/\\\/informelitoral.com.ar\\\/no-descartan-almacenar-la-vacuna-rusa-en-las-camaras-de-frio-de-grido\\\/#breadcrumb\"},\"inLanguage\":\"es\",\"potentialAction\":[{\"@type\":\"ReadAction\",\"target\":[\"https:\\\/\\\/informelitoral.com.ar\\\/no-descartan-almacenar-la-vacuna-rusa-en-las-camaras-de-frio-de-grido\\\/\"]}]},{\"@type\":\"ImageObject\",\"inLanguage\":\"es\",\"@id\":\"https:\\\/\\\/informelitoral.com.ar\\\/no-descartan-almacenar-la-vacuna-rusa-en-las-camaras-de-frio-de-grido\\\/#primaryimage\",\"url\":\"https:\\\/\\\/informelitoral.com.ar\\\/%77%70%2d%63%6f%6e%74%65%6e%74\\\/uploads\\\/2020\\\/11\\\/ef3f0d12a31afaeabde2d30aefd188b3.jpg\",\"contentUrl\":\"https:\\\/\\\/informelitoral.com.ar\\\/%77%70%2d%63%6f%6e%74%65%6e%74\\\/uploads\\\/2020\\\/11\\\/ef3f0d12a31afaeabde2d30aefd188b3.jpg\",\"width\":1040,\"height\":780},{\"@type\":\"BreadcrumbList\",\"@id\":\"https:\\\/\\\/informelitoral.com.ar\\\/no-descartan-almacenar-la-vacuna-rusa-en-las-camaras-de-frio-de-grido\\\/#breadcrumb\",\"itemListElement\":[{\"@type\":\"ListItem\",\"position\":1,\"name\":\"Portada\",\"item\":\"https:\\\/\\\/informelitoral.com.ar\\\/\"},{\"@type\":\"ListItem\",\"position\":2,\"name\":\"No descartan almacenar la vacuna rusa en las c\u00e1maras de fr\u00edo de Grido\"}]},{\"@type\":\"WebSite\",\"@id\":\"https:\\\/\\\/informelitoral.com.ar\\\/#website\",\"url\":\"https:\\\/\\\/informelitoral.com.ar\\\/\",\"name\":\"Informe Litoral\",\"description\":\"&quot;Nos informamos&quot; \",\"publisher\":{\"@id\":\"https:\\\/\\\/informelitoral.com.ar\\\/#organization\"},\"potentialAction\":[{\"@type\":\"SearchAction\",\"target\":{\"@type\":\"EntryPoint\",\"urlTemplate\":\"https:\\\/\\\/informelitoral.com.ar\\\/?s={search_term_string}\"},\"query-input\":{\"@type\":\"PropertyValueSpecification\",\"valueRequired\":true,\"valueName\":\"search_term_string\"}}],\"inLanguage\":\"es\"},{\"@type\":\"Organization\",\"@id\":\"https:\\\/\\\/informelitoral.com.ar\\\/#organization\",\"name\":\"Informe Litoral\",\"url\":\"https:\\\/\\\/informelitoral.com.ar\\\/\",\"logo\":{\"@type\":\"ImageObject\",\"inLanguage\":\"es\",\"@id\":\"https:\\\/\\\/informelitoral.com.ar\\\/#\\\/schema\\\/logo\\\/image\\\/\",\"url\":\"https:\\\/\\\/informelitoral.com.ar\\\/%77%70%2d%63%6f%6e%74%65%6e%74\\\/uploads\\\/2021\\\/01\\\/circulo.png\",\"contentUrl\":\"https:\\\/\\\/informelitoral.com.ar\\\/%77%70%2d%63%6f%6e%74%65%6e%74\\\/uploads\\\/2021\\\/01\\\/circulo.png\",\"width\":723,\"height\":731,\"caption\":\"Informe Litoral\"},\"image\":{\"@id\":\"https:\\\/\\\/informelitoral.com.ar\\\/#\\\/schema\\\/logo\\\/image\\\/\"},\"sameAs\":[\"https:\\\/\\\/www.facebook.com\\\/informelitoral\\\/\",\"https:\\\/\\\/x.com\\\/InformeLitoral\",\"https:\\\/\\\/www.instagram.com\\\/informelitoral\\\/\",\"https:\\\/\\\/www.youtube.com\\\/channel\\\/UCua4Qvz8Icb6MYqhoq9xLXw\"]},{\"@type\":\"Person\",\"@id\":\"https:\\\/\\\/informelitoral.com.ar\\\/#\\\/schema\\\/person\\\/b9d00407c836482871ef1d57bf8e3180\",\"name\":\"Gonzalo Schmidt\",\"image\":{\"@type\":\"ImageObject\",\"inLanguage\":\"es\",\"@id\":\"https:\\\/\\\/secure.gravatar.com\\\/avatar\\\/31a1a7b66ff2de83bd0e9fd79d026630d2d99e55e8bfe501287647b4fd9743de?s=96&d=mm&r=g\",\"url\":\"https:\\\/\\\/secure.gravatar.com\\\/avatar\\\/31a1a7b66ff2de83bd0e9fd79d026630d2d99e55e8bfe501287647b4fd9743de?s=96&d=mm&r=g\",\"contentUrl\":\"https:\\\/\\\/secure.gravatar.com\\\/avatar\\\/31a1a7b66ff2de83bd0e9fd79d026630d2d99e55e8bfe501287647b4fd9743de?s=96&d=mm&r=g\",\"caption\":\"Gonzalo Schmidt\"},\"description\":\"Sitio web de noticias de la provincia de Entre R\u00edos, Argentina. Informaci\u00f3n y entretenimiento. Informe Litoral, nos informamos.\",\"sameAs\":[\"http:\\\/\\\/www.isletasnoticias.com.ar\"],\"url\":\"https:\\\/\\\/informelitoral.com.ar\\\/author\\\/gonzalo\\\/\"}]}<\/script>","yoast_head_json":{"title":"No descartan almacenar la vacuna rusa en las c\u00e1maras de fr\u00edo de Grido - Informe Litoral","robots":{"index":"index","follow":"follow","max-snippet":"max-snippet:-1","max-image-preview":"max-image-preview:large","max-video-preview":"max-video-preview:-1"},"canonical":"https:\/\/informelitoral.com.ar\/no-descartan-almacenar-la-vacuna-rusa-en-las-camaras-de-frio-de-grido\/","og_locale":"es_ES","og_type":"article","og_title":"No descartan almacenar la vacuna rusa en las c\u00e1maras de fr\u00edo de Grido - Informe Litoral","og_description":"\u201cNo hay heladeras en los centros de salud de cada pueblo, pero s\u00ed en cada Grido, y hay un Grido en cada localidad\u201d, afirm\u00f3 un funcionario cordob\u00e9s.","og_url":"https:\/\/informelitoral.com.ar\/no-descartan-almacenar-la-vacuna-rusa-en-las-camaras-de-frio-de-grido\/","og_site_name":"Informe Litoral","article_publisher":"https:\/\/www.facebook.com\/informelitoral\/","article_published_time":"2020-11-30T12:03:16+00:00","og_image":[{"width":1040,"height":780,"url":"https:\/\/informelitoral.com.ar\/%77%70%2d%63%6f%6e%74%65%6e%74\/uploads\/2020\/11\/ef3f0d12a31afaeabde2d30aefd188b3.jpg","type":"image\/jpeg"}],"author":"Gonzalo Schmidt","twitter_card":"summary_large_image","twitter_creator":"@InformeLitoral","twitter_site":"@InformeLitoral","twitter_misc":{"Escrito por":"Gonzalo Schmidt","Tiempo de lectura":"1 minuto"},"schema":{"@context":"https:\/\/schema.org","@graph":[{"@type":"Article","@id":"https:\/\/informelitoral.com.ar\/no-descartan-almacenar-la-vacuna-rusa-en-las-camaras-de-frio-de-grido\/#article","isPartOf":{"@id":"https:\/\/informelitoral.com.ar\/no-descartan-almacenar-la-vacuna-rusa-en-las-camaras-de-frio-de-grido\/"},"author":{"name":"Gonzalo Schmidt","@id":"https:\/\/informelitoral.com.ar\/#\/schema\/person\/b9d00407c836482871ef1d57bf8e3180"},"headline":"No descartan almacenar la vacuna rusa en las c\u00e1maras de fr\u00edo de Grido","datePublished":"2020-11-30T12:03:16+00:00","mainEntityOfPage":{"@id":"https:\/\/informelitoral.com.ar\/no-descartan-almacenar-la-vacuna-rusa-en-las-camaras-de-frio-de-grido\/"},"wordCount":237,"commentCount":0,"publisher":{"@id":"https:\/\/informelitoral.com.ar\/#organization"},"image":{"@id":"https:\/\/informelitoral.com.ar\/no-descartan-almacenar-la-vacuna-rusa-en-las-camaras-de-frio-de-grido\/#primaryimage"},"thumbnailUrl":"https:\/\/informelitoral.com.ar\/%77%70%2d%63%6f%6e%74%65%6e%74\/uploads\/2020\/11\/ef3f0d12a31afaeabde2d30aefd188b3.jpg","articleSection":["Nacionales"],"inLanguage":"es","potentialAction":[{"@type":"CommentAction","name":"Comment","target":["https:\/\/informelitoral.com.ar\/no-descartan-almacenar-la-vacuna-rusa-en-las-camaras-de-frio-de-grido\/#respond"]}]},{"@type":"WebPage","@id":"https:\/\/informelitoral.com.ar\/no-descartan-almacenar-la-vacuna-rusa-en-las-camaras-de-frio-de-grido\/","url":"https:\/\/informelitoral.com.ar\/no-descartan-almacenar-la-vacuna-rusa-en-las-camaras-de-frio-de-grido\/","name":"No descartan almacenar la vacuna rusa en las c\u00e1maras de fr\u00edo de Grido - Informe Litoral","isPartOf":{"@id":"https:\/\/informelitoral.com.ar\/#website"},"primaryImageOfPage":{"@id":"https:\/\/informelitoral.com.ar\/no-descartan-almacenar-la-vacuna-rusa-en-las-camaras-de-frio-de-grido\/#primaryimage"},"image":{"@id":"https:\/\/informelitoral.com.ar\/no-descartan-almacenar-la-vacuna-rusa-en-las-camaras-de-frio-de-grido\/#primaryimage"},"thumbnailUrl":"https:\/\/informelitoral.com.ar\/%77%70%2d%63%6f%6e%74%65%6e%74\/uploads\/2020\/11\/ef3f0d12a31afaeabde2d30aefd188b3.jpg","datePublished":"2020-11-30T12:03:16+00:00","breadcrumb":{"@id":"https:\/\/informelitoral.com.ar\/no-descartan-almacenar-la-vacuna-rusa-en-las-camaras-de-frio-de-grido\/#breadcrumb"},"inLanguage":"es","potentialAction":[{"@type":"ReadAction","target":["https:\/\/informelitoral.com.ar\/no-descartan-almacenar-la-vacuna-rusa-en-las-camaras-de-frio-de-grido\/"]}]},{"@type":"ImageObject","inLanguage":"es","@id":"https:\/\/informelitoral.com.ar\/no-descartan-almacenar-la-vacuna-rusa-en-las-camaras-de-frio-de-grido\/#primaryimage","url":"https:\/\/informelitoral.com.ar\/%77%70%2d%63%6f%6e%74%65%6e%74\/uploads\/2020\/11\/ef3f0d12a31afaeabde2d30aefd188b3.jpg","contentUrl":"https:\/\/informelitoral.com.ar\/%77%70%2d%63%6f%6e%74%65%6e%74\/uploads\/2020\/11\/ef3f0d12a31afaeabde2d30aefd188b3.jpg","width":1040,"height":780},{"@type":"BreadcrumbList","@id":"https:\/\/informelitoral.com.ar\/no-descartan-almacenar-la-vacuna-rusa-en-las-camaras-de-frio-de-grido\/#breadcrumb","itemListElement":[{"@type":"ListItem","position":1,"name":"Portada","item":"https:\/\/informelitoral.com.ar\/"},{"@type":"ListItem","position":2,"name":"No descartan almacenar la vacuna rusa en las c\u00e1maras de fr\u00edo de Grido"}]},{"@type":"WebSite","@id":"https:\/\/informelitoral.com.ar\/#website","url":"https:\/\/informelitoral.com.ar\/","name":"Informe Litoral","description":"&quot;Nos informamos&quot; ","publisher":{"@id":"https:\/\/informelitoral.com.ar\/#organization"},"potentialAction":[{"@type":"SearchAction","target":{"@type":"EntryPoint","urlTemplate":"https:\/\/informelitoral.com.ar\/?s={search_term_string}"},"query-input":{"@type":"PropertyValueSpecification","valueRequired":true,"valueName":"search_term_string"}}],"inLanguage":"es"},{"@type":"Organization","@id":"https:\/\/informelitoral.com.ar\/#organization","name":"Informe Litoral","url":"https:\/\/informelitoral.com.ar\/","logo":{"@type":"ImageObject","inLanguage":"es","@id":"https:\/\/informelitoral.com.ar\/#\/schema\/logo\/image\/","url":"https:\/\/informelitoral.com.ar\/%77%70%2d%63%6f%6e%74%65%6e%74\/uploads\/2021\/01\/circulo.png","contentUrl":"https:\/\/informelitoral.com.ar\/%77%70%2d%63%6f%6e%74%65%6e%74\/uploads\/2021\/01\/circulo.png","width":723,"height":731,"caption":"Informe Litoral"},"image":{"@id":"https:\/\/informelitoral.com.ar\/#\/schema\/logo\/image\/"},"sameAs":["https:\/\/www.facebook.com\/informelitoral\/","https:\/\/x.com\/InformeLitoral","https:\/\/www.instagram.com\/informelitoral\/","https:\/\/www.youtube.com\/channel\/UCua4Qvz8Icb6MYqhoq9xLXw"]},{"@type":"Person","@id":"https:\/\/informelitoral.com.ar\/#\/schema\/person\/b9d00407c836482871ef1d57bf8e3180","name":"Gonzalo Schmidt","image":{"@type":"ImageObject","inLanguage":"es","@id":"https:\/\/secure.gravatar.com\/avatar\/31a1a7b66ff2de83bd0e9fd79d026630d2d99e55e8bfe501287647b4fd9743de?s=96&d=mm&r=g","url":"https:\/\/secure.gravatar.com\/avatar\/31a1a7b66ff2de83bd0e9fd79d026630d2d99e55e8bfe501287647b4fd9743de?s=96&d=mm&r=g","contentUrl":"https:\/\/secure.gravatar.com\/avatar\/31a1a7b66ff2de83bd0e9fd79d026630d2d99e55e8bfe501287647b4fd9743de?s=96&d=mm&r=g","caption":"Gonzalo Schmidt"},"description":"Sitio web de noticias de la provincia de Entre R\u00edos, Argentina. Informaci\u00f3n y entretenimiento. Informe Litoral, nos informamos.","sameAs":["http:\/\/www.isletasnoticias.com.ar"],"url":"https:\/\/informelitoral.com.ar\/author\/gonzalo\/"}]}},"_links":{"self":[{"href":"https:\/\/informelitoral.com.ar\/%77%70%2d%6a%73%6f%6e\/wp\/v2\/posts\/53874","targetHints":{"allow":["GET"]}}],"collection":[{"href":"https:\/\/informelitoral.com.ar\/%77%70%2d%6a%73%6f%6e\/wp\/v2\/posts"}],"about":[{"href":"https:\/\/informelitoral.com.ar\/%77%70%2d%6a%73%6f%6e\/wp\/v2\/types\/post"}],"author":[{"embeddable":true,"href":"https:\/\/informelitoral.com.ar\/%77%70%2d%6a%73%6f%6e\/wp\/v2\/users\/2"}],"replies":[{"embeddable":true,"href":"https:\/\/informelitoral.com.ar\/%77%70%2d%6a%73%6f%6e\/wp\/v2\/comments?post=53874"}],"version-history":[{"count":0,"href":"https:\/\/informelitoral.com.ar\/%77%70%2d%6a%73%6f%6e\/wp\/v2\/posts\/53874\/revisions"}],"wp:featuredmedia":[{"embeddable":true,"href":"https:\/\/informelitoral.com.ar\/%77%70%2d%6a%73%6f%6e\/wp\/v2\/media\/53875"}],"wp:attachment":[{"href":"https:\/\/informelitoral.com.ar\/%77%70%2d%6a%73%6f%6e\/wp\/v2\/media?parent=53874"}],"wp:term":[{"taxonomy":"category","embeddable":true,"href":"https:\/\/informelitoral.com.ar\/%77%70%2d%6a%73%6f%6e\/wp\/v2\/categories?post=53874"},{"taxonomy":"post_tag","embeddable":true,"href":"https:\/\/informelitoral.com.ar\/%77%70%2d%6a%73%6f%6e\/wp\/v2\/tags?post=53874"}],"curies":[{"name":"wp","href":"https:\/\/api.w.org\/{rel}","templated":true}]}}