{"id":538,"date":"2013-03-24T21:42:17","date_gmt":"2013-03-25T00:42:17","guid":{"rendered":"http:\/\/www.isletasnoticias.com.ar\/?p=538"},"modified":"2013-03-24T21:42:17","modified_gmt":"2013-03-25T00:42:17","slug":"sin-acuerdo-en-paritarias-habra-un-paro-universitario-para-el-martes-y-miercoles","status":"publish","type":"post","link":"https:\/\/informelitoral.com.ar\/sin-acuerdo-en-paritarias-habra-un-paro-universitario-para-el-martes-y-miercoles\/","title":{"rendered":"Sin acuerdo en paritarias, habr\u00e1 un paro universitario para el martes y mi\u00e9rcoles"},"content":{"rendered":"<p><strong>Los docentes universitarios arrancaron su paritaria con el gobierno nacional. Conadu Hist\u00f3rica rechaz\u00f3 la primera oferta de aumento salarial y llevar\u00e1 a cabo otra medida de fuerza.<\/strong><\/p>\n<p><img loading=\"lazy\" decoding=\"async\" class=\"size-medium wp-image-539 alignright\" alt=\"CONADU-Historica\" src=\"http:\/\/www.isletasnoticias.com.ar\/%77%70%2d%63%6f%6e%74%65%6e%74\/uploads\/2013\/03\/CONADU-Historica-300x168.jpg\" width=\"300\" height=\"168\" srcset=\"https:\/\/informelitoral.com.ar\/%77%70%2d%63%6f%6e%74%65%6e%74\/uploads\/2013\/03\/CONADU-Historica-300x168.jpg 300w, https:\/\/informelitoral.com.ar\/%77%70%2d%63%6f%6e%74%65%6e%74\/uploads\/2013\/03\/CONADU-Historica.jpg 520w\" sizes=\"auto, (max-width: 300px) 100vw, 300px\" \/><\/p>\n<p>Los docentes universitarios agremiados en la Conadu Hist\u00f3rica, uno de cuyos sindicatos de base es la Asociaci\u00f3n de Docentes de la Universidad Nacional del Litoral (Adul), rechazaron el ofrecimiento de incremento salarial del 20 % en tres cuotas, no acumulativas, realizado por el Ministerio de Educaci\u00f3n de la Naci\u00f3n, y <strong>confirmaron la realizaci\u00f3n de un paro por 48 horas para el martes y mi\u00e9rcoles pr\u00f3ximo.<\/strong><\/p>\n<p>La propuesta fue realizada durante la primera reuni\u00f3n paritaria llevada a cabo el pasado viernes en la Casa de Gobierno, y a la que asistieron el jefe de Gabinete,<strong> Juan Manuel Abal Medina<\/strong>, el ministro de Educaci\u00f3n de la Naci\u00f3n, <strong>Alberto Sileoni<\/strong>, y el secretario de Pol\u00edticas Universitarias, <strong>Mart\u00edn Gill<\/strong>. En la reuni\u00f3n tambi\u00e9n participaron representantes de los gremios Conadu, Conadu Hist\u00f3rica, Fedun, Fagdut, UDA y Ctera.<strong>Rita Villegas<\/strong>, secretaria general de la Conadu Hist\u00f3rica, explic\u00f3 que el gobierno nacional ofreci\u00f3 un aumento salarial<em> \u201cno acumulativo\u201d<\/em> dividido en tres cuotas: 16 por ciento en marzo, 2 por ciento en septiembre y otro 2 por ciento en diciembre.<\/p>\n<p><em>\u201cPor supuesto que lo rechazamos y quedamos en volver a reunirnos la semana pr\u00f3xima\u201d,<\/em> dijo la gremialista a la prensa. Villegas, adem\u00e1s, destac\u00f3 que el <em>\u201cmagro ofrecimiento\u201d<\/em> de haberes <em>\u201cni siquiera alcanz\u00f3 a ser el piso salarial\u201d<\/em> que el ministro Sileoni decret\u00f3 para los maestros de la Educaci\u00f3n obligatoria.<\/p>\n<p>Tras rechazar la propuesta salarial, el sindicato ratific\u00f3 la huelga de 48 horas prevista para martes y mi\u00e9rcoles pr\u00f3ximo, tal como hab\u00eda dispuesto el plenario de secretarios generales. Cabe recordar que la Asociaci\u00f3n de Docentes de la Universidad Nacional del Litoral (Adul) es una de las entidades de base de la Conadu Hist\u00f3rica, por lo que el paro alcanza a los docentes de la universidad local.<\/p>\n<p>Antes del encuentro, la Asociaci\u00f3n Gremial de Docentes de la Universidad Tecnol\u00f3gica Nacional (Fagdut) hab\u00eda anticipado que pedir\u00eda una suba salarial <em>\u201cno menor al 25 por ciento\u201d<\/em>. En tanto, la Conadu Hist\u00f3rica viene reclamando un aumento salarial del 30 % para el cargo testigo.<\/p>\n<p>Adem\u00e1s de los reclamos salariales y laborales, los gremios plantearon a las autoridades el pedido de derogaci\u00f3n del convenio de la dictadura militar por el cual descuentan un 4,5 por ciento compulsivamente a los docentes de la UBA para aportar a la Caja del Complemento. La solicitud, indicaron fuentes de Conadu Hist\u00f3rica, <em>\u201cpodr\u00eda tener novedades satisfactorias en los pr\u00f3ximos d\u00edas\u201d.<\/em><\/p>\n<p>Fuente: El Litoral.<\/p>\n","protected":false},"excerpt":{"rendered":"<p>Los docentes universitarios arrancaron su paritaria con el gobierno nacional. Conadu Hist&oacute;rica rechaz&oacute; la primera oferta de aumento salarial y llevar&aacute; a cabo otra medida de fuerza. Los docentes universitarios agremiados en la Conadu Hist&oacute;rica, uno de cuyos sindicatos de base es la Asociaci&oacute;n de Docentes de la Universidad Nacional del Litoral (Adul), rechazaron el [&hellip;]<\/p>\n","protected":false},"author":2,"featured_media":0,"comment_status":"open","ping_status":"open","sticky":false,"template":"","format":"standard","meta":{"fifu_image_url":"","fifu_image_alt":"","footnotes":""},"categories":[7],"tags":[],"class_list":{"0":"post-538","1":"post","2":"type-post","3":"status-publish","4":"format-standard","6":"category-nacionales"},"yoast_head":"<title>Sin acuerdo en paritarias, habr\u00e1 un paro universitario para el martes y mi\u00e9rcoles - Informe Litoral<\/title>\n<meta name=\"robots\" content=\"index, follow, max-snippet:-1, max-image-preview:large, max-video-preview:-1\" \/>\n<link rel=\"canonical\" href=\"https:\/\/informelitoral.com.ar\/sin-acuerdo-en-paritarias-habra-un-paro-universitario-para-el-martes-y-miercoles\/\" \/>\n<meta property=\"og:locale\" content=\"es_ES\" \/>\n<meta property=\"og:type\" content=\"article\" \/>\n<meta property=\"og:title\" content=\"Sin acuerdo en paritarias, habr\u00e1 un paro universitario para el martes y mi\u00e9rcoles - Informe Litoral\" \/>\n<meta property=\"og:description\" content=\"Los docentes universitarios arrancaron su paritaria con el gobierno nacional. Conadu Hist&oacute;rica rechaz&oacute; la primera oferta de aumento salarial y llevar&aacute; a cabo otra medida de fuerza. Los docentes universitarios agremiados en la Conadu Hist&oacute;rica, uno de cuyos sindicatos de base es la Asociaci&oacute;n de Docentes de la Universidad Nacional del Litoral (Adul), rechazaron el [&hellip;]\" \/>\n<meta property=\"og:url\" content=\"https:\/\/informelitoral.com.ar\/sin-acuerdo-en-paritarias-habra-un-paro-universitario-para-el-martes-y-miercoles\/\" \/>\n<meta property=\"og:site_name\" content=\"Informe Litoral\" \/>\n<meta property=\"article:publisher\" content=\"https:\/\/www.facebook.com\/informelitoral\/\" \/>\n<meta property=\"article:published_time\" content=\"2013-03-25T00:42:17+00:00\" \/>\n<meta property=\"og:image\" content=\"https:\/\/informelitoral.com.ar\/%77%70%2d%63%6f%6e%74%65%6e%74\/uploads\/2013\/03\/CONADU-Historica.jpg\" \/>\n\t<meta property=\"og:image:width\" content=\"520\" \/>\n\t<meta property=\"og:image:height\" content=\"292\" \/>\n\t<meta property=\"og:image:type\" content=\"image\/jpeg\" \/>\n<meta name=\"author\" content=\"Gonzalo Schmidt\" \/>\n<meta name=\"twitter:card\" content=\"summary_large_image\" \/>\n<meta name=\"twitter:creator\" content=\"@InformeLitoral\" \/>\n<meta name=\"twitter:site\" content=\"@InformeLitoral\" \/>\n<meta name=\"twitter:label1\" content=\"Escrito por\" \/>\n\t<meta name=\"twitter:data1\" content=\"Gonzalo Schmidt\" \/>\n\t<meta name=\"twitter:label2\" content=\"Tiempo de lectura\" \/>\n\t<meta name=\"twitter:data2\" content=\"2 minutos\" \/>\n<script type=\"application\/ld+json\" class=\"yoast-schema-graph\">{\"@context\":\"https:\\\/\\\/schema.org\",\"@graph\":[{\"@type\":\"Article\",\"@id\":\"https:\\\/\\\/informelitoral.com.ar\\\/sin-acuerdo-en-paritarias-habra-un-paro-universitario-para-el-martes-y-miercoles\\\/#article\",\"isPartOf\":{\"@id\":\"https:\\\/\\\/informelitoral.com.ar\\\/sin-acuerdo-en-paritarias-habra-un-paro-universitario-para-el-martes-y-miercoles\\\/\"},\"author\":{\"name\":\"Gonzalo Schmidt\",\"@id\":\"https:\\\/\\\/informelitoral.com.ar\\\/#\\\/schema\\\/person\\\/b9d00407c836482871ef1d57bf8e3180\"},\"headline\":\"Sin acuerdo en paritarias, habr\u00e1 un paro universitario para el martes y mi\u00e9rcoles\",\"datePublished\":\"2013-03-25T00:42:17+00:00\",\"mainEntityOfPage\":{\"@id\":\"https:\\\/\\\/informelitoral.com.ar\\\/sin-acuerdo-en-paritarias-habra-un-paro-universitario-para-el-martes-y-miercoles\\\/\"},\"wordCount\":460,\"commentCount\":0,\"publisher\":{\"@id\":\"https:\\\/\\\/informelitoral.com.ar\\\/#organization\"},\"image\":{\"@id\":\"https:\\\/\\\/informelitoral.com.ar\\\/sin-acuerdo-en-paritarias-habra-un-paro-universitario-para-el-martes-y-miercoles\\\/#primaryimage\"},\"thumbnailUrl\":\"http:\\\/\\\/www.isletasnoticias.com.ar\\\/%77%70%2d%63%6f%6e%74%65%6e%74\\\/uploads\\\/2013\\\/03\\\/CONADU-Historica-300x168.jpg\",\"articleSection\":[\"Nacionales\"],\"inLanguage\":\"es\",\"potentialAction\":[{\"@type\":\"CommentAction\",\"name\":\"Comment\",\"target\":[\"https:\\\/\\\/informelitoral.com.ar\\\/sin-acuerdo-en-paritarias-habra-un-paro-universitario-para-el-martes-y-miercoles\\\/#respond\"]}]},{\"@type\":\"WebPage\",\"@id\":\"https:\\\/\\\/informelitoral.com.ar\\\/sin-acuerdo-en-paritarias-habra-un-paro-universitario-para-el-martes-y-miercoles\\\/\",\"url\":\"https:\\\/\\\/informelitoral.com.ar\\\/sin-acuerdo-en-paritarias-habra-un-paro-universitario-para-el-martes-y-miercoles\\\/\",\"name\":\"Sin acuerdo en paritarias, habr\u00e1 un paro universitario para el martes y mi\u00e9rcoles - Informe Litoral\",\"isPartOf\":{\"@id\":\"https:\\\/\\\/informelitoral.com.ar\\\/#website\"},\"primaryImageOfPage\":{\"@id\":\"https:\\\/\\\/informelitoral.com.ar\\\/sin-acuerdo-en-paritarias-habra-un-paro-universitario-para-el-martes-y-miercoles\\\/#primaryimage\"},\"image\":{\"@id\":\"https:\\\/\\\/informelitoral.com.ar\\\/sin-acuerdo-en-paritarias-habra-un-paro-universitario-para-el-martes-y-miercoles\\\/#primaryimage\"},\"thumbnailUrl\":\"http:\\\/\\\/www.isletasnoticias.com.ar\\\/%77%70%2d%63%6f%6e%74%65%6e%74\\\/uploads\\\/2013\\\/03\\\/CONADU-Historica-300x168.jpg\",\"datePublished\":\"2013-03-25T00:42:17+00:00\",\"breadcrumb\":{\"@id\":\"https:\\\/\\\/informelitoral.com.ar\\\/sin-acuerdo-en-paritarias-habra-un-paro-universitario-para-el-martes-y-miercoles\\\/#breadcrumb\"},\"inLanguage\":\"es\",\"potentialAction\":[{\"@type\":\"ReadAction\",\"target\":[\"https:\\\/\\\/informelitoral.com.ar\\\/sin-acuerdo-en-paritarias-habra-un-paro-universitario-para-el-martes-y-miercoles\\\/\"]}]},{\"@type\":\"ImageObject\",\"inLanguage\":\"es\",\"@id\":\"https:\\\/\\\/informelitoral.com.ar\\\/sin-acuerdo-en-paritarias-habra-un-paro-universitario-para-el-martes-y-miercoles\\\/#primaryimage\",\"url\":\"http:\\\/\\\/www.isletasnoticias.com.ar\\\/%77%70%2d%63%6f%6e%74%65%6e%74\\\/uploads\\\/2013\\\/03\\\/CONADU-Historica-300x168.jpg\",\"contentUrl\":\"http:\\\/\\\/www.isletasnoticias.com.ar\\\/%77%70%2d%63%6f%6e%74%65%6e%74\\\/uploads\\\/2013\\\/03\\\/CONADU-Historica-300x168.jpg\"},{\"@type\":\"BreadcrumbList\",\"@id\":\"https:\\\/\\\/informelitoral.com.ar\\\/sin-acuerdo-en-paritarias-habra-un-paro-universitario-para-el-martes-y-miercoles\\\/#breadcrumb\",\"itemListElement\":[{\"@type\":\"ListItem\",\"position\":1,\"name\":\"Portada\",\"item\":\"https:\\\/\\\/informelitoral.com.ar\\\/\"},{\"@type\":\"ListItem\",\"position\":2,\"name\":\"Sin acuerdo en paritarias, habr\u00e1 un paro universitario para el martes y mi\u00e9rcoles\"}]},{\"@type\":\"WebSite\",\"@id\":\"https:\\\/\\\/informelitoral.com.ar\\\/#website\",\"url\":\"https:\\\/\\\/informelitoral.com.ar\\\/\",\"name\":\"Informe Litoral\",\"description\":\"&quot;Nos informamos&quot; \",\"publisher\":{\"@id\":\"https:\\\/\\\/informelitoral.com.ar\\\/#organization\"},\"potentialAction\":[{\"@type\":\"SearchAction\",\"target\":{\"@type\":\"EntryPoint\",\"urlTemplate\":\"https:\\\/\\\/informelitoral.com.ar\\\/?s={search_term_string}\"},\"query-input\":{\"@type\":\"PropertyValueSpecification\",\"valueRequired\":true,\"valueName\":\"search_term_string\"}}],\"inLanguage\":\"es\"},{\"@type\":\"Organization\",\"@id\":\"https:\\\/\\\/informelitoral.com.ar\\\/#organization\",\"name\":\"Informe Litoral\",\"url\":\"https:\\\/\\\/informelitoral.com.ar\\\/\",\"logo\":{\"@type\":\"ImageObject\",\"inLanguage\":\"es\",\"@id\":\"https:\\\/\\\/informelitoral.com.ar\\\/#\\\/schema\\\/logo\\\/image\\\/\",\"url\":\"https:\\\/\\\/informelitoral.com.ar\\\/%77%70%2d%63%6f%6e%74%65%6e%74\\\/uploads\\\/2021\\\/01\\\/circulo.png\",\"contentUrl\":\"https:\\\/\\\/informelitoral.com.ar\\\/%77%70%2d%63%6f%6e%74%65%6e%74\\\/uploads\\\/2021\\\/01\\\/circulo.png\",\"width\":723,\"height\":731,\"caption\":\"Informe Litoral\"},\"image\":{\"@id\":\"https:\\\/\\\/informelitoral.com.ar\\\/#\\\/schema\\\/logo\\\/image\\\/\"},\"sameAs\":[\"https:\\\/\\\/www.facebook.com\\\/informelitoral\\\/\",\"https:\\\/\\\/x.com\\\/InformeLitoral\",\"https:\\\/\\\/www.instagram.com\\\/informelitoral\\\/\",\"https:\\\/\\\/www.youtube.com\\\/channel\\\/UCua4Qvz8Icb6MYqhoq9xLXw\"]},{\"@type\":\"Person\",\"@id\":\"https:\\\/\\\/informelitoral.com.ar\\\/#\\\/schema\\\/person\\\/b9d00407c836482871ef1d57bf8e3180\",\"name\":\"Gonzalo Schmidt\",\"image\":{\"@type\":\"ImageObject\",\"inLanguage\":\"es\",\"@id\":\"https:\\\/\\\/secure.gravatar.com\\\/avatar\\\/31a1a7b66ff2de83bd0e9fd79d026630d2d99e55e8bfe501287647b4fd9743de?s=96&d=mm&r=g\",\"url\":\"https:\\\/\\\/secure.gravatar.com\\\/avatar\\\/31a1a7b66ff2de83bd0e9fd79d026630d2d99e55e8bfe501287647b4fd9743de?s=96&d=mm&r=g\",\"contentUrl\":\"https:\\\/\\\/secure.gravatar.com\\\/avatar\\\/31a1a7b66ff2de83bd0e9fd79d026630d2d99e55e8bfe501287647b4fd9743de?s=96&d=mm&r=g\",\"caption\":\"Gonzalo Schmidt\"},\"description\":\"Sitio web de noticias de la provincia de Entre R\u00edos, Argentina. Informaci\u00f3n y entretenimiento. Informe Litoral, nos informamos.\",\"sameAs\":[\"http:\\\/\\\/www.isletasnoticias.com.ar\"],\"url\":\"https:\\\/\\\/informelitoral.com.ar\\\/author\\\/gonzalo\\\/\"}]}<\/script>","yoast_head_json":{"title":"Sin acuerdo en paritarias, habr\u00e1 un paro universitario para el martes y mi\u00e9rcoles - Informe Litoral","robots":{"index":"index","follow":"follow","max-snippet":"max-snippet:-1","max-image-preview":"max-image-preview:large","max-video-preview":"max-video-preview:-1"},"canonical":"https:\/\/informelitoral.com.ar\/sin-acuerdo-en-paritarias-habra-un-paro-universitario-para-el-martes-y-miercoles\/","og_locale":"es_ES","og_type":"article","og_title":"Sin acuerdo en paritarias, habr\u00e1 un paro universitario para el martes y mi\u00e9rcoles - Informe Litoral","og_description":"Los docentes universitarios arrancaron su paritaria con el gobierno nacional. Conadu Hist&oacute;rica rechaz&oacute; la primera oferta de aumento salarial y llevar&aacute; a cabo otra medida de fuerza. Los docentes universitarios agremiados en la Conadu Hist&oacute;rica, uno de cuyos sindicatos de base es la Asociaci&oacute;n de Docentes de la Universidad Nacional del Litoral (Adul), rechazaron el [&hellip;]","og_url":"https:\/\/informelitoral.com.ar\/sin-acuerdo-en-paritarias-habra-un-paro-universitario-para-el-martes-y-miercoles\/","og_site_name":"Informe Litoral","article_publisher":"https:\/\/www.facebook.com\/informelitoral\/","article_published_time":"2013-03-25T00:42:17+00:00","og_image":[{"width":520,"height":292,"url":"https:\/\/informelitoral.com.ar\/%77%70%2d%63%6f%6e%74%65%6e%74\/uploads\/2013\/03\/CONADU-Historica.jpg","type":"image\/jpeg"}],"author":"Gonzalo Schmidt","twitter_card":"summary_large_image","twitter_creator":"@InformeLitoral","twitter_site":"@InformeLitoral","twitter_misc":{"Escrito por":"Gonzalo Schmidt","Tiempo de lectura":"2 minutos"},"schema":{"@context":"https:\/\/schema.org","@graph":[{"@type":"Article","@id":"https:\/\/informelitoral.com.ar\/sin-acuerdo-en-paritarias-habra-un-paro-universitario-para-el-martes-y-miercoles\/#article","isPartOf":{"@id":"https:\/\/informelitoral.com.ar\/sin-acuerdo-en-paritarias-habra-un-paro-universitario-para-el-martes-y-miercoles\/"},"author":{"name":"Gonzalo Schmidt","@id":"https:\/\/informelitoral.com.ar\/#\/schema\/person\/b9d00407c836482871ef1d57bf8e3180"},"headline":"Sin acuerdo en paritarias, habr\u00e1 un paro universitario para el martes y mi\u00e9rcoles","datePublished":"2013-03-25T00:42:17+00:00","mainEntityOfPage":{"@id":"https:\/\/informelitoral.com.ar\/sin-acuerdo-en-paritarias-habra-un-paro-universitario-para-el-martes-y-miercoles\/"},"wordCount":460,"commentCount":0,"publisher":{"@id":"https:\/\/informelitoral.com.ar\/#organization"},"image":{"@id":"https:\/\/informelitoral.com.ar\/sin-acuerdo-en-paritarias-habra-un-paro-universitario-para-el-martes-y-miercoles\/#primaryimage"},"thumbnailUrl":"http:\/\/www.isletasnoticias.com.ar\/%77%70%2d%63%6f%6e%74%65%6e%74\/uploads\/2013\/03\/CONADU-Historica-300x168.jpg","articleSection":["Nacionales"],"inLanguage":"es","potentialAction":[{"@type":"CommentAction","name":"Comment","target":["https:\/\/informelitoral.com.ar\/sin-acuerdo-en-paritarias-habra-un-paro-universitario-para-el-martes-y-miercoles\/#respond"]}]},{"@type":"WebPage","@id":"https:\/\/informelitoral.com.ar\/sin-acuerdo-en-paritarias-habra-un-paro-universitario-para-el-martes-y-miercoles\/","url":"https:\/\/informelitoral.com.ar\/sin-acuerdo-en-paritarias-habra-un-paro-universitario-para-el-martes-y-miercoles\/","name":"Sin acuerdo en paritarias, habr\u00e1 un paro universitario para el martes y mi\u00e9rcoles - Informe Litoral","isPartOf":{"@id":"https:\/\/informelitoral.com.ar\/#website"},"primaryImageOfPage":{"@id":"https:\/\/informelitoral.com.ar\/sin-acuerdo-en-paritarias-habra-un-paro-universitario-para-el-martes-y-miercoles\/#primaryimage"},"image":{"@id":"https:\/\/informelitoral.com.ar\/sin-acuerdo-en-paritarias-habra-un-paro-universitario-para-el-martes-y-miercoles\/#primaryimage"},"thumbnailUrl":"http:\/\/www.isletasnoticias.com.ar\/%77%70%2d%63%6f%6e%74%65%6e%74\/uploads\/2013\/03\/CONADU-Historica-300x168.jpg","datePublished":"2013-03-25T00:42:17+00:00","breadcrumb":{"@id":"https:\/\/informelitoral.com.ar\/sin-acuerdo-en-paritarias-habra-un-paro-universitario-para-el-martes-y-miercoles\/#breadcrumb"},"inLanguage":"es","potentialAction":[{"@type":"ReadAction","target":["https:\/\/informelitoral.com.ar\/sin-acuerdo-en-paritarias-habra-un-paro-universitario-para-el-martes-y-miercoles\/"]}]},{"@type":"ImageObject","inLanguage":"es","@id":"https:\/\/informelitoral.com.ar\/sin-acuerdo-en-paritarias-habra-un-paro-universitario-para-el-martes-y-miercoles\/#primaryimage","url":"http:\/\/www.isletasnoticias.com.ar\/%77%70%2d%63%6f%6e%74%65%6e%74\/uploads\/2013\/03\/CONADU-Historica-300x168.jpg","contentUrl":"http:\/\/www.isletasnoticias.com.ar\/%77%70%2d%63%6f%6e%74%65%6e%74\/uploads\/2013\/03\/CONADU-Historica-300x168.jpg"},{"@type":"BreadcrumbList","@id":"https:\/\/informelitoral.com.ar\/sin-acuerdo-en-paritarias-habra-un-paro-universitario-para-el-martes-y-miercoles\/#breadcrumb","itemListElement":[{"@type":"ListItem","position":1,"name":"Portada","item":"https:\/\/informelitoral.com.ar\/"},{"@type":"ListItem","position":2,"name":"Sin acuerdo en paritarias, habr\u00e1 un paro universitario para el martes y mi\u00e9rcoles"}]},{"@type":"WebSite","@id":"https:\/\/informelitoral.com.ar\/#website","url":"https:\/\/informelitoral.com.ar\/","name":"Informe Litoral","description":"&quot;Nos informamos&quot; ","publisher":{"@id":"https:\/\/informelitoral.com.ar\/#organization"},"potentialAction":[{"@type":"SearchAction","target":{"@type":"EntryPoint","urlTemplate":"https:\/\/informelitoral.com.ar\/?s={search_term_string}"},"query-input":{"@type":"PropertyValueSpecification","valueRequired":true,"valueName":"search_term_string"}}],"inLanguage":"es"},{"@type":"Organization","@id":"https:\/\/informelitoral.com.ar\/#organization","name":"Informe Litoral","url":"https:\/\/informelitoral.com.ar\/","logo":{"@type":"ImageObject","inLanguage":"es","@id":"https:\/\/informelitoral.com.ar\/#\/schema\/logo\/image\/","url":"https:\/\/informelitoral.com.ar\/%77%70%2d%63%6f%6e%74%65%6e%74\/uploads\/2021\/01\/circulo.png","contentUrl":"https:\/\/informelitoral.com.ar\/%77%70%2d%63%6f%6e%74%65%6e%74\/uploads\/2021\/01\/circulo.png","width":723,"height":731,"caption":"Informe Litoral"},"image":{"@id":"https:\/\/informelitoral.com.ar\/#\/schema\/logo\/image\/"},"sameAs":["https:\/\/www.facebook.com\/informelitoral\/","https:\/\/x.com\/InformeLitoral","https:\/\/www.instagram.com\/informelitoral\/","https:\/\/www.youtube.com\/channel\/UCua4Qvz8Icb6MYqhoq9xLXw"]},{"@type":"Person","@id":"https:\/\/informelitoral.com.ar\/#\/schema\/person\/b9d00407c836482871ef1d57bf8e3180","name":"Gonzalo Schmidt","image":{"@type":"ImageObject","inLanguage":"es","@id":"https:\/\/secure.gravatar.com\/avatar\/31a1a7b66ff2de83bd0e9fd79d026630d2d99e55e8bfe501287647b4fd9743de?s=96&d=mm&r=g","url":"https:\/\/secure.gravatar.com\/avatar\/31a1a7b66ff2de83bd0e9fd79d026630d2d99e55e8bfe501287647b4fd9743de?s=96&d=mm&r=g","contentUrl":"https:\/\/secure.gravatar.com\/avatar\/31a1a7b66ff2de83bd0e9fd79d026630d2d99e55e8bfe501287647b4fd9743de?s=96&d=mm&r=g","caption":"Gonzalo Schmidt"},"description":"Sitio web de noticias de la provincia de Entre R\u00edos, Argentina. Informaci\u00f3n y entretenimiento. Informe Litoral, nos informamos.","sameAs":["http:\/\/www.isletasnoticias.com.ar"],"url":"https:\/\/informelitoral.com.ar\/author\/gonzalo\/"}]}},"_links":{"self":[{"href":"https:\/\/informelitoral.com.ar\/%77%70%2d%6a%73%6f%6e\/wp\/v2\/posts\/538","targetHints":{"allow":["GET"]}}],"collection":[{"href":"https:\/\/informelitoral.com.ar\/%77%70%2d%6a%73%6f%6e\/wp\/v2\/posts"}],"about":[{"href":"https:\/\/informelitoral.com.ar\/%77%70%2d%6a%73%6f%6e\/wp\/v2\/types\/post"}],"author":[{"embeddable":true,"href":"https:\/\/informelitoral.com.ar\/%77%70%2d%6a%73%6f%6e\/wp\/v2\/users\/2"}],"replies":[{"embeddable":true,"href":"https:\/\/informelitoral.com.ar\/%77%70%2d%6a%73%6f%6e\/wp\/v2\/comments?post=538"}],"version-history":[{"count":0,"href":"https:\/\/informelitoral.com.ar\/%77%70%2d%6a%73%6f%6e\/wp\/v2\/posts\/538\/revisions"}],"wp:attachment":[{"href":"https:\/\/informelitoral.com.ar\/%77%70%2d%6a%73%6f%6e\/wp\/v2\/media?parent=538"}],"wp:term":[{"taxonomy":"category","embeddable":true,"href":"https:\/\/informelitoral.com.ar\/%77%70%2d%6a%73%6f%6e\/wp\/v2\/categories?post=538"},{"taxonomy":"post_tag","embeddable":true,"href":"https:\/\/informelitoral.com.ar\/%77%70%2d%6a%73%6f%6e\/wp\/v2\/tags?post=538"}],"curies":[{"name":"wp","href":"https:\/\/api.w.org\/{rel}","templated":true}]}}