{"id":53768,"date":"2020-11-27T19:57:26","date_gmt":"2020-11-27T22:57:26","guid":{"rendered":"https:\/\/www.isletasnoticias.com.ar\/?p=53768"},"modified":"2020-11-27T19:57:26","modified_gmt":"2020-11-27T22:57:26","slug":"covid-19-fernandez-analizo-con-los-gobernadores-como-seguira-el-aislamiento","status":"publish","type":"post","link":"https:\/\/informelitoral.com.ar\/covid-19-fernandez-analizo-con-los-gobernadores-como-seguira-el-aislamiento\/","title":{"rendered":"Covid-19: Fern\u00e1ndez analiz\u00f3 con los gobernadores c\u00f3mo seguir\u00e1 el aislamiento"},"content":{"rendered":"<p>El presidente Alberto Fern\u00e1ndez mantuvo esta tarde una reuni\u00f3n por videoconferencia con gobernadores y gobernadoras para evaluar la situaci\u00f3n sanitaria con respecto a la pandemia de coronavirus en las distintas provincias.<\/p>\n<p>Participaron Axel Kicillof (Buenos Aires); Horacio Rodr\u00edguez Larreta (CABA); Ra\u00fal Jalil (Catamarca); Jorge Capitanich (Chaco); Mariano Arcioni (Chubut); Juan Schiaretti (C\u00f3rdoba), Gustavo Vald\u00e9s (Corrientes); Gustavo Bordet (Entre R\u00edos); Gildo Insfr\u00e1n (Formosa); Gerardo Morales (Jujuy); Ricardo Quintela (La Rioja); Rodolfo Su\u00e1rez (Mendoza); Oscar Herrera Ahuad (Misiones); Omar Guti\u00e9rrez (Neuqu\u00e9n); Arabela Carreras (R\u00edos Negro); Gustavo S\u00e1enz (Salta); Sergio U\u00f1ac (San Juan); Alberto Rodr\u00edguez Sa\u00e1 (San Luis); Alicia Kirchner (Santa Cruz); Omar Perotti (Santa Fe); Gerardo Zamora (Santiago del Estero); Gustavo Melella (Tierra del Fuego); Juan Manzur (Tucum\u00e1n) y Sergio Ziliotto ( La Pampa).<\/p>\n<p>El mandatario se comunic\u00f3 desde la Casa Rosada acompa\u00f1ado del jefe de Gabinete, Santiago Cafiero; los ministros de Salud, Gin\u00e9s Gonz\u00e1lez Garc\u00eda; el\u00a0secretario General, Julio Vitobello, y la directora Ejecutiva de PAMI, Luana Volnovich.<\/p>\n","protected":false},"excerpt":{"rendered":"<p>El presidente Alberto Fern&aacute;ndez mantuvo esta tarde una reuni&oacute;n por videoconferencia con gobernadores y gobernadoras para evaluar la situaci&oacute;n sanitaria con respecto a la pandemia de coronavirus en las distintas provincias. Participaron Axel Kicillof (Buenos Aires); Horacio Rodr&iacute;guez Larreta (CABA); Ra&uacute;l Jalil (Catamarca); Jorge Capitanich (Chaco); Mariano Arcioni (Chubut); Juan Schiaretti (C&oacute;rdoba), Gustavo Vald&eacute;s (Corrientes); [&hellip;]<\/p>\n","protected":false},"author":8,"featured_media":53769,"comment_status":"open","ping_status":"open","sticky":false,"template":"","format":"standard","meta":{"fifu_image_url":"","fifu_image_alt":"","footnotes":""},"categories":[9],"tags":[1311,1481,1694,1494,124],"class_list":{"0":"post-53768","1":"post","2":"type-post","3":"status-publish","4":"format-standard","5":"has-post-thumbnail","7":"category-sociedad","8":"tag-alberto-fernandez","9":"tag-covid-19","10":"tag-nacionales","11":"tag-pandemia","12":"tag-sociedad"},"yoast_head":"<title>Covid-19: Fern\u00e1ndez analiz\u00f3 con los gobernadores c\u00f3mo seguir\u00e1 el aislamiento - Informe Litoral<\/title>\n<meta name=\"robots\" content=\"index, follow, max-snippet:-1, max-image-preview:large, max-video-preview:-1\" \/>\n<link rel=\"canonical\" href=\"https:\/\/informelitoral.com.ar\/covid-19-fernandez-analizo-con-los-gobernadores-como-seguira-el-aislamiento\/\" \/>\n<meta property=\"og:locale\" content=\"es_ES\" \/>\n<meta property=\"og:type\" content=\"article\" \/>\n<meta property=\"og:title\" content=\"Covid-19: Fern\u00e1ndez analiz\u00f3 con los gobernadores c\u00f3mo seguir\u00e1 el aislamiento - Informe Litoral\" \/>\n<meta property=\"og:description\" content=\"El presidente Alberto Fern&aacute;ndez mantuvo esta tarde una reuni&oacute;n por videoconferencia con gobernadores y gobernadoras para evaluar la situaci&oacute;n sanitaria con respecto a la pandemia de coronavirus en las distintas provincias. Participaron Axel Kicillof (Buenos Aires); Horacio Rodr&iacute;guez Larreta (CABA); Ra&uacute;l Jalil (Catamarca); Jorge Capitanich (Chaco); Mariano Arcioni (Chubut); Juan Schiaretti (C&oacute;rdoba), Gustavo Vald&eacute;s (Corrientes); [&hellip;]\" \/>\n<meta property=\"og:url\" content=\"https:\/\/informelitoral.com.ar\/covid-19-fernandez-analizo-con-los-gobernadores-como-seguira-el-aislamiento\/\" \/>\n<meta property=\"og:site_name\" content=\"Informe Litoral\" \/>\n<meta property=\"article:publisher\" content=\"https:\/\/www.facebook.com\/informelitoral\/\" \/>\n<meta property=\"article:published_time\" content=\"2020-11-27T22:57:26+00:00\" \/>\n<meta property=\"og:image\" content=\"https:\/\/informelitoral.com.ar\/%77%70%2d%63%6f%6e%74%65%6e%74\/uploads\/2020\/11\/whatsapp_image_2020-11-27_at_19.04.21.jpeg\" \/>\n\t<meta property=\"og:image:width\" content=\"1280\" \/>\n\t<meta property=\"og:image:height\" content=\"853\" \/>\n\t<meta property=\"og:image:type\" content=\"image\/jpeg\" \/>\n<meta name=\"author\" content=\"Sebastian\" \/>\n<meta name=\"twitter:card\" content=\"summary_large_image\" \/>\n<meta name=\"twitter:creator\" content=\"@InformeLitoral\" \/>\n<meta name=\"twitter:site\" content=\"@InformeLitoral\" \/>\n<meta name=\"twitter:label1\" content=\"Escrito por\" \/>\n\t<meta name=\"twitter:data1\" content=\"Sebastian\" \/>\n\t<meta name=\"twitter:label2\" content=\"Tiempo de lectura\" \/>\n\t<meta name=\"twitter:data2\" content=\"1 minuto\" \/>\n<script type=\"application\/ld+json\" class=\"yoast-schema-graph\">{\"@context\":\"https:\\\/\\\/schema.org\",\"@graph\":[{\"@type\":\"Article\",\"@id\":\"https:\\\/\\\/informelitoral.com.ar\\\/covid-19-fernandez-analizo-con-los-gobernadores-como-seguira-el-aislamiento\\\/#article\",\"isPartOf\":{\"@id\":\"https:\\\/\\\/informelitoral.com.ar\\\/covid-19-fernandez-analizo-con-los-gobernadores-como-seguira-el-aislamiento\\\/\"},\"author\":{\"name\":\"Sebastian\",\"@id\":\"https:\\\/\\\/informelitoral.com.ar\\\/#\\\/schema\\\/person\\\/f05f9f461677119578717524b127d6d5\"},\"headline\":\"Covid-19: Fern\u00e1ndez analiz\u00f3 con los gobernadores c\u00f3mo seguir\u00e1 el aislamiento\",\"datePublished\":\"2020-11-27T22:57:26+00:00\",\"mainEntityOfPage\":{\"@id\":\"https:\\\/\\\/informelitoral.com.ar\\\/covid-19-fernandez-analizo-con-los-gobernadores-como-seguira-el-aislamiento\\\/\"},\"wordCount\":189,\"commentCount\":0,\"publisher\":{\"@id\":\"https:\\\/\\\/informelitoral.com.ar\\\/#organization\"},\"image\":{\"@id\":\"https:\\\/\\\/informelitoral.com.ar\\\/covid-19-fernandez-analizo-con-los-gobernadores-como-seguira-el-aislamiento\\\/#primaryimage\"},\"thumbnailUrl\":\"https:\\\/\\\/informelitoral.com.ar\\\/%77%70%2d%63%6f%6e%74%65%6e%74\\\/uploads\\\/2020\\\/11\\\/whatsapp_image_2020-11-27_at_19.04.21.jpeg\",\"keywords\":[\"Alberto Fern\u00e1ndez\",\"COVID-19\",\"Nacionales\",\"Pandemia\",\"Sociedad\"],\"articleSection\":[\"Sociedad\"],\"inLanguage\":\"es\",\"potentialAction\":[{\"@type\":\"CommentAction\",\"name\":\"Comment\",\"target\":[\"https:\\\/\\\/informelitoral.com.ar\\\/covid-19-fernandez-analizo-con-los-gobernadores-como-seguira-el-aislamiento\\\/#respond\"]}]},{\"@type\":\"WebPage\",\"@id\":\"https:\\\/\\\/informelitoral.com.ar\\\/covid-19-fernandez-analizo-con-los-gobernadores-como-seguira-el-aislamiento\\\/\",\"url\":\"https:\\\/\\\/informelitoral.com.ar\\\/covid-19-fernandez-analizo-con-los-gobernadores-como-seguira-el-aislamiento\\\/\",\"name\":\"Covid-19: Fern\u00e1ndez analiz\u00f3 con los gobernadores c\u00f3mo seguir\u00e1 el aislamiento - Informe Litoral\",\"isPartOf\":{\"@id\":\"https:\\\/\\\/informelitoral.com.ar\\\/#website\"},\"primaryImageOfPage\":{\"@id\":\"https:\\\/\\\/informelitoral.com.ar\\\/covid-19-fernandez-analizo-con-los-gobernadores-como-seguira-el-aislamiento\\\/#primaryimage\"},\"image\":{\"@id\":\"https:\\\/\\\/informelitoral.com.ar\\\/covid-19-fernandez-analizo-con-los-gobernadores-como-seguira-el-aislamiento\\\/#primaryimage\"},\"thumbnailUrl\":\"https:\\\/\\\/informelitoral.com.ar\\\/%77%70%2d%63%6f%6e%74%65%6e%74\\\/uploads\\\/2020\\\/11\\\/whatsapp_image_2020-11-27_at_19.04.21.jpeg\",\"datePublished\":\"2020-11-27T22:57:26+00:00\",\"breadcrumb\":{\"@id\":\"https:\\\/\\\/informelitoral.com.ar\\\/covid-19-fernandez-analizo-con-los-gobernadores-como-seguira-el-aislamiento\\\/#breadcrumb\"},\"inLanguage\":\"es\",\"potentialAction\":[{\"@type\":\"ReadAction\",\"target\":[\"https:\\\/\\\/informelitoral.com.ar\\\/covid-19-fernandez-analizo-con-los-gobernadores-como-seguira-el-aislamiento\\\/\"]}]},{\"@type\":\"ImageObject\",\"inLanguage\":\"es\",\"@id\":\"https:\\\/\\\/informelitoral.com.ar\\\/covid-19-fernandez-analizo-con-los-gobernadores-como-seguira-el-aislamiento\\\/#primaryimage\",\"url\":\"https:\\\/\\\/informelitoral.com.ar\\\/%77%70%2d%63%6f%6e%74%65%6e%74\\\/uploads\\\/2020\\\/11\\\/whatsapp_image_2020-11-27_at_19.04.21.jpeg\",\"contentUrl\":\"https:\\\/\\\/informelitoral.com.ar\\\/%77%70%2d%63%6f%6e%74%65%6e%74\\\/uploads\\\/2020\\\/11\\\/whatsapp_image_2020-11-27_at_19.04.21.jpeg\",\"width\":1280,\"height\":853},{\"@type\":\"BreadcrumbList\",\"@id\":\"https:\\\/\\\/informelitoral.com.ar\\\/covid-19-fernandez-analizo-con-los-gobernadores-como-seguira-el-aislamiento\\\/#breadcrumb\",\"itemListElement\":[{\"@type\":\"ListItem\",\"position\":1,\"name\":\"Portada\",\"item\":\"https:\\\/\\\/informelitoral.com.ar\\\/\"},{\"@type\":\"ListItem\",\"position\":2,\"name\":\"Covid-19: Fern\u00e1ndez analiz\u00f3 con los gobernadores c\u00f3mo seguir\u00e1 el aislamiento\"}]},{\"@type\":\"WebSite\",\"@id\":\"https:\\\/\\\/informelitoral.com.ar\\\/#website\",\"url\":\"https:\\\/\\\/informelitoral.com.ar\\\/\",\"name\":\"Informe Litoral\",\"description\":\"&quot;Nos informamos&quot; \",\"publisher\":{\"@id\":\"https:\\\/\\\/informelitoral.com.ar\\\/#organization\"},\"potentialAction\":[{\"@type\":\"SearchAction\",\"target\":{\"@type\":\"EntryPoint\",\"urlTemplate\":\"https:\\\/\\\/informelitoral.com.ar\\\/?s={search_term_string}\"},\"query-input\":{\"@type\":\"PropertyValueSpecification\",\"valueRequired\":true,\"valueName\":\"search_term_string\"}}],\"inLanguage\":\"es\"},{\"@type\":\"Organization\",\"@id\":\"https:\\\/\\\/informelitoral.com.ar\\\/#organization\",\"name\":\"Informe Litoral\",\"url\":\"https:\\\/\\\/informelitoral.com.ar\\\/\",\"logo\":{\"@type\":\"ImageObject\",\"inLanguage\":\"es\",\"@id\":\"https:\\\/\\\/informelitoral.com.ar\\\/#\\\/schema\\\/logo\\\/image\\\/\",\"url\":\"https:\\\/\\\/informelitoral.com.ar\\\/%77%70%2d%63%6f%6e%74%65%6e%74\\\/uploads\\\/2021\\\/01\\\/circulo.png\",\"contentUrl\":\"https:\\\/\\\/informelitoral.com.ar\\\/%77%70%2d%63%6f%6e%74%65%6e%74\\\/uploads\\\/2021\\\/01\\\/circulo.png\",\"width\":723,\"height\":731,\"caption\":\"Informe Litoral\"},\"image\":{\"@id\":\"https:\\\/\\\/informelitoral.com.ar\\\/#\\\/schema\\\/logo\\\/image\\\/\"},\"sameAs\":[\"https:\\\/\\\/www.facebook.com\\\/informelitoral\\\/\",\"https:\\\/\\\/x.com\\\/InformeLitoral\",\"https:\\\/\\\/www.instagram.com\\\/informelitoral\\\/\",\"https:\\\/\\\/www.youtube.com\\\/channel\\\/UCua4Qvz8Icb6MYqhoq9xLXw\"]},{\"@type\":\"Person\",\"@id\":\"https:\\\/\\\/informelitoral.com.ar\\\/#\\\/schema\\\/person\\\/f05f9f461677119578717524b127d6d5\",\"name\":\"Sebastian\",\"image\":{\"@type\":\"ImageObject\",\"inLanguage\":\"es\",\"@id\":\"https:\\\/\\\/secure.gravatar.com\\\/avatar\\\/b71bf7481d447dfb9583c7f2798e7cc64de6efb9067b74633ed8c31059a3bd82?s=96&d=mm&r=g\",\"url\":\"https:\\\/\\\/secure.gravatar.com\\\/avatar\\\/b71bf7481d447dfb9583c7f2798e7cc64de6efb9067b74633ed8c31059a3bd82?s=96&d=mm&r=g\",\"contentUrl\":\"https:\\\/\\\/secure.gravatar.com\\\/avatar\\\/b71bf7481d447dfb9583c7f2798e7cc64de6efb9067b74633ed8c31059a3bd82?s=96&d=mm&r=g\",\"caption\":\"Sebastian\"},\"url\":\"https:\\\/\\\/informelitoral.com.ar\\\/author\\\/sebastian\\\/\"}]}<\/script>","yoast_head_json":{"title":"Covid-19: Fern\u00e1ndez analiz\u00f3 con los gobernadores c\u00f3mo seguir\u00e1 el aislamiento - Informe Litoral","robots":{"index":"index","follow":"follow","max-snippet":"max-snippet:-1","max-image-preview":"max-image-preview:large","max-video-preview":"max-video-preview:-1"},"canonical":"https:\/\/informelitoral.com.ar\/covid-19-fernandez-analizo-con-los-gobernadores-como-seguira-el-aislamiento\/","og_locale":"es_ES","og_type":"article","og_title":"Covid-19: Fern\u00e1ndez analiz\u00f3 con los gobernadores c\u00f3mo seguir\u00e1 el aislamiento - Informe Litoral","og_description":"El presidente Alberto Fern&aacute;ndez mantuvo esta tarde una reuni&oacute;n por videoconferencia con gobernadores y gobernadoras para evaluar la situaci&oacute;n sanitaria con respecto a la pandemia de coronavirus en las distintas provincias. Participaron Axel Kicillof (Buenos Aires); Horacio Rodr&iacute;guez Larreta (CABA); Ra&uacute;l Jalil (Catamarca); Jorge Capitanich (Chaco); Mariano Arcioni (Chubut); Juan Schiaretti (C&oacute;rdoba), Gustavo Vald&eacute;s (Corrientes); [&hellip;]","og_url":"https:\/\/informelitoral.com.ar\/covid-19-fernandez-analizo-con-los-gobernadores-como-seguira-el-aislamiento\/","og_site_name":"Informe Litoral","article_publisher":"https:\/\/www.facebook.com\/informelitoral\/","article_published_time":"2020-11-27T22:57:26+00:00","og_image":[{"width":1280,"height":853,"url":"https:\/\/informelitoral.com.ar\/%77%70%2d%63%6f%6e%74%65%6e%74\/uploads\/2020\/11\/whatsapp_image_2020-11-27_at_19.04.21.jpeg","type":"image\/jpeg"}],"author":"Sebastian","twitter_card":"summary_large_image","twitter_creator":"@InformeLitoral","twitter_site":"@InformeLitoral","twitter_misc":{"Escrito por":"Sebastian","Tiempo de lectura":"1 minuto"},"schema":{"@context":"https:\/\/schema.org","@graph":[{"@type":"Article","@id":"https:\/\/informelitoral.com.ar\/covid-19-fernandez-analizo-con-los-gobernadores-como-seguira-el-aislamiento\/#article","isPartOf":{"@id":"https:\/\/informelitoral.com.ar\/covid-19-fernandez-analizo-con-los-gobernadores-como-seguira-el-aislamiento\/"},"author":{"name":"Sebastian","@id":"https:\/\/informelitoral.com.ar\/#\/schema\/person\/f05f9f461677119578717524b127d6d5"},"headline":"Covid-19: Fern\u00e1ndez analiz\u00f3 con los gobernadores c\u00f3mo seguir\u00e1 el aislamiento","datePublished":"2020-11-27T22:57:26+00:00","mainEntityOfPage":{"@id":"https:\/\/informelitoral.com.ar\/covid-19-fernandez-analizo-con-los-gobernadores-como-seguira-el-aislamiento\/"},"wordCount":189,"commentCount":0,"publisher":{"@id":"https:\/\/informelitoral.com.ar\/#organization"},"image":{"@id":"https:\/\/informelitoral.com.ar\/covid-19-fernandez-analizo-con-los-gobernadores-como-seguira-el-aislamiento\/#primaryimage"},"thumbnailUrl":"https:\/\/informelitoral.com.ar\/%77%70%2d%63%6f%6e%74%65%6e%74\/uploads\/2020\/11\/whatsapp_image_2020-11-27_at_19.04.21.jpeg","keywords":["Alberto Fern\u00e1ndez","COVID-19","Nacionales","Pandemia","Sociedad"],"articleSection":["Sociedad"],"inLanguage":"es","potentialAction":[{"@type":"CommentAction","name":"Comment","target":["https:\/\/informelitoral.com.ar\/covid-19-fernandez-analizo-con-los-gobernadores-como-seguira-el-aislamiento\/#respond"]}]},{"@type":"WebPage","@id":"https:\/\/informelitoral.com.ar\/covid-19-fernandez-analizo-con-los-gobernadores-como-seguira-el-aislamiento\/","url":"https:\/\/informelitoral.com.ar\/covid-19-fernandez-analizo-con-los-gobernadores-como-seguira-el-aislamiento\/","name":"Covid-19: Fern\u00e1ndez analiz\u00f3 con los gobernadores c\u00f3mo seguir\u00e1 el aislamiento - Informe Litoral","isPartOf":{"@id":"https:\/\/informelitoral.com.ar\/#website"},"primaryImageOfPage":{"@id":"https:\/\/informelitoral.com.ar\/covid-19-fernandez-analizo-con-los-gobernadores-como-seguira-el-aislamiento\/#primaryimage"},"image":{"@id":"https:\/\/informelitoral.com.ar\/covid-19-fernandez-analizo-con-los-gobernadores-como-seguira-el-aislamiento\/#primaryimage"},"thumbnailUrl":"https:\/\/informelitoral.com.ar\/%77%70%2d%63%6f%6e%74%65%6e%74\/uploads\/2020\/11\/whatsapp_image_2020-11-27_at_19.04.21.jpeg","datePublished":"2020-11-27T22:57:26+00:00","breadcrumb":{"@id":"https:\/\/informelitoral.com.ar\/covid-19-fernandez-analizo-con-los-gobernadores-como-seguira-el-aislamiento\/#breadcrumb"},"inLanguage":"es","potentialAction":[{"@type":"ReadAction","target":["https:\/\/informelitoral.com.ar\/covid-19-fernandez-analizo-con-los-gobernadores-como-seguira-el-aislamiento\/"]}]},{"@type":"ImageObject","inLanguage":"es","@id":"https:\/\/informelitoral.com.ar\/covid-19-fernandez-analizo-con-los-gobernadores-como-seguira-el-aislamiento\/#primaryimage","url":"https:\/\/informelitoral.com.ar\/%77%70%2d%63%6f%6e%74%65%6e%74\/uploads\/2020\/11\/whatsapp_image_2020-11-27_at_19.04.21.jpeg","contentUrl":"https:\/\/informelitoral.com.ar\/%77%70%2d%63%6f%6e%74%65%6e%74\/uploads\/2020\/11\/whatsapp_image_2020-11-27_at_19.04.21.jpeg","width":1280,"height":853},{"@type":"BreadcrumbList","@id":"https:\/\/informelitoral.com.ar\/covid-19-fernandez-analizo-con-los-gobernadores-como-seguira-el-aislamiento\/#breadcrumb","itemListElement":[{"@type":"ListItem","position":1,"name":"Portada","item":"https:\/\/informelitoral.com.ar\/"},{"@type":"ListItem","position":2,"name":"Covid-19: Fern\u00e1ndez analiz\u00f3 con los gobernadores c\u00f3mo seguir\u00e1 el aislamiento"}]},{"@type":"WebSite","@id":"https:\/\/informelitoral.com.ar\/#website","url":"https:\/\/informelitoral.com.ar\/","name":"Informe Litoral","description":"&quot;Nos informamos&quot; ","publisher":{"@id":"https:\/\/informelitoral.com.ar\/#organization"},"potentialAction":[{"@type":"SearchAction","target":{"@type":"EntryPoint","urlTemplate":"https:\/\/informelitoral.com.ar\/?s={search_term_string}"},"query-input":{"@type":"PropertyValueSpecification","valueRequired":true,"valueName":"search_term_string"}}],"inLanguage":"es"},{"@type":"Organization","@id":"https:\/\/informelitoral.com.ar\/#organization","name":"Informe Litoral","url":"https:\/\/informelitoral.com.ar\/","logo":{"@type":"ImageObject","inLanguage":"es","@id":"https:\/\/informelitoral.com.ar\/#\/schema\/logo\/image\/","url":"https:\/\/informelitoral.com.ar\/%77%70%2d%63%6f%6e%74%65%6e%74\/uploads\/2021\/01\/circulo.png","contentUrl":"https:\/\/informelitoral.com.ar\/%77%70%2d%63%6f%6e%74%65%6e%74\/uploads\/2021\/01\/circulo.png","width":723,"height":731,"caption":"Informe Litoral"},"image":{"@id":"https:\/\/informelitoral.com.ar\/#\/schema\/logo\/image\/"},"sameAs":["https:\/\/www.facebook.com\/informelitoral\/","https:\/\/x.com\/InformeLitoral","https:\/\/www.instagram.com\/informelitoral\/","https:\/\/www.youtube.com\/channel\/UCua4Qvz8Icb6MYqhoq9xLXw"]},{"@type":"Person","@id":"https:\/\/informelitoral.com.ar\/#\/schema\/person\/f05f9f461677119578717524b127d6d5","name":"Sebastian","image":{"@type":"ImageObject","inLanguage":"es","@id":"https:\/\/secure.gravatar.com\/avatar\/b71bf7481d447dfb9583c7f2798e7cc64de6efb9067b74633ed8c31059a3bd82?s=96&d=mm&r=g","url":"https:\/\/secure.gravatar.com\/avatar\/b71bf7481d447dfb9583c7f2798e7cc64de6efb9067b74633ed8c31059a3bd82?s=96&d=mm&r=g","contentUrl":"https:\/\/secure.gravatar.com\/avatar\/b71bf7481d447dfb9583c7f2798e7cc64de6efb9067b74633ed8c31059a3bd82?s=96&d=mm&r=g","caption":"Sebastian"},"url":"https:\/\/informelitoral.com.ar\/author\/sebastian\/"}]}},"_links":{"self":[{"href":"https:\/\/informelitoral.com.ar\/%77%70%2d%6a%73%6f%6e\/wp\/v2\/posts\/53768","targetHints":{"allow":["GET"]}}],"collection":[{"href":"https:\/\/informelitoral.com.ar\/%77%70%2d%6a%73%6f%6e\/wp\/v2\/posts"}],"about":[{"href":"https:\/\/informelitoral.com.ar\/%77%70%2d%6a%73%6f%6e\/wp\/v2\/types\/post"}],"author":[{"embeddable":true,"href":"https:\/\/informelitoral.com.ar\/%77%70%2d%6a%73%6f%6e\/wp\/v2\/users\/8"}],"replies":[{"embeddable":true,"href":"https:\/\/informelitoral.com.ar\/%77%70%2d%6a%73%6f%6e\/wp\/v2\/comments?post=53768"}],"version-history":[{"count":0,"href":"https:\/\/informelitoral.com.ar\/%77%70%2d%6a%73%6f%6e\/wp\/v2\/posts\/53768\/revisions"}],"wp:featuredmedia":[{"embeddable":true,"href":"https:\/\/informelitoral.com.ar\/%77%70%2d%6a%73%6f%6e\/wp\/v2\/media\/53769"}],"wp:attachment":[{"href":"https:\/\/informelitoral.com.ar\/%77%70%2d%6a%73%6f%6e\/wp\/v2\/media?parent=53768"}],"wp:term":[{"taxonomy":"category","embeddable":true,"href":"https:\/\/informelitoral.com.ar\/%77%70%2d%6a%73%6f%6e\/wp\/v2\/categories?post=53768"},{"taxonomy":"post_tag","embeddable":true,"href":"https:\/\/informelitoral.com.ar\/%77%70%2d%6a%73%6f%6e\/wp\/v2\/tags?post=53768"}],"curies":[{"name":"wp","href":"https:\/\/api.w.org\/{rel}","templated":true}]}}