{"id":53705,"date":"2020-11-26T16:50:17","date_gmt":"2020-11-26T19:50:17","guid":{"rendered":"https:\/\/www.isletasnoticias.com.ar\/?p=53705"},"modified":"2020-11-26T16:50:17","modified_gmt":"2020-11-26T19:50:17","slug":"ahora-prometen-que-entre-el-1-y-2-de-diciembre-volveran-los-colectivos-en-entre-rios","status":"publish","type":"post","link":"https:\/\/informelitoral.com.ar\/ahora-prometen-que-entre-el-1-y-2-de-diciembre-volveran-los-colectivos-en-entre-rios\/","title":{"rendered":"Ahora prometen que entre el 1 y 2 de diciembre volver\u00e1n los colectivos en Entre R\u00edos"},"content":{"rendered":"<p>El secretario de Transporte de la Provincia,\u00a0<strong>N\u00e9stor Landra<\/strong>, anunci\u00f3 que a principios de diciembre volver\u00eda el servicio interurbanos de colectivos. \u00abLlegamos a un acuerdo para que los municipios autoricen a los colectivos ingresar a las terminales de la ciudad.\u00a0<strong>A partir del martes 1 y mi\u00e9rcoles 2 diciembre los servicios de colectivos volver\u00edan a funcionar paulatinamente<\/strong>\u00ab, indic\u00f3, seg\u00fan consign\u00f3\u00a0<em>Elonce.<\/em><\/p>\n<p>Por otra parte, oficialmente se inform\u00f3 de una reuni\u00f3n con intendentes para acordar protocolos para el regreso del servicio. La reuni\u00f3n la encabez\u00f3 el ministro de Planeamiento,\u00a0<strong>Marcelo Richard<\/strong>, junto al secretario de Transporte,\u00a0<strong>N\u00e9stor Landra<\/strong>, y el subdirector de Transporte,<strong>\u00a0Jos\u00e9 Federico Mastaglia.<\/strong><\/p>\n<p>Virtualmente estuvieron\u00a0<strong>Sebasti\u00e1n Piloni<\/strong>, director General de Promoci\u00f3n de la Secretar\u00eda de Turismo y el Dr.\u00a0<strong>Guillermo Zanuttini,<\/strong>\u00a0secretario de Pol\u00edticas P\u00fablicas y Bienestar del Ministerio de Salud;\u00a0<strong>Katerina Stikel,<\/strong>\u00a0delegada provincial de la Comisi\u00f3n Nacional de Regulaci\u00f3n del Transporte (CnRT); representantes de la Asociaci\u00f3n de Empresario del Transporte Automotor (AETA); presidentes municipales y funcionarios municipales de los municipios de la provincia de Entre R\u00edos.<\/p>\n<p>\u201cEs fundamental coordinar y establecer entre todos las acciones necesarias para el reinicio del transporte interurbano de pasajeros en un marco que garantice el cumplimiento de los protocolos, tal como nos ha encomendado el gobernador Bordet\u201d, expres\u00f3 el ministro Richard.<\/p>\n<p>El ministro Richard destac\u00f3 la importancia del encuentro agradeciendo la disposici\u00f3n de los intendentes y las intendentas por su participaci\u00f3n, como tambi\u00e9n a los representantes de las \u00e1reas de Salud, Turismo, y empresarios del transporte \u201cpara poder coordinar y establecer entre todos los criterios necesarios que permitan re vincularnos interurbanamente, ir generando conectividad y sobre todo, actividades necesarias en cuanto a la vinculaci\u00f3n de los vecinos de las distintas localidades\u201d.<\/p>\n<figure class=\"wp-block-image size-large\"><img loading=\"lazy\" decoding=\"async\" class=\"wp-image-72808\" src=\"https:\/\/www.entremediosweb.com\/v2\/%77%70%2d%63%6f%6e%74%65%6e%74\/uploads\/2020\/11\/33d20710ae41baaf4799d17061319345.jpeg\" sizes=\"auto, (max-width: 960px) 100vw, 960px\" srcset=\"https:\/\/www.entremediosweb.com\/v2\/%77%70%2d%63%6f%6e%74%65%6e%74\/uploads\/2020\/11\/33d20710ae41baaf4799d17061319345.jpeg 960w, https:\/\/www.entremediosweb.com\/v2\/%77%70%2d%63%6f%6e%74%65%6e%74\/uploads\/2020\/11\/33d20710ae41baaf4799d17061319345-300x200.jpeg 300w, https:\/\/www.entremediosweb.com\/v2\/%77%70%2d%63%6f%6e%74%65%6e%74\/uploads\/2020\/11\/33d20710ae41baaf4799d17061319345-768x512.jpeg 768w\" alt=\"\" width=\"960\" height=\"640\" data-attachment-id=\"72808\" data-permalink=\"https:\/\/www.entremediosweb.com\/v2\/es-inminente-el-regreso-de-los-colectivos-interurbanos-en-entre-rios\/33d20710ae41baaf4799d17061319345\/\" data-orig-file=\"https:\/\/www.entremediosweb.com\/v2\/%77%70%2d%63%6f%6e%74%65%6e%74\/uploads\/2020\/11\/33d20710ae41baaf4799d17061319345.jpeg\" data-orig-size=\"960,640\" data-comments-opened=\"0\" data-image-meta=\"{&quot;aperture&quot;:&quot;0&quot;,&quot;credit&quot;:&quot;&quot;,&quot;camera&quot;:&quot;&quot;,&quot;caption&quot;:&quot;&quot;,&quot;created_timestamp&quot;:&quot;0&quot;,&quot;copyright&quot;:&quot;&quot;,&quot;focal_length&quot;:&quot;0&quot;,&quot;iso&quot;:&quot;0&quot;,&quot;shutter_speed&quot;:&quot;0&quot;,&quot;title&quot;:&quot;&quot;,&quot;orientation&quot;:&quot;1&quot;}\" data-image-title=\"33d20710ae41baaf4799d17061319345\" data-image-description=\"\" data-medium-file=\"https:\/\/www.entremediosweb.com\/v2\/%77%70%2d%63%6f%6e%74%65%6e%74\/uploads\/2020\/11\/33d20710ae41baaf4799d17061319345-300x200.jpeg\" data-large-file=\"https:\/\/www.entremediosweb.com\/v2\/%77%70%2d%63%6f%6e%74%65%6e%74\/uploads\/2020\/11\/33d20710ae41baaf4799d17061319345.jpeg\" \/><figcaption><em>Reuni\u00f3n virtual con intendentes para acordar los protocolos<\/em><\/figcaption><\/figure>\n<p>\u201cEste es un trabajo que, si bien se lleva adelante desde la secretar\u00eda de Transporte, sin duda son los municipios quienes tienen la responsabilidad en sus terminales de poder hacer cumplir y de llevar adelante los protocolos necesarios que tenemos que compartir entre todos y que por supuesto respetar entre todos\u201d, finaliz\u00f3 el ministro de Planeamiento, Marcelo Richard.<\/p>\n<p>Por su parte, el secretario de Transporte, N\u00e9stor Landra, dijo: \u201cEs nuestra responsabilidad, tal como lo expres\u00f3 el ministro Richard, reactivar el servicio de transporte, en virtud que el ministro de transporte de Naci\u00f3n, Mario Meoni, hace m\u00e1s de cinco semanas estableci\u00f3 la reapertura y dej\u00f3 en manos de los gobernadores el reinicio de los servicios\u201d.<\/p>\n<p>\u201cDe acuerdo al protocolo que trabajamos junto al COES provincial, los COES municipal, y la colaboraci\u00f3n de los intendentes, hemos analizado en s\u00edntesis\u00a0<strong>lo referido a ascensos y descensos en las terminales, el uso del tapaboca, el control de temperatura, y la necesidad de contar con el permiso nacional para transitar con la aplicaci\u00f3n Cuidar Argentina en el tel\u00e9fono, como tambi\u00e9n el porcentaje de capacidad adecuada de pasajeros, como indica el protocolo de Naci\u00f3n\u201d<\/strong>, precis\u00f3 Landra.<\/p>\n<p><strong>Protocolos<br \/>\n<\/strong><br \/>\nSe aplicar\u00e1 el protocolo dispuesto en el Decreto N\u00ba 764\/20 del 1\u00ba de junio de 2020. En la producci\u00f3n de dicho protocolo tuvieron intervenci\u00f3n, representantes del sindicato de ch\u00f3feres del transporte de pasajeros, representantes de las empresas, el Ministerio de Salud y Ministerio de la Producci\u00f3n, como as\u00ed tambi\u00e9n, hubo participaci\u00f3n de usuarios (representados por la Asamblea Ciudadana de Paran\u00e1).<\/p>\n<p><strong>El protocolo fija medidas de prevenci\u00f3n y autocuidado: uso de tapa boca, nariz y ment\u00f3n durante el viaje. Capacidad reducida de ocupaci\u00f3n de las unidades para asegurar el distanciamiento social sugerido (entre un 50, 60, 70 por ciento seg\u00fan modelos), a excepci\u00f3n de pasajeros que sean familiares y\/o convivientes entre s\u00ed. Se posibilita el uso del transporte p\u00fablico para aquellas personas que desarrollan actividades habilitadas o justifiquen el traslado a trav\u00e9s de constancias y certificados expedidos al efecto.<\/strong><\/p>\n","protected":false},"excerpt":{"rendered":"<p>Luego de varias fechas tentativas que no se cumplieron, ahora s\u00ed hay m\u00e1s precisiones. Quienes podr\u00e1n viajar y c\u00f3mo ser\u00e1n los protocolos.<\/p>\n","protected":false},"author":2,"featured_media":43973,"comment_status":"open","ping_status":"open","sticky":false,"template":"","format":"standard","meta":{"fifu_image_url":"","fifu_image_alt":"","footnotes":""},"categories":[6],"tags":[133,81,1033],"class_list":{"0":"post-53705","1":"post","2":"type-post","3":"status-publish","4":"format-standard","5":"has-post-thumbnail","7":"category-entre-rios","8":"tag-colectivos","9":"tag-entre-rios","10":"tag-transporte-de-pasajeros"},"yoast_head":"<title>Ahora prometen que entre el 1 y 2 de diciembre volver\u00e1n los colectivos en Entre R\u00edos - Informe Litoral<\/title>\n<meta name=\"robots\" content=\"index, follow, max-snippet:-1, max-image-preview:large, max-video-preview:-1\" \/>\n<link rel=\"canonical\" href=\"https:\/\/informelitoral.com.ar\/ahora-prometen-que-entre-el-1-y-2-de-diciembre-volveran-los-colectivos-en-entre-rios\/\" \/>\n<meta property=\"og:locale\" content=\"es_ES\" \/>\n<meta property=\"og:type\" content=\"article\" \/>\n<meta property=\"og:title\" content=\"Ahora prometen que entre el 1 y 2 de diciembre volver\u00e1n los colectivos en Entre R\u00edos - Informe Litoral\" \/>\n<meta property=\"og:description\" content=\"Luego de varias fechas tentativas que no se cumplieron, ahora s\u00ed hay m\u00e1s precisiones. Quienes podr\u00e1n viajar y c\u00f3mo ser\u00e1n los protocolos.\" \/>\n<meta property=\"og:url\" content=\"https:\/\/informelitoral.com.ar\/ahora-prometen-que-entre-el-1-y-2-de-diciembre-volveran-los-colectivos-en-entre-rios\/\" \/>\n<meta property=\"og:site_name\" content=\"Informe Litoral\" \/>\n<meta property=\"article:publisher\" content=\"https:\/\/www.facebook.com\/informelitoral\/\" \/>\n<meta property=\"article:published_time\" content=\"2020-11-26T19:50:17+00:00\" \/>\n<meta property=\"og:image\" content=\"https:\/\/informelitoral.com.ar\/%77%70%2d%63%6f%6e%74%65%6e%74\/uploads\/2020\/06\/colectivo-ruta.jpg\" \/>\n\t<meta property=\"og:image:width\" content=\"1140\" \/>\n\t<meta property=\"og:image:height\" content=\"640\" \/>\n\t<meta property=\"og:image:type\" content=\"image\/jpeg\" \/>\n<meta name=\"author\" content=\"Gonzalo Schmidt\" \/>\n<meta name=\"twitter:card\" content=\"summary_large_image\" \/>\n<meta name=\"twitter:creator\" content=\"@InformeLitoral\" \/>\n<meta name=\"twitter:site\" content=\"@InformeLitoral\" \/>\n<meta name=\"twitter:label1\" content=\"Escrito por\" \/>\n\t<meta name=\"twitter:data1\" content=\"Gonzalo Schmidt\" \/>\n\t<meta name=\"twitter:label2\" content=\"Tiempo de lectura\" \/>\n\t<meta name=\"twitter:data2\" content=\"3 minutos\" \/>\n<script type=\"application\/ld+json\" class=\"yoast-schema-graph\">{\"@context\":\"https:\\\/\\\/schema.org\",\"@graph\":[{\"@type\":\"Article\",\"@id\":\"https:\\\/\\\/informelitoral.com.ar\\\/ahora-prometen-que-entre-el-1-y-2-de-diciembre-volveran-los-colectivos-en-entre-rios\\\/#article\",\"isPartOf\":{\"@id\":\"https:\\\/\\\/informelitoral.com.ar\\\/ahora-prometen-que-entre-el-1-y-2-de-diciembre-volveran-los-colectivos-en-entre-rios\\\/\"},\"author\":{\"name\":\"Gonzalo Schmidt\",\"@id\":\"https:\\\/\\\/informelitoral.com.ar\\\/#\\\/schema\\\/person\\\/b9d00407c836482871ef1d57bf8e3180\"},\"headline\":\"Ahora prometen que entre el 1 y 2 de diciembre volver\u00e1n los colectivos en Entre R\u00edos\",\"datePublished\":\"2020-11-26T19:50:17+00:00\",\"mainEntityOfPage\":{\"@id\":\"https:\\\/\\\/informelitoral.com.ar\\\/ahora-prometen-que-entre-el-1-y-2-de-diciembre-volveran-los-colectivos-en-entre-rios\\\/\"},\"wordCount\":671,\"commentCount\":0,\"publisher\":{\"@id\":\"https:\\\/\\\/informelitoral.com.ar\\\/#organization\"},\"image\":{\"@id\":\"https:\\\/\\\/informelitoral.com.ar\\\/ahora-prometen-que-entre-el-1-y-2-de-diciembre-volveran-los-colectivos-en-entre-rios\\\/#primaryimage\"},\"thumbnailUrl\":\"https:\\\/\\\/informelitoral.com.ar\\\/%77%70%2d%63%6f%6e%74%65%6e%74\\\/uploads\\\/2020\\\/06\\\/colectivo-ruta.jpg\",\"keywords\":[\"Colectivos\",\"Entre R\u00edos\",\"Transporte de pasajeros\"],\"articleSection\":[\"Entre R\u00edos\"],\"inLanguage\":\"es\",\"potentialAction\":[{\"@type\":\"CommentAction\",\"name\":\"Comment\",\"target\":[\"https:\\\/\\\/informelitoral.com.ar\\\/ahora-prometen-que-entre-el-1-y-2-de-diciembre-volveran-los-colectivos-en-entre-rios\\\/#respond\"]}]},{\"@type\":\"WebPage\",\"@id\":\"https:\\\/\\\/informelitoral.com.ar\\\/ahora-prometen-que-entre-el-1-y-2-de-diciembre-volveran-los-colectivos-en-entre-rios\\\/\",\"url\":\"https:\\\/\\\/informelitoral.com.ar\\\/ahora-prometen-que-entre-el-1-y-2-de-diciembre-volveran-los-colectivos-en-entre-rios\\\/\",\"name\":\"Ahora prometen que entre el 1 y 2 de diciembre volver\u00e1n los colectivos en Entre R\u00edos - Informe Litoral\",\"isPartOf\":{\"@id\":\"https:\\\/\\\/informelitoral.com.ar\\\/#website\"},\"primaryImageOfPage\":{\"@id\":\"https:\\\/\\\/informelitoral.com.ar\\\/ahora-prometen-que-entre-el-1-y-2-de-diciembre-volveran-los-colectivos-en-entre-rios\\\/#primaryimage\"},\"image\":{\"@id\":\"https:\\\/\\\/informelitoral.com.ar\\\/ahora-prometen-que-entre-el-1-y-2-de-diciembre-volveran-los-colectivos-en-entre-rios\\\/#primaryimage\"},\"thumbnailUrl\":\"https:\\\/\\\/informelitoral.com.ar\\\/%77%70%2d%63%6f%6e%74%65%6e%74\\\/uploads\\\/2020\\\/06\\\/colectivo-ruta.jpg\",\"datePublished\":\"2020-11-26T19:50:17+00:00\",\"breadcrumb\":{\"@id\":\"https:\\\/\\\/informelitoral.com.ar\\\/ahora-prometen-que-entre-el-1-y-2-de-diciembre-volveran-los-colectivos-en-entre-rios\\\/#breadcrumb\"},\"inLanguage\":\"es\",\"potentialAction\":[{\"@type\":\"ReadAction\",\"target\":[\"https:\\\/\\\/informelitoral.com.ar\\\/ahora-prometen-que-entre-el-1-y-2-de-diciembre-volveran-los-colectivos-en-entre-rios\\\/\"]}]},{\"@type\":\"ImageObject\",\"inLanguage\":\"es\",\"@id\":\"https:\\\/\\\/informelitoral.com.ar\\\/ahora-prometen-que-entre-el-1-y-2-de-diciembre-volveran-los-colectivos-en-entre-rios\\\/#primaryimage\",\"url\":\"https:\\\/\\\/informelitoral.com.ar\\\/%77%70%2d%63%6f%6e%74%65%6e%74\\\/uploads\\\/2020\\\/06\\\/colectivo-ruta.jpg\",\"contentUrl\":\"https:\\\/\\\/informelitoral.com.ar\\\/%77%70%2d%63%6f%6e%74%65%6e%74\\\/uploads\\\/2020\\\/06\\\/colectivo-ruta.jpg\",\"width\":1140,\"height\":640},{\"@type\":\"BreadcrumbList\",\"@id\":\"https:\\\/\\\/informelitoral.com.ar\\\/ahora-prometen-que-entre-el-1-y-2-de-diciembre-volveran-los-colectivos-en-entre-rios\\\/#breadcrumb\",\"itemListElement\":[{\"@type\":\"ListItem\",\"position\":1,\"name\":\"Portada\",\"item\":\"https:\\\/\\\/informelitoral.com.ar\\\/\"},{\"@type\":\"ListItem\",\"position\":2,\"name\":\"Ahora prometen que entre el 1 y 2 de diciembre volver\u00e1n los colectivos en Entre R\u00edos\"}]},{\"@type\":\"WebSite\",\"@id\":\"https:\\\/\\\/informelitoral.com.ar\\\/#website\",\"url\":\"https:\\\/\\\/informelitoral.com.ar\\\/\",\"name\":\"Informe Litoral\",\"description\":\"&quot;Nos informamos&quot; \",\"publisher\":{\"@id\":\"https:\\\/\\\/informelitoral.com.ar\\\/#organization\"},\"potentialAction\":[{\"@type\":\"SearchAction\",\"target\":{\"@type\":\"EntryPoint\",\"urlTemplate\":\"https:\\\/\\\/informelitoral.com.ar\\\/?s={search_term_string}\"},\"query-input\":{\"@type\":\"PropertyValueSpecification\",\"valueRequired\":true,\"valueName\":\"search_term_string\"}}],\"inLanguage\":\"es\"},{\"@type\":\"Organization\",\"@id\":\"https:\\\/\\\/informelitoral.com.ar\\\/#organization\",\"name\":\"Informe Litoral\",\"url\":\"https:\\\/\\\/informelitoral.com.ar\\\/\",\"logo\":{\"@type\":\"ImageObject\",\"inLanguage\":\"es\",\"@id\":\"https:\\\/\\\/informelitoral.com.ar\\\/#\\\/schema\\\/logo\\\/image\\\/\",\"url\":\"https:\\\/\\\/informelitoral.com.ar\\\/%77%70%2d%63%6f%6e%74%65%6e%74\\\/uploads\\\/2021\\\/01\\\/circulo.png\",\"contentUrl\":\"https:\\\/\\\/informelitoral.com.ar\\\/%77%70%2d%63%6f%6e%74%65%6e%74\\\/uploads\\\/2021\\\/01\\\/circulo.png\",\"width\":723,\"height\":731,\"caption\":\"Informe Litoral\"},\"image\":{\"@id\":\"https:\\\/\\\/informelitoral.com.ar\\\/#\\\/schema\\\/logo\\\/image\\\/\"},\"sameAs\":[\"https:\\\/\\\/www.facebook.com\\\/informelitoral\\\/\",\"https:\\\/\\\/x.com\\\/InformeLitoral\",\"https:\\\/\\\/www.instagram.com\\\/informelitoral\\\/\",\"https:\\\/\\\/www.youtube.com\\\/channel\\\/UCua4Qvz8Icb6MYqhoq9xLXw\"]},{\"@type\":\"Person\",\"@id\":\"https:\\\/\\\/informelitoral.com.ar\\\/#\\\/schema\\\/person\\\/b9d00407c836482871ef1d57bf8e3180\",\"name\":\"Gonzalo Schmidt\",\"image\":{\"@type\":\"ImageObject\",\"inLanguage\":\"es\",\"@id\":\"https:\\\/\\\/secure.gravatar.com\\\/avatar\\\/31a1a7b66ff2de83bd0e9fd79d026630d2d99e55e8bfe501287647b4fd9743de?s=96&d=mm&r=g\",\"url\":\"https:\\\/\\\/secure.gravatar.com\\\/avatar\\\/31a1a7b66ff2de83bd0e9fd79d026630d2d99e55e8bfe501287647b4fd9743de?s=96&d=mm&r=g\",\"contentUrl\":\"https:\\\/\\\/secure.gravatar.com\\\/avatar\\\/31a1a7b66ff2de83bd0e9fd79d026630d2d99e55e8bfe501287647b4fd9743de?s=96&d=mm&r=g\",\"caption\":\"Gonzalo Schmidt\"},\"description\":\"Sitio web de noticias de la provincia de Entre R\u00edos, Argentina. Informaci\u00f3n y entretenimiento. Informe Litoral, nos informamos.\",\"sameAs\":[\"http:\\\/\\\/www.isletasnoticias.com.ar\"],\"url\":\"https:\\\/\\\/informelitoral.com.ar\\\/author\\\/gonzalo\\\/\"}]}<\/script>","yoast_head_json":{"title":"Ahora prometen que entre el 1 y 2 de diciembre volver\u00e1n los colectivos en Entre R\u00edos - Informe Litoral","robots":{"index":"index","follow":"follow","max-snippet":"max-snippet:-1","max-image-preview":"max-image-preview:large","max-video-preview":"max-video-preview:-1"},"canonical":"https:\/\/informelitoral.com.ar\/ahora-prometen-que-entre-el-1-y-2-de-diciembre-volveran-los-colectivos-en-entre-rios\/","og_locale":"es_ES","og_type":"article","og_title":"Ahora prometen que entre el 1 y 2 de diciembre volver\u00e1n los colectivos en Entre R\u00edos - Informe Litoral","og_description":"Luego de varias fechas tentativas que no se cumplieron, ahora s\u00ed hay m\u00e1s precisiones. Quienes podr\u00e1n viajar y c\u00f3mo ser\u00e1n los protocolos.","og_url":"https:\/\/informelitoral.com.ar\/ahora-prometen-que-entre-el-1-y-2-de-diciembre-volveran-los-colectivos-en-entre-rios\/","og_site_name":"Informe Litoral","article_publisher":"https:\/\/www.facebook.com\/informelitoral\/","article_published_time":"2020-11-26T19:50:17+00:00","og_image":[{"width":1140,"height":640,"url":"https:\/\/informelitoral.com.ar\/%77%70%2d%63%6f%6e%74%65%6e%74\/uploads\/2020\/06\/colectivo-ruta.jpg","type":"image\/jpeg"}],"author":"Gonzalo Schmidt","twitter_card":"summary_large_image","twitter_creator":"@InformeLitoral","twitter_site":"@InformeLitoral","twitter_misc":{"Escrito por":"Gonzalo Schmidt","Tiempo de lectura":"3 minutos"},"schema":{"@context":"https:\/\/schema.org","@graph":[{"@type":"Article","@id":"https:\/\/informelitoral.com.ar\/ahora-prometen-que-entre-el-1-y-2-de-diciembre-volveran-los-colectivos-en-entre-rios\/#article","isPartOf":{"@id":"https:\/\/informelitoral.com.ar\/ahora-prometen-que-entre-el-1-y-2-de-diciembre-volveran-los-colectivos-en-entre-rios\/"},"author":{"name":"Gonzalo Schmidt","@id":"https:\/\/informelitoral.com.ar\/#\/schema\/person\/b9d00407c836482871ef1d57bf8e3180"},"headline":"Ahora prometen que entre el 1 y 2 de diciembre volver\u00e1n los colectivos en Entre R\u00edos","datePublished":"2020-11-26T19:50:17+00:00","mainEntityOfPage":{"@id":"https:\/\/informelitoral.com.ar\/ahora-prometen-que-entre-el-1-y-2-de-diciembre-volveran-los-colectivos-en-entre-rios\/"},"wordCount":671,"commentCount":0,"publisher":{"@id":"https:\/\/informelitoral.com.ar\/#organization"},"image":{"@id":"https:\/\/informelitoral.com.ar\/ahora-prometen-que-entre-el-1-y-2-de-diciembre-volveran-los-colectivos-en-entre-rios\/#primaryimage"},"thumbnailUrl":"https:\/\/informelitoral.com.ar\/%77%70%2d%63%6f%6e%74%65%6e%74\/uploads\/2020\/06\/colectivo-ruta.jpg","keywords":["Colectivos","Entre R\u00edos","Transporte de pasajeros"],"articleSection":["Entre R\u00edos"],"inLanguage":"es","potentialAction":[{"@type":"CommentAction","name":"Comment","target":["https:\/\/informelitoral.com.ar\/ahora-prometen-que-entre-el-1-y-2-de-diciembre-volveran-los-colectivos-en-entre-rios\/#respond"]}]},{"@type":"WebPage","@id":"https:\/\/informelitoral.com.ar\/ahora-prometen-que-entre-el-1-y-2-de-diciembre-volveran-los-colectivos-en-entre-rios\/","url":"https:\/\/informelitoral.com.ar\/ahora-prometen-que-entre-el-1-y-2-de-diciembre-volveran-los-colectivos-en-entre-rios\/","name":"Ahora prometen que entre el 1 y 2 de diciembre volver\u00e1n los colectivos en Entre R\u00edos - Informe Litoral","isPartOf":{"@id":"https:\/\/informelitoral.com.ar\/#website"},"primaryImageOfPage":{"@id":"https:\/\/informelitoral.com.ar\/ahora-prometen-que-entre-el-1-y-2-de-diciembre-volveran-los-colectivos-en-entre-rios\/#primaryimage"},"image":{"@id":"https:\/\/informelitoral.com.ar\/ahora-prometen-que-entre-el-1-y-2-de-diciembre-volveran-los-colectivos-en-entre-rios\/#primaryimage"},"thumbnailUrl":"https:\/\/informelitoral.com.ar\/%77%70%2d%63%6f%6e%74%65%6e%74\/uploads\/2020\/06\/colectivo-ruta.jpg","datePublished":"2020-11-26T19:50:17+00:00","breadcrumb":{"@id":"https:\/\/informelitoral.com.ar\/ahora-prometen-que-entre-el-1-y-2-de-diciembre-volveran-los-colectivos-en-entre-rios\/#breadcrumb"},"inLanguage":"es","potentialAction":[{"@type":"ReadAction","target":["https:\/\/informelitoral.com.ar\/ahora-prometen-que-entre-el-1-y-2-de-diciembre-volveran-los-colectivos-en-entre-rios\/"]}]},{"@type":"ImageObject","inLanguage":"es","@id":"https:\/\/informelitoral.com.ar\/ahora-prometen-que-entre-el-1-y-2-de-diciembre-volveran-los-colectivos-en-entre-rios\/#primaryimage","url":"https:\/\/informelitoral.com.ar\/%77%70%2d%63%6f%6e%74%65%6e%74\/uploads\/2020\/06\/colectivo-ruta.jpg","contentUrl":"https:\/\/informelitoral.com.ar\/%77%70%2d%63%6f%6e%74%65%6e%74\/uploads\/2020\/06\/colectivo-ruta.jpg","width":1140,"height":640},{"@type":"BreadcrumbList","@id":"https:\/\/informelitoral.com.ar\/ahora-prometen-que-entre-el-1-y-2-de-diciembre-volveran-los-colectivos-en-entre-rios\/#breadcrumb","itemListElement":[{"@type":"ListItem","position":1,"name":"Portada","item":"https:\/\/informelitoral.com.ar\/"},{"@type":"ListItem","position":2,"name":"Ahora prometen que entre el 1 y 2 de diciembre volver\u00e1n los colectivos en Entre R\u00edos"}]},{"@type":"WebSite","@id":"https:\/\/informelitoral.com.ar\/#website","url":"https:\/\/informelitoral.com.ar\/","name":"Informe Litoral","description":"&quot;Nos informamos&quot; ","publisher":{"@id":"https:\/\/informelitoral.com.ar\/#organization"},"potentialAction":[{"@type":"SearchAction","target":{"@type":"EntryPoint","urlTemplate":"https:\/\/informelitoral.com.ar\/?s={search_term_string}"},"query-input":{"@type":"PropertyValueSpecification","valueRequired":true,"valueName":"search_term_string"}}],"inLanguage":"es"},{"@type":"Organization","@id":"https:\/\/informelitoral.com.ar\/#organization","name":"Informe Litoral","url":"https:\/\/informelitoral.com.ar\/","logo":{"@type":"ImageObject","inLanguage":"es","@id":"https:\/\/informelitoral.com.ar\/#\/schema\/logo\/image\/","url":"https:\/\/informelitoral.com.ar\/%77%70%2d%63%6f%6e%74%65%6e%74\/uploads\/2021\/01\/circulo.png","contentUrl":"https:\/\/informelitoral.com.ar\/%77%70%2d%63%6f%6e%74%65%6e%74\/uploads\/2021\/01\/circulo.png","width":723,"height":731,"caption":"Informe Litoral"},"image":{"@id":"https:\/\/informelitoral.com.ar\/#\/schema\/logo\/image\/"},"sameAs":["https:\/\/www.facebook.com\/informelitoral\/","https:\/\/x.com\/InformeLitoral","https:\/\/www.instagram.com\/informelitoral\/","https:\/\/www.youtube.com\/channel\/UCua4Qvz8Icb6MYqhoq9xLXw"]},{"@type":"Person","@id":"https:\/\/informelitoral.com.ar\/#\/schema\/person\/b9d00407c836482871ef1d57bf8e3180","name":"Gonzalo Schmidt","image":{"@type":"ImageObject","inLanguage":"es","@id":"https:\/\/secure.gravatar.com\/avatar\/31a1a7b66ff2de83bd0e9fd79d026630d2d99e55e8bfe501287647b4fd9743de?s=96&d=mm&r=g","url":"https:\/\/secure.gravatar.com\/avatar\/31a1a7b66ff2de83bd0e9fd79d026630d2d99e55e8bfe501287647b4fd9743de?s=96&d=mm&r=g","contentUrl":"https:\/\/secure.gravatar.com\/avatar\/31a1a7b66ff2de83bd0e9fd79d026630d2d99e55e8bfe501287647b4fd9743de?s=96&d=mm&r=g","caption":"Gonzalo Schmidt"},"description":"Sitio web de noticias de la provincia de Entre R\u00edos, Argentina. Informaci\u00f3n y entretenimiento. Informe Litoral, nos informamos.","sameAs":["http:\/\/www.isletasnoticias.com.ar"],"url":"https:\/\/informelitoral.com.ar\/author\/gonzalo\/"}]}},"_links":{"self":[{"href":"https:\/\/informelitoral.com.ar\/%77%70%2d%6a%73%6f%6e\/wp\/v2\/posts\/53705","targetHints":{"allow":["GET"]}}],"collection":[{"href":"https:\/\/informelitoral.com.ar\/%77%70%2d%6a%73%6f%6e\/wp\/v2\/posts"}],"about":[{"href":"https:\/\/informelitoral.com.ar\/%77%70%2d%6a%73%6f%6e\/wp\/v2\/types\/post"}],"author":[{"embeddable":true,"href":"https:\/\/informelitoral.com.ar\/%77%70%2d%6a%73%6f%6e\/wp\/v2\/users\/2"}],"replies":[{"embeddable":true,"href":"https:\/\/informelitoral.com.ar\/%77%70%2d%6a%73%6f%6e\/wp\/v2\/comments?post=53705"}],"version-history":[{"count":0,"href":"https:\/\/informelitoral.com.ar\/%77%70%2d%6a%73%6f%6e\/wp\/v2\/posts\/53705\/revisions"}],"wp:featuredmedia":[{"embeddable":true,"href":"https:\/\/informelitoral.com.ar\/%77%70%2d%6a%73%6f%6e\/wp\/v2\/media\/43973"}],"wp:attachment":[{"href":"https:\/\/informelitoral.com.ar\/%77%70%2d%6a%73%6f%6e\/wp\/v2\/media?parent=53705"}],"wp:term":[{"taxonomy":"category","embeddable":true,"href":"https:\/\/informelitoral.com.ar\/%77%70%2d%6a%73%6f%6e\/wp\/v2\/categories?post=53705"},{"taxonomy":"post_tag","embeddable":true,"href":"https:\/\/informelitoral.com.ar\/%77%70%2d%6a%73%6f%6e\/wp\/v2\/tags?post=53705"}],"curies":[{"name":"wp","href":"https:\/\/api.w.org\/{rel}","templated":true}]}}