{"id":53526,"date":"2020-11-23T19:59:40","date_gmt":"2020-11-23T22:59:40","guid":{"rendered":"https:\/\/www.isletasnoticias.com.ar\/?p=53526"},"modified":"2020-11-24T07:28:59","modified_gmt":"2020-11-24T10:28:59","slug":"el-presidente-se-reune-con-el-comite-que-disena-el-operativo-de-vacunacion","status":"publish","type":"post","link":"https:\/\/informelitoral.com.ar\/el-presidente-se-reune-con-el-comite-que-disena-el-operativo-de-vacunacion\/","title":{"rendered":"El Presidente se re\u00fane con el Comit\u00e9 que dise\u00f1a el operativo de vacunaci\u00f3n"},"content":{"rendered":"<p>El Comit\u00e9 de Vacunaci\u00f3n creado para el dise\u00f1o y puesta en marcha del operativo que permitir\u00e1 aplicar las dosis necesarias para la inmunizaci\u00f3n masiva de coronavirus iniciar\u00e1 formalmente su tarea, en un encuentro que encabezar\u00e1 el presidente Alberto Fern\u00e1ndez.<\/p>\n<p><strong>Fern\u00e1ndez confirm\u00f3 que \u00e9l mismo encabezar\u00e1 el Comit\u00e9, del que participar\u00e1n especialistas de cuatro ministerios y unas 150 mil mujeres y hombres de las fuerzas armadas y de seguridad.<\/strong><\/p>\n<p>El armado del operativo incluye tambi\u00e9n la conformaci\u00f3n de una Mesa de Seguimiento del proceso de vacunaci\u00f3n, una vez que lleguen las dosis al pa\u00eds.<\/p>\n<p><strong>El comit\u00e9<\/strong>\u00a0-anunciado por el jefe de Estado d\u00edas atr\u00e1s-\u00a0<strong>est\u00e1 conformado por las carteras de Salud, Interior, Defensa y Seguridad<\/strong>, cuyos funcionarios ya se reunieron esta semana, seg\u00fan dijeron a T\u00e9lam fuentes de los ministerios.<\/p>\n<blockquote><p><span style=\"color: #000000;\">\u00abApuntamos a vacunar a 10 millones de personas entre enero y febrero y, de esa forma, llegar a marzo en una situaci\u00f3n mucho m\u00e1s tranquila\u00bb(FW)<\/span><\/p>\n<div class=\"sign\">ALBERTO FERN\u00c1NDEZ<\/div>\n<\/blockquote>\n<p>El ministro de Salud, Gin\u00e9s Gonz\u00e1lez Garc\u00eda, ser\u00e1 quien centralizar\u00e1 las tareas de la Mesa de Seguimiento del Comit\u00e9.<\/p>\n<p>Precisamente, las caracter\u00edsticas de ese virtual comando de vacunaci\u00f3n estar\u00e1 bajo an\u00e1lisis ma\u00f1ana en la reuni\u00f3n del Consejo Federal de Salud (Cofesa), encabezado por Gonz\u00e1lez Garc\u00eda y del que participan las provincias.<\/p>\n<p><strong>El Cofesa es el organismo estatal que agrupa a todas las carteras sanitarias de los 24 distritos del pa\u00eds y que viene cumpliendo un rol preponderante de ejecuci\u00f3n de las pol\u00edticas p\u00fablicas sanitarias en el marco de la pandemia por coronavirus<\/strong>, desde marzo pasado.<\/p>\n<div id=\"image\" class=\"image\"><img decoding=\"async\" title=\"\" src=\"https:\/\/www.telam.com.ar\/advf\/imagenes\/2020\/11\/5fad09ef5b474_1004x566.jpg\" alt=\"\" \/><\/div>\n<p><strong>Gonz\u00e1lez Garc\u00eda<\/strong>\u00a0lo convoc\u00f3 a sesionar ma\u00f1ana desde la cartera de Salud, a partir de las 11, por videoconferencia. y esta vez no solo se analizar\u00e1 puntualmente la situaci\u00f3n sanitaria en cada distrito, sino que se empezar\u00e1 a diagramar un esquema para lo que ser\u00e1 la vacunaci\u00f3n masiva, el a\u00f1o pr\u00f3ximo.<\/p>\n<p>En cuanto a las tareas ya iniciadas por el Comit\u00e9 de Vacunaci\u00f3n, esta semana funcionarios de los cuatro ministerios ya mantuvieron reuniones para articular las acciones que desplegar\u00e1n las fuerzas armadas y de seguridad, en articulaci\u00f3n con las gobernaciones.<\/p>\n<p><strong>La fuerzas armadas involucrar\u00e1n en el despliegue en territorio a casi todas sus mujeres y hombres\u00a0<\/strong>para el operativo log\u00edstico de distribuci\u00f3n de la vacuna.<\/p>\n<p><strong>Del total de 80 mil personas que se desempe\u00f1an en las fuerzas, se estima que unas 60 mil realizar\u00e1n tareas en la cadena de distribuci\u00f3n en todos los distritos del pa\u00eds<\/strong>, comentaron a T\u00e9lam fuentes oficiales.<\/p>\n<p><strong>Lo mismo ocurre con las fuerzas de Seguridad\u00a0<\/strong>(Polic\u00eda Federal, Polic\u00eda Aeroportuaria, Gendarmer\u00eda y Prefectura), que contienen a unos 90 mil integrantes.<\/p>\n<p>\u00abQueremos empezar a vacunar en enero y febrero\u00bb, enfatiz\u00f3 hoy el Presidente en declaraciones radiales y remarc\u00f3 que la idea de su Gobierno apunta a \u00abvacunar a 10 millones de personas entre enero y febrero\u00bb y, de esa forma, \u00abllegar a marzo en una situaci\u00f3n mucho m\u00e1s tranquila\u00bb.<\/p>\n","protected":false},"excerpt":{"rendered":"<p>El Comit&eacute; de Vacunaci&oacute;n creado para el dise&ntilde;o y puesta en marcha del operativo que permitir&aacute; aplicar las dosis necesarias para la inmunizaci&oacute;n masiva de coronavirus iniciar&aacute; formalmente su tarea, en un encuentro que encabezar&aacute; el presidente Alberto Fern&aacute;ndez. Fern&aacute;ndez confirm&oacute; que &eacute;l mismo encabezar&aacute; el Comit&eacute;, del que participar&aacute;n especialistas de cuatro ministerios y [&hellip;]<\/p>\n","protected":false},"author":8,"featured_media":45870,"comment_status":"open","ping_status":"open","sticky":false,"template":"","format":"standard","meta":{"fifu_image_url":"","fifu_image_alt":"","footnotes":""},"categories":[16],"tags":[1311,1426,1481,1694,1566],"class_list":{"0":"post-53526","1":"post","2":"type-post","3":"status-publish","4":"format-standard","5":"has-post-thumbnail","7":"category-politi","8":"tag-alberto-fernandez","9":"tag-coronavirus","10":"tag-covid-19","11":"tag-nacionales","12":"tag-vacuna"},"yoast_head":"<title>El Presidente se re\u00fane con el Comit\u00e9 que dise\u00f1a el operativo de vacunaci\u00f3n - Informe Litoral<\/title>\n<meta name=\"robots\" content=\"index, follow, max-snippet:-1, max-image-preview:large, max-video-preview:-1\" \/>\n<link rel=\"canonical\" href=\"https:\/\/informelitoral.com.ar\/el-presidente-se-reune-con-el-comite-que-disena-el-operativo-de-vacunacion\/\" \/>\n<meta property=\"og:locale\" content=\"es_ES\" \/>\n<meta property=\"og:type\" content=\"article\" \/>\n<meta property=\"og:title\" content=\"El Presidente se re\u00fane con el Comit\u00e9 que dise\u00f1a el operativo de vacunaci\u00f3n - Informe Litoral\" \/>\n<meta property=\"og:description\" content=\"El Comit&eacute; de Vacunaci&oacute;n creado para el dise&ntilde;o y puesta en marcha del operativo que permitir&aacute; aplicar las dosis necesarias para la inmunizaci&oacute;n masiva de coronavirus iniciar&aacute; formalmente su tarea, en un encuentro que encabezar&aacute; el presidente Alberto Fern&aacute;ndez. Fern&aacute;ndez confirm&oacute; que &eacute;l mismo encabezar&aacute; el Comit&eacute;, del que participar&aacute;n especialistas de cuatro ministerios y [&hellip;]\" \/>\n<meta property=\"og:url\" content=\"https:\/\/informelitoral.com.ar\/el-presidente-se-reune-con-el-comite-que-disena-el-operativo-de-vacunacion\/\" \/>\n<meta property=\"og:site_name\" content=\"Informe Litoral\" \/>\n<meta property=\"article:publisher\" content=\"https:\/\/www.facebook.com\/informelitoral\/\" \/>\n<meta property=\"article:published_time\" content=\"2020-11-23T22:59:40+00:00\" \/>\n<meta property=\"article:modified_time\" content=\"2020-11-24T10:28:59+00:00\" \/>\n<meta property=\"og:image\" content=\"https:\/\/informelitoral.com.ar\/%77%70%2d%63%6f%6e%74%65%6e%74\/uploads\/2020\/07\/albertofernandez.jpg\" \/>\n\t<meta property=\"og:image:width\" content=\"1072\" \/>\n\t<meta property=\"og:image:height\" content=\"713\" \/>\n\t<meta property=\"og:image:type\" content=\"image\/jpeg\" \/>\n<meta name=\"author\" content=\"Sebastian\" \/>\n<meta name=\"twitter:card\" content=\"summary_large_image\" \/>\n<meta name=\"twitter:creator\" content=\"@InformeLitoral\" \/>\n<meta name=\"twitter:site\" content=\"@InformeLitoral\" \/>\n<meta name=\"twitter:label1\" content=\"Escrito por\" \/>\n\t<meta name=\"twitter:data1\" content=\"Sebastian\" \/>\n\t<meta name=\"twitter:label2\" content=\"Tiempo de lectura\" \/>\n\t<meta name=\"twitter:data2\" content=\"3 minutos\" \/>\n<script type=\"application\/ld+json\" class=\"yoast-schema-graph\">{\"@context\":\"https:\\\/\\\/schema.org\",\"@graph\":[{\"@type\":\"Article\",\"@id\":\"https:\\\/\\\/informelitoral.com.ar\\\/el-presidente-se-reune-con-el-comite-que-disena-el-operativo-de-vacunacion\\\/#article\",\"isPartOf\":{\"@id\":\"https:\\\/\\\/informelitoral.com.ar\\\/el-presidente-se-reune-con-el-comite-que-disena-el-operativo-de-vacunacion\\\/\"},\"author\":{\"name\":\"Sebastian\",\"@id\":\"https:\\\/\\\/informelitoral.com.ar\\\/#\\\/schema\\\/person\\\/f05f9f461677119578717524b127d6d5\"},\"headline\":\"El Presidente se re\u00fane con el Comit\u00e9 que dise\u00f1a el operativo de vacunaci\u00f3n\",\"datePublished\":\"2020-11-23T22:59:40+00:00\",\"dateModified\":\"2020-11-24T10:28:59+00:00\",\"mainEntityOfPage\":{\"@id\":\"https:\\\/\\\/informelitoral.com.ar\\\/el-presidente-se-reune-con-el-comite-que-disena-el-operativo-de-vacunacion\\\/\"},\"wordCount\":535,\"commentCount\":0,\"publisher\":{\"@id\":\"https:\\\/\\\/informelitoral.com.ar\\\/#organization\"},\"image\":{\"@id\":\"https:\\\/\\\/informelitoral.com.ar\\\/el-presidente-se-reune-con-el-comite-que-disena-el-operativo-de-vacunacion\\\/#primaryimage\"},\"thumbnailUrl\":\"https:\\\/\\\/informelitoral.com.ar\\\/%77%70%2d%63%6f%6e%74%65%6e%74\\\/uploads\\\/2020\\\/07\\\/albertofernandez.jpg\",\"keywords\":[\"Alberto Fern\u00e1ndez\",\"Coronavirus\",\"COVID-19\",\"Nacionales\",\"vacuna\"],\"articleSection\":[\"Politica\"],\"inLanguage\":\"es\",\"potentialAction\":[{\"@type\":\"CommentAction\",\"name\":\"Comment\",\"target\":[\"https:\\\/\\\/informelitoral.com.ar\\\/el-presidente-se-reune-con-el-comite-que-disena-el-operativo-de-vacunacion\\\/#respond\"]}]},{\"@type\":\"WebPage\",\"@id\":\"https:\\\/\\\/informelitoral.com.ar\\\/el-presidente-se-reune-con-el-comite-que-disena-el-operativo-de-vacunacion\\\/\",\"url\":\"https:\\\/\\\/informelitoral.com.ar\\\/el-presidente-se-reune-con-el-comite-que-disena-el-operativo-de-vacunacion\\\/\",\"name\":\"El Presidente se re\u00fane con el Comit\u00e9 que dise\u00f1a el operativo de vacunaci\u00f3n - Informe Litoral\",\"isPartOf\":{\"@id\":\"https:\\\/\\\/informelitoral.com.ar\\\/#website\"},\"primaryImageOfPage\":{\"@id\":\"https:\\\/\\\/informelitoral.com.ar\\\/el-presidente-se-reune-con-el-comite-que-disena-el-operativo-de-vacunacion\\\/#primaryimage\"},\"image\":{\"@id\":\"https:\\\/\\\/informelitoral.com.ar\\\/el-presidente-se-reune-con-el-comite-que-disena-el-operativo-de-vacunacion\\\/#primaryimage\"},\"thumbnailUrl\":\"https:\\\/\\\/informelitoral.com.ar\\\/%77%70%2d%63%6f%6e%74%65%6e%74\\\/uploads\\\/2020\\\/07\\\/albertofernandez.jpg\",\"datePublished\":\"2020-11-23T22:59:40+00:00\",\"dateModified\":\"2020-11-24T10:28:59+00:00\",\"breadcrumb\":{\"@id\":\"https:\\\/\\\/informelitoral.com.ar\\\/el-presidente-se-reune-con-el-comite-que-disena-el-operativo-de-vacunacion\\\/#breadcrumb\"},\"inLanguage\":\"es\",\"potentialAction\":[{\"@type\":\"ReadAction\",\"target\":[\"https:\\\/\\\/informelitoral.com.ar\\\/el-presidente-se-reune-con-el-comite-que-disena-el-operativo-de-vacunacion\\\/\"]}]},{\"@type\":\"ImageObject\",\"inLanguage\":\"es\",\"@id\":\"https:\\\/\\\/informelitoral.com.ar\\\/el-presidente-se-reune-con-el-comite-que-disena-el-operativo-de-vacunacion\\\/#primaryimage\",\"url\":\"https:\\\/\\\/informelitoral.com.ar\\\/%77%70%2d%63%6f%6e%74%65%6e%74\\\/uploads\\\/2020\\\/07\\\/albertofernandez.jpg\",\"contentUrl\":\"https:\\\/\\\/informelitoral.com.ar\\\/%77%70%2d%63%6f%6e%74%65%6e%74\\\/uploads\\\/2020\\\/07\\\/albertofernandez.jpg\",\"width\":1072,\"height\":713},{\"@type\":\"BreadcrumbList\",\"@id\":\"https:\\\/\\\/informelitoral.com.ar\\\/el-presidente-se-reune-con-el-comite-que-disena-el-operativo-de-vacunacion\\\/#breadcrumb\",\"itemListElement\":[{\"@type\":\"ListItem\",\"position\":1,\"name\":\"Portada\",\"item\":\"https:\\\/\\\/informelitoral.com.ar\\\/\"},{\"@type\":\"ListItem\",\"position\":2,\"name\":\"El Presidente se re\u00fane con el Comit\u00e9 que dise\u00f1a el operativo de vacunaci\u00f3n\"}]},{\"@type\":\"WebSite\",\"@id\":\"https:\\\/\\\/informelitoral.com.ar\\\/#website\",\"url\":\"https:\\\/\\\/informelitoral.com.ar\\\/\",\"name\":\"Informe Litoral\",\"description\":\"&quot;Nos informamos&quot; \",\"publisher\":{\"@id\":\"https:\\\/\\\/informelitoral.com.ar\\\/#organization\"},\"potentialAction\":[{\"@type\":\"SearchAction\",\"target\":{\"@type\":\"EntryPoint\",\"urlTemplate\":\"https:\\\/\\\/informelitoral.com.ar\\\/?s={search_term_string}\"},\"query-input\":{\"@type\":\"PropertyValueSpecification\",\"valueRequired\":true,\"valueName\":\"search_term_string\"}}],\"inLanguage\":\"es\"},{\"@type\":\"Organization\",\"@id\":\"https:\\\/\\\/informelitoral.com.ar\\\/#organization\",\"name\":\"Informe Litoral\",\"url\":\"https:\\\/\\\/informelitoral.com.ar\\\/\",\"logo\":{\"@type\":\"ImageObject\",\"inLanguage\":\"es\",\"@id\":\"https:\\\/\\\/informelitoral.com.ar\\\/#\\\/schema\\\/logo\\\/image\\\/\",\"url\":\"https:\\\/\\\/informelitoral.com.ar\\\/%77%70%2d%63%6f%6e%74%65%6e%74\\\/uploads\\\/2021\\\/01\\\/circulo.png\",\"contentUrl\":\"https:\\\/\\\/informelitoral.com.ar\\\/%77%70%2d%63%6f%6e%74%65%6e%74\\\/uploads\\\/2021\\\/01\\\/circulo.png\",\"width\":723,\"height\":731,\"caption\":\"Informe Litoral\"},\"image\":{\"@id\":\"https:\\\/\\\/informelitoral.com.ar\\\/#\\\/schema\\\/logo\\\/image\\\/\"},\"sameAs\":[\"https:\\\/\\\/www.facebook.com\\\/informelitoral\\\/\",\"https:\\\/\\\/x.com\\\/InformeLitoral\",\"https:\\\/\\\/www.instagram.com\\\/informelitoral\\\/\",\"https:\\\/\\\/www.youtube.com\\\/channel\\\/UCua4Qvz8Icb6MYqhoq9xLXw\"]},{\"@type\":\"Person\",\"@id\":\"https:\\\/\\\/informelitoral.com.ar\\\/#\\\/schema\\\/person\\\/f05f9f461677119578717524b127d6d5\",\"name\":\"Sebastian\",\"image\":{\"@type\":\"ImageObject\",\"inLanguage\":\"es\",\"@id\":\"https:\\\/\\\/secure.gravatar.com\\\/avatar\\\/b71bf7481d447dfb9583c7f2798e7cc64de6efb9067b74633ed8c31059a3bd82?s=96&d=mm&r=g\",\"url\":\"https:\\\/\\\/secure.gravatar.com\\\/avatar\\\/b71bf7481d447dfb9583c7f2798e7cc64de6efb9067b74633ed8c31059a3bd82?s=96&d=mm&r=g\",\"contentUrl\":\"https:\\\/\\\/secure.gravatar.com\\\/avatar\\\/b71bf7481d447dfb9583c7f2798e7cc64de6efb9067b74633ed8c31059a3bd82?s=96&d=mm&r=g\",\"caption\":\"Sebastian\"},\"url\":\"https:\\\/\\\/informelitoral.com.ar\\\/author\\\/sebastian\\\/\"}]}<\/script>","yoast_head_json":{"title":"El Presidente se re\u00fane con el Comit\u00e9 que dise\u00f1a el operativo de vacunaci\u00f3n - Informe Litoral","robots":{"index":"index","follow":"follow","max-snippet":"max-snippet:-1","max-image-preview":"max-image-preview:large","max-video-preview":"max-video-preview:-1"},"canonical":"https:\/\/informelitoral.com.ar\/el-presidente-se-reune-con-el-comite-que-disena-el-operativo-de-vacunacion\/","og_locale":"es_ES","og_type":"article","og_title":"El Presidente se re\u00fane con el Comit\u00e9 que dise\u00f1a el operativo de vacunaci\u00f3n - Informe Litoral","og_description":"El Comit&eacute; de Vacunaci&oacute;n creado para el dise&ntilde;o y puesta en marcha del operativo que permitir&aacute; aplicar las dosis necesarias para la inmunizaci&oacute;n masiva de coronavirus iniciar&aacute; formalmente su tarea, en un encuentro que encabezar&aacute; el presidente Alberto Fern&aacute;ndez. Fern&aacute;ndez confirm&oacute; que &eacute;l mismo encabezar&aacute; el Comit&eacute;, del que participar&aacute;n especialistas de cuatro ministerios y [&hellip;]","og_url":"https:\/\/informelitoral.com.ar\/el-presidente-se-reune-con-el-comite-que-disena-el-operativo-de-vacunacion\/","og_site_name":"Informe Litoral","article_publisher":"https:\/\/www.facebook.com\/informelitoral\/","article_published_time":"2020-11-23T22:59:40+00:00","article_modified_time":"2020-11-24T10:28:59+00:00","og_image":[{"width":1072,"height":713,"url":"https:\/\/informelitoral.com.ar\/%77%70%2d%63%6f%6e%74%65%6e%74\/uploads\/2020\/07\/albertofernandez.jpg","type":"image\/jpeg"}],"author":"Sebastian","twitter_card":"summary_large_image","twitter_creator":"@InformeLitoral","twitter_site":"@InformeLitoral","twitter_misc":{"Escrito por":"Sebastian","Tiempo de lectura":"3 minutos"},"schema":{"@context":"https:\/\/schema.org","@graph":[{"@type":"Article","@id":"https:\/\/informelitoral.com.ar\/el-presidente-se-reune-con-el-comite-que-disena-el-operativo-de-vacunacion\/#article","isPartOf":{"@id":"https:\/\/informelitoral.com.ar\/el-presidente-se-reune-con-el-comite-que-disena-el-operativo-de-vacunacion\/"},"author":{"name":"Sebastian","@id":"https:\/\/informelitoral.com.ar\/#\/schema\/person\/f05f9f461677119578717524b127d6d5"},"headline":"El Presidente se re\u00fane con el Comit\u00e9 que dise\u00f1a el operativo de vacunaci\u00f3n","datePublished":"2020-11-23T22:59:40+00:00","dateModified":"2020-11-24T10:28:59+00:00","mainEntityOfPage":{"@id":"https:\/\/informelitoral.com.ar\/el-presidente-se-reune-con-el-comite-que-disena-el-operativo-de-vacunacion\/"},"wordCount":535,"commentCount":0,"publisher":{"@id":"https:\/\/informelitoral.com.ar\/#organization"},"image":{"@id":"https:\/\/informelitoral.com.ar\/el-presidente-se-reune-con-el-comite-que-disena-el-operativo-de-vacunacion\/#primaryimage"},"thumbnailUrl":"https:\/\/informelitoral.com.ar\/%77%70%2d%63%6f%6e%74%65%6e%74\/uploads\/2020\/07\/albertofernandez.jpg","keywords":["Alberto Fern\u00e1ndez","Coronavirus","COVID-19","Nacionales","vacuna"],"articleSection":["Politica"],"inLanguage":"es","potentialAction":[{"@type":"CommentAction","name":"Comment","target":["https:\/\/informelitoral.com.ar\/el-presidente-se-reune-con-el-comite-que-disena-el-operativo-de-vacunacion\/#respond"]}]},{"@type":"WebPage","@id":"https:\/\/informelitoral.com.ar\/el-presidente-se-reune-con-el-comite-que-disena-el-operativo-de-vacunacion\/","url":"https:\/\/informelitoral.com.ar\/el-presidente-se-reune-con-el-comite-que-disena-el-operativo-de-vacunacion\/","name":"El Presidente se re\u00fane con el Comit\u00e9 que dise\u00f1a el operativo de vacunaci\u00f3n - Informe Litoral","isPartOf":{"@id":"https:\/\/informelitoral.com.ar\/#website"},"primaryImageOfPage":{"@id":"https:\/\/informelitoral.com.ar\/el-presidente-se-reune-con-el-comite-que-disena-el-operativo-de-vacunacion\/#primaryimage"},"image":{"@id":"https:\/\/informelitoral.com.ar\/el-presidente-se-reune-con-el-comite-que-disena-el-operativo-de-vacunacion\/#primaryimage"},"thumbnailUrl":"https:\/\/informelitoral.com.ar\/%77%70%2d%63%6f%6e%74%65%6e%74\/uploads\/2020\/07\/albertofernandez.jpg","datePublished":"2020-11-23T22:59:40+00:00","dateModified":"2020-11-24T10:28:59+00:00","breadcrumb":{"@id":"https:\/\/informelitoral.com.ar\/el-presidente-se-reune-con-el-comite-que-disena-el-operativo-de-vacunacion\/#breadcrumb"},"inLanguage":"es","potentialAction":[{"@type":"ReadAction","target":["https:\/\/informelitoral.com.ar\/el-presidente-se-reune-con-el-comite-que-disena-el-operativo-de-vacunacion\/"]}]},{"@type":"ImageObject","inLanguage":"es","@id":"https:\/\/informelitoral.com.ar\/el-presidente-se-reune-con-el-comite-que-disena-el-operativo-de-vacunacion\/#primaryimage","url":"https:\/\/informelitoral.com.ar\/%77%70%2d%63%6f%6e%74%65%6e%74\/uploads\/2020\/07\/albertofernandez.jpg","contentUrl":"https:\/\/informelitoral.com.ar\/%77%70%2d%63%6f%6e%74%65%6e%74\/uploads\/2020\/07\/albertofernandez.jpg","width":1072,"height":713},{"@type":"BreadcrumbList","@id":"https:\/\/informelitoral.com.ar\/el-presidente-se-reune-con-el-comite-que-disena-el-operativo-de-vacunacion\/#breadcrumb","itemListElement":[{"@type":"ListItem","position":1,"name":"Portada","item":"https:\/\/informelitoral.com.ar\/"},{"@type":"ListItem","position":2,"name":"El Presidente se re\u00fane con el Comit\u00e9 que dise\u00f1a el operativo de vacunaci\u00f3n"}]},{"@type":"WebSite","@id":"https:\/\/informelitoral.com.ar\/#website","url":"https:\/\/informelitoral.com.ar\/","name":"Informe Litoral","description":"&quot;Nos informamos&quot; ","publisher":{"@id":"https:\/\/informelitoral.com.ar\/#organization"},"potentialAction":[{"@type":"SearchAction","target":{"@type":"EntryPoint","urlTemplate":"https:\/\/informelitoral.com.ar\/?s={search_term_string}"},"query-input":{"@type":"PropertyValueSpecification","valueRequired":true,"valueName":"search_term_string"}}],"inLanguage":"es"},{"@type":"Organization","@id":"https:\/\/informelitoral.com.ar\/#organization","name":"Informe Litoral","url":"https:\/\/informelitoral.com.ar\/","logo":{"@type":"ImageObject","inLanguage":"es","@id":"https:\/\/informelitoral.com.ar\/#\/schema\/logo\/image\/","url":"https:\/\/informelitoral.com.ar\/%77%70%2d%63%6f%6e%74%65%6e%74\/uploads\/2021\/01\/circulo.png","contentUrl":"https:\/\/informelitoral.com.ar\/%77%70%2d%63%6f%6e%74%65%6e%74\/uploads\/2021\/01\/circulo.png","width":723,"height":731,"caption":"Informe Litoral"},"image":{"@id":"https:\/\/informelitoral.com.ar\/#\/schema\/logo\/image\/"},"sameAs":["https:\/\/www.facebook.com\/informelitoral\/","https:\/\/x.com\/InformeLitoral","https:\/\/www.instagram.com\/informelitoral\/","https:\/\/www.youtube.com\/channel\/UCua4Qvz8Icb6MYqhoq9xLXw"]},{"@type":"Person","@id":"https:\/\/informelitoral.com.ar\/#\/schema\/person\/f05f9f461677119578717524b127d6d5","name":"Sebastian","image":{"@type":"ImageObject","inLanguage":"es","@id":"https:\/\/secure.gravatar.com\/avatar\/b71bf7481d447dfb9583c7f2798e7cc64de6efb9067b74633ed8c31059a3bd82?s=96&d=mm&r=g","url":"https:\/\/secure.gravatar.com\/avatar\/b71bf7481d447dfb9583c7f2798e7cc64de6efb9067b74633ed8c31059a3bd82?s=96&d=mm&r=g","contentUrl":"https:\/\/secure.gravatar.com\/avatar\/b71bf7481d447dfb9583c7f2798e7cc64de6efb9067b74633ed8c31059a3bd82?s=96&d=mm&r=g","caption":"Sebastian"},"url":"https:\/\/informelitoral.com.ar\/author\/sebastian\/"}]}},"_links":{"self":[{"href":"https:\/\/informelitoral.com.ar\/%77%70%2d%6a%73%6f%6e\/wp\/v2\/posts\/53526","targetHints":{"allow":["GET"]}}],"collection":[{"href":"https:\/\/informelitoral.com.ar\/%77%70%2d%6a%73%6f%6e\/wp\/v2\/posts"}],"about":[{"href":"https:\/\/informelitoral.com.ar\/%77%70%2d%6a%73%6f%6e\/wp\/v2\/types\/post"}],"author":[{"embeddable":true,"href":"https:\/\/informelitoral.com.ar\/%77%70%2d%6a%73%6f%6e\/wp\/v2\/users\/8"}],"replies":[{"embeddable":true,"href":"https:\/\/informelitoral.com.ar\/%77%70%2d%6a%73%6f%6e\/wp\/v2\/comments?post=53526"}],"version-history":[{"count":0,"href":"https:\/\/informelitoral.com.ar\/%77%70%2d%6a%73%6f%6e\/wp\/v2\/posts\/53526\/revisions"}],"wp:featuredmedia":[{"embeddable":true,"href":"https:\/\/informelitoral.com.ar\/%77%70%2d%6a%73%6f%6e\/wp\/v2\/media\/45870"}],"wp:attachment":[{"href":"https:\/\/informelitoral.com.ar\/%77%70%2d%6a%73%6f%6e\/wp\/v2\/media?parent=53526"}],"wp:term":[{"taxonomy":"category","embeddable":true,"href":"https:\/\/informelitoral.com.ar\/%77%70%2d%6a%73%6f%6e\/wp\/v2\/categories?post=53526"},{"taxonomy":"post_tag","embeddable":true,"href":"https:\/\/informelitoral.com.ar\/%77%70%2d%6a%73%6f%6e\/wp\/v2\/tags?post=53526"}],"curies":[{"name":"wp","href":"https:\/\/api.w.org\/{rel}","templated":true}]}}