{"id":53341,"date":"2020-11-19T10:02:57","date_gmt":"2020-11-19T13:02:57","guid":{"rendered":"https:\/\/www.isletasnoticias.com.ar\/?p=53341"},"modified":"2020-11-19T10:02:57","modified_gmt":"2020-11-19T13:02:57","slug":"los-jubilados-con-la-minima-cobraran-19-035-desde-diciembre","status":"publish","type":"post","link":"https:\/\/informelitoral.com.ar\/los-jubilados-con-la-minima-cobraran-19-035-desde-diciembre\/","title":{"rendered":"Los jubilados con la m\u00ednima cobrar\u00e1n $19.035 desde diciembre"},"content":{"rendered":"<p>El Gobierno nacional anunci\u00f3 un\u00a0<a href=\"https:\/\/www.isletasnoticias.com.ar\/alberto-fernandez-anuncio-que-en-diciembre-habra-un-aumento-para-los-jubilados\/\"><strong>aumento de las\u00a0jubilaciones\u00a0del 5% para diciembre<\/strong>.<\/a> El anterior alza hab\u00eda sido del 7,5% en agosto y hab\u00eda llevado el haber m\u00ednimo a $18.129, de modo que para el \u00faltimo mes del a\u00f1o equivaldr\u00e1 a\u00a0<strong>$19.035<\/strong>.<\/p>\n<p>La f\u00f3rmula actual, sancionada durante el gobierno de Mauricio Macri, les daba como aumento un 4,5% para diciembre, pero se encuentra congelada, y\u00a0<strong>a trav\u00e9s de los incrementos por decreto y los salarios indirectos, los jubilados consiguieron un alza de 28.9% en sus haberes<\/strong>. Ahora, con este plus de 5%, las jubilaciones\u00a0<strong>acumular\u00e1n un extra de 35.3% en todo 2020<\/strong>, con lo que recuperan por primera vez su poder adquisitivo en cuatro a\u00f1os.<\/p>\n<p><strong>Aumentos de las jubilaciones para diciembre<\/strong><\/p>\n<p>La inflaci\u00f3n acumulada en lo que va de 2020 equivale al 26,9%, estimando una inflaci\u00f3n para el 2020 de menos del 33%.<\/p>\n<p>Pero el nuevo incremento alcanzar\u00e1 tambi\u00e9n a los beneficiarios de pensiones no contributivas, Asignaci\u00f3n Universal por Hijo (AUH), Asignaci\u00f3n Universal por Embarazo (AUE) y SUAF.<\/p>\n<p><span style=\"text-align: center;\">Con el nuevo aumento programado para diciembre, las jubilaciones m\u00ednimas ser\u00e1n de $19.035, de esta manera y m\u00e1s del 70% de los jubilados tendr\u00e1n aumentos por encima de la inflaci\u00f3n, consign\u00f3<\/span><em style=\"text-align: center;\">\u00a0Minutouno.<\/em><\/p>\n","protected":false},"excerpt":{"rendered":"<p>Es con el aumento que dispuso el Gobierno nacional. Aseguran que es levemente superior al que hubieran recibido con la f\u00f3rmula de Macri.<\/p>\n","protected":false},"author":2,"featured_media":22733,"comment_status":"open","ping_status":"open","sticky":false,"template":"","format":"standard","meta":{"fifu_image_url":"","fifu_image_alt":"","footnotes":""},"categories":[1594,7],"tags":[269,233,950,102],"class_list":{"0":"post-53341","1":"post","2":"type-post","3":"status-publish","4":"format-standard","5":"has-post-thumbnail","7":"category-economia","8":"category-nacionales","9":"tag-anses","10":"tag-gobierno-nacional","11":"tag-jubilaciones","12":"tag-jubilados"},"yoast_head":"<title>Los jubilados con la m\u00ednima cobrar\u00e1n $19.035 desde diciembre - Informe Litoral<\/title>\n<meta name=\"robots\" content=\"index, follow, max-snippet:-1, max-image-preview:large, max-video-preview:-1\" \/>\n<link rel=\"canonical\" href=\"https:\/\/informelitoral.com.ar\/los-jubilados-con-la-minima-cobraran-19-035-desde-diciembre\/\" \/>\n<meta property=\"og:locale\" content=\"es_ES\" \/>\n<meta property=\"og:type\" content=\"article\" \/>\n<meta property=\"og:title\" content=\"Los jubilados con la m\u00ednima cobrar\u00e1n $19.035 desde diciembre - Informe Litoral\" \/>\n<meta property=\"og:description\" content=\"Es con el aumento que dispuso el Gobierno nacional. Aseguran que es levemente superior al que hubieran recibido con la f\u00f3rmula de Macri.\" \/>\n<meta property=\"og:url\" content=\"https:\/\/informelitoral.com.ar\/los-jubilados-con-la-minima-cobraran-19-035-desde-diciembre\/\" \/>\n<meta property=\"og:site_name\" content=\"Informe Litoral\" \/>\n<meta property=\"article:publisher\" content=\"https:\/\/www.facebook.com\/informelitoral\/\" \/>\n<meta property=\"article:published_time\" content=\"2020-11-19T13:02:57+00:00\" \/>\n<meta property=\"og:image\" content=\"https:\/\/informelitoral.com.ar\/%77%70%2d%63%6f%6e%74%65%6e%74\/uploads\/2017\/08\/aumento-jubilados-nacionales.jpg\" \/>\n\t<meta property=\"og:image:width\" content=\"1024\" \/>\n\t<meta property=\"og:image:height\" content=\"670\" \/>\n\t<meta property=\"og:image:type\" content=\"image\/jpeg\" \/>\n<meta name=\"author\" content=\"Gonzalo Schmidt\" \/>\n<meta name=\"twitter:card\" content=\"summary_large_image\" \/>\n<meta name=\"twitter:creator\" content=\"@InformeLitoral\" \/>\n<meta name=\"twitter:site\" content=\"@InformeLitoral\" \/>\n<meta name=\"twitter:label1\" content=\"Escrito por\" \/>\n\t<meta name=\"twitter:data1\" content=\"Gonzalo Schmidt\" \/>\n\t<meta name=\"twitter:label2\" content=\"Tiempo de lectura\" \/>\n\t<meta name=\"twitter:data2\" content=\"1 minuto\" \/>\n<script type=\"application\/ld+json\" class=\"yoast-schema-graph\">{\"@context\":\"https:\\\/\\\/schema.org\",\"@graph\":[{\"@type\":\"Article\",\"@id\":\"https:\\\/\\\/informelitoral.com.ar\\\/los-jubilados-con-la-minima-cobraran-19-035-desde-diciembre\\\/#article\",\"isPartOf\":{\"@id\":\"https:\\\/\\\/informelitoral.com.ar\\\/los-jubilados-con-la-minima-cobraran-19-035-desde-diciembre\\\/\"},\"author\":{\"name\":\"Gonzalo Schmidt\",\"@id\":\"https:\\\/\\\/informelitoral.com.ar\\\/#\\\/schema\\\/person\\\/b9d00407c836482871ef1d57bf8e3180\"},\"headline\":\"Los jubilados con la m\u00ednima cobrar\u00e1n $19.035 desde diciembre\",\"datePublished\":\"2020-11-19T13:02:57+00:00\",\"mainEntityOfPage\":{\"@id\":\"https:\\\/\\\/informelitoral.com.ar\\\/los-jubilados-con-la-minima-cobraran-19-035-desde-diciembre\\\/\"},\"wordCount\":213,\"commentCount\":0,\"publisher\":{\"@id\":\"https:\\\/\\\/informelitoral.com.ar\\\/#organization\"},\"image\":{\"@id\":\"https:\\\/\\\/informelitoral.com.ar\\\/los-jubilados-con-la-minima-cobraran-19-035-desde-diciembre\\\/#primaryimage\"},\"thumbnailUrl\":\"https:\\\/\\\/informelitoral.com.ar\\\/%77%70%2d%63%6f%6e%74%65%6e%74\\\/uploads\\\/2017\\\/08\\\/aumento-jubilados-nacionales.jpg\",\"keywords\":[\"Anses\",\"Gobierno nacional\",\"Jubilaciones\",\"Jubilados\"],\"articleSection\":[\"Econom\u00eda\",\"Nacionales\"],\"inLanguage\":\"es\",\"potentialAction\":[{\"@type\":\"CommentAction\",\"name\":\"Comment\",\"target\":[\"https:\\\/\\\/informelitoral.com.ar\\\/los-jubilados-con-la-minima-cobraran-19-035-desde-diciembre\\\/#respond\"]}]},{\"@type\":\"WebPage\",\"@id\":\"https:\\\/\\\/informelitoral.com.ar\\\/los-jubilados-con-la-minima-cobraran-19-035-desde-diciembre\\\/\",\"url\":\"https:\\\/\\\/informelitoral.com.ar\\\/los-jubilados-con-la-minima-cobraran-19-035-desde-diciembre\\\/\",\"name\":\"Los jubilados con la m\u00ednima cobrar\u00e1n $19.035 desde diciembre - Informe Litoral\",\"isPartOf\":{\"@id\":\"https:\\\/\\\/informelitoral.com.ar\\\/#website\"},\"primaryImageOfPage\":{\"@id\":\"https:\\\/\\\/informelitoral.com.ar\\\/los-jubilados-con-la-minima-cobraran-19-035-desde-diciembre\\\/#primaryimage\"},\"image\":{\"@id\":\"https:\\\/\\\/informelitoral.com.ar\\\/los-jubilados-con-la-minima-cobraran-19-035-desde-diciembre\\\/#primaryimage\"},\"thumbnailUrl\":\"https:\\\/\\\/informelitoral.com.ar\\\/%77%70%2d%63%6f%6e%74%65%6e%74\\\/uploads\\\/2017\\\/08\\\/aumento-jubilados-nacionales.jpg\",\"datePublished\":\"2020-11-19T13:02:57+00:00\",\"breadcrumb\":{\"@id\":\"https:\\\/\\\/informelitoral.com.ar\\\/los-jubilados-con-la-minima-cobraran-19-035-desde-diciembre\\\/#breadcrumb\"},\"inLanguage\":\"es\",\"potentialAction\":[{\"@type\":\"ReadAction\",\"target\":[\"https:\\\/\\\/informelitoral.com.ar\\\/los-jubilados-con-la-minima-cobraran-19-035-desde-diciembre\\\/\"]}]},{\"@type\":\"ImageObject\",\"inLanguage\":\"es\",\"@id\":\"https:\\\/\\\/informelitoral.com.ar\\\/los-jubilados-con-la-minima-cobraran-19-035-desde-diciembre\\\/#primaryimage\",\"url\":\"https:\\\/\\\/informelitoral.com.ar\\\/%77%70%2d%63%6f%6e%74%65%6e%74\\\/uploads\\\/2017\\\/08\\\/aumento-jubilados-nacionales.jpg\",\"contentUrl\":\"https:\\\/\\\/informelitoral.com.ar\\\/%77%70%2d%63%6f%6e%74%65%6e%74\\\/uploads\\\/2017\\\/08\\\/aumento-jubilados-nacionales.jpg\",\"width\":1024,\"height\":670},{\"@type\":\"BreadcrumbList\",\"@id\":\"https:\\\/\\\/informelitoral.com.ar\\\/los-jubilados-con-la-minima-cobraran-19-035-desde-diciembre\\\/#breadcrumb\",\"itemListElement\":[{\"@type\":\"ListItem\",\"position\":1,\"name\":\"Portada\",\"item\":\"https:\\\/\\\/informelitoral.com.ar\\\/\"},{\"@type\":\"ListItem\",\"position\":2,\"name\":\"Los jubilados con la m\u00ednima cobrar\u00e1n $19.035 desde diciembre\"}]},{\"@type\":\"WebSite\",\"@id\":\"https:\\\/\\\/informelitoral.com.ar\\\/#website\",\"url\":\"https:\\\/\\\/informelitoral.com.ar\\\/\",\"name\":\"Informe Litoral\",\"description\":\"&quot;Nos informamos&quot; \",\"publisher\":{\"@id\":\"https:\\\/\\\/informelitoral.com.ar\\\/#organization\"},\"potentialAction\":[{\"@type\":\"SearchAction\",\"target\":{\"@type\":\"EntryPoint\",\"urlTemplate\":\"https:\\\/\\\/informelitoral.com.ar\\\/?s={search_term_string}\"},\"query-input\":{\"@type\":\"PropertyValueSpecification\",\"valueRequired\":true,\"valueName\":\"search_term_string\"}}],\"inLanguage\":\"es\"},{\"@type\":\"Organization\",\"@id\":\"https:\\\/\\\/informelitoral.com.ar\\\/#organization\",\"name\":\"Informe Litoral\",\"url\":\"https:\\\/\\\/informelitoral.com.ar\\\/\",\"logo\":{\"@type\":\"ImageObject\",\"inLanguage\":\"es\",\"@id\":\"https:\\\/\\\/informelitoral.com.ar\\\/#\\\/schema\\\/logo\\\/image\\\/\",\"url\":\"https:\\\/\\\/informelitoral.com.ar\\\/%77%70%2d%63%6f%6e%74%65%6e%74\\\/uploads\\\/2021\\\/01\\\/circulo.png\",\"contentUrl\":\"https:\\\/\\\/informelitoral.com.ar\\\/%77%70%2d%63%6f%6e%74%65%6e%74\\\/uploads\\\/2021\\\/01\\\/circulo.png\",\"width\":723,\"height\":731,\"caption\":\"Informe Litoral\"},\"image\":{\"@id\":\"https:\\\/\\\/informelitoral.com.ar\\\/#\\\/schema\\\/logo\\\/image\\\/\"},\"sameAs\":[\"https:\\\/\\\/www.facebook.com\\\/informelitoral\\\/\",\"https:\\\/\\\/x.com\\\/InformeLitoral\",\"https:\\\/\\\/www.instagram.com\\\/informelitoral\\\/\",\"https:\\\/\\\/www.youtube.com\\\/channel\\\/UCua4Qvz8Icb6MYqhoq9xLXw\"]},{\"@type\":\"Person\",\"@id\":\"https:\\\/\\\/informelitoral.com.ar\\\/#\\\/schema\\\/person\\\/b9d00407c836482871ef1d57bf8e3180\",\"name\":\"Gonzalo Schmidt\",\"image\":{\"@type\":\"ImageObject\",\"inLanguage\":\"es\",\"@id\":\"https:\\\/\\\/secure.gravatar.com\\\/avatar\\\/31a1a7b66ff2de83bd0e9fd79d026630d2d99e55e8bfe501287647b4fd9743de?s=96&d=mm&r=g\",\"url\":\"https:\\\/\\\/secure.gravatar.com\\\/avatar\\\/31a1a7b66ff2de83bd0e9fd79d026630d2d99e55e8bfe501287647b4fd9743de?s=96&d=mm&r=g\",\"contentUrl\":\"https:\\\/\\\/secure.gravatar.com\\\/avatar\\\/31a1a7b66ff2de83bd0e9fd79d026630d2d99e55e8bfe501287647b4fd9743de?s=96&d=mm&r=g\",\"caption\":\"Gonzalo Schmidt\"},\"description\":\"Sitio web de noticias de la provincia de Entre R\u00edos, Argentina. Informaci\u00f3n y entretenimiento. Informe Litoral, nos informamos.\",\"sameAs\":[\"http:\\\/\\\/www.isletasnoticias.com.ar\"],\"url\":\"https:\\\/\\\/informelitoral.com.ar\\\/author\\\/gonzalo\\\/\"}]}<\/script>","yoast_head_json":{"title":"Los jubilados con la m\u00ednima cobrar\u00e1n $19.035 desde diciembre - Informe Litoral","robots":{"index":"index","follow":"follow","max-snippet":"max-snippet:-1","max-image-preview":"max-image-preview:large","max-video-preview":"max-video-preview:-1"},"canonical":"https:\/\/informelitoral.com.ar\/los-jubilados-con-la-minima-cobraran-19-035-desde-diciembre\/","og_locale":"es_ES","og_type":"article","og_title":"Los jubilados con la m\u00ednima cobrar\u00e1n $19.035 desde diciembre - Informe Litoral","og_description":"Es con el aumento que dispuso el Gobierno nacional. Aseguran que es levemente superior al que hubieran recibido con la f\u00f3rmula de Macri.","og_url":"https:\/\/informelitoral.com.ar\/los-jubilados-con-la-minima-cobraran-19-035-desde-diciembre\/","og_site_name":"Informe Litoral","article_publisher":"https:\/\/www.facebook.com\/informelitoral\/","article_published_time":"2020-11-19T13:02:57+00:00","og_image":[{"width":1024,"height":670,"url":"https:\/\/informelitoral.com.ar\/%77%70%2d%63%6f%6e%74%65%6e%74\/uploads\/2017\/08\/aumento-jubilados-nacionales.jpg","type":"image\/jpeg"}],"author":"Gonzalo Schmidt","twitter_card":"summary_large_image","twitter_creator":"@InformeLitoral","twitter_site":"@InformeLitoral","twitter_misc":{"Escrito por":"Gonzalo Schmidt","Tiempo de lectura":"1 minuto"},"schema":{"@context":"https:\/\/schema.org","@graph":[{"@type":"Article","@id":"https:\/\/informelitoral.com.ar\/los-jubilados-con-la-minima-cobraran-19-035-desde-diciembre\/#article","isPartOf":{"@id":"https:\/\/informelitoral.com.ar\/los-jubilados-con-la-minima-cobraran-19-035-desde-diciembre\/"},"author":{"name":"Gonzalo Schmidt","@id":"https:\/\/informelitoral.com.ar\/#\/schema\/person\/b9d00407c836482871ef1d57bf8e3180"},"headline":"Los jubilados con la m\u00ednima cobrar\u00e1n $19.035 desde diciembre","datePublished":"2020-11-19T13:02:57+00:00","mainEntityOfPage":{"@id":"https:\/\/informelitoral.com.ar\/los-jubilados-con-la-minima-cobraran-19-035-desde-diciembre\/"},"wordCount":213,"commentCount":0,"publisher":{"@id":"https:\/\/informelitoral.com.ar\/#organization"},"image":{"@id":"https:\/\/informelitoral.com.ar\/los-jubilados-con-la-minima-cobraran-19-035-desde-diciembre\/#primaryimage"},"thumbnailUrl":"https:\/\/informelitoral.com.ar\/%77%70%2d%63%6f%6e%74%65%6e%74\/uploads\/2017\/08\/aumento-jubilados-nacionales.jpg","keywords":["Anses","Gobierno nacional","Jubilaciones","Jubilados"],"articleSection":["Econom\u00eda","Nacionales"],"inLanguage":"es","potentialAction":[{"@type":"CommentAction","name":"Comment","target":["https:\/\/informelitoral.com.ar\/los-jubilados-con-la-minima-cobraran-19-035-desde-diciembre\/#respond"]}]},{"@type":"WebPage","@id":"https:\/\/informelitoral.com.ar\/los-jubilados-con-la-minima-cobraran-19-035-desde-diciembre\/","url":"https:\/\/informelitoral.com.ar\/los-jubilados-con-la-minima-cobraran-19-035-desde-diciembre\/","name":"Los jubilados con la m\u00ednima cobrar\u00e1n $19.035 desde diciembre - Informe Litoral","isPartOf":{"@id":"https:\/\/informelitoral.com.ar\/#website"},"primaryImageOfPage":{"@id":"https:\/\/informelitoral.com.ar\/los-jubilados-con-la-minima-cobraran-19-035-desde-diciembre\/#primaryimage"},"image":{"@id":"https:\/\/informelitoral.com.ar\/los-jubilados-con-la-minima-cobraran-19-035-desde-diciembre\/#primaryimage"},"thumbnailUrl":"https:\/\/informelitoral.com.ar\/%77%70%2d%63%6f%6e%74%65%6e%74\/uploads\/2017\/08\/aumento-jubilados-nacionales.jpg","datePublished":"2020-11-19T13:02:57+00:00","breadcrumb":{"@id":"https:\/\/informelitoral.com.ar\/los-jubilados-con-la-minima-cobraran-19-035-desde-diciembre\/#breadcrumb"},"inLanguage":"es","potentialAction":[{"@type":"ReadAction","target":["https:\/\/informelitoral.com.ar\/los-jubilados-con-la-minima-cobraran-19-035-desde-diciembre\/"]}]},{"@type":"ImageObject","inLanguage":"es","@id":"https:\/\/informelitoral.com.ar\/los-jubilados-con-la-minima-cobraran-19-035-desde-diciembre\/#primaryimage","url":"https:\/\/informelitoral.com.ar\/%77%70%2d%63%6f%6e%74%65%6e%74\/uploads\/2017\/08\/aumento-jubilados-nacionales.jpg","contentUrl":"https:\/\/informelitoral.com.ar\/%77%70%2d%63%6f%6e%74%65%6e%74\/uploads\/2017\/08\/aumento-jubilados-nacionales.jpg","width":1024,"height":670},{"@type":"BreadcrumbList","@id":"https:\/\/informelitoral.com.ar\/los-jubilados-con-la-minima-cobraran-19-035-desde-diciembre\/#breadcrumb","itemListElement":[{"@type":"ListItem","position":1,"name":"Portada","item":"https:\/\/informelitoral.com.ar\/"},{"@type":"ListItem","position":2,"name":"Los jubilados con la m\u00ednima cobrar\u00e1n $19.035 desde diciembre"}]},{"@type":"WebSite","@id":"https:\/\/informelitoral.com.ar\/#website","url":"https:\/\/informelitoral.com.ar\/","name":"Informe Litoral","description":"&quot;Nos informamos&quot; ","publisher":{"@id":"https:\/\/informelitoral.com.ar\/#organization"},"potentialAction":[{"@type":"SearchAction","target":{"@type":"EntryPoint","urlTemplate":"https:\/\/informelitoral.com.ar\/?s={search_term_string}"},"query-input":{"@type":"PropertyValueSpecification","valueRequired":true,"valueName":"search_term_string"}}],"inLanguage":"es"},{"@type":"Organization","@id":"https:\/\/informelitoral.com.ar\/#organization","name":"Informe Litoral","url":"https:\/\/informelitoral.com.ar\/","logo":{"@type":"ImageObject","inLanguage":"es","@id":"https:\/\/informelitoral.com.ar\/#\/schema\/logo\/image\/","url":"https:\/\/informelitoral.com.ar\/%77%70%2d%63%6f%6e%74%65%6e%74\/uploads\/2021\/01\/circulo.png","contentUrl":"https:\/\/informelitoral.com.ar\/%77%70%2d%63%6f%6e%74%65%6e%74\/uploads\/2021\/01\/circulo.png","width":723,"height":731,"caption":"Informe Litoral"},"image":{"@id":"https:\/\/informelitoral.com.ar\/#\/schema\/logo\/image\/"},"sameAs":["https:\/\/www.facebook.com\/informelitoral\/","https:\/\/x.com\/InformeLitoral","https:\/\/www.instagram.com\/informelitoral\/","https:\/\/www.youtube.com\/channel\/UCua4Qvz8Icb6MYqhoq9xLXw"]},{"@type":"Person","@id":"https:\/\/informelitoral.com.ar\/#\/schema\/person\/b9d00407c836482871ef1d57bf8e3180","name":"Gonzalo Schmidt","image":{"@type":"ImageObject","inLanguage":"es","@id":"https:\/\/secure.gravatar.com\/avatar\/31a1a7b66ff2de83bd0e9fd79d026630d2d99e55e8bfe501287647b4fd9743de?s=96&d=mm&r=g","url":"https:\/\/secure.gravatar.com\/avatar\/31a1a7b66ff2de83bd0e9fd79d026630d2d99e55e8bfe501287647b4fd9743de?s=96&d=mm&r=g","contentUrl":"https:\/\/secure.gravatar.com\/avatar\/31a1a7b66ff2de83bd0e9fd79d026630d2d99e55e8bfe501287647b4fd9743de?s=96&d=mm&r=g","caption":"Gonzalo Schmidt"},"description":"Sitio web de noticias de la provincia de Entre R\u00edos, Argentina. Informaci\u00f3n y entretenimiento. Informe Litoral, nos informamos.","sameAs":["http:\/\/www.isletasnoticias.com.ar"],"url":"https:\/\/informelitoral.com.ar\/author\/gonzalo\/"}]}},"_links":{"self":[{"href":"https:\/\/informelitoral.com.ar\/%77%70%2d%6a%73%6f%6e\/wp\/v2\/posts\/53341","targetHints":{"allow":["GET"]}}],"collection":[{"href":"https:\/\/informelitoral.com.ar\/%77%70%2d%6a%73%6f%6e\/wp\/v2\/posts"}],"about":[{"href":"https:\/\/informelitoral.com.ar\/%77%70%2d%6a%73%6f%6e\/wp\/v2\/types\/post"}],"author":[{"embeddable":true,"href":"https:\/\/informelitoral.com.ar\/%77%70%2d%6a%73%6f%6e\/wp\/v2\/users\/2"}],"replies":[{"embeddable":true,"href":"https:\/\/informelitoral.com.ar\/%77%70%2d%6a%73%6f%6e\/wp\/v2\/comments?post=53341"}],"version-history":[{"count":0,"href":"https:\/\/informelitoral.com.ar\/%77%70%2d%6a%73%6f%6e\/wp\/v2\/posts\/53341\/revisions"}],"wp:featuredmedia":[{"embeddable":true,"href":"https:\/\/informelitoral.com.ar\/%77%70%2d%6a%73%6f%6e\/wp\/v2\/media\/22733"}],"wp:attachment":[{"href":"https:\/\/informelitoral.com.ar\/%77%70%2d%6a%73%6f%6e\/wp\/v2\/media?parent=53341"}],"wp:term":[{"taxonomy":"category","embeddable":true,"href":"https:\/\/informelitoral.com.ar\/%77%70%2d%6a%73%6f%6e\/wp\/v2\/categories?post=53341"},{"taxonomy":"post_tag","embeddable":true,"href":"https:\/\/informelitoral.com.ar\/%77%70%2d%6a%73%6f%6e\/wp\/v2\/tags?post=53341"}],"curies":[{"name":"wp","href":"https:\/\/api.w.org\/{rel}","templated":true}]}}