{"id":53330,"date":"2020-11-18T19:41:47","date_gmt":"2020-11-18T22:41:47","guid":{"rendered":"https:\/\/www.isletasnoticias.com.ar\/?p=53330"},"modified":"2020-11-18T19:41:47","modified_gmt":"2020-11-18T22:41:47","slug":"se-pagaria-estos-dias-el-bono-de-5-000-a-personal-de-salud","status":"publish","type":"post","link":"https:\/\/informelitoral.com.ar\/se-pagaria-estos-dias-el-bono-de-5-000-a-personal-de-salud\/","title":{"rendered":"Se pagar\u00eda estos d\u00edas el bono de $5.000 a personal de Salud"},"content":{"rendered":"<div class=\"news-body-main\">\n<div id=\"note-body\" data-twitter-link=\"https:\/\/twitter.com\/intent\/tweet?url=https:\/\/www.unoentrerios.com.ar\/c2624397&amp;via=&amp;related=Uno Entre Rios&amp;text=\">\n<p><strong>Los\u00a0trabajadores\u00a0de los \u00e1mbitos p\u00fablico y privado esperan desde hace un mes la liquidaci\u00f3n de la segunda Asignaci\u00f3n Est\u00edmulo al Personal de\u00a0Salud, el\u00a0bono\u00a0de $5.000 mensuales que el gobierno nacional dispuso pagar al personal esencial sanitario durante octubre, noviembre y diciembre. La liquidaci\u00f3n ser\u00eda inminente, luego de la orden que habr\u00eda emitido el Ministerio de Econom\u00eda de la Naci\u00f3n y que se concretar\u00eda entre esta semana y la pr\u00f3xima.<\/strong><\/p>\n<\/div>\n<\/div>\n<div class=\"news-body-main\">\n<div id=\"note-body\" data-twitter-link=\"https:\/\/twitter.com\/intent\/tweet?url=https:\/\/www.unoentrerios.com.ar\/c2624397&amp;via=&amp;related=Uno Entre Rios&amp;text=\">\n<p>Se trata de la extensi\u00f3n, por el \u00faltimo trimestre del a\u00f1o, del bono que Naci\u00f3n ya pag\u00f3 -aunque con atraso- por los meses de abril, mayo, junio y julio. En aquella instancia fueron $20.000 pagaderos en cuatro cuotas de $5.000 por mes, que los trabajadores terminaron cobrando con tres meses de demora. Ahora, de la misma forma, son $15.000 a percibir en tres tramos.<\/p>\n<\/div>\n<\/div>\n<div class=\"news-body-main\">\n<div id=\"note-body\" data-twitter-link=\"https:\/\/twitter.com\/intent\/tweet?url=https:\/\/www.unoentrerios.com.ar\/c2624397&amp;via=&amp;related=Uno Entre Rios&amp;text=\">\n<p>El gobierno nacional anunci\u00f3 el 15 de septiembre la pr\u00f3rroga de la medida, que termin\u00f3 formaliz\u00e1ndose en el Bolet\u00edn Oficial el<strong>\u00a04 de octubre.<\/strong>\u00a0En principio el pago de la primera cuota de $5.000 deb\u00eda liquidarse el 17 de octubre. Despu\u00e9s se posterg\u00f3 al 5 de noviembre y luego se reprogram\u00f3 otra vez para concretarse entre el 9 y el 13 de noviembre. Sin embargo, a un mes de la primera fecha supuesta de pago, a\u00fan no se liquid\u00f3.<\/p>\n<p><strong>Oscar Muntes, secretario General de la Asociaci\u00f3n de Trabajadores del Estado (ATE)<\/strong> en Entre R\u00edos, indic\u00f3:\u00a0\u201cla informaci\u00f3n que nosotros tenemos del Consejo Directivo Nacional, reunido con el Ministerio de Econom\u00eda de la Naci\u00f3n, es que esta semana estar\u00eda pag\u00e1ndose\u201d.<\/p>\n<p>\u201cEstamos verificando si empieza a liquidarse entre hoy y la semana que viene, porque una cosa es la orden del Ministerio de Econom\u00eda y otra distinta es que llegue al terreno\u201d, aclar\u00f3 el dirigente estatal.<\/p>\n<p>Muntes confirm\u00f3 que en ATE \u201ctuvimos muchos reclamos de trabajadores a los que no les lleg\u00f3 y es muy complicado gestionarlos, porque no podemos hacerlos en el Ministerio de Salud la Provincia, que no es el que liquida\u201d. El pago lo realiza directamente la Naci\u00f3n a cada trabajador, sin mediar las administraciones provinciales.<\/p>\n<p><strong>Germ\u00e1n Mart\u00ednez, Secretario Gremial de la Asociaci\u00f3n de Trabajadores de la Sanidad Argentina (ATSA)\u00a0<\/strong>Entre R\u00edos confirm\u00f3 que en el sector privado tambi\u00e9n se produjeron inconvenientes con el cobro de los bonos de abril, mayo, junio y julio. \u201cA medida que nos \u00edbamos enterando de qui\u00e9nes no hab\u00edan cobrado, \u00edbamos realizando audiencias en la Secretar\u00eda de Trabajo. Hicimos unas 80 audiencias y todav\u00eda lo seguimos haciendo\u201d, mencion\u00f3.<\/p>\n<p><span id=\"saysCMSEmphasisd47h1egg1wb\" class=\"saysCMSEmphasis\">\u201cLogramos que las empresas que no hab\u00edan garantizado la carga del trabajador en ANSES se hagan cargo del bono que deb\u00eda pagar el Estado\u201d, se\u00f1al\u00f3 el referente de ATSA.<\/span><\/p>\n<p>En Entre R\u00edos hay unos 10.000 trabajadores en el \u00e1mbito privado de la salud. \u201cPara nosotros el bono deber\u00eda ser para todos. Cualquier trabajador que salga de su casa est\u00e1 expuesto\u201d, record\u00f3 Mart\u00ednez. Es que en el adicional nacional no est\u00e1n contemplados dependientes de droguer\u00edas y de laboratorios de producci\u00f3n de medicamentos.<\/p>\n<h2>C\u00d3MO HAY QUE HACER PARA COBRARLO<\/h2>\n<p>El adicional, brindado desde el gobierno nacional en el marco de la emergencia sanitaria por la pandemia del coronavirus, incluye al personal de internaci\u00f3n, geri\u00e1tricos, de an\u00e1lisis cl\u00ednicos, emergencias, traslados y de atenci\u00f3n primaria del sistema p\u00fablico. Es de car\u00e1cter no remunerativo, alimentario y no pasible de deducciones o retenciones.<\/p>\n<p><strong>El procedimiento para cobrarlo es el siguiente: cada efector de salud debe generar un usuario de su trabajador empleado en la ANSES, que a su vez transfer\u00eda el listado a la AFIP. El organismo fiscal verificaba los datos y daba el alta para pagar el adicional.<\/strong><\/p>\n<p><strong>Los trabajadores deben estar inscriptos por su empleador en el Registro Federal de Establecimientos de Salud (Refes) del Sistema Integrado de Informaci\u00f3n Sanitaria Argentino (SISA).<\/strong><\/p>\n<p>(Fuente: unoentrerios.com)<\/p>\n<\/div>\n<\/div>\n","protected":false},"excerpt":{"rendered":"<p>Los&nbsp;trabajadores&nbsp;de los &aacute;mbitos p&uacute;blico y privado esperan desde hace un mes la liquidaci&oacute;n de la segunda Asignaci&oacute;n Est&iacute;mulo al Personal de&nbsp;Salud, el&nbsp;bono&nbsp;de $5.000 mensuales que el gobierno nacional dispuso pagar al personal esencial sanitario durante octubre, noviembre y diciembre. La liquidaci&oacute;n ser&iacute;a inminente, luego de la orden que habr&iacute;a emitido el Ministerio de Econom&iacute;a de [&hellip;]<\/p>\n","protected":false},"author":8,"featured_media":26024,"comment_status":"open","ping_status":"open","sticky":false,"template":"","format":"standard","meta":{"fifu_image_url":"","fifu_image_alt":"","footnotes":""},"categories":[3],"tags":[2042,1481,82,652,385],"class_list":{"0":"post-53330","1":"post","2":"type-post","3":"status-publish","4":"format-standard","5":"has-post-thumbnail","7":"category-noticias","8":"tag-bono","9":"tag-covid-19","10":"tag-salud","11":"tag-salud-publica","12":"tag-trabajadores"},"yoast_head":"<title>Se pagar\u00eda estos d\u00edas el bono de $5.000 a personal de Salud - Informe Litoral<\/title>\n<meta name=\"robots\" content=\"index, follow, max-snippet:-1, max-image-preview:large, max-video-preview:-1\" \/>\n<link rel=\"canonical\" href=\"https:\/\/informelitoral.com.ar\/se-pagaria-estos-dias-el-bono-de-5-000-a-personal-de-salud\/\" \/>\n<meta property=\"og:locale\" content=\"es_ES\" \/>\n<meta property=\"og:type\" content=\"article\" \/>\n<meta property=\"og:title\" content=\"Se pagar\u00eda estos d\u00edas el bono de $5.000 a personal de Salud - Informe Litoral\" \/>\n<meta property=\"og:description\" content=\"Los&nbsp;trabajadores&nbsp;de los &aacute;mbitos p&uacute;blico y privado esperan desde hace un mes la liquidaci&oacute;n de la segunda Asignaci&oacute;n Est&iacute;mulo al Personal de&nbsp;Salud, el&nbsp;bono&nbsp;de $5.000 mensuales que el gobierno nacional dispuso pagar al personal esencial sanitario durante octubre, noviembre y diciembre. La liquidaci&oacute;n ser&iacute;a inminente, luego de la orden que habr&iacute;a emitido el Ministerio de Econom&iacute;a de [&hellip;]\" \/>\n<meta property=\"og:url\" content=\"https:\/\/informelitoral.com.ar\/se-pagaria-estos-dias-el-bono-de-5-000-a-personal-de-salud\/\" \/>\n<meta property=\"og:site_name\" content=\"Informe Litoral\" \/>\n<meta property=\"article:publisher\" content=\"https:\/\/www.facebook.com\/informelitoral\/\" \/>\n<meta property=\"article:published_time\" content=\"2020-11-18T22:41:47+00:00\" \/>\n<meta property=\"og:image\" content=\"https:\/\/informelitoral.com.ar\/%77%70%2d%63%6f%6e%74%65%6e%74\/uploads\/2018\/04\/hospital-san-roque.jpg\" \/>\n\t<meta property=\"og:image:width\" content=\"831\" \/>\n\t<meta property=\"og:image:height\" content=\"554\" \/>\n\t<meta property=\"og:image:type\" content=\"image\/jpeg\" \/>\n<meta name=\"author\" content=\"Sebastian\" \/>\n<meta name=\"twitter:card\" content=\"summary_large_image\" \/>\n<meta name=\"twitter:creator\" content=\"@InformeLitoral\" \/>\n<meta name=\"twitter:site\" content=\"@InformeLitoral\" \/>\n<meta name=\"twitter:label1\" content=\"Escrito por\" \/>\n\t<meta name=\"twitter:data1\" content=\"Sebastian\" \/>\n\t<meta name=\"twitter:label2\" content=\"Tiempo de lectura\" \/>\n\t<meta name=\"twitter:data2\" content=\"3 minutos\" \/>\n<script type=\"application\/ld+json\" class=\"yoast-schema-graph\">{\"@context\":\"https:\\\/\\\/schema.org\",\"@graph\":[{\"@type\":\"Article\",\"@id\":\"https:\\\/\\\/informelitoral.com.ar\\\/se-pagaria-estos-dias-el-bono-de-5-000-a-personal-de-salud\\\/#article\",\"isPartOf\":{\"@id\":\"https:\\\/\\\/informelitoral.com.ar\\\/se-pagaria-estos-dias-el-bono-de-5-000-a-personal-de-salud\\\/\"},\"author\":{\"name\":\"Sebastian\",\"@id\":\"https:\\\/\\\/informelitoral.com.ar\\\/#\\\/schema\\\/person\\\/f05f9f461677119578717524b127d6d5\"},\"headline\":\"Se pagar\u00eda estos d\u00edas el bono de $5.000 a personal de Salud\",\"datePublished\":\"2020-11-18T22:41:47+00:00\",\"mainEntityOfPage\":{\"@id\":\"https:\\\/\\\/informelitoral.com.ar\\\/se-pagaria-estos-dias-el-bono-de-5-000-a-personal-de-salud\\\/\"},\"wordCount\":678,\"commentCount\":0,\"publisher\":{\"@id\":\"https:\\\/\\\/informelitoral.com.ar\\\/#organization\"},\"image\":{\"@id\":\"https:\\\/\\\/informelitoral.com.ar\\\/se-pagaria-estos-dias-el-bono-de-5-000-a-personal-de-salud\\\/#primaryimage\"},\"thumbnailUrl\":\"https:\\\/\\\/informelitoral.com.ar\\\/%77%70%2d%63%6f%6e%74%65%6e%74\\\/uploads\\\/2018\\\/04\\\/hospital-san-roque.jpg\",\"keywords\":[\"Bono\",\"COVID-19\",\"Salud\",\"Salud p\u00fablica\",\"Trabajadores\"],\"articleSection\":[\"Noticias\"],\"inLanguage\":\"es\",\"potentialAction\":[{\"@type\":\"CommentAction\",\"name\":\"Comment\",\"target\":[\"https:\\\/\\\/informelitoral.com.ar\\\/se-pagaria-estos-dias-el-bono-de-5-000-a-personal-de-salud\\\/#respond\"]}]},{\"@type\":\"WebPage\",\"@id\":\"https:\\\/\\\/informelitoral.com.ar\\\/se-pagaria-estos-dias-el-bono-de-5-000-a-personal-de-salud\\\/\",\"url\":\"https:\\\/\\\/informelitoral.com.ar\\\/se-pagaria-estos-dias-el-bono-de-5-000-a-personal-de-salud\\\/\",\"name\":\"Se pagar\u00eda estos d\u00edas el bono de $5.000 a personal de Salud - Informe Litoral\",\"isPartOf\":{\"@id\":\"https:\\\/\\\/informelitoral.com.ar\\\/#website\"},\"primaryImageOfPage\":{\"@id\":\"https:\\\/\\\/informelitoral.com.ar\\\/se-pagaria-estos-dias-el-bono-de-5-000-a-personal-de-salud\\\/#primaryimage\"},\"image\":{\"@id\":\"https:\\\/\\\/informelitoral.com.ar\\\/se-pagaria-estos-dias-el-bono-de-5-000-a-personal-de-salud\\\/#primaryimage\"},\"thumbnailUrl\":\"https:\\\/\\\/informelitoral.com.ar\\\/%77%70%2d%63%6f%6e%74%65%6e%74\\\/uploads\\\/2018\\\/04\\\/hospital-san-roque.jpg\",\"datePublished\":\"2020-11-18T22:41:47+00:00\",\"breadcrumb\":{\"@id\":\"https:\\\/\\\/informelitoral.com.ar\\\/se-pagaria-estos-dias-el-bono-de-5-000-a-personal-de-salud\\\/#breadcrumb\"},\"inLanguage\":\"es\",\"potentialAction\":[{\"@type\":\"ReadAction\",\"target\":[\"https:\\\/\\\/informelitoral.com.ar\\\/se-pagaria-estos-dias-el-bono-de-5-000-a-personal-de-salud\\\/\"]}]},{\"@type\":\"ImageObject\",\"inLanguage\":\"es\",\"@id\":\"https:\\\/\\\/informelitoral.com.ar\\\/se-pagaria-estos-dias-el-bono-de-5-000-a-personal-de-salud\\\/#primaryimage\",\"url\":\"https:\\\/\\\/informelitoral.com.ar\\\/%77%70%2d%63%6f%6e%74%65%6e%74\\\/uploads\\\/2018\\\/04\\\/hospital-san-roque.jpg\",\"contentUrl\":\"https:\\\/\\\/informelitoral.com.ar\\\/%77%70%2d%63%6f%6e%74%65%6e%74\\\/uploads\\\/2018\\\/04\\\/hospital-san-roque.jpg\",\"width\":831,\"height\":554},{\"@type\":\"BreadcrumbList\",\"@id\":\"https:\\\/\\\/informelitoral.com.ar\\\/se-pagaria-estos-dias-el-bono-de-5-000-a-personal-de-salud\\\/#breadcrumb\",\"itemListElement\":[{\"@type\":\"ListItem\",\"position\":1,\"name\":\"Portada\",\"item\":\"https:\\\/\\\/informelitoral.com.ar\\\/\"},{\"@type\":\"ListItem\",\"position\":2,\"name\":\"Se pagar\u00eda estos d\u00edas el bono de $5.000 a personal de Salud\"}]},{\"@type\":\"WebSite\",\"@id\":\"https:\\\/\\\/informelitoral.com.ar\\\/#website\",\"url\":\"https:\\\/\\\/informelitoral.com.ar\\\/\",\"name\":\"Informe Litoral\",\"description\":\"&quot;Nos informamos&quot; \",\"publisher\":{\"@id\":\"https:\\\/\\\/informelitoral.com.ar\\\/#organization\"},\"potentialAction\":[{\"@type\":\"SearchAction\",\"target\":{\"@type\":\"EntryPoint\",\"urlTemplate\":\"https:\\\/\\\/informelitoral.com.ar\\\/?s={search_term_string}\"},\"query-input\":{\"@type\":\"PropertyValueSpecification\",\"valueRequired\":true,\"valueName\":\"search_term_string\"}}],\"inLanguage\":\"es\"},{\"@type\":\"Organization\",\"@id\":\"https:\\\/\\\/informelitoral.com.ar\\\/#organization\",\"name\":\"Informe Litoral\",\"url\":\"https:\\\/\\\/informelitoral.com.ar\\\/\",\"logo\":{\"@type\":\"ImageObject\",\"inLanguage\":\"es\",\"@id\":\"https:\\\/\\\/informelitoral.com.ar\\\/#\\\/schema\\\/logo\\\/image\\\/\",\"url\":\"https:\\\/\\\/informelitoral.com.ar\\\/%77%70%2d%63%6f%6e%74%65%6e%74\\\/uploads\\\/2021\\\/01\\\/circulo.png\",\"contentUrl\":\"https:\\\/\\\/informelitoral.com.ar\\\/%77%70%2d%63%6f%6e%74%65%6e%74\\\/uploads\\\/2021\\\/01\\\/circulo.png\",\"width\":723,\"height\":731,\"caption\":\"Informe Litoral\"},\"image\":{\"@id\":\"https:\\\/\\\/informelitoral.com.ar\\\/#\\\/schema\\\/logo\\\/image\\\/\"},\"sameAs\":[\"https:\\\/\\\/www.facebook.com\\\/informelitoral\\\/\",\"https:\\\/\\\/x.com\\\/InformeLitoral\",\"https:\\\/\\\/www.instagram.com\\\/informelitoral\\\/\",\"https:\\\/\\\/www.youtube.com\\\/channel\\\/UCua4Qvz8Icb6MYqhoq9xLXw\"]},{\"@type\":\"Person\",\"@id\":\"https:\\\/\\\/informelitoral.com.ar\\\/#\\\/schema\\\/person\\\/f05f9f461677119578717524b127d6d5\",\"name\":\"Sebastian\",\"image\":{\"@type\":\"ImageObject\",\"inLanguage\":\"es\",\"@id\":\"https:\\\/\\\/secure.gravatar.com\\\/avatar\\\/b71bf7481d447dfb9583c7f2798e7cc64de6efb9067b74633ed8c31059a3bd82?s=96&d=mm&r=g\",\"url\":\"https:\\\/\\\/secure.gravatar.com\\\/avatar\\\/b71bf7481d447dfb9583c7f2798e7cc64de6efb9067b74633ed8c31059a3bd82?s=96&d=mm&r=g\",\"contentUrl\":\"https:\\\/\\\/secure.gravatar.com\\\/avatar\\\/b71bf7481d447dfb9583c7f2798e7cc64de6efb9067b74633ed8c31059a3bd82?s=96&d=mm&r=g\",\"caption\":\"Sebastian\"},\"url\":\"https:\\\/\\\/informelitoral.com.ar\\\/author\\\/sebastian\\\/\"}]}<\/script>","yoast_head_json":{"title":"Se pagar\u00eda estos d\u00edas el bono de $5.000 a personal de Salud - Informe Litoral","robots":{"index":"index","follow":"follow","max-snippet":"max-snippet:-1","max-image-preview":"max-image-preview:large","max-video-preview":"max-video-preview:-1"},"canonical":"https:\/\/informelitoral.com.ar\/se-pagaria-estos-dias-el-bono-de-5-000-a-personal-de-salud\/","og_locale":"es_ES","og_type":"article","og_title":"Se pagar\u00eda estos d\u00edas el bono de $5.000 a personal de Salud - Informe Litoral","og_description":"Los&nbsp;trabajadores&nbsp;de los &aacute;mbitos p&uacute;blico y privado esperan desde hace un mes la liquidaci&oacute;n de la segunda Asignaci&oacute;n Est&iacute;mulo al Personal de&nbsp;Salud, el&nbsp;bono&nbsp;de $5.000 mensuales que el gobierno nacional dispuso pagar al personal esencial sanitario durante octubre, noviembre y diciembre. La liquidaci&oacute;n ser&iacute;a inminente, luego de la orden que habr&iacute;a emitido el Ministerio de Econom&iacute;a de [&hellip;]","og_url":"https:\/\/informelitoral.com.ar\/se-pagaria-estos-dias-el-bono-de-5-000-a-personal-de-salud\/","og_site_name":"Informe Litoral","article_publisher":"https:\/\/www.facebook.com\/informelitoral\/","article_published_time":"2020-11-18T22:41:47+00:00","og_image":[{"width":831,"height":554,"url":"https:\/\/informelitoral.com.ar\/%77%70%2d%63%6f%6e%74%65%6e%74\/uploads\/2018\/04\/hospital-san-roque.jpg","type":"image\/jpeg"}],"author":"Sebastian","twitter_card":"summary_large_image","twitter_creator":"@InformeLitoral","twitter_site":"@InformeLitoral","twitter_misc":{"Escrito por":"Sebastian","Tiempo de lectura":"3 minutos"},"schema":{"@context":"https:\/\/schema.org","@graph":[{"@type":"Article","@id":"https:\/\/informelitoral.com.ar\/se-pagaria-estos-dias-el-bono-de-5-000-a-personal-de-salud\/#article","isPartOf":{"@id":"https:\/\/informelitoral.com.ar\/se-pagaria-estos-dias-el-bono-de-5-000-a-personal-de-salud\/"},"author":{"name":"Sebastian","@id":"https:\/\/informelitoral.com.ar\/#\/schema\/person\/f05f9f461677119578717524b127d6d5"},"headline":"Se pagar\u00eda estos d\u00edas el bono de $5.000 a personal de Salud","datePublished":"2020-11-18T22:41:47+00:00","mainEntityOfPage":{"@id":"https:\/\/informelitoral.com.ar\/se-pagaria-estos-dias-el-bono-de-5-000-a-personal-de-salud\/"},"wordCount":678,"commentCount":0,"publisher":{"@id":"https:\/\/informelitoral.com.ar\/#organization"},"image":{"@id":"https:\/\/informelitoral.com.ar\/se-pagaria-estos-dias-el-bono-de-5-000-a-personal-de-salud\/#primaryimage"},"thumbnailUrl":"https:\/\/informelitoral.com.ar\/%77%70%2d%63%6f%6e%74%65%6e%74\/uploads\/2018\/04\/hospital-san-roque.jpg","keywords":["Bono","COVID-19","Salud","Salud p\u00fablica","Trabajadores"],"articleSection":["Noticias"],"inLanguage":"es","potentialAction":[{"@type":"CommentAction","name":"Comment","target":["https:\/\/informelitoral.com.ar\/se-pagaria-estos-dias-el-bono-de-5-000-a-personal-de-salud\/#respond"]}]},{"@type":"WebPage","@id":"https:\/\/informelitoral.com.ar\/se-pagaria-estos-dias-el-bono-de-5-000-a-personal-de-salud\/","url":"https:\/\/informelitoral.com.ar\/se-pagaria-estos-dias-el-bono-de-5-000-a-personal-de-salud\/","name":"Se pagar\u00eda estos d\u00edas el bono de $5.000 a personal de Salud - Informe Litoral","isPartOf":{"@id":"https:\/\/informelitoral.com.ar\/#website"},"primaryImageOfPage":{"@id":"https:\/\/informelitoral.com.ar\/se-pagaria-estos-dias-el-bono-de-5-000-a-personal-de-salud\/#primaryimage"},"image":{"@id":"https:\/\/informelitoral.com.ar\/se-pagaria-estos-dias-el-bono-de-5-000-a-personal-de-salud\/#primaryimage"},"thumbnailUrl":"https:\/\/informelitoral.com.ar\/%77%70%2d%63%6f%6e%74%65%6e%74\/uploads\/2018\/04\/hospital-san-roque.jpg","datePublished":"2020-11-18T22:41:47+00:00","breadcrumb":{"@id":"https:\/\/informelitoral.com.ar\/se-pagaria-estos-dias-el-bono-de-5-000-a-personal-de-salud\/#breadcrumb"},"inLanguage":"es","potentialAction":[{"@type":"ReadAction","target":["https:\/\/informelitoral.com.ar\/se-pagaria-estos-dias-el-bono-de-5-000-a-personal-de-salud\/"]}]},{"@type":"ImageObject","inLanguage":"es","@id":"https:\/\/informelitoral.com.ar\/se-pagaria-estos-dias-el-bono-de-5-000-a-personal-de-salud\/#primaryimage","url":"https:\/\/informelitoral.com.ar\/%77%70%2d%63%6f%6e%74%65%6e%74\/uploads\/2018\/04\/hospital-san-roque.jpg","contentUrl":"https:\/\/informelitoral.com.ar\/%77%70%2d%63%6f%6e%74%65%6e%74\/uploads\/2018\/04\/hospital-san-roque.jpg","width":831,"height":554},{"@type":"BreadcrumbList","@id":"https:\/\/informelitoral.com.ar\/se-pagaria-estos-dias-el-bono-de-5-000-a-personal-de-salud\/#breadcrumb","itemListElement":[{"@type":"ListItem","position":1,"name":"Portada","item":"https:\/\/informelitoral.com.ar\/"},{"@type":"ListItem","position":2,"name":"Se pagar\u00eda estos d\u00edas el bono de $5.000 a personal de Salud"}]},{"@type":"WebSite","@id":"https:\/\/informelitoral.com.ar\/#website","url":"https:\/\/informelitoral.com.ar\/","name":"Informe Litoral","description":"&quot;Nos informamos&quot; ","publisher":{"@id":"https:\/\/informelitoral.com.ar\/#organization"},"potentialAction":[{"@type":"SearchAction","target":{"@type":"EntryPoint","urlTemplate":"https:\/\/informelitoral.com.ar\/?s={search_term_string}"},"query-input":{"@type":"PropertyValueSpecification","valueRequired":true,"valueName":"search_term_string"}}],"inLanguage":"es"},{"@type":"Organization","@id":"https:\/\/informelitoral.com.ar\/#organization","name":"Informe Litoral","url":"https:\/\/informelitoral.com.ar\/","logo":{"@type":"ImageObject","inLanguage":"es","@id":"https:\/\/informelitoral.com.ar\/#\/schema\/logo\/image\/","url":"https:\/\/informelitoral.com.ar\/%77%70%2d%63%6f%6e%74%65%6e%74\/uploads\/2021\/01\/circulo.png","contentUrl":"https:\/\/informelitoral.com.ar\/%77%70%2d%63%6f%6e%74%65%6e%74\/uploads\/2021\/01\/circulo.png","width":723,"height":731,"caption":"Informe Litoral"},"image":{"@id":"https:\/\/informelitoral.com.ar\/#\/schema\/logo\/image\/"},"sameAs":["https:\/\/www.facebook.com\/informelitoral\/","https:\/\/x.com\/InformeLitoral","https:\/\/www.instagram.com\/informelitoral\/","https:\/\/www.youtube.com\/channel\/UCua4Qvz8Icb6MYqhoq9xLXw"]},{"@type":"Person","@id":"https:\/\/informelitoral.com.ar\/#\/schema\/person\/f05f9f461677119578717524b127d6d5","name":"Sebastian","image":{"@type":"ImageObject","inLanguage":"es","@id":"https:\/\/secure.gravatar.com\/avatar\/b71bf7481d447dfb9583c7f2798e7cc64de6efb9067b74633ed8c31059a3bd82?s=96&d=mm&r=g","url":"https:\/\/secure.gravatar.com\/avatar\/b71bf7481d447dfb9583c7f2798e7cc64de6efb9067b74633ed8c31059a3bd82?s=96&d=mm&r=g","contentUrl":"https:\/\/secure.gravatar.com\/avatar\/b71bf7481d447dfb9583c7f2798e7cc64de6efb9067b74633ed8c31059a3bd82?s=96&d=mm&r=g","caption":"Sebastian"},"url":"https:\/\/informelitoral.com.ar\/author\/sebastian\/"}]}},"_links":{"self":[{"href":"https:\/\/informelitoral.com.ar\/%77%70%2d%6a%73%6f%6e\/wp\/v2\/posts\/53330","targetHints":{"allow":["GET"]}}],"collection":[{"href":"https:\/\/informelitoral.com.ar\/%77%70%2d%6a%73%6f%6e\/wp\/v2\/posts"}],"about":[{"href":"https:\/\/informelitoral.com.ar\/%77%70%2d%6a%73%6f%6e\/wp\/v2\/types\/post"}],"author":[{"embeddable":true,"href":"https:\/\/informelitoral.com.ar\/%77%70%2d%6a%73%6f%6e\/wp\/v2\/users\/8"}],"replies":[{"embeddable":true,"href":"https:\/\/informelitoral.com.ar\/%77%70%2d%6a%73%6f%6e\/wp\/v2\/comments?post=53330"}],"version-history":[{"count":0,"href":"https:\/\/informelitoral.com.ar\/%77%70%2d%6a%73%6f%6e\/wp\/v2\/posts\/53330\/revisions"}],"wp:featuredmedia":[{"embeddable":true,"href":"https:\/\/informelitoral.com.ar\/%77%70%2d%6a%73%6f%6e\/wp\/v2\/media\/26024"}],"wp:attachment":[{"href":"https:\/\/informelitoral.com.ar\/%77%70%2d%6a%73%6f%6e\/wp\/v2\/media?parent=53330"}],"wp:term":[{"taxonomy":"category","embeddable":true,"href":"https:\/\/informelitoral.com.ar\/%77%70%2d%6a%73%6f%6e\/wp\/v2\/categories?post=53330"},{"taxonomy":"post_tag","embeddable":true,"href":"https:\/\/informelitoral.com.ar\/%77%70%2d%6a%73%6f%6e\/wp\/v2\/tags?post=53330"}],"curies":[{"name":"wp","href":"https:\/\/api.w.org\/{rel}","templated":true}]}}