{"id":53325,"date":"2020-11-18T19:14:21","date_gmt":"2020-11-18T22:14:21","guid":{"rendered":"https:\/\/www.isletasnoticias.com.ar\/?p=53325"},"modified":"2020-11-18T19:14:21","modified_gmt":"2020-11-18T22:14:21","slug":"alberto-fernandez-anuncio-que-en-diciembre-habra-un-aumento-para-los-jubilados","status":"publish","type":"post","link":"https:\/\/informelitoral.com.ar\/alberto-fernandez-anuncio-que-en-diciembre-habra-un-aumento-para-los-jubilados\/","title":{"rendered":"Alberto Fern\u00e1ndez anunci\u00f3 que en diciembre habr\u00e1 un aumento para los jubilados"},"content":{"rendered":"<p>El presidente, Alberto Fern\u00e1ndez, anunci\u00f3 este mi\u00e9rcoles que \u00aben diciembre habr\u00e1 un aumento de las jubilaciones\u00bb y ratific\u00f3 la intenci\u00f3n del Gobierno nacional de que los haberes previsionales \u201cno queden por debajo de la inflaci\u00f3n\u201d.<\/p>\n<p><strong>\u00abEn diciembre va a haber una correcci\u00f3n de las jubilaciones, eso es seguro porque somos conscientes de que lo tenemos que hacer y adem\u00e1s porque no queremos que las jubilaciones queden por debajo de la inflaci\u00f3n. Ese es un compromiso que yo asum\u00ed y lo voy a cumplir\u00bb<\/strong>, dijo el mandatario en declaraciones al canal A24.<\/p>\n<p><strong>\u201cCuando una mira lo que pas\u00f3 en el a\u00f1o, las jubilaciones m\u00ednimas de hasta 25 mil pesos le estuvieron ganando siempre a la inflaci\u00f3n\u201d<\/strong>, agreg\u00f3.<\/p>\n<p>Al ser consultado sobre si va a haber un aumento para todas las jubilaciones y un bono a fin de a\u00f1o para los haberes m\u00ednimos, aclar\u00f3 que \u201cen diciembre hay un aumento previsto para todos los jubilados\u201d, por lo que \u201cel aumento es seguro\u201d y \u201cvamos a ver c\u00f3mo hacemos con el resto\u201d.<\/p>\n<p>Sobre la nueva f\u00f3rmula de movilidad jubilatoria impulsada por el Ejecutivo y que se comenzar\u00e1 a debatir en el Congreso, el mandatario dijo que \u201cen Argentina hubo una ley que funcion\u00f3 durante a\u00f1os\u201d, en referencia a la que implement\u00f3 el gobierno de Cristina Kirchner.<\/p>\n<p>\u201cEn cambio, la ley del macrismo que estamos dejando de lado les hizo perder en t\u00e9rminos reales un 19 por ciento de sus haberes\u201d, critic\u00f3.<\/p>\n<p><strong>\u201cCon esta ley de movilidad volveremos a tener una ley efectiva para los jubilados\u201d<\/strong>, remarc\u00f3.<\/p>\n<p>En esa l\u00ednea, a\u00f1adi\u00f3: \u201cYo\u00a0<strong>no comparto la mirada de muchos que dicen que esto es un ajuste sobre los jubilados<\/strong>\u00a0porque en verdad se basa en dos puntos: la variaci\u00f3n de los salarios y la recaudaci\u00f3n, que es importante porque si no recaud\u00e1s, no podemos pagar\u201d.<\/p>\n<p>\u00abNosotros creemos que la recaudaci\u00f3n estar\u00e1 por arriba de la inflaci\u00f3n como fue en septiembre y octubre que estuvo por encima de la inflaci\u00f3n en 5 puntos\u00bb, precis\u00f3.<\/p>\n<p>Fern\u00e1ndez reiter\u00f3: \u201cEsto no est\u00e1 hecho para perjudicar a los jubilados porque lo que m\u00e1s quiero es que los jubilados reconstruyan sus ingresos reales\u201d.<\/p>\n<p>Con respecto a una posible ley de jubilaci\u00f3n anticipada o una moratoria jubilatoria, consider\u00f3: \u201cEso no lo hemos estudiado, pero no lo descarto que en alg\u00fan momento debamos estudiarlo\u201d.<\/p>\n<p>(Fuente: telam.com)<\/p>\n","protected":false},"excerpt":{"rendered":"<p>El presidente, Alberto Fern&aacute;ndez, anunci&oacute; este mi&eacute;rcoles que &laquo;en diciembre habr&aacute; un aumento de las jubilaciones&raquo; y ratific&oacute; la intenci&oacute;n del Gobierno nacional de que los haberes previsionales &ldquo;no queden por debajo de la inflaci&oacute;n&rdquo;. &laquo;En diciembre va a haber una correcci&oacute;n de las jubilaciones, eso es seguro porque somos conscientes de que lo tenemos [&hellip;]<\/p>\n","protected":false},"author":8,"featured_media":27200,"comment_status":"open","ping_status":"open","sticky":false,"template":"","format":"standard","meta":{"fifu_image_url":"","fifu_image_alt":"","footnotes":""},"categories":[7],"tags":[172,1931,102,1694],"class_list":{"0":"post-53325","1":"post","2":"type-post","3":"status-publish","4":"format-standard","5":"has-post-thumbnail","7":"category-nacionales","8":"tag-aumento","9":"tag-aumento-salarial","10":"tag-jubilados","11":"tag-nacionales"},"yoast_head":"<title>Alberto Fern\u00e1ndez anunci\u00f3 que en diciembre habr\u00e1 un aumento para los jubilados - Informe Litoral<\/title>\n<meta name=\"robots\" content=\"index, follow, max-snippet:-1, max-image-preview:large, max-video-preview:-1\" \/>\n<link rel=\"canonical\" href=\"https:\/\/informelitoral.com.ar\/alberto-fernandez-anuncio-que-en-diciembre-habra-un-aumento-para-los-jubilados\/\" \/>\n<meta property=\"og:locale\" content=\"es_ES\" \/>\n<meta property=\"og:type\" content=\"article\" \/>\n<meta property=\"og:title\" content=\"Alberto Fern\u00e1ndez anunci\u00f3 que en diciembre habr\u00e1 un aumento para los jubilados - Informe Litoral\" \/>\n<meta property=\"og:description\" content=\"El presidente, Alberto Fern&aacute;ndez, anunci&oacute; este mi&eacute;rcoles que &laquo;en diciembre habr&aacute; un aumento de las jubilaciones&raquo; y ratific&oacute; la intenci&oacute;n del Gobierno nacional de que los haberes previsionales &ldquo;no queden por debajo de la inflaci&oacute;n&rdquo;. &laquo;En diciembre va a haber una correcci&oacute;n de las jubilaciones, eso es seguro porque somos conscientes de que lo tenemos [&hellip;]\" \/>\n<meta property=\"og:url\" content=\"https:\/\/informelitoral.com.ar\/alberto-fernandez-anuncio-que-en-diciembre-habra-un-aumento-para-los-jubilados\/\" \/>\n<meta property=\"og:site_name\" content=\"Informe Litoral\" \/>\n<meta property=\"article:publisher\" content=\"https:\/\/www.facebook.com\/informelitoral\/\" \/>\n<meta property=\"article:published_time\" content=\"2020-11-18T22:14:21+00:00\" \/>\n<meta property=\"og:image\" content=\"https:\/\/informelitoral.com.ar\/%77%70%2d%63%6f%6e%74%65%6e%74\/uploads\/2018\/06\/jubilados.jpeg\" \/>\n\t<meta property=\"og:image:width\" content=\"975\" \/>\n\t<meta property=\"og:image:height\" content=\"650\" \/>\n\t<meta property=\"og:image:type\" content=\"image\/jpeg\" \/>\n<meta name=\"author\" content=\"Sebastian\" \/>\n<meta name=\"twitter:card\" content=\"summary_large_image\" \/>\n<meta name=\"twitter:creator\" content=\"@InformeLitoral\" \/>\n<meta name=\"twitter:site\" content=\"@InformeLitoral\" \/>\n<meta name=\"twitter:label1\" content=\"Escrito por\" \/>\n\t<meta name=\"twitter:data1\" content=\"Sebastian\" \/>\n\t<meta name=\"twitter:label2\" content=\"Tiempo de lectura\" \/>\n\t<meta name=\"twitter:data2\" content=\"2 minutos\" \/>\n<script type=\"application\/ld+json\" class=\"yoast-schema-graph\">{\"@context\":\"https:\\\/\\\/schema.org\",\"@graph\":[{\"@type\":\"Article\",\"@id\":\"https:\\\/\\\/informelitoral.com.ar\\\/alberto-fernandez-anuncio-que-en-diciembre-habra-un-aumento-para-los-jubilados\\\/#article\",\"isPartOf\":{\"@id\":\"https:\\\/\\\/informelitoral.com.ar\\\/alberto-fernandez-anuncio-que-en-diciembre-habra-un-aumento-para-los-jubilados\\\/\"},\"author\":{\"name\":\"Sebastian\",\"@id\":\"https:\\\/\\\/informelitoral.com.ar\\\/#\\\/schema\\\/person\\\/f05f9f461677119578717524b127d6d5\"},\"headline\":\"Alberto Fern\u00e1ndez anunci\u00f3 que en diciembre habr\u00e1 un aumento para los jubilados\",\"datePublished\":\"2020-11-18T22:14:21+00:00\",\"mainEntityOfPage\":{\"@id\":\"https:\\\/\\\/informelitoral.com.ar\\\/alberto-fernandez-anuncio-que-en-diciembre-habra-un-aumento-para-los-jubilados\\\/\"},\"wordCount\":422,\"commentCount\":0,\"publisher\":{\"@id\":\"https:\\\/\\\/informelitoral.com.ar\\\/#organization\"},\"image\":{\"@id\":\"https:\\\/\\\/informelitoral.com.ar\\\/alberto-fernandez-anuncio-que-en-diciembre-habra-un-aumento-para-los-jubilados\\\/#primaryimage\"},\"thumbnailUrl\":\"https:\\\/\\\/informelitoral.com.ar\\\/%77%70%2d%63%6f%6e%74%65%6e%74\\\/uploads\\\/2018\\\/06\\\/jubilados.jpeg\",\"keywords\":[\"Aumento\",\"Aumento Salarial\",\"Jubilados\",\"Nacionales\"],\"articleSection\":[\"Nacionales\"],\"inLanguage\":\"es\",\"potentialAction\":[{\"@type\":\"CommentAction\",\"name\":\"Comment\",\"target\":[\"https:\\\/\\\/informelitoral.com.ar\\\/alberto-fernandez-anuncio-que-en-diciembre-habra-un-aumento-para-los-jubilados\\\/#respond\"]}]},{\"@type\":\"WebPage\",\"@id\":\"https:\\\/\\\/informelitoral.com.ar\\\/alberto-fernandez-anuncio-que-en-diciembre-habra-un-aumento-para-los-jubilados\\\/\",\"url\":\"https:\\\/\\\/informelitoral.com.ar\\\/alberto-fernandez-anuncio-que-en-diciembre-habra-un-aumento-para-los-jubilados\\\/\",\"name\":\"Alberto Fern\u00e1ndez anunci\u00f3 que en diciembre habr\u00e1 un aumento para los jubilados - Informe Litoral\",\"isPartOf\":{\"@id\":\"https:\\\/\\\/informelitoral.com.ar\\\/#website\"},\"primaryImageOfPage\":{\"@id\":\"https:\\\/\\\/informelitoral.com.ar\\\/alberto-fernandez-anuncio-que-en-diciembre-habra-un-aumento-para-los-jubilados\\\/#primaryimage\"},\"image\":{\"@id\":\"https:\\\/\\\/informelitoral.com.ar\\\/alberto-fernandez-anuncio-que-en-diciembre-habra-un-aumento-para-los-jubilados\\\/#primaryimage\"},\"thumbnailUrl\":\"https:\\\/\\\/informelitoral.com.ar\\\/%77%70%2d%63%6f%6e%74%65%6e%74\\\/uploads\\\/2018\\\/06\\\/jubilados.jpeg\",\"datePublished\":\"2020-11-18T22:14:21+00:00\",\"breadcrumb\":{\"@id\":\"https:\\\/\\\/informelitoral.com.ar\\\/alberto-fernandez-anuncio-que-en-diciembre-habra-un-aumento-para-los-jubilados\\\/#breadcrumb\"},\"inLanguage\":\"es\",\"potentialAction\":[{\"@type\":\"ReadAction\",\"target\":[\"https:\\\/\\\/informelitoral.com.ar\\\/alberto-fernandez-anuncio-que-en-diciembre-habra-un-aumento-para-los-jubilados\\\/\"]}]},{\"@type\":\"ImageObject\",\"inLanguage\":\"es\",\"@id\":\"https:\\\/\\\/informelitoral.com.ar\\\/alberto-fernandez-anuncio-que-en-diciembre-habra-un-aumento-para-los-jubilados\\\/#primaryimage\",\"url\":\"https:\\\/\\\/informelitoral.com.ar\\\/%77%70%2d%63%6f%6e%74%65%6e%74\\\/uploads\\\/2018\\\/06\\\/jubilados.jpeg\",\"contentUrl\":\"https:\\\/\\\/informelitoral.com.ar\\\/%77%70%2d%63%6f%6e%74%65%6e%74\\\/uploads\\\/2018\\\/06\\\/jubilados.jpeg\",\"width\":975,\"height\":650},{\"@type\":\"BreadcrumbList\",\"@id\":\"https:\\\/\\\/informelitoral.com.ar\\\/alberto-fernandez-anuncio-que-en-diciembre-habra-un-aumento-para-los-jubilados\\\/#breadcrumb\",\"itemListElement\":[{\"@type\":\"ListItem\",\"position\":1,\"name\":\"Portada\",\"item\":\"https:\\\/\\\/informelitoral.com.ar\\\/\"},{\"@type\":\"ListItem\",\"position\":2,\"name\":\"Alberto Fern\u00e1ndez anunci\u00f3 que en diciembre habr\u00e1 un aumento para los jubilados\"}]},{\"@type\":\"WebSite\",\"@id\":\"https:\\\/\\\/informelitoral.com.ar\\\/#website\",\"url\":\"https:\\\/\\\/informelitoral.com.ar\\\/\",\"name\":\"Informe Litoral\",\"description\":\"&quot;Nos informamos&quot; \",\"publisher\":{\"@id\":\"https:\\\/\\\/informelitoral.com.ar\\\/#organization\"},\"potentialAction\":[{\"@type\":\"SearchAction\",\"target\":{\"@type\":\"EntryPoint\",\"urlTemplate\":\"https:\\\/\\\/informelitoral.com.ar\\\/?s={search_term_string}\"},\"query-input\":{\"@type\":\"PropertyValueSpecification\",\"valueRequired\":true,\"valueName\":\"search_term_string\"}}],\"inLanguage\":\"es\"},{\"@type\":\"Organization\",\"@id\":\"https:\\\/\\\/informelitoral.com.ar\\\/#organization\",\"name\":\"Informe Litoral\",\"url\":\"https:\\\/\\\/informelitoral.com.ar\\\/\",\"logo\":{\"@type\":\"ImageObject\",\"inLanguage\":\"es\",\"@id\":\"https:\\\/\\\/informelitoral.com.ar\\\/#\\\/schema\\\/logo\\\/image\\\/\",\"url\":\"https:\\\/\\\/informelitoral.com.ar\\\/%77%70%2d%63%6f%6e%74%65%6e%74\\\/uploads\\\/2021\\\/01\\\/circulo.png\",\"contentUrl\":\"https:\\\/\\\/informelitoral.com.ar\\\/%77%70%2d%63%6f%6e%74%65%6e%74\\\/uploads\\\/2021\\\/01\\\/circulo.png\",\"width\":723,\"height\":731,\"caption\":\"Informe Litoral\"},\"image\":{\"@id\":\"https:\\\/\\\/informelitoral.com.ar\\\/#\\\/schema\\\/logo\\\/image\\\/\"},\"sameAs\":[\"https:\\\/\\\/www.facebook.com\\\/informelitoral\\\/\",\"https:\\\/\\\/x.com\\\/InformeLitoral\",\"https:\\\/\\\/www.instagram.com\\\/informelitoral\\\/\",\"https:\\\/\\\/www.youtube.com\\\/channel\\\/UCua4Qvz8Icb6MYqhoq9xLXw\"]},{\"@type\":\"Person\",\"@id\":\"https:\\\/\\\/informelitoral.com.ar\\\/#\\\/schema\\\/person\\\/f05f9f461677119578717524b127d6d5\",\"name\":\"Sebastian\",\"image\":{\"@type\":\"ImageObject\",\"inLanguage\":\"es\",\"@id\":\"https:\\\/\\\/secure.gravatar.com\\\/avatar\\\/b71bf7481d447dfb9583c7f2798e7cc64de6efb9067b74633ed8c31059a3bd82?s=96&d=mm&r=g\",\"url\":\"https:\\\/\\\/secure.gravatar.com\\\/avatar\\\/b71bf7481d447dfb9583c7f2798e7cc64de6efb9067b74633ed8c31059a3bd82?s=96&d=mm&r=g\",\"contentUrl\":\"https:\\\/\\\/secure.gravatar.com\\\/avatar\\\/b71bf7481d447dfb9583c7f2798e7cc64de6efb9067b74633ed8c31059a3bd82?s=96&d=mm&r=g\",\"caption\":\"Sebastian\"},\"url\":\"https:\\\/\\\/informelitoral.com.ar\\\/author\\\/sebastian\\\/\"}]}<\/script>","yoast_head_json":{"title":"Alberto Fern\u00e1ndez anunci\u00f3 que en diciembre habr\u00e1 un aumento para los jubilados - Informe Litoral","robots":{"index":"index","follow":"follow","max-snippet":"max-snippet:-1","max-image-preview":"max-image-preview:large","max-video-preview":"max-video-preview:-1"},"canonical":"https:\/\/informelitoral.com.ar\/alberto-fernandez-anuncio-que-en-diciembre-habra-un-aumento-para-los-jubilados\/","og_locale":"es_ES","og_type":"article","og_title":"Alberto Fern\u00e1ndez anunci\u00f3 que en diciembre habr\u00e1 un aumento para los jubilados - Informe Litoral","og_description":"El presidente, Alberto Fern&aacute;ndez, anunci&oacute; este mi&eacute;rcoles que &laquo;en diciembre habr&aacute; un aumento de las jubilaciones&raquo; y ratific&oacute; la intenci&oacute;n del Gobierno nacional de que los haberes previsionales &ldquo;no queden por debajo de la inflaci&oacute;n&rdquo;. &laquo;En diciembre va a haber una correcci&oacute;n de las jubilaciones, eso es seguro porque somos conscientes de que lo tenemos [&hellip;]","og_url":"https:\/\/informelitoral.com.ar\/alberto-fernandez-anuncio-que-en-diciembre-habra-un-aumento-para-los-jubilados\/","og_site_name":"Informe Litoral","article_publisher":"https:\/\/www.facebook.com\/informelitoral\/","article_published_time":"2020-11-18T22:14:21+00:00","og_image":[{"width":975,"height":650,"url":"https:\/\/informelitoral.com.ar\/%77%70%2d%63%6f%6e%74%65%6e%74\/uploads\/2018\/06\/jubilados.jpeg","type":"image\/jpeg"}],"author":"Sebastian","twitter_card":"summary_large_image","twitter_creator":"@InformeLitoral","twitter_site":"@InformeLitoral","twitter_misc":{"Escrito por":"Sebastian","Tiempo de lectura":"2 minutos"},"schema":{"@context":"https:\/\/schema.org","@graph":[{"@type":"Article","@id":"https:\/\/informelitoral.com.ar\/alberto-fernandez-anuncio-que-en-diciembre-habra-un-aumento-para-los-jubilados\/#article","isPartOf":{"@id":"https:\/\/informelitoral.com.ar\/alberto-fernandez-anuncio-que-en-diciembre-habra-un-aumento-para-los-jubilados\/"},"author":{"name":"Sebastian","@id":"https:\/\/informelitoral.com.ar\/#\/schema\/person\/f05f9f461677119578717524b127d6d5"},"headline":"Alberto Fern\u00e1ndez anunci\u00f3 que en diciembre habr\u00e1 un aumento para los jubilados","datePublished":"2020-11-18T22:14:21+00:00","mainEntityOfPage":{"@id":"https:\/\/informelitoral.com.ar\/alberto-fernandez-anuncio-que-en-diciembre-habra-un-aumento-para-los-jubilados\/"},"wordCount":422,"commentCount":0,"publisher":{"@id":"https:\/\/informelitoral.com.ar\/#organization"},"image":{"@id":"https:\/\/informelitoral.com.ar\/alberto-fernandez-anuncio-que-en-diciembre-habra-un-aumento-para-los-jubilados\/#primaryimage"},"thumbnailUrl":"https:\/\/informelitoral.com.ar\/%77%70%2d%63%6f%6e%74%65%6e%74\/uploads\/2018\/06\/jubilados.jpeg","keywords":["Aumento","Aumento Salarial","Jubilados","Nacionales"],"articleSection":["Nacionales"],"inLanguage":"es","potentialAction":[{"@type":"CommentAction","name":"Comment","target":["https:\/\/informelitoral.com.ar\/alberto-fernandez-anuncio-que-en-diciembre-habra-un-aumento-para-los-jubilados\/#respond"]}]},{"@type":"WebPage","@id":"https:\/\/informelitoral.com.ar\/alberto-fernandez-anuncio-que-en-diciembre-habra-un-aumento-para-los-jubilados\/","url":"https:\/\/informelitoral.com.ar\/alberto-fernandez-anuncio-que-en-diciembre-habra-un-aumento-para-los-jubilados\/","name":"Alberto Fern\u00e1ndez anunci\u00f3 que en diciembre habr\u00e1 un aumento para los jubilados - Informe Litoral","isPartOf":{"@id":"https:\/\/informelitoral.com.ar\/#website"},"primaryImageOfPage":{"@id":"https:\/\/informelitoral.com.ar\/alberto-fernandez-anuncio-que-en-diciembre-habra-un-aumento-para-los-jubilados\/#primaryimage"},"image":{"@id":"https:\/\/informelitoral.com.ar\/alberto-fernandez-anuncio-que-en-diciembre-habra-un-aumento-para-los-jubilados\/#primaryimage"},"thumbnailUrl":"https:\/\/informelitoral.com.ar\/%77%70%2d%63%6f%6e%74%65%6e%74\/uploads\/2018\/06\/jubilados.jpeg","datePublished":"2020-11-18T22:14:21+00:00","breadcrumb":{"@id":"https:\/\/informelitoral.com.ar\/alberto-fernandez-anuncio-que-en-diciembre-habra-un-aumento-para-los-jubilados\/#breadcrumb"},"inLanguage":"es","potentialAction":[{"@type":"ReadAction","target":["https:\/\/informelitoral.com.ar\/alberto-fernandez-anuncio-que-en-diciembre-habra-un-aumento-para-los-jubilados\/"]}]},{"@type":"ImageObject","inLanguage":"es","@id":"https:\/\/informelitoral.com.ar\/alberto-fernandez-anuncio-que-en-diciembre-habra-un-aumento-para-los-jubilados\/#primaryimage","url":"https:\/\/informelitoral.com.ar\/%77%70%2d%63%6f%6e%74%65%6e%74\/uploads\/2018\/06\/jubilados.jpeg","contentUrl":"https:\/\/informelitoral.com.ar\/%77%70%2d%63%6f%6e%74%65%6e%74\/uploads\/2018\/06\/jubilados.jpeg","width":975,"height":650},{"@type":"BreadcrumbList","@id":"https:\/\/informelitoral.com.ar\/alberto-fernandez-anuncio-que-en-diciembre-habra-un-aumento-para-los-jubilados\/#breadcrumb","itemListElement":[{"@type":"ListItem","position":1,"name":"Portada","item":"https:\/\/informelitoral.com.ar\/"},{"@type":"ListItem","position":2,"name":"Alberto Fern\u00e1ndez anunci\u00f3 que en diciembre habr\u00e1 un aumento para los jubilados"}]},{"@type":"WebSite","@id":"https:\/\/informelitoral.com.ar\/#website","url":"https:\/\/informelitoral.com.ar\/","name":"Informe Litoral","description":"&quot;Nos informamos&quot; ","publisher":{"@id":"https:\/\/informelitoral.com.ar\/#organization"},"potentialAction":[{"@type":"SearchAction","target":{"@type":"EntryPoint","urlTemplate":"https:\/\/informelitoral.com.ar\/?s={search_term_string}"},"query-input":{"@type":"PropertyValueSpecification","valueRequired":true,"valueName":"search_term_string"}}],"inLanguage":"es"},{"@type":"Organization","@id":"https:\/\/informelitoral.com.ar\/#organization","name":"Informe Litoral","url":"https:\/\/informelitoral.com.ar\/","logo":{"@type":"ImageObject","inLanguage":"es","@id":"https:\/\/informelitoral.com.ar\/#\/schema\/logo\/image\/","url":"https:\/\/informelitoral.com.ar\/%77%70%2d%63%6f%6e%74%65%6e%74\/uploads\/2021\/01\/circulo.png","contentUrl":"https:\/\/informelitoral.com.ar\/%77%70%2d%63%6f%6e%74%65%6e%74\/uploads\/2021\/01\/circulo.png","width":723,"height":731,"caption":"Informe Litoral"},"image":{"@id":"https:\/\/informelitoral.com.ar\/#\/schema\/logo\/image\/"},"sameAs":["https:\/\/www.facebook.com\/informelitoral\/","https:\/\/x.com\/InformeLitoral","https:\/\/www.instagram.com\/informelitoral\/","https:\/\/www.youtube.com\/channel\/UCua4Qvz8Icb6MYqhoq9xLXw"]},{"@type":"Person","@id":"https:\/\/informelitoral.com.ar\/#\/schema\/person\/f05f9f461677119578717524b127d6d5","name":"Sebastian","image":{"@type":"ImageObject","inLanguage":"es","@id":"https:\/\/secure.gravatar.com\/avatar\/b71bf7481d447dfb9583c7f2798e7cc64de6efb9067b74633ed8c31059a3bd82?s=96&d=mm&r=g","url":"https:\/\/secure.gravatar.com\/avatar\/b71bf7481d447dfb9583c7f2798e7cc64de6efb9067b74633ed8c31059a3bd82?s=96&d=mm&r=g","contentUrl":"https:\/\/secure.gravatar.com\/avatar\/b71bf7481d447dfb9583c7f2798e7cc64de6efb9067b74633ed8c31059a3bd82?s=96&d=mm&r=g","caption":"Sebastian"},"url":"https:\/\/informelitoral.com.ar\/author\/sebastian\/"}]}},"_links":{"self":[{"href":"https:\/\/informelitoral.com.ar\/%77%70%2d%6a%73%6f%6e\/wp\/v2\/posts\/53325","targetHints":{"allow":["GET"]}}],"collection":[{"href":"https:\/\/informelitoral.com.ar\/%77%70%2d%6a%73%6f%6e\/wp\/v2\/posts"}],"about":[{"href":"https:\/\/informelitoral.com.ar\/%77%70%2d%6a%73%6f%6e\/wp\/v2\/types\/post"}],"author":[{"embeddable":true,"href":"https:\/\/informelitoral.com.ar\/%77%70%2d%6a%73%6f%6e\/wp\/v2\/users\/8"}],"replies":[{"embeddable":true,"href":"https:\/\/informelitoral.com.ar\/%77%70%2d%6a%73%6f%6e\/wp\/v2\/comments?post=53325"}],"version-history":[{"count":0,"href":"https:\/\/informelitoral.com.ar\/%77%70%2d%6a%73%6f%6e\/wp\/v2\/posts\/53325\/revisions"}],"wp:featuredmedia":[{"embeddable":true,"href":"https:\/\/informelitoral.com.ar\/%77%70%2d%6a%73%6f%6e\/wp\/v2\/media\/27200"}],"wp:attachment":[{"href":"https:\/\/informelitoral.com.ar\/%77%70%2d%6a%73%6f%6e\/wp\/v2\/media?parent=53325"}],"wp:term":[{"taxonomy":"category","embeddable":true,"href":"https:\/\/informelitoral.com.ar\/%77%70%2d%6a%73%6f%6e\/wp\/v2\/categories?post=53325"},{"taxonomy":"post_tag","embeddable":true,"href":"https:\/\/informelitoral.com.ar\/%77%70%2d%6a%73%6f%6e\/wp\/v2\/tags?post=53325"}],"curies":[{"name":"wp","href":"https:\/\/api.w.org\/{rel}","templated":true}]}}