{"id":530,"date":"2013-03-24T20:52:05","date_gmt":"2013-03-24T23:52:05","guid":{"rendered":"http:\/\/www.isletasnoticias.com.ar\/?p=530"},"modified":"2013-03-24T20:52:05","modified_gmt":"2013-03-24T23:52:05","slug":"crespo-los-2-imputados-por-el-robo-a-la-flia-rural-fueron-trasladados-a-la-unidad-penal-no-1","status":"publish","type":"post","link":"https:\/\/informelitoral.com.ar\/crespo-los-2-imputados-por-el-robo-a-la-flia-rural-fueron-trasladados-a-la-unidad-penal-no-1\/","title":{"rendered":"Crespo: Los 2 imputados por el robo a la flia. rural fueron trasladados a la Unidad Penal N\u00ba 1"},"content":{"rendered":"<p>Tras la detenci\u00f3n en Crespo de un joven de apellido<strong> Schlegel (25)<\/strong>, oriundo de Diamante,<\/p>\n<p><a href=\"http:\/\/www.isletasnoticias.com.ar\/%77%70%2d%63%6f%6e%74%65%6e%74\/uploads\/2013\/03\/Penal-N\u00ba-1-300x225.jpg\"><img loading=\"lazy\" decoding=\"async\" class=\"size-full wp-image-531 alignright\" alt=\"Penal-N\u00ba-1-300x225\" src=\"http:\/\/www.isletasnoticias.com.ar\/%77%70%2d%63%6f%6e%74%65%6e%74\/uploads\/2013\/03\/Penal-N\u00ba-1-300x225.jpg\" width=\"300\" height=\"225\" \/><\/a>imputado de cometer el robo perpetrado al matrimonio<strong> Bernhardt<\/strong>, radicado en el ejido de esta ciudad, el delincuente permaneci\u00f3 alojado\u00a0en Alcaid\u00eda de Tribunales hasta la ma\u00f1ana del s\u00e1bado 23, oportunidad en que fue trasladado a la Unidad Penal N\u00ba 1 de Paran\u00e1.<\/p>\n<p>Por otra parte, en esta misma jornada se entreg\u00f3 el otro imputado en este il\u00edcito, siendo hermanos entre s\u00ed. El mismo se present\u00f3 en Tribunales, manifestando estar a disposici\u00f3n de la justicia, en virtud de conocer que estaba cercado por la polic\u00eda y que sus movimientos estaban siendo controlados.<\/p>\n<p>En consecuencia, el Juez de Instrucci\u00f3n que entiende en la causa, Dr. <strong>Mauricio Mayer<\/strong>, dispuso en las \u00faltimas horas, que ambos abandonen la Alcaid\u00eda de Tribunales y permanezcan alojados en la unidad carcelaria, hasta tanto medie resoluci\u00f3n contraria. Si bien esto no ocurre en todos los casos donde operan detenciones, dicha determinaci\u00f3n se tom\u00f3 en atenci\u00f3n a las condiciones de gravedad del hecho; la contundencia probatoria anexada al expediente desde la dependencia local, producto de los m\u00faltiples allanamientos en Diamante y los datos investigativos elevados; y los antecedentes penales de dichos malvivientes, que van desde robos calificados en reiteradas oportunidades hasta una violaci\u00f3n. Tal providencia judicial es a los efectos de resguardar el normal desarrollo del proceso y evitar que el accionar de ambos en condiciones de libertad incida en la producci\u00f3n de pruebas o el avance de la investigaci\u00f3n.<\/p>\n<p>Fuente: El Observador del Litoral.<\/p>\n","protected":false},"excerpt":{"rendered":"<p>Tras la detenci&oacute;n en Crespo de un joven de apellido Schlegel (25), oriundo de Diamante, imputado de cometer el robo perpetrado al matrimonio Bernhardt, radicado en el ejido de esta ciudad, el delincuente permaneci&oacute; alojado&nbsp;en Alcaid&iacute;a de Tribunales hasta la ma&ntilde;ana del s&aacute;bado 23, oportunidad en que fue trasladado a la Unidad Penal N&ordm; 1 [&hellip;]<\/p>\n","protected":false},"author":2,"featured_media":0,"comment_status":"open","ping_status":"open","sticky":false,"template":"","format":"standard","meta":{"fifu_image_url":"","fifu_image_alt":"","footnotes":""},"categories":[14],"tags":[],"class_list":{"0":"post-530","1":"post","2":"type-post","3":"status-publish","4":"format-standard","6":"category-policiales"},"yoast_head":"<title>Crespo: Los 2 imputados por el robo a la flia. rural fueron trasladados a la Unidad Penal N\u00ba 1 - Informe Litoral<\/title>\n<meta name=\"robots\" content=\"index, follow, max-snippet:-1, max-image-preview:large, max-video-preview:-1\" \/>\n<link rel=\"canonical\" href=\"https:\/\/informelitoral.com.ar\/crespo-los-2-imputados-por-el-robo-a-la-flia-rural-fueron-trasladados-a-la-unidad-penal-no-1\/\" \/>\n<meta property=\"og:locale\" content=\"es_ES\" \/>\n<meta property=\"og:type\" content=\"article\" \/>\n<meta property=\"og:title\" content=\"Crespo: Los 2 imputados por el robo a la flia. rural fueron trasladados a la Unidad Penal N\u00ba 1 - Informe Litoral\" \/>\n<meta property=\"og:description\" content=\"Tras la detenci&oacute;n en Crespo de un joven de apellido Schlegel (25), oriundo de Diamante, imputado de cometer el robo perpetrado al matrimonio Bernhardt, radicado en el ejido de esta ciudad, el delincuente permaneci&oacute; alojado&nbsp;en Alcaid&iacute;a de Tribunales hasta la ma&ntilde;ana del s&aacute;bado 23, oportunidad en que fue trasladado a la Unidad Penal N&ordm; 1 [&hellip;]\" \/>\n<meta property=\"og:url\" content=\"https:\/\/informelitoral.com.ar\/crespo-los-2-imputados-por-el-robo-a-la-flia-rural-fueron-trasladados-a-la-unidad-penal-no-1\/\" \/>\n<meta property=\"og:site_name\" content=\"Informe Litoral\" \/>\n<meta property=\"article:publisher\" content=\"https:\/\/www.facebook.com\/informelitoral\/\" \/>\n<meta property=\"article:published_time\" content=\"2013-03-24T23:52:05+00:00\" \/>\n<meta name=\"author\" content=\"Gonzalo Schmidt\" \/>\n<meta name=\"twitter:card\" content=\"summary_large_image\" \/>\n<meta name=\"twitter:creator\" content=\"@InformeLitoral\" \/>\n<meta name=\"twitter:site\" content=\"@InformeLitoral\" \/>\n<meta name=\"twitter:label1\" content=\"Escrito por\" \/>\n\t<meta name=\"twitter:data1\" content=\"Gonzalo Schmidt\" \/>\n\t<meta name=\"twitter:label2\" content=\"Tiempo de lectura\" \/>\n\t<meta name=\"twitter:data2\" content=\"1 minuto\" \/>\n<script type=\"application\/ld+json\" class=\"yoast-schema-graph\">{\"@context\":\"https:\\\/\\\/schema.org\",\"@graph\":[{\"@type\":\"Article\",\"@id\":\"https:\\\/\\\/informelitoral.com.ar\\\/crespo-los-2-imputados-por-el-robo-a-la-flia-rural-fueron-trasladados-a-la-unidad-penal-no-1\\\/#article\",\"isPartOf\":{\"@id\":\"https:\\\/\\\/informelitoral.com.ar\\\/crespo-los-2-imputados-por-el-robo-a-la-flia-rural-fueron-trasladados-a-la-unidad-penal-no-1\\\/\"},\"author\":{\"name\":\"Gonzalo Schmidt\",\"@id\":\"https:\\\/\\\/informelitoral.com.ar\\\/#\\\/schema\\\/person\\\/b9d00407c836482871ef1d57bf8e3180\"},\"headline\":\"Crespo: Los 2 imputados por el robo a la flia. rural fueron trasladados a la Unidad Penal N\u00ba 1\",\"datePublished\":\"2013-03-24T23:52:05+00:00\",\"mainEntityOfPage\":{\"@id\":\"https:\\\/\\\/informelitoral.com.ar\\\/crespo-los-2-imputados-por-el-robo-a-la-flia-rural-fueron-trasladados-a-la-unidad-penal-no-1\\\/\"},\"wordCount\":282,\"commentCount\":0,\"publisher\":{\"@id\":\"https:\\\/\\\/informelitoral.com.ar\\\/#organization\"},\"articleSection\":[\"Policiales\"],\"inLanguage\":\"es\",\"potentialAction\":[{\"@type\":\"CommentAction\",\"name\":\"Comment\",\"target\":[\"https:\\\/\\\/informelitoral.com.ar\\\/crespo-los-2-imputados-por-el-robo-a-la-flia-rural-fueron-trasladados-a-la-unidad-penal-no-1\\\/#respond\"]}]},{\"@type\":\"WebPage\",\"@id\":\"https:\\\/\\\/informelitoral.com.ar\\\/crespo-los-2-imputados-por-el-robo-a-la-flia-rural-fueron-trasladados-a-la-unidad-penal-no-1\\\/\",\"url\":\"https:\\\/\\\/informelitoral.com.ar\\\/crespo-los-2-imputados-por-el-robo-a-la-flia-rural-fueron-trasladados-a-la-unidad-penal-no-1\\\/\",\"name\":\"Crespo: Los 2 imputados por el robo a la flia. rural fueron trasladados a la Unidad Penal N\u00ba 1 - Informe Litoral\",\"isPartOf\":{\"@id\":\"https:\\\/\\\/informelitoral.com.ar\\\/#website\"},\"datePublished\":\"2013-03-24T23:52:05+00:00\",\"breadcrumb\":{\"@id\":\"https:\\\/\\\/informelitoral.com.ar\\\/crespo-los-2-imputados-por-el-robo-a-la-flia-rural-fueron-trasladados-a-la-unidad-penal-no-1\\\/#breadcrumb\"},\"inLanguage\":\"es\",\"potentialAction\":[{\"@type\":\"ReadAction\",\"target\":[\"https:\\\/\\\/informelitoral.com.ar\\\/crespo-los-2-imputados-por-el-robo-a-la-flia-rural-fueron-trasladados-a-la-unidad-penal-no-1\\\/\"]}]},{\"@type\":\"BreadcrumbList\",\"@id\":\"https:\\\/\\\/informelitoral.com.ar\\\/crespo-los-2-imputados-por-el-robo-a-la-flia-rural-fueron-trasladados-a-la-unidad-penal-no-1\\\/#breadcrumb\",\"itemListElement\":[{\"@type\":\"ListItem\",\"position\":1,\"name\":\"Portada\",\"item\":\"https:\\\/\\\/informelitoral.com.ar\\\/\"},{\"@type\":\"ListItem\",\"position\":2,\"name\":\"Crespo: Los 2 imputados por el robo a la flia. rural fueron trasladados a la Unidad Penal N\u00ba 1\"}]},{\"@type\":\"WebSite\",\"@id\":\"https:\\\/\\\/informelitoral.com.ar\\\/#website\",\"url\":\"https:\\\/\\\/informelitoral.com.ar\\\/\",\"name\":\"Informe Litoral\",\"description\":\"&quot;Nos informamos&quot; \",\"publisher\":{\"@id\":\"https:\\\/\\\/informelitoral.com.ar\\\/#organization\"},\"potentialAction\":[{\"@type\":\"SearchAction\",\"target\":{\"@type\":\"EntryPoint\",\"urlTemplate\":\"https:\\\/\\\/informelitoral.com.ar\\\/?s={search_term_string}\"},\"query-input\":{\"@type\":\"PropertyValueSpecification\",\"valueRequired\":true,\"valueName\":\"search_term_string\"}}],\"inLanguage\":\"es\"},{\"@type\":\"Organization\",\"@id\":\"https:\\\/\\\/informelitoral.com.ar\\\/#organization\",\"name\":\"Informe Litoral\",\"url\":\"https:\\\/\\\/informelitoral.com.ar\\\/\",\"logo\":{\"@type\":\"ImageObject\",\"inLanguage\":\"es\",\"@id\":\"https:\\\/\\\/informelitoral.com.ar\\\/#\\\/schema\\\/logo\\\/image\\\/\",\"url\":\"https:\\\/\\\/informelitoral.com.ar\\\/%77%70%2d%63%6f%6e%74%65%6e%74\\\/uploads\\\/2021\\\/01\\\/circulo.png\",\"contentUrl\":\"https:\\\/\\\/informelitoral.com.ar\\\/%77%70%2d%63%6f%6e%74%65%6e%74\\\/uploads\\\/2021\\\/01\\\/circulo.png\",\"width\":723,\"height\":731,\"caption\":\"Informe Litoral\"},\"image\":{\"@id\":\"https:\\\/\\\/informelitoral.com.ar\\\/#\\\/schema\\\/logo\\\/image\\\/\"},\"sameAs\":[\"https:\\\/\\\/www.facebook.com\\\/informelitoral\\\/\",\"https:\\\/\\\/x.com\\\/InformeLitoral\",\"https:\\\/\\\/www.instagram.com\\\/informelitoral\\\/\",\"https:\\\/\\\/www.youtube.com\\\/channel\\\/UCua4Qvz8Icb6MYqhoq9xLXw\"]},{\"@type\":\"Person\",\"@id\":\"https:\\\/\\\/informelitoral.com.ar\\\/#\\\/schema\\\/person\\\/b9d00407c836482871ef1d57bf8e3180\",\"name\":\"Gonzalo Schmidt\",\"image\":{\"@type\":\"ImageObject\",\"inLanguage\":\"es\",\"@id\":\"https:\\\/\\\/secure.gravatar.com\\\/avatar\\\/31a1a7b66ff2de83bd0e9fd79d026630d2d99e55e8bfe501287647b4fd9743de?s=96&d=mm&r=g\",\"url\":\"https:\\\/\\\/secure.gravatar.com\\\/avatar\\\/31a1a7b66ff2de83bd0e9fd79d026630d2d99e55e8bfe501287647b4fd9743de?s=96&d=mm&r=g\",\"contentUrl\":\"https:\\\/\\\/secure.gravatar.com\\\/avatar\\\/31a1a7b66ff2de83bd0e9fd79d026630d2d99e55e8bfe501287647b4fd9743de?s=96&d=mm&r=g\",\"caption\":\"Gonzalo Schmidt\"},\"description\":\"Sitio web de noticias de la provincia de Entre R\u00edos, Argentina. Informaci\u00f3n y entretenimiento. Informe Litoral, nos informamos.\",\"sameAs\":[\"http:\\\/\\\/www.isletasnoticias.com.ar\"],\"url\":\"https:\\\/\\\/informelitoral.com.ar\\\/author\\\/gonzalo\\\/\"}]}<\/script>","yoast_head_json":{"title":"Crespo: Los 2 imputados por el robo a la flia. rural fueron trasladados a la Unidad Penal N\u00ba 1 - Informe Litoral","robots":{"index":"index","follow":"follow","max-snippet":"max-snippet:-1","max-image-preview":"max-image-preview:large","max-video-preview":"max-video-preview:-1"},"canonical":"https:\/\/informelitoral.com.ar\/crespo-los-2-imputados-por-el-robo-a-la-flia-rural-fueron-trasladados-a-la-unidad-penal-no-1\/","og_locale":"es_ES","og_type":"article","og_title":"Crespo: Los 2 imputados por el robo a la flia. rural fueron trasladados a la Unidad Penal N\u00ba 1 - Informe Litoral","og_description":"Tras la detenci&oacute;n en Crespo de un joven de apellido Schlegel (25), oriundo de Diamante, imputado de cometer el robo perpetrado al matrimonio Bernhardt, radicado en el ejido de esta ciudad, el delincuente permaneci&oacute; alojado&nbsp;en Alcaid&iacute;a de Tribunales hasta la ma&ntilde;ana del s&aacute;bado 23, oportunidad en que fue trasladado a la Unidad Penal N&ordm; 1 [&hellip;]","og_url":"https:\/\/informelitoral.com.ar\/crespo-los-2-imputados-por-el-robo-a-la-flia-rural-fueron-trasladados-a-la-unidad-penal-no-1\/","og_site_name":"Informe Litoral","article_publisher":"https:\/\/www.facebook.com\/informelitoral\/","article_published_time":"2013-03-24T23:52:05+00:00","author":"Gonzalo Schmidt","twitter_card":"summary_large_image","twitter_creator":"@InformeLitoral","twitter_site":"@InformeLitoral","twitter_misc":{"Escrito por":"Gonzalo Schmidt","Tiempo de lectura":"1 minuto"},"schema":{"@context":"https:\/\/schema.org","@graph":[{"@type":"Article","@id":"https:\/\/informelitoral.com.ar\/crespo-los-2-imputados-por-el-robo-a-la-flia-rural-fueron-trasladados-a-la-unidad-penal-no-1\/#article","isPartOf":{"@id":"https:\/\/informelitoral.com.ar\/crespo-los-2-imputados-por-el-robo-a-la-flia-rural-fueron-trasladados-a-la-unidad-penal-no-1\/"},"author":{"name":"Gonzalo Schmidt","@id":"https:\/\/informelitoral.com.ar\/#\/schema\/person\/b9d00407c836482871ef1d57bf8e3180"},"headline":"Crespo: Los 2 imputados por el robo a la flia. rural fueron trasladados a la Unidad Penal N\u00ba 1","datePublished":"2013-03-24T23:52:05+00:00","mainEntityOfPage":{"@id":"https:\/\/informelitoral.com.ar\/crespo-los-2-imputados-por-el-robo-a-la-flia-rural-fueron-trasladados-a-la-unidad-penal-no-1\/"},"wordCount":282,"commentCount":0,"publisher":{"@id":"https:\/\/informelitoral.com.ar\/#organization"},"articleSection":["Policiales"],"inLanguage":"es","potentialAction":[{"@type":"CommentAction","name":"Comment","target":["https:\/\/informelitoral.com.ar\/crespo-los-2-imputados-por-el-robo-a-la-flia-rural-fueron-trasladados-a-la-unidad-penal-no-1\/#respond"]}]},{"@type":"WebPage","@id":"https:\/\/informelitoral.com.ar\/crespo-los-2-imputados-por-el-robo-a-la-flia-rural-fueron-trasladados-a-la-unidad-penal-no-1\/","url":"https:\/\/informelitoral.com.ar\/crespo-los-2-imputados-por-el-robo-a-la-flia-rural-fueron-trasladados-a-la-unidad-penal-no-1\/","name":"Crespo: Los 2 imputados por el robo a la flia. rural fueron trasladados a la Unidad Penal N\u00ba 1 - Informe Litoral","isPartOf":{"@id":"https:\/\/informelitoral.com.ar\/#website"},"datePublished":"2013-03-24T23:52:05+00:00","breadcrumb":{"@id":"https:\/\/informelitoral.com.ar\/crespo-los-2-imputados-por-el-robo-a-la-flia-rural-fueron-trasladados-a-la-unidad-penal-no-1\/#breadcrumb"},"inLanguage":"es","potentialAction":[{"@type":"ReadAction","target":["https:\/\/informelitoral.com.ar\/crespo-los-2-imputados-por-el-robo-a-la-flia-rural-fueron-trasladados-a-la-unidad-penal-no-1\/"]}]},{"@type":"BreadcrumbList","@id":"https:\/\/informelitoral.com.ar\/crespo-los-2-imputados-por-el-robo-a-la-flia-rural-fueron-trasladados-a-la-unidad-penal-no-1\/#breadcrumb","itemListElement":[{"@type":"ListItem","position":1,"name":"Portada","item":"https:\/\/informelitoral.com.ar\/"},{"@type":"ListItem","position":2,"name":"Crespo: Los 2 imputados por el robo a la flia. rural fueron trasladados a la Unidad Penal N\u00ba 1"}]},{"@type":"WebSite","@id":"https:\/\/informelitoral.com.ar\/#website","url":"https:\/\/informelitoral.com.ar\/","name":"Informe Litoral","description":"&quot;Nos informamos&quot; ","publisher":{"@id":"https:\/\/informelitoral.com.ar\/#organization"},"potentialAction":[{"@type":"SearchAction","target":{"@type":"EntryPoint","urlTemplate":"https:\/\/informelitoral.com.ar\/?s={search_term_string}"},"query-input":{"@type":"PropertyValueSpecification","valueRequired":true,"valueName":"search_term_string"}}],"inLanguage":"es"},{"@type":"Organization","@id":"https:\/\/informelitoral.com.ar\/#organization","name":"Informe Litoral","url":"https:\/\/informelitoral.com.ar\/","logo":{"@type":"ImageObject","inLanguage":"es","@id":"https:\/\/informelitoral.com.ar\/#\/schema\/logo\/image\/","url":"https:\/\/informelitoral.com.ar\/%77%70%2d%63%6f%6e%74%65%6e%74\/uploads\/2021\/01\/circulo.png","contentUrl":"https:\/\/informelitoral.com.ar\/%77%70%2d%63%6f%6e%74%65%6e%74\/uploads\/2021\/01\/circulo.png","width":723,"height":731,"caption":"Informe Litoral"},"image":{"@id":"https:\/\/informelitoral.com.ar\/#\/schema\/logo\/image\/"},"sameAs":["https:\/\/www.facebook.com\/informelitoral\/","https:\/\/x.com\/InformeLitoral","https:\/\/www.instagram.com\/informelitoral\/","https:\/\/www.youtube.com\/channel\/UCua4Qvz8Icb6MYqhoq9xLXw"]},{"@type":"Person","@id":"https:\/\/informelitoral.com.ar\/#\/schema\/person\/b9d00407c836482871ef1d57bf8e3180","name":"Gonzalo Schmidt","image":{"@type":"ImageObject","inLanguage":"es","@id":"https:\/\/secure.gravatar.com\/avatar\/31a1a7b66ff2de83bd0e9fd79d026630d2d99e55e8bfe501287647b4fd9743de?s=96&d=mm&r=g","url":"https:\/\/secure.gravatar.com\/avatar\/31a1a7b66ff2de83bd0e9fd79d026630d2d99e55e8bfe501287647b4fd9743de?s=96&d=mm&r=g","contentUrl":"https:\/\/secure.gravatar.com\/avatar\/31a1a7b66ff2de83bd0e9fd79d026630d2d99e55e8bfe501287647b4fd9743de?s=96&d=mm&r=g","caption":"Gonzalo Schmidt"},"description":"Sitio web de noticias de la provincia de Entre R\u00edos, Argentina. Informaci\u00f3n y entretenimiento. Informe Litoral, nos informamos.","sameAs":["http:\/\/www.isletasnoticias.com.ar"],"url":"https:\/\/informelitoral.com.ar\/author\/gonzalo\/"}]}},"_links":{"self":[{"href":"https:\/\/informelitoral.com.ar\/%77%70%2d%6a%73%6f%6e\/wp\/v2\/posts\/530","targetHints":{"allow":["GET"]}}],"collection":[{"href":"https:\/\/informelitoral.com.ar\/%77%70%2d%6a%73%6f%6e\/wp\/v2\/posts"}],"about":[{"href":"https:\/\/informelitoral.com.ar\/%77%70%2d%6a%73%6f%6e\/wp\/v2\/types\/post"}],"author":[{"embeddable":true,"href":"https:\/\/informelitoral.com.ar\/%77%70%2d%6a%73%6f%6e\/wp\/v2\/users\/2"}],"replies":[{"embeddable":true,"href":"https:\/\/informelitoral.com.ar\/%77%70%2d%6a%73%6f%6e\/wp\/v2\/comments?post=530"}],"version-history":[{"count":0,"href":"https:\/\/informelitoral.com.ar\/%77%70%2d%6a%73%6f%6e\/wp\/v2\/posts\/530\/revisions"}],"wp:attachment":[{"href":"https:\/\/informelitoral.com.ar\/%77%70%2d%6a%73%6f%6e\/wp\/v2\/media?parent=530"}],"wp:term":[{"taxonomy":"category","embeddable":true,"href":"https:\/\/informelitoral.com.ar\/%77%70%2d%6a%73%6f%6e\/wp\/v2\/categories?post=530"},{"taxonomy":"post_tag","embeddable":true,"href":"https:\/\/informelitoral.com.ar\/%77%70%2d%6a%73%6f%6e\/wp\/v2\/tags?post=530"}],"curies":[{"name":"wp","href":"https:\/\/api.w.org\/{rel}","templated":true}]}}