{"id":52866,"date":"2020-11-11T11:02:32","date_gmt":"2020-11-11T14:02:32","guid":{"rendered":"https:\/\/www.isletasnoticias.com.ar\/?p=52866"},"modified":"2020-11-11T11:12:39","modified_gmt":"2020-11-11T14:12:39","slug":"general-ramirez-trabajan-con-diferentes-sectores-para-afrontar-la-nueva-normalidad","status":"publish","type":"post","link":"https:\/\/informelitoral.com.ar\/general-ramirez-trabajan-con-diferentes-sectores-para-afrontar-la-nueva-normalidad\/","title":{"rendered":"General Ram\u00edrez: trabajan con diferentes sectores para afrontar la \u00abnueva normalidad\u00bb"},"content":{"rendered":"<p>Con la proximidad de las fiestas de fin de a\u00f1o, crece la preocupaci\u00f3n en diferentes lugares por las actividades econ\u00f3micas, recreativas, religiosas o de \u00f3seo que a\u00fan no se pueden desarrollar en el marco de la \u00abnueva normalidad\u00bb.<\/p>\n<p>En ese sentido, en las \u00faltimas semanas <strong>desde la Municipalidad de General Ram\u00edrez continuaron con una ronda de reuniones con diversos sectores<\/strong> para acordar los pasos a seguir de cara al \u00faltimo tramo del a\u00f1o y la temporada estival.<\/p>\n<h3><strong>Preocupaci\u00f3n por los j\u00f3venes<\/strong><\/h3>\n<h3><strong><a href=\"https:\/\/www.isletasnoticias.com.ar\/%77%70%2d%63%6f%6e%74%65%6e%74\/uploads\/2020\/11\/123597474_1779838882167026_5647165833609774423_n.jpg\"><img loading=\"lazy\" decoding=\"async\" class=\"aligncenter wp-image-52871 size-full\" src=\"https:\/\/www.isletasnoticias.com.ar\/%77%70%2d%63%6f%6e%74%65%6e%74\/uploads\/2020\/11\/123597474_1779838882167026_5647165833609774423_n.jpg\" alt=\"\" width=\"960\" height=\"640\" srcset=\"https:\/\/informelitoral.com.ar\/%77%70%2d%63%6f%6e%74%65%6e%74\/uploads\/2020\/11\/123597474_1779838882167026_5647165833609774423_n.jpg 960w, https:\/\/informelitoral.com.ar\/%77%70%2d%63%6f%6e%74%65%6e%74\/uploads\/2020\/11\/123597474_1779838882167026_5647165833609774423_n-300x200.jpg 300w, https:\/\/informelitoral.com.ar\/%77%70%2d%63%6f%6e%74%65%6e%74\/uploads\/2020\/11\/123597474_1779838882167026_5647165833609774423_n-768x512.jpg 768w, https:\/\/informelitoral.com.ar\/%77%70%2d%63%6f%6e%74%65%6e%74\/uploads\/2020\/11\/123597474_1779838882167026_5647165833609774423_n-696x464.jpg 696w, https:\/\/informelitoral.com.ar\/%77%70%2d%63%6f%6e%74%65%6e%74\/uploads\/2020\/11\/123597474_1779838882167026_5647165833609774423_n-630x420.jpg 630w\" sizes=\"auto, (max-width: 960px) 100vw, 960px\" \/><\/a><\/strong><\/h3>\n<p>Uno de los encuentros tuvo como protagonistas a los j\u00f3venes de la ciudad, que es la Capital Provincial de la Juventud, cuya fiesta se celebra en el mes de noviembre pero este a\u00f1o no se pudo realizar.<\/p>\n<p>Las autoridades <strong>los escucharon y seg\u00fan expresaron se llevaron ideas, inquietudes y planteos<\/strong>, que \u00abfueron presentados seria y responsablemente por los chicos\u00bb.<\/p>\n<p>Desde el municipio <span style=\"background-color: #ffff00;\">les propusieron \u00abanalizar la tem\u00e1tica del ocio, buscando visibilizar una problem\u00e1tica que nos toca atravesar en el marco de la pandemia y encontrar alternativas que nos permitan convivir en forma segura y responsable\u00bb.<\/span><\/p>\n<p>\u00abTenemos que caminar hacia un protocolo de bioseguridad para un ocio responsable y seguro. <span style=\"background-color: #ffff00;\"><strong>Apuntando a realizar las actividades al aire libre, con distanciamiento social, en determinados lugares y horarios\u00bb,<\/strong><\/span> indicaron por parte del Ejecutivo.<\/p>\n<p><a href=\"https:\/\/www.isletasnoticias.com.ar\/%77%70%2d%63%6f%6e%74%65%6e%74\/uploads\/2020\/11\/123876090_1779838822167032_1498057830897387374_n.jpg\"><img loading=\"lazy\" decoding=\"async\" class=\"aligncenter wp-image-52867 size-full\" src=\"https:\/\/www.isletasnoticias.com.ar\/%77%70%2d%63%6f%6e%74%65%6e%74\/uploads\/2020\/11\/123876090_1779838822167032_1498057830897387374_n.jpg\" alt=\"\" width=\"960\" height=\"600\" srcset=\"https:\/\/informelitoral.com.ar\/%77%70%2d%63%6f%6e%74%65%6e%74\/uploads\/2020\/11\/123876090_1779838822167032_1498057830897387374_n.jpg 960w, https:\/\/informelitoral.com.ar\/%77%70%2d%63%6f%6e%74%65%6e%74\/uploads\/2020\/11\/123876090_1779838822167032_1498057830897387374_n-300x188.jpg 300w, https:\/\/informelitoral.com.ar\/%77%70%2d%63%6f%6e%74%65%6e%74\/uploads\/2020\/11\/123876090_1779838822167032_1498057830897387374_n-768x480.jpg 768w, https:\/\/informelitoral.com.ar\/%77%70%2d%63%6f%6e%74%65%6e%74\/uploads\/2020\/11\/123876090_1779838822167032_1498057830897387374_n-696x435.jpg 696w, https:\/\/informelitoral.com.ar\/%77%70%2d%63%6f%6e%74%65%6e%74\/uploads\/2020\/11\/123876090_1779838822167032_1498057830897387374_n-672x420.jpg 672w\" sizes=\"auto, (max-width: 960px) 100vw, 960px\" \/><\/a><\/p>\n<p>Tambi\u00e9n <strong>trabajan en un protocolo para elevar al Gobierno Provincial<\/strong> para anticiparse a la temporada de verano y poder encontrar un marco regulador que permita llevar esta situaci\u00f3n de la mejor manera.<\/p>\n<h3><strong>Reuni\u00f3n con directivos de escuelas\u00a0<\/strong><\/h3>\n<p>Otro de los espacios tuvo como protagonistas a los directivos de todos los niveles educativos de la ciudad, que junto a las autoridades locales expusieron una extensa agenda de temas.<\/p>\n<p><a href=\"https:\/\/www.isletasnoticias.com.ar\/%77%70%2d%63%6f%6e%74%65%6e%74\/uploads\/2020\/11\/124097866_1778630722287842_4917851225310797817_o.jpg\"><img loading=\"lazy\" decoding=\"async\" class=\"aligncenter wp-image-52868 size-large\" src=\"https:\/\/www.isletasnoticias.com.ar\/%77%70%2d%63%6f%6e%74%65%6e%74\/uploads\/2020\/11\/124097866_1778630722287842_4917851225310797817_o-1024x646.jpg\" alt=\"\" width=\"696\" height=\"439\" srcset=\"https:\/\/informelitoral.com.ar\/%77%70%2d%63%6f%6e%74%65%6e%74\/uploads\/2020\/11\/124097866_1778630722287842_4917851225310797817_o-1024x646.jpg 1024w, https:\/\/informelitoral.com.ar\/%77%70%2d%63%6f%6e%74%65%6e%74\/uploads\/2020\/11\/124097866_1778630722287842_4917851225310797817_o-300x189.jpg 300w, https:\/\/informelitoral.com.ar\/%77%70%2d%63%6f%6e%74%65%6e%74\/uploads\/2020\/11\/124097866_1778630722287842_4917851225310797817_o-768x484.jpg 768w, https:\/\/informelitoral.com.ar\/%77%70%2d%63%6f%6e%74%65%6e%74\/uploads\/2020\/11\/124097866_1778630722287842_4917851225310797817_o-1536x968.jpg 1536w, https:\/\/informelitoral.com.ar\/%77%70%2d%63%6f%6e%74%65%6e%74\/uploads\/2020\/11\/124097866_1778630722287842_4917851225310797817_o-696x439.jpg 696w, https:\/\/informelitoral.com.ar\/%77%70%2d%63%6f%6e%74%65%6e%74\/uploads\/2020\/11\/124097866_1778630722287842_4917851225310797817_o-1068x673.jpg 1068w, https:\/\/informelitoral.com.ar\/%77%70%2d%63%6f%6e%74%65%6e%74\/uploads\/2020\/11\/124097866_1778630722287842_4917851225310797817_o-666x420.jpg 666w, https:\/\/informelitoral.com.ar\/%77%70%2d%63%6f%6e%74%65%6e%74\/uploads\/2020\/11\/124097866_1778630722287842_4917851225310797817_o.jpg 2048w\" sizes=\"auto, (max-width: 696px) 100vw, 696px\" \/><\/a><\/p>\n<p>El encuentro funcion\u00f3 como un espacio de escucha, donde cada uno hizo una evaluaci\u00f3n de su situaci\u00f3n y present\u00f3 las problem\u00e1ticas que atraviesan, la cual es diversa en funci\u00f3n de los contextos de cada instituci\u00f3n.<\/p>\n<p>\u00ab<span style=\"background-color: #ffff00;\"><strong>Dialogamos sobre la posibilidad de un retorno paulatino a la presencialidad en las aulas<\/strong><\/span>, teniendo presente las dificultades que atraviesa hoy el sistema educativo, y tambi\u00e9n las complejidades externas, como por ejemplo, la posibilidad de transporte de los docentes\u00bb, explicaron desde la Municipalidad.<\/p>\n<p><a href=\"https:\/\/www.isletasnoticias.com.ar\/%77%70%2d%63%6f%6e%74%65%6e%74\/uploads\/2020\/11\/124017942_1778630758954505_5764133740267226311_o.jpg\"><img loading=\"lazy\" decoding=\"async\" class=\"aligncenter wp-image-52870 size-large\" src=\"https:\/\/www.isletasnoticias.com.ar\/%77%70%2d%63%6f%6e%74%65%6e%74\/uploads\/2020\/11\/124017942_1778630758954505_5764133740267226311_o-1024x683.jpg\" alt=\"\" width=\"696\" height=\"464\" srcset=\"https:\/\/informelitoral.com.ar\/%77%70%2d%63%6f%6e%74%65%6e%74\/uploads\/2020\/11\/124017942_1778630758954505_5764133740267226311_o-1024x683.jpg 1024w, https:\/\/informelitoral.com.ar\/%77%70%2d%63%6f%6e%74%65%6e%74\/uploads\/2020\/11\/124017942_1778630758954505_5764133740267226311_o-300x200.jpg 300w, https:\/\/informelitoral.com.ar\/%77%70%2d%63%6f%6e%74%65%6e%74\/uploads\/2020\/11\/124017942_1778630758954505_5764133740267226311_o-768x512.jpg 768w, https:\/\/informelitoral.com.ar\/%77%70%2d%63%6f%6e%74%65%6e%74\/uploads\/2020\/11\/124017942_1778630758954505_5764133740267226311_o-1536x1024.jpg 1536w, https:\/\/informelitoral.com.ar\/%77%70%2d%63%6f%6e%74%65%6e%74\/uploads\/2020\/11\/124017942_1778630758954505_5764133740267226311_o-696x464.jpg 696w, https:\/\/informelitoral.com.ar\/%77%70%2d%63%6f%6e%74%65%6e%74\/uploads\/2020\/11\/124017942_1778630758954505_5764133740267226311_o-1068x712.jpg 1068w, https:\/\/informelitoral.com.ar\/%77%70%2d%63%6f%6e%74%65%6e%74\/uploads\/2020\/11\/124017942_1778630758954505_5764133740267226311_o-630x420.jpg 630w, https:\/\/informelitoral.com.ar\/%77%70%2d%63%6f%6e%74%65%6e%74\/uploads\/2020\/11\/124017942_1778630758954505_5764133740267226311_o.jpg 2048w\" sizes=\"auto, (max-width: 696px) 100vw, 696px\" \/><\/a><\/p>\n<p>Tambi\u00e9n reconocieron que <strong>recibieron varios pedidos sobre habilitaciones para realizar colaciones y recepciones<\/strong>, sabiendo que para poder hacerlo se requiere la habilitaci\u00f3n del Consejo General de Educaci\u00f3n y a\u00fan no hab\u00eda novedades al respecto. En este sentido, \u00ables recordamos que hace unos d\u00edas presentamos un protocolo a la provincia que apunta a regular eventos sociales de este tipo\u00bb, informaron.\u00a0 <em>-(N. de la R.: Al momento de la reuni\u00f3n todav\u00eda no se hab\u00eda dado a conocer la habilitaci\u00f3n por parte de la Provincia para llevar a cabo este tipo de actos).\u00a0<\/em><\/p>\n<p>Desde el municipio <strong>\u00abplanteamos al Gobierno Provincial la necesidad de ir retomando algunas actividades,<\/strong> conociendo que esto no tendr\u00e1 efectos pedag\u00f3gicos inmediatos sobre el proceso de ense\u00f1anza-aprendizaje, pero si que es sumamente importante tratar de empezar a tener primeras experiencias, para llegar con m\u00e1s certidumbre y mejor preparados al pr\u00f3ximo a\u00f1o\u00bb, expresaron.<\/p>\n<p><a href=\"https:\/\/www.isletasnoticias.com.ar\/%77%70%2d%63%6f%6e%74%65%6e%74\/uploads\/2020\/11\/124017942_1778630758954505_5764133740267226311_o.jpg\"><img loading=\"lazy\" decoding=\"async\" class=\"aligncenter wp-image-52870 size-large\" src=\"https:\/\/www.isletasnoticias.com.ar\/%77%70%2d%63%6f%6e%74%65%6e%74\/uploads\/2020\/11\/124017942_1778630758954505_5764133740267226311_o-1024x683.jpg\" alt=\"\" width=\"696\" height=\"464\" srcset=\"https:\/\/informelitoral.com.ar\/%77%70%2d%63%6f%6e%74%65%6e%74\/uploads\/2020\/11\/124017942_1778630758954505_5764133740267226311_o-1024x683.jpg 1024w, https:\/\/informelitoral.com.ar\/%77%70%2d%63%6f%6e%74%65%6e%74\/uploads\/2020\/11\/124017942_1778630758954505_5764133740267226311_o-300x200.jpg 300w, https:\/\/informelitoral.com.ar\/%77%70%2d%63%6f%6e%74%65%6e%74\/uploads\/2020\/11\/124017942_1778630758954505_5764133740267226311_o-768x512.jpg 768w, https:\/\/informelitoral.com.ar\/%77%70%2d%63%6f%6e%74%65%6e%74\/uploads\/2020\/11\/124017942_1778630758954505_5764133740267226311_o-1536x1024.jpg 1536w, https:\/\/informelitoral.com.ar\/%77%70%2d%63%6f%6e%74%65%6e%74\/uploads\/2020\/11\/124017942_1778630758954505_5764133740267226311_o-696x464.jpg 696w, https:\/\/informelitoral.com.ar\/%77%70%2d%63%6f%6e%74%65%6e%74\/uploads\/2020\/11\/124017942_1778630758954505_5764133740267226311_o-1068x712.jpg 1068w, https:\/\/informelitoral.com.ar\/%77%70%2d%63%6f%6e%74%65%6e%74\/uploads\/2020\/11\/124017942_1778630758954505_5764133740267226311_o-630x420.jpg 630w, https:\/\/informelitoral.com.ar\/%77%70%2d%63%6f%6e%74%65%6e%74\/uploads\/2020\/11\/124017942_1778630758954505_5764133740267226311_o.jpg 2048w\" sizes=\"auto, (max-width: 696px) 100vw, 696px\" \/><\/a><\/p>\n<p>Tambi\u00e9n hubo un <a href=\"https:\/\/www.isletasnoticias.com.ar\/general-ramirez-proponen-ampliar-la-cantidad-de-asistentes-a-las-celebraciones-religiosas\/\">encuentro con representantes de todas las iglesias<\/a> para habilitar mayor participaci\u00f3n en la celebraciones religiosas.<\/p>\n<p>Del mismo modo, tal como inform\u00f3<em><strong> IN<\/strong><\/em>, adem\u00e1s de beneficios impositivos al inicio de la pandemia, <a href=\"https:\/\/www.isletasnoticias.com.ar\/general-ramirez-asisten-a-rubros-afectados-por-la-pandemia-con-parte-del-sueldo-de-funcionarios\/\">recientemente se entreg\u00f3 un monto econ\u00f3mico a los sectores m\u00e1s afectados por la crisis.<\/a> El dinero provino de un porcentaje de la donaci\u00f3n del sueldo de los funcionarios municipales. <em>(IN)<\/em><\/p>\n","protected":false},"excerpt":{"rendered":"<p>Desde el municipio encabezaron reuniones con representantes de entidades religiosas, educativas y con j\u00f3venes. A ello se suma la ayuda econ\u00f3mica a sectores afectados por las medidas tomadas debido a la pandemia. <\/p>\n","protected":false},"author":2,"featured_media":52869,"comment_status":"open","ping_status":"open","sticky":false,"template":"","format":"standard","meta":{"fifu_image_url":"","fifu_image_alt":"","footnotes":""},"categories":[5],"tags":[556,1433,27],"class_list":{"0":"post-52866","1":"post","2":"type-post","3":"status-publish","4":"format-standard","5":"has-post-thumbnail","7":"category-zonales","8":"tag-general-ramirez","9":"tag-municipalidad-de-general-ramirez","10":"tag-ramirez"},"yoast_head":"<title>General Ram\u00edrez: trabajan con diferentes sectores para afrontar la &quot;nueva normalidad&quot; - Informe Litoral<\/title>\n<meta name=\"robots\" content=\"index, follow, max-snippet:-1, max-image-preview:large, max-video-preview:-1\" \/>\n<link rel=\"canonical\" href=\"https:\/\/informelitoral.com.ar\/general-ramirez-trabajan-con-diferentes-sectores-para-afrontar-la-nueva-normalidad\/\" \/>\n<meta property=\"og:locale\" content=\"es_ES\" \/>\n<meta property=\"og:type\" content=\"article\" \/>\n<meta property=\"og:title\" content=\"General Ram\u00edrez: trabajan con diferentes sectores para afrontar la &quot;nueva normalidad&quot; - Informe Litoral\" \/>\n<meta property=\"og:description\" content=\"Desde el municipio encabezaron reuniones con representantes de entidades religiosas, educativas y con j\u00f3venes. A ello se suma la ayuda econ\u00f3mica a sectores afectados por las medidas tomadas debido a la pandemia.\" \/>\n<meta property=\"og:url\" content=\"https:\/\/informelitoral.com.ar\/general-ramirez-trabajan-con-diferentes-sectores-para-afrontar-la-nueva-normalidad\/\" \/>\n<meta property=\"og:site_name\" content=\"Informe Litoral\" \/>\n<meta property=\"article:publisher\" content=\"https:\/\/www.facebook.com\/informelitoral\/\" \/>\n<meta property=\"article:published_time\" content=\"2020-11-11T14:02:32+00:00\" \/>\n<meta property=\"article:modified_time\" content=\"2020-11-11T14:12:39+00:00\" \/>\n<meta property=\"og:image\" content=\"https:\/\/informelitoral.com.ar\/%77%70%2d%63%6f%6e%74%65%6e%74\/uploads\/2020\/11\/123942672_1779838972167017_3884548517946451854_n.jpg\" \/>\n\t<meta property=\"og:image:width\" content=\"960\" \/>\n\t<meta property=\"og:image:height\" content=\"640\" \/>\n\t<meta property=\"og:image:type\" content=\"image\/jpeg\" \/>\n<meta name=\"author\" content=\"Gonzalo Schmidt\" \/>\n<meta name=\"twitter:card\" content=\"summary_large_image\" \/>\n<meta name=\"twitter:creator\" content=\"@InformeLitoral\" \/>\n<meta name=\"twitter:site\" content=\"@InformeLitoral\" \/>\n<meta name=\"twitter:label1\" content=\"Escrito por\" \/>\n\t<meta name=\"twitter:data1\" content=\"Gonzalo Schmidt\" \/>\n\t<meta name=\"twitter:label2\" content=\"Tiempo de lectura\" \/>\n\t<meta name=\"twitter:data2\" content=\"3 minutos\" \/>\n<script type=\"application\/ld+json\" class=\"yoast-schema-graph\">{\"@context\":\"https:\\\/\\\/schema.org\",\"@graph\":[{\"@type\":\"Article\",\"@id\":\"https:\\\/\\\/informelitoral.com.ar\\\/general-ramirez-trabajan-con-diferentes-sectores-para-afrontar-la-nueva-normalidad\\\/#article\",\"isPartOf\":{\"@id\":\"https:\\\/\\\/informelitoral.com.ar\\\/general-ramirez-trabajan-con-diferentes-sectores-para-afrontar-la-nueva-normalidad\\\/\"},\"author\":{\"name\":\"Gonzalo Schmidt\",\"@id\":\"https:\\\/\\\/informelitoral.com.ar\\\/#\\\/schema\\\/person\\\/b9d00407c836482871ef1d57bf8e3180\"},\"headline\":\"General Ram\u00edrez: trabajan con diferentes sectores para afrontar la \u00abnueva normalidad\u00bb\",\"datePublished\":\"2020-11-11T14:02:32+00:00\",\"dateModified\":\"2020-11-11T14:12:39+00:00\",\"mainEntityOfPage\":{\"@id\":\"https:\\\/\\\/informelitoral.com.ar\\\/general-ramirez-trabajan-con-diferentes-sectores-para-afrontar-la-nueva-normalidad\\\/\"},\"wordCount\":618,\"commentCount\":0,\"publisher\":{\"@id\":\"https:\\\/\\\/informelitoral.com.ar\\\/#organization\"},\"image\":{\"@id\":\"https:\\\/\\\/informelitoral.com.ar\\\/general-ramirez-trabajan-con-diferentes-sectores-para-afrontar-la-nueva-normalidad\\\/#primaryimage\"},\"thumbnailUrl\":\"https:\\\/\\\/informelitoral.com.ar\\\/%77%70%2d%63%6f%6e%74%65%6e%74\\\/uploads\\\/2020\\\/11\\\/123942672_1779838972167017_3884548517946451854_n.jpg\",\"keywords\":[\"General Ram\u00edrez\",\"Municipalidad de General Ram\u00edrez\",\"Ram\u00edrez\"],\"articleSection\":[\"Departamento Diamante\"],\"inLanguage\":\"es\",\"potentialAction\":[{\"@type\":\"CommentAction\",\"name\":\"Comment\",\"target\":[\"https:\\\/\\\/informelitoral.com.ar\\\/general-ramirez-trabajan-con-diferentes-sectores-para-afrontar-la-nueva-normalidad\\\/#respond\"]}]},{\"@type\":\"WebPage\",\"@id\":\"https:\\\/\\\/informelitoral.com.ar\\\/general-ramirez-trabajan-con-diferentes-sectores-para-afrontar-la-nueva-normalidad\\\/\",\"url\":\"https:\\\/\\\/informelitoral.com.ar\\\/general-ramirez-trabajan-con-diferentes-sectores-para-afrontar-la-nueva-normalidad\\\/\",\"name\":\"General Ram\u00edrez: trabajan con diferentes sectores para afrontar la \\\"nueva normalidad\\\" - Informe Litoral\",\"isPartOf\":{\"@id\":\"https:\\\/\\\/informelitoral.com.ar\\\/#website\"},\"primaryImageOfPage\":{\"@id\":\"https:\\\/\\\/informelitoral.com.ar\\\/general-ramirez-trabajan-con-diferentes-sectores-para-afrontar-la-nueva-normalidad\\\/#primaryimage\"},\"image\":{\"@id\":\"https:\\\/\\\/informelitoral.com.ar\\\/general-ramirez-trabajan-con-diferentes-sectores-para-afrontar-la-nueva-normalidad\\\/#primaryimage\"},\"thumbnailUrl\":\"https:\\\/\\\/informelitoral.com.ar\\\/%77%70%2d%63%6f%6e%74%65%6e%74\\\/uploads\\\/2020\\\/11\\\/123942672_1779838972167017_3884548517946451854_n.jpg\",\"datePublished\":\"2020-11-11T14:02:32+00:00\",\"dateModified\":\"2020-11-11T14:12:39+00:00\",\"breadcrumb\":{\"@id\":\"https:\\\/\\\/informelitoral.com.ar\\\/general-ramirez-trabajan-con-diferentes-sectores-para-afrontar-la-nueva-normalidad\\\/#breadcrumb\"},\"inLanguage\":\"es\",\"potentialAction\":[{\"@type\":\"ReadAction\",\"target\":[\"https:\\\/\\\/informelitoral.com.ar\\\/general-ramirez-trabajan-con-diferentes-sectores-para-afrontar-la-nueva-normalidad\\\/\"]}]},{\"@type\":\"ImageObject\",\"inLanguage\":\"es\",\"@id\":\"https:\\\/\\\/informelitoral.com.ar\\\/general-ramirez-trabajan-con-diferentes-sectores-para-afrontar-la-nueva-normalidad\\\/#primaryimage\",\"url\":\"https:\\\/\\\/informelitoral.com.ar\\\/%77%70%2d%63%6f%6e%74%65%6e%74\\\/uploads\\\/2020\\\/11\\\/123942672_1779838972167017_3884548517946451854_n.jpg\",\"contentUrl\":\"https:\\\/\\\/informelitoral.com.ar\\\/%77%70%2d%63%6f%6e%74%65%6e%74\\\/uploads\\\/2020\\\/11\\\/123942672_1779838972167017_3884548517946451854_n.jpg\",\"width\":960,\"height\":640},{\"@type\":\"BreadcrumbList\",\"@id\":\"https:\\\/\\\/informelitoral.com.ar\\\/general-ramirez-trabajan-con-diferentes-sectores-para-afrontar-la-nueva-normalidad\\\/#breadcrumb\",\"itemListElement\":[{\"@type\":\"ListItem\",\"position\":1,\"name\":\"Portada\",\"item\":\"https:\\\/\\\/informelitoral.com.ar\\\/\"},{\"@type\":\"ListItem\",\"position\":2,\"name\":\"General Ram\u00edrez: trabajan con diferentes sectores para afrontar la \u00abnueva normalidad\u00bb\"}]},{\"@type\":\"WebSite\",\"@id\":\"https:\\\/\\\/informelitoral.com.ar\\\/#website\",\"url\":\"https:\\\/\\\/informelitoral.com.ar\\\/\",\"name\":\"Informe Litoral\",\"description\":\"&quot;Nos informamos&quot; \",\"publisher\":{\"@id\":\"https:\\\/\\\/informelitoral.com.ar\\\/#organization\"},\"potentialAction\":[{\"@type\":\"SearchAction\",\"target\":{\"@type\":\"EntryPoint\",\"urlTemplate\":\"https:\\\/\\\/informelitoral.com.ar\\\/?s={search_term_string}\"},\"query-input\":{\"@type\":\"PropertyValueSpecification\",\"valueRequired\":true,\"valueName\":\"search_term_string\"}}],\"inLanguage\":\"es\"},{\"@type\":\"Organization\",\"@id\":\"https:\\\/\\\/informelitoral.com.ar\\\/#organization\",\"name\":\"Informe Litoral\",\"url\":\"https:\\\/\\\/informelitoral.com.ar\\\/\",\"logo\":{\"@type\":\"ImageObject\",\"inLanguage\":\"es\",\"@id\":\"https:\\\/\\\/informelitoral.com.ar\\\/#\\\/schema\\\/logo\\\/image\\\/\",\"url\":\"https:\\\/\\\/informelitoral.com.ar\\\/%77%70%2d%63%6f%6e%74%65%6e%74\\\/uploads\\\/2021\\\/01\\\/circulo.png\",\"contentUrl\":\"https:\\\/\\\/informelitoral.com.ar\\\/%77%70%2d%63%6f%6e%74%65%6e%74\\\/uploads\\\/2021\\\/01\\\/circulo.png\",\"width\":723,\"height\":731,\"caption\":\"Informe Litoral\"},\"image\":{\"@id\":\"https:\\\/\\\/informelitoral.com.ar\\\/#\\\/schema\\\/logo\\\/image\\\/\"},\"sameAs\":[\"https:\\\/\\\/www.facebook.com\\\/informelitoral\\\/\",\"https:\\\/\\\/x.com\\\/InformeLitoral\",\"https:\\\/\\\/www.instagram.com\\\/informelitoral\\\/\",\"https:\\\/\\\/www.youtube.com\\\/channel\\\/UCua4Qvz8Icb6MYqhoq9xLXw\"]},{\"@type\":\"Person\",\"@id\":\"https:\\\/\\\/informelitoral.com.ar\\\/#\\\/schema\\\/person\\\/b9d00407c836482871ef1d57bf8e3180\",\"name\":\"Gonzalo Schmidt\",\"image\":{\"@type\":\"ImageObject\",\"inLanguage\":\"es\",\"@id\":\"https:\\\/\\\/secure.gravatar.com\\\/avatar\\\/31a1a7b66ff2de83bd0e9fd79d026630d2d99e55e8bfe501287647b4fd9743de?s=96&d=mm&r=g\",\"url\":\"https:\\\/\\\/secure.gravatar.com\\\/avatar\\\/31a1a7b66ff2de83bd0e9fd79d026630d2d99e55e8bfe501287647b4fd9743de?s=96&d=mm&r=g\",\"contentUrl\":\"https:\\\/\\\/secure.gravatar.com\\\/avatar\\\/31a1a7b66ff2de83bd0e9fd79d026630d2d99e55e8bfe501287647b4fd9743de?s=96&d=mm&r=g\",\"caption\":\"Gonzalo Schmidt\"},\"description\":\"Sitio web de noticias de la provincia de Entre R\u00edos, Argentina. Informaci\u00f3n y entretenimiento. Informe Litoral, nos informamos.\",\"sameAs\":[\"http:\\\/\\\/www.isletasnoticias.com.ar\"],\"url\":\"https:\\\/\\\/informelitoral.com.ar\\\/author\\\/gonzalo\\\/\"}]}<\/script>","yoast_head_json":{"title":"General Ram\u00edrez: trabajan con diferentes sectores para afrontar la \"nueva normalidad\" - Informe Litoral","robots":{"index":"index","follow":"follow","max-snippet":"max-snippet:-1","max-image-preview":"max-image-preview:large","max-video-preview":"max-video-preview:-1"},"canonical":"https:\/\/informelitoral.com.ar\/general-ramirez-trabajan-con-diferentes-sectores-para-afrontar-la-nueva-normalidad\/","og_locale":"es_ES","og_type":"article","og_title":"General Ram\u00edrez: trabajan con diferentes sectores para afrontar la \"nueva normalidad\" - Informe Litoral","og_description":"Desde el municipio encabezaron reuniones con representantes de entidades religiosas, educativas y con j\u00f3venes. A ello se suma la ayuda econ\u00f3mica a sectores afectados por las medidas tomadas debido a la pandemia.","og_url":"https:\/\/informelitoral.com.ar\/general-ramirez-trabajan-con-diferentes-sectores-para-afrontar-la-nueva-normalidad\/","og_site_name":"Informe Litoral","article_publisher":"https:\/\/www.facebook.com\/informelitoral\/","article_published_time":"2020-11-11T14:02:32+00:00","article_modified_time":"2020-11-11T14:12:39+00:00","og_image":[{"width":960,"height":640,"url":"https:\/\/informelitoral.com.ar\/%77%70%2d%63%6f%6e%74%65%6e%74\/uploads\/2020\/11\/123942672_1779838972167017_3884548517946451854_n.jpg","type":"image\/jpeg"}],"author":"Gonzalo Schmidt","twitter_card":"summary_large_image","twitter_creator":"@InformeLitoral","twitter_site":"@InformeLitoral","twitter_misc":{"Escrito por":"Gonzalo Schmidt","Tiempo de lectura":"3 minutos"},"schema":{"@context":"https:\/\/schema.org","@graph":[{"@type":"Article","@id":"https:\/\/informelitoral.com.ar\/general-ramirez-trabajan-con-diferentes-sectores-para-afrontar-la-nueva-normalidad\/#article","isPartOf":{"@id":"https:\/\/informelitoral.com.ar\/general-ramirez-trabajan-con-diferentes-sectores-para-afrontar-la-nueva-normalidad\/"},"author":{"name":"Gonzalo Schmidt","@id":"https:\/\/informelitoral.com.ar\/#\/schema\/person\/b9d00407c836482871ef1d57bf8e3180"},"headline":"General Ram\u00edrez: trabajan con diferentes sectores para afrontar la \u00abnueva normalidad\u00bb","datePublished":"2020-11-11T14:02:32+00:00","dateModified":"2020-11-11T14:12:39+00:00","mainEntityOfPage":{"@id":"https:\/\/informelitoral.com.ar\/general-ramirez-trabajan-con-diferentes-sectores-para-afrontar-la-nueva-normalidad\/"},"wordCount":618,"commentCount":0,"publisher":{"@id":"https:\/\/informelitoral.com.ar\/#organization"},"image":{"@id":"https:\/\/informelitoral.com.ar\/general-ramirez-trabajan-con-diferentes-sectores-para-afrontar-la-nueva-normalidad\/#primaryimage"},"thumbnailUrl":"https:\/\/informelitoral.com.ar\/%77%70%2d%63%6f%6e%74%65%6e%74\/uploads\/2020\/11\/123942672_1779838972167017_3884548517946451854_n.jpg","keywords":["General Ram\u00edrez","Municipalidad de General Ram\u00edrez","Ram\u00edrez"],"articleSection":["Departamento Diamante"],"inLanguage":"es","potentialAction":[{"@type":"CommentAction","name":"Comment","target":["https:\/\/informelitoral.com.ar\/general-ramirez-trabajan-con-diferentes-sectores-para-afrontar-la-nueva-normalidad\/#respond"]}]},{"@type":"WebPage","@id":"https:\/\/informelitoral.com.ar\/general-ramirez-trabajan-con-diferentes-sectores-para-afrontar-la-nueva-normalidad\/","url":"https:\/\/informelitoral.com.ar\/general-ramirez-trabajan-con-diferentes-sectores-para-afrontar-la-nueva-normalidad\/","name":"General Ram\u00edrez: trabajan con diferentes sectores para afrontar la \"nueva normalidad\" - Informe Litoral","isPartOf":{"@id":"https:\/\/informelitoral.com.ar\/#website"},"primaryImageOfPage":{"@id":"https:\/\/informelitoral.com.ar\/general-ramirez-trabajan-con-diferentes-sectores-para-afrontar-la-nueva-normalidad\/#primaryimage"},"image":{"@id":"https:\/\/informelitoral.com.ar\/general-ramirez-trabajan-con-diferentes-sectores-para-afrontar-la-nueva-normalidad\/#primaryimage"},"thumbnailUrl":"https:\/\/informelitoral.com.ar\/%77%70%2d%63%6f%6e%74%65%6e%74\/uploads\/2020\/11\/123942672_1779838972167017_3884548517946451854_n.jpg","datePublished":"2020-11-11T14:02:32+00:00","dateModified":"2020-11-11T14:12:39+00:00","breadcrumb":{"@id":"https:\/\/informelitoral.com.ar\/general-ramirez-trabajan-con-diferentes-sectores-para-afrontar-la-nueva-normalidad\/#breadcrumb"},"inLanguage":"es","potentialAction":[{"@type":"ReadAction","target":["https:\/\/informelitoral.com.ar\/general-ramirez-trabajan-con-diferentes-sectores-para-afrontar-la-nueva-normalidad\/"]}]},{"@type":"ImageObject","inLanguage":"es","@id":"https:\/\/informelitoral.com.ar\/general-ramirez-trabajan-con-diferentes-sectores-para-afrontar-la-nueva-normalidad\/#primaryimage","url":"https:\/\/informelitoral.com.ar\/%77%70%2d%63%6f%6e%74%65%6e%74\/uploads\/2020\/11\/123942672_1779838972167017_3884548517946451854_n.jpg","contentUrl":"https:\/\/informelitoral.com.ar\/%77%70%2d%63%6f%6e%74%65%6e%74\/uploads\/2020\/11\/123942672_1779838972167017_3884548517946451854_n.jpg","width":960,"height":640},{"@type":"BreadcrumbList","@id":"https:\/\/informelitoral.com.ar\/general-ramirez-trabajan-con-diferentes-sectores-para-afrontar-la-nueva-normalidad\/#breadcrumb","itemListElement":[{"@type":"ListItem","position":1,"name":"Portada","item":"https:\/\/informelitoral.com.ar\/"},{"@type":"ListItem","position":2,"name":"General Ram\u00edrez: trabajan con diferentes sectores para afrontar la \u00abnueva normalidad\u00bb"}]},{"@type":"WebSite","@id":"https:\/\/informelitoral.com.ar\/#website","url":"https:\/\/informelitoral.com.ar\/","name":"Informe Litoral","description":"&quot;Nos informamos&quot; ","publisher":{"@id":"https:\/\/informelitoral.com.ar\/#organization"},"potentialAction":[{"@type":"SearchAction","target":{"@type":"EntryPoint","urlTemplate":"https:\/\/informelitoral.com.ar\/?s={search_term_string}"},"query-input":{"@type":"PropertyValueSpecification","valueRequired":true,"valueName":"search_term_string"}}],"inLanguage":"es"},{"@type":"Organization","@id":"https:\/\/informelitoral.com.ar\/#organization","name":"Informe Litoral","url":"https:\/\/informelitoral.com.ar\/","logo":{"@type":"ImageObject","inLanguage":"es","@id":"https:\/\/informelitoral.com.ar\/#\/schema\/logo\/image\/","url":"https:\/\/informelitoral.com.ar\/%77%70%2d%63%6f%6e%74%65%6e%74\/uploads\/2021\/01\/circulo.png","contentUrl":"https:\/\/informelitoral.com.ar\/%77%70%2d%63%6f%6e%74%65%6e%74\/uploads\/2021\/01\/circulo.png","width":723,"height":731,"caption":"Informe Litoral"},"image":{"@id":"https:\/\/informelitoral.com.ar\/#\/schema\/logo\/image\/"},"sameAs":["https:\/\/www.facebook.com\/informelitoral\/","https:\/\/x.com\/InformeLitoral","https:\/\/www.instagram.com\/informelitoral\/","https:\/\/www.youtube.com\/channel\/UCua4Qvz8Icb6MYqhoq9xLXw"]},{"@type":"Person","@id":"https:\/\/informelitoral.com.ar\/#\/schema\/person\/b9d00407c836482871ef1d57bf8e3180","name":"Gonzalo Schmidt","image":{"@type":"ImageObject","inLanguage":"es","@id":"https:\/\/secure.gravatar.com\/avatar\/31a1a7b66ff2de83bd0e9fd79d026630d2d99e55e8bfe501287647b4fd9743de?s=96&d=mm&r=g","url":"https:\/\/secure.gravatar.com\/avatar\/31a1a7b66ff2de83bd0e9fd79d026630d2d99e55e8bfe501287647b4fd9743de?s=96&d=mm&r=g","contentUrl":"https:\/\/secure.gravatar.com\/avatar\/31a1a7b66ff2de83bd0e9fd79d026630d2d99e55e8bfe501287647b4fd9743de?s=96&d=mm&r=g","caption":"Gonzalo Schmidt"},"description":"Sitio web de noticias de la provincia de Entre R\u00edos, Argentina. Informaci\u00f3n y entretenimiento. Informe Litoral, nos informamos.","sameAs":["http:\/\/www.isletasnoticias.com.ar"],"url":"https:\/\/informelitoral.com.ar\/author\/gonzalo\/"}]}},"_links":{"self":[{"href":"https:\/\/informelitoral.com.ar\/%77%70%2d%6a%73%6f%6e\/wp\/v2\/posts\/52866","targetHints":{"allow":["GET"]}}],"collection":[{"href":"https:\/\/informelitoral.com.ar\/%77%70%2d%6a%73%6f%6e\/wp\/v2\/posts"}],"about":[{"href":"https:\/\/informelitoral.com.ar\/%77%70%2d%6a%73%6f%6e\/wp\/v2\/types\/post"}],"author":[{"embeddable":true,"href":"https:\/\/informelitoral.com.ar\/%77%70%2d%6a%73%6f%6e\/wp\/v2\/users\/2"}],"replies":[{"embeddable":true,"href":"https:\/\/informelitoral.com.ar\/%77%70%2d%6a%73%6f%6e\/wp\/v2\/comments?post=52866"}],"version-history":[{"count":0,"href":"https:\/\/informelitoral.com.ar\/%77%70%2d%6a%73%6f%6e\/wp\/v2\/posts\/52866\/revisions"}],"wp:featuredmedia":[{"embeddable":true,"href":"https:\/\/informelitoral.com.ar\/%77%70%2d%6a%73%6f%6e\/wp\/v2\/media\/52869"}],"wp:attachment":[{"href":"https:\/\/informelitoral.com.ar\/%77%70%2d%6a%73%6f%6e\/wp\/v2\/media?parent=52866"}],"wp:term":[{"taxonomy":"category","embeddable":true,"href":"https:\/\/informelitoral.com.ar\/%77%70%2d%6a%73%6f%6e\/wp\/v2\/categories?post=52866"},{"taxonomy":"post_tag","embeddable":true,"href":"https:\/\/informelitoral.com.ar\/%77%70%2d%6a%73%6f%6e\/wp\/v2\/tags?post=52866"}],"curies":[{"name":"wp","href":"https:\/\/api.w.org\/{rel}","templated":true}]}}