{"id":52639,"date":"2020-11-06T08:18:02","date_gmt":"2020-11-06T11:18:02","guid":{"rendered":"https:\/\/www.isletasnoticias.com.ar\/?p=52639"},"modified":"2020-11-06T08:18:02","modified_gmt":"2020-11-06T11:18:02","slug":"las-universidades-estan-habilitadas-para-el-regreso-a-clases-presenciales","status":"publish","type":"post","link":"https:\/\/informelitoral.com.ar\/las-universidades-estan-habilitadas-para-el-regreso-a-clases-presenciales\/","title":{"rendered":"Las universidades est\u00e1n habilitadas para el regreso a clases presenciales"},"content":{"rendered":"<p>El Gobierno nacional\u00a0<strong>habilit\u00f3 la vuelta a clases de forma presencial en universidades de todo el pa\u00eds<\/strong>. Los establecimientos educativos deber\u00e1n garantizar las medidas de distanciamiento e higiene, mientras que estudiantes y docentes fueron autorizados para utilizar el transporte p\u00fablico. Con el aval de Naci\u00f3n, ahora\u00a0<strong>los gobernadores deber\u00e1n decidir el inicio del ciclo lectivo, sujeto a la situaci\u00f3n epidemiol\u00f3gica de cada provincia<\/strong>.<\/p>\n<p>A trav\u00e9s de la Decisi\u00f3n Administrativa 1995\/2020, publicada este viernes en el Bolet\u00edn Oficial, el Poder Ejecutivo estableci\u00f3 que en el marco del \u00abprotocolo marco y lineamientos generales\u00bb aprobados por el Ministerio de Educaci\u00f3n, se \u00abrevisar\u00e1 y prestar\u00e1 conformidad a los planes jurisdiccionales para el retorno de las actividades acad\u00e9micas presenciales en Universidades e Institutos Universitarios\u00bb.<\/p>\n<p>El texto oficial lleva la firma del jefe de Gabinete, Santiago Cafiero, en car\u00e1cter de coordinador de la \u00abUnidad de Coordinaci\u00f3n General del Plan Integral para la Prevenci\u00f3n de Eventos de Salud P\u00fablica de Importancia Internacional\u00bb, y del ministro de Salud, Gin\u00e9s Gonz\u00e1lez Garc\u00eda. Se aclar\u00f3 que con la conformidad de la cartera conducida por Nicol\u00e1s Trotta,\u00a0<strong>la vuelta a la presencialidad en las universidades ser\u00e1 decidida por las autoridades de cada provincia. En efecto, los gobernadores podr\u00e1n suspender las actividades y reiniciarlas de acuerdo a la evoluci\u00f3n de la situaci\u00f3n epidemiol\u00f3gica de cada jurisdicci\u00f3n<\/strong>.<\/p>\n<p>En lo que respecta al traslado del\u00a0<strong>personal directivo, docentes, trabajadores no docentes y los estudiantes a los establecimientos educativos, en la misma resoluci\u00f3n se los except\u00faa de la prohibici\u00f3n del uso del servicio p\u00fablico de transporte de pasajeros urbano, interurbano e interjurisdiccional<\/strong>. Sin embargo, teniendo en cuenta el riesgo de transmisi\u00f3n de COVID-19 en el transporte p\u00fablico, se recomend\u00f3 que \u00absolo sea empleado cuando no se cuente con medios alternativos\u00bb.<\/p>\n<p>Aquellas personas que deban atravesar distintos municipios para asistir a las clases, deber\u00e1n tramitar el Certificado \u00danico Habilitante para Circulaci\u00f3n \u2013 Emergencia COVID-19. Se podr\u00e1 realizar mediante la App Cuidar o a trav\u00e9s de este link:\u00a0<a href=\"http:\/\/www.argentina.gob.ar\/circular\" target=\"_blank\" rel=\"noreferrer noopener\">www.argentina.gob.ar\/circular<\/a> (habr\u00e1 un campo espec\u00edfico denominado \u00abUNIVERSITARIO\u00bb).<\/p>\n<p><span style=\"text-align: center;\">Por su parte, las universidades deber\u00e1n garantizar las medidas de distanciamiento e higiene \u00abnecesarias para disminuir el riesgo de contagio de coronavirus\u00bb, para \u00abpreservar la salud de sus trabajadoras, trabajadores y estudiantes\u00bb.<\/span><\/p>\n<p>Desde hace meses autoridades gubernamentales y educativas vienen consensuando c\u00f3mo poder avanzar hacia el regreso a los establecimientos acad\u00e9micos de forma presencial. De hecho, a principios de julio las universidades ya hab\u00edan aprobado el reglamento para la \u00abnueva normalidad\u00bb en el \u00e1mbito educativo.<\/p>\n<p>Lo primordial consiste en la toma de temperatura tanto a estudiantes como docentes y personal no docente al ingresar al establecimiento. Si el term\u00f3metro indica m\u00e1s de 37,5 grados, no podr\u00e1n ingresar y se proceder\u00e1 a cumplir el protocolo que establece el Ministerio de Salud.<\/p>\n<p>En los espacios comunes, el distanciamiento m\u00ednimo ser\u00e1 de 2 metros, mientras que en las aulas se reducir\u00e1 hasta 1,5 metros. El tapabocas ser\u00e1 obligatorio en todo momento, tanto para profesores como para alumnos. Cada establecimiento deber\u00e1 contar con insumos b\u00e1sicos de higiene como agua potable, jab\u00f3n, alcohol en gel y cestos de basura.<\/p>\n<p>En caso de detectarse un caso sospechoso o positivo, la universidad cerrar\u00e1 por completo por el plazo de un d\u00eda. Al mismo tiempo se rastrear\u00e1 a los contactos estrechos del paciente para aislarlos o, si presentaran s\u00edntomas, tambi\u00e9n testearlos.<\/p>\n","protected":false},"excerpt":{"rendered":"<p>Ahora la decisi\u00f3n final est\u00e1 en mano de los gobernadores. C\u00f3mo ser\u00e1 el protocolo en las casas de estudio.<\/p>\n","protected":false},"author":2,"featured_media":21423,"comment_status":"open","ping_status":"open","sticky":false,"template":"","format":"standard","meta":{"fifu_image_url":"","fifu_image_alt":"","footnotes":""},"categories":[7],"tags":[1639,419,413,954],"class_list":{"0":"post-52639","1":"post","2":"type-post","3":"status-publish","4":"format-standard","5":"has-post-thumbnail","7":"category-nacionales","8":"tag-clases-presenciales","9":"tag-estudiantes","10":"tag-universidad","11":"tag-universidades"},"yoast_head":"<title>Las universidades est\u00e1n habilitadas para el regreso a clases presenciales - Informe Litoral<\/title>\n<meta name=\"robots\" content=\"index, follow, max-snippet:-1, max-image-preview:large, max-video-preview:-1\" \/>\n<link rel=\"canonical\" href=\"https:\/\/informelitoral.com.ar\/las-universidades-estan-habilitadas-para-el-regreso-a-clases-presenciales\/\" \/>\n<meta property=\"og:locale\" content=\"es_ES\" \/>\n<meta property=\"og:type\" content=\"article\" \/>\n<meta property=\"og:title\" content=\"Las universidades est\u00e1n habilitadas para el regreso a clases presenciales - Informe Litoral\" \/>\n<meta property=\"og:description\" content=\"Ahora la decisi\u00f3n final est\u00e1 en mano de los gobernadores. C\u00f3mo ser\u00e1 el protocolo en las casas de estudio.\" \/>\n<meta property=\"og:url\" content=\"https:\/\/informelitoral.com.ar\/las-universidades-estan-habilitadas-para-el-regreso-a-clases-presenciales\/\" \/>\n<meta property=\"og:site_name\" content=\"Informe Litoral\" \/>\n<meta property=\"article:publisher\" content=\"https:\/\/www.facebook.com\/informelitoral\/\" \/>\n<meta property=\"article:published_time\" content=\"2020-11-06T11:18:02+00:00\" \/>\n<meta property=\"og:image\" content=\"https:\/\/informelitoral.com.ar\/%77%70%2d%63%6f%6e%74%65%6e%74\/uploads\/2017\/05\/paro-universitario-mayo-2017.jpg\" \/>\n\t<meta property=\"og:image:width\" content=\"800\" \/>\n\t<meta property=\"og:image:height\" content=\"459\" \/>\n\t<meta property=\"og:image:type\" content=\"image\/jpeg\" \/>\n<meta name=\"author\" content=\"Gonzalo Schmidt\" \/>\n<meta name=\"twitter:card\" content=\"summary_large_image\" \/>\n<meta name=\"twitter:creator\" content=\"@InformeLitoral\" \/>\n<meta name=\"twitter:site\" content=\"@InformeLitoral\" \/>\n<meta name=\"twitter:label1\" content=\"Escrito por\" \/>\n\t<meta name=\"twitter:data1\" content=\"Gonzalo Schmidt\" \/>\n\t<meta name=\"twitter:label2\" content=\"Tiempo de lectura\" \/>\n\t<meta name=\"twitter:data2\" content=\"3 minutos\" \/>\n<script type=\"application\/ld+json\" class=\"yoast-schema-graph\">{\"@context\":\"https:\\\/\\\/schema.org\",\"@graph\":[{\"@type\":\"Article\",\"@id\":\"https:\\\/\\\/informelitoral.com.ar\\\/las-universidades-estan-habilitadas-para-el-regreso-a-clases-presenciales\\\/#article\",\"isPartOf\":{\"@id\":\"https:\\\/\\\/informelitoral.com.ar\\\/las-universidades-estan-habilitadas-para-el-regreso-a-clases-presenciales\\\/\"},\"author\":{\"name\":\"Gonzalo Schmidt\",\"@id\":\"https:\\\/\\\/informelitoral.com.ar\\\/#\\\/schema\\\/person\\\/b9d00407c836482871ef1d57bf8e3180\"},\"headline\":\"Las universidades est\u00e1n habilitadas para el regreso a clases presenciales\",\"datePublished\":\"2020-11-06T11:18:02+00:00\",\"mainEntityOfPage\":{\"@id\":\"https:\\\/\\\/informelitoral.com.ar\\\/las-universidades-estan-habilitadas-para-el-regreso-a-clases-presenciales\\\/\"},\"wordCount\":599,\"commentCount\":0,\"publisher\":{\"@id\":\"https:\\\/\\\/informelitoral.com.ar\\\/#organization\"},\"image\":{\"@id\":\"https:\\\/\\\/informelitoral.com.ar\\\/las-universidades-estan-habilitadas-para-el-regreso-a-clases-presenciales\\\/#primaryimage\"},\"thumbnailUrl\":\"https:\\\/\\\/informelitoral.com.ar\\\/%77%70%2d%63%6f%6e%74%65%6e%74\\\/uploads\\\/2017\\\/05\\\/paro-universitario-mayo-2017.jpg\",\"keywords\":[\"Clases presenciales\",\"Estudiantes\",\"Universidad\",\"Universidades\"],\"articleSection\":[\"Nacionales\"],\"inLanguage\":\"es\",\"potentialAction\":[{\"@type\":\"CommentAction\",\"name\":\"Comment\",\"target\":[\"https:\\\/\\\/informelitoral.com.ar\\\/las-universidades-estan-habilitadas-para-el-regreso-a-clases-presenciales\\\/#respond\"]}]},{\"@type\":\"WebPage\",\"@id\":\"https:\\\/\\\/informelitoral.com.ar\\\/las-universidades-estan-habilitadas-para-el-regreso-a-clases-presenciales\\\/\",\"url\":\"https:\\\/\\\/informelitoral.com.ar\\\/las-universidades-estan-habilitadas-para-el-regreso-a-clases-presenciales\\\/\",\"name\":\"Las universidades est\u00e1n habilitadas para el regreso a clases presenciales - Informe Litoral\",\"isPartOf\":{\"@id\":\"https:\\\/\\\/informelitoral.com.ar\\\/#website\"},\"primaryImageOfPage\":{\"@id\":\"https:\\\/\\\/informelitoral.com.ar\\\/las-universidades-estan-habilitadas-para-el-regreso-a-clases-presenciales\\\/#primaryimage\"},\"image\":{\"@id\":\"https:\\\/\\\/informelitoral.com.ar\\\/las-universidades-estan-habilitadas-para-el-regreso-a-clases-presenciales\\\/#primaryimage\"},\"thumbnailUrl\":\"https:\\\/\\\/informelitoral.com.ar\\\/%77%70%2d%63%6f%6e%74%65%6e%74\\\/uploads\\\/2017\\\/05\\\/paro-universitario-mayo-2017.jpg\",\"datePublished\":\"2020-11-06T11:18:02+00:00\",\"breadcrumb\":{\"@id\":\"https:\\\/\\\/informelitoral.com.ar\\\/las-universidades-estan-habilitadas-para-el-regreso-a-clases-presenciales\\\/#breadcrumb\"},\"inLanguage\":\"es\",\"potentialAction\":[{\"@type\":\"ReadAction\",\"target\":[\"https:\\\/\\\/informelitoral.com.ar\\\/las-universidades-estan-habilitadas-para-el-regreso-a-clases-presenciales\\\/\"]}]},{\"@type\":\"ImageObject\",\"inLanguage\":\"es\",\"@id\":\"https:\\\/\\\/informelitoral.com.ar\\\/las-universidades-estan-habilitadas-para-el-regreso-a-clases-presenciales\\\/#primaryimage\",\"url\":\"https:\\\/\\\/informelitoral.com.ar\\\/%77%70%2d%63%6f%6e%74%65%6e%74\\\/uploads\\\/2017\\\/05\\\/paro-universitario-mayo-2017.jpg\",\"contentUrl\":\"https:\\\/\\\/informelitoral.com.ar\\\/%77%70%2d%63%6f%6e%74%65%6e%74\\\/uploads\\\/2017\\\/05\\\/paro-universitario-mayo-2017.jpg\",\"width\":800,\"height\":459},{\"@type\":\"BreadcrumbList\",\"@id\":\"https:\\\/\\\/informelitoral.com.ar\\\/las-universidades-estan-habilitadas-para-el-regreso-a-clases-presenciales\\\/#breadcrumb\",\"itemListElement\":[{\"@type\":\"ListItem\",\"position\":1,\"name\":\"Portada\",\"item\":\"https:\\\/\\\/informelitoral.com.ar\\\/\"},{\"@type\":\"ListItem\",\"position\":2,\"name\":\"Las universidades est\u00e1n habilitadas para el regreso a clases presenciales\"}]},{\"@type\":\"WebSite\",\"@id\":\"https:\\\/\\\/informelitoral.com.ar\\\/#website\",\"url\":\"https:\\\/\\\/informelitoral.com.ar\\\/\",\"name\":\"Informe Litoral\",\"description\":\"&quot;Nos informamos&quot; \",\"publisher\":{\"@id\":\"https:\\\/\\\/informelitoral.com.ar\\\/#organization\"},\"potentialAction\":[{\"@type\":\"SearchAction\",\"target\":{\"@type\":\"EntryPoint\",\"urlTemplate\":\"https:\\\/\\\/informelitoral.com.ar\\\/?s={search_term_string}\"},\"query-input\":{\"@type\":\"PropertyValueSpecification\",\"valueRequired\":true,\"valueName\":\"search_term_string\"}}],\"inLanguage\":\"es\"},{\"@type\":\"Organization\",\"@id\":\"https:\\\/\\\/informelitoral.com.ar\\\/#organization\",\"name\":\"Informe Litoral\",\"url\":\"https:\\\/\\\/informelitoral.com.ar\\\/\",\"logo\":{\"@type\":\"ImageObject\",\"inLanguage\":\"es\",\"@id\":\"https:\\\/\\\/informelitoral.com.ar\\\/#\\\/schema\\\/logo\\\/image\\\/\",\"url\":\"https:\\\/\\\/informelitoral.com.ar\\\/%77%70%2d%63%6f%6e%74%65%6e%74\\\/uploads\\\/2021\\\/01\\\/circulo.png\",\"contentUrl\":\"https:\\\/\\\/informelitoral.com.ar\\\/%77%70%2d%63%6f%6e%74%65%6e%74\\\/uploads\\\/2021\\\/01\\\/circulo.png\",\"width\":723,\"height\":731,\"caption\":\"Informe Litoral\"},\"image\":{\"@id\":\"https:\\\/\\\/informelitoral.com.ar\\\/#\\\/schema\\\/logo\\\/image\\\/\"},\"sameAs\":[\"https:\\\/\\\/www.facebook.com\\\/informelitoral\\\/\",\"https:\\\/\\\/x.com\\\/InformeLitoral\",\"https:\\\/\\\/www.instagram.com\\\/informelitoral\\\/\",\"https:\\\/\\\/www.youtube.com\\\/channel\\\/UCua4Qvz8Icb6MYqhoq9xLXw\"]},{\"@type\":\"Person\",\"@id\":\"https:\\\/\\\/informelitoral.com.ar\\\/#\\\/schema\\\/person\\\/b9d00407c836482871ef1d57bf8e3180\",\"name\":\"Gonzalo Schmidt\",\"image\":{\"@type\":\"ImageObject\",\"inLanguage\":\"es\",\"@id\":\"https:\\\/\\\/secure.gravatar.com\\\/avatar\\\/31a1a7b66ff2de83bd0e9fd79d026630d2d99e55e8bfe501287647b4fd9743de?s=96&d=mm&r=g\",\"url\":\"https:\\\/\\\/secure.gravatar.com\\\/avatar\\\/31a1a7b66ff2de83bd0e9fd79d026630d2d99e55e8bfe501287647b4fd9743de?s=96&d=mm&r=g\",\"contentUrl\":\"https:\\\/\\\/secure.gravatar.com\\\/avatar\\\/31a1a7b66ff2de83bd0e9fd79d026630d2d99e55e8bfe501287647b4fd9743de?s=96&d=mm&r=g\",\"caption\":\"Gonzalo Schmidt\"},\"description\":\"Sitio web de noticias de la provincia de Entre R\u00edos, Argentina. Informaci\u00f3n y entretenimiento. Informe Litoral, nos informamos.\",\"sameAs\":[\"http:\\\/\\\/www.isletasnoticias.com.ar\"],\"url\":\"https:\\\/\\\/informelitoral.com.ar\\\/author\\\/gonzalo\\\/\"}]}<\/script>","yoast_head_json":{"title":"Las universidades est\u00e1n habilitadas para el regreso a clases presenciales - Informe Litoral","robots":{"index":"index","follow":"follow","max-snippet":"max-snippet:-1","max-image-preview":"max-image-preview:large","max-video-preview":"max-video-preview:-1"},"canonical":"https:\/\/informelitoral.com.ar\/las-universidades-estan-habilitadas-para-el-regreso-a-clases-presenciales\/","og_locale":"es_ES","og_type":"article","og_title":"Las universidades est\u00e1n habilitadas para el regreso a clases presenciales - Informe Litoral","og_description":"Ahora la decisi\u00f3n final est\u00e1 en mano de los gobernadores. C\u00f3mo ser\u00e1 el protocolo en las casas de estudio.","og_url":"https:\/\/informelitoral.com.ar\/las-universidades-estan-habilitadas-para-el-regreso-a-clases-presenciales\/","og_site_name":"Informe Litoral","article_publisher":"https:\/\/www.facebook.com\/informelitoral\/","article_published_time":"2020-11-06T11:18:02+00:00","og_image":[{"width":800,"height":459,"url":"https:\/\/informelitoral.com.ar\/%77%70%2d%63%6f%6e%74%65%6e%74\/uploads\/2017\/05\/paro-universitario-mayo-2017.jpg","type":"image\/jpeg"}],"author":"Gonzalo Schmidt","twitter_card":"summary_large_image","twitter_creator":"@InformeLitoral","twitter_site":"@InformeLitoral","twitter_misc":{"Escrito por":"Gonzalo Schmidt","Tiempo de lectura":"3 minutos"},"schema":{"@context":"https:\/\/schema.org","@graph":[{"@type":"Article","@id":"https:\/\/informelitoral.com.ar\/las-universidades-estan-habilitadas-para-el-regreso-a-clases-presenciales\/#article","isPartOf":{"@id":"https:\/\/informelitoral.com.ar\/las-universidades-estan-habilitadas-para-el-regreso-a-clases-presenciales\/"},"author":{"name":"Gonzalo Schmidt","@id":"https:\/\/informelitoral.com.ar\/#\/schema\/person\/b9d00407c836482871ef1d57bf8e3180"},"headline":"Las universidades est\u00e1n habilitadas para el regreso a clases presenciales","datePublished":"2020-11-06T11:18:02+00:00","mainEntityOfPage":{"@id":"https:\/\/informelitoral.com.ar\/las-universidades-estan-habilitadas-para-el-regreso-a-clases-presenciales\/"},"wordCount":599,"commentCount":0,"publisher":{"@id":"https:\/\/informelitoral.com.ar\/#organization"},"image":{"@id":"https:\/\/informelitoral.com.ar\/las-universidades-estan-habilitadas-para-el-regreso-a-clases-presenciales\/#primaryimage"},"thumbnailUrl":"https:\/\/informelitoral.com.ar\/%77%70%2d%63%6f%6e%74%65%6e%74\/uploads\/2017\/05\/paro-universitario-mayo-2017.jpg","keywords":["Clases presenciales","Estudiantes","Universidad","Universidades"],"articleSection":["Nacionales"],"inLanguage":"es","potentialAction":[{"@type":"CommentAction","name":"Comment","target":["https:\/\/informelitoral.com.ar\/las-universidades-estan-habilitadas-para-el-regreso-a-clases-presenciales\/#respond"]}]},{"@type":"WebPage","@id":"https:\/\/informelitoral.com.ar\/las-universidades-estan-habilitadas-para-el-regreso-a-clases-presenciales\/","url":"https:\/\/informelitoral.com.ar\/las-universidades-estan-habilitadas-para-el-regreso-a-clases-presenciales\/","name":"Las universidades est\u00e1n habilitadas para el regreso a clases presenciales - Informe Litoral","isPartOf":{"@id":"https:\/\/informelitoral.com.ar\/#website"},"primaryImageOfPage":{"@id":"https:\/\/informelitoral.com.ar\/las-universidades-estan-habilitadas-para-el-regreso-a-clases-presenciales\/#primaryimage"},"image":{"@id":"https:\/\/informelitoral.com.ar\/las-universidades-estan-habilitadas-para-el-regreso-a-clases-presenciales\/#primaryimage"},"thumbnailUrl":"https:\/\/informelitoral.com.ar\/%77%70%2d%63%6f%6e%74%65%6e%74\/uploads\/2017\/05\/paro-universitario-mayo-2017.jpg","datePublished":"2020-11-06T11:18:02+00:00","breadcrumb":{"@id":"https:\/\/informelitoral.com.ar\/las-universidades-estan-habilitadas-para-el-regreso-a-clases-presenciales\/#breadcrumb"},"inLanguage":"es","potentialAction":[{"@type":"ReadAction","target":["https:\/\/informelitoral.com.ar\/las-universidades-estan-habilitadas-para-el-regreso-a-clases-presenciales\/"]}]},{"@type":"ImageObject","inLanguage":"es","@id":"https:\/\/informelitoral.com.ar\/las-universidades-estan-habilitadas-para-el-regreso-a-clases-presenciales\/#primaryimage","url":"https:\/\/informelitoral.com.ar\/%77%70%2d%63%6f%6e%74%65%6e%74\/uploads\/2017\/05\/paro-universitario-mayo-2017.jpg","contentUrl":"https:\/\/informelitoral.com.ar\/%77%70%2d%63%6f%6e%74%65%6e%74\/uploads\/2017\/05\/paro-universitario-mayo-2017.jpg","width":800,"height":459},{"@type":"BreadcrumbList","@id":"https:\/\/informelitoral.com.ar\/las-universidades-estan-habilitadas-para-el-regreso-a-clases-presenciales\/#breadcrumb","itemListElement":[{"@type":"ListItem","position":1,"name":"Portada","item":"https:\/\/informelitoral.com.ar\/"},{"@type":"ListItem","position":2,"name":"Las universidades est\u00e1n habilitadas para el regreso a clases presenciales"}]},{"@type":"WebSite","@id":"https:\/\/informelitoral.com.ar\/#website","url":"https:\/\/informelitoral.com.ar\/","name":"Informe Litoral","description":"&quot;Nos informamos&quot; ","publisher":{"@id":"https:\/\/informelitoral.com.ar\/#organization"},"potentialAction":[{"@type":"SearchAction","target":{"@type":"EntryPoint","urlTemplate":"https:\/\/informelitoral.com.ar\/?s={search_term_string}"},"query-input":{"@type":"PropertyValueSpecification","valueRequired":true,"valueName":"search_term_string"}}],"inLanguage":"es"},{"@type":"Organization","@id":"https:\/\/informelitoral.com.ar\/#organization","name":"Informe Litoral","url":"https:\/\/informelitoral.com.ar\/","logo":{"@type":"ImageObject","inLanguage":"es","@id":"https:\/\/informelitoral.com.ar\/#\/schema\/logo\/image\/","url":"https:\/\/informelitoral.com.ar\/%77%70%2d%63%6f%6e%74%65%6e%74\/uploads\/2021\/01\/circulo.png","contentUrl":"https:\/\/informelitoral.com.ar\/%77%70%2d%63%6f%6e%74%65%6e%74\/uploads\/2021\/01\/circulo.png","width":723,"height":731,"caption":"Informe Litoral"},"image":{"@id":"https:\/\/informelitoral.com.ar\/#\/schema\/logo\/image\/"},"sameAs":["https:\/\/www.facebook.com\/informelitoral\/","https:\/\/x.com\/InformeLitoral","https:\/\/www.instagram.com\/informelitoral\/","https:\/\/www.youtube.com\/channel\/UCua4Qvz8Icb6MYqhoq9xLXw"]},{"@type":"Person","@id":"https:\/\/informelitoral.com.ar\/#\/schema\/person\/b9d00407c836482871ef1d57bf8e3180","name":"Gonzalo Schmidt","image":{"@type":"ImageObject","inLanguage":"es","@id":"https:\/\/secure.gravatar.com\/avatar\/31a1a7b66ff2de83bd0e9fd79d026630d2d99e55e8bfe501287647b4fd9743de?s=96&d=mm&r=g","url":"https:\/\/secure.gravatar.com\/avatar\/31a1a7b66ff2de83bd0e9fd79d026630d2d99e55e8bfe501287647b4fd9743de?s=96&d=mm&r=g","contentUrl":"https:\/\/secure.gravatar.com\/avatar\/31a1a7b66ff2de83bd0e9fd79d026630d2d99e55e8bfe501287647b4fd9743de?s=96&d=mm&r=g","caption":"Gonzalo Schmidt"},"description":"Sitio web de noticias de la provincia de Entre R\u00edos, Argentina. Informaci\u00f3n y entretenimiento. Informe Litoral, nos informamos.","sameAs":["http:\/\/www.isletasnoticias.com.ar"],"url":"https:\/\/informelitoral.com.ar\/author\/gonzalo\/"}]}},"_links":{"self":[{"href":"https:\/\/informelitoral.com.ar\/%77%70%2d%6a%73%6f%6e\/wp\/v2\/posts\/52639","targetHints":{"allow":["GET"]}}],"collection":[{"href":"https:\/\/informelitoral.com.ar\/%77%70%2d%6a%73%6f%6e\/wp\/v2\/posts"}],"about":[{"href":"https:\/\/informelitoral.com.ar\/%77%70%2d%6a%73%6f%6e\/wp\/v2\/types\/post"}],"author":[{"embeddable":true,"href":"https:\/\/informelitoral.com.ar\/%77%70%2d%6a%73%6f%6e\/wp\/v2\/users\/2"}],"replies":[{"embeddable":true,"href":"https:\/\/informelitoral.com.ar\/%77%70%2d%6a%73%6f%6e\/wp\/v2\/comments?post=52639"}],"version-history":[{"count":0,"href":"https:\/\/informelitoral.com.ar\/%77%70%2d%6a%73%6f%6e\/wp\/v2\/posts\/52639\/revisions"}],"wp:featuredmedia":[{"embeddable":true,"href":"https:\/\/informelitoral.com.ar\/%77%70%2d%6a%73%6f%6e\/wp\/v2\/media\/21423"}],"wp:attachment":[{"href":"https:\/\/informelitoral.com.ar\/%77%70%2d%6a%73%6f%6e\/wp\/v2\/media?parent=52639"}],"wp:term":[{"taxonomy":"category","embeddable":true,"href":"https:\/\/informelitoral.com.ar\/%77%70%2d%6a%73%6f%6e\/wp\/v2\/categories?post=52639"},{"taxonomy":"post_tag","embeddable":true,"href":"https:\/\/informelitoral.com.ar\/%77%70%2d%6a%73%6f%6e\/wp\/v2\/tags?post=52639"}],"curies":[{"name":"wp","href":"https:\/\/api.w.org\/{rel}","templated":true}]}}