{"id":52610,"date":"2020-11-05T09:25:55","date_gmt":"2020-11-05T12:25:55","guid":{"rendered":"https:\/\/www.isletasnoticias.com.ar\/?p=52610"},"modified":"2020-11-05T09:32:59","modified_gmt":"2020-11-05T12:32:59","slug":"avanzan-las-obras-previas-a-la-creacion-de-la-red-de-ciclovias-en-ramirez","status":"publish","type":"post","link":"https:\/\/informelitoral.com.ar\/avanzan-las-obras-previas-a-la-creacion-de-la-red-de-ciclovias-en-ramirez\/","title":{"rendered":"Avanzan las obras previas a la creaci\u00f3n de la red de ciclov\u00edas en Ram\u00edrez"},"content":{"rendered":"<p>Contin\u00faa a buen ritmo el <strong>plan de reconstrucci\u00f3n de la trama vial<\/strong> encarado por la Secretar\u00eda de Obras y Desarrollo Urbano de <strong>General Ram\u00edrez<\/strong> para la <strong>creaci\u00f3n de la Red de Ciclov\u00edas.<\/strong><\/p>\n<p><a href=\"https:\/\/www.isletasnoticias.com.ar\/%77%70%2d%63%6f%6e%74%65%6e%74\/uploads\/2020\/11\/123755502_1776634635820784_8603600987976489441_o.jpg\"><img loading=\"lazy\" decoding=\"async\" class=\"aligncenter wp-image-52614 size-large\" src=\"https:\/\/www.isletasnoticias.com.ar\/%77%70%2d%63%6f%6e%74%65%6e%74\/uploads\/2020\/11\/123755502_1776634635820784_8603600987976489441_o-1024x674.jpg\" alt=\"\" width=\"696\" height=\"458\" srcset=\"https:\/\/informelitoral.com.ar\/%77%70%2d%63%6f%6e%74%65%6e%74\/uploads\/2020\/11\/123755502_1776634635820784_8603600987976489441_o-1024x674.jpg 1024w, https:\/\/informelitoral.com.ar\/%77%70%2d%63%6f%6e%74%65%6e%74\/uploads\/2020\/11\/123755502_1776634635820784_8603600987976489441_o-300x197.jpg 300w, https:\/\/informelitoral.com.ar\/%77%70%2d%63%6f%6e%74%65%6e%74\/uploads\/2020\/11\/123755502_1776634635820784_8603600987976489441_o-768x506.jpg 768w, https:\/\/informelitoral.com.ar\/%77%70%2d%63%6f%6e%74%65%6e%74\/uploads\/2020\/11\/123755502_1776634635820784_8603600987976489441_o-1536x1011.jpg 1536w, https:\/\/informelitoral.com.ar\/%77%70%2d%63%6f%6e%74%65%6e%74\/uploads\/2020\/11\/123755502_1776634635820784_8603600987976489441_o-696x458.jpg 696w, https:\/\/informelitoral.com.ar\/%77%70%2d%63%6f%6e%74%65%6e%74\/uploads\/2020\/11\/123755502_1776634635820784_8603600987976489441_o-1068x703.jpg 1068w, https:\/\/informelitoral.com.ar\/%77%70%2d%63%6f%6e%74%65%6e%74\/uploads\/2020\/11\/123755502_1776634635820784_8603600987976489441_o-638x420.jpg 638w, https:\/\/informelitoral.com.ar\/%77%70%2d%63%6f%6e%74%65%6e%74\/uploads\/2020\/11\/123755502_1776634635820784_8603600987976489441_o.jpg 2048w\" sizes=\"auto, (max-width: 696px) 100vw, 696px\" \/><\/a><\/p>\n<p>Por estos d\u00edas se realiza el <strong>tomado de juntas, el hormigonado de bocacalles y repavimentado de pa\u00f1os que se encontraban deteriorados sobre Ant\u00e1rtida Argentina.<\/strong><\/p>\n<p>Asimismo se hizo una <strong>reconstrucci\u00f3n del desag\u00fce pluvial<\/strong> por los cordones cunetas que no contaban con el nivel correspondiente. \u00abEs fundamental tener en cuenta el nivel de escurrimiento del agua para quienes recorran la calle en sus bicicletas\u00bb, destacaron.<\/p>\n<p><a href=\"https:\/\/www.isletasnoticias.com.ar\/%77%70%2d%63%6f%6e%74%65%6e%74\/uploads\/2020\/11\/123837954_1776634509154130_1004131012535191819_o.jpg\"><img loading=\"lazy\" decoding=\"async\" class=\"aligncenter wp-image-52613 size-large\" src=\"https:\/\/www.isletasnoticias.com.ar\/%77%70%2d%63%6f%6e%74%65%6e%74\/uploads\/2020\/11\/123837954_1776634509154130_1004131012535191819_o-1024x683.jpg\" alt=\"\" width=\"696\" height=\"464\" srcset=\"https:\/\/informelitoral.com.ar\/%77%70%2d%63%6f%6e%74%65%6e%74\/uploads\/2020\/11\/123837954_1776634509154130_1004131012535191819_o-1024x683.jpg 1024w, https:\/\/informelitoral.com.ar\/%77%70%2d%63%6f%6e%74%65%6e%74\/uploads\/2020\/11\/123837954_1776634509154130_1004131012535191819_o-300x200.jpg 300w, https:\/\/informelitoral.com.ar\/%77%70%2d%63%6f%6e%74%65%6e%74\/uploads\/2020\/11\/123837954_1776634509154130_1004131012535191819_o-768x512.jpg 768w, https:\/\/informelitoral.com.ar\/%77%70%2d%63%6f%6e%74%65%6e%74\/uploads\/2020\/11\/123837954_1776634509154130_1004131012535191819_o-1536x1024.jpg 1536w, https:\/\/informelitoral.com.ar\/%77%70%2d%63%6f%6e%74%65%6e%74\/uploads\/2020\/11\/123837954_1776634509154130_1004131012535191819_o-696x464.jpg 696w, https:\/\/informelitoral.com.ar\/%77%70%2d%63%6f%6e%74%65%6e%74\/uploads\/2020\/11\/123837954_1776634509154130_1004131012535191819_o-1068x712.jpg 1068w, https:\/\/informelitoral.com.ar\/%77%70%2d%63%6f%6e%74%65%6e%74\/uploads\/2020\/11\/123837954_1776634509154130_1004131012535191819_o-630x420.jpg 630w, https:\/\/informelitoral.com.ar\/%77%70%2d%63%6f%6e%74%65%6e%74\/uploads\/2020\/11\/123837954_1776634509154130_1004131012535191819_o.jpg 2048w\" sizes=\"auto, (max-width: 696px) 100vw, 696px\" \/><\/a><\/p>\n<p>\u00abEn los pr\u00f3ximos d\u00edas<strong> avanzaremos con trabajos similares en el resto de las arterias<\/strong> que componen la Red de ciclov\u00edas\u00bb, adelantaron desde el municipio.<\/p>\n<figure id=\"attachment_52612\" aria-describedby=\"caption-attachment-52612\" style=\"width: 696px\" class=\"wp-caption aligncenter\"><a href=\"https:\/\/www.isletasnoticias.com.ar\/%77%70%2d%63%6f%6e%74%65%6e%74\/uploads\/2020\/11\/123807874_1776634615820786_3581834716747630013_o.jpg\"><img loading=\"lazy\" decoding=\"async\" class=\"wp-image-52612 size-large\" src=\"https:\/\/www.isletasnoticias.com.ar\/%77%70%2d%63%6f%6e%74%65%6e%74\/uploads\/2020\/11\/123807874_1776634615820786_3581834716747630013_o-1024x686.jpg\" alt=\"\" width=\"696\" height=\"466\" srcset=\"https:\/\/informelitoral.com.ar\/%77%70%2d%63%6f%6e%74%65%6e%74\/uploads\/2020\/11\/123807874_1776634615820786_3581834716747630013_o-1024x686.jpg 1024w, https:\/\/informelitoral.com.ar\/%77%70%2d%63%6f%6e%74%65%6e%74\/uploads\/2020\/11\/123807874_1776634615820786_3581834716747630013_o-300x201.jpg 300w, https:\/\/informelitoral.com.ar\/%77%70%2d%63%6f%6e%74%65%6e%74\/uploads\/2020\/11\/123807874_1776634615820786_3581834716747630013_o-768x515.jpg 768w, https:\/\/informelitoral.com.ar\/%77%70%2d%63%6f%6e%74%65%6e%74\/uploads\/2020\/11\/123807874_1776634615820786_3581834716747630013_o-1536x1029.jpg 1536w, https:\/\/informelitoral.com.ar\/%77%70%2d%63%6f%6e%74%65%6e%74\/uploads\/2020\/11\/123807874_1776634615820786_3581834716747630013_o-696x466.jpg 696w, https:\/\/informelitoral.com.ar\/%77%70%2d%63%6f%6e%74%65%6e%74\/uploads\/2020\/11\/123807874_1776634615820786_3581834716747630013_o-1068x715.jpg 1068w, https:\/\/informelitoral.com.ar\/%77%70%2d%63%6f%6e%74%65%6e%74\/uploads\/2020\/11\/123807874_1776634615820786_3581834716747630013_o-627x420.jpg 627w, https:\/\/informelitoral.com.ar\/%77%70%2d%63%6f%6e%74%65%6e%74\/uploads\/2020\/11\/123807874_1776634615820786_3581834716747630013_o.jpg 2048w\" sizes=\"auto, (max-width: 696px) 100vw, 696px\" \/><\/a><figcaption id=\"caption-attachment-52612\" class=\"wp-caption-text\">Hormigonado del bocacalle ubicado en Ant\u00e1rtida Argentina e Independencia.<\/figcaption><\/figure>\n<p>&nbsp;<\/p>\n","protected":false},"excerpt":{"rendered":"<p>Se trata de una reconstrucci\u00f3n de las arterias que ser\u00e1n abarcadas por la ciclov\u00eda para que esta tenga la funcionalidad que se busca. Detalles de las obras que se desarrollan.<\/p>\n","protected":false},"author":2,"featured_media":52615,"comment_status":"open","ping_status":"open","sticky":false,"template":"","format":"standard","meta":{"fifu_image_url":"","fifu_image_alt":"","footnotes":""},"categories":[5],"tags":[1937,556,1433,316,107,27],"class_list":{"0":"post-52610","1":"post","2":"type-post","3":"status-publish","4":"format-standard","5":"has-post-thumbnail","7":"category-zonales","8":"tag-ciclovias","9":"tag-general-ramirez","10":"tag-municipalidad-de-general-ramirez","11":"tag-obras-publicas","12":"tag-obras-viales","13":"tag-ramirez"},"yoast_head":"<title>Avanzan las obras previas a la creaci\u00f3n de la red de ciclov\u00edas en Ram\u00edrez - Informe Litoral<\/title>\n<meta name=\"robots\" content=\"index, follow, max-snippet:-1, max-image-preview:large, max-video-preview:-1\" \/>\n<link rel=\"canonical\" href=\"https:\/\/informelitoral.com.ar\/avanzan-las-obras-previas-a-la-creacion-de-la-red-de-ciclovias-en-ramirez\/\" \/>\n<meta property=\"og:locale\" content=\"es_ES\" \/>\n<meta property=\"og:type\" content=\"article\" \/>\n<meta property=\"og:title\" content=\"Avanzan las obras previas a la creaci\u00f3n de la red de ciclov\u00edas en Ram\u00edrez - Informe Litoral\" \/>\n<meta property=\"og:description\" content=\"Se trata de una reconstrucci\u00f3n de las arterias que ser\u00e1n abarcadas por la ciclov\u00eda para que esta tenga la funcionalidad que se busca. Detalles de las obras que se desarrollan.\" \/>\n<meta property=\"og:url\" content=\"https:\/\/informelitoral.com.ar\/avanzan-las-obras-previas-a-la-creacion-de-la-red-de-ciclovias-en-ramirez\/\" \/>\n<meta property=\"og:site_name\" content=\"Informe Litoral\" \/>\n<meta property=\"article:publisher\" content=\"https:\/\/www.facebook.com\/informelitoral\/\" \/>\n<meta property=\"article:published_time\" content=\"2020-11-05T12:25:55+00:00\" \/>\n<meta property=\"article:modified_time\" content=\"2020-11-05T12:32:59+00:00\" \/>\n<meta property=\"og:image\" content=\"https:\/\/informelitoral.com.ar\/%77%70%2d%63%6f%6e%74%65%6e%74\/uploads\/2020\/11\/123851096_1776634469154134_7696446481012167928_o.jpg\" \/>\n\t<meta property=\"og:image:width\" content=\"2048\" \/>\n\t<meta property=\"og:image:height\" content=\"1365\" \/>\n\t<meta property=\"og:image:type\" content=\"image\/jpeg\" \/>\n<meta name=\"author\" content=\"Gonzalo Schmidt\" \/>\n<meta name=\"twitter:card\" content=\"summary_large_image\" \/>\n<meta name=\"twitter:creator\" content=\"@InformeLitoral\" \/>\n<meta name=\"twitter:site\" content=\"@InformeLitoral\" \/>\n<meta name=\"twitter:label1\" content=\"Escrito por\" \/>\n\t<meta name=\"twitter:data1\" content=\"Gonzalo Schmidt\" \/>\n\t<meta name=\"twitter:label2\" content=\"Tiempo de lectura\" \/>\n\t<meta name=\"twitter:data2\" content=\"1 minuto\" \/>\n<script type=\"application\/ld+json\" class=\"yoast-schema-graph\">{\"@context\":\"https:\\\/\\\/schema.org\",\"@graph\":[{\"@type\":\"Article\",\"@id\":\"https:\\\/\\\/informelitoral.com.ar\\\/avanzan-las-obras-previas-a-la-creacion-de-la-red-de-ciclovias-en-ramirez\\\/#article\",\"isPartOf\":{\"@id\":\"https:\\\/\\\/informelitoral.com.ar\\\/avanzan-las-obras-previas-a-la-creacion-de-la-red-de-ciclovias-en-ramirez\\\/\"},\"author\":{\"name\":\"Gonzalo Schmidt\",\"@id\":\"https:\\\/\\\/informelitoral.com.ar\\\/#\\\/schema\\\/person\\\/b9d00407c836482871ef1d57bf8e3180\"},\"headline\":\"Avanzan las obras previas a la creaci\u00f3n de la red de ciclov\u00edas en Ram\u00edrez\",\"datePublished\":\"2020-11-05T12:25:55+00:00\",\"dateModified\":\"2020-11-05T12:32:59+00:00\",\"mainEntityOfPage\":{\"@id\":\"https:\\\/\\\/informelitoral.com.ar\\\/avanzan-las-obras-previas-a-la-creacion-de-la-red-de-ciclovias-en-ramirez\\\/\"},\"wordCount\":168,\"commentCount\":0,\"publisher\":{\"@id\":\"https:\\\/\\\/informelitoral.com.ar\\\/#organization\"},\"image\":{\"@id\":\"https:\\\/\\\/informelitoral.com.ar\\\/avanzan-las-obras-previas-a-la-creacion-de-la-red-de-ciclovias-en-ramirez\\\/#primaryimage\"},\"thumbnailUrl\":\"https:\\\/\\\/informelitoral.com.ar\\\/%77%70%2d%63%6f%6e%74%65%6e%74\\\/uploads\\\/2020\\\/11\\\/123851096_1776634469154134_7696446481012167928_o.jpg\",\"keywords\":[\"Ciclov\u00edas\",\"General Ram\u00edrez\",\"Municipalidad de General Ram\u00edrez\",\"Obras p\u00fablicas\",\"Obras viales\",\"Ram\u00edrez\"],\"articleSection\":[\"Departamento Diamante\"],\"inLanguage\":\"es\",\"potentialAction\":[{\"@type\":\"CommentAction\",\"name\":\"Comment\",\"target\":[\"https:\\\/\\\/informelitoral.com.ar\\\/avanzan-las-obras-previas-a-la-creacion-de-la-red-de-ciclovias-en-ramirez\\\/#respond\"]}]},{\"@type\":\"WebPage\",\"@id\":\"https:\\\/\\\/informelitoral.com.ar\\\/avanzan-las-obras-previas-a-la-creacion-de-la-red-de-ciclovias-en-ramirez\\\/\",\"url\":\"https:\\\/\\\/informelitoral.com.ar\\\/avanzan-las-obras-previas-a-la-creacion-de-la-red-de-ciclovias-en-ramirez\\\/\",\"name\":\"Avanzan las obras previas a la creaci\u00f3n de la red de ciclov\u00edas en Ram\u00edrez - Informe Litoral\",\"isPartOf\":{\"@id\":\"https:\\\/\\\/informelitoral.com.ar\\\/#website\"},\"primaryImageOfPage\":{\"@id\":\"https:\\\/\\\/informelitoral.com.ar\\\/avanzan-las-obras-previas-a-la-creacion-de-la-red-de-ciclovias-en-ramirez\\\/#primaryimage\"},\"image\":{\"@id\":\"https:\\\/\\\/informelitoral.com.ar\\\/avanzan-las-obras-previas-a-la-creacion-de-la-red-de-ciclovias-en-ramirez\\\/#primaryimage\"},\"thumbnailUrl\":\"https:\\\/\\\/informelitoral.com.ar\\\/%77%70%2d%63%6f%6e%74%65%6e%74\\\/uploads\\\/2020\\\/11\\\/123851096_1776634469154134_7696446481012167928_o.jpg\",\"datePublished\":\"2020-11-05T12:25:55+00:00\",\"dateModified\":\"2020-11-05T12:32:59+00:00\",\"breadcrumb\":{\"@id\":\"https:\\\/\\\/informelitoral.com.ar\\\/avanzan-las-obras-previas-a-la-creacion-de-la-red-de-ciclovias-en-ramirez\\\/#breadcrumb\"},\"inLanguage\":\"es\",\"potentialAction\":[{\"@type\":\"ReadAction\",\"target\":[\"https:\\\/\\\/informelitoral.com.ar\\\/avanzan-las-obras-previas-a-la-creacion-de-la-red-de-ciclovias-en-ramirez\\\/\"]}]},{\"@type\":\"ImageObject\",\"inLanguage\":\"es\",\"@id\":\"https:\\\/\\\/informelitoral.com.ar\\\/avanzan-las-obras-previas-a-la-creacion-de-la-red-de-ciclovias-en-ramirez\\\/#primaryimage\",\"url\":\"https:\\\/\\\/informelitoral.com.ar\\\/%77%70%2d%63%6f%6e%74%65%6e%74\\\/uploads\\\/2020\\\/11\\\/123851096_1776634469154134_7696446481012167928_o.jpg\",\"contentUrl\":\"https:\\\/\\\/informelitoral.com.ar\\\/%77%70%2d%63%6f%6e%74%65%6e%74\\\/uploads\\\/2020\\\/11\\\/123851096_1776634469154134_7696446481012167928_o.jpg\",\"width\":2048,\"height\":1365},{\"@type\":\"BreadcrumbList\",\"@id\":\"https:\\\/\\\/informelitoral.com.ar\\\/avanzan-las-obras-previas-a-la-creacion-de-la-red-de-ciclovias-en-ramirez\\\/#breadcrumb\",\"itemListElement\":[{\"@type\":\"ListItem\",\"position\":1,\"name\":\"Portada\",\"item\":\"https:\\\/\\\/informelitoral.com.ar\\\/\"},{\"@type\":\"ListItem\",\"position\":2,\"name\":\"Avanzan las obras previas a la creaci\u00f3n de la red de ciclov\u00edas en Ram\u00edrez\"}]},{\"@type\":\"WebSite\",\"@id\":\"https:\\\/\\\/informelitoral.com.ar\\\/#website\",\"url\":\"https:\\\/\\\/informelitoral.com.ar\\\/\",\"name\":\"Informe Litoral\",\"description\":\"&quot;Nos informamos&quot; \",\"publisher\":{\"@id\":\"https:\\\/\\\/informelitoral.com.ar\\\/#organization\"},\"potentialAction\":[{\"@type\":\"SearchAction\",\"target\":{\"@type\":\"EntryPoint\",\"urlTemplate\":\"https:\\\/\\\/informelitoral.com.ar\\\/?s={search_term_string}\"},\"query-input\":{\"@type\":\"PropertyValueSpecification\",\"valueRequired\":true,\"valueName\":\"search_term_string\"}}],\"inLanguage\":\"es\"},{\"@type\":\"Organization\",\"@id\":\"https:\\\/\\\/informelitoral.com.ar\\\/#organization\",\"name\":\"Informe Litoral\",\"url\":\"https:\\\/\\\/informelitoral.com.ar\\\/\",\"logo\":{\"@type\":\"ImageObject\",\"inLanguage\":\"es\",\"@id\":\"https:\\\/\\\/informelitoral.com.ar\\\/#\\\/schema\\\/logo\\\/image\\\/\",\"url\":\"https:\\\/\\\/informelitoral.com.ar\\\/%77%70%2d%63%6f%6e%74%65%6e%74\\\/uploads\\\/2021\\\/01\\\/circulo.png\",\"contentUrl\":\"https:\\\/\\\/informelitoral.com.ar\\\/%77%70%2d%63%6f%6e%74%65%6e%74\\\/uploads\\\/2021\\\/01\\\/circulo.png\",\"width\":723,\"height\":731,\"caption\":\"Informe Litoral\"},\"image\":{\"@id\":\"https:\\\/\\\/informelitoral.com.ar\\\/#\\\/schema\\\/logo\\\/image\\\/\"},\"sameAs\":[\"https:\\\/\\\/www.facebook.com\\\/informelitoral\\\/\",\"https:\\\/\\\/x.com\\\/InformeLitoral\",\"https:\\\/\\\/www.instagram.com\\\/informelitoral\\\/\",\"https:\\\/\\\/www.youtube.com\\\/channel\\\/UCua4Qvz8Icb6MYqhoq9xLXw\"]},{\"@type\":\"Person\",\"@id\":\"https:\\\/\\\/informelitoral.com.ar\\\/#\\\/schema\\\/person\\\/b9d00407c836482871ef1d57bf8e3180\",\"name\":\"Gonzalo Schmidt\",\"image\":{\"@type\":\"ImageObject\",\"inLanguage\":\"es\",\"@id\":\"https:\\\/\\\/secure.gravatar.com\\\/avatar\\\/31a1a7b66ff2de83bd0e9fd79d026630d2d99e55e8bfe501287647b4fd9743de?s=96&d=mm&r=g\",\"url\":\"https:\\\/\\\/secure.gravatar.com\\\/avatar\\\/31a1a7b66ff2de83bd0e9fd79d026630d2d99e55e8bfe501287647b4fd9743de?s=96&d=mm&r=g\",\"contentUrl\":\"https:\\\/\\\/secure.gravatar.com\\\/avatar\\\/31a1a7b66ff2de83bd0e9fd79d026630d2d99e55e8bfe501287647b4fd9743de?s=96&d=mm&r=g\",\"caption\":\"Gonzalo Schmidt\"},\"description\":\"Sitio web de noticias de la provincia de Entre R\u00edos, Argentina. Informaci\u00f3n y entretenimiento. Informe Litoral, nos informamos.\",\"sameAs\":[\"http:\\\/\\\/www.isletasnoticias.com.ar\"],\"url\":\"https:\\\/\\\/informelitoral.com.ar\\\/author\\\/gonzalo\\\/\"}]}<\/script>","yoast_head_json":{"title":"Avanzan las obras previas a la creaci\u00f3n de la red de ciclov\u00edas en Ram\u00edrez - Informe Litoral","robots":{"index":"index","follow":"follow","max-snippet":"max-snippet:-1","max-image-preview":"max-image-preview:large","max-video-preview":"max-video-preview:-1"},"canonical":"https:\/\/informelitoral.com.ar\/avanzan-las-obras-previas-a-la-creacion-de-la-red-de-ciclovias-en-ramirez\/","og_locale":"es_ES","og_type":"article","og_title":"Avanzan las obras previas a la creaci\u00f3n de la red de ciclov\u00edas en Ram\u00edrez - Informe Litoral","og_description":"Se trata de una reconstrucci\u00f3n de las arterias que ser\u00e1n abarcadas por la ciclov\u00eda para que esta tenga la funcionalidad que se busca. Detalles de las obras que se desarrollan.","og_url":"https:\/\/informelitoral.com.ar\/avanzan-las-obras-previas-a-la-creacion-de-la-red-de-ciclovias-en-ramirez\/","og_site_name":"Informe Litoral","article_publisher":"https:\/\/www.facebook.com\/informelitoral\/","article_published_time":"2020-11-05T12:25:55+00:00","article_modified_time":"2020-11-05T12:32:59+00:00","og_image":[{"width":2048,"height":1365,"url":"https:\/\/informelitoral.com.ar\/%77%70%2d%63%6f%6e%74%65%6e%74\/uploads\/2020\/11\/123851096_1776634469154134_7696446481012167928_o.jpg","type":"image\/jpeg"}],"author":"Gonzalo Schmidt","twitter_card":"summary_large_image","twitter_creator":"@InformeLitoral","twitter_site":"@InformeLitoral","twitter_misc":{"Escrito por":"Gonzalo Schmidt","Tiempo de lectura":"1 minuto"},"schema":{"@context":"https:\/\/schema.org","@graph":[{"@type":"Article","@id":"https:\/\/informelitoral.com.ar\/avanzan-las-obras-previas-a-la-creacion-de-la-red-de-ciclovias-en-ramirez\/#article","isPartOf":{"@id":"https:\/\/informelitoral.com.ar\/avanzan-las-obras-previas-a-la-creacion-de-la-red-de-ciclovias-en-ramirez\/"},"author":{"name":"Gonzalo Schmidt","@id":"https:\/\/informelitoral.com.ar\/#\/schema\/person\/b9d00407c836482871ef1d57bf8e3180"},"headline":"Avanzan las obras previas a la creaci\u00f3n de la red de ciclov\u00edas en Ram\u00edrez","datePublished":"2020-11-05T12:25:55+00:00","dateModified":"2020-11-05T12:32:59+00:00","mainEntityOfPage":{"@id":"https:\/\/informelitoral.com.ar\/avanzan-las-obras-previas-a-la-creacion-de-la-red-de-ciclovias-en-ramirez\/"},"wordCount":168,"commentCount":0,"publisher":{"@id":"https:\/\/informelitoral.com.ar\/#organization"},"image":{"@id":"https:\/\/informelitoral.com.ar\/avanzan-las-obras-previas-a-la-creacion-de-la-red-de-ciclovias-en-ramirez\/#primaryimage"},"thumbnailUrl":"https:\/\/informelitoral.com.ar\/%77%70%2d%63%6f%6e%74%65%6e%74\/uploads\/2020\/11\/123851096_1776634469154134_7696446481012167928_o.jpg","keywords":["Ciclov\u00edas","General Ram\u00edrez","Municipalidad de General Ram\u00edrez","Obras p\u00fablicas","Obras viales","Ram\u00edrez"],"articleSection":["Departamento Diamante"],"inLanguage":"es","potentialAction":[{"@type":"CommentAction","name":"Comment","target":["https:\/\/informelitoral.com.ar\/avanzan-las-obras-previas-a-la-creacion-de-la-red-de-ciclovias-en-ramirez\/#respond"]}]},{"@type":"WebPage","@id":"https:\/\/informelitoral.com.ar\/avanzan-las-obras-previas-a-la-creacion-de-la-red-de-ciclovias-en-ramirez\/","url":"https:\/\/informelitoral.com.ar\/avanzan-las-obras-previas-a-la-creacion-de-la-red-de-ciclovias-en-ramirez\/","name":"Avanzan las obras previas a la creaci\u00f3n de la red de ciclov\u00edas en Ram\u00edrez - Informe Litoral","isPartOf":{"@id":"https:\/\/informelitoral.com.ar\/#website"},"primaryImageOfPage":{"@id":"https:\/\/informelitoral.com.ar\/avanzan-las-obras-previas-a-la-creacion-de-la-red-de-ciclovias-en-ramirez\/#primaryimage"},"image":{"@id":"https:\/\/informelitoral.com.ar\/avanzan-las-obras-previas-a-la-creacion-de-la-red-de-ciclovias-en-ramirez\/#primaryimage"},"thumbnailUrl":"https:\/\/informelitoral.com.ar\/%77%70%2d%63%6f%6e%74%65%6e%74\/uploads\/2020\/11\/123851096_1776634469154134_7696446481012167928_o.jpg","datePublished":"2020-11-05T12:25:55+00:00","dateModified":"2020-11-05T12:32:59+00:00","breadcrumb":{"@id":"https:\/\/informelitoral.com.ar\/avanzan-las-obras-previas-a-la-creacion-de-la-red-de-ciclovias-en-ramirez\/#breadcrumb"},"inLanguage":"es","potentialAction":[{"@type":"ReadAction","target":["https:\/\/informelitoral.com.ar\/avanzan-las-obras-previas-a-la-creacion-de-la-red-de-ciclovias-en-ramirez\/"]}]},{"@type":"ImageObject","inLanguage":"es","@id":"https:\/\/informelitoral.com.ar\/avanzan-las-obras-previas-a-la-creacion-de-la-red-de-ciclovias-en-ramirez\/#primaryimage","url":"https:\/\/informelitoral.com.ar\/%77%70%2d%63%6f%6e%74%65%6e%74\/uploads\/2020\/11\/123851096_1776634469154134_7696446481012167928_o.jpg","contentUrl":"https:\/\/informelitoral.com.ar\/%77%70%2d%63%6f%6e%74%65%6e%74\/uploads\/2020\/11\/123851096_1776634469154134_7696446481012167928_o.jpg","width":2048,"height":1365},{"@type":"BreadcrumbList","@id":"https:\/\/informelitoral.com.ar\/avanzan-las-obras-previas-a-la-creacion-de-la-red-de-ciclovias-en-ramirez\/#breadcrumb","itemListElement":[{"@type":"ListItem","position":1,"name":"Portada","item":"https:\/\/informelitoral.com.ar\/"},{"@type":"ListItem","position":2,"name":"Avanzan las obras previas a la creaci\u00f3n de la red de ciclov\u00edas en Ram\u00edrez"}]},{"@type":"WebSite","@id":"https:\/\/informelitoral.com.ar\/#website","url":"https:\/\/informelitoral.com.ar\/","name":"Informe Litoral","description":"&quot;Nos informamos&quot; ","publisher":{"@id":"https:\/\/informelitoral.com.ar\/#organization"},"potentialAction":[{"@type":"SearchAction","target":{"@type":"EntryPoint","urlTemplate":"https:\/\/informelitoral.com.ar\/?s={search_term_string}"},"query-input":{"@type":"PropertyValueSpecification","valueRequired":true,"valueName":"search_term_string"}}],"inLanguage":"es"},{"@type":"Organization","@id":"https:\/\/informelitoral.com.ar\/#organization","name":"Informe Litoral","url":"https:\/\/informelitoral.com.ar\/","logo":{"@type":"ImageObject","inLanguage":"es","@id":"https:\/\/informelitoral.com.ar\/#\/schema\/logo\/image\/","url":"https:\/\/informelitoral.com.ar\/%77%70%2d%63%6f%6e%74%65%6e%74\/uploads\/2021\/01\/circulo.png","contentUrl":"https:\/\/informelitoral.com.ar\/%77%70%2d%63%6f%6e%74%65%6e%74\/uploads\/2021\/01\/circulo.png","width":723,"height":731,"caption":"Informe Litoral"},"image":{"@id":"https:\/\/informelitoral.com.ar\/#\/schema\/logo\/image\/"},"sameAs":["https:\/\/www.facebook.com\/informelitoral\/","https:\/\/x.com\/InformeLitoral","https:\/\/www.instagram.com\/informelitoral\/","https:\/\/www.youtube.com\/channel\/UCua4Qvz8Icb6MYqhoq9xLXw"]},{"@type":"Person","@id":"https:\/\/informelitoral.com.ar\/#\/schema\/person\/b9d00407c836482871ef1d57bf8e3180","name":"Gonzalo Schmidt","image":{"@type":"ImageObject","inLanguage":"es","@id":"https:\/\/secure.gravatar.com\/avatar\/31a1a7b66ff2de83bd0e9fd79d026630d2d99e55e8bfe501287647b4fd9743de?s=96&d=mm&r=g","url":"https:\/\/secure.gravatar.com\/avatar\/31a1a7b66ff2de83bd0e9fd79d026630d2d99e55e8bfe501287647b4fd9743de?s=96&d=mm&r=g","contentUrl":"https:\/\/secure.gravatar.com\/avatar\/31a1a7b66ff2de83bd0e9fd79d026630d2d99e55e8bfe501287647b4fd9743de?s=96&d=mm&r=g","caption":"Gonzalo Schmidt"},"description":"Sitio web de noticias de la provincia de Entre R\u00edos, Argentina. Informaci\u00f3n y entretenimiento. Informe Litoral, nos informamos.","sameAs":["http:\/\/www.isletasnoticias.com.ar"],"url":"https:\/\/informelitoral.com.ar\/author\/gonzalo\/"}]}},"_links":{"self":[{"href":"https:\/\/informelitoral.com.ar\/%77%70%2d%6a%73%6f%6e\/wp\/v2\/posts\/52610","targetHints":{"allow":["GET"]}}],"collection":[{"href":"https:\/\/informelitoral.com.ar\/%77%70%2d%6a%73%6f%6e\/wp\/v2\/posts"}],"about":[{"href":"https:\/\/informelitoral.com.ar\/%77%70%2d%6a%73%6f%6e\/wp\/v2\/types\/post"}],"author":[{"embeddable":true,"href":"https:\/\/informelitoral.com.ar\/%77%70%2d%6a%73%6f%6e\/wp\/v2\/users\/2"}],"replies":[{"embeddable":true,"href":"https:\/\/informelitoral.com.ar\/%77%70%2d%6a%73%6f%6e\/wp\/v2\/comments?post=52610"}],"version-history":[{"count":0,"href":"https:\/\/informelitoral.com.ar\/%77%70%2d%6a%73%6f%6e\/wp\/v2\/posts\/52610\/revisions"}],"wp:featuredmedia":[{"embeddable":true,"href":"https:\/\/informelitoral.com.ar\/%77%70%2d%6a%73%6f%6e\/wp\/v2\/media\/52615"}],"wp:attachment":[{"href":"https:\/\/informelitoral.com.ar\/%77%70%2d%6a%73%6f%6e\/wp\/v2\/media?parent=52610"}],"wp:term":[{"taxonomy":"category","embeddable":true,"href":"https:\/\/informelitoral.com.ar\/%77%70%2d%6a%73%6f%6e\/wp\/v2\/categories?post=52610"},{"taxonomy":"post_tag","embeddable":true,"href":"https:\/\/informelitoral.com.ar\/%77%70%2d%6a%73%6f%6e\/wp\/v2\/tags?post=52610"}],"curies":[{"name":"wp","href":"https:\/\/api.w.org\/{rel}","templated":true}]}}