{"id":526,"date":"2013-03-24T20:42:07","date_gmt":"2013-03-24T23:42:07","guid":{"rendered":"http:\/\/www.isletasnoticias.com.ar\/?p=526"},"modified":"2013-03-24T20:42:07","modified_gmt":"2013-03-24T23:42:07","slug":"automovilismo-victoria-especial-de-mariano-werner-en-el-tc","status":"publish","type":"post","link":"https:\/\/informelitoral.com.ar\/automovilismo-victoria-especial-de-mariano-werner-en-el-tc\/","title":{"rendered":"Automovilismo: Victoria especial de Mariano Werner en el TC"},"content":{"rendered":"<p><strong>El paranaense gan\u00f3 de punta a punta en Jun\u00edn y de esta manera trep\u00f3 a la punta del campeonato y logr\u00f3 la primera victoria en el campeonato. El triunfo tuvo su emoci\u00f3n ya que su hermano Gabriel hoy cumplir\u00eda 34 a\u00f1os.<\/strong><\/p>\n<p><a style=\"text-align: center;\" href=\"http:\/\/www.isletasnoticias.com.ar\/%77%70%2d%63%6f%6e%74%65%6e%74\/uploads\/2013\/03\/auto.jpg\"><img loading=\"lazy\" decoding=\"async\" class=\"size-medium wp-image-527 aligncenter\" alt=\"auto\" src=\"http:\/\/www.isletasnoticias.com.ar\/%77%70%2d%63%6f%6e%74%65%6e%74\/uploads\/2013\/03\/auto-300x168.jpg\" width=\"300\" height=\"168\" srcset=\"https:\/\/informelitoral.com.ar\/%77%70%2d%63%6f%6e%74%65%6e%74\/uploads\/2013\/03\/auto-300x168.jpg 300w, https:\/\/informelitoral.com.ar\/%77%70%2d%63%6f%6e%74%65%6e%74\/uploads\/2013\/03\/auto.jpg 560w\" sizes=\"auto, (max-width: 300px) 100vw, 300px\" \/><\/a><\/p>\n<p style=\"text-align: left;\">El piloto entrerriano,<strong> Mariano Werner<\/strong> domin\u00f3 de punta a punta y sin inconvenientes la tercera final del a\u00f1o, el Gran Premio SpeedAgro de Jun\u00edn, donde Mauro Giallombardo fue segundo y Juan Mart\u00edn Trucco tercero.<\/p>\n<p style=\"text-align: left;\">A todo festejo termin\u00f3 el domingo de Mariano Werner quien alcanz\u00f3 un triunfo de punta a punta, con un auto competitivo y de gran potencial que lo catapult\u00f3 en lo m\u00e1s alto del clasificador durante todo el fin de semana.\u00a0\u00ab<em>Quiero agradecerle a todo mi equipo, estoy muy emocionado, porque es <\/em>mucho el esfuerzo que hacemos, solo puedo decir gracias\u00bb, expres\u00f3 Trucco con una gran emoci\u00f3n.\u00a0<em id=\"__mceDel\"><em id=\"__mceDel\">\u00abEstoy muy feliz, fue una carrera r\u00e1pida que no nos dio respiro, esta carrera va dedicada a Gabriel que me dio la chance de ser quien soy hoy en d\u00eda as\u00ed que esto va para \u00e9l\u00bb, <\/em><\/em>expres\u00f3 el ganador, quien destac\u00f3 lo especial de esta victoria por conseguirse en el d\u00eda en el que su fallecido hermano cumplir\u00eda 34 a\u00f1os.<\/p>\n<p>No tuvo rivales el piloto paranaense a la hora de alzar su cuarto triunfo en la categor\u00eda, y es que el de Ford agarr\u00f3 la punta de la competencia a la hora de la largada y no la solt\u00f3 m\u00e1s, ni siquiera estuvo cerca de perderla, el andar de la unidad motorizada por Machete Esteban rozaba lo perfecto y esto hizo que Werner no titubeara en ning\u00fan momento, pese a que en las \u00faltimas vueltas se le haya acercado Mauro Giallombardo por una leve ida de cola.<\/p>\n<p style=\"text-align: left;\">\nLa carrera comenz\u00f3 con una entrada de Pace Car con solo media vuelta cumplida debido al despiste de Leandro Mulet y Emanuel Moriatis, en el relanzamiento la fila india ya estaba conformada y en los tres primeros puestos nada cambio, Werner y Giallombardo se escaparon solos y Juan Mart\u00edn Trucco transit\u00f3 con tranquilidad alcanzando su segundo podio consecutivo con la Dodge.<\/p>\n<p style=\"text-align: left;\">\nAtr\u00e1s, la carrera era otra, Leonel Pern\u00eda iba cuarto con la Dodge hasta que lo super\u00f3 Jonatan Castellano (Dodge) y despu\u00e9s debi\u00f3 defenderse m\u00e1s de mitad de carrera de los ataques propuestos por Juan Manuel Silva, pero m\u00e1s atr\u00e1s amenazaba Juan Bautista De Benedictis, quien finalmente logr\u00f3 sacarle la posici\u00f3n a ambos finalizando quinto tras partir 16\u00ba.<\/p>\n<p>Pern\u00eda cay\u00f3 hasta la s\u00e9ptima posici\u00f3n detr\u00e1s de Silva, en tanto que el pelot\u00f3n de los primeros 10 lo completaron Agust\u00edn Canapino (Chevrolet), Norberto Fontana (Torino) y Jos\u00e9 Mar\u00eda L\u00f3pez (Dodge).<\/p>\n<p>Con este resultado Werner logra treparse a la primera posici\u00f3n del campeonato con 106 puntos seguido por Trucco con 104 y Silva con 99,5. La pr\u00f3xima fecha de la m\u00e1xima tendr\u00e1 lugar en Mendoza donde el escenario ser\u00e1 el aut\u00f3dromo Jorge \u00c1ngel Pena.<\/p>\n<p style=\"text-align: left;\">Fuente: Informe Digital.<\/p>\n","protected":false},"excerpt":{"rendered":"<p>El paranaense gan&oacute; de punta a punta en Jun&iacute;n y de esta manera trep&oacute; a la punta del campeonato y logr&oacute; la primera victoria en el campeonato. El triunfo tuvo su emoci&oacute;n ya que su hermano Gabriel hoy cumplir&iacute;a 34 a&ntilde;os. El piloto entrerriano, Mariano Werner domin&oacute; de punta a punta y sin inconvenientes la [&hellip;]<\/p>\n","protected":false},"author":2,"featured_media":0,"comment_status":"open","ping_status":"open","sticky":false,"template":"","format":"standard","meta":{"fifu_image_url":"","fifu_image_alt":"","footnotes":""},"categories":[13],"tags":[],"class_list":{"0":"post-526","1":"post","2":"type-post","3":"status-publish","4":"format-standard","6":"category-deportes"},"yoast_head":"<title>Automovilismo: Victoria especial de Mariano Werner en el TC - Informe Litoral<\/title>\n<meta name=\"robots\" content=\"index, follow, max-snippet:-1, max-image-preview:large, max-video-preview:-1\" \/>\n<link rel=\"canonical\" href=\"https:\/\/informelitoral.com.ar\/automovilismo-victoria-especial-de-mariano-werner-en-el-tc\/\" \/>\n<meta property=\"og:locale\" content=\"es_ES\" \/>\n<meta property=\"og:type\" content=\"article\" \/>\n<meta property=\"og:title\" content=\"Automovilismo: Victoria especial de Mariano Werner en el TC - Informe Litoral\" \/>\n<meta property=\"og:description\" content=\"El paranaense gan&oacute; de punta a punta en Jun&iacute;n y de esta manera trep&oacute; a la punta del campeonato y logr&oacute; la primera victoria en el campeonato. El triunfo tuvo su emoci&oacute;n ya que su hermano Gabriel hoy cumplir&iacute;a 34 a&ntilde;os. El piloto entrerriano, Mariano Werner domin&oacute; de punta a punta y sin inconvenientes la [&hellip;]\" \/>\n<meta property=\"og:url\" content=\"https:\/\/informelitoral.com.ar\/automovilismo-victoria-especial-de-mariano-werner-en-el-tc\/\" \/>\n<meta property=\"og:site_name\" content=\"Informe Litoral\" \/>\n<meta property=\"article:publisher\" content=\"https:\/\/www.facebook.com\/informelitoral\/\" \/>\n<meta property=\"article:published_time\" content=\"2013-03-24T23:42:07+00:00\" \/>\n<meta property=\"og:image\" content=\"https:\/\/informelitoral.com.ar\/%77%70%2d%63%6f%6e%74%65%6e%74\/uploads\/2013\/03\/auto.jpg\" \/>\n\t<meta property=\"og:image:width\" content=\"560\" \/>\n\t<meta property=\"og:image:height\" content=\"315\" \/>\n\t<meta property=\"og:image:type\" content=\"image\/jpeg\" \/>\n<meta name=\"author\" content=\"Gonzalo Schmidt\" \/>\n<meta name=\"twitter:card\" content=\"summary_large_image\" \/>\n<meta name=\"twitter:creator\" content=\"@InformeLitoral\" \/>\n<meta name=\"twitter:site\" content=\"@InformeLitoral\" \/>\n<meta name=\"twitter:label1\" content=\"Escrito por\" \/>\n\t<meta name=\"twitter:data1\" content=\"Gonzalo Schmidt\" \/>\n\t<meta name=\"twitter:label2\" content=\"Tiempo de lectura\" \/>\n\t<meta name=\"twitter:data2\" content=\"3 minutos\" \/>\n<script type=\"application\/ld+json\" class=\"yoast-schema-graph\">{\"@context\":\"https:\\\/\\\/schema.org\",\"@graph\":[{\"@type\":\"Article\",\"@id\":\"https:\\\/\\\/informelitoral.com.ar\\\/automovilismo-victoria-especial-de-mariano-werner-en-el-tc\\\/#article\",\"isPartOf\":{\"@id\":\"https:\\\/\\\/informelitoral.com.ar\\\/automovilismo-victoria-especial-de-mariano-werner-en-el-tc\\\/\"},\"author\":{\"name\":\"Gonzalo Schmidt\",\"@id\":\"https:\\\/\\\/informelitoral.com.ar\\\/#\\\/schema\\\/person\\\/b9d00407c836482871ef1d57bf8e3180\"},\"headline\":\"Automovilismo: Victoria especial de Mariano Werner en el TC\",\"datePublished\":\"2013-03-24T23:42:07+00:00\",\"mainEntityOfPage\":{\"@id\":\"https:\\\/\\\/informelitoral.com.ar\\\/automovilismo-victoria-especial-de-mariano-werner-en-el-tc\\\/\"},\"wordCount\":522,\"commentCount\":0,\"publisher\":{\"@id\":\"https:\\\/\\\/informelitoral.com.ar\\\/#organization\"},\"image\":{\"@id\":\"https:\\\/\\\/informelitoral.com.ar\\\/automovilismo-victoria-especial-de-mariano-werner-en-el-tc\\\/#primaryimage\"},\"thumbnailUrl\":\"http:\\\/\\\/www.isletasnoticias.com.ar\\\/%77%70%2d%63%6f%6e%74%65%6e%74\\\/uploads\\\/2013\\\/03\\\/auto-300x168.jpg\",\"articleSection\":[\"Deportes\"],\"inLanguage\":\"es\",\"potentialAction\":[{\"@type\":\"CommentAction\",\"name\":\"Comment\",\"target\":[\"https:\\\/\\\/informelitoral.com.ar\\\/automovilismo-victoria-especial-de-mariano-werner-en-el-tc\\\/#respond\"]}]},{\"@type\":\"WebPage\",\"@id\":\"https:\\\/\\\/informelitoral.com.ar\\\/automovilismo-victoria-especial-de-mariano-werner-en-el-tc\\\/\",\"url\":\"https:\\\/\\\/informelitoral.com.ar\\\/automovilismo-victoria-especial-de-mariano-werner-en-el-tc\\\/\",\"name\":\"Automovilismo: Victoria especial de Mariano Werner en el TC - Informe Litoral\",\"isPartOf\":{\"@id\":\"https:\\\/\\\/informelitoral.com.ar\\\/#website\"},\"primaryImageOfPage\":{\"@id\":\"https:\\\/\\\/informelitoral.com.ar\\\/automovilismo-victoria-especial-de-mariano-werner-en-el-tc\\\/#primaryimage\"},\"image\":{\"@id\":\"https:\\\/\\\/informelitoral.com.ar\\\/automovilismo-victoria-especial-de-mariano-werner-en-el-tc\\\/#primaryimage\"},\"thumbnailUrl\":\"http:\\\/\\\/www.isletasnoticias.com.ar\\\/%77%70%2d%63%6f%6e%74%65%6e%74\\\/uploads\\\/2013\\\/03\\\/auto-300x168.jpg\",\"datePublished\":\"2013-03-24T23:42:07+00:00\",\"breadcrumb\":{\"@id\":\"https:\\\/\\\/informelitoral.com.ar\\\/automovilismo-victoria-especial-de-mariano-werner-en-el-tc\\\/#breadcrumb\"},\"inLanguage\":\"es\",\"potentialAction\":[{\"@type\":\"ReadAction\",\"target\":[\"https:\\\/\\\/informelitoral.com.ar\\\/automovilismo-victoria-especial-de-mariano-werner-en-el-tc\\\/\"]}]},{\"@type\":\"ImageObject\",\"inLanguage\":\"es\",\"@id\":\"https:\\\/\\\/informelitoral.com.ar\\\/automovilismo-victoria-especial-de-mariano-werner-en-el-tc\\\/#primaryimage\",\"url\":\"http:\\\/\\\/www.isletasnoticias.com.ar\\\/%77%70%2d%63%6f%6e%74%65%6e%74\\\/uploads\\\/2013\\\/03\\\/auto-300x168.jpg\",\"contentUrl\":\"http:\\\/\\\/www.isletasnoticias.com.ar\\\/%77%70%2d%63%6f%6e%74%65%6e%74\\\/uploads\\\/2013\\\/03\\\/auto-300x168.jpg\"},{\"@type\":\"BreadcrumbList\",\"@id\":\"https:\\\/\\\/informelitoral.com.ar\\\/automovilismo-victoria-especial-de-mariano-werner-en-el-tc\\\/#breadcrumb\",\"itemListElement\":[{\"@type\":\"ListItem\",\"position\":1,\"name\":\"Portada\",\"item\":\"https:\\\/\\\/informelitoral.com.ar\\\/\"},{\"@type\":\"ListItem\",\"position\":2,\"name\":\"Automovilismo: Victoria especial de Mariano Werner en el TC\"}]},{\"@type\":\"WebSite\",\"@id\":\"https:\\\/\\\/informelitoral.com.ar\\\/#website\",\"url\":\"https:\\\/\\\/informelitoral.com.ar\\\/\",\"name\":\"Informe Litoral\",\"description\":\"&quot;Nos informamos&quot; \",\"publisher\":{\"@id\":\"https:\\\/\\\/informelitoral.com.ar\\\/#organization\"},\"potentialAction\":[{\"@type\":\"SearchAction\",\"target\":{\"@type\":\"EntryPoint\",\"urlTemplate\":\"https:\\\/\\\/informelitoral.com.ar\\\/?s={search_term_string}\"},\"query-input\":{\"@type\":\"PropertyValueSpecification\",\"valueRequired\":true,\"valueName\":\"search_term_string\"}}],\"inLanguage\":\"es\"},{\"@type\":\"Organization\",\"@id\":\"https:\\\/\\\/informelitoral.com.ar\\\/#organization\",\"name\":\"Informe Litoral\",\"url\":\"https:\\\/\\\/informelitoral.com.ar\\\/\",\"logo\":{\"@type\":\"ImageObject\",\"inLanguage\":\"es\",\"@id\":\"https:\\\/\\\/informelitoral.com.ar\\\/#\\\/schema\\\/logo\\\/image\\\/\",\"url\":\"https:\\\/\\\/informelitoral.com.ar\\\/%77%70%2d%63%6f%6e%74%65%6e%74\\\/uploads\\\/2021\\\/01\\\/circulo.png\",\"contentUrl\":\"https:\\\/\\\/informelitoral.com.ar\\\/%77%70%2d%63%6f%6e%74%65%6e%74\\\/uploads\\\/2021\\\/01\\\/circulo.png\",\"width\":723,\"height\":731,\"caption\":\"Informe Litoral\"},\"image\":{\"@id\":\"https:\\\/\\\/informelitoral.com.ar\\\/#\\\/schema\\\/logo\\\/image\\\/\"},\"sameAs\":[\"https:\\\/\\\/www.facebook.com\\\/informelitoral\\\/\",\"https:\\\/\\\/x.com\\\/InformeLitoral\",\"https:\\\/\\\/www.instagram.com\\\/informelitoral\\\/\",\"https:\\\/\\\/www.youtube.com\\\/channel\\\/UCua4Qvz8Icb6MYqhoq9xLXw\"]},{\"@type\":\"Person\",\"@id\":\"https:\\\/\\\/informelitoral.com.ar\\\/#\\\/schema\\\/person\\\/b9d00407c836482871ef1d57bf8e3180\",\"name\":\"Gonzalo Schmidt\",\"image\":{\"@type\":\"ImageObject\",\"inLanguage\":\"es\",\"@id\":\"https:\\\/\\\/secure.gravatar.com\\\/avatar\\\/31a1a7b66ff2de83bd0e9fd79d026630d2d99e55e8bfe501287647b4fd9743de?s=96&d=mm&r=g\",\"url\":\"https:\\\/\\\/secure.gravatar.com\\\/avatar\\\/31a1a7b66ff2de83bd0e9fd79d026630d2d99e55e8bfe501287647b4fd9743de?s=96&d=mm&r=g\",\"contentUrl\":\"https:\\\/\\\/secure.gravatar.com\\\/avatar\\\/31a1a7b66ff2de83bd0e9fd79d026630d2d99e55e8bfe501287647b4fd9743de?s=96&d=mm&r=g\",\"caption\":\"Gonzalo Schmidt\"},\"description\":\"Sitio web de noticias de la provincia de Entre R\u00edos, Argentina. Informaci\u00f3n y entretenimiento. Informe Litoral, nos informamos.\",\"sameAs\":[\"http:\\\/\\\/www.isletasnoticias.com.ar\"],\"url\":\"https:\\\/\\\/informelitoral.com.ar\\\/author\\\/gonzalo\\\/\"}]}<\/script>","yoast_head_json":{"title":"Automovilismo: Victoria especial de Mariano Werner en el TC - Informe Litoral","robots":{"index":"index","follow":"follow","max-snippet":"max-snippet:-1","max-image-preview":"max-image-preview:large","max-video-preview":"max-video-preview:-1"},"canonical":"https:\/\/informelitoral.com.ar\/automovilismo-victoria-especial-de-mariano-werner-en-el-tc\/","og_locale":"es_ES","og_type":"article","og_title":"Automovilismo: Victoria especial de Mariano Werner en el TC - Informe Litoral","og_description":"El paranaense gan&oacute; de punta a punta en Jun&iacute;n y de esta manera trep&oacute; a la punta del campeonato y logr&oacute; la primera victoria en el campeonato. El triunfo tuvo su emoci&oacute;n ya que su hermano Gabriel hoy cumplir&iacute;a 34 a&ntilde;os. El piloto entrerriano, Mariano Werner domin&oacute; de punta a punta y sin inconvenientes la [&hellip;]","og_url":"https:\/\/informelitoral.com.ar\/automovilismo-victoria-especial-de-mariano-werner-en-el-tc\/","og_site_name":"Informe Litoral","article_publisher":"https:\/\/www.facebook.com\/informelitoral\/","article_published_time":"2013-03-24T23:42:07+00:00","og_image":[{"width":560,"height":315,"url":"https:\/\/informelitoral.com.ar\/%77%70%2d%63%6f%6e%74%65%6e%74\/uploads\/2013\/03\/auto.jpg","type":"image\/jpeg"}],"author":"Gonzalo Schmidt","twitter_card":"summary_large_image","twitter_creator":"@InformeLitoral","twitter_site":"@InformeLitoral","twitter_misc":{"Escrito por":"Gonzalo Schmidt","Tiempo de lectura":"3 minutos"},"schema":{"@context":"https:\/\/schema.org","@graph":[{"@type":"Article","@id":"https:\/\/informelitoral.com.ar\/automovilismo-victoria-especial-de-mariano-werner-en-el-tc\/#article","isPartOf":{"@id":"https:\/\/informelitoral.com.ar\/automovilismo-victoria-especial-de-mariano-werner-en-el-tc\/"},"author":{"name":"Gonzalo Schmidt","@id":"https:\/\/informelitoral.com.ar\/#\/schema\/person\/b9d00407c836482871ef1d57bf8e3180"},"headline":"Automovilismo: Victoria especial de Mariano Werner en el TC","datePublished":"2013-03-24T23:42:07+00:00","mainEntityOfPage":{"@id":"https:\/\/informelitoral.com.ar\/automovilismo-victoria-especial-de-mariano-werner-en-el-tc\/"},"wordCount":522,"commentCount":0,"publisher":{"@id":"https:\/\/informelitoral.com.ar\/#organization"},"image":{"@id":"https:\/\/informelitoral.com.ar\/automovilismo-victoria-especial-de-mariano-werner-en-el-tc\/#primaryimage"},"thumbnailUrl":"http:\/\/www.isletasnoticias.com.ar\/%77%70%2d%63%6f%6e%74%65%6e%74\/uploads\/2013\/03\/auto-300x168.jpg","articleSection":["Deportes"],"inLanguage":"es","potentialAction":[{"@type":"CommentAction","name":"Comment","target":["https:\/\/informelitoral.com.ar\/automovilismo-victoria-especial-de-mariano-werner-en-el-tc\/#respond"]}]},{"@type":"WebPage","@id":"https:\/\/informelitoral.com.ar\/automovilismo-victoria-especial-de-mariano-werner-en-el-tc\/","url":"https:\/\/informelitoral.com.ar\/automovilismo-victoria-especial-de-mariano-werner-en-el-tc\/","name":"Automovilismo: Victoria especial de Mariano Werner en el TC - Informe Litoral","isPartOf":{"@id":"https:\/\/informelitoral.com.ar\/#website"},"primaryImageOfPage":{"@id":"https:\/\/informelitoral.com.ar\/automovilismo-victoria-especial-de-mariano-werner-en-el-tc\/#primaryimage"},"image":{"@id":"https:\/\/informelitoral.com.ar\/automovilismo-victoria-especial-de-mariano-werner-en-el-tc\/#primaryimage"},"thumbnailUrl":"http:\/\/www.isletasnoticias.com.ar\/%77%70%2d%63%6f%6e%74%65%6e%74\/uploads\/2013\/03\/auto-300x168.jpg","datePublished":"2013-03-24T23:42:07+00:00","breadcrumb":{"@id":"https:\/\/informelitoral.com.ar\/automovilismo-victoria-especial-de-mariano-werner-en-el-tc\/#breadcrumb"},"inLanguage":"es","potentialAction":[{"@type":"ReadAction","target":["https:\/\/informelitoral.com.ar\/automovilismo-victoria-especial-de-mariano-werner-en-el-tc\/"]}]},{"@type":"ImageObject","inLanguage":"es","@id":"https:\/\/informelitoral.com.ar\/automovilismo-victoria-especial-de-mariano-werner-en-el-tc\/#primaryimage","url":"http:\/\/www.isletasnoticias.com.ar\/%77%70%2d%63%6f%6e%74%65%6e%74\/uploads\/2013\/03\/auto-300x168.jpg","contentUrl":"http:\/\/www.isletasnoticias.com.ar\/%77%70%2d%63%6f%6e%74%65%6e%74\/uploads\/2013\/03\/auto-300x168.jpg"},{"@type":"BreadcrumbList","@id":"https:\/\/informelitoral.com.ar\/automovilismo-victoria-especial-de-mariano-werner-en-el-tc\/#breadcrumb","itemListElement":[{"@type":"ListItem","position":1,"name":"Portada","item":"https:\/\/informelitoral.com.ar\/"},{"@type":"ListItem","position":2,"name":"Automovilismo: Victoria especial de Mariano Werner en el TC"}]},{"@type":"WebSite","@id":"https:\/\/informelitoral.com.ar\/#website","url":"https:\/\/informelitoral.com.ar\/","name":"Informe Litoral","description":"&quot;Nos informamos&quot; ","publisher":{"@id":"https:\/\/informelitoral.com.ar\/#organization"},"potentialAction":[{"@type":"SearchAction","target":{"@type":"EntryPoint","urlTemplate":"https:\/\/informelitoral.com.ar\/?s={search_term_string}"},"query-input":{"@type":"PropertyValueSpecification","valueRequired":true,"valueName":"search_term_string"}}],"inLanguage":"es"},{"@type":"Organization","@id":"https:\/\/informelitoral.com.ar\/#organization","name":"Informe Litoral","url":"https:\/\/informelitoral.com.ar\/","logo":{"@type":"ImageObject","inLanguage":"es","@id":"https:\/\/informelitoral.com.ar\/#\/schema\/logo\/image\/","url":"https:\/\/informelitoral.com.ar\/%77%70%2d%63%6f%6e%74%65%6e%74\/uploads\/2021\/01\/circulo.png","contentUrl":"https:\/\/informelitoral.com.ar\/%77%70%2d%63%6f%6e%74%65%6e%74\/uploads\/2021\/01\/circulo.png","width":723,"height":731,"caption":"Informe Litoral"},"image":{"@id":"https:\/\/informelitoral.com.ar\/#\/schema\/logo\/image\/"},"sameAs":["https:\/\/www.facebook.com\/informelitoral\/","https:\/\/x.com\/InformeLitoral","https:\/\/www.instagram.com\/informelitoral\/","https:\/\/www.youtube.com\/channel\/UCua4Qvz8Icb6MYqhoq9xLXw"]},{"@type":"Person","@id":"https:\/\/informelitoral.com.ar\/#\/schema\/person\/b9d00407c836482871ef1d57bf8e3180","name":"Gonzalo Schmidt","image":{"@type":"ImageObject","inLanguage":"es","@id":"https:\/\/secure.gravatar.com\/avatar\/31a1a7b66ff2de83bd0e9fd79d026630d2d99e55e8bfe501287647b4fd9743de?s=96&d=mm&r=g","url":"https:\/\/secure.gravatar.com\/avatar\/31a1a7b66ff2de83bd0e9fd79d026630d2d99e55e8bfe501287647b4fd9743de?s=96&d=mm&r=g","contentUrl":"https:\/\/secure.gravatar.com\/avatar\/31a1a7b66ff2de83bd0e9fd79d026630d2d99e55e8bfe501287647b4fd9743de?s=96&d=mm&r=g","caption":"Gonzalo Schmidt"},"description":"Sitio web de noticias de la provincia de Entre R\u00edos, Argentina. Informaci\u00f3n y entretenimiento. Informe Litoral, nos informamos.","sameAs":["http:\/\/www.isletasnoticias.com.ar"],"url":"https:\/\/informelitoral.com.ar\/author\/gonzalo\/"}]}},"_links":{"self":[{"href":"https:\/\/informelitoral.com.ar\/%77%70%2d%6a%73%6f%6e\/wp\/v2\/posts\/526","targetHints":{"allow":["GET"]}}],"collection":[{"href":"https:\/\/informelitoral.com.ar\/%77%70%2d%6a%73%6f%6e\/wp\/v2\/posts"}],"about":[{"href":"https:\/\/informelitoral.com.ar\/%77%70%2d%6a%73%6f%6e\/wp\/v2\/types\/post"}],"author":[{"embeddable":true,"href":"https:\/\/informelitoral.com.ar\/%77%70%2d%6a%73%6f%6e\/wp\/v2\/users\/2"}],"replies":[{"embeddable":true,"href":"https:\/\/informelitoral.com.ar\/%77%70%2d%6a%73%6f%6e\/wp\/v2\/comments?post=526"}],"version-history":[{"count":0,"href":"https:\/\/informelitoral.com.ar\/%77%70%2d%6a%73%6f%6e\/wp\/v2\/posts\/526\/revisions"}],"wp:attachment":[{"href":"https:\/\/informelitoral.com.ar\/%77%70%2d%6a%73%6f%6e\/wp\/v2\/media?parent=526"}],"wp:term":[{"taxonomy":"category","embeddable":true,"href":"https:\/\/informelitoral.com.ar\/%77%70%2d%6a%73%6f%6e\/wp\/v2\/categories?post=526"},{"taxonomy":"post_tag","embeddable":true,"href":"https:\/\/informelitoral.com.ar\/%77%70%2d%6a%73%6f%6e\/wp\/v2\/tags?post=526"}],"curies":[{"name":"wp","href":"https:\/\/api.w.org\/{rel}","templated":true}]}}