{"id":52326,"date":"2020-10-30T19:38:34","date_gmt":"2020-10-30T22:38:34","guid":{"rendered":"https:\/\/www.isletasnoticias.com.ar\/?p=52326"},"modified":"2020-10-30T19:41:47","modified_gmt":"2020-10-30T22:41:47","slug":"el-pj-le-respondio-a-macri-ahora-el-diablo-aparecio-vendiendo-rosarios","status":"publish","type":"post","link":"https:\/\/informelitoral.com.ar\/el-pj-le-respondio-a-macri-ahora-el-diablo-aparecio-vendiendo-rosarios\/","title":{"rendered":"El PJ le respondi\u00f3 a Macri: \u00abAhora el Diablo apareci\u00f3 vendiendo rosarios\u00bb"},"content":{"rendered":"<aside class=\"aside-stickyXXX hide-mobile\">\n<div data-asidestickyxx=\"\" data-bannertopxxx=\"85\" data-bannerstartxxx=\"0\">\n<div class=\"entry-share redes-left \">El <strong>Partido Justicialista<\/strong>\u00a0sali\u00f3 este viernes al cruce del ex presidente<strong>\u00a0Mauricio Macri<\/strong>\u00a0y afirm\u00f3 que\u00a0<strong>\u00abahora el Diablo apareci\u00f3 vendiendo rosarios\u00bb<\/strong>, al considerar que \u00abno tiene verg\u00fcenza\u00bb en querer \u00abcondicionar el di\u00e1logo\u00bb que convoc\u00f3 la vicepresidenta\u00a0<strong>Cristina Kirchner<\/strong>.<\/div>\n<\/div>\n<\/aside>\n<section>\n<div class=\"entry-body title-font\">\n<p><strong>\u00abY ahora el Diablo apareci\u00f3 vendiendo rosarios<\/strong>. Macri no tiene verg\u00fcenza para decir lo que dice. Es una tomada de pelo a la historia, la democracia y el sentido com\u00fan de nuestro pueblo. Su gobierno endeud\u00f3 al pa\u00eds, a las provincias, a cada argentino, a los empresarios, a los comerciantes\u00bb, se\u00f1al\u00f3 el\u00a0<a href=\"https:\/\/www.baenegocios.com\/tags\/PJ\">PJ<\/a>.<\/p>\n<p>El Justicialismo sostuvo que la gesti\u00f3n de\u00a0Juntos por el Cambio\u00a0<strong>\u00abviol\u00f3 la Constituci\u00f3n, meti\u00f3 jueces por la ventana, presion\u00f3 y condicion\u00f3 la independencia del Poder Judicial\u00bb<\/strong>.<\/p>\n<p>De esta manera, el \u00f3rgano oficial del peronismo<strong>\u00a0rechaz\u00f3 una por una las condiciones que puso Macri\u00a0<\/strong>para sentarse en una mesa de di\u00e1logo, tal como hab\u00eda propuesto\u00a0<strong>Cristina Kirchner\u00a0<\/strong>el \u00faltimo lunes en relaci\u00f3n al problema del d\u00f3lar y la econom\u00eda bimonetaria.<\/p>\n<p>\u00abRatifico la voluntad de JxC y m\u00eda de sentarnos con otras fuerzas en una mesa p\u00fablica de di\u00e1logo\u00a0<strong>que siga las siguientes condiciones<\/strong>: la Constituci\u00f3n Nacional sobre la mesa, dar de baja el embate a la Justicia, al procurador, a la Corte y a la propiedad privada\u00bb, afirm\u00f3 Macri esta ma\u00f1ana en un hilo que public\u00f3 en su cuenta de Twitter.<\/p>\n<p>El\u00a0<a href=\"https:\/\/www.baenegocios.com\/tags\/PJ\">PJ<\/a>\u00a0respondi\u00f3: \u00abSu gobierno persigui\u00f3 y extorsion\u00f3 a funcionarios judiciales, a la ex procuradora general de la Naci\u00f3n\u00a0<strong>Alejandra Gils Carb\u00f3<\/strong>, amenaz\u00f3 a su hija, oblig\u00e1ndola a renunciar a su cargo. Su gobierno persigui\u00f3 a opositores, espi\u00f3 hasta sus aliados, sus amigos, sus socios y su propia familia. Su hermano cuenta en un libro el horror que padeci\u00f3 por sus actos\u00bb.<\/p>\n<p>\u00abSu gobierno ofendi\u00f3, pisote\u00f3 y vulner\u00f3 a la Rep\u00fablica, intent\u00f3 convertirla en una c\u00e1scara vac\u00eda. Su gobierno llev\u00f3 a la pobreza y la indigencia a millones de compatriotas, a m\u00e1s de la mitad de nuestros ni\u00f1os y ni\u00f1as\u00bb, continu\u00f3 el partido peronista.<\/p>\n<p>\u00ab<strong>Ahora quiere condicionar el di\u00e1logo, no tiene verg\u00fcenza<\/strong>. La convocatoria de Cristina Fern\u00e1ndez de Kirchner est\u00e1 dirigida a discutir<strong>\u00a0el problema de la econom\u00eda bimonetaria\u00a0<\/strong>que es, sin dudas,\u00a0<strong>el m\u00e1s grave que tiene nuestro pa\u00eds<\/strong>, y que es de imposible soluci\u00f3n sin un acuerdo que abarque al conjunto de los sectores pol\u00edticos, econ\u00f3micos, medi\u00e1ticos y sociales de la Rep\u00fablica Argentina\u00bb, agreg\u00f3 el partido que dirige\u00a0<strong>Jos\u00e9 Luis Gioja<\/strong>.<\/p>\n<p>(Fuente: baenegocios.com)<\/p>\n<\/div>\n<\/section>\n","protected":false},"excerpt":{"rendered":"<p>El Partido Justicialista&nbsp;sali&oacute; este viernes al cruce del ex presidente&nbsp;Mauricio Macri&nbsp;y afirm&oacute; que&nbsp;&laquo;ahora el Diablo apareci&oacute; vendiendo rosarios&raquo;, al considerar que &laquo;no tiene verg&uuml;enza&raquo; en querer &laquo;condicionar el di&aacute;logo&raquo; que convoc&oacute; la vicepresidenta&nbsp;Cristina Kirchner. &laquo;Y ahora el Diablo apareci&oacute; vendiendo rosarios. Macri no tiene verg&uuml;enza para decir lo que dice. Es una tomada de pelo [&hellip;]<\/p>\n","protected":false},"author":8,"featured_media":37777,"comment_status":"open","ping_status":"open","sticky":false,"template":"","format":"standard","meta":{"fifu_image_url":"","fifu_image_alt":"","footnotes":""},"categories":[7],"tags":[813,2003,1734,80,50],"class_list":{"0":"post-52326","1":"post","2":"type-post","3":"status-publish","4":"format-standard","5":"has-post-thumbnail","7":"category-nacionales","8":"tag-cfk","9":"tag-frente-justicialista","10":"tag-jxc","11":"tag-mauricio-macri","12":"tag-politica"},"yoast_head":"<title>El PJ le respondi\u00f3 a Macri: &quot;Ahora el Diablo apareci\u00f3 vendiendo rosarios&quot; - Informe Litoral<\/title>\n<meta name=\"robots\" content=\"index, follow, max-snippet:-1, max-image-preview:large, max-video-preview:-1\" \/>\n<link rel=\"canonical\" href=\"https:\/\/informelitoral.com.ar\/el-pj-le-respondio-a-macri-ahora-el-diablo-aparecio-vendiendo-rosarios\/\" \/>\n<meta property=\"og:locale\" content=\"es_ES\" \/>\n<meta property=\"og:type\" content=\"article\" \/>\n<meta property=\"og:title\" content=\"El PJ le respondi\u00f3 a Macri: &quot;Ahora el Diablo apareci\u00f3 vendiendo rosarios&quot; - Informe Litoral\" \/>\n<meta property=\"og:description\" content=\"El Partido Justicialista&nbsp;sali&oacute; este viernes al cruce del ex presidente&nbsp;Mauricio Macri&nbsp;y afirm&oacute; que&nbsp;&laquo;ahora el Diablo apareci&oacute; vendiendo rosarios&raquo;, al considerar que &laquo;no tiene verg&uuml;enza&raquo; en querer &laquo;condicionar el di&aacute;logo&raquo; que convoc&oacute; la vicepresidenta&nbsp;Cristina Kirchner. &laquo;Y ahora el Diablo apareci&oacute; vendiendo rosarios. Macri no tiene verg&uuml;enza para decir lo que dice. Es una tomada de pelo [&hellip;]\" \/>\n<meta property=\"og:url\" content=\"https:\/\/informelitoral.com.ar\/el-pj-le-respondio-a-macri-ahora-el-diablo-aparecio-vendiendo-rosarios\/\" \/>\n<meta property=\"og:site_name\" content=\"Informe Litoral\" \/>\n<meta property=\"article:publisher\" content=\"https:\/\/www.facebook.com\/informelitoral\/\" \/>\n<meta property=\"article:published_time\" content=\"2020-10-30T22:38:34+00:00\" \/>\n<meta property=\"article:modified_time\" content=\"2020-10-30T22:41:47+00:00\" \/>\n<meta property=\"og:image\" content=\"https:\/\/informelitoral.com.ar\/%77%70%2d%63%6f%6e%74%65%6e%74\/uploads\/2019\/11\/macri-aberto-fernandez.jpg\" \/>\n\t<meta property=\"og:image:width\" content=\"887\" \/>\n\t<meta property=\"og:image:height\" content=\"554\" \/>\n\t<meta property=\"og:image:type\" content=\"image\/jpeg\" \/>\n<meta name=\"author\" content=\"Sebastian\" \/>\n<meta name=\"twitter:card\" content=\"summary_large_image\" \/>\n<meta name=\"twitter:creator\" content=\"@InformeLitoral\" \/>\n<meta name=\"twitter:site\" content=\"@InformeLitoral\" \/>\n<meta name=\"twitter:label1\" content=\"Escrito por\" \/>\n\t<meta name=\"twitter:data1\" content=\"Sebastian\" \/>\n\t<meta name=\"twitter:label2\" content=\"Tiempo de lectura\" \/>\n\t<meta name=\"twitter:data2\" content=\"2 minutos\" \/>\n<script type=\"application\/ld+json\" class=\"yoast-schema-graph\">{\"@context\":\"https:\\\/\\\/schema.org\",\"@graph\":[{\"@type\":\"Article\",\"@id\":\"https:\\\/\\\/informelitoral.com.ar\\\/el-pj-le-respondio-a-macri-ahora-el-diablo-aparecio-vendiendo-rosarios\\\/#article\",\"isPartOf\":{\"@id\":\"https:\\\/\\\/informelitoral.com.ar\\\/el-pj-le-respondio-a-macri-ahora-el-diablo-aparecio-vendiendo-rosarios\\\/\"},\"author\":{\"name\":\"Sebastian\",\"@id\":\"https:\\\/\\\/informelitoral.com.ar\\\/#\\\/schema\\\/person\\\/f05f9f461677119578717524b127d6d5\"},\"headline\":\"El PJ le respondi\u00f3 a Macri: \u00abAhora el Diablo apareci\u00f3 vendiendo rosarios\u00bb\",\"datePublished\":\"2020-10-30T22:38:34+00:00\",\"dateModified\":\"2020-10-30T22:41:47+00:00\",\"mainEntityOfPage\":{\"@id\":\"https:\\\/\\\/informelitoral.com.ar\\\/el-pj-le-respondio-a-macri-ahora-el-diablo-aparecio-vendiendo-rosarios\\\/\"},\"wordCount\":448,\"commentCount\":0,\"publisher\":{\"@id\":\"https:\\\/\\\/informelitoral.com.ar\\\/#organization\"},\"image\":{\"@id\":\"https:\\\/\\\/informelitoral.com.ar\\\/el-pj-le-respondio-a-macri-ahora-el-diablo-aparecio-vendiendo-rosarios\\\/#primaryimage\"},\"thumbnailUrl\":\"https:\\\/\\\/informelitoral.com.ar\\\/%77%70%2d%63%6f%6e%74%65%6e%74\\\/uploads\\\/2019\\\/11\\\/macri-aberto-fernandez.jpg\",\"keywords\":[\"CFK\",\"Frente Justicialista\",\"JxC\",\"Mauricio Macri\",\"Pol\u00edtica\"],\"articleSection\":[\"Nacionales\"],\"inLanguage\":\"es\",\"potentialAction\":[{\"@type\":\"CommentAction\",\"name\":\"Comment\",\"target\":[\"https:\\\/\\\/informelitoral.com.ar\\\/el-pj-le-respondio-a-macri-ahora-el-diablo-aparecio-vendiendo-rosarios\\\/#respond\"]}]},{\"@type\":\"WebPage\",\"@id\":\"https:\\\/\\\/informelitoral.com.ar\\\/el-pj-le-respondio-a-macri-ahora-el-diablo-aparecio-vendiendo-rosarios\\\/\",\"url\":\"https:\\\/\\\/informelitoral.com.ar\\\/el-pj-le-respondio-a-macri-ahora-el-diablo-aparecio-vendiendo-rosarios\\\/\",\"name\":\"El PJ le respondi\u00f3 a Macri: \\\"Ahora el Diablo apareci\u00f3 vendiendo rosarios\\\" - Informe Litoral\",\"isPartOf\":{\"@id\":\"https:\\\/\\\/informelitoral.com.ar\\\/#website\"},\"primaryImageOfPage\":{\"@id\":\"https:\\\/\\\/informelitoral.com.ar\\\/el-pj-le-respondio-a-macri-ahora-el-diablo-aparecio-vendiendo-rosarios\\\/#primaryimage\"},\"image\":{\"@id\":\"https:\\\/\\\/informelitoral.com.ar\\\/el-pj-le-respondio-a-macri-ahora-el-diablo-aparecio-vendiendo-rosarios\\\/#primaryimage\"},\"thumbnailUrl\":\"https:\\\/\\\/informelitoral.com.ar\\\/%77%70%2d%63%6f%6e%74%65%6e%74\\\/uploads\\\/2019\\\/11\\\/macri-aberto-fernandez.jpg\",\"datePublished\":\"2020-10-30T22:38:34+00:00\",\"dateModified\":\"2020-10-30T22:41:47+00:00\",\"breadcrumb\":{\"@id\":\"https:\\\/\\\/informelitoral.com.ar\\\/el-pj-le-respondio-a-macri-ahora-el-diablo-aparecio-vendiendo-rosarios\\\/#breadcrumb\"},\"inLanguage\":\"es\",\"potentialAction\":[{\"@type\":\"ReadAction\",\"target\":[\"https:\\\/\\\/informelitoral.com.ar\\\/el-pj-le-respondio-a-macri-ahora-el-diablo-aparecio-vendiendo-rosarios\\\/\"]}]},{\"@type\":\"ImageObject\",\"inLanguage\":\"es\",\"@id\":\"https:\\\/\\\/informelitoral.com.ar\\\/el-pj-le-respondio-a-macri-ahora-el-diablo-aparecio-vendiendo-rosarios\\\/#primaryimage\",\"url\":\"https:\\\/\\\/informelitoral.com.ar\\\/%77%70%2d%63%6f%6e%74%65%6e%74\\\/uploads\\\/2019\\\/11\\\/macri-aberto-fernandez.jpg\",\"contentUrl\":\"https:\\\/\\\/informelitoral.com.ar\\\/%77%70%2d%63%6f%6e%74%65%6e%74\\\/uploads\\\/2019\\\/11\\\/macri-aberto-fernandez.jpg\",\"width\":887,\"height\":554},{\"@type\":\"BreadcrumbList\",\"@id\":\"https:\\\/\\\/informelitoral.com.ar\\\/el-pj-le-respondio-a-macri-ahora-el-diablo-aparecio-vendiendo-rosarios\\\/#breadcrumb\",\"itemListElement\":[{\"@type\":\"ListItem\",\"position\":1,\"name\":\"Portada\",\"item\":\"https:\\\/\\\/informelitoral.com.ar\\\/\"},{\"@type\":\"ListItem\",\"position\":2,\"name\":\"El PJ le respondi\u00f3 a Macri: \u00abAhora el Diablo apareci\u00f3 vendiendo rosarios\u00bb\"}]},{\"@type\":\"WebSite\",\"@id\":\"https:\\\/\\\/informelitoral.com.ar\\\/#website\",\"url\":\"https:\\\/\\\/informelitoral.com.ar\\\/\",\"name\":\"Informe Litoral\",\"description\":\"&quot;Nos informamos&quot; \",\"publisher\":{\"@id\":\"https:\\\/\\\/informelitoral.com.ar\\\/#organization\"},\"potentialAction\":[{\"@type\":\"SearchAction\",\"target\":{\"@type\":\"EntryPoint\",\"urlTemplate\":\"https:\\\/\\\/informelitoral.com.ar\\\/?s={search_term_string}\"},\"query-input\":{\"@type\":\"PropertyValueSpecification\",\"valueRequired\":true,\"valueName\":\"search_term_string\"}}],\"inLanguage\":\"es\"},{\"@type\":\"Organization\",\"@id\":\"https:\\\/\\\/informelitoral.com.ar\\\/#organization\",\"name\":\"Informe Litoral\",\"url\":\"https:\\\/\\\/informelitoral.com.ar\\\/\",\"logo\":{\"@type\":\"ImageObject\",\"inLanguage\":\"es\",\"@id\":\"https:\\\/\\\/informelitoral.com.ar\\\/#\\\/schema\\\/logo\\\/image\\\/\",\"url\":\"https:\\\/\\\/informelitoral.com.ar\\\/%77%70%2d%63%6f%6e%74%65%6e%74\\\/uploads\\\/2021\\\/01\\\/circulo.png\",\"contentUrl\":\"https:\\\/\\\/informelitoral.com.ar\\\/%77%70%2d%63%6f%6e%74%65%6e%74\\\/uploads\\\/2021\\\/01\\\/circulo.png\",\"width\":723,\"height\":731,\"caption\":\"Informe Litoral\"},\"image\":{\"@id\":\"https:\\\/\\\/informelitoral.com.ar\\\/#\\\/schema\\\/logo\\\/image\\\/\"},\"sameAs\":[\"https:\\\/\\\/www.facebook.com\\\/informelitoral\\\/\",\"https:\\\/\\\/x.com\\\/InformeLitoral\",\"https:\\\/\\\/www.instagram.com\\\/informelitoral\\\/\",\"https:\\\/\\\/www.youtube.com\\\/channel\\\/UCua4Qvz8Icb6MYqhoq9xLXw\"]},{\"@type\":\"Person\",\"@id\":\"https:\\\/\\\/informelitoral.com.ar\\\/#\\\/schema\\\/person\\\/f05f9f461677119578717524b127d6d5\",\"name\":\"Sebastian\",\"image\":{\"@type\":\"ImageObject\",\"inLanguage\":\"es\",\"@id\":\"https:\\\/\\\/secure.gravatar.com\\\/avatar\\\/b71bf7481d447dfb9583c7f2798e7cc64de6efb9067b74633ed8c31059a3bd82?s=96&d=mm&r=g\",\"url\":\"https:\\\/\\\/secure.gravatar.com\\\/avatar\\\/b71bf7481d447dfb9583c7f2798e7cc64de6efb9067b74633ed8c31059a3bd82?s=96&d=mm&r=g\",\"contentUrl\":\"https:\\\/\\\/secure.gravatar.com\\\/avatar\\\/b71bf7481d447dfb9583c7f2798e7cc64de6efb9067b74633ed8c31059a3bd82?s=96&d=mm&r=g\",\"caption\":\"Sebastian\"},\"url\":\"https:\\\/\\\/informelitoral.com.ar\\\/author\\\/sebastian\\\/\"}]}<\/script>","yoast_head_json":{"title":"El PJ le respondi\u00f3 a Macri: \"Ahora el Diablo apareci\u00f3 vendiendo rosarios\" - Informe Litoral","robots":{"index":"index","follow":"follow","max-snippet":"max-snippet:-1","max-image-preview":"max-image-preview:large","max-video-preview":"max-video-preview:-1"},"canonical":"https:\/\/informelitoral.com.ar\/el-pj-le-respondio-a-macri-ahora-el-diablo-aparecio-vendiendo-rosarios\/","og_locale":"es_ES","og_type":"article","og_title":"El PJ le respondi\u00f3 a Macri: \"Ahora el Diablo apareci\u00f3 vendiendo rosarios\" - Informe Litoral","og_description":"El Partido Justicialista&nbsp;sali&oacute; este viernes al cruce del ex presidente&nbsp;Mauricio Macri&nbsp;y afirm&oacute; que&nbsp;&laquo;ahora el Diablo apareci&oacute; vendiendo rosarios&raquo;, al considerar que &laquo;no tiene verg&uuml;enza&raquo; en querer &laquo;condicionar el di&aacute;logo&raquo; que convoc&oacute; la vicepresidenta&nbsp;Cristina Kirchner. &laquo;Y ahora el Diablo apareci&oacute; vendiendo rosarios. Macri no tiene verg&uuml;enza para decir lo que dice. Es una tomada de pelo [&hellip;]","og_url":"https:\/\/informelitoral.com.ar\/el-pj-le-respondio-a-macri-ahora-el-diablo-aparecio-vendiendo-rosarios\/","og_site_name":"Informe Litoral","article_publisher":"https:\/\/www.facebook.com\/informelitoral\/","article_published_time":"2020-10-30T22:38:34+00:00","article_modified_time":"2020-10-30T22:41:47+00:00","og_image":[{"width":887,"height":554,"url":"https:\/\/informelitoral.com.ar\/%77%70%2d%63%6f%6e%74%65%6e%74\/uploads\/2019\/11\/macri-aberto-fernandez.jpg","type":"image\/jpeg"}],"author":"Sebastian","twitter_card":"summary_large_image","twitter_creator":"@InformeLitoral","twitter_site":"@InformeLitoral","twitter_misc":{"Escrito por":"Sebastian","Tiempo de lectura":"2 minutos"},"schema":{"@context":"https:\/\/schema.org","@graph":[{"@type":"Article","@id":"https:\/\/informelitoral.com.ar\/el-pj-le-respondio-a-macri-ahora-el-diablo-aparecio-vendiendo-rosarios\/#article","isPartOf":{"@id":"https:\/\/informelitoral.com.ar\/el-pj-le-respondio-a-macri-ahora-el-diablo-aparecio-vendiendo-rosarios\/"},"author":{"name":"Sebastian","@id":"https:\/\/informelitoral.com.ar\/#\/schema\/person\/f05f9f461677119578717524b127d6d5"},"headline":"El PJ le respondi\u00f3 a Macri: \u00abAhora el Diablo apareci\u00f3 vendiendo rosarios\u00bb","datePublished":"2020-10-30T22:38:34+00:00","dateModified":"2020-10-30T22:41:47+00:00","mainEntityOfPage":{"@id":"https:\/\/informelitoral.com.ar\/el-pj-le-respondio-a-macri-ahora-el-diablo-aparecio-vendiendo-rosarios\/"},"wordCount":448,"commentCount":0,"publisher":{"@id":"https:\/\/informelitoral.com.ar\/#organization"},"image":{"@id":"https:\/\/informelitoral.com.ar\/el-pj-le-respondio-a-macri-ahora-el-diablo-aparecio-vendiendo-rosarios\/#primaryimage"},"thumbnailUrl":"https:\/\/informelitoral.com.ar\/%77%70%2d%63%6f%6e%74%65%6e%74\/uploads\/2019\/11\/macri-aberto-fernandez.jpg","keywords":["CFK","Frente Justicialista","JxC","Mauricio Macri","Pol\u00edtica"],"articleSection":["Nacionales"],"inLanguage":"es","potentialAction":[{"@type":"CommentAction","name":"Comment","target":["https:\/\/informelitoral.com.ar\/el-pj-le-respondio-a-macri-ahora-el-diablo-aparecio-vendiendo-rosarios\/#respond"]}]},{"@type":"WebPage","@id":"https:\/\/informelitoral.com.ar\/el-pj-le-respondio-a-macri-ahora-el-diablo-aparecio-vendiendo-rosarios\/","url":"https:\/\/informelitoral.com.ar\/el-pj-le-respondio-a-macri-ahora-el-diablo-aparecio-vendiendo-rosarios\/","name":"El PJ le respondi\u00f3 a Macri: \"Ahora el Diablo apareci\u00f3 vendiendo rosarios\" - Informe Litoral","isPartOf":{"@id":"https:\/\/informelitoral.com.ar\/#website"},"primaryImageOfPage":{"@id":"https:\/\/informelitoral.com.ar\/el-pj-le-respondio-a-macri-ahora-el-diablo-aparecio-vendiendo-rosarios\/#primaryimage"},"image":{"@id":"https:\/\/informelitoral.com.ar\/el-pj-le-respondio-a-macri-ahora-el-diablo-aparecio-vendiendo-rosarios\/#primaryimage"},"thumbnailUrl":"https:\/\/informelitoral.com.ar\/%77%70%2d%63%6f%6e%74%65%6e%74\/uploads\/2019\/11\/macri-aberto-fernandez.jpg","datePublished":"2020-10-30T22:38:34+00:00","dateModified":"2020-10-30T22:41:47+00:00","breadcrumb":{"@id":"https:\/\/informelitoral.com.ar\/el-pj-le-respondio-a-macri-ahora-el-diablo-aparecio-vendiendo-rosarios\/#breadcrumb"},"inLanguage":"es","potentialAction":[{"@type":"ReadAction","target":["https:\/\/informelitoral.com.ar\/el-pj-le-respondio-a-macri-ahora-el-diablo-aparecio-vendiendo-rosarios\/"]}]},{"@type":"ImageObject","inLanguage":"es","@id":"https:\/\/informelitoral.com.ar\/el-pj-le-respondio-a-macri-ahora-el-diablo-aparecio-vendiendo-rosarios\/#primaryimage","url":"https:\/\/informelitoral.com.ar\/%77%70%2d%63%6f%6e%74%65%6e%74\/uploads\/2019\/11\/macri-aberto-fernandez.jpg","contentUrl":"https:\/\/informelitoral.com.ar\/%77%70%2d%63%6f%6e%74%65%6e%74\/uploads\/2019\/11\/macri-aberto-fernandez.jpg","width":887,"height":554},{"@type":"BreadcrumbList","@id":"https:\/\/informelitoral.com.ar\/el-pj-le-respondio-a-macri-ahora-el-diablo-aparecio-vendiendo-rosarios\/#breadcrumb","itemListElement":[{"@type":"ListItem","position":1,"name":"Portada","item":"https:\/\/informelitoral.com.ar\/"},{"@type":"ListItem","position":2,"name":"El PJ le respondi\u00f3 a Macri: \u00abAhora el Diablo apareci\u00f3 vendiendo rosarios\u00bb"}]},{"@type":"WebSite","@id":"https:\/\/informelitoral.com.ar\/#website","url":"https:\/\/informelitoral.com.ar\/","name":"Informe Litoral","description":"&quot;Nos informamos&quot; ","publisher":{"@id":"https:\/\/informelitoral.com.ar\/#organization"},"potentialAction":[{"@type":"SearchAction","target":{"@type":"EntryPoint","urlTemplate":"https:\/\/informelitoral.com.ar\/?s={search_term_string}"},"query-input":{"@type":"PropertyValueSpecification","valueRequired":true,"valueName":"search_term_string"}}],"inLanguage":"es"},{"@type":"Organization","@id":"https:\/\/informelitoral.com.ar\/#organization","name":"Informe Litoral","url":"https:\/\/informelitoral.com.ar\/","logo":{"@type":"ImageObject","inLanguage":"es","@id":"https:\/\/informelitoral.com.ar\/#\/schema\/logo\/image\/","url":"https:\/\/informelitoral.com.ar\/%77%70%2d%63%6f%6e%74%65%6e%74\/uploads\/2021\/01\/circulo.png","contentUrl":"https:\/\/informelitoral.com.ar\/%77%70%2d%63%6f%6e%74%65%6e%74\/uploads\/2021\/01\/circulo.png","width":723,"height":731,"caption":"Informe Litoral"},"image":{"@id":"https:\/\/informelitoral.com.ar\/#\/schema\/logo\/image\/"},"sameAs":["https:\/\/www.facebook.com\/informelitoral\/","https:\/\/x.com\/InformeLitoral","https:\/\/www.instagram.com\/informelitoral\/","https:\/\/www.youtube.com\/channel\/UCua4Qvz8Icb6MYqhoq9xLXw"]},{"@type":"Person","@id":"https:\/\/informelitoral.com.ar\/#\/schema\/person\/f05f9f461677119578717524b127d6d5","name":"Sebastian","image":{"@type":"ImageObject","inLanguage":"es","@id":"https:\/\/secure.gravatar.com\/avatar\/b71bf7481d447dfb9583c7f2798e7cc64de6efb9067b74633ed8c31059a3bd82?s=96&d=mm&r=g","url":"https:\/\/secure.gravatar.com\/avatar\/b71bf7481d447dfb9583c7f2798e7cc64de6efb9067b74633ed8c31059a3bd82?s=96&d=mm&r=g","contentUrl":"https:\/\/secure.gravatar.com\/avatar\/b71bf7481d447dfb9583c7f2798e7cc64de6efb9067b74633ed8c31059a3bd82?s=96&d=mm&r=g","caption":"Sebastian"},"url":"https:\/\/informelitoral.com.ar\/author\/sebastian\/"}]}},"_links":{"self":[{"href":"https:\/\/informelitoral.com.ar\/%77%70%2d%6a%73%6f%6e\/wp\/v2\/posts\/52326","targetHints":{"allow":["GET"]}}],"collection":[{"href":"https:\/\/informelitoral.com.ar\/%77%70%2d%6a%73%6f%6e\/wp\/v2\/posts"}],"about":[{"href":"https:\/\/informelitoral.com.ar\/%77%70%2d%6a%73%6f%6e\/wp\/v2\/types\/post"}],"author":[{"embeddable":true,"href":"https:\/\/informelitoral.com.ar\/%77%70%2d%6a%73%6f%6e\/wp\/v2\/users\/8"}],"replies":[{"embeddable":true,"href":"https:\/\/informelitoral.com.ar\/%77%70%2d%6a%73%6f%6e\/wp\/v2\/comments?post=52326"}],"version-history":[{"count":0,"href":"https:\/\/informelitoral.com.ar\/%77%70%2d%6a%73%6f%6e\/wp\/v2\/posts\/52326\/revisions"}],"wp:featuredmedia":[{"embeddable":true,"href":"https:\/\/informelitoral.com.ar\/%77%70%2d%6a%73%6f%6e\/wp\/v2\/media\/37777"}],"wp:attachment":[{"href":"https:\/\/informelitoral.com.ar\/%77%70%2d%6a%73%6f%6e\/wp\/v2\/media?parent=52326"}],"wp:term":[{"taxonomy":"category","embeddable":true,"href":"https:\/\/informelitoral.com.ar\/%77%70%2d%6a%73%6f%6e\/wp\/v2\/categories?post=52326"},{"taxonomy":"post_tag","embeddable":true,"href":"https:\/\/informelitoral.com.ar\/%77%70%2d%6a%73%6f%6e\/wp\/v2\/tags?post=52326"}],"curies":[{"name":"wp","href":"https:\/\/api.w.org\/{rel}","templated":true}]}}