{"id":52248,"date":"2020-10-29T19:21:09","date_gmt":"2020-10-29T22:21:09","guid":{"rendered":"https:\/\/www.isletasnoticias.com.ar\/?p=52248"},"modified":"2020-10-29T19:25:40","modified_gmt":"2020-10-29T22:25:40","slug":"general-ramirez-hay-preocupacion-por-los-encuentros-sociales-masivos-en-la-via-publica","status":"publish","type":"post","link":"https:\/\/informelitoral.com.ar\/general-ramirez-hay-preocupacion-por-los-encuentros-sociales-masivos-en-la-via-publica\/","title":{"rendered":"General Ram\u00edrez: hay preocupaci\u00f3n por los encuentros sociales masivos en la v\u00eda p\u00fablica"},"content":{"rendered":"<p>Con el aumento de casos de coronavirus,<strong> en General Ram\u00edrez hay preocupaci\u00f3n por reuniones sociales y fiestas clandestinas.<\/strong><\/p>\n<p>En ese marco, el intendente <strong>Gustavo Vergara<\/strong> e integrantes del equipo de gobierno, mantuvieron una <strong>reuni\u00f3n con autoridades policiales <\/strong>de la localidad.<\/p>\n<p><a href=\"https:\/\/www.isletasnoticias.com.ar\/%77%70%2d%63%6f%6e%74%65%6e%74\/uploads\/2020\/10\/123244223_1770777849739796_2532163575876481288_o.jpg\"><img loading=\"lazy\" decoding=\"async\" class=\"aligncenter wp-image-52249 size-large\" src=\"https:\/\/www.isletasnoticias.com.ar\/%77%70%2d%63%6f%6e%74%65%6e%74\/uploads\/2020\/10\/123244223_1770777849739796_2532163575876481288_o-1024x629.jpg\" alt=\"\" width=\"696\" height=\"428\" srcset=\"https:\/\/informelitoral.com.ar\/%77%70%2d%63%6f%6e%74%65%6e%74\/uploads\/2020\/10\/123244223_1770777849739796_2532163575876481288_o-1024x629.jpg 1024w, https:\/\/informelitoral.com.ar\/%77%70%2d%63%6f%6e%74%65%6e%74\/uploads\/2020\/10\/123244223_1770777849739796_2532163575876481288_o-300x184.jpg 300w, https:\/\/informelitoral.com.ar\/%77%70%2d%63%6f%6e%74%65%6e%74\/uploads\/2020\/10\/123244223_1770777849739796_2532163575876481288_o-768x471.jpg 768w, https:\/\/informelitoral.com.ar\/%77%70%2d%63%6f%6e%74%65%6e%74\/uploads\/2020\/10\/123244223_1770777849739796_2532163575876481288_o-1536x943.jpg 1536w, https:\/\/informelitoral.com.ar\/%77%70%2d%63%6f%6e%74%65%6e%74\/uploads\/2020\/10\/123244223_1770777849739796_2532163575876481288_o-696x427.jpg 696w, https:\/\/informelitoral.com.ar\/%77%70%2d%63%6f%6e%74%65%6e%74\/uploads\/2020\/10\/123244223_1770777849739796_2532163575876481288_o-1068x656.jpg 1068w, https:\/\/informelitoral.com.ar\/%77%70%2d%63%6f%6e%74%65%6e%74\/uploads\/2020\/10\/123244223_1770777849739796_2532163575876481288_o-684x420.jpg 684w, https:\/\/informelitoral.com.ar\/%77%70%2d%63%6f%6e%74%65%6e%74\/uploads\/2020\/10\/123244223_1770777849739796_2532163575876481288_o-356x220.jpg 356w, https:\/\/informelitoral.com.ar\/%77%70%2d%63%6f%6e%74%65%6e%74\/uploads\/2020\/10\/123244223_1770777849739796_2532163575876481288_o.jpg 2048w\" sizes=\"auto, (max-width: 696px) 100vw, 696px\" \/><\/a><\/p>\n<p>Durante el encuentro manifestaron su <strong>preocupaci\u00f3n \u00abpor la sucesi\u00f3n de encuentros sociales masivos en la v\u00eda p\u00fablica y nos pusimos a disposici\u00f3n para colaborar en operativos de control\u00bb.<\/strong><\/p>\n<p>Por parte del Ejecutivo reconocieron que son \u00abconscientes del cansancio que las restricciones al esparcimiento generan en la poblaci\u00f3n, como de sus consecuencias sobre la salud emocional de nuestros vecinos, <strong>estamos trabajando en la elaboraci\u00f3n de protocolos \u00b4<em>Ocio Responsable\u00b4<\/em> que permitan retomar actividades recreativas en un marco seguro desde el punto de vista sanitario\u00bb<\/strong>.<\/p>\n<p>Sin embargo, actualmente estas actividades son expresamente prohibidas por el Decreto 605\/2020 del Gobierno Nacional, con el objetivo de reducir la transmisi\u00f3n del Covid-19 en especial hacia los grupos m\u00e1s vulnerables.<\/p>\n<p><a href=\"https:\/\/www.isletasnoticias.com.ar\/%77%70%2d%63%6f%6e%74%65%6e%74\/uploads\/2020\/10\/123271798_1770777913073123_7633724575086775363_o.jpg\"><img loading=\"lazy\" decoding=\"async\" class=\"aligncenter wp-image-52250 size-large\" src=\"https:\/\/www.isletasnoticias.com.ar\/%77%70%2d%63%6f%6e%74%65%6e%74\/uploads\/2020\/10\/123271798_1770777913073123_7633724575086775363_o-1024x649.jpg\" alt=\"\" width=\"696\" height=\"441\" srcset=\"https:\/\/informelitoral.com.ar\/%77%70%2d%63%6f%6e%74%65%6e%74\/uploads\/2020\/10\/123271798_1770777913073123_7633724575086775363_o-1024x649.jpg 1024w, https:\/\/informelitoral.com.ar\/%77%70%2d%63%6f%6e%74%65%6e%74\/uploads\/2020\/10\/123271798_1770777913073123_7633724575086775363_o-300x190.jpg 300w, https:\/\/informelitoral.com.ar\/%77%70%2d%63%6f%6e%74%65%6e%74\/uploads\/2020\/10\/123271798_1770777913073123_7633724575086775363_o-768x486.jpg 768w, https:\/\/informelitoral.com.ar\/%77%70%2d%63%6f%6e%74%65%6e%74\/uploads\/2020\/10\/123271798_1770777913073123_7633724575086775363_o-1536x973.jpg 1536w, https:\/\/informelitoral.com.ar\/%77%70%2d%63%6f%6e%74%65%6e%74\/uploads\/2020\/10\/123271798_1770777913073123_7633724575086775363_o-696x441.jpg 696w, https:\/\/informelitoral.com.ar\/%77%70%2d%63%6f%6e%74%65%6e%74\/uploads\/2020\/10\/123271798_1770777913073123_7633724575086775363_o-1068x676.jpg 1068w, https:\/\/informelitoral.com.ar\/%77%70%2d%63%6f%6e%74%65%6e%74\/uploads\/2020\/10\/123271798_1770777913073123_7633724575086775363_o-663x420.jpg 663w, https:\/\/informelitoral.com.ar\/%77%70%2d%63%6f%6e%74%65%6e%74\/uploads\/2020\/10\/123271798_1770777913073123_7633724575086775363_o.jpg 2048w\" sizes=\"auto, (max-width: 696px) 100vw, 696px\" \/><\/a><\/p>\n<p>\u00ab<strong>Es necesario que asumamos con responsabilidad las consecuencias de nuestras acciones<\/strong>, sabiendo que \u00e9stas pueden perjudicar a quienes nos rodean, en especial nuestros abuelos y seres queridos con distintas enfermedades de base\u00bb, advirtieron las autoridades.<\/p>\n","protected":false},"excerpt":{"rendered":"<p>El intendente se reuni\u00f3 con autoridades policiales de la ciudad. Har\u00e1n controles conjuntos y desde el municipio elaborar\u00e1n protocolos de \u00abocio responsable\u00bb.<\/p>\n","protected":false},"author":2,"featured_media":52251,"comment_status":"open","ping_status":"open","sticky":false,"template":"","format":"standard","meta":{"fifu_image_url":"","fifu_image_alt":"","footnotes":""},"categories":[5],"tags":[358,1426,1796,556,263,111,1433,173,27,1552],"class_list":{"0":"post-52248","1":"post","2":"type-post","3":"status-publish","4":"format-standard","5":"has-post-thumbnail","7":"category-zonales","8":"tag-comisaria-ramirez","9":"tag-coronavirus","10":"tag-fiestas-clandestinas","11":"tag-general-ramirez","12":"tag-gustavo-vergara","13":"tag-municipales","14":"tag-municipalidad-de-general-ramirez","15":"tag-municipio","16":"tag-ramirez","17":"tag-reuniones-sociales"},"yoast_head":"<title>General Ram\u00edrez: hay preocupaci\u00f3n por los encuentros sociales masivos en la v\u00eda p\u00fablica - Informe Litoral<\/title>\n<meta name=\"robots\" content=\"index, follow, max-snippet:-1, max-image-preview:large, max-video-preview:-1\" \/>\n<link rel=\"canonical\" href=\"https:\/\/informelitoral.com.ar\/general-ramirez-hay-preocupacion-por-los-encuentros-sociales-masivos-en-la-via-publica\/\" \/>\n<meta property=\"og:locale\" content=\"es_ES\" \/>\n<meta property=\"og:type\" content=\"article\" \/>\n<meta property=\"og:title\" content=\"General Ram\u00edrez: hay preocupaci\u00f3n por los encuentros sociales masivos en la v\u00eda p\u00fablica - Informe Litoral\" \/>\n<meta property=\"og:description\" content=\"El intendente se reuni\u00f3 con autoridades policiales de la ciudad. Har\u00e1n controles conjuntos y desde el municipio elaborar\u00e1n protocolos de &quot;ocio responsable&quot;.\" \/>\n<meta property=\"og:url\" content=\"https:\/\/informelitoral.com.ar\/general-ramirez-hay-preocupacion-por-los-encuentros-sociales-masivos-en-la-via-publica\/\" \/>\n<meta property=\"og:site_name\" content=\"Informe Litoral\" \/>\n<meta property=\"article:publisher\" content=\"https:\/\/www.facebook.com\/informelitoral\/\" \/>\n<meta property=\"article:published_time\" content=\"2020-10-29T22:21:09+00:00\" \/>\n<meta property=\"article:modified_time\" content=\"2020-10-29T22:25:40+00:00\" \/>\n<meta property=\"og:image\" content=\"https:\/\/informelitoral.com.ar\/%77%70%2d%63%6f%6e%74%65%6e%74\/uploads\/2020\/10\/123169682_1770777879739793_1608935771168553065_o.jpg\" \/>\n\t<meta property=\"og:image:width\" content=\"2048\" \/>\n\t<meta property=\"og:image:height\" content=\"1365\" \/>\n\t<meta property=\"og:image:type\" content=\"image\/jpeg\" \/>\n<meta name=\"author\" content=\"Gonzalo Schmidt\" \/>\n<meta name=\"twitter:card\" content=\"summary_large_image\" \/>\n<meta name=\"twitter:creator\" content=\"@InformeLitoral\" \/>\n<meta name=\"twitter:site\" content=\"@InformeLitoral\" \/>\n<meta name=\"twitter:label1\" content=\"Escrito por\" \/>\n\t<meta name=\"twitter:data1\" content=\"Gonzalo Schmidt\" \/>\n\t<meta name=\"twitter:label2\" content=\"Tiempo de lectura\" \/>\n\t<meta name=\"twitter:data2\" content=\"1 minuto\" \/>\n<script type=\"application\/ld+json\" class=\"yoast-schema-graph\">{\"@context\":\"https:\\\/\\\/schema.org\",\"@graph\":[{\"@type\":\"Article\",\"@id\":\"https:\\\/\\\/informelitoral.com.ar\\\/general-ramirez-hay-preocupacion-por-los-encuentros-sociales-masivos-en-la-via-publica\\\/#article\",\"isPartOf\":{\"@id\":\"https:\\\/\\\/informelitoral.com.ar\\\/general-ramirez-hay-preocupacion-por-los-encuentros-sociales-masivos-en-la-via-publica\\\/\"},\"author\":{\"name\":\"Gonzalo Schmidt\",\"@id\":\"https:\\\/\\\/informelitoral.com.ar\\\/#\\\/schema\\\/person\\\/b9d00407c836482871ef1d57bf8e3180\"},\"headline\":\"General Ram\u00edrez: hay preocupaci\u00f3n por los encuentros sociales masivos en la v\u00eda p\u00fablica\",\"datePublished\":\"2020-10-29T22:21:09+00:00\",\"dateModified\":\"2020-10-29T22:25:40+00:00\",\"mainEntityOfPage\":{\"@id\":\"https:\\\/\\\/informelitoral.com.ar\\\/general-ramirez-hay-preocupacion-por-los-encuentros-sociales-masivos-en-la-via-publica\\\/\"},\"wordCount\":216,\"commentCount\":0,\"publisher\":{\"@id\":\"https:\\\/\\\/informelitoral.com.ar\\\/#organization\"},\"image\":{\"@id\":\"https:\\\/\\\/informelitoral.com.ar\\\/general-ramirez-hay-preocupacion-por-los-encuentros-sociales-masivos-en-la-via-publica\\\/#primaryimage\"},\"thumbnailUrl\":\"https:\\\/\\\/informelitoral.com.ar\\\/%77%70%2d%63%6f%6e%74%65%6e%74\\\/uploads\\\/2020\\\/10\\\/123169682_1770777879739793_1608935771168553065_o.jpg\",\"keywords\":[\"Comisar\u00eda Ram\u00edrez\",\"Coronavirus\",\"Fiestas clandestinas\",\"General Ram\u00edrez\",\"Gustavo Vergara\",\"Municipales\",\"Municipalidad de General Ram\u00edrez\",\"Municipio\",\"Ram\u00edrez\",\"Reuniones sociales\"],\"articleSection\":[\"Departamento Diamante\"],\"inLanguage\":\"es\",\"potentialAction\":[{\"@type\":\"CommentAction\",\"name\":\"Comment\",\"target\":[\"https:\\\/\\\/informelitoral.com.ar\\\/general-ramirez-hay-preocupacion-por-los-encuentros-sociales-masivos-en-la-via-publica\\\/#respond\"]}]},{\"@type\":\"WebPage\",\"@id\":\"https:\\\/\\\/informelitoral.com.ar\\\/general-ramirez-hay-preocupacion-por-los-encuentros-sociales-masivos-en-la-via-publica\\\/\",\"url\":\"https:\\\/\\\/informelitoral.com.ar\\\/general-ramirez-hay-preocupacion-por-los-encuentros-sociales-masivos-en-la-via-publica\\\/\",\"name\":\"General Ram\u00edrez: hay preocupaci\u00f3n por los encuentros sociales masivos en la v\u00eda p\u00fablica - Informe Litoral\",\"isPartOf\":{\"@id\":\"https:\\\/\\\/informelitoral.com.ar\\\/#website\"},\"primaryImageOfPage\":{\"@id\":\"https:\\\/\\\/informelitoral.com.ar\\\/general-ramirez-hay-preocupacion-por-los-encuentros-sociales-masivos-en-la-via-publica\\\/#primaryimage\"},\"image\":{\"@id\":\"https:\\\/\\\/informelitoral.com.ar\\\/general-ramirez-hay-preocupacion-por-los-encuentros-sociales-masivos-en-la-via-publica\\\/#primaryimage\"},\"thumbnailUrl\":\"https:\\\/\\\/informelitoral.com.ar\\\/%77%70%2d%63%6f%6e%74%65%6e%74\\\/uploads\\\/2020\\\/10\\\/123169682_1770777879739793_1608935771168553065_o.jpg\",\"datePublished\":\"2020-10-29T22:21:09+00:00\",\"dateModified\":\"2020-10-29T22:25:40+00:00\",\"breadcrumb\":{\"@id\":\"https:\\\/\\\/informelitoral.com.ar\\\/general-ramirez-hay-preocupacion-por-los-encuentros-sociales-masivos-en-la-via-publica\\\/#breadcrumb\"},\"inLanguage\":\"es\",\"potentialAction\":[{\"@type\":\"ReadAction\",\"target\":[\"https:\\\/\\\/informelitoral.com.ar\\\/general-ramirez-hay-preocupacion-por-los-encuentros-sociales-masivos-en-la-via-publica\\\/\"]}]},{\"@type\":\"ImageObject\",\"inLanguage\":\"es\",\"@id\":\"https:\\\/\\\/informelitoral.com.ar\\\/general-ramirez-hay-preocupacion-por-los-encuentros-sociales-masivos-en-la-via-publica\\\/#primaryimage\",\"url\":\"https:\\\/\\\/informelitoral.com.ar\\\/%77%70%2d%63%6f%6e%74%65%6e%74\\\/uploads\\\/2020\\\/10\\\/123169682_1770777879739793_1608935771168553065_o.jpg\",\"contentUrl\":\"https:\\\/\\\/informelitoral.com.ar\\\/%77%70%2d%63%6f%6e%74%65%6e%74\\\/uploads\\\/2020\\\/10\\\/123169682_1770777879739793_1608935771168553065_o.jpg\",\"width\":2048,\"height\":1365},{\"@type\":\"BreadcrumbList\",\"@id\":\"https:\\\/\\\/informelitoral.com.ar\\\/general-ramirez-hay-preocupacion-por-los-encuentros-sociales-masivos-en-la-via-publica\\\/#breadcrumb\",\"itemListElement\":[{\"@type\":\"ListItem\",\"position\":1,\"name\":\"Portada\",\"item\":\"https:\\\/\\\/informelitoral.com.ar\\\/\"},{\"@type\":\"ListItem\",\"position\":2,\"name\":\"General Ram\u00edrez: hay preocupaci\u00f3n por los encuentros sociales masivos en la v\u00eda p\u00fablica\"}]},{\"@type\":\"WebSite\",\"@id\":\"https:\\\/\\\/informelitoral.com.ar\\\/#website\",\"url\":\"https:\\\/\\\/informelitoral.com.ar\\\/\",\"name\":\"Informe Litoral\",\"description\":\"&quot;Nos informamos&quot; \",\"publisher\":{\"@id\":\"https:\\\/\\\/informelitoral.com.ar\\\/#organization\"},\"potentialAction\":[{\"@type\":\"SearchAction\",\"target\":{\"@type\":\"EntryPoint\",\"urlTemplate\":\"https:\\\/\\\/informelitoral.com.ar\\\/?s={search_term_string}\"},\"query-input\":{\"@type\":\"PropertyValueSpecification\",\"valueRequired\":true,\"valueName\":\"search_term_string\"}}],\"inLanguage\":\"es\"},{\"@type\":\"Organization\",\"@id\":\"https:\\\/\\\/informelitoral.com.ar\\\/#organization\",\"name\":\"Informe Litoral\",\"url\":\"https:\\\/\\\/informelitoral.com.ar\\\/\",\"logo\":{\"@type\":\"ImageObject\",\"inLanguage\":\"es\",\"@id\":\"https:\\\/\\\/informelitoral.com.ar\\\/#\\\/schema\\\/logo\\\/image\\\/\",\"url\":\"https:\\\/\\\/informelitoral.com.ar\\\/%77%70%2d%63%6f%6e%74%65%6e%74\\\/uploads\\\/2021\\\/01\\\/circulo.png\",\"contentUrl\":\"https:\\\/\\\/informelitoral.com.ar\\\/%77%70%2d%63%6f%6e%74%65%6e%74\\\/uploads\\\/2021\\\/01\\\/circulo.png\",\"width\":723,\"height\":731,\"caption\":\"Informe Litoral\"},\"image\":{\"@id\":\"https:\\\/\\\/informelitoral.com.ar\\\/#\\\/schema\\\/logo\\\/image\\\/\"},\"sameAs\":[\"https:\\\/\\\/www.facebook.com\\\/informelitoral\\\/\",\"https:\\\/\\\/x.com\\\/InformeLitoral\",\"https:\\\/\\\/www.instagram.com\\\/informelitoral\\\/\",\"https:\\\/\\\/www.youtube.com\\\/channel\\\/UCua4Qvz8Icb6MYqhoq9xLXw\"]},{\"@type\":\"Person\",\"@id\":\"https:\\\/\\\/informelitoral.com.ar\\\/#\\\/schema\\\/person\\\/b9d00407c836482871ef1d57bf8e3180\",\"name\":\"Gonzalo Schmidt\",\"image\":{\"@type\":\"ImageObject\",\"inLanguage\":\"es\",\"@id\":\"https:\\\/\\\/secure.gravatar.com\\\/avatar\\\/31a1a7b66ff2de83bd0e9fd79d026630d2d99e55e8bfe501287647b4fd9743de?s=96&d=mm&r=g\",\"url\":\"https:\\\/\\\/secure.gravatar.com\\\/avatar\\\/31a1a7b66ff2de83bd0e9fd79d026630d2d99e55e8bfe501287647b4fd9743de?s=96&d=mm&r=g\",\"contentUrl\":\"https:\\\/\\\/secure.gravatar.com\\\/avatar\\\/31a1a7b66ff2de83bd0e9fd79d026630d2d99e55e8bfe501287647b4fd9743de?s=96&d=mm&r=g\",\"caption\":\"Gonzalo Schmidt\"},\"description\":\"Sitio web de noticias de la provincia de Entre R\u00edos, Argentina. Informaci\u00f3n y entretenimiento. Informe Litoral, nos informamos.\",\"sameAs\":[\"http:\\\/\\\/www.isletasnoticias.com.ar\"],\"url\":\"https:\\\/\\\/informelitoral.com.ar\\\/author\\\/gonzalo\\\/\"}]}<\/script>","yoast_head_json":{"title":"General Ram\u00edrez: hay preocupaci\u00f3n por los encuentros sociales masivos en la v\u00eda p\u00fablica - Informe Litoral","robots":{"index":"index","follow":"follow","max-snippet":"max-snippet:-1","max-image-preview":"max-image-preview:large","max-video-preview":"max-video-preview:-1"},"canonical":"https:\/\/informelitoral.com.ar\/general-ramirez-hay-preocupacion-por-los-encuentros-sociales-masivos-en-la-via-publica\/","og_locale":"es_ES","og_type":"article","og_title":"General Ram\u00edrez: hay preocupaci\u00f3n por los encuentros sociales masivos en la v\u00eda p\u00fablica - Informe Litoral","og_description":"El intendente se reuni\u00f3 con autoridades policiales de la ciudad. Har\u00e1n controles conjuntos y desde el municipio elaborar\u00e1n protocolos de \"ocio responsable\".","og_url":"https:\/\/informelitoral.com.ar\/general-ramirez-hay-preocupacion-por-los-encuentros-sociales-masivos-en-la-via-publica\/","og_site_name":"Informe Litoral","article_publisher":"https:\/\/www.facebook.com\/informelitoral\/","article_published_time":"2020-10-29T22:21:09+00:00","article_modified_time":"2020-10-29T22:25:40+00:00","og_image":[{"width":2048,"height":1365,"url":"https:\/\/informelitoral.com.ar\/%77%70%2d%63%6f%6e%74%65%6e%74\/uploads\/2020\/10\/123169682_1770777879739793_1608935771168553065_o.jpg","type":"image\/jpeg"}],"author":"Gonzalo Schmidt","twitter_card":"summary_large_image","twitter_creator":"@InformeLitoral","twitter_site":"@InformeLitoral","twitter_misc":{"Escrito por":"Gonzalo Schmidt","Tiempo de lectura":"1 minuto"},"schema":{"@context":"https:\/\/schema.org","@graph":[{"@type":"Article","@id":"https:\/\/informelitoral.com.ar\/general-ramirez-hay-preocupacion-por-los-encuentros-sociales-masivos-en-la-via-publica\/#article","isPartOf":{"@id":"https:\/\/informelitoral.com.ar\/general-ramirez-hay-preocupacion-por-los-encuentros-sociales-masivos-en-la-via-publica\/"},"author":{"name":"Gonzalo Schmidt","@id":"https:\/\/informelitoral.com.ar\/#\/schema\/person\/b9d00407c836482871ef1d57bf8e3180"},"headline":"General Ram\u00edrez: hay preocupaci\u00f3n por los encuentros sociales masivos en la v\u00eda p\u00fablica","datePublished":"2020-10-29T22:21:09+00:00","dateModified":"2020-10-29T22:25:40+00:00","mainEntityOfPage":{"@id":"https:\/\/informelitoral.com.ar\/general-ramirez-hay-preocupacion-por-los-encuentros-sociales-masivos-en-la-via-publica\/"},"wordCount":216,"commentCount":0,"publisher":{"@id":"https:\/\/informelitoral.com.ar\/#organization"},"image":{"@id":"https:\/\/informelitoral.com.ar\/general-ramirez-hay-preocupacion-por-los-encuentros-sociales-masivos-en-la-via-publica\/#primaryimage"},"thumbnailUrl":"https:\/\/informelitoral.com.ar\/%77%70%2d%63%6f%6e%74%65%6e%74\/uploads\/2020\/10\/123169682_1770777879739793_1608935771168553065_o.jpg","keywords":["Comisar\u00eda Ram\u00edrez","Coronavirus","Fiestas clandestinas","General Ram\u00edrez","Gustavo Vergara","Municipales","Municipalidad de General Ram\u00edrez","Municipio","Ram\u00edrez","Reuniones sociales"],"articleSection":["Departamento Diamante"],"inLanguage":"es","potentialAction":[{"@type":"CommentAction","name":"Comment","target":["https:\/\/informelitoral.com.ar\/general-ramirez-hay-preocupacion-por-los-encuentros-sociales-masivos-en-la-via-publica\/#respond"]}]},{"@type":"WebPage","@id":"https:\/\/informelitoral.com.ar\/general-ramirez-hay-preocupacion-por-los-encuentros-sociales-masivos-en-la-via-publica\/","url":"https:\/\/informelitoral.com.ar\/general-ramirez-hay-preocupacion-por-los-encuentros-sociales-masivos-en-la-via-publica\/","name":"General Ram\u00edrez: hay preocupaci\u00f3n por los encuentros sociales masivos en la v\u00eda p\u00fablica - Informe Litoral","isPartOf":{"@id":"https:\/\/informelitoral.com.ar\/#website"},"primaryImageOfPage":{"@id":"https:\/\/informelitoral.com.ar\/general-ramirez-hay-preocupacion-por-los-encuentros-sociales-masivos-en-la-via-publica\/#primaryimage"},"image":{"@id":"https:\/\/informelitoral.com.ar\/general-ramirez-hay-preocupacion-por-los-encuentros-sociales-masivos-en-la-via-publica\/#primaryimage"},"thumbnailUrl":"https:\/\/informelitoral.com.ar\/%77%70%2d%63%6f%6e%74%65%6e%74\/uploads\/2020\/10\/123169682_1770777879739793_1608935771168553065_o.jpg","datePublished":"2020-10-29T22:21:09+00:00","dateModified":"2020-10-29T22:25:40+00:00","breadcrumb":{"@id":"https:\/\/informelitoral.com.ar\/general-ramirez-hay-preocupacion-por-los-encuentros-sociales-masivos-en-la-via-publica\/#breadcrumb"},"inLanguage":"es","potentialAction":[{"@type":"ReadAction","target":["https:\/\/informelitoral.com.ar\/general-ramirez-hay-preocupacion-por-los-encuentros-sociales-masivos-en-la-via-publica\/"]}]},{"@type":"ImageObject","inLanguage":"es","@id":"https:\/\/informelitoral.com.ar\/general-ramirez-hay-preocupacion-por-los-encuentros-sociales-masivos-en-la-via-publica\/#primaryimage","url":"https:\/\/informelitoral.com.ar\/%77%70%2d%63%6f%6e%74%65%6e%74\/uploads\/2020\/10\/123169682_1770777879739793_1608935771168553065_o.jpg","contentUrl":"https:\/\/informelitoral.com.ar\/%77%70%2d%63%6f%6e%74%65%6e%74\/uploads\/2020\/10\/123169682_1770777879739793_1608935771168553065_o.jpg","width":2048,"height":1365},{"@type":"BreadcrumbList","@id":"https:\/\/informelitoral.com.ar\/general-ramirez-hay-preocupacion-por-los-encuentros-sociales-masivos-en-la-via-publica\/#breadcrumb","itemListElement":[{"@type":"ListItem","position":1,"name":"Portada","item":"https:\/\/informelitoral.com.ar\/"},{"@type":"ListItem","position":2,"name":"General Ram\u00edrez: hay preocupaci\u00f3n por los encuentros sociales masivos en la v\u00eda p\u00fablica"}]},{"@type":"WebSite","@id":"https:\/\/informelitoral.com.ar\/#website","url":"https:\/\/informelitoral.com.ar\/","name":"Informe Litoral","description":"&quot;Nos informamos&quot; ","publisher":{"@id":"https:\/\/informelitoral.com.ar\/#organization"},"potentialAction":[{"@type":"SearchAction","target":{"@type":"EntryPoint","urlTemplate":"https:\/\/informelitoral.com.ar\/?s={search_term_string}"},"query-input":{"@type":"PropertyValueSpecification","valueRequired":true,"valueName":"search_term_string"}}],"inLanguage":"es"},{"@type":"Organization","@id":"https:\/\/informelitoral.com.ar\/#organization","name":"Informe Litoral","url":"https:\/\/informelitoral.com.ar\/","logo":{"@type":"ImageObject","inLanguage":"es","@id":"https:\/\/informelitoral.com.ar\/#\/schema\/logo\/image\/","url":"https:\/\/informelitoral.com.ar\/%77%70%2d%63%6f%6e%74%65%6e%74\/uploads\/2021\/01\/circulo.png","contentUrl":"https:\/\/informelitoral.com.ar\/%77%70%2d%63%6f%6e%74%65%6e%74\/uploads\/2021\/01\/circulo.png","width":723,"height":731,"caption":"Informe Litoral"},"image":{"@id":"https:\/\/informelitoral.com.ar\/#\/schema\/logo\/image\/"},"sameAs":["https:\/\/www.facebook.com\/informelitoral\/","https:\/\/x.com\/InformeLitoral","https:\/\/www.instagram.com\/informelitoral\/","https:\/\/www.youtube.com\/channel\/UCua4Qvz8Icb6MYqhoq9xLXw"]},{"@type":"Person","@id":"https:\/\/informelitoral.com.ar\/#\/schema\/person\/b9d00407c836482871ef1d57bf8e3180","name":"Gonzalo Schmidt","image":{"@type":"ImageObject","inLanguage":"es","@id":"https:\/\/secure.gravatar.com\/avatar\/31a1a7b66ff2de83bd0e9fd79d026630d2d99e55e8bfe501287647b4fd9743de?s=96&d=mm&r=g","url":"https:\/\/secure.gravatar.com\/avatar\/31a1a7b66ff2de83bd0e9fd79d026630d2d99e55e8bfe501287647b4fd9743de?s=96&d=mm&r=g","contentUrl":"https:\/\/secure.gravatar.com\/avatar\/31a1a7b66ff2de83bd0e9fd79d026630d2d99e55e8bfe501287647b4fd9743de?s=96&d=mm&r=g","caption":"Gonzalo Schmidt"},"description":"Sitio web de noticias de la provincia de Entre R\u00edos, Argentina. Informaci\u00f3n y entretenimiento. Informe Litoral, nos informamos.","sameAs":["http:\/\/www.isletasnoticias.com.ar"],"url":"https:\/\/informelitoral.com.ar\/author\/gonzalo\/"}]}},"_links":{"self":[{"href":"https:\/\/informelitoral.com.ar\/%77%70%2d%6a%73%6f%6e\/wp\/v2\/posts\/52248","targetHints":{"allow":["GET"]}}],"collection":[{"href":"https:\/\/informelitoral.com.ar\/%77%70%2d%6a%73%6f%6e\/wp\/v2\/posts"}],"about":[{"href":"https:\/\/informelitoral.com.ar\/%77%70%2d%6a%73%6f%6e\/wp\/v2\/types\/post"}],"author":[{"embeddable":true,"href":"https:\/\/informelitoral.com.ar\/%77%70%2d%6a%73%6f%6e\/wp\/v2\/users\/2"}],"replies":[{"embeddable":true,"href":"https:\/\/informelitoral.com.ar\/%77%70%2d%6a%73%6f%6e\/wp\/v2\/comments?post=52248"}],"version-history":[{"count":0,"href":"https:\/\/informelitoral.com.ar\/%77%70%2d%6a%73%6f%6e\/wp\/v2\/posts\/52248\/revisions"}],"wp:featuredmedia":[{"embeddable":true,"href":"https:\/\/informelitoral.com.ar\/%77%70%2d%6a%73%6f%6e\/wp\/v2\/media\/52251"}],"wp:attachment":[{"href":"https:\/\/informelitoral.com.ar\/%77%70%2d%6a%73%6f%6e\/wp\/v2\/media?parent=52248"}],"wp:term":[{"taxonomy":"category","embeddable":true,"href":"https:\/\/informelitoral.com.ar\/%77%70%2d%6a%73%6f%6e\/wp\/v2\/categories?post=52248"},{"taxonomy":"post_tag","embeddable":true,"href":"https:\/\/informelitoral.com.ar\/%77%70%2d%6a%73%6f%6e\/wp\/v2\/tags?post=52248"}],"curies":[{"name":"wp","href":"https:\/\/api.w.org\/{rel}","templated":true}]}}