{"id":52208,"date":"2020-10-28T21:07:34","date_gmt":"2020-10-29T00:07:34","guid":{"rendered":"https:\/\/www.isletasnoticias.com.ar\/?p=52208"},"modified":"2020-10-28T21:07:34","modified_gmt":"2020-10-29T00:07:34","slug":"en-septiembre-la-compra-de-medicamentos-cayo-hasta-4-por-la-crisis-economica","status":"publish","type":"post","link":"https:\/\/informelitoral.com.ar\/en-septiembre-la-compra-de-medicamentos-cayo-hasta-4-por-la-crisis-economica\/","title":{"rendered":"En septiembre, la compra de medicamentos cay\u00f3 hasta 4% por la crisis econ\u00f3mica"},"content":{"rendered":"<aside class=\"aside-stickyXXX hide-mobile\">\n<div data-asidestickyxx=\"\" data-bannertopxxx=\"85\" data-bannerstartxxx=\"0\">\n<div class=\"entry-share redes-left \">Como consecuencia del impacto econ\u00f3mico por la pandemia del coronavirus (COVID-19),\u00a0<strong>el\u00a0\u00a0consumo\u00a0de medicamentos cay\u00f3 hasta 4% en septiembre interanual,\u00a0<\/strong>aunque aqu\u00e9llos bajo receta se mantuvieron en equilibrio.<\/div>\n<\/div>\n<\/aside>\n<section>\n<div class=\"entry-body title-font\">\n<p>Seg\u00fan informaron fuentes del Centro de Profesionales Farmac\u00e9uticos (Ceprofar),\u00a0<strong>esa fue la ca\u00edda\u00a0en el noveno\u00a0mes del a\u00f1o\u00a0para los medicamentos de venta libre<\/strong>, como derivaci\u00f3n de una recesi\u00f3n profundizada por el parate de la actividad econ\u00f3mica.<\/p>\n<p>En tanto,\u00a0<strong>los medicamentos bajo receta tuvieron los mismos vol\u00famenes de ventas respecto de septiembre de 2019<\/strong>. Desde el Ceprofar se\u00f1alaron\u00a0que\u00a0<strong>cay\u00f3 hasta 4%<\/strong>\u00a0la venta de todo lo que lo que no requiere receta:\u00a0<strong>algunos analg\u00e9sicos, digestivos, dermatolog\u00eda, cosmetolog\u00eda, anti\u00e1cidos,\u00a0<\/strong>antiespasm\u00f3dicos, antimic\u00f3ticos, vitaminas, suplementos dietarios.<\/p>\n<p>Mientras tanto,\u00a0la compra de medicamentos para tratamientos cr\u00f3nicos\u00a0como antihipertensi\u00f3n,\u00a0diabetes, enfermedades respiratorias y cardiovasculares\u00a0logr\u00f3 evitar la ca\u00edda contra el a\u00f1o pasado.<strong>\u00a0\u00abAyud\u00f3 mucho la gratuidad de los medicamentos\u00a0PAMI<\/strong>,\u00a0para que puedan acceder a ellos los adultos mayores\u00bb, expresaron las fuentes, quien no obstante plantearon\u00a0que la actualidad de las 13.000 farmacias de la Argentina es delicada.<\/p>\n<p>\u00abSe compra menos y todo lo estrictamente necesario,\u00a0por eso la ca\u00edda en medicamentos de venta libre. Cuando aparece la obligaci\u00f3n de un tratamiento, se est\u00e1n cumpliendo\u00bb, ampliaron.<\/p>\n<p>En otro orden, advirtieron que\u00a0se han acortado los plazos de pago a las farmacias\u00a0y esto es responsabilidad de los distribuidores\u00a0que bajaron plazos de 30, 45, 60 d\u00edas, a una semana \u00f3 15 d\u00edas.<\/p>\n<p>(Fuente: baenegocios.com)<\/p>\n<\/div>\n<\/section>\n","protected":false},"excerpt":{"rendered":"<p>Como consecuencia del impacto econ&oacute;mico por la pandemia del coronavirus (COVID-19),&nbsp;el&nbsp;&nbsp;consumo&nbsp;de medicamentos cay&oacute; hasta 4% en septiembre interanual,&nbsp;aunque aqu&eacute;llos bajo receta se mantuvieron en equilibrio. Seg&uacute;n informaron fuentes del Centro de Profesionales Farmac&eacute;uticos (Ceprofar),&nbsp;esa fue la ca&iacute;da&nbsp;en el noveno&nbsp;mes del a&ntilde;o&nbsp;para los medicamentos de venta libre, como derivaci&oacute;n de una recesi&oacute;n profundizada por el parate [&hellip;]<\/p>\n","protected":false},"author":8,"featured_media":24635,"comment_status":"open","ping_status":"open","sticky":false,"template":"","format":"standard","meta":{"fifu_image_url":"","fifu_image_alt":"","footnotes":""},"categories":[7],"tags":[1481,1996,1694,1494,1997],"class_list":{"0":"post-52208","1":"post","2":"type-post","3":"status-publish","4":"format-standard","5":"has-post-thumbnail","7":"category-nacionales","8":"tag-covid-19","9":"tag-farmaceuticos","10":"tag-nacionales","11":"tag-pandemia","12":"tag-remedios"},"yoast_head":"<title>En septiembre, la compra de medicamentos cay\u00f3 hasta 4% por la crisis econ\u00f3mica - Informe Litoral<\/title>\n<meta name=\"robots\" content=\"index, follow, max-snippet:-1, max-image-preview:large, max-video-preview:-1\" \/>\n<link rel=\"canonical\" href=\"https:\/\/informelitoral.com.ar\/en-septiembre-la-compra-de-medicamentos-cayo-hasta-4-por-la-crisis-economica\/\" \/>\n<meta property=\"og:locale\" content=\"es_ES\" \/>\n<meta property=\"og:type\" content=\"article\" \/>\n<meta property=\"og:title\" content=\"En septiembre, la compra de medicamentos cay\u00f3 hasta 4% por la crisis econ\u00f3mica - Informe Litoral\" \/>\n<meta property=\"og:description\" content=\"Como consecuencia del impacto econ&oacute;mico por la pandemia del coronavirus (COVID-19),&nbsp;el&nbsp;&nbsp;consumo&nbsp;de medicamentos cay&oacute; hasta 4% en septiembre interanual,&nbsp;aunque aqu&eacute;llos bajo receta se mantuvieron en equilibrio. Seg&uacute;n informaron fuentes del Centro de Profesionales Farmac&eacute;uticos (Ceprofar),&nbsp;esa fue la ca&iacute;da&nbsp;en el noveno&nbsp;mes del a&ntilde;o&nbsp;para los medicamentos de venta libre, como derivaci&oacute;n de una recesi&oacute;n profundizada por el parate [&hellip;]\" \/>\n<meta property=\"og:url\" content=\"https:\/\/informelitoral.com.ar\/en-septiembre-la-compra-de-medicamentos-cayo-hasta-4-por-la-crisis-economica\/\" \/>\n<meta property=\"og:site_name\" content=\"Informe Litoral\" \/>\n<meta property=\"article:publisher\" content=\"https:\/\/www.facebook.com\/informelitoral\/\" \/>\n<meta property=\"article:published_time\" content=\"2020-10-29T00:07:34+00:00\" \/>\n<meta property=\"og:image\" content=\"https:\/\/informelitoral.com.ar\/%77%70%2d%63%6f%6e%74%65%6e%74\/uploads\/2018\/01\/medicamentos-vih-sida.jpg\" \/>\n\t<meta property=\"og:image:width\" content=\"999\" \/>\n\t<meta property=\"og:image:height\" content=\"665\" \/>\n\t<meta property=\"og:image:type\" content=\"image\/jpeg\" \/>\n<meta name=\"author\" content=\"Sebastian\" \/>\n<meta name=\"twitter:card\" content=\"summary_large_image\" \/>\n<meta name=\"twitter:creator\" content=\"@InformeLitoral\" \/>\n<meta name=\"twitter:site\" content=\"@InformeLitoral\" \/>\n<meta name=\"twitter:label1\" content=\"Escrito por\" \/>\n\t<meta name=\"twitter:data1\" content=\"Sebastian\" \/>\n\t<meta name=\"twitter:label2\" content=\"Tiempo de lectura\" \/>\n\t<meta name=\"twitter:data2\" content=\"1 minuto\" \/>\n<script type=\"application\/ld+json\" class=\"yoast-schema-graph\">{\"@context\":\"https:\\\/\\\/schema.org\",\"@graph\":[{\"@type\":\"Article\",\"@id\":\"https:\\\/\\\/informelitoral.com.ar\\\/en-septiembre-la-compra-de-medicamentos-cayo-hasta-4-por-la-crisis-economica\\\/#article\",\"isPartOf\":{\"@id\":\"https:\\\/\\\/informelitoral.com.ar\\\/en-septiembre-la-compra-de-medicamentos-cayo-hasta-4-por-la-crisis-economica\\\/\"},\"author\":{\"name\":\"Sebastian\",\"@id\":\"https:\\\/\\\/informelitoral.com.ar\\\/#\\\/schema\\\/person\\\/f05f9f461677119578717524b127d6d5\"},\"headline\":\"En septiembre, la compra de medicamentos cay\u00f3 hasta 4% por la crisis econ\u00f3mica\",\"datePublished\":\"2020-10-29T00:07:34+00:00\",\"mainEntityOfPage\":{\"@id\":\"https:\\\/\\\/informelitoral.com.ar\\\/en-septiembre-la-compra-de-medicamentos-cayo-hasta-4-por-la-crisis-economica\\\/\"},\"wordCount\":271,\"commentCount\":0,\"publisher\":{\"@id\":\"https:\\\/\\\/informelitoral.com.ar\\\/#organization\"},\"image\":{\"@id\":\"https:\\\/\\\/informelitoral.com.ar\\\/en-septiembre-la-compra-de-medicamentos-cayo-hasta-4-por-la-crisis-economica\\\/#primaryimage\"},\"thumbnailUrl\":\"https:\\\/\\\/informelitoral.com.ar\\\/%77%70%2d%63%6f%6e%74%65%6e%74\\\/uploads\\\/2018\\\/01\\\/medicamentos-vih-sida.jpg\",\"keywords\":[\"COVID-19\",\"Farmaceuticos\",\"Nacionales\",\"Pandemia\",\"Remedios\"],\"articleSection\":[\"Nacionales\"],\"inLanguage\":\"es\",\"potentialAction\":[{\"@type\":\"CommentAction\",\"name\":\"Comment\",\"target\":[\"https:\\\/\\\/informelitoral.com.ar\\\/en-septiembre-la-compra-de-medicamentos-cayo-hasta-4-por-la-crisis-economica\\\/#respond\"]}]},{\"@type\":\"WebPage\",\"@id\":\"https:\\\/\\\/informelitoral.com.ar\\\/en-septiembre-la-compra-de-medicamentos-cayo-hasta-4-por-la-crisis-economica\\\/\",\"url\":\"https:\\\/\\\/informelitoral.com.ar\\\/en-septiembre-la-compra-de-medicamentos-cayo-hasta-4-por-la-crisis-economica\\\/\",\"name\":\"En septiembre, la compra de medicamentos cay\u00f3 hasta 4% por la crisis econ\u00f3mica - Informe Litoral\",\"isPartOf\":{\"@id\":\"https:\\\/\\\/informelitoral.com.ar\\\/#website\"},\"primaryImageOfPage\":{\"@id\":\"https:\\\/\\\/informelitoral.com.ar\\\/en-septiembre-la-compra-de-medicamentos-cayo-hasta-4-por-la-crisis-economica\\\/#primaryimage\"},\"image\":{\"@id\":\"https:\\\/\\\/informelitoral.com.ar\\\/en-septiembre-la-compra-de-medicamentos-cayo-hasta-4-por-la-crisis-economica\\\/#primaryimage\"},\"thumbnailUrl\":\"https:\\\/\\\/informelitoral.com.ar\\\/%77%70%2d%63%6f%6e%74%65%6e%74\\\/uploads\\\/2018\\\/01\\\/medicamentos-vih-sida.jpg\",\"datePublished\":\"2020-10-29T00:07:34+00:00\",\"breadcrumb\":{\"@id\":\"https:\\\/\\\/informelitoral.com.ar\\\/en-septiembre-la-compra-de-medicamentos-cayo-hasta-4-por-la-crisis-economica\\\/#breadcrumb\"},\"inLanguage\":\"es\",\"potentialAction\":[{\"@type\":\"ReadAction\",\"target\":[\"https:\\\/\\\/informelitoral.com.ar\\\/en-septiembre-la-compra-de-medicamentos-cayo-hasta-4-por-la-crisis-economica\\\/\"]}]},{\"@type\":\"ImageObject\",\"inLanguage\":\"es\",\"@id\":\"https:\\\/\\\/informelitoral.com.ar\\\/en-septiembre-la-compra-de-medicamentos-cayo-hasta-4-por-la-crisis-economica\\\/#primaryimage\",\"url\":\"https:\\\/\\\/informelitoral.com.ar\\\/%77%70%2d%63%6f%6e%74%65%6e%74\\\/uploads\\\/2018\\\/01\\\/medicamentos-vih-sida.jpg\",\"contentUrl\":\"https:\\\/\\\/informelitoral.com.ar\\\/%77%70%2d%63%6f%6e%74%65%6e%74\\\/uploads\\\/2018\\\/01\\\/medicamentos-vih-sida.jpg\",\"width\":999,\"height\":665},{\"@type\":\"BreadcrumbList\",\"@id\":\"https:\\\/\\\/informelitoral.com.ar\\\/en-septiembre-la-compra-de-medicamentos-cayo-hasta-4-por-la-crisis-economica\\\/#breadcrumb\",\"itemListElement\":[{\"@type\":\"ListItem\",\"position\":1,\"name\":\"Portada\",\"item\":\"https:\\\/\\\/informelitoral.com.ar\\\/\"},{\"@type\":\"ListItem\",\"position\":2,\"name\":\"En septiembre, la compra de medicamentos cay\u00f3 hasta 4% por la crisis econ\u00f3mica\"}]},{\"@type\":\"WebSite\",\"@id\":\"https:\\\/\\\/informelitoral.com.ar\\\/#website\",\"url\":\"https:\\\/\\\/informelitoral.com.ar\\\/\",\"name\":\"Informe Litoral\",\"description\":\"&quot;Nos informamos&quot; \",\"publisher\":{\"@id\":\"https:\\\/\\\/informelitoral.com.ar\\\/#organization\"},\"potentialAction\":[{\"@type\":\"SearchAction\",\"target\":{\"@type\":\"EntryPoint\",\"urlTemplate\":\"https:\\\/\\\/informelitoral.com.ar\\\/?s={search_term_string}\"},\"query-input\":{\"@type\":\"PropertyValueSpecification\",\"valueRequired\":true,\"valueName\":\"search_term_string\"}}],\"inLanguage\":\"es\"},{\"@type\":\"Organization\",\"@id\":\"https:\\\/\\\/informelitoral.com.ar\\\/#organization\",\"name\":\"Informe Litoral\",\"url\":\"https:\\\/\\\/informelitoral.com.ar\\\/\",\"logo\":{\"@type\":\"ImageObject\",\"inLanguage\":\"es\",\"@id\":\"https:\\\/\\\/informelitoral.com.ar\\\/#\\\/schema\\\/logo\\\/image\\\/\",\"url\":\"https:\\\/\\\/informelitoral.com.ar\\\/%77%70%2d%63%6f%6e%74%65%6e%74\\\/uploads\\\/2021\\\/01\\\/circulo.png\",\"contentUrl\":\"https:\\\/\\\/informelitoral.com.ar\\\/%77%70%2d%63%6f%6e%74%65%6e%74\\\/uploads\\\/2021\\\/01\\\/circulo.png\",\"width\":723,\"height\":731,\"caption\":\"Informe Litoral\"},\"image\":{\"@id\":\"https:\\\/\\\/informelitoral.com.ar\\\/#\\\/schema\\\/logo\\\/image\\\/\"},\"sameAs\":[\"https:\\\/\\\/www.facebook.com\\\/informelitoral\\\/\",\"https:\\\/\\\/x.com\\\/InformeLitoral\",\"https:\\\/\\\/www.instagram.com\\\/informelitoral\\\/\",\"https:\\\/\\\/www.youtube.com\\\/channel\\\/UCua4Qvz8Icb6MYqhoq9xLXw\"]},{\"@type\":\"Person\",\"@id\":\"https:\\\/\\\/informelitoral.com.ar\\\/#\\\/schema\\\/person\\\/f05f9f461677119578717524b127d6d5\",\"name\":\"Sebastian\",\"image\":{\"@type\":\"ImageObject\",\"inLanguage\":\"es\",\"@id\":\"https:\\\/\\\/secure.gravatar.com\\\/avatar\\\/b71bf7481d447dfb9583c7f2798e7cc64de6efb9067b74633ed8c31059a3bd82?s=96&d=mm&r=g\",\"url\":\"https:\\\/\\\/secure.gravatar.com\\\/avatar\\\/b71bf7481d447dfb9583c7f2798e7cc64de6efb9067b74633ed8c31059a3bd82?s=96&d=mm&r=g\",\"contentUrl\":\"https:\\\/\\\/secure.gravatar.com\\\/avatar\\\/b71bf7481d447dfb9583c7f2798e7cc64de6efb9067b74633ed8c31059a3bd82?s=96&d=mm&r=g\",\"caption\":\"Sebastian\"},\"url\":\"https:\\\/\\\/informelitoral.com.ar\\\/author\\\/sebastian\\\/\"}]}<\/script>","yoast_head_json":{"title":"En septiembre, la compra de medicamentos cay\u00f3 hasta 4% por la crisis econ\u00f3mica - Informe Litoral","robots":{"index":"index","follow":"follow","max-snippet":"max-snippet:-1","max-image-preview":"max-image-preview:large","max-video-preview":"max-video-preview:-1"},"canonical":"https:\/\/informelitoral.com.ar\/en-septiembre-la-compra-de-medicamentos-cayo-hasta-4-por-la-crisis-economica\/","og_locale":"es_ES","og_type":"article","og_title":"En septiembre, la compra de medicamentos cay\u00f3 hasta 4% por la crisis econ\u00f3mica - Informe Litoral","og_description":"Como consecuencia del impacto econ&oacute;mico por la pandemia del coronavirus (COVID-19),&nbsp;el&nbsp;&nbsp;consumo&nbsp;de medicamentos cay&oacute; hasta 4% en septiembre interanual,&nbsp;aunque aqu&eacute;llos bajo receta se mantuvieron en equilibrio. Seg&uacute;n informaron fuentes del Centro de Profesionales Farmac&eacute;uticos (Ceprofar),&nbsp;esa fue la ca&iacute;da&nbsp;en el noveno&nbsp;mes del a&ntilde;o&nbsp;para los medicamentos de venta libre, como derivaci&oacute;n de una recesi&oacute;n profundizada por el parate [&hellip;]","og_url":"https:\/\/informelitoral.com.ar\/en-septiembre-la-compra-de-medicamentos-cayo-hasta-4-por-la-crisis-economica\/","og_site_name":"Informe Litoral","article_publisher":"https:\/\/www.facebook.com\/informelitoral\/","article_published_time":"2020-10-29T00:07:34+00:00","og_image":[{"width":999,"height":665,"url":"https:\/\/informelitoral.com.ar\/%77%70%2d%63%6f%6e%74%65%6e%74\/uploads\/2018\/01\/medicamentos-vih-sida.jpg","type":"image\/jpeg"}],"author":"Sebastian","twitter_card":"summary_large_image","twitter_creator":"@InformeLitoral","twitter_site":"@InformeLitoral","twitter_misc":{"Escrito por":"Sebastian","Tiempo de lectura":"1 minuto"},"schema":{"@context":"https:\/\/schema.org","@graph":[{"@type":"Article","@id":"https:\/\/informelitoral.com.ar\/en-septiembre-la-compra-de-medicamentos-cayo-hasta-4-por-la-crisis-economica\/#article","isPartOf":{"@id":"https:\/\/informelitoral.com.ar\/en-septiembre-la-compra-de-medicamentos-cayo-hasta-4-por-la-crisis-economica\/"},"author":{"name":"Sebastian","@id":"https:\/\/informelitoral.com.ar\/#\/schema\/person\/f05f9f461677119578717524b127d6d5"},"headline":"En septiembre, la compra de medicamentos cay\u00f3 hasta 4% por la crisis econ\u00f3mica","datePublished":"2020-10-29T00:07:34+00:00","mainEntityOfPage":{"@id":"https:\/\/informelitoral.com.ar\/en-septiembre-la-compra-de-medicamentos-cayo-hasta-4-por-la-crisis-economica\/"},"wordCount":271,"commentCount":0,"publisher":{"@id":"https:\/\/informelitoral.com.ar\/#organization"},"image":{"@id":"https:\/\/informelitoral.com.ar\/en-septiembre-la-compra-de-medicamentos-cayo-hasta-4-por-la-crisis-economica\/#primaryimage"},"thumbnailUrl":"https:\/\/informelitoral.com.ar\/%77%70%2d%63%6f%6e%74%65%6e%74\/uploads\/2018\/01\/medicamentos-vih-sida.jpg","keywords":["COVID-19","Farmaceuticos","Nacionales","Pandemia","Remedios"],"articleSection":["Nacionales"],"inLanguage":"es","potentialAction":[{"@type":"CommentAction","name":"Comment","target":["https:\/\/informelitoral.com.ar\/en-septiembre-la-compra-de-medicamentos-cayo-hasta-4-por-la-crisis-economica\/#respond"]}]},{"@type":"WebPage","@id":"https:\/\/informelitoral.com.ar\/en-septiembre-la-compra-de-medicamentos-cayo-hasta-4-por-la-crisis-economica\/","url":"https:\/\/informelitoral.com.ar\/en-septiembre-la-compra-de-medicamentos-cayo-hasta-4-por-la-crisis-economica\/","name":"En septiembre, la compra de medicamentos cay\u00f3 hasta 4% por la crisis econ\u00f3mica - Informe Litoral","isPartOf":{"@id":"https:\/\/informelitoral.com.ar\/#website"},"primaryImageOfPage":{"@id":"https:\/\/informelitoral.com.ar\/en-septiembre-la-compra-de-medicamentos-cayo-hasta-4-por-la-crisis-economica\/#primaryimage"},"image":{"@id":"https:\/\/informelitoral.com.ar\/en-septiembre-la-compra-de-medicamentos-cayo-hasta-4-por-la-crisis-economica\/#primaryimage"},"thumbnailUrl":"https:\/\/informelitoral.com.ar\/%77%70%2d%63%6f%6e%74%65%6e%74\/uploads\/2018\/01\/medicamentos-vih-sida.jpg","datePublished":"2020-10-29T00:07:34+00:00","breadcrumb":{"@id":"https:\/\/informelitoral.com.ar\/en-septiembre-la-compra-de-medicamentos-cayo-hasta-4-por-la-crisis-economica\/#breadcrumb"},"inLanguage":"es","potentialAction":[{"@type":"ReadAction","target":["https:\/\/informelitoral.com.ar\/en-septiembre-la-compra-de-medicamentos-cayo-hasta-4-por-la-crisis-economica\/"]}]},{"@type":"ImageObject","inLanguage":"es","@id":"https:\/\/informelitoral.com.ar\/en-septiembre-la-compra-de-medicamentos-cayo-hasta-4-por-la-crisis-economica\/#primaryimage","url":"https:\/\/informelitoral.com.ar\/%77%70%2d%63%6f%6e%74%65%6e%74\/uploads\/2018\/01\/medicamentos-vih-sida.jpg","contentUrl":"https:\/\/informelitoral.com.ar\/%77%70%2d%63%6f%6e%74%65%6e%74\/uploads\/2018\/01\/medicamentos-vih-sida.jpg","width":999,"height":665},{"@type":"BreadcrumbList","@id":"https:\/\/informelitoral.com.ar\/en-septiembre-la-compra-de-medicamentos-cayo-hasta-4-por-la-crisis-economica\/#breadcrumb","itemListElement":[{"@type":"ListItem","position":1,"name":"Portada","item":"https:\/\/informelitoral.com.ar\/"},{"@type":"ListItem","position":2,"name":"En septiembre, la compra de medicamentos cay\u00f3 hasta 4% por la crisis econ\u00f3mica"}]},{"@type":"WebSite","@id":"https:\/\/informelitoral.com.ar\/#website","url":"https:\/\/informelitoral.com.ar\/","name":"Informe Litoral","description":"&quot;Nos informamos&quot; ","publisher":{"@id":"https:\/\/informelitoral.com.ar\/#organization"},"potentialAction":[{"@type":"SearchAction","target":{"@type":"EntryPoint","urlTemplate":"https:\/\/informelitoral.com.ar\/?s={search_term_string}"},"query-input":{"@type":"PropertyValueSpecification","valueRequired":true,"valueName":"search_term_string"}}],"inLanguage":"es"},{"@type":"Organization","@id":"https:\/\/informelitoral.com.ar\/#organization","name":"Informe Litoral","url":"https:\/\/informelitoral.com.ar\/","logo":{"@type":"ImageObject","inLanguage":"es","@id":"https:\/\/informelitoral.com.ar\/#\/schema\/logo\/image\/","url":"https:\/\/informelitoral.com.ar\/%77%70%2d%63%6f%6e%74%65%6e%74\/uploads\/2021\/01\/circulo.png","contentUrl":"https:\/\/informelitoral.com.ar\/%77%70%2d%63%6f%6e%74%65%6e%74\/uploads\/2021\/01\/circulo.png","width":723,"height":731,"caption":"Informe Litoral"},"image":{"@id":"https:\/\/informelitoral.com.ar\/#\/schema\/logo\/image\/"},"sameAs":["https:\/\/www.facebook.com\/informelitoral\/","https:\/\/x.com\/InformeLitoral","https:\/\/www.instagram.com\/informelitoral\/","https:\/\/www.youtube.com\/channel\/UCua4Qvz8Icb6MYqhoq9xLXw"]},{"@type":"Person","@id":"https:\/\/informelitoral.com.ar\/#\/schema\/person\/f05f9f461677119578717524b127d6d5","name":"Sebastian","image":{"@type":"ImageObject","inLanguage":"es","@id":"https:\/\/secure.gravatar.com\/avatar\/b71bf7481d447dfb9583c7f2798e7cc64de6efb9067b74633ed8c31059a3bd82?s=96&d=mm&r=g","url":"https:\/\/secure.gravatar.com\/avatar\/b71bf7481d447dfb9583c7f2798e7cc64de6efb9067b74633ed8c31059a3bd82?s=96&d=mm&r=g","contentUrl":"https:\/\/secure.gravatar.com\/avatar\/b71bf7481d447dfb9583c7f2798e7cc64de6efb9067b74633ed8c31059a3bd82?s=96&d=mm&r=g","caption":"Sebastian"},"url":"https:\/\/informelitoral.com.ar\/author\/sebastian\/"}]}},"_links":{"self":[{"href":"https:\/\/informelitoral.com.ar\/%77%70%2d%6a%73%6f%6e\/wp\/v2\/posts\/52208","targetHints":{"allow":["GET"]}}],"collection":[{"href":"https:\/\/informelitoral.com.ar\/%77%70%2d%6a%73%6f%6e\/wp\/v2\/posts"}],"about":[{"href":"https:\/\/informelitoral.com.ar\/%77%70%2d%6a%73%6f%6e\/wp\/v2\/types\/post"}],"author":[{"embeddable":true,"href":"https:\/\/informelitoral.com.ar\/%77%70%2d%6a%73%6f%6e\/wp\/v2\/users\/8"}],"replies":[{"embeddable":true,"href":"https:\/\/informelitoral.com.ar\/%77%70%2d%6a%73%6f%6e\/wp\/v2\/comments?post=52208"}],"version-history":[{"count":0,"href":"https:\/\/informelitoral.com.ar\/%77%70%2d%6a%73%6f%6e\/wp\/v2\/posts\/52208\/revisions"}],"wp:featuredmedia":[{"embeddable":true,"href":"https:\/\/informelitoral.com.ar\/%77%70%2d%6a%73%6f%6e\/wp\/v2\/media\/24635"}],"wp:attachment":[{"href":"https:\/\/informelitoral.com.ar\/%77%70%2d%6a%73%6f%6e\/wp\/v2\/media?parent=52208"}],"wp:term":[{"taxonomy":"category","embeddable":true,"href":"https:\/\/informelitoral.com.ar\/%77%70%2d%6a%73%6f%6e\/wp\/v2\/categories?post=52208"},{"taxonomy":"post_tag","embeddable":true,"href":"https:\/\/informelitoral.com.ar\/%77%70%2d%6a%73%6f%6e\/wp\/v2\/tags?post=52208"}],"curies":[{"name":"wp","href":"https:\/\/api.w.org\/{rel}","templated":true}]}}